{"id":10154,"date":"2023-07-31T21:30:17","date_gmt":"2023-07-31T19:30:17","guid":{"rendered":"https:\/\/www.welovecycling.com\/es\/?p=10154"},"modified":"2023-07-30T21:47:42","modified_gmt":"2023-07-30T19:47:42","slug":"mujeres-tour-francia","status":"publish","type":"post","link":"https:\/\/www.welovecycling.com\/es\/2023\/07\/31\/mujeres-tour-francia\/","title":{"rendered":"Historias de triunfo de mujeres que hacen realidad el Tour de Francia"},"content":{"rendered":"<p><strong>Durante m\u00e1s de un siglo, el Tour de Francia ha cautivado al mundo con sus emocionantes etapas, sus impresionantes paisajes y sus historias de triunfo y perseverancia. Y aunque (hasta hace poco) la carrera se ha centrado predominantemente en los logros de los ciclistas masculinos, las mujeres han sido parte integrante de su historia, superando l\u00edmites y rompiendo barreras entre bastidores.<\/strong><\/p>\n<p><!--more--><\/p>\n<p>Hoy arrojamos luz sobre el Tour de Francia desde una perspectiva femenina, ahondando en las historias de mujeres que han desempe\u00f1ado un papel esencial para hacer realidad la carrera. Adem\u00e1s, celebramos los momentos memorables de c\u00f3mo surgi\u00f3 el Tour de Francia femenino, reconociendo el creciente protagonismo de las mujeres en este deporte y el legado que est\u00e1n forjando.<\/p>\n<h2><strong>Las pioneras que rompieron barreras<\/strong><\/h2>\n<p>En los primeros a\u00f1os del Tour de Francia, la participaci\u00f3n femenina era, cuando menos, escasa. Sin embargo, esto no impidi\u00f3 que algunas mujeres extraordinarias dejaran una huella indeleble en el evento. Una de ellas fue Alfonsina Strada, una ciclista italiana que compiti\u00f3 en el Tour de Francia de 1924. La inquebrantable determinaci\u00f3n de Strada la llev\u00f3 a completar la carrera, a pesar de ser la \u00fanica mujer y de enfrentarse a numerosos obst\u00e1culos por el camino. No cabe duda de que su legado inspir\u00f3 a generaciones de ciclistas femeninas y puso de relieve el potencial de las mujeres para destacar en las carreras profesionales.<\/p>\n<figure id=\"attachment_6949\" aria-describedby=\"caption-attachment-6949\" style=\"width: 880px\" class=\"wp-caption alignnone\"><a href=\"https:\/\/d2p6e6u75xmxt8.cloudfront.net\/6\/2020\/11\/Alfonsina-Strada_.jpg\"><img loading=\"lazy\" decoding=\"async\" class=\"wp-image-6949 size-full\" src=\"https:\/\/d2p6e6u75xmxt8.cloudfront.net\/6\/2020\/11\/Alfonsina-Strada_.jpg\" alt=\"Alfonsina Strada\" width=\"880\" height=\"586\" srcset=\"https:\/\/d2p6e6u75xmxt8.cloudfront.net\/6\/2020\/11\/Alfonsina-Strada_.jpg 880w, https:\/\/d2p6e6u75xmxt8.cloudfront.net\/6\/2020\/11\/Alfonsina-Strada_-300x200.jpg 300w, https:\/\/d2p6e6u75xmxt8.cloudfront.net\/6\/2020\/11\/Alfonsina-Strada_-768x511.jpg 768w, https:\/\/d2p6e6u75xmxt8.cloudfront.net\/6\/2020\/11\/Alfonsina-Strada_-272x182.jpg 272w\" sizes=\"auto, (max-width: 880px) 100vw, 880px\" \/><\/a><figcaption id=\"caption-attachment-6949\" class=\"wp-caption-text\">La legendaria Alfonsina Strada<\/figcaption><\/figure>\n<h2><strong><br \/>\nLucha por la igualdad<\/strong><\/h2>\n<p>En los a\u00f1os siguientes, el Tour de Francia femenino experiment\u00f3 diversas interaciones e intentos de resurgimiento. Sin embargo, en general, las carreras femeninas del Tour de Francia han sido incoherentes, con escasa financiaci\u00f3n y a menudo tratadas como un espect\u00e1culo secundario. El Tour de France F\u00e9minin de 1955 atrajo a 48 corredoras, pero se las consider\u00f3 m\u00e1s un truco publicitario que verdaderas atletas. La cobertura medi\u00e1tica y la atenci\u00f3n del p\u00fablico fueron escasas, y la carrera no continu\u00f3 despu\u00e9s de ese a\u00f1o.<\/p>\n<p>En 1984, se incluy\u00f3 de nuevo una carrera femenina, pero se enfrent\u00f3 a retos similares. A pesar de recorrer parte de las etapas masculinas (y de algunas actuaciones realmente alucinantes), la carrera femenina pas\u00f3 desapercibida, con una cobertura medi\u00e1tica m\u00ednima y un reconocimiento limitado. Se<a href=\"https:\/\/www.welovecycling.com\/es\/2022\/05\/18\/tour-de-francia-femenino-2\/\"> mantuvo hasta 1989<\/a>, antes de desaparecer de nuevo del calendario de carreras.<\/p>\n<h2><strong>La mujer no aceptaba un no como respuesta<\/strong><\/h2>\n<p>Dicho esto, la ausencia de un Tour de Francia femenino no reflejaba en absoluto los inmensos progresos realizados por el pelot\u00f3n femenino. Y, naturalmente, los entusiastas del ciclismo femenino siguieron esforz\u00e1ndose por crear una carrera propia. En 2009, Kathryn Bertine, ex ciclista profesional y periodista, se puso en contacto con los organizadores, ASO, con un plan de negocio para incorporar una carrera femenina al Tour. En 2012, mientras trabajaba en un documental sobre el ciclismo profesional femenino, se dio cuenta de que el deseo colectivo de un Tour femenino era generalizado. Bertine, junto con Marianne Vos, Emma Pooley y Chrissie Wellington, form\u00f3 Le Tour Entier, un grupo que solicit\u00f3 a ASO la reintroducci\u00f3n de una carrera femenina.<\/p>\n<h2><strong>La expansi\u00f3n de La Course<\/strong><\/h2>\n<p>Sus esfuerzos obtuvieron un apoyo significativo, incluidas casi 100.000 firmas en una petici\u00f3n en l\u00ednea. Finalmente, ASO accedi\u00f3 a crear una carrera femenina en el Tour de Francia de 2014. <a href=\"https:\/\/www.welovecycling.com\/es\/2019\/02\/02\/5-ciclistas-seguir-2019\/\">La Course by Le Tour de France<\/a>, una carrera de un d\u00eda celebrada en los Campos El\u00edseos, se celebr\u00f3 como parte de la programaci\u00f3n oficial del Tour de Francia. Aunque orgullosos del progreso, Bertine y su grupo esperaban un mayor crecimiento, sugiriendo la expansi\u00f3n de La Course en varios d\u00edas, aline\u00e1ndose finalmente con la carrera masculina de 21 d\u00edas.<\/p>\n<p>En 2017, La Course introdujo un formato de dos etapas, con terreno monta\u00f1oso para desafiar a las ciclistas. Este desarrollo reflej\u00f3 el creciente reconocimiento de las habilidades y la capacidad de las mujeres para conquistar rutas exigentes, pero no alcanz\u00f3 la promesa inicial.<\/p>\n<p>ASO aleg\u00f3 problemas log\u00edsticos y financieros para no ampliar la carrera femenina. A pesar del \u00e9xito y la popularidad de La Course, ASO afirm\u00f3 que las carreras femeninas no eran econ\u00f3micamente viables. La falta de compromiso y crecimiento frustr\u00f3 a defensores como Bertine, que cre\u00edan que ASO podr\u00eda haber hecho m\u00e1s para apoyar el ciclismo femenino y crear una carrera duradera. Afortunadamente, mantuvieron su rumbo, esperando la oportunidad de hacer realidad su visi\u00f3n.<\/p>\n<h2><strong>Demostrando que si se puede<\/strong><\/h2>\n<p>Y Bertine y su equipo contaron con ayuda para hacer o\u00edr su voz por el camino. Creado en 2015, Donnons des Elles au v\u00e9lo es un grupo de mujeres ciclistas que recorren las etapas del Tour de Francia un d\u00eda antes que el pelot\u00f3n masculino. El grupo fue fundado por la ciclista Claire Floret, que hab\u00eda decidido que la falta de un Tour de Francia femenino oficial no le impedir\u00eda desafiar sus l\u00edmites y ver si ten\u00eda lo que hac\u00eda falta para completar el recorrido. Junto con otras dos ciclistas, complet\u00f3 su primera carrera en 2015 y desde entonces no ha dejado de promover el ciclismo femenino a nivel local, nacional e internacional.<\/p>\n<p>Louise Vardeman, igualmente, es la fundadora del equipo ciclista InternationElles, y ha sido una poderosa defensora de una carrera femenina del Tour de Francia. De hecho, en 2019, su equipo emprendi\u00f3 la ambiciosa tarea de recorrer la<a href=\"https:\/\/www.welovecycling.com\/es\/2022\/07\/03\/evolucion-ciclismo-femenino\/\"> ruta completa del Tour de Francia para concienciar e impulsar la igualdad de g\u00e9nero.<\/a> A trav\u00e9s de su trabajo continuo, sigue haciendo hincapi\u00e9 en la importancia de que las chicas j\u00f3venes presencien a mujeres compitiendo en grandes competiciones como el Tour de Francia, ya que les permite ver lo que es posible y las inspira a considerar el ciclismo profesional como una opci\u00f3n de carrera viable.<\/p>\n<h2><strong>Zwift sees potential and makes moves<\/strong><\/h2>\n<p>Sin embargo, no fue hasta el a\u00f1o pasado cuando vimos celebrarse el primer<a href=\"https:\/\/www.letourfemmes.fr\/en\"> Tour de Francia femenino oficial<\/a> by Zwift, y algunas de las circunstancias que contribuyeron a su realizaci\u00f3n final podr\u00edan sorprenderte. Un momento cr\u00edtico tuvo lugar en 2020, cuando Zwift, una plataforma de ciclismo virtual, se puso en contacto con ASO durante la pandemia para organizar una carrera virtual. El evento cont\u00f3 con equipos masculinos y femeninos, con premios en met\u00e1lico y distancias iguales. La audiencia se mantuvo constante, y Zwift observ\u00f3 que la carrera femenina era especialmente emocionante. Esta igualdad en la carrera virtual suscit\u00f3 conversaciones entre Zwift y ASO sobre el patrocinio de una carrera por etapas femenina real del Tour de Francia.<\/p>\n<p>Al final, la colaboraci\u00f3n entre Zwift y ASO llev\u00f3 a la creaci\u00f3n del Tour de Femmes avec Zwift, un Tour de Francia femenino moderno de varias etapas.<\/p>\n<p>Si est\u00e1s leyendo esto, probablemente no necesites que te digamos el \u00e9xito hist\u00f3rico que supuso la carrera del a\u00f1o pasado. El creciente protagonismo del ciclismo femenino en el Tour de Francia supone un paso decisivo hacia la igualdad y el reconocimiento, y no nos cabe duda de que, a medida que m\u00e1s mujeres sigan rompiendo barreras, su presencia inspirar\u00e1 a a\u00fan m\u00e1s ciclistas de generaciones futuras a so\u00f1ar a lo grande y conquistar nuevas cotas.<\/p>\n","protected":false},"excerpt":{"rendered":"<p>Durante m\u00e1s de un siglo, el Tour de Francia ha cautivado al mundo con sus emocionantes etapas, sus impresionantes paisajes [&hellip;]<\/p>\n","protected":false},"author":29,"featured_media":10156,"comment_status":"open","ping_status":"open","sticky":false,"template":"","format":"standard","meta":{"footnotes":""},"categories":[7],"tags":[2204],"global-categories":[],"class_list":["post-10154","post","type-post","status-publish","format-standard","has-post-thumbnail","hentry","category-carretera","tag-tour-de-francia-femenino-2023"],"yoast_head":"<!-- This site is optimized with the Yoast SEO Premium plugin v25.3 (Yoast SEO v25.9) - https:\/\/yoast.com\/wordpress\/plugins\/seo\/ -->\n<title>Historias de triunfo de mujeres en elTour de Francia<\/title>\n<meta name=\"description\" content=\"Historias de triunfo de mujeres que hacen realidad el Tour de Francia. As\u00ed ha sido la relaci\u00f3n de las mujeres con el Tour de Francia.\" \/>\n<meta name=\"robots\" content=\"index, follow, max-snippet:-1, max-image-preview:large, max-video-preview:-1\" \/>\n<link rel=\"canonical\" href=\"https:\/\/www.welovecycling.com\/es\/2023\/07\/31\/mujeres-tour-francia\/\" \/>\n<meta property=\"og:locale\" content=\"es_ES\" \/>\n<meta property=\"og:type\" content=\"article\" \/>\n<meta property=\"og:title\" content=\"Historias de triunfo de mujeres que hacen realidad el Tour de Francia\" \/>\n<meta property=\"og:description\" content=\"Historias de triunfo de mujeres que hacen realidad el Tour de Francia. As\u00ed ha sido la relaci\u00f3n de las mujeres con el Tour de Francia.\" \/>\n<meta property=\"og:url\" content=\"https:\/\/www.welovecycling.com\/es\/2023\/07\/31\/mujeres-tour-francia\/\" \/>\n<meta property=\"og:site_name\" content=\"\u0160koda We Love Cycling - Spain\" \/>\n<meta property=\"article:published_time\" content=\"2023-07-31T19:30:17+00:00\" \/>\n<meta property=\"og:image\" content=\"https:\/\/d2p6e6u75xmxt8.cloudfront.net\/6\/2023\/07\/2023-Tour-de-France-Femmes-profimedia-0791636801-CVR.webp\" \/>\n\t<meta property=\"og:image:width\" content=\"990\" \/>\n\t<meta property=\"og:image:height\" content=\"660\" \/>\n\t<meta property=\"og:image:type\" content=\"image\/webp\" \/>\n<meta name=\"author\" content=\"We Love Cycling Spain\" \/>\n<meta name=\"twitter:card\" content=\"summary_large_image\" \/>\n<meta name=\"twitter:description\" content=\"Historias de triunfo de mujeres que hacen realidad el Tour de Francia. As\u00ed ha sido la relaci\u00f3n de las mujeres con el Tour de Francia.\" \/>\n<meta name=\"twitter:label1\" content=\"Written by\" \/>\n\t<meta name=\"twitter:data1\" content=\"Megan Flottorp\" \/>\n\t<meta name=\"twitter:label2\" content=\"Est. reading time\" \/>\n\t<meta name=\"twitter:data2\" content=\"5\" \/>\n<script type=\"application\/ld+json\" class=\"yoast-schema-graph\">{\"@context\":\"https:\/\/schema.org\",\"@graph\":[{\"@type\":\"WebPage\",\"@id\":\"https:\/\/www.welovecycling.com\/es\/2023\/07\/31\/mujeres-tour-francia\/\",\"url\":\"https:\/\/www.welovecycling.com\/es\/2023\/07\/31\/mujeres-tour-francia\/\",\"name\":\"Historias de triunfo de mujeres en elTour de Francia\",\"isPartOf\":{\"@id\":\"https:\/\/www.welovecycling.com\/es\/#website\"},\"primaryImageOfPage\":{\"@id\":\"https:\/\/www.welovecycling.com\/es\/2023\/07\/31\/mujeres-tour-francia\/#primaryimage\"},\"image\":{\"@id\":\"https:\/\/www.welovecycling.com\/es\/2023\/07\/31\/mujeres-tour-francia\/#primaryimage\"},\"thumbnailUrl\":\"https:\/\/d2p6e6u75xmxt8.cloudfront.net\/6\/2023\/07\/2023-Tour-de-France-Femmes-profimedia-0791636801-CVR.webp\",\"datePublished\":\"2023-07-31T19:30:17+00:00\",\"author\":{\"@id\":\"https:\/\/www.welovecycling.com\/es\/#\/schema\/person\/deb61715b5812698ee79fb96f343ccd4\"},\"description\":\"Historias de triunfo de mujeres que hacen realidad el Tour de Francia. As\u00ed ha sido la relaci\u00f3n de las mujeres con el Tour de Francia.\",\"breadcrumb\":{\"@id\":\"https:\/\/www.welovecycling.com\/es\/2023\/07\/31\/mujeres-tour-francia\/#breadcrumb\"},\"inLanguage\":\"es-ES\",\"potentialAction\":[{\"@type\":\"ReadAction\",\"target\":[\"https:\/\/www.welovecycling.com\/es\/2023\/07\/31\/mujeres-tour-francia\/\"]}]},{\"@type\":\"ImageObject\",\"inLanguage\":\"es-ES\",\"@id\":\"https:\/\/www.welovecycling.com\/es\/2023\/07\/31\/mujeres-tour-francia\/#primaryimage\",\"url\":\"https:\/\/d2p6e6u75xmxt8.cloudfront.net\/6\/2023\/07\/2023-Tour-de-France-Femmes-profimedia-0791636801-CVR.webp\",\"contentUrl\":\"https:\/\/d2p6e6u75xmxt8.cloudfront.net\/6\/2023\/07\/2023-Tour-de-France-Femmes-profimedia-0791636801-CVR.webp\",\"width\":990,\"height\":660},{\"@type\":\"BreadcrumbList\",\"@id\":\"https:\/\/www.welovecycling.com\/es\/2023\/07\/31\/mujeres-tour-francia\/#breadcrumb\",\"itemListElement\":[{\"@type\":\"ListItem\",\"position\":1,\"name\":\"Home\",\"item\":\"https:\/\/www.welovecycling.com\/es\/\"},{\"@type\":\"ListItem\",\"position\":2,\"name\":\"Historias de triunfo de mujeres que hacen realidad el Tour de Francia\"}]},{\"@type\":\"WebSite\",\"@id\":\"https:\/\/www.welovecycling.com\/es\/#website\",\"url\":\"https:\/\/www.welovecycling.com\/es\/\",\"name\":\"\u0160koda We Love Cycling - Spain\",\"description\":\"\u0160koda WeLoveCycling Spain\",\"potentialAction\":[{\"@type\":\"SearchAction\",\"target\":{\"@type\":\"EntryPoint\",\"urlTemplate\":\"https:\/\/www.welovecycling.com\/es\/?s={search_term_string}\"},\"query-input\":{\"@type\":\"PropertyValueSpecification\",\"valueRequired\":true,\"valueName\":\"search_term_string\"}}],\"inLanguage\":\"es-ES\"},{\"@type\":\"Person\",\"@id\":\"https:\/\/www.welovecycling.com\/es\/#\/schema\/person\/deb61715b5812698ee79fb96f343ccd4\",\"name\":\"We Love Cycling Spain\",\"image\":{\"@type\":\"ImageObject\",\"inLanguage\":\"es-ES\",\"@id\":\"https:\/\/www.welovecycling.com\/es\/#\/schema\/person\/image\/\",\"url\":\"https:\/\/secure.gravatar.com\/avatar\/c824b04e6df0e37a03219d0b6481672889df542894588964102459e46513159c?s=96&d=mm&r=g\",\"contentUrl\":\"https:\/\/secure.gravatar.com\/avatar\/c824b04e6df0e37a03219d0b6481672889df542894588964102459e46513159c?s=96&d=mm&r=g\",\"caption\":\"We Love Cycling Spain\"},\"url\":\"https:\/\/www.welovecycling.com\/es\/author\/amunoz\/\"}]}<\/script>\n<!-- \/ Yoast SEO Premium plugin. -->","yoast_head_json":{"title":"Historias de triunfo de mujeres en elTour de Francia","description":"Historias de triunfo de mujeres que hacen realidad el Tour de Francia. As\u00ed ha sido la relaci\u00f3n de las mujeres con el Tour de Francia.","robots":{"index":"index","follow":"follow","max-snippet":"max-snippet:-1","max-image-preview":"max-image-preview:large","max-video-preview":"max-video-preview:-1"},"canonical":"https:\/\/www.welovecycling.com\/es\/2023\/07\/31\/mujeres-tour-francia\/","og_locale":"es_ES","og_type":"article","og_title":"Historias de triunfo de mujeres que hacen realidad el Tour de Francia","og_description":"Historias de triunfo de mujeres que hacen realidad el Tour de Francia. As\u00ed ha sido la relaci\u00f3n de las mujeres con el Tour de Francia.","og_url":"https:\/\/www.welovecycling.com\/es\/2023\/07\/31\/mujeres-tour-francia\/","og_site_name":"\u0160koda We Love Cycling - Spain","article_published_time":"2023-07-31T19:30:17+00:00","og_image":[{"width":990,"height":660,"url":"https:\/\/d2p6e6u75xmxt8.cloudfront.net\/6\/2023\/07\/2023-Tour-de-France-Femmes-profimedia-0791636801-CVR.webp","type":"image\/webp"}],"author":"We Love Cycling Spain","twitter_card":"summary_large_image","twitter_description":"Historias de triunfo de mujeres que hacen realidad el Tour de Francia. As\u00ed ha sido la relaci\u00f3n de las mujeres con el Tour de Francia.","twitter_misc":{"Written by":"Megan Flottorp","Est. reading time":"5"},"schema":{"@context":"https:\/\/schema.org","@graph":[{"@type":"WebPage","@id":"https:\/\/www.welovecycling.com\/es\/2023\/07\/31\/mujeres-tour-francia\/","url":"https:\/\/www.welovecycling.com\/es\/2023\/07\/31\/mujeres-tour-francia\/","name":"Historias de triunfo de mujeres en elTour de Francia","isPartOf":{"@id":"https:\/\/www.welovecycling.com\/es\/#website"},"primaryImageOfPage":{"@id":"https:\/\/www.welovecycling.com\/es\/2023\/07\/31\/mujeres-tour-francia\/#primaryimage"},"image":{"@id":"https:\/\/www.welovecycling.com\/es\/2023\/07\/31\/mujeres-tour-francia\/#primaryimage"},"thumbnailUrl":"https:\/\/d2p6e6u75xmxt8.cloudfront.net\/6\/2023\/07\/2023-Tour-de-France-Femmes-profimedia-0791636801-CVR.webp","datePublished":"2023-07-31T19:30:17+00:00","author":{"@id":"https:\/\/www.welovecycling.com\/es\/#\/schema\/person\/deb61715b5812698ee79fb96f343ccd4"},"description":"Historias de triunfo de mujeres que hacen realidad el Tour de Francia. As\u00ed ha sido la relaci\u00f3n de las mujeres con el Tour de Francia.","breadcrumb":{"@id":"https:\/\/www.welovecycling.com\/es\/2023\/07\/31\/mujeres-tour-francia\/#breadcrumb"},"inLanguage":"es-ES","potentialAction":[{"@type":"ReadAction","target":["https:\/\/www.welovecycling.com\/es\/2023\/07\/31\/mujeres-tour-francia\/"]}]},{"@type":"ImageObject","inLanguage":"es-ES","@id":"https:\/\/www.welovecycling.com\/es\/2023\/07\/31\/mujeres-tour-francia\/#primaryimage","url":"https:\/\/d2p6e6u75xmxt8.cloudfront.net\/6\/2023\/07\/2023-Tour-de-France-Femmes-profimedia-0791636801-CVR.webp","contentUrl":"https:\/\/d2p6e6u75xmxt8.cloudfront.net\/6\/2023\/07\/2023-Tour-de-France-Femmes-profimedia-0791636801-CVR.webp","width":990,"height":660},{"@type":"BreadcrumbList","@id":"https:\/\/www.welovecycling.com\/es\/2023\/07\/31\/mujeres-tour-francia\/#breadcrumb","itemListElement":[{"@type":"ListItem","position":1,"name":"Home","item":"https:\/\/www.welovecycling.com\/es\/"},{"@type":"ListItem","position":2,"name":"Historias de triunfo de mujeres que hacen realidad el Tour de Francia"}]},{"@type":"WebSite","@id":"https:\/\/www.welovecycling.com\/es\/#website","url":"https:\/\/www.welovecycling.com\/es\/","name":"\u0160koda We Love Cycling - Spain","description":"\u0160koda WeLoveCycling Spain","potentialAction":[{"@type":"SearchAction","target":{"@type":"EntryPoint","urlTemplate":"https:\/\/www.welovecycling.com\/es\/?s={search_term_string}"},"query-input":{"@type":"PropertyValueSpecification","valueRequired":true,"valueName":"search_term_string"}}],"inLanguage":"es-ES"},{"@type":"Person","@id":"https:\/\/www.welovecycling.com\/es\/#\/schema\/person\/deb61715b5812698ee79fb96f343ccd4","name":"We Love Cycling Spain","image":{"@type":"ImageObject","inLanguage":"es-ES","@id":"https:\/\/www.welovecycling.com\/es\/#\/schema\/person\/image\/","url":"https:\/\/secure.gravatar.com\/avatar\/c824b04e6df0e37a03219d0b6481672889df542894588964102459e46513159c?s=96&d=mm&r=g","contentUrl":"https:\/\/secure.gravatar.com\/avatar\/c824b04e6df0e37a03219d0b6481672889df542894588964102459e46513159c?s=96&d=mm&r=g","caption":"We Love Cycling Spain"},"url":"https:\/\/www.welovecycling.com\/es\/author\/amunoz\/"}]}},"_links":{"self":[{"href":"https:\/\/www.welovecycling.com\/es\/wp-json\/wp\/v2\/posts\/10154","targetHints":{"allow":["GET"]}}],"collection":[{"href":"https:\/\/www.welovecycling.com\/es\/wp-json\/wp\/v2\/posts"}],"about":[{"href":"https:\/\/www.welovecycling.com\/es\/wp-json\/wp\/v2\/types\/post"}],"author":[{"embeddable":true,"href":"https:\/\/www.welovecycling.com\/es\/wp-json\/wp\/v2\/users\/29"}],"replies":[{"embeddable":true,"href":"https:\/\/www.welovecycling.com\/es\/wp-json\/wp\/v2\/comments?post=10154"}],"version-history":[{"count":2,"href":"https:\/\/www.welovecycling.com\/es\/wp-json\/wp\/v2\/posts\/10154\/revisions"}],"predecessor-version":[{"id":10157,"href":"https:\/\/www.welovecycling.com\/es\/wp-json\/wp\/v2\/posts\/10154\/revisions\/10157"}],"wp:featuredmedia":[{"embeddable":true,"href":"https:\/\/www.welovecycling.com\/es\/wp-json\/wp\/v2\/media\/10156"}],"wp:attachment":[{"href":"https:\/\/www.welovecycling.com\/es\/wp-json\/wp\/v2\/media?parent=10154"}],"wp:term":[{"taxonomy":"category","embeddable":true,"href":"https:\/\/www.welovecycling.com\/es\/wp-json\/wp\/v2\/categories?post=10154"},{"taxonomy":"post_tag","embeddable":true,"href":"https:\/\/www.welovecycling.com\/es\/wp-json\/wp\/v2\/tags?post=10154"},{"taxonomy":"global-categories","embeddable":true,"href":"https:\/\/www.welovecycling.com\/es\/wp-json\/wp\/v2\/global-categories?post=10154"}],"curies":[{"name":"wp","href":"https:\/\/api.w.org\/{rel}","templated":true}]}}