{"id":10150,"date":"2023-07-30T21:20:21","date_gmt":"2023-07-30T19:20:21","guid":{"rendered":"https:\/\/www.welovecycling.com\/es\/?p=10150"},"modified":"2023-07-30T21:24:19","modified_gmt":"2023-07-30T19:24:19","slug":"sorpasso-tourmalet","status":"publish","type":"post","link":"https:\/\/www.welovecycling.com\/es\/2023\/07\/30\/sorpasso-tourmalet\/","title":{"rendered":"El sorpasso del Tourmalet. Vollering apaga a Van Vleuten"},"content":{"rendered":"<p style=\"font-weight: 400;\"><strong>Todo ciclista tiene sus derrotas. Ning\u00fan corredor, hasta Lance Armstrong y ya sabes todos sus matices, se ha retirado venciendo al Tour. Siempre han claudicado ante sus rivales el alg\u00fan puerto. Le pas\u00f3 a Merckx en Pra Loup, a Indurain en Hautacam, a Pogacar en el Col de la Loze y le ha acabado sucediendo a Van Vleuten, que unos meses antes de colgar la bicicleta ha sufrido su derrota m\u00e1s abultada. Fue el sorpasso del Tourmalet, infligido por Demi Vollering.<\/strong><\/p>\n<p style=\"font-weight: 400;\"><!--more--><\/p>\n<p>La segunda edici\u00f3n del Tour Femenino by Zwift (ya hubo otro en los a\u00f1os 80 y 90) vivi\u00f3 su momento hist\u00f3rico a <strong>cinco kil\u00f3metros de la cima del Tourmalet<\/strong>. No hab\u00eda un lugar mejor y m\u00e1s \u00e9pico para empezar a escribir la nueva historia de un deporte, el ciclismo femenino, que busca recuperar los a\u00f1os perdidos con respecto al masculino y empezar a tener un background en la mente del aficionado que lo ve por televisi\u00f3n. Desde ahora, el Tourmalet ser\u00e1 el lugar donde Van Vleuten cedi\u00f3 el testigo a Demi Vollering.<\/p>\n<p>Pod\u00eda haber sucedido antes, en<a href=\"https:\/\/www.welovecycling.com\/es\/2023\/05\/08\/una-vuelta-femenina\/\"> Lagos de Covadonga, durante La Vuelta a Espa\u00f1a.<\/a> Ese d\u00eda Vollering tambi\u00e9n solt\u00f3 a Van Vleuten, pero los segundos de meta no fueron suficientes para arrebatar a la ciclista del Movistar el maillot rojo de l\u00edder que hab\u00eda conseguido el d\u00eda anterior en un ataque furtivo mientras su rival paraba al ba\u00f1o. Ya saben. No la vi detenerse. Ese no era el lugar. Es una ley no escrita en el ciclismo&#8230; Van Vleuten se salv\u00f3 por la campana y por pundonor. A la trilog\u00eda de 2022, Giro Donne, Tour y Vuelta, sumaba la Vuelta de 2023 y tambi\u00e9n el Giro Donne, en ausencia de Vollering. El Tour era la guinda, bueno, otra m\u00e1s, a la temporada de la retirada de Van Vleuten.<\/p>\n<p><img loading=\"lazy\" decoding=\"async\" class=\"alignnone size-extra-large\" src=\"https:\/\/img.aso.fr\/core_app\/img-cycling-trf-jpg\/vollering-8\/31853\/0:0,1200:800-1000-0-70\/4a532\" width=\"1000\" height=\"667\" \/><\/p>\n<h2><strong>El Tourmalet<\/strong><\/h2>\n<p>Hasta el Tourmalet, Van Vleuten no hab\u00eda demostrado ser superior a Vollering. Tambi\u00e9n es cierto que la corredora del SD Worx solo hab\u00eda dado alguno destellos. Que si un sprint en cuesta por aqu\u00ed. Que si un ataque en un repecho por all\u00e1. Pero nada definitivo. El terreno desde Clermont Ferrand, donde empez\u00f3 el Tour 2023, hasta los Pirineos hab\u00eda sido una b\u00fasqueda perfecta de territorios comanches plagados de trampas. Una elecci\u00f3n acertada de Marion Rousse, la directora del Tour de Francia Femenino, que plante\u00f3 seis &#8216;cl\u00e1sicas&#8217; de un d\u00eda en las que sumaban tiempos para la general. Era el habitat natural de Lotte Kopecky, compa\u00f1era de Vollering, que cada d\u00eda aprovech\u00f3 para ganarse &#8216;segundos&#8217; en la clasificaci\u00f3n general vestida de amarillo. Todo el mundo preve\u00eda que claudicar\u00eda en la alta monta\u00f1a.<\/p>\n<p>La belga era una l\u00edder de paja encargada de tirar del pelot\u00f3n cuando solo quedaban las favoritas y proteger las opciones de Vollering. En Movista la estrategia era sencilla. Todas con Van Vleuten pero con libertad para moverse si hab\u00eda &#8216;hueco&#8217;. Lo tuvieron Lippert y Noosgard, que lo aprovecharon para engordar la n\u00f3mina de triunfos de Movistar.<\/p>\n<p>Las diferencias eran tan m\u00ednimas que incluso hubo pol\u00e9mica por la sanci\u00f3n de 20 segundos a Vollering por el tras coche de la etapa del jueves. Minucias comparadas con el da\u00f1o que iban a hacer el encadenado cl\u00e1sico de Aspin y Tourmalet. Sobre todo porque en Aspin fue Van Vleuten la que quiso escribir la historia de 2022, cuando arranc\u00f3 en el Petit Ballon para dejar sentenciado el Tour anterior. Ese d\u00eda Vollering solo la pudo ver en la lejan\u00eda.<\/p>\n<p><img loading=\"lazy\" decoding=\"async\" class=\"alignnone size-extra-large\" src=\"https:\/\/img.aso.fr\/core_app\/img-cycling-trf-jpg\/peloton-6\/31790\/0:0,1200:800-1000-0-70\/81c45\" width=\"1000\" height=\"667\" \/><\/p>\n<p>El ataque de Van Vleuten en Aspin no fue efectivo. Solo quem\u00f3 fuegos de artificio y no solt\u00f3 ni a Vollering ni a Niewiadoma, una secundaria en b\u00fasqueda de una oportunidad para aprovechar el duelo de las dos grandes. La polaca fue valiente, se march\u00f3 en el descenso y su premio es el tercer caj\u00f3n del podio tras la crono de Pau por d\u00e9cimas de segundo con Lotte Kopecky.<\/p>\n<p>La se\u00f1al del ocaso de <strong>Van Vleuten<\/strong> fue un gesto. Niebla, tramo de las galer\u00edas del Tourmalet antes de La Mongie. 10% constante durante dos kil\u00f3metros y medio. Justo a 5,5 de la cima, que era meta de la etapa. Vollering sentada cambi\u00f3 el ritmo. <strong>Van Vleuten neg\u00f3 con la cabeza.<\/strong> No hab\u00eda piernas, no hab\u00eda fuerza. Demasiado cansancio acumulado. Vollering se fue en b\u00fasqueda de Niewiadoma y Annemiek no pudo aguantar como dos meses antes en Lagos de Covadonga.<\/p>\n<p><img loading=\"lazy\" decoding=\"async\" class=\"alignnone size-extra-large\" src=\"https:\/\/img.aso.fr\/core_app\/img-cycling-trf-jpg\/van-vleuten-2\/31860\/0:0,1200:800-1000-0-70\/63c93\" width=\"1000\" height=\"667\" \/><\/p>\n<p>Los segundos despu\u00e9s de La Mongie se convirtieron en minutos. Y la distancia insalvable para la crono de Pau. Vollering hizo de Van Vleuten. Casi dos minutos a Niewiadoma y m\u00e1s de dos a su &#8216;archienemiga&#8217;. Labous y Moolman casi a tres. Kopecky a m\u00e1s de tres y el resto de las favoritas, <a href=\"https:\/\/www.letourfemmes.fr\/en\/news\/2023\/stage-7\/vollering-takes-her-climbing-crown-on-tourmalet\/1294137\">con Ane Santesteban a la cabeza a m\u00e1s de cinco minutos<\/a>.<\/p>\n","protected":false},"excerpt":{"rendered":"<p>Todo ciclista tiene sus derrotas. Ning\u00fan corredor, hasta Lance Armstrong y ya sabes todos sus matices, se ha retirado venciendo [&hellip;]<\/p>\n","protected":false},"author":29,"featured_media":10152,"comment_status":"open","ping_status":"open","sticky":false,"template":"","format":"standard","meta":{"footnotes":""},"categories":[7],"tags":[2253],"global-categories":[1164],"class_list":["post-10150","post","type-post","status-publish","format-standard","has-post-thumbnail","hentry","category-carretera","tag-tour-femenino-2023","global-categories-cycling"],"yoast_head":"<!-- This site is optimized with the Yoast SEO Premium plugin v25.3 (Yoast SEO v25.9) - https:\/\/yoast.com\/wordpress\/plugins\/seo\/ -->\n<title>El sorpasso del Tourmalet. Vollering apaga a Van Vleuten - \u0160koda We Love Cycling - Spain<\/title>\n<meta name=\"description\" content=\"El sorpasso del Tourmalet. Vollering apaga a Van Vleuten. La cima del puerto m\u00e1s m\u00edtico de Pirineos, en la historia del ciclismo femenino.\" \/>\n<meta name=\"robots\" content=\"index, follow, max-snippet:-1, max-image-preview:large, max-video-preview:-1\" \/>\n<link rel=\"canonical\" href=\"https:\/\/www.welovecycling.com\/es\/2023\/07\/30\/sorpasso-tourmalet\/\" \/>\n<meta property=\"og:locale\" content=\"es_ES\" \/>\n<meta property=\"og:type\" content=\"article\" \/>\n<meta property=\"og:title\" content=\"El sorpasso del Tourmalet. Vollering apaga a Van Vleuten\" \/>\n<meta property=\"og:description\" content=\"El sorpasso del Tourmalet. Vollering apaga a Van Vleuten. La cima del puerto m\u00e1s m\u00edtico de Pirineos, en la historia del ciclismo femenino.\" \/>\n<meta property=\"og:url\" content=\"https:\/\/www.welovecycling.com\/es\/2023\/07\/30\/sorpasso-tourmalet\/\" \/>\n<meta property=\"og:site_name\" content=\"\u0160koda We Love Cycling - Spain\" \/>\n<meta property=\"article:published_time\" content=\"2023-07-30T19:20:21+00:00\" \/>\n<meta property=\"article:modified_time\" content=\"2023-07-30T19:24:19+00:00\" \/>\n<meta property=\"og:image\" content=\"https:\/\/d2p6e6u75xmxt8.cloudfront.net\/6\/2023\/07\/vollering.webp\" \/>\n\t<meta property=\"og:image:width\" content=\"1000\" \/>\n\t<meta property=\"og:image:height\" content=\"667\" \/>\n\t<meta property=\"og:image:type\" content=\"image\/webp\" \/>\n<meta name=\"author\" content=\"We Love Cycling Spain\" \/>\n<meta name=\"twitter:card\" content=\"summary_large_image\" \/>\n<meta name=\"twitter:description\" content=\"El sorpasso del Tourmalet. Vollering apaga a Van Vleuten. La cima del puerto m\u00e1s m\u00edtico de Pirineos, en la historia del ciclismo femenino.\" \/>\n<meta name=\"twitter:label1\" content=\"Written by\" \/>\n\t<meta name=\"twitter:data1\" content=\"Luis Ortega @Ciclored\" \/>\n\t<meta name=\"twitter:label2\" content=\"Est. reading time\" \/>\n\t<meta name=\"twitter:data2\" content=\"4 minutes\" \/>\n<script type=\"application\/ld+json\" class=\"yoast-schema-graph\">{\"@context\":\"https:\/\/schema.org\",\"@graph\":[{\"@type\":\"WebPage\",\"@id\":\"https:\/\/www.welovecycling.com\/es\/2023\/07\/30\/sorpasso-tourmalet\/\",\"url\":\"https:\/\/www.welovecycling.com\/es\/2023\/07\/30\/sorpasso-tourmalet\/\",\"name\":\"El sorpasso del Tourmalet. Vollering apaga a Van Vleuten - \u0160koda We Love Cycling - Spain\",\"isPartOf\":{\"@id\":\"https:\/\/www.welovecycling.com\/es\/#website\"},\"primaryImageOfPage\":{\"@id\":\"https:\/\/www.welovecycling.com\/es\/2023\/07\/30\/sorpasso-tourmalet\/#primaryimage\"},\"image\":{\"@id\":\"https:\/\/www.welovecycling.com\/es\/2023\/07\/30\/sorpasso-tourmalet\/#primaryimage\"},\"thumbnailUrl\":\"https:\/\/d2p6e6u75xmxt8.cloudfront.net\/6\/2023\/07\/vollering.webp\",\"datePublished\":\"2023-07-30T19:20:21+00:00\",\"dateModified\":\"2023-07-30T19:24:19+00:00\",\"author\":{\"@id\":\"https:\/\/www.welovecycling.com\/es\/#\/schema\/person\/deb61715b5812698ee79fb96f343ccd4\"},\"description\":\"El sorpasso del Tourmalet. Vollering apaga a Van Vleuten. La cima del puerto m\u00e1s m\u00edtico de Pirineos, en la historia del ciclismo femenino.\",\"breadcrumb\":{\"@id\":\"https:\/\/www.welovecycling.com\/es\/2023\/07\/30\/sorpasso-tourmalet\/#breadcrumb\"},\"inLanguage\":\"es-ES\",\"potentialAction\":[{\"@type\":\"ReadAction\",\"target\":[\"https:\/\/www.welovecycling.com\/es\/2023\/07\/30\/sorpasso-tourmalet\/\"]}]},{\"@type\":\"ImageObject\",\"inLanguage\":\"es-ES\",\"@id\":\"https:\/\/www.welovecycling.com\/es\/2023\/07\/30\/sorpasso-tourmalet\/#primaryimage\",\"url\":\"https:\/\/d2p6e6u75xmxt8.cloudfront.net\/6\/2023\/07\/vollering.webp\",\"contentUrl\":\"https:\/\/d2p6e6u75xmxt8.cloudfront.net\/6\/2023\/07\/vollering.webp\",\"width\":1000,\"height\":667},{\"@type\":\"BreadcrumbList\",\"@id\":\"https:\/\/www.welovecycling.com\/es\/2023\/07\/30\/sorpasso-tourmalet\/#breadcrumb\",\"itemListElement\":[{\"@type\":\"ListItem\",\"position\":1,\"name\":\"Home\",\"item\":\"https:\/\/www.welovecycling.com\/es\/\"},{\"@type\":\"ListItem\",\"position\":2,\"name\":\"El sorpasso del Tourmalet. Vollering apaga a Van Vleuten\"}]},{\"@type\":\"WebSite\",\"@id\":\"https:\/\/www.welovecycling.com\/es\/#website\",\"url\":\"https:\/\/www.welovecycling.com\/es\/\",\"name\":\"\u0160koda We Love Cycling - Spain\",\"description\":\"\u0160koda WeLoveCycling Spain\",\"potentialAction\":[{\"@type\":\"SearchAction\",\"target\":{\"@type\":\"EntryPoint\",\"urlTemplate\":\"https:\/\/www.welovecycling.com\/es\/?s={search_term_string}\"},\"query-input\":{\"@type\":\"PropertyValueSpecification\",\"valueRequired\":true,\"valueName\":\"search_term_string\"}}],\"inLanguage\":\"es-ES\"},{\"@type\":\"Person\",\"@id\":\"https:\/\/www.welovecycling.com\/es\/#\/schema\/person\/deb61715b5812698ee79fb96f343ccd4\",\"name\":\"We Love Cycling Spain\",\"image\":{\"@type\":\"ImageObject\",\"inLanguage\":\"es-ES\",\"@id\":\"https:\/\/www.welovecycling.com\/es\/#\/schema\/person\/image\/\",\"url\":\"https:\/\/secure.gravatar.com\/avatar\/c824b04e6df0e37a03219d0b6481672889df542894588964102459e46513159c?s=96&d=mm&r=g\",\"contentUrl\":\"https:\/\/secure.gravatar.com\/avatar\/c824b04e6df0e37a03219d0b6481672889df542894588964102459e46513159c?s=96&d=mm&r=g\",\"caption\":\"We Love Cycling Spain\"},\"url\":\"https:\/\/www.welovecycling.com\/es\/author\/amunoz\/\"}]}<\/script>\n<!-- \/ Yoast SEO Premium plugin. -->","yoast_head_json":{"title":"El sorpasso del Tourmalet. Vollering apaga a Van Vleuten - \u0160koda We Love Cycling - Spain","description":"El sorpasso del Tourmalet. Vollering apaga a Van Vleuten. La cima del puerto m\u00e1s m\u00edtico de Pirineos, en la historia del ciclismo femenino.","robots":{"index":"index","follow":"follow","max-snippet":"max-snippet:-1","max-image-preview":"max-image-preview:large","max-video-preview":"max-video-preview:-1"},"canonical":"https:\/\/www.welovecycling.com\/es\/2023\/07\/30\/sorpasso-tourmalet\/","og_locale":"es_ES","og_type":"article","og_title":"El sorpasso del Tourmalet. Vollering apaga a Van Vleuten","og_description":"El sorpasso del Tourmalet. Vollering apaga a Van Vleuten. La cima del puerto m\u00e1s m\u00edtico de Pirineos, en la historia del ciclismo femenino.","og_url":"https:\/\/www.welovecycling.com\/es\/2023\/07\/30\/sorpasso-tourmalet\/","og_site_name":"\u0160koda We Love Cycling - Spain","article_published_time":"2023-07-30T19:20:21+00:00","article_modified_time":"2023-07-30T19:24:19+00:00","og_image":[{"width":1000,"height":667,"url":"https:\/\/d2p6e6u75xmxt8.cloudfront.net\/6\/2023\/07\/vollering.webp","type":"image\/webp"}],"author":"We Love Cycling Spain","twitter_card":"summary_large_image","twitter_description":"El sorpasso del Tourmalet. Vollering apaga a Van Vleuten. La cima del puerto m\u00e1s m\u00edtico de Pirineos, en la historia del ciclismo femenino.","twitter_misc":{"Written by":"Luis Ortega @Ciclored","Est. reading time":"4 minutes"},"schema":{"@context":"https:\/\/schema.org","@graph":[{"@type":"WebPage","@id":"https:\/\/www.welovecycling.com\/es\/2023\/07\/30\/sorpasso-tourmalet\/","url":"https:\/\/www.welovecycling.com\/es\/2023\/07\/30\/sorpasso-tourmalet\/","name":"El sorpasso del Tourmalet. Vollering apaga a Van Vleuten - \u0160koda We Love Cycling - Spain","isPartOf":{"@id":"https:\/\/www.welovecycling.com\/es\/#website"},"primaryImageOfPage":{"@id":"https:\/\/www.welovecycling.com\/es\/2023\/07\/30\/sorpasso-tourmalet\/#primaryimage"},"image":{"@id":"https:\/\/www.welovecycling.com\/es\/2023\/07\/30\/sorpasso-tourmalet\/#primaryimage"},"thumbnailUrl":"https:\/\/d2p6e6u75xmxt8.cloudfront.net\/6\/2023\/07\/vollering.webp","datePublished":"2023-07-30T19:20:21+00:00","dateModified":"2023-07-30T19:24:19+00:00","author":{"@id":"https:\/\/www.welovecycling.com\/es\/#\/schema\/person\/deb61715b5812698ee79fb96f343ccd4"},"description":"El sorpasso del Tourmalet. Vollering apaga a Van Vleuten. La cima del puerto m\u00e1s m\u00edtico de Pirineos, en la historia del ciclismo femenino.","breadcrumb":{"@id":"https:\/\/www.welovecycling.com\/es\/2023\/07\/30\/sorpasso-tourmalet\/#breadcrumb"},"inLanguage":"es-ES","potentialAction":[{"@type":"ReadAction","target":["https:\/\/www.welovecycling.com\/es\/2023\/07\/30\/sorpasso-tourmalet\/"]}]},{"@type":"ImageObject","inLanguage":"es-ES","@id":"https:\/\/www.welovecycling.com\/es\/2023\/07\/30\/sorpasso-tourmalet\/#primaryimage","url":"https:\/\/d2p6e6u75xmxt8.cloudfront.net\/6\/2023\/07\/vollering.webp","contentUrl":"https:\/\/d2p6e6u75xmxt8.cloudfront.net\/6\/2023\/07\/vollering.webp","width":1000,"height":667},{"@type":"BreadcrumbList","@id":"https:\/\/www.welovecycling.com\/es\/2023\/07\/30\/sorpasso-tourmalet\/#breadcrumb","itemListElement":[{"@type":"ListItem","position":1,"name":"Home","item":"https:\/\/www.welovecycling.com\/es\/"},{"@type":"ListItem","position":2,"name":"El sorpasso del Tourmalet. Vollering apaga a Van Vleuten"}]},{"@type":"WebSite","@id":"https:\/\/www.welovecycling.com\/es\/#website","url":"https:\/\/www.welovecycling.com\/es\/","name":"\u0160koda We Love Cycling - Spain","description":"\u0160koda WeLoveCycling Spain","potentialAction":[{"@type":"SearchAction","target":{"@type":"EntryPoint","urlTemplate":"https:\/\/www.welovecycling.com\/es\/?s={search_term_string}"},"query-input":{"@type":"PropertyValueSpecification","valueRequired":true,"valueName":"search_term_string"}}],"inLanguage":"es-ES"},{"@type":"Person","@id":"https:\/\/www.welovecycling.com\/es\/#\/schema\/person\/deb61715b5812698ee79fb96f343ccd4","name":"We Love Cycling Spain","image":{"@type":"ImageObject","inLanguage":"es-ES","@id":"https:\/\/www.welovecycling.com\/es\/#\/schema\/person\/image\/","url":"https:\/\/secure.gravatar.com\/avatar\/c824b04e6df0e37a03219d0b6481672889df542894588964102459e46513159c?s=96&d=mm&r=g","contentUrl":"https:\/\/secure.gravatar.com\/avatar\/c824b04e6df0e37a03219d0b6481672889df542894588964102459e46513159c?s=96&d=mm&r=g","caption":"We Love Cycling Spain"},"url":"https:\/\/www.welovecycling.com\/es\/author\/amunoz\/"}]}},"_links":{"self":[{"href":"https:\/\/www.welovecycling.com\/es\/wp-json\/wp\/v2\/posts\/10150","targetHints":{"allow":["GET"]}}],"collection":[{"href":"https:\/\/www.welovecycling.com\/es\/wp-json\/wp\/v2\/posts"}],"about":[{"href":"https:\/\/www.welovecycling.com\/es\/wp-json\/wp\/v2\/types\/post"}],"author":[{"embeddable":true,"href":"https:\/\/www.welovecycling.com\/es\/wp-json\/wp\/v2\/users\/29"}],"replies":[{"embeddable":true,"href":"https:\/\/www.welovecycling.com\/es\/wp-json\/wp\/v2\/comments?post=10150"}],"version-history":[{"count":2,"href":"https:\/\/www.welovecycling.com\/es\/wp-json\/wp\/v2\/posts\/10150\/revisions"}],"predecessor-version":[{"id":10153,"href":"https:\/\/www.welovecycling.com\/es\/wp-json\/wp\/v2\/posts\/10150\/revisions\/10153"}],"wp:featuredmedia":[{"embeddable":true,"href":"https:\/\/www.welovecycling.com\/es\/wp-json\/wp\/v2\/media\/10152"}],"wp:attachment":[{"href":"https:\/\/www.welovecycling.com\/es\/wp-json\/wp\/v2\/media?parent=10150"}],"wp:term":[{"taxonomy":"category","embeddable":true,"href":"https:\/\/www.welovecycling.com\/es\/wp-json\/wp\/v2\/categories?post=10150"},{"taxonomy":"post_tag","embeddable":true,"href":"https:\/\/www.welovecycling.com\/es\/wp-json\/wp\/v2\/tags?post=10150"},{"taxonomy":"global-categories","embeddable":true,"href":"https:\/\/www.welovecycling.com\/es\/wp-json\/wp\/v2\/global-categories?post=10150"}],"curies":[{"name":"wp","href":"https:\/\/api.w.org\/{rel}","templated":true}]}}