{"id":10147,"date":"2023-07-26T14:01:47","date_gmt":"2023-07-26T12:01:47","guid":{"rendered":"https:\/\/www.welovecycling.com\/es\/?p=10147"},"modified":"2023-07-26T14:01:47","modified_gmt":"2023-07-26T12:01:47","slug":"philipsen-maillot-verde-skoda","status":"publish","type":"post","link":"https:\/\/www.welovecycling.com\/es\/2023\/07\/26\/philipsen-maillot-verde-skoda\/","title":{"rendered":"Opini\u00f3n: Philipsen gano f\u00e1cil el maillot verde \u0160koda"},"content":{"rendered":"<p style=\"font-weight: 400;\"><strong>Se necesitaron 17 etapas para decidir el ganador del maillot amarillo del Tour de Francia 2023. La batalla por el maillot verde del \u0160koda se dio por concluida tras la und\u00e9cima etapa, en la que Jasper Philipsen, del Alpecin-Deceuninck, gan\u00f3 su cuarto sprint en el pelot\u00f3n (de cinco disputados) en este Tour y lider\u00f3 la clasificaci\u00f3n por puntos con 323 puntos frente a los 178 del franc\u00e9s Bryan Coquard (Cofidis).<\/strong><\/p>\n<p style=\"font-weight: 400;\"><!--more--><\/p>\n<p>No se trataba s\u00f3lo de que el belga de 25 a\u00f1os fuera el sprinter m\u00e1s fuerte de la carrera, aunque claramente lo era; tambi\u00e9n contaba con uno de los mejores ciclistas del mundo, <a href=\"https:\/\/www.welovecycling.com\/es\/2021\/08\/06\/van-der-poel-o-wout-van-aert\/\">Mathieu van der Poel<\/a>, como lanzador. El trabajo de un lanzador es dif\u00edcil pero sencillo: guiar a su velocista hasta la mejor posici\u00f3n posible al frente del pelot\u00f3n y rodar m\u00e1s r\u00e1pido que los dem\u00e1s lanzadores. &#8220;Ning\u00fan otro lanzador puede seguirle el ritmo&#8221;, dijo Philipsen con admiraci\u00f3n sobre su compa\u00f1ero de equipo.<\/p>\n<p>Pero hab\u00eda otras razones para el dominio de Philipsen. Tal vez fuera el recorrido poco convencional de este Tour, que comenz\u00f3 con dos etapas de mucha subida y pudo haber dejado a otros velocistas con las piernas prematuramente cansadas. Philipsen no tuvo problemas con las numerosas subidas que presentaba el Tour de este a\u00f1o, lo que le dio ventaja. Y entonces su principal rival en el maillot verde del \u0160koda, Fabio Jakobsen (Soudal-Quick-Step), se cay\u00f3 cerca del final de la etapa 4 y finalmente abandon\u00f3 la carrera antes del comienzo de la etapa 12 porque rodaba con un dolor casi constante.<\/p>\n<p>Ese accidente fue uno de varios incidentes que persiguieron a Philipsen durante toda la carrera. Aunque dijo que el accidente no fue culpa de nadie, Danny van Poppel (Bora), acus\u00f3 a Philipsen de haberlo causado sin darse cuenta. \u201cSe empujaban un poco el uno al otro. Fabio se cay\u00f3\u201d, dijo. &#8220;[Jasper] no sabe lo que est\u00e1 haciendo&#8221;.<\/p>\n<p>Antes de ese incidente, un jurado de carrera hab\u00eda analizado el sprint de la etapa 3, en el que Philipsen pareci\u00f3 cortar el paso a Wout van Aert de Jumbo-Visma, pero lo absolvi\u00f3 de irregularidades. Luego, despu\u00e9s de la etapa 7, Astana Qazaqstan e Intermarch\u00e9-Circus-Wanty, los equipos de Mark Cavendish y Biniam Girmay, presentaron protestas despu\u00e9s de que Philipsen pareci\u00f3 desviarse nuevamente de su l\u00ednea de velocidad y se movi\u00f3 delante de la rueda de Cavendish y pareci\u00f3 obligar a Girmay a reducir la velocidad para evitar una ca\u00edda. Una vez m\u00e1s, fue absuelto por el jurado de carrera.<\/p>\n<p>Finalmente, Philipsen fue <a href=\"https:\/\/www.eurosport.com\/cycling\/tour-de-france\/2023\/tour-de-france-2023-he-s-blocking-him-jasper-philipsen-cuts-up-rival-with-bullying-tactic-on-stage-1_sto9710101\/story.shtml\">condenado por los comentaristas de Eurospor<\/a>t por sus acciones en la etapa 18 cuando se adelant\u00f3 al pelot\u00f3n para bloquear f\u00edsicamente un movimiento de Pascal Eenkhoorn (Lotto-Dstny) que intentaba llegar a una escapada de tres hombres, la idea aparentemente era que cuatro hombres tener m\u00e1s posibilidades de vencer al pelot\u00f3n en la l\u00ednea de meta que tres, y Philipsen quer\u00eda otra victoria en el sprint.<\/p>\n<p>Una vez m\u00e1s, el Tour no tom\u00f3 ninguna medida y <a href=\"https:\/\/velo.outsideonline.com\/road\/road-racing\/tour-de-france\/jasper-philipsen-rising-supersprinter-and-world-title-threat-under-fire-for-tour-de-france-blocking\/\">Philipsen dijo<\/a> que no hab\u00eda hecho nada malo. \u201cNo us\u00e9 un codo ni nada. Simplemente aceler\u00e9 y me puse frente a \u00e9l, as\u00ed que no creo que realmente haya hecho una maniobra incorrecta o haya hecho algo inapropiado\u201d, le dijo a Wielerflits. &#8220;Creo que solo quer\u00eda dejar en claro que quer\u00edamos correr y que est\u00e1bamos bien con esos tres al frente&#8221;. Ir\u00f3nicamente, y para consternaci\u00f3n de Philipsen, los tres ciclistas lograron mantener a raya al pelot\u00f3n, ya que Alpecin-Deceuninck y los otros equipos con velocistas fallaron en su persecuci\u00f3n, lo que permiti\u00f3 a Kasper Asgreen (Soudal &#8211; Quick-Step) tomar un famoso y m\u00e1s victoria inesperada.<\/p>\n<p>Finalmente, fue un Tour de Francia en el que los sprints grupales fueron dif\u00edciles de lograr, ya que las escapadas en las etapas 18 y 19 ganaron al grupo hasta la l\u00ednea de meta. De hecho, solo hubo un sprint m\u00e1s despu\u00e9s de la etapa 11 y ese fue el que podr\u00eda llamarse el \u201csprint reina\u201d en los Campos El\u00edseos. Una vez m\u00e1s, el ganador del \u0160koda Green Jersey se sinti\u00f3 frustrado y el Tour 2023 proporcion\u00f3 otro giro dram\u00e1tico cuando el poco conocido velocista belga Jordi Meeus (Bora-Hansgrohe) gan\u00f3 su primera carrera del UCI World Tour al vencer a Philipsen en otra foto final. Al final, Philipsen gan\u00f3 f\u00e1cilmente el \u0160koda Green Jersey, aunque sin duda tendr\u00e1 un sabor amargo en la boca.<\/p>\n<p>Hubo una decepci\u00f3n para Cavendish, quien supuestamente corr\u00eda en su \u00faltimo Tour y buscaba superar a la leyenda del ciclismo Eddy Merckx con una victoria de etapa m\u00e1s para convertirse en el \u00fanico poseedor del r\u00e9cord con 35 victorias de etapa en el Tour. Pero se estrell\u00f3 y se rompi\u00f3 la clav\u00edcula en la etapa 8 y tuvo que abandonar la carrera. Sin embargo, Astana le ofreci\u00f3 a Cavendish, de 38 a\u00f1os, <a href=\"https:\/\/www.theguardian.com\/sport\/2023\/jul\/09\/astana-qazaqstan-offer-mark-cavendish-contract-cycling-ride-2024-tour-de-france\">un contrato de un a\u00f1o para 2024<\/a>, para permitirle regresar al Tour e intentar ganar esa etapa r\u00e9cord nuevamente. Hasta el momento no se sabe si ha aceptado la oferta.<\/p>\n<p>Finalmente, este fue el \u00faltimo Tour de Francia de Peter Sagan, quien ostenta el r\u00e9cord con siete victorias con el Maillot Verde de \u0160koda. &#8220;Estoy muy contento de que este sea el \u00faltimo&#8221;, <a href=\"https:\/\/www.eurosport.com\/cycling\/tour-de-france\/2023\/i-m-so-glad-it-s-the-last-one-peter-sagan-on-tour-de-france-swansong_vid1957580\/video.shtml\">dijo Sagan a Eurosport<\/a> despu\u00e9s de la etapa final en Par\u00eds. &#8220;Estoy cansado. Me lo pas\u00e9 bien en las carreras de ruta y en el Tour de Francia, que es la mejor carrera del mundo, pero ya he tenido suficiente\u201d.<\/p>\n","protected":false},"excerpt":{"rendered":"<p>Se necesitaron 17 etapas para decidir el ganador del maillot amarillo del Tour de Francia 2023. La batalla por el [&hellip;]<\/p>\n","protected":false},"author":29,"featured_media":10148,"comment_status":"open","ping_status":"open","sticky":false,"template":"","format":"standard","meta":{"footnotes":""},"categories":[7],"tags":[2186],"global-categories":[],"class_list":["post-10147","post","type-post","status-publish","format-standard","has-post-thumbnail","hentry","category-carretera","tag-tour-2023"],"yoast_head":"<!-- This site is optimized with the Yoast SEO Premium plugin v25.3 (Yoast SEO v25.9) - https:\/\/yoast.com\/wordpress\/plugins\/seo\/ -->\n<title>Opini\u00f3n: Philipsen gano f\u00e1cil el maillot verde \u0160koda<\/title>\n<meta name=\"description\" content=\"Philipsen gano f\u00e1cil el maillot verde \u0160koda. As\u00ed fue el proceso de Philipsen para llevarse el maillot de la regularidad del Tour.\" \/>\n<meta name=\"robots\" content=\"index, follow, max-snippet:-1, max-image-preview:large, max-video-preview:-1\" \/>\n<link rel=\"canonical\" href=\"https:\/\/www.welovecycling.com\/es\/2023\/07\/26\/philipsen-maillot-verde-skoda\/\" \/>\n<meta property=\"og:locale\" content=\"es_ES\" \/>\n<meta property=\"og:type\" content=\"article\" \/>\n<meta property=\"og:title\" content=\"Opini\u00f3n: Philipsen gano f\u00e1cil el maillot verde \u0160koda\" \/>\n<meta property=\"og:description\" content=\"Philipsen gano f\u00e1cil el maillot verde \u0160koda. As\u00ed fue el proceso de Philipsen para llevarse el maillot de la regularidad del Tour.\" \/>\n<meta property=\"og:url\" content=\"https:\/\/www.welovecycling.com\/es\/2023\/07\/26\/philipsen-maillot-verde-skoda\/\" \/>\n<meta property=\"og:site_name\" content=\"\u0160koda We Love Cycling - Spain\" \/>\n<meta property=\"article:published_time\" content=\"2023-07-26T12:01:47+00:00\" \/>\n<meta property=\"og:image\" content=\"https:\/\/d2p6e6u75xmxt8.cloudfront.net\/6\/2023\/07\/Jasper-Philipsen-profimedia-0791389419-CVR.webp\" \/>\n\t<meta property=\"og:image:width\" content=\"990\" \/>\n\t<meta property=\"og:image:height\" content=\"660\" \/>\n\t<meta property=\"og:image:type\" content=\"image\/webp\" \/>\n<meta name=\"author\" content=\"We Love Cycling Spain\" \/>\n<meta name=\"twitter:card\" content=\"summary_large_image\" \/>\n<meta name=\"twitter:description\" content=\"Philipsen gano f\u00e1cil el maillot verde \u0160koda. As\u00ed fue el proceso de Philipsen para llevarse el maillot de la regularidad del Tour.\" \/>\n<meta name=\"twitter:label1\" content=\"Written by\" \/>\n\t<meta name=\"twitter:data1\" content=\"SIegfried Mortkowitz\" \/>\n\t<meta name=\"twitter:label2\" content=\"Est. reading time\" \/>\n\t<meta name=\"twitter:data2\" content=\"4\" \/>\n<script type=\"application\/ld+json\" class=\"yoast-schema-graph\">{\"@context\":\"https:\/\/schema.org\",\"@graph\":[{\"@type\":\"WebPage\",\"@id\":\"https:\/\/www.welovecycling.com\/es\/2023\/07\/26\/philipsen-maillot-verde-skoda\/\",\"url\":\"https:\/\/www.welovecycling.com\/es\/2023\/07\/26\/philipsen-maillot-verde-skoda\/\",\"name\":\"Opini\u00f3n: Philipsen gano f\u00e1cil el maillot verde \u0160koda\",\"isPartOf\":{\"@id\":\"https:\/\/www.welovecycling.com\/es\/#website\"},\"primaryImageOfPage\":{\"@id\":\"https:\/\/www.welovecycling.com\/es\/2023\/07\/26\/philipsen-maillot-verde-skoda\/#primaryimage\"},\"image\":{\"@id\":\"https:\/\/www.welovecycling.com\/es\/2023\/07\/26\/philipsen-maillot-verde-skoda\/#primaryimage\"},\"thumbnailUrl\":\"https:\/\/d2p6e6u75xmxt8.cloudfront.net\/6\/2023\/07\/Jasper-Philipsen-profimedia-0791389419-CVR.webp\",\"datePublished\":\"2023-07-26T12:01:47+00:00\",\"author\":{\"@id\":\"https:\/\/www.welovecycling.com\/es\/#\/schema\/person\/deb61715b5812698ee79fb96f343ccd4\"},\"description\":\"Philipsen gano f\u00e1cil el maillot verde \u0160koda. As\u00ed fue el proceso de Philipsen para llevarse el maillot de la regularidad del Tour.\",\"breadcrumb\":{\"@id\":\"https:\/\/www.welovecycling.com\/es\/2023\/07\/26\/philipsen-maillot-verde-skoda\/#breadcrumb\"},\"inLanguage\":\"es-ES\",\"potentialAction\":[{\"@type\":\"ReadAction\",\"target\":[\"https:\/\/www.welovecycling.com\/es\/2023\/07\/26\/philipsen-maillot-verde-skoda\/\"]}]},{\"@type\":\"ImageObject\",\"inLanguage\":\"es-ES\",\"@id\":\"https:\/\/www.welovecycling.com\/es\/2023\/07\/26\/philipsen-maillot-verde-skoda\/#primaryimage\",\"url\":\"https:\/\/d2p6e6u75xmxt8.cloudfront.net\/6\/2023\/07\/Jasper-Philipsen-profimedia-0791389419-CVR.webp\",\"contentUrl\":\"https:\/\/d2p6e6u75xmxt8.cloudfront.net\/6\/2023\/07\/Jasper-Philipsen-profimedia-0791389419-CVR.webp\",\"width\":990,\"height\":660},{\"@type\":\"BreadcrumbList\",\"@id\":\"https:\/\/www.welovecycling.com\/es\/2023\/07\/26\/philipsen-maillot-verde-skoda\/#breadcrumb\",\"itemListElement\":[{\"@type\":\"ListItem\",\"position\":1,\"name\":\"Home\",\"item\":\"https:\/\/www.welovecycling.com\/es\/\"},{\"@type\":\"ListItem\",\"position\":2,\"name\":\"Opini\u00f3n: Philipsen gano f\u00e1cil el maillot verde \u0160koda\"}]},{\"@type\":\"WebSite\",\"@id\":\"https:\/\/www.welovecycling.com\/es\/#website\",\"url\":\"https:\/\/www.welovecycling.com\/es\/\",\"name\":\"\u0160koda We Love Cycling - Spain\",\"description\":\"\u0160koda WeLoveCycling Spain\",\"potentialAction\":[{\"@type\":\"SearchAction\",\"target\":{\"@type\":\"EntryPoint\",\"urlTemplate\":\"https:\/\/www.welovecycling.com\/es\/?s={search_term_string}\"},\"query-input\":{\"@type\":\"PropertyValueSpecification\",\"valueRequired\":true,\"valueName\":\"search_term_string\"}}],\"inLanguage\":\"es-ES\"},{\"@type\":\"Person\",\"@id\":\"https:\/\/www.welovecycling.com\/es\/#\/schema\/person\/deb61715b5812698ee79fb96f343ccd4\",\"name\":\"We Love Cycling Spain\",\"image\":{\"@type\":\"ImageObject\",\"inLanguage\":\"es-ES\",\"@id\":\"https:\/\/www.welovecycling.com\/es\/#\/schema\/person\/image\/\",\"url\":\"https:\/\/secure.gravatar.com\/avatar\/c824b04e6df0e37a03219d0b6481672889df542894588964102459e46513159c?s=96&d=mm&r=g\",\"contentUrl\":\"https:\/\/secure.gravatar.com\/avatar\/c824b04e6df0e37a03219d0b6481672889df542894588964102459e46513159c?s=96&d=mm&r=g\",\"caption\":\"We Love Cycling Spain\"},\"url\":\"https:\/\/www.welovecycling.com\/es\/author\/amunoz\/\"}]}<\/script>\n<!-- \/ Yoast SEO Premium plugin. -->","yoast_head_json":{"title":"Opini\u00f3n: Philipsen gano f\u00e1cil el maillot verde \u0160koda","description":"Philipsen gano f\u00e1cil el maillot verde \u0160koda. As\u00ed fue el proceso de Philipsen para llevarse el maillot de la regularidad del Tour.","robots":{"index":"index","follow":"follow","max-snippet":"max-snippet:-1","max-image-preview":"max-image-preview:large","max-video-preview":"max-video-preview:-1"},"canonical":"https:\/\/www.welovecycling.com\/es\/2023\/07\/26\/philipsen-maillot-verde-skoda\/","og_locale":"es_ES","og_type":"article","og_title":"Opini\u00f3n: Philipsen gano f\u00e1cil el maillot verde \u0160koda","og_description":"Philipsen gano f\u00e1cil el maillot verde \u0160koda. As\u00ed fue el proceso de Philipsen para llevarse el maillot de la regularidad del Tour.","og_url":"https:\/\/www.welovecycling.com\/es\/2023\/07\/26\/philipsen-maillot-verde-skoda\/","og_site_name":"\u0160koda We Love Cycling - Spain","article_published_time":"2023-07-26T12:01:47+00:00","og_image":[{"width":990,"height":660,"url":"https:\/\/d2p6e6u75xmxt8.cloudfront.net\/6\/2023\/07\/Jasper-Philipsen-profimedia-0791389419-CVR.webp","type":"image\/webp"}],"author":"We Love Cycling Spain","twitter_card":"summary_large_image","twitter_description":"Philipsen gano f\u00e1cil el maillot verde \u0160koda. As\u00ed fue el proceso de Philipsen para llevarse el maillot de la regularidad del Tour.","twitter_misc":{"Written by":"SIegfried Mortkowitz","Est. reading time":"4"},"schema":{"@context":"https:\/\/schema.org","@graph":[{"@type":"WebPage","@id":"https:\/\/www.welovecycling.com\/es\/2023\/07\/26\/philipsen-maillot-verde-skoda\/","url":"https:\/\/www.welovecycling.com\/es\/2023\/07\/26\/philipsen-maillot-verde-skoda\/","name":"Opini\u00f3n: Philipsen gano f\u00e1cil el maillot verde \u0160koda","isPartOf":{"@id":"https:\/\/www.welovecycling.com\/es\/#website"},"primaryImageOfPage":{"@id":"https:\/\/www.welovecycling.com\/es\/2023\/07\/26\/philipsen-maillot-verde-skoda\/#primaryimage"},"image":{"@id":"https:\/\/www.welovecycling.com\/es\/2023\/07\/26\/philipsen-maillot-verde-skoda\/#primaryimage"},"thumbnailUrl":"https:\/\/d2p6e6u75xmxt8.cloudfront.net\/6\/2023\/07\/Jasper-Philipsen-profimedia-0791389419-CVR.webp","datePublished":"2023-07-26T12:01:47+00:00","author":{"@id":"https:\/\/www.welovecycling.com\/es\/#\/schema\/person\/deb61715b5812698ee79fb96f343ccd4"},"description":"Philipsen gano f\u00e1cil el maillot verde \u0160koda. As\u00ed fue el proceso de Philipsen para llevarse el maillot de la regularidad del Tour.","breadcrumb":{"@id":"https:\/\/www.welovecycling.com\/es\/2023\/07\/26\/philipsen-maillot-verde-skoda\/#breadcrumb"},"inLanguage":"es-ES","potentialAction":[{"@type":"ReadAction","target":["https:\/\/www.welovecycling.com\/es\/2023\/07\/26\/philipsen-maillot-verde-skoda\/"]}]},{"@type":"ImageObject","inLanguage":"es-ES","@id":"https:\/\/www.welovecycling.com\/es\/2023\/07\/26\/philipsen-maillot-verde-skoda\/#primaryimage","url":"https:\/\/d2p6e6u75xmxt8.cloudfront.net\/6\/2023\/07\/Jasper-Philipsen-profimedia-0791389419-CVR.webp","contentUrl":"https:\/\/d2p6e6u75xmxt8.cloudfront.net\/6\/2023\/07\/Jasper-Philipsen-profimedia-0791389419-CVR.webp","width":990,"height":660},{"@type":"BreadcrumbList","@id":"https:\/\/www.welovecycling.com\/es\/2023\/07\/26\/philipsen-maillot-verde-skoda\/#breadcrumb","itemListElement":[{"@type":"ListItem","position":1,"name":"Home","item":"https:\/\/www.welovecycling.com\/es\/"},{"@type":"ListItem","position":2,"name":"Opini\u00f3n: Philipsen gano f\u00e1cil el maillot verde \u0160koda"}]},{"@type":"WebSite","@id":"https:\/\/www.welovecycling.com\/es\/#website","url":"https:\/\/www.welovecycling.com\/es\/","name":"\u0160koda We Love Cycling - Spain","description":"\u0160koda WeLoveCycling Spain","potentialAction":[{"@type":"SearchAction","target":{"@type":"EntryPoint","urlTemplate":"https:\/\/www.welovecycling.com\/es\/?s={search_term_string}"},"query-input":{"@type":"PropertyValueSpecification","valueRequired":true,"valueName":"search_term_string"}}],"inLanguage":"es-ES"},{"@type":"Person","@id":"https:\/\/www.welovecycling.com\/es\/#\/schema\/person\/deb61715b5812698ee79fb96f343ccd4","name":"We Love Cycling Spain","image":{"@type":"ImageObject","inLanguage":"es-ES","@id":"https:\/\/www.welovecycling.com\/es\/#\/schema\/person\/image\/","url":"https:\/\/secure.gravatar.com\/avatar\/c824b04e6df0e37a03219d0b6481672889df542894588964102459e46513159c?s=96&d=mm&r=g","contentUrl":"https:\/\/secure.gravatar.com\/avatar\/c824b04e6df0e37a03219d0b6481672889df542894588964102459e46513159c?s=96&d=mm&r=g","caption":"We Love Cycling Spain"},"url":"https:\/\/www.welovecycling.com\/es\/author\/amunoz\/"}]}},"_links":{"self":[{"href":"https:\/\/www.welovecycling.com\/es\/wp-json\/wp\/v2\/posts\/10147","targetHints":{"allow":["GET"]}}],"collection":[{"href":"https:\/\/www.welovecycling.com\/es\/wp-json\/wp\/v2\/posts"}],"about":[{"href":"https:\/\/www.welovecycling.com\/es\/wp-json\/wp\/v2\/types\/post"}],"author":[{"embeddable":true,"href":"https:\/\/www.welovecycling.com\/es\/wp-json\/wp\/v2\/users\/29"}],"replies":[{"embeddable":true,"href":"https:\/\/www.welovecycling.com\/es\/wp-json\/wp\/v2\/comments?post=10147"}],"version-history":[{"count":1,"href":"https:\/\/www.welovecycling.com\/es\/wp-json\/wp\/v2\/posts\/10147\/revisions"}],"predecessor-version":[{"id":10149,"href":"https:\/\/www.welovecycling.com\/es\/wp-json\/wp\/v2\/posts\/10147\/revisions\/10149"}],"wp:featuredmedia":[{"embeddable":true,"href":"https:\/\/www.welovecycling.com\/es\/wp-json\/wp\/v2\/media\/10148"}],"wp:attachment":[{"href":"https:\/\/www.welovecycling.com\/es\/wp-json\/wp\/v2\/media?parent=10147"}],"wp:term":[{"taxonomy":"category","embeddable":true,"href":"https:\/\/www.welovecycling.com\/es\/wp-json\/wp\/v2\/categories?post=10147"},{"taxonomy":"post_tag","embeddable":true,"href":"https:\/\/www.welovecycling.com\/es\/wp-json\/wp\/v2\/tags?post=10147"},{"taxonomy":"global-categories","embeddable":true,"href":"https:\/\/www.welovecycling.com\/es\/wp-json\/wp\/v2\/global-categories?post=10147"}],"curies":[{"name":"wp","href":"https:\/\/api.w.org\/{rel}","templated":true}]}}