{"id":10114,"date":"2023-07-22T10:14:19","date_gmt":"2023-07-22T08:14:19","guid":{"rendered":"https:\/\/www.welovecycling.com\/es\/?p=10114"},"modified":"2023-07-22T10:15:20","modified_gmt":"2023-07-22T08:15:20","slug":"maillot-verde-skoda-tour-femenino-2023","status":"publish","type":"post","link":"https:\/\/www.welovecycling.com\/es\/2023\/07\/22\/maillot-verde-skoda-tour-femenino-2023\/","title":{"rendered":"Favoritas para el maillot verde \u0160koda del Tour Femenino 2023"},"content":{"rendered":"<p><strong>\u00bfEst\u00e1s preparado para un emocionante duelo ciclista en el Tour de Francia Femenino con Zwift? A partir de domingo 23 de julio se van a disputar 8 etapas, siete de ellas en l\u00ednea y una contrarreloj. Habr\u00e1 terreno para velocistas, media monta\u00f1a y el final en el Tourmalet y adem\u00e1s del maillot amarillo la gran pelea ser\u00e1 por el maillot verde \u0160koda del Tour Femenino 2023, por el que van a optar varios tipos de ciclistas<\/strong><\/p>\n<p><!--more--><\/p>\n<h2><strong>Una historia del maillot verde \u0160koda\u00a0<\/strong><\/h2>\n<p>Introducido por primera vez en la edici\u00f3n masculina de 1953 para conmemorar el 50 aniversario del Tour de Francia, el Maillot Verde, conocido como maillot vert, se otorga diariamente al l\u00edder de la Clasificaci\u00f3n por Puntos. Los ciclistas acumulan puntos en los sprints intermedios de cada etapa y de nuevo en la l\u00ednea de meta. Tradicionalmente adornado con un verde vibrante, el maillot de este a\u00f1o presentar\u00e1 un tono m\u00e1s oscuro con elegantes detalles en verde menta en las mangas, gracias a su patrocinador presentador, \u0160koda.<\/p>\n<p>Seg\u00fan ASO, el recorrido de la carrera presenta etapas llanas, como la que conduce a Clermont-Ferrand y las etapas de Montignac-Lascaux, Albi y Blagnac. Entre estas etapas llanas se intercalan<a href=\"https:\/\/www.welovecycling.com\/es\/2022\/11\/01\/tour-francia-femenino-2023\/\"> rutas monta\u00f1osas<\/a>, que ofrecen amplias oportunidades a los velocistas. La pen\u00faltima etapa presenta el duro reto del Tourmalet, mientras que la etapa final en Pau ofrece una intensa contrarreloj para determinar el vencedor final.<\/p>\n<p>La lucha por el Maillot Verde \u0160koda promete ser un espect\u00e1culo cautivador durante todo el Tour de Francia <a href=\"https:\/\/www.letourfemmes.fr\/en\">Femmes avec Zwift<\/a>. As\u00ed que, mientras esperamos con impaciencia el inicio de la acci\u00f3n, exploremos algunas de las principales contendientes dispuestas a dejar su huella en la carrera de este a\u00f1o.<\/p>\n<h2><strong>Marianne Vos<\/strong><\/h2>\n<p>Marianne Vos, representante del Jumbo-Visma, vuelve para defender su maillot verde. A pesar de una actuaci\u00f3n relativamente modesta en el Giro Donne, se espera que Vos despliegue todo su potencial en esta carrera. Es posible que haya utilizado estrat\u00e9gicamente el Giro Donne como puesta a punto para el Tour de Francia Femmes avec Zwift, conservando cuidadosamente su energ\u00eda para este prestigioso evento. Aunque no es una de las principales aspirantes a la victoria final, la formidable capacidad de sprint de Vos la convierte en una fuerza a tener en cuenta. Junto a corredoras como Van Vleuten, Vos destaca como una de las estrellas m\u00e1s brillantes y competidoras m\u00e1s h\u00e1biles del ciclismo profesional femenino.<\/p>\n<h2><strong>Lorena Wiebes<\/strong><\/h2>\n<p>Lorena Wiebes, del SD Worx, es otra corredora a tener en cuenta. Al igual que Vos, Wiebes no est\u00e1 entre las principales aspirantes a la victoria final, pero posee una excepcional destreza en el sprint y un historial de victorias de etapa. Wiebes ya ha demostrado su gran estado de forma al triunfar en una etapa de la primera carrera. Es de esperar que compita por las victorias de etapa, al tiempo que proporciona un apoyo crucial a su compa\u00f1era de equipo Vollering.<\/p>\n<h2><strong>Lotte Kopecky<\/strong><\/h2>\n<p>Lotte Kopecky, del SD Worx , es una competidora formidable por derecho propio. Tras conseguir recientemente su cuarta victoria consecutiva en el Baloise Women&#8217;s Tour, Kopecky lleva una impresionante racha de victorias. Con su determinaci\u00f3n implacable y sus habilidades polifac\u00e9ticas, sin duda luchar\u00e1 por conseguir el maillot verde de \u0160koda en el Tour de Francia femenino con Zwift.<\/p>\n<h2><strong>Elisa Balsamo<\/strong><\/h2>\n<figure id=\"attachment_10118\" aria-describedby=\"caption-attachment-10118\" style=\"width: 1250px\" class=\"wp-caption alignnone\"><a href=\"https:\/\/d2p6e6u75xmxt8.cloudfront.net\/6\/2023\/07\/Elisa-Balsamo-profimedia-0634214890.webp\"><img loading=\"lazy\" decoding=\"async\" class=\"size-full wp-image-10118\" src=\"https:\/\/d2p6e6u75xmxt8.cloudfront.net\/6\/2023\/07\/Elisa-Balsamo-profimedia-0634214890.webp\" alt=\"\" width=\"1250\" height=\"833\" srcset=\"https:\/\/d2p6e6u75xmxt8.cloudfront.net\/6\/2023\/07\/Elisa-Balsamo-profimedia-0634214890.webp 1250w, https:\/\/d2p6e6u75xmxt8.cloudfront.net\/6\/2023\/07\/Elisa-Balsamo-profimedia-0634214890-300x200.webp 300w, https:\/\/d2p6e6u75xmxt8.cloudfront.net\/6\/2023\/07\/Elisa-Balsamo-profimedia-0634214890-1024x682.webp 1024w, https:\/\/d2p6e6u75xmxt8.cloudfront.net\/6\/2023\/07\/Elisa-Balsamo-profimedia-0634214890-768x512.webp 768w, https:\/\/d2p6e6u75xmxt8.cloudfront.net\/6\/2023\/07\/Elisa-Balsamo-profimedia-0634214890-400x267.webp 400w, https:\/\/d2p6e6u75xmxt8.cloudfront.net\/6\/2023\/07\/Elisa-Balsamo-profimedia-0634214890-272x182.webp 272w\" sizes=\"auto, (max-width: 1250px) 100vw, 1250px\" \/><\/a><figcaption id=\"caption-attachment-10118\" class=\"wp-caption-text\">Elisa Balsamo gan\u00f3 el sprint del Mundial de 2021. \u00a9 Profimedia<\/figcaption><\/figure>\n<p>Elisa Balsamo, del Lidl-Trek, demuestra una inmensa resistencia y determinaci\u00f3n. A pesar de sufrir una fractura de mand\u00edbula en una ca\u00edda durante el evento RideLondon en mayo, se ha recuperado incre\u00edblemente y est\u00e1 preparada para competir en el Tour de France Femmes avec Zwift de este a\u00f1o. Su tenacidad y su esp\u00edritu inquebrantable la convierten sin duda en una candidata convincente.<\/p>\n<h2><strong>Charlotte Kool<\/strong><\/h2>\n<p>La velocista del DSM ya demostr\u00f3 en la pasado Vuelta que es una de las corredoras m\u00e1s r\u00e1pidas del pelot\u00f3n y con capacidad de batir a las mejores. No en vano acaba de sumar <a href=\"https:\/\/www.procyclingstats.com\/rider\/charlotte-kool\">cuatro victorias de etapa<\/a> seguidas en el Tour de Baloise disputado la semana pasada en B\u00e9lgica.<\/p>\n<p>&nbsp;<\/p>\n<h2><strong>Chiara Consonni<\/strong><\/h2>\n<p>Chiara Consonni, representante del UAE Team ADQ, ha demostrado su destreza al sprint con una victoria en la \u00faltima etapa del Giro de Italia Donne. Mientras Annemiek van Vleuten se aseguraba la victoria en la general, Consonni se erigi\u00f3 en la m\u00e1s r\u00e1pida en un sprint masivo. Su velocidad y su perspicacia t\u00e1ctica la convierten en una candidata a seguir de cerca en la lucha por el maillot verde.<\/p>\n<p>Con una impresionante variedad de ciclistas compitiendo por el codiciado <strong>Maillot Verde \u0160koda, el Tour de Francia Femenino con Zwift<\/strong> promete emocionantes batallas demostraciones de velocidad. Mientras las ciclistas recorren las exigentes etapas y persiguen la victoria, no nos cabe duda de que el esp\u00edritu de competici\u00f3n ser\u00e1 palpable. Permanece atento a la cobertura de este trascendental acontecimiento que mostrar\u00e1 lo mejor del ciclismo femenino.<\/p>\n","protected":false},"excerpt":{"rendered":"<p>\u00bfEst\u00e1s preparado para un emocionante duelo ciclista en el Tour de Francia Femenino con Zwift? A partir de domingo 23 [&hellip;]<\/p>\n","protected":false},"author":29,"featured_media":10125,"comment_status":"open","ping_status":"open","sticky":false,"template":"","format":"standard","meta":{"footnotes":""},"categories":[7],"tags":[2251],"global-categories":[],"class_list":["post-10114","post","type-post","status-publish","format-standard","has-post-thumbnail","hentry","category-carretera","tag-tour-francia-femenino-2023"],"yoast_head":"<!-- This site is optimized with the Yoast SEO Premium plugin v25.3 (Yoast SEO v25.9) - https:\/\/yoast.com\/wordpress\/plugins\/seo\/ -->\n<title>Favoritas para el maillot verde \u0160koda del Tour Femenino 2023<\/title>\n<meta name=\"description\" content=\"Favoritas para el maillot verde \u0160koda del Tour Femenino 2023. La velocidad de Vos, Wiebes y Kool frente a la versatilidad de Kopecky.\" \/>\n<meta name=\"robots\" content=\"index, follow, max-snippet:-1, max-image-preview:large, max-video-preview:-1\" \/>\n<link rel=\"canonical\" href=\"https:\/\/www.welovecycling.com\/es\/2023\/07\/22\/maillot-verde-skoda-tour-femenino-2023\/\" \/>\n<meta property=\"og:locale\" content=\"es_ES\" \/>\n<meta property=\"og:type\" content=\"article\" \/>\n<meta property=\"og:title\" content=\"Favoritas para el maillot verde \u0160koda del Tour Femenino 2023\" \/>\n<meta property=\"og:description\" content=\"Favoritas para el maillot verde \u0160koda del Tour Femenino 2023. La velocidad de Vos, Wiebes y Kool frente a la versatilidad de Kopecky.\" \/>\n<meta property=\"og:url\" content=\"https:\/\/www.welovecycling.com\/es\/2023\/07\/22\/maillot-verde-skoda-tour-femenino-2023\/\" \/>\n<meta property=\"og:site_name\" content=\"\u0160koda We Love Cycling - Spain\" \/>\n<meta property=\"article:published_time\" content=\"2023-07-22T08:14:19+00:00\" \/>\n<meta property=\"article:modified_time\" content=\"2023-07-22T08:15:20+00:00\" \/>\n<meta property=\"og:image\" content=\"https:\/\/d2p6e6u75xmxt8.cloudfront.net\/6\/2023\/07\/Tour-de-France-Femmes-peloton-profimedia-0711099823-CVR.webp\" \/>\n\t<meta property=\"og:image:width\" content=\"990\" \/>\n\t<meta property=\"og:image:height\" content=\"660\" \/>\n\t<meta property=\"og:image:type\" content=\"image\/webp\" \/>\n<meta name=\"author\" content=\"We Love Cycling Spain\" \/>\n<meta name=\"twitter:card\" content=\"summary_large_image\" \/>\n<meta name=\"twitter:description\" content=\"Favoritas para el maillot verde \u0160koda del Tour Femenino 2023. La velocidad de Vos, Wiebes y Kool frente a la versatilidad de Kopecky.\" \/>\n<meta name=\"twitter:label1\" content=\"Written by\" \/>\n\t<meta name=\"twitter:data1\" content=\"Megan Flottorp\" \/>\n\t<meta name=\"twitter:label2\" content=\"Est. reading time\" \/>\n\t<meta name=\"twitter:data2\" content=\"5\" \/>\n<script type=\"application\/ld+json\" class=\"yoast-schema-graph\">{\"@context\":\"https:\/\/schema.org\",\"@graph\":[{\"@type\":\"WebPage\",\"@id\":\"https:\/\/www.welovecycling.com\/es\/2023\/07\/22\/maillot-verde-skoda-tour-femenino-2023\/\",\"url\":\"https:\/\/www.welovecycling.com\/es\/2023\/07\/22\/maillot-verde-skoda-tour-femenino-2023\/\",\"name\":\"Favoritas para el maillot verde \u0160koda del Tour Femenino 2023\",\"isPartOf\":{\"@id\":\"https:\/\/www.welovecycling.com\/es\/#website\"},\"primaryImageOfPage\":{\"@id\":\"https:\/\/www.welovecycling.com\/es\/2023\/07\/22\/maillot-verde-skoda-tour-femenino-2023\/#primaryimage\"},\"image\":{\"@id\":\"https:\/\/www.welovecycling.com\/es\/2023\/07\/22\/maillot-verde-skoda-tour-femenino-2023\/#primaryimage\"},\"thumbnailUrl\":\"https:\/\/d2p6e6u75xmxt8.cloudfront.net\/6\/2023\/07\/Tour-de-France-Femmes-peloton-profimedia-0711099823-CVR.webp\",\"datePublished\":\"2023-07-22T08:14:19+00:00\",\"dateModified\":\"2023-07-22T08:15:20+00:00\",\"author\":{\"@id\":\"https:\/\/www.welovecycling.com\/es\/#\/schema\/person\/deb61715b5812698ee79fb96f343ccd4\"},\"description\":\"Favoritas para el maillot verde \u0160koda del Tour Femenino 2023. La velocidad de Vos, Wiebes y Kool frente a la versatilidad de Kopecky.\",\"breadcrumb\":{\"@id\":\"https:\/\/www.welovecycling.com\/es\/2023\/07\/22\/maillot-verde-skoda-tour-femenino-2023\/#breadcrumb\"},\"inLanguage\":\"es-ES\",\"potentialAction\":[{\"@type\":\"ReadAction\",\"target\":[\"https:\/\/www.welovecycling.com\/es\/2023\/07\/22\/maillot-verde-skoda-tour-femenino-2023\/\"]}]},{\"@type\":\"ImageObject\",\"inLanguage\":\"es-ES\",\"@id\":\"https:\/\/www.welovecycling.com\/es\/2023\/07\/22\/maillot-verde-skoda-tour-femenino-2023\/#primaryimage\",\"url\":\"https:\/\/d2p6e6u75xmxt8.cloudfront.net\/6\/2023\/07\/Tour-de-France-Femmes-peloton-profimedia-0711099823-CVR.webp\",\"contentUrl\":\"https:\/\/d2p6e6u75xmxt8.cloudfront.net\/6\/2023\/07\/Tour-de-France-Femmes-peloton-profimedia-0711099823-CVR.webp\",\"width\":990,\"height\":660,\"caption\":\"2022 Tour de France Femmes\"},{\"@type\":\"BreadcrumbList\",\"@id\":\"https:\/\/www.welovecycling.com\/es\/2023\/07\/22\/maillot-verde-skoda-tour-femenino-2023\/#breadcrumb\",\"itemListElement\":[{\"@type\":\"ListItem\",\"position\":1,\"name\":\"Home\",\"item\":\"https:\/\/www.welovecycling.com\/es\/\"},{\"@type\":\"ListItem\",\"position\":2,\"name\":\"Favoritas para el maillot verde \u0160koda del Tour Femenino 2023\"}]},{\"@type\":\"WebSite\",\"@id\":\"https:\/\/www.welovecycling.com\/es\/#website\",\"url\":\"https:\/\/www.welovecycling.com\/es\/\",\"name\":\"\u0160koda We Love Cycling - Spain\",\"description\":\"\u0160koda WeLoveCycling Spain\",\"potentialAction\":[{\"@type\":\"SearchAction\",\"target\":{\"@type\":\"EntryPoint\",\"urlTemplate\":\"https:\/\/www.welovecycling.com\/es\/?s={search_term_string}\"},\"query-input\":{\"@type\":\"PropertyValueSpecification\",\"valueRequired\":true,\"valueName\":\"search_term_string\"}}],\"inLanguage\":\"es-ES\"},{\"@type\":\"Person\",\"@id\":\"https:\/\/www.welovecycling.com\/es\/#\/schema\/person\/deb61715b5812698ee79fb96f343ccd4\",\"name\":\"We Love Cycling Spain\",\"image\":{\"@type\":\"ImageObject\",\"inLanguage\":\"es-ES\",\"@id\":\"https:\/\/www.welovecycling.com\/es\/#\/schema\/person\/image\/\",\"url\":\"https:\/\/secure.gravatar.com\/avatar\/c824b04e6df0e37a03219d0b6481672889df542894588964102459e46513159c?s=96&d=mm&r=g\",\"contentUrl\":\"https:\/\/secure.gravatar.com\/avatar\/c824b04e6df0e37a03219d0b6481672889df542894588964102459e46513159c?s=96&d=mm&r=g\",\"caption\":\"We Love Cycling Spain\"},\"url\":\"https:\/\/www.welovecycling.com\/es\/author\/amunoz\/\"}]}<\/script>\n<!-- \/ Yoast SEO Premium plugin. -->","yoast_head_json":{"title":"Favoritas para el maillot verde \u0160koda del Tour Femenino 2023","description":"Favoritas para el maillot verde \u0160koda del Tour Femenino 2023. La velocidad de Vos, Wiebes y Kool frente a la versatilidad de Kopecky.","robots":{"index":"index","follow":"follow","max-snippet":"max-snippet:-1","max-image-preview":"max-image-preview:large","max-video-preview":"max-video-preview:-1"},"canonical":"https:\/\/www.welovecycling.com\/es\/2023\/07\/22\/maillot-verde-skoda-tour-femenino-2023\/","og_locale":"es_ES","og_type":"article","og_title":"Favoritas para el maillot verde \u0160koda del Tour Femenino 2023","og_description":"Favoritas para el maillot verde \u0160koda del Tour Femenino 2023. La velocidad de Vos, Wiebes y Kool frente a la versatilidad de Kopecky.","og_url":"https:\/\/www.welovecycling.com\/es\/2023\/07\/22\/maillot-verde-skoda-tour-femenino-2023\/","og_site_name":"\u0160koda We Love Cycling - Spain","article_published_time":"2023-07-22T08:14:19+00:00","article_modified_time":"2023-07-22T08:15:20+00:00","og_image":[{"width":990,"height":660,"url":"https:\/\/d2p6e6u75xmxt8.cloudfront.net\/6\/2023\/07\/Tour-de-France-Femmes-peloton-profimedia-0711099823-CVR.webp","type":"image\/webp"}],"author":"We Love Cycling Spain","twitter_card":"summary_large_image","twitter_description":"Favoritas para el maillot verde \u0160koda del Tour Femenino 2023. La velocidad de Vos, Wiebes y Kool frente a la versatilidad de Kopecky.","twitter_misc":{"Written by":"Megan Flottorp","Est. reading time":"5"},"schema":{"@context":"https:\/\/schema.org","@graph":[{"@type":"WebPage","@id":"https:\/\/www.welovecycling.com\/es\/2023\/07\/22\/maillot-verde-skoda-tour-femenino-2023\/","url":"https:\/\/www.welovecycling.com\/es\/2023\/07\/22\/maillot-verde-skoda-tour-femenino-2023\/","name":"Favoritas para el maillot verde \u0160koda del Tour Femenino 2023","isPartOf":{"@id":"https:\/\/www.welovecycling.com\/es\/#website"},"primaryImageOfPage":{"@id":"https:\/\/www.welovecycling.com\/es\/2023\/07\/22\/maillot-verde-skoda-tour-femenino-2023\/#primaryimage"},"image":{"@id":"https:\/\/www.welovecycling.com\/es\/2023\/07\/22\/maillot-verde-skoda-tour-femenino-2023\/#primaryimage"},"thumbnailUrl":"https:\/\/d2p6e6u75xmxt8.cloudfront.net\/6\/2023\/07\/Tour-de-France-Femmes-peloton-profimedia-0711099823-CVR.webp","datePublished":"2023-07-22T08:14:19+00:00","dateModified":"2023-07-22T08:15:20+00:00","author":{"@id":"https:\/\/www.welovecycling.com\/es\/#\/schema\/person\/deb61715b5812698ee79fb96f343ccd4"},"description":"Favoritas para el maillot verde \u0160koda del Tour Femenino 2023. La velocidad de Vos, Wiebes y Kool frente a la versatilidad de Kopecky.","breadcrumb":{"@id":"https:\/\/www.welovecycling.com\/es\/2023\/07\/22\/maillot-verde-skoda-tour-femenino-2023\/#breadcrumb"},"inLanguage":"es-ES","potentialAction":[{"@type":"ReadAction","target":["https:\/\/www.welovecycling.com\/es\/2023\/07\/22\/maillot-verde-skoda-tour-femenino-2023\/"]}]},{"@type":"ImageObject","inLanguage":"es-ES","@id":"https:\/\/www.welovecycling.com\/es\/2023\/07\/22\/maillot-verde-skoda-tour-femenino-2023\/#primaryimage","url":"https:\/\/d2p6e6u75xmxt8.cloudfront.net\/6\/2023\/07\/Tour-de-France-Femmes-peloton-profimedia-0711099823-CVR.webp","contentUrl":"https:\/\/d2p6e6u75xmxt8.cloudfront.net\/6\/2023\/07\/Tour-de-France-Femmes-peloton-profimedia-0711099823-CVR.webp","width":990,"height":660,"caption":"2022 Tour de France Femmes"},{"@type":"BreadcrumbList","@id":"https:\/\/www.welovecycling.com\/es\/2023\/07\/22\/maillot-verde-skoda-tour-femenino-2023\/#breadcrumb","itemListElement":[{"@type":"ListItem","position":1,"name":"Home","item":"https:\/\/www.welovecycling.com\/es\/"},{"@type":"ListItem","position":2,"name":"Favoritas para el maillot verde \u0160koda del Tour Femenino 2023"}]},{"@type":"WebSite","@id":"https:\/\/www.welovecycling.com\/es\/#website","url":"https:\/\/www.welovecycling.com\/es\/","name":"\u0160koda We Love Cycling - Spain","description":"\u0160koda WeLoveCycling Spain","potentialAction":[{"@type":"SearchAction","target":{"@type":"EntryPoint","urlTemplate":"https:\/\/www.welovecycling.com\/es\/?s={search_term_string}"},"query-input":{"@type":"PropertyValueSpecification","valueRequired":true,"valueName":"search_term_string"}}],"inLanguage":"es-ES"},{"@type":"Person","@id":"https:\/\/www.welovecycling.com\/es\/#\/schema\/person\/deb61715b5812698ee79fb96f343ccd4","name":"We Love Cycling Spain","image":{"@type":"ImageObject","inLanguage":"es-ES","@id":"https:\/\/www.welovecycling.com\/es\/#\/schema\/person\/image\/","url":"https:\/\/secure.gravatar.com\/avatar\/c824b04e6df0e37a03219d0b6481672889df542894588964102459e46513159c?s=96&d=mm&r=g","contentUrl":"https:\/\/secure.gravatar.com\/avatar\/c824b04e6df0e37a03219d0b6481672889df542894588964102459e46513159c?s=96&d=mm&r=g","caption":"We Love Cycling Spain"},"url":"https:\/\/www.welovecycling.com\/es\/author\/amunoz\/"}]}},"_links":{"self":[{"href":"https:\/\/www.welovecycling.com\/es\/wp-json\/wp\/v2\/posts\/10114","targetHints":{"allow":["GET"]}}],"collection":[{"href":"https:\/\/www.welovecycling.com\/es\/wp-json\/wp\/v2\/posts"}],"about":[{"href":"https:\/\/www.welovecycling.com\/es\/wp-json\/wp\/v2\/types\/post"}],"author":[{"embeddable":true,"href":"https:\/\/www.welovecycling.com\/es\/wp-json\/wp\/v2\/users\/29"}],"replies":[{"embeddable":true,"href":"https:\/\/www.welovecycling.com\/es\/wp-json\/wp\/v2\/comments?post=10114"}],"version-history":[{"count":3,"href":"https:\/\/www.welovecycling.com\/es\/wp-json\/wp\/v2\/posts\/10114\/revisions"}],"predecessor-version":[{"id":10129,"href":"https:\/\/www.welovecycling.com\/es\/wp-json\/wp\/v2\/posts\/10114\/revisions\/10129"}],"wp:featuredmedia":[{"embeddable":true,"href":"https:\/\/www.welovecycling.com\/es\/wp-json\/wp\/v2\/media\/10125"}],"wp:attachment":[{"href":"https:\/\/www.welovecycling.com\/es\/wp-json\/wp\/v2\/media?parent=10114"}],"wp:term":[{"taxonomy":"category","embeddable":true,"href":"https:\/\/www.welovecycling.com\/es\/wp-json\/wp\/v2\/categories?post=10114"},{"taxonomy":"post_tag","embeddable":true,"href":"https:\/\/www.welovecycling.com\/es\/wp-json\/wp\/v2\/tags?post=10114"},{"taxonomy":"global-categories","embeddable":true,"href":"https:\/\/www.welovecycling.com\/es\/wp-json\/wp\/v2\/global-categories?post=10114"}],"curies":[{"name":"wp","href":"https:\/\/api.w.org\/{rel}","templated":true}]}}