{"id":10113,"date":"2023-07-23T10:15:33","date_gmt":"2023-07-23T08:15:33","guid":{"rendered":"https:\/\/www.welovecycling.com\/es\/?p=10113"},"modified":"2023-07-22T10:32:59","modified_gmt":"2023-07-22T08:32:59","slug":"farolillo-rojo","status":"publish","type":"post","link":"https:\/\/www.welovecycling.com\/es\/2023\/07\/23\/farolillo-rojo\/","title":{"rendered":"La historia del farolillo rojo"},"content":{"rendered":"<p style=\"font-weight: 400;\">.<strong>El ciclismo es un deporte cruel. Especialmente el ciclismo profesional. Puedes ser uno de los mejores gregarios y, sin embargo, s\u00f3lo unos pocos se acordar\u00e1n de ti. Toda la atenci\u00f3n se centra en los ganadores, en los que se separan del pelot\u00f3n y encuentran la gloria en emocionantes ataques o sprints. Por eso todo el mundo conoce a Jonas Vingegaard y Tadej Poga\u010dar pero pocos al farolillo rojo.<\/strong><\/p>\n<p><!--more--><\/p>\n<p style=\"font-weight: 400;\">Son las estrellas, los que acaparan todas las miradas. Y mientras que el Tour de Francia es una celebraci\u00f3n del ciclismo que sin duda eleva a estos ganadores a la categor\u00eda de leyenda, el Rey de todas las Carreras va un paso m\u00e1s all\u00e1. No s\u00f3lo honra al corredor m\u00e1s r\u00e1pido, al mejor velocista y al escalador. Tambi\u00e9n honra a los que no se rindieron. Celebran al \u00faltimo participante que termina el Tour de Francia. De eso trata la Lanterne Rouge (Farolillo Rojo): de homenajear a los h\u00e9roes del ciclismo que pasan desapercibidos.<\/p>\n<h2><strong>La historia del Farolillo Rojo<\/strong><\/h2>\n<p>El t\u00e9rmino Lanterne Rouge (farolillo rojo) se inspir\u00f3 en las luces rojas que llevan los trenes al final de su \u00faltimo vag\u00f3n. Simboliza el final de la competici\u00f3n, que a los ojos de los organizadores del Tour de Francia, era tan importante como la parte delantera. As\u00ed, en 1903 introdujeron la Lanterne Rouge para honrar al \u00faltimo de la clasificaci\u00f3n general que no abandonaba la carrera.<\/p>\n<p>Sin embargo, la el Farolillo Rojo tiene un significado mucho mayor, ya que infunde \u00e1nimos a los \u00faltimos del pelot\u00f3n para llegar a la meta. No es ning\u00fan secreto que no todo el mundo termina la carrera, especialmente cuando no tienen ninguna posibilidad de estar en las primeras posiciones. Al fin y al cabo, cada uno de estos ciclistas es un profesional, y si se sienten inc\u00f3modos y no tienen ninguna posibilidad de ganar, es mucho mejor abandonar la carrera que arriesgarse a perderse toda la temporada.<\/p>\n<p>Por otra parte, s\u00f3lo en 2022, m\u00e1s de 41 corredores abandonaron la carrera antes de ver Par\u00eds. Eso es aproximadamente una cuarta parte de todos los que tomaron la salida. As\u00ed pues, la Lanterne Rouge es mucho m\u00e1s que una menci\u00f3n honor\u00edfica simb\u00f3lica. Es un s\u00edmbolo del amor del corredor por la carrera. Es un signo de valent\u00eda para no abandonar a pesar de todo. Es un emblema de coraje, dedicaci\u00f3n y resistencia. Y aunque parezca f\u00e1cil obtener este honor, definitivamente no lo es.<\/p>\n<h2><strong>C\u00f3mo ser el farolillo rojo<\/strong><\/h2>\n<p style=\"font-weight: 400;\">Ganar la Lanterne Rouge es casi tan dif\u00edcil como ganar todo el Tour de Francia. Antes de la d\u00e9cada de 1980, muchos ciclistas empezaron a abusar de esta menci\u00f3n honor\u00edfica, qued\u00e1ndose rezagados intencionadamente y luchando por acabar \u00faltimos. El Tour de Francia de 1978 fue un punto de inflexi\u00f3n para este metaf\u00f3rico premio. <a href=\"https:\/\/www.welovecycling.com\/es\/2021\/01\/29\/idolos-ciclistas-80-90\/\">Bernard Hinault<\/a> gan\u00f3 el Tour y la etapa final, una contrarreloj. Termin\u00f3 el recorrido de 48,8 km en 1:08:53. En aquel momento, Gerhard Schonbacher y Philippe Tesniere eran los dos \u00faltimos corredores, ambos aspirantes al t\u00edtulo honor\u00edfico.<\/p>\n<figure id=\"attachment_10116\" aria-describedby=\"caption-attachment-10116\" style=\"width: 1250px\" class=\"wp-caption alignnone\"><a href=\"https:\/\/d2p6e6u75xmxt8.cloudfront.net\/6\/2023\/07\/Luke-Rowe-profimedia-0342714399.webp\"><img loading=\"lazy\" decoding=\"async\" class=\"size-full wp-image-10116\" src=\"https:\/\/d2p6e6u75xmxt8.cloudfront.net\/6\/2023\/07\/Luke-Rowe-profimedia-0342714399.webp\" alt=\"Luke Rowe\" width=\"1250\" height=\"833\" srcset=\"https:\/\/d2p6e6u75xmxt8.cloudfront.net\/6\/2023\/07\/Luke-Rowe-profimedia-0342714399.webp 1250w, https:\/\/d2p6e6u75xmxt8.cloudfront.net\/6\/2023\/07\/Luke-Rowe-profimedia-0342714399-300x200.webp 300w, https:\/\/d2p6e6u75xmxt8.cloudfront.net\/6\/2023\/07\/Luke-Rowe-profimedia-0342714399-1024x682.webp 1024w, https:\/\/d2p6e6u75xmxt8.cloudfront.net\/6\/2023\/07\/Luke-Rowe-profimedia-0342714399-768x512.webp 768w, https:\/\/d2p6e6u75xmxt8.cloudfront.net\/6\/2023\/07\/Luke-Rowe-profimedia-0342714399-400x267.webp 400w, https:\/\/d2p6e6u75xmxt8.cloudfront.net\/6\/2023\/07\/Luke-Rowe-profimedia-0342714399-272x182.webp 272w\" sizes=\"auto, (max-width: 1250px) 100vw, 1250px\" \/><\/a><figcaption id=\"caption-attachment-10116\" class=\"wp-caption-text\">Luke Rowe recibiendo el farolillo rojo.<\/figcaption><\/figure>\n<p style=\"font-weight: 400;\">\n<p>\u00bfPor qu\u00e9? Porque llama la atenci\u00f3n. Esto significa m\u00e1s patrocinios y mejor remuneraci\u00f3n. Schonbacher termin\u00f3 la misma distancia en 1:21:52. Tesniere lo hizo en 1:23:32. Eran los m\u00e1s lentos de todos los corredores y obviamente intentaban ser los \u00faltimos. Sin embargo, Tesniere no tuvo en cuenta el recorte de tiempo, ya que era m\u00e1s de un 20% m\u00e1s lento que Hinault, por lo que fue descalificado.<\/p>\n<p>Esto oblig\u00f3 a los organizadores a establecer una nueva norma, por la que se recortar\u00eda el tiempo del \u00faltimo corredor de cada etapa entre el 14% y el 20%. A pesar de ello, Schonbacher volvi\u00f3 a conseguir el t\u00edtulo honor\u00edfico en 1980. \u00daltimamente rara vez alguien aspira a la Lanterne Rouge a prop\u00f3sito. Hoy en d\u00eda, este t\u00edtulo simboliza la resistencia y una menci\u00f3n honor\u00edfica para aquellos que no abandonaron.<\/p>\n<h2><strong>Los h\u00e9roes del farolillo rojo<\/strong><\/h2>\n<p>La mayor\u00eda de los ciclistas que obtuvieron la el farolillo rojo realmente la merec\u00edan. No intentaban malversar el sistema y, la mayor\u00eda de las veces, eran corredores lesionados que consiguieron terminar esta ardua tarea a pesar de su dolor y sufrimiento. El viaje para convertirse en la Lanterne Rouge est\u00e1 lleno de numerosos desaf\u00edos. Los corredores de la parte trasera del pelot\u00f3n suelen soportar condiciones meteorol\u00f3gicas brutales, ascensos arduos y fatiga. Se enfrentan a una inmensa presi\u00f3n para mantenerse dentro de los l\u00edmites de tiempo de la carrera y evitar la eliminaci\u00f3n. Sin embargo, a pesar de estas adversidades, el farolillo rojo representa el triunfo del esp\u00edritu sobre los resultados.<\/p>\n<p>Para muchos corredores, terminar el Tour de Francia ya es un logro. Es el esp\u00edritu de perseverancia, representando las incontables horas de entrenamiento, los sacrificios realizados y la resistencia mental y f\u00edsica necesaria para completar la agotadora carrera de 21 etapas. El velocista irland\u00e9s Sam Bennett es un buen ejemplo. Se cay\u00f3 y se rompi\u00f3 un dedo en la etapa inaugural del Tour de 2016, pero a pesar del dolor, persever\u00f3, luch\u00f3 por mantenerse dentro de los l\u00edmites de tiempo y finalmente termin\u00f3 las 21 etapas. Cuatro a\u00f1os despu\u00e9s, el irland\u00e9s gan\u00f3 el maillot verde, demostrando que la el farolillo rojo no es solo una menci\u00f3n honor\u00edfica, sino una inspiraci\u00f3n para seguir esforz\u00e1ndose.<\/p>\n<p>En 2018 <a href=\"https:\/\/www.procyclingstats.com\/rider\/lawson-craddock\/start\">Lawson Craddock<\/a> se convirti\u00f3 en el primer ciclista que tuvo el t\u00edtulo durante toda la carrera. Tras una\u00a0 ca\u00edda en la etapa inaugural, sufri\u00f3 laceraciones faciales y una fractura de esc\u00e1pula. Decidido a perseverar, Craddock no s\u00f3lo sigui\u00f3 pedaleando, sino que complet\u00f3 la etapa, dejando una imagen inolvidable de su rostro ensangrentado que r\u00e1pidamente se hizo viral, captando los corazones y la atenci\u00f3n de la comunidad ciclista mundial.<\/p>\n<p>En una inspiradora muestra de altruismo y compasi\u00f3n, Craddock aprovech\u00f3 la oportunidad de utilizar su condici\u00f3n de Lanterne Rouge para una causa mayor. Utiliz\u00f3 las redes sociales para anunciar que donar\u00eda 100 d\u00f3lares por cada etapa que completara a la Greater Houston Cycling Association para ayudar a reconstruir el vel\u00f3dromo de Alkek, que hab\u00eda sufrido importantes da\u00f1os a causa del hurac\u00e1n Harvey. Se cre\u00f3 una p\u00e1gina de GoFundMe para facilitar a\u00fan m\u00e1s las contribuciones, permitiendo a las personas contribuir directamente a los esfuerzos de restauraci\u00f3n del vel\u00f3dromo.<\/p>\n<p>A medida que Craddock perseveraba en cada una de las duras etapas de la carrera, su inquebrantable determinaci\u00f3n y compromiso con su causa ben\u00e9fica atra\u00edan una atenci\u00f3n y un apoyo considerables. Su acto desinteresado cosech\u00f3 una gran cobertura medi\u00e1tica, que puso de relieve los esfuerzos de recaudaci\u00f3n de fondos e inspir\u00f3 a innumerables personas a contribuir. Al final, los esfuerzos combinados recaudaron la asombrosa suma de m\u00e1s de 250.000 d\u00f3lares para ayudar a la restauraci\u00f3n del vel\u00f3dromo de Alkek.<\/p>\n<h2><strong>El Farolillo Rojo es el esp\u00edritu del Tour<\/strong><\/h2>\n<p style=\"font-weight: 400;\">Mientras que el maillot amarillo acapara la imaginaci\u00f3n del mundo del ciclismo, la Lanterne Rouge se erige como s\u00edmbolo de determinaci\u00f3n y resistencia inquebrantables. Puede que los ciclistas que adoptan este papel no reciban el mismo reconocimiento que los ganadores de la carrera, pero sus historias son igualmente inspiradoras y dignas de celebraci\u00f3n. El farolillo rojo nos recuerda que el \u00e9xito no siempre se mide por los podios, sino por el esp\u00edritu indomable para vencer los retos, superar los contratiempos y cruzar la l\u00ednea de meta. As\u00ed pues, aunque el maillot amarillo tiene la gloria del Tour, la Lanterne Rouge tiene definitivamente su esp\u00edritu.<\/p>\n","protected":false},"excerpt":{"rendered":"<p>.El ciclismo es un deporte cruel. Especialmente el ciclismo profesional. Puedes ser uno de los mejores gregarios y, sin embargo, [&hellip;]<\/p>\n","protected":false},"author":29,"featured_media":10126,"comment_status":"open","ping_status":"open","sticky":false,"template":"","format":"standard","meta":{"footnotes":""},"categories":[7],"tags":[2186],"global-categories":[],"class_list":["post-10113","post","type-post","status-publish","format-standard","has-post-thumbnail","hentry","category-carretera","tag-tour-2023"],"yoast_head":"<!-- This site is optimized with the Yoast SEO Premium plugin v25.3 (Yoast SEO v25.9) - https:\/\/yoast.com\/wordpress\/plugins\/seo\/ -->\n<title>The Story of the Tour de France&#039;s Lanterne Rouge<\/title>\n<meta name=\"description\" content=\"La historia del farolillo rojo. En el ciclismo los \u00faltimos tambi\u00e9n tiene su reconocimiento. Por eso es un deporte tan diferente al resto.\" \/>\n<meta name=\"robots\" content=\"index, follow, max-snippet:-1, max-image-preview:large, max-video-preview:-1\" \/>\n<link rel=\"canonical\" href=\"https:\/\/www.welovecycling.com\/es\/2023\/07\/23\/farolillo-rojo\/\" \/>\n<meta property=\"og:locale\" content=\"es_ES\" \/>\n<meta property=\"og:type\" content=\"article\" \/>\n<meta property=\"og:title\" content=\"La historia del farolillo rojo\" \/>\n<meta property=\"og:description\" content=\"La historia del farolillo rojo. En el ciclismo los \u00faltimos tambi\u00e9n tiene su reconocimiento. Por eso es un deporte tan diferente al resto.\" \/>\n<meta property=\"og:url\" content=\"https:\/\/www.welovecycling.com\/es\/2023\/07\/23\/farolillo-rojo\/\" \/>\n<meta property=\"og:site_name\" content=\"\u0160koda We Love Cycling - Spain\" \/>\n<meta property=\"article:published_time\" content=\"2023-07-23T08:15:33+00:00\" \/>\n<meta property=\"og:image\" content=\"https:\/\/d2p6e6u75xmxt8.cloudfront.net\/6\/2023\/07\/Caleb-Ewan-Lanterne-Rouge-profimedia-0709828254-CVR.webp\" \/>\n\t<meta property=\"og:image:width\" content=\"990\" \/>\n\t<meta property=\"og:image:height\" content=\"660\" \/>\n\t<meta property=\"og:image:type\" content=\"image\/webp\" \/>\n<meta name=\"author\" content=\"We Love Cycling Spain\" \/>\n<meta name=\"twitter:card\" content=\"summary_large_image\" \/>\n<meta name=\"twitter:description\" content=\"La historia del farolillo rojo. En el ciclismo los \u00faltimos tambi\u00e9n tiene su reconocimiento. Por eso es un deporte tan diferente al resto.\" \/>\n<meta name=\"twitter:label1\" content=\"Written by\" \/>\n\t<meta name=\"twitter:data1\" content=\"Martin Atanasov\" \/>\n\t<meta name=\"twitter:label2\" content=\"Est. reading time\" \/>\n\t<meta name=\"twitter:data2\" content=\"5\" \/>\n<script type=\"application\/ld+json\" class=\"yoast-schema-graph\">{\"@context\":\"https:\/\/schema.org\",\"@graph\":[{\"@type\":\"WebPage\",\"@id\":\"https:\/\/www.welovecycling.com\/es\/2023\/07\/23\/farolillo-rojo\/\",\"url\":\"https:\/\/www.welovecycling.com\/es\/2023\/07\/23\/farolillo-rojo\/\",\"name\":\"The Story of the Tour de France's Lanterne Rouge\",\"isPartOf\":{\"@id\":\"https:\/\/www.welovecycling.com\/es\/#website\"},\"primaryImageOfPage\":{\"@id\":\"https:\/\/www.welovecycling.com\/es\/2023\/07\/23\/farolillo-rojo\/#primaryimage\"},\"image\":{\"@id\":\"https:\/\/www.welovecycling.com\/es\/2023\/07\/23\/farolillo-rojo\/#primaryimage\"},\"thumbnailUrl\":\"https:\/\/d2p6e6u75xmxt8.cloudfront.net\/6\/2023\/07\/Caleb-Ewan-Lanterne-Rouge-profimedia-0709828254-CVR.webp\",\"datePublished\":\"2023-07-23T08:15:33+00:00\",\"author\":{\"@id\":\"https:\/\/www.welovecycling.com\/es\/#\/schema\/person\/deb61715b5812698ee79fb96f343ccd4\"},\"description\":\"La historia del farolillo rojo. En el ciclismo los \u00faltimos tambi\u00e9n tiene su reconocimiento. Por eso es un deporte tan diferente al resto.\",\"breadcrumb\":{\"@id\":\"https:\/\/www.welovecycling.com\/es\/2023\/07\/23\/farolillo-rojo\/#breadcrumb\"},\"inLanguage\":\"es-ES\",\"potentialAction\":[{\"@type\":\"ReadAction\",\"target\":[\"https:\/\/www.welovecycling.com\/es\/2023\/07\/23\/farolillo-rojo\/\"]}]},{\"@type\":\"ImageObject\",\"inLanguage\":\"es-ES\",\"@id\":\"https:\/\/www.welovecycling.com\/es\/2023\/07\/23\/farolillo-rojo\/#primaryimage\",\"url\":\"https:\/\/d2p6e6u75xmxt8.cloudfront.net\/6\/2023\/07\/Caleb-Ewan-Lanterne-Rouge-profimedia-0709828254-CVR.webp\",\"contentUrl\":\"https:\/\/d2p6e6u75xmxt8.cloudfront.net\/6\/2023\/07\/Caleb-Ewan-Lanterne-Rouge-profimedia-0709828254-CVR.webp\",\"width\":990,\"height\":660},{\"@type\":\"BreadcrumbList\",\"@id\":\"https:\/\/www.welovecycling.com\/es\/2023\/07\/23\/farolillo-rojo\/#breadcrumb\",\"itemListElement\":[{\"@type\":\"ListItem\",\"position\":1,\"name\":\"Home\",\"item\":\"https:\/\/www.welovecycling.com\/es\/\"},{\"@type\":\"ListItem\",\"position\":2,\"name\":\"La historia del farolillo rojo\"}]},{\"@type\":\"WebSite\",\"@id\":\"https:\/\/www.welovecycling.com\/es\/#website\",\"url\":\"https:\/\/www.welovecycling.com\/es\/\",\"name\":\"\u0160koda We Love Cycling - Spain\",\"description\":\"\u0160koda WeLoveCycling Spain\",\"potentialAction\":[{\"@type\":\"SearchAction\",\"target\":{\"@type\":\"EntryPoint\",\"urlTemplate\":\"https:\/\/www.welovecycling.com\/es\/?s={search_term_string}\"},\"query-input\":{\"@type\":\"PropertyValueSpecification\",\"valueRequired\":true,\"valueName\":\"search_term_string\"}}],\"inLanguage\":\"es-ES\"},{\"@type\":\"Person\",\"@id\":\"https:\/\/www.welovecycling.com\/es\/#\/schema\/person\/deb61715b5812698ee79fb96f343ccd4\",\"name\":\"We Love Cycling Spain\",\"image\":{\"@type\":\"ImageObject\",\"inLanguage\":\"es-ES\",\"@id\":\"https:\/\/www.welovecycling.com\/es\/#\/schema\/person\/image\/\",\"url\":\"https:\/\/secure.gravatar.com\/avatar\/c824b04e6df0e37a03219d0b6481672889df542894588964102459e46513159c?s=96&d=mm&r=g\",\"contentUrl\":\"https:\/\/secure.gravatar.com\/avatar\/c824b04e6df0e37a03219d0b6481672889df542894588964102459e46513159c?s=96&d=mm&r=g\",\"caption\":\"We Love Cycling Spain\"},\"url\":\"https:\/\/www.welovecycling.com\/es\/author\/amunoz\/\"}]}<\/script>\n<!-- \/ Yoast SEO Premium plugin. -->","yoast_head_json":{"title":"The Story of the Tour de France's Lanterne Rouge","description":"La historia del farolillo rojo. En el ciclismo los \u00faltimos tambi\u00e9n tiene su reconocimiento. Por eso es un deporte tan diferente al resto.","robots":{"index":"index","follow":"follow","max-snippet":"max-snippet:-1","max-image-preview":"max-image-preview:large","max-video-preview":"max-video-preview:-1"},"canonical":"https:\/\/www.welovecycling.com\/es\/2023\/07\/23\/farolillo-rojo\/","og_locale":"es_ES","og_type":"article","og_title":"La historia del farolillo rojo","og_description":"La historia del farolillo rojo. En el ciclismo los \u00faltimos tambi\u00e9n tiene su reconocimiento. Por eso es un deporte tan diferente al resto.","og_url":"https:\/\/www.welovecycling.com\/es\/2023\/07\/23\/farolillo-rojo\/","og_site_name":"\u0160koda We Love Cycling - Spain","article_published_time":"2023-07-23T08:15:33+00:00","og_image":[{"width":990,"height":660,"url":"https:\/\/d2p6e6u75xmxt8.cloudfront.net\/6\/2023\/07\/Caleb-Ewan-Lanterne-Rouge-profimedia-0709828254-CVR.webp","type":"image\/webp"}],"author":"We Love Cycling Spain","twitter_card":"summary_large_image","twitter_description":"La historia del farolillo rojo. En el ciclismo los \u00faltimos tambi\u00e9n tiene su reconocimiento. Por eso es un deporte tan diferente al resto.","twitter_misc":{"Written by":"Martin Atanasov","Est. reading time":"5"},"schema":{"@context":"https:\/\/schema.org","@graph":[{"@type":"WebPage","@id":"https:\/\/www.welovecycling.com\/es\/2023\/07\/23\/farolillo-rojo\/","url":"https:\/\/www.welovecycling.com\/es\/2023\/07\/23\/farolillo-rojo\/","name":"The Story of the Tour de France's Lanterne Rouge","isPartOf":{"@id":"https:\/\/www.welovecycling.com\/es\/#website"},"primaryImageOfPage":{"@id":"https:\/\/www.welovecycling.com\/es\/2023\/07\/23\/farolillo-rojo\/#primaryimage"},"image":{"@id":"https:\/\/www.welovecycling.com\/es\/2023\/07\/23\/farolillo-rojo\/#primaryimage"},"thumbnailUrl":"https:\/\/d2p6e6u75xmxt8.cloudfront.net\/6\/2023\/07\/Caleb-Ewan-Lanterne-Rouge-profimedia-0709828254-CVR.webp","datePublished":"2023-07-23T08:15:33+00:00","author":{"@id":"https:\/\/www.welovecycling.com\/es\/#\/schema\/person\/deb61715b5812698ee79fb96f343ccd4"},"description":"La historia del farolillo rojo. En el ciclismo los \u00faltimos tambi\u00e9n tiene su reconocimiento. Por eso es un deporte tan diferente al resto.","breadcrumb":{"@id":"https:\/\/www.welovecycling.com\/es\/2023\/07\/23\/farolillo-rojo\/#breadcrumb"},"inLanguage":"es-ES","potentialAction":[{"@type":"ReadAction","target":["https:\/\/www.welovecycling.com\/es\/2023\/07\/23\/farolillo-rojo\/"]}]},{"@type":"ImageObject","inLanguage":"es-ES","@id":"https:\/\/www.welovecycling.com\/es\/2023\/07\/23\/farolillo-rojo\/#primaryimage","url":"https:\/\/d2p6e6u75xmxt8.cloudfront.net\/6\/2023\/07\/Caleb-Ewan-Lanterne-Rouge-profimedia-0709828254-CVR.webp","contentUrl":"https:\/\/d2p6e6u75xmxt8.cloudfront.net\/6\/2023\/07\/Caleb-Ewan-Lanterne-Rouge-profimedia-0709828254-CVR.webp","width":990,"height":660},{"@type":"BreadcrumbList","@id":"https:\/\/www.welovecycling.com\/es\/2023\/07\/23\/farolillo-rojo\/#breadcrumb","itemListElement":[{"@type":"ListItem","position":1,"name":"Home","item":"https:\/\/www.welovecycling.com\/es\/"},{"@type":"ListItem","position":2,"name":"La historia del farolillo rojo"}]},{"@type":"WebSite","@id":"https:\/\/www.welovecycling.com\/es\/#website","url":"https:\/\/www.welovecycling.com\/es\/","name":"\u0160koda We Love Cycling - Spain","description":"\u0160koda WeLoveCycling Spain","potentialAction":[{"@type":"SearchAction","target":{"@type":"EntryPoint","urlTemplate":"https:\/\/www.welovecycling.com\/es\/?s={search_term_string}"},"query-input":{"@type":"PropertyValueSpecification","valueRequired":true,"valueName":"search_term_string"}}],"inLanguage":"es-ES"},{"@type":"Person","@id":"https:\/\/www.welovecycling.com\/es\/#\/schema\/person\/deb61715b5812698ee79fb96f343ccd4","name":"We Love Cycling Spain","image":{"@type":"ImageObject","inLanguage":"es-ES","@id":"https:\/\/www.welovecycling.com\/es\/#\/schema\/person\/image\/","url":"https:\/\/secure.gravatar.com\/avatar\/c824b04e6df0e37a03219d0b6481672889df542894588964102459e46513159c?s=96&d=mm&r=g","contentUrl":"https:\/\/secure.gravatar.com\/avatar\/c824b04e6df0e37a03219d0b6481672889df542894588964102459e46513159c?s=96&d=mm&r=g","caption":"We Love Cycling Spain"},"url":"https:\/\/www.welovecycling.com\/es\/author\/amunoz\/"}]}},"_links":{"self":[{"href":"https:\/\/www.welovecycling.com\/es\/wp-json\/wp\/v2\/posts\/10113","targetHints":{"allow":["GET"]}}],"collection":[{"href":"https:\/\/www.welovecycling.com\/es\/wp-json\/wp\/v2\/posts"}],"about":[{"href":"https:\/\/www.welovecycling.com\/es\/wp-json\/wp\/v2\/types\/post"}],"author":[{"embeddable":true,"href":"https:\/\/www.welovecycling.com\/es\/wp-json\/wp\/v2\/users\/29"}],"replies":[{"embeddable":true,"href":"https:\/\/www.welovecycling.com\/es\/wp-json\/wp\/v2\/comments?post=10113"}],"version-history":[{"count":2,"href":"https:\/\/www.welovecycling.com\/es\/wp-json\/wp\/v2\/posts\/10113\/revisions"}],"predecessor-version":[{"id":10130,"href":"https:\/\/www.welovecycling.com\/es\/wp-json\/wp\/v2\/posts\/10113\/revisions\/10130"}],"wp:featuredmedia":[{"embeddable":true,"href":"https:\/\/www.welovecycling.com\/es\/wp-json\/wp\/v2\/media\/10126"}],"wp:attachment":[{"href":"https:\/\/www.welovecycling.com\/es\/wp-json\/wp\/v2\/media?parent=10113"}],"wp:term":[{"taxonomy":"category","embeddable":true,"href":"https:\/\/www.welovecycling.com\/es\/wp-json\/wp\/v2\/categories?post=10113"},{"taxonomy":"post_tag","embeddable":true,"href":"https:\/\/www.welovecycling.com\/es\/wp-json\/wp\/v2\/tags?post=10113"},{"taxonomy":"global-categories","embeddable":true,"href":"https:\/\/www.welovecycling.com\/es\/wp-json\/wp\/v2\/global-categories?post=10113"}],"curies":[{"name":"wp","href":"https:\/\/api.w.org\/{rel}","templated":true}]}}