{"id":10111,"date":"2023-07-22T09:54:46","date_gmt":"2023-07-22T07:54:46","guid":{"rendered":"https:\/\/www.welovecycling.com\/es\/?p=10111"},"modified":"2023-07-22T09:54:46","modified_gmt":"2023-07-22T07:54:46","slug":"cambios-reglas-tour-2","status":"publish","type":"post","link":"https:\/\/www.welovecycling.com\/es\/2023\/07\/22\/cambios-reglas-tour-2\/","title":{"rendered":"Los cambios en las reglas del Tour"},"content":{"rendered":"<p><strong>Los cambios en la reglas del Tour han sido constantes desde su creaci\u00f3n en 1903. La carrera ha ido evolucionando para adaptarse a las nuevas exigencias del ciclismo. En este art\u00edculo destacar\u00e9 algunos de los cambios m\u00e1s notables en la historia de &#8220;Le Grand Boucle&#8221; para tratar de arrojar algo de luz sobre la transformaci\u00f3n desde los d\u00edas pioneros en los que no hab\u00eda apoyo a los corredores y la competici\u00f3n original se basaba en los puntos, hasta las normas m\u00e1s contempor\u00e1neas que rigen el tama\u00f1o de los equipos y el tiempo total que conocemos hoy en d\u00eda.<\/strong><\/p>\n<p><!--more--><\/p>\n<h2><strong>Los inicios: Aventureros<\/strong><\/h2>\n<div>\n<p>En sus primeros a\u00f1os, el Tour de Francia era b\u00e1sicamente una agotadora prueba de resistencia, en la que los corredores afrontaban largas etapas de una media de casi 400 km al d\u00eda, por terrenos traicioneros sobre firmes que hoy llamar\u00edamos gravel. A diferencia de las estructuras de apoyo neutrales y de equipo que vemos hoy en d\u00eda, los corredores de las primeras ediciones de la carrera no ten\u00edan ning\u00fan tipo de asistencia. Corr\u00edan individualmente y eran responsables de sus reparaciones mec\u00e1nicas, de su alimentaci\u00f3n e incluso de la navegaci\u00f3n. Esta falta de apoyo pon\u00eda a prueba la resistencia f\u00edsica y mental de los corredores, haciendo que la carrera fuera a\u00fan m\u00e1s exigente.<\/p>\n<p>Como ejemplo, en el Tour de 1919, el franc\u00e9s Eugene Christophe fue atropellado por un veh\u00edculo de carrera y se estrell\u00f3, lo que provoc\u00f3 la rotura de sus horquilla. Entonces se dirigi\u00f3 a pie a un pueblo cercano, a 12 kil\u00f3metros de distancia, y arregl\u00f3 la<a href=\"https:\/\/www.welovecycling.com\/es\/2018\/08\/08\/monumentos-ciclistas-lugares-de-culto-al-ciclismo\/\"> horquilla en una herrer\u00eda<\/a>. Sin embargo, mientras soldaba las horquilla, un ni\u00f1o de 7 a\u00f1os trabajaba en los fuelles que suministraban aire al horno. Esto fue considerado como &#8220;asistencia&#8221; por un comisario de carrera que supervis\u00f3 los procedimientos e impuso una penalizaci\u00f3n de 10 minutos a Christophe. Incre\u00edble.<\/p>\n<\/div>\n<div>\n<figure id=\"attachment_10117\" aria-describedby=\"caption-attachment-10117\" style=\"width: 900px\" class=\"wp-caption alignnone\"><a href=\"https:\/\/d2p6e6u75xmxt8.cloudfront.net\/6\/2023\/07\/Eugene-Christophe-profimedia-0226021645-CVR.webp\"><img loading=\"lazy\" decoding=\"async\" class=\"wp-image-10117 size-full\" src=\"https:\/\/d2p6e6u75xmxt8.cloudfront.net\/6\/2023\/07\/Eugene-Christophe-profimedia-0226021645-CVR.webp\" alt=\"1913 Tour\" width=\"900\" height=\"600\" srcset=\"https:\/\/d2p6e6u75xmxt8.cloudfront.net\/6\/2023\/07\/Eugene-Christophe-profimedia-0226021645-CVR.webp 900w, https:\/\/d2p6e6u75xmxt8.cloudfront.net\/6\/2023\/07\/Eugene-Christophe-profimedia-0226021645-CVR-300x200.webp 300w, https:\/\/d2p6e6u75xmxt8.cloudfront.net\/6\/2023\/07\/Eugene-Christophe-profimedia-0226021645-CVR-768x512.webp 768w, https:\/\/d2p6e6u75xmxt8.cloudfront.net\/6\/2023\/07\/Eugene-Christophe-profimedia-0226021645-CVR-400x267.webp 400w, https:\/\/d2p6e6u75xmxt8.cloudfront.net\/6\/2023\/07\/Eugene-Christophe-profimedia-0226021645-CVR-272x182.webp 272w\" sizes=\"auto, (max-width: 900px) 100vw, 900px\" \/><\/a><figcaption id=\"caption-attachment-10117\" class=\"wp-caption-text\">Eugene Christophe arregla la horquilla en 1913 .<\/figcaption><\/figure>\n<\/div>\n<h2><strong><br \/>\nLa introducci\u00f3n de los equipos<\/strong><\/h2>\n<div>\n<p class=\"BodyA\"><span lang=\"EN-GB\">En la d\u00e9cada de 1930, el Tour de Francia empez\u00f3 a evolucionar hacia las carreras por equipos. Los organizadores acabaron reconociendo las ventajas de permitir a los equipos ayudar a sus corredores durante la carrera, aunque esta medida encontr\u00f3 cierta resistencia por parte de Henri Desgrange, el infame y formidable fundador y director de la carrera. La introducci\u00f3n de la asistencia por equipos proporcion\u00f3 a los corredores un salvavidas crucial, permiti\u00e9ndoles confiar en sus compa\u00f1eros de equipo para obtener apoyo mec\u00e1nico, suministros y estrategias t\u00e1cticas. Este cambio marc\u00f3 un hito importante en la evoluci\u00f3n del Tour de Francia y revolucion\u00f3 la din\u00e1mica de la carrera.<\/span><\/p>\n<\/div>\n<h2><strong>Desde el sistema de puntos al de tiempos<\/strong><\/h2>\n<div>\n<p>No mucha gente lo sabe, pero durante los primeros a\u00f1os del Tour, la carrera se basaba en un sistema de puntos y no en el tiempo total acumulado de cada corredor. Los puntos se conced\u00edan a los corredores en funci\u00f3n de su clasificaci\u00f3n en cada etapa, y el corredor que acumulaba menos puntos era el l\u00edder de la general. Sin embargo, en 1913, las reglas se revisaron para incorporar un sistema basado en el tiempo total, en el que el ciclista con el menor tiempo acumulado en todas las etapas ser\u00eda coronado vencedor. Esta modificaci\u00f3n desplaz\u00f3 la atenci\u00f3n de las victorias de etapa individuales al rendimiento constante a lo largo de la carrera, a\u00f1adiendo una nueva capa de estrategia al Tour. Por cierto, pero no por ello menos importante, el primer <a href=\"https:\/\/www.welovecycling.com\/es\/2022\/12\/13\/trofeo-vuelta-giro-tour\/\">maillot amarillo<\/a> de la historia se entreg\u00f3 por primera vez al l\u00edder de la carrera el 25 de julio de 1919, a nuestro anterior amigo Eugene Christophe.<\/p>\n<h2><strong>Tama\u00f1o de equipo y composici\u00f3n<\/strong><\/h2>\n<div>\n<p>A lo largo de su historia, el Tour de Francia ha experimentado fluctuaciones en el tama\u00f1o de los equipos. Al principio, no exist\u00edan normas que regularan el n\u00famero de corredores por equipo, lo que daba lugar a equipos de diferentes tama\u00f1os. Sin embargo, a medida que la carrera crec\u00eda en popularidad y competitividad, surgi\u00f3 la preocupaci\u00f3n por la seguridad de los corredores y la integridad de la carrera. En consecuencia, en la d\u00e9cada de 1960, los organizadores de la carrera implantaron una normativa que especificaba el tama\u00f1o m\u00e1ximo de los equipos, fijado inicialmente en 10 corredores por equipo, y posteriormente reducido a 9 en la d\u00e9cada de 1990 y a 8 en la actualidad. Esta limitaci\u00f3n pretend\u00eda mantener la equidad competitiva, al tiempo que garantizaba la manejabilidad del pelot\u00f3n y la seguridad de los corredores.<\/p>\n<p>En las primeras ediciones del Tour, los ciclistas corr\u00edan a t\u00edtulo individual, represent\u00e1ndose a s\u00ed mismos o a sus patrocinadores. Sin embargo, desde la d\u00e9cada de 1930 hasta la de 1960, los equipos nacionales dominaron la carrera, con corredores que representaban a sus respectivos pa\u00edses. En 1962 esto cambi\u00f3 cuando se introdujeron los equipos profesionales, que permit\u00edan a los corredores representar a equipos ciclistas profesionales. A partir de entonces, el Tour cont\u00f3 con una mezcla de equipos nacionales y profesionales hasta 1969, cuando se abandon\u00f3 el formato de equipos nacionales. Desde entonces, los equipos profesionales han sido la norma, aunque ha habido excepciones ocasionales, como en 1983, cuando <strong>Colombia tuvo un equipo nacional<\/strong> presente en la carrera por primera vez (con <a href=\"https:\/\/www.procyclingstats.com\/rider\/luis-alberto-herrera\">Luis Herrera<\/a> ganando la primera etapa de Colombia en Alpe D&#8217;Huez).<\/p>\n<\/div>\n<div>\n<p class=\"BodyA\">La larga historia del Tour est\u00e1 entretejida con numerosos cambios de reglas que han dado forma a la carrera hasta convertirla en el evento que es hoy. A medida que contin\u00faa cautivando al p\u00fablico de todo el mundo, sigue estando abierto a nuevas adaptaciones de las reglas que, sin duda, ayudar\u00e1n a garantizar su continua relevancia, crecimiento y \u00e9xito. La pregunta es: \u00bfqu\u00e9 ser\u00e1 lo pr\u00f3ximo para la mayor carrera del mundo?<\/p>\n<\/div>\n<\/div>\n","protected":false},"excerpt":{"rendered":"<p>Los cambios en la reglas del Tour han sido constantes desde su creaci\u00f3n en 1903. La carrera ha ido evolucionando [&hellip;]<\/p>\n","protected":false},"author":29,"featured_media":10120,"comment_status":"open","ping_status":"open","sticky":false,"template":"","format":"standard","meta":{"footnotes":""},"categories":[7],"tags":[2186,557],"global-categories":[],"class_list":["post-10111","post","type-post","status-publish","format-standard","has-post-thumbnail","hentry","category-carretera","tag-tour-2023","tag-tour-de-francia"],"yoast_head":"<!-- This site is optimized with the Yoast SEO Premium plugin v25.3 (Yoast SEO v25.9) - https:\/\/yoast.com\/wordpress\/plugins\/seo\/ -->\n<title>Los cambios en las reglas del Tour<\/title>\n<meta name=\"description\" content=\"Los cambios en la reglas del Tour de Francia desde sus inicios hasta ahora. De la competici\u00f3n por puntos al cronometraje y los tiempos.\" \/>\n<meta name=\"robots\" content=\"index, follow, max-snippet:-1, max-image-preview:large, max-video-preview:-1\" \/>\n<link rel=\"canonical\" href=\"https:\/\/www.welovecycling.com\/es\/2023\/07\/22\/cambios-reglas-tour-2\/\" \/>\n<meta property=\"og:locale\" content=\"es_ES\" \/>\n<meta property=\"og:type\" content=\"article\" \/>\n<meta property=\"og:title\" content=\"Los cambios en las reglas del Tour\" \/>\n<meta property=\"og:description\" content=\"Los cambios en la reglas del Tour de Francia desde sus inicios hasta ahora. De la competici\u00f3n por puntos al cronometraje y los tiempos.\" \/>\n<meta property=\"og:url\" content=\"https:\/\/www.welovecycling.com\/es\/2023\/07\/22\/cambios-reglas-tour-2\/\" \/>\n<meta property=\"og:site_name\" content=\"\u0160koda We Love Cycling - Spain\" \/>\n<meta property=\"article:published_time\" content=\"2023-07-22T07:54:46+00:00\" \/>\n<meta property=\"og:image\" content=\"https:\/\/d2p6e6u75xmxt8.cloudfront.net\/6\/2023\/07\/Matt_Article-2.webp\" \/>\n\t<meta property=\"og:image:width\" content=\"990\" \/>\n\t<meta property=\"og:image:height\" content=\"660\" \/>\n\t<meta property=\"og:image:type\" content=\"image\/webp\" \/>\n<meta name=\"author\" content=\"We Love Cycling Spain\" \/>\n<meta name=\"twitter:card\" content=\"summary_large_image\" \/>\n<meta name=\"twitter:description\" content=\"Los cambios en la reglas del Tour de Francia desde sus inicios hasta ahora. De la competici\u00f3n por puntos al cronometraje y los tiempos.\" \/>\n<meta name=\"twitter:label1\" content=\"Written by\" \/>\n\t<meta name=\"twitter:data1\" content=\"Matt Stephens\" \/>\n\t<meta name=\"twitter:label2\" content=\"Est. reading time\" \/>\n\t<meta name=\"twitter:data2\" content=\"5\" \/>\n<script type=\"application\/ld+json\" class=\"yoast-schema-graph\">{\"@context\":\"https:\/\/schema.org\",\"@graph\":[{\"@type\":\"WebPage\",\"@id\":\"https:\/\/www.welovecycling.com\/es\/2023\/07\/22\/cambios-reglas-tour-2\/\",\"url\":\"https:\/\/www.welovecycling.com\/es\/2023\/07\/22\/cambios-reglas-tour-2\/\",\"name\":\"Los cambios en las reglas del Tour\",\"isPartOf\":{\"@id\":\"https:\/\/www.welovecycling.com\/es\/#website\"},\"primaryImageOfPage\":{\"@id\":\"https:\/\/www.welovecycling.com\/es\/2023\/07\/22\/cambios-reglas-tour-2\/#primaryimage\"},\"image\":{\"@id\":\"https:\/\/www.welovecycling.com\/es\/2023\/07\/22\/cambios-reglas-tour-2\/#primaryimage\"},\"thumbnailUrl\":\"https:\/\/d2p6e6u75xmxt8.cloudfront.net\/6\/2023\/07\/Matt_Article-2.webp\",\"datePublished\":\"2023-07-22T07:54:46+00:00\",\"author\":{\"@id\":\"https:\/\/www.welovecycling.com\/es\/#\/schema\/person\/deb61715b5812698ee79fb96f343ccd4\"},\"description\":\"Los cambios en la reglas del Tour de Francia desde sus inicios hasta ahora. De la competici\u00f3n por puntos al cronometraje y los tiempos.\",\"breadcrumb\":{\"@id\":\"https:\/\/www.welovecycling.com\/es\/2023\/07\/22\/cambios-reglas-tour-2\/#breadcrumb\"},\"inLanguage\":\"es-ES\",\"potentialAction\":[{\"@type\":\"ReadAction\",\"target\":[\"https:\/\/www.welovecycling.com\/es\/2023\/07\/22\/cambios-reglas-tour-2\/\"]}]},{\"@type\":\"ImageObject\",\"inLanguage\":\"es-ES\",\"@id\":\"https:\/\/www.welovecycling.com\/es\/2023\/07\/22\/cambios-reglas-tour-2\/#primaryimage\",\"url\":\"https:\/\/d2p6e6u75xmxt8.cloudfront.net\/6\/2023\/07\/Matt_Article-2.webp\",\"contentUrl\":\"https:\/\/d2p6e6u75xmxt8.cloudfront.net\/6\/2023\/07\/Matt_Article-2.webp\",\"width\":990,\"height\":660},{\"@type\":\"BreadcrumbList\",\"@id\":\"https:\/\/www.welovecycling.com\/es\/2023\/07\/22\/cambios-reglas-tour-2\/#breadcrumb\",\"itemListElement\":[{\"@type\":\"ListItem\",\"position\":1,\"name\":\"Home\",\"item\":\"https:\/\/www.welovecycling.com\/es\/\"},{\"@type\":\"ListItem\",\"position\":2,\"name\":\"Los cambios en las reglas del Tour\"}]},{\"@type\":\"WebSite\",\"@id\":\"https:\/\/www.welovecycling.com\/es\/#website\",\"url\":\"https:\/\/www.welovecycling.com\/es\/\",\"name\":\"\u0160koda We Love Cycling - Spain\",\"description\":\"\u0160koda WeLoveCycling Spain\",\"potentialAction\":[{\"@type\":\"SearchAction\",\"target\":{\"@type\":\"EntryPoint\",\"urlTemplate\":\"https:\/\/www.welovecycling.com\/es\/?s={search_term_string}\"},\"query-input\":{\"@type\":\"PropertyValueSpecification\",\"valueRequired\":true,\"valueName\":\"search_term_string\"}}],\"inLanguage\":\"es-ES\"},{\"@type\":\"Person\",\"@id\":\"https:\/\/www.welovecycling.com\/es\/#\/schema\/person\/deb61715b5812698ee79fb96f343ccd4\",\"name\":\"We Love Cycling Spain\",\"image\":{\"@type\":\"ImageObject\",\"inLanguage\":\"es-ES\",\"@id\":\"https:\/\/www.welovecycling.com\/es\/#\/schema\/person\/image\/\",\"url\":\"https:\/\/secure.gravatar.com\/avatar\/c824b04e6df0e37a03219d0b6481672889df542894588964102459e46513159c?s=96&d=mm&r=g\",\"contentUrl\":\"https:\/\/secure.gravatar.com\/avatar\/c824b04e6df0e37a03219d0b6481672889df542894588964102459e46513159c?s=96&d=mm&r=g\",\"caption\":\"We Love Cycling Spain\"},\"url\":\"https:\/\/www.welovecycling.com\/es\/author\/amunoz\/\"}]}<\/script>\n<!-- \/ Yoast SEO Premium plugin. -->","yoast_head_json":{"title":"Los cambios en las reglas del Tour","description":"Los cambios en la reglas del Tour de Francia desde sus inicios hasta ahora. De la competici\u00f3n por puntos al cronometraje y los tiempos.","robots":{"index":"index","follow":"follow","max-snippet":"max-snippet:-1","max-image-preview":"max-image-preview:large","max-video-preview":"max-video-preview:-1"},"canonical":"https:\/\/www.welovecycling.com\/es\/2023\/07\/22\/cambios-reglas-tour-2\/","og_locale":"es_ES","og_type":"article","og_title":"Los cambios en las reglas del Tour","og_description":"Los cambios en la reglas del Tour de Francia desde sus inicios hasta ahora. De la competici\u00f3n por puntos al cronometraje y los tiempos.","og_url":"https:\/\/www.welovecycling.com\/es\/2023\/07\/22\/cambios-reglas-tour-2\/","og_site_name":"\u0160koda We Love Cycling - Spain","article_published_time":"2023-07-22T07:54:46+00:00","og_image":[{"width":990,"height":660,"url":"https:\/\/d2p6e6u75xmxt8.cloudfront.net\/6\/2023\/07\/Matt_Article-2.webp","type":"image\/webp"}],"author":"We Love Cycling Spain","twitter_card":"summary_large_image","twitter_description":"Los cambios en la reglas del Tour de Francia desde sus inicios hasta ahora. De la competici\u00f3n por puntos al cronometraje y los tiempos.","twitter_misc":{"Written by":"Matt Stephens","Est. reading time":"5"},"schema":{"@context":"https:\/\/schema.org","@graph":[{"@type":"WebPage","@id":"https:\/\/www.welovecycling.com\/es\/2023\/07\/22\/cambios-reglas-tour-2\/","url":"https:\/\/www.welovecycling.com\/es\/2023\/07\/22\/cambios-reglas-tour-2\/","name":"Los cambios en las reglas del Tour","isPartOf":{"@id":"https:\/\/www.welovecycling.com\/es\/#website"},"primaryImageOfPage":{"@id":"https:\/\/www.welovecycling.com\/es\/2023\/07\/22\/cambios-reglas-tour-2\/#primaryimage"},"image":{"@id":"https:\/\/www.welovecycling.com\/es\/2023\/07\/22\/cambios-reglas-tour-2\/#primaryimage"},"thumbnailUrl":"https:\/\/d2p6e6u75xmxt8.cloudfront.net\/6\/2023\/07\/Matt_Article-2.webp","datePublished":"2023-07-22T07:54:46+00:00","author":{"@id":"https:\/\/www.welovecycling.com\/es\/#\/schema\/person\/deb61715b5812698ee79fb96f343ccd4"},"description":"Los cambios en la reglas del Tour de Francia desde sus inicios hasta ahora. De la competici\u00f3n por puntos al cronometraje y los tiempos.","breadcrumb":{"@id":"https:\/\/www.welovecycling.com\/es\/2023\/07\/22\/cambios-reglas-tour-2\/#breadcrumb"},"inLanguage":"es-ES","potentialAction":[{"@type":"ReadAction","target":["https:\/\/www.welovecycling.com\/es\/2023\/07\/22\/cambios-reglas-tour-2\/"]}]},{"@type":"ImageObject","inLanguage":"es-ES","@id":"https:\/\/www.welovecycling.com\/es\/2023\/07\/22\/cambios-reglas-tour-2\/#primaryimage","url":"https:\/\/d2p6e6u75xmxt8.cloudfront.net\/6\/2023\/07\/Matt_Article-2.webp","contentUrl":"https:\/\/d2p6e6u75xmxt8.cloudfront.net\/6\/2023\/07\/Matt_Article-2.webp","width":990,"height":660},{"@type":"BreadcrumbList","@id":"https:\/\/www.welovecycling.com\/es\/2023\/07\/22\/cambios-reglas-tour-2\/#breadcrumb","itemListElement":[{"@type":"ListItem","position":1,"name":"Home","item":"https:\/\/www.welovecycling.com\/es\/"},{"@type":"ListItem","position":2,"name":"Los cambios en las reglas del Tour"}]},{"@type":"WebSite","@id":"https:\/\/www.welovecycling.com\/es\/#website","url":"https:\/\/www.welovecycling.com\/es\/","name":"\u0160koda We Love Cycling - Spain","description":"\u0160koda WeLoveCycling Spain","potentialAction":[{"@type":"SearchAction","target":{"@type":"EntryPoint","urlTemplate":"https:\/\/www.welovecycling.com\/es\/?s={search_term_string}"},"query-input":{"@type":"PropertyValueSpecification","valueRequired":true,"valueName":"search_term_string"}}],"inLanguage":"es-ES"},{"@type":"Person","@id":"https:\/\/www.welovecycling.com\/es\/#\/schema\/person\/deb61715b5812698ee79fb96f343ccd4","name":"We Love Cycling Spain","image":{"@type":"ImageObject","inLanguage":"es-ES","@id":"https:\/\/www.welovecycling.com\/es\/#\/schema\/person\/image\/","url":"https:\/\/secure.gravatar.com\/avatar\/c824b04e6df0e37a03219d0b6481672889df542894588964102459e46513159c?s=96&d=mm&r=g","contentUrl":"https:\/\/secure.gravatar.com\/avatar\/c824b04e6df0e37a03219d0b6481672889df542894588964102459e46513159c?s=96&d=mm&r=g","caption":"We Love Cycling Spain"},"url":"https:\/\/www.welovecycling.com\/es\/author\/amunoz\/"}]}},"_links":{"self":[{"href":"https:\/\/www.welovecycling.com\/es\/wp-json\/wp\/v2\/posts\/10111","targetHints":{"allow":["GET"]}}],"collection":[{"href":"https:\/\/www.welovecycling.com\/es\/wp-json\/wp\/v2\/posts"}],"about":[{"href":"https:\/\/www.welovecycling.com\/es\/wp-json\/wp\/v2\/types\/post"}],"author":[{"embeddable":true,"href":"https:\/\/www.welovecycling.com\/es\/wp-json\/wp\/v2\/users\/29"}],"replies":[{"embeddable":true,"href":"https:\/\/www.welovecycling.com\/es\/wp-json\/wp\/v2\/comments?post=10111"}],"version-history":[{"count":2,"href":"https:\/\/www.welovecycling.com\/es\/wp-json\/wp\/v2\/posts\/10111\/revisions"}],"predecessor-version":[{"id":10127,"href":"https:\/\/www.welovecycling.com\/es\/wp-json\/wp\/v2\/posts\/10111\/revisions\/10127"}],"wp:featuredmedia":[{"embeddable":true,"href":"https:\/\/www.welovecycling.com\/es\/wp-json\/wp\/v2\/media\/10120"}],"wp:attachment":[{"href":"https:\/\/www.welovecycling.com\/es\/wp-json\/wp\/v2\/media?parent=10111"}],"wp:term":[{"taxonomy":"category","embeddable":true,"href":"https:\/\/www.welovecycling.com\/es\/wp-json\/wp\/v2\/categories?post=10111"},{"taxonomy":"post_tag","embeddable":true,"href":"https:\/\/www.welovecycling.com\/es\/wp-json\/wp\/v2\/tags?post=10111"},{"taxonomy":"global-categories","embeddable":true,"href":"https:\/\/www.welovecycling.com\/es\/wp-json\/wp\/v2\/global-categories?post=10111"}],"curies":[{"name":"wp","href":"https:\/\/api.w.org\/{rel}","templated":true}]}}