{"id":10090,"date":"2023-07-10T12:46:17","date_gmt":"2023-07-10T10:46:17","guid":{"rendered":"https:\/\/www.welovecycling.com\/es\/?p=10090"},"modified":"2023-07-10T12:46:17","modified_gmt":"2023-07-10T10:46:17","slug":"puy-de-dome","status":"publish","type":"post","link":"https:\/\/www.welovecycling.com\/es\/2023\/07\/10\/puy-de-dome\/","title":{"rendered":"Puy de Dome, la monta\u00f1a que no hab\u00edamos vivido"},"content":{"rendered":"<p style=\"font-weight: 400;\"><strong>Los que nacimos en los a\u00f1os 80 est\u00e1bamos hu\u00e9rfanos de Puy de Dome. Nuestros sue\u00f1os del Tour nos llevaban a Tourmalet, Galibier, Alpe d\u00b4Huez, Luz Ardiden o Mont Ventoux. El volc\u00e1n dormido del Macizo Central era solo un mito para descubrir en Youtube, pedalear virtualmente en Zwift o imaginar en las leyendas escritas y contadas sobre Anquetil, Poulidor, Bahamontes, Merckx, Oca\u00f1a y Perico, la nobleza del ciclismo.<\/strong><\/p>\n<p style=\"font-weight: 400;\"><!--more--><\/p>\n<p>Al Puy de Dome no llegaba el Tour desde 1988. Carretera estrecha sin salida, Parque Natural, tren cremallera que reduce a\u00fan m\u00e1s el asfalto, lugar con restricciones de paso de coches y bicicletas. Demasiados impedimentos para un gigante que ha crecido exponencialmente en estos 35 a\u00f1os y que necesita la extensi\u00f3n de una docena de campos de f\u00fatbol para instalar su ciudad andante. En la cima del mito dormido del Macizo Central cabe muy poco. La l\u00ednea de meta, un coche por equipo, algunas motos, el podio&#8230;.. y para de contar. Los aficionados se tuvieron que quedar a cuatro kil\u00f3metros de la cima, justo donde el 11% es el desnivel medio y la carretera rodea al volc\u00e1n en una espiral que parece no tener fin. Meta pand\u00e9mica y sin aficionados. <strong>Inimaginable en enero de 2020, como la pelea por los segundos de Pogacar\/Vingegaard, que rivaliza con la de Anquetil\/Poulidor en aquel Tour de 1964.<\/strong><\/p>\n<p>Les pongo en situaci\u00f3n. En los 60 el Tour se decid\u00eda por minutos. Los escaladores los perd\u00edan en etapas llanas con los belgas y holandeses y los recuperaban en las largas etapas de alta monta\u00f1a atacando de salida. Las bicis pesaban algo m\u00e1s de 8 kilos, las carreteras eran botosas y la mec\u00e1nica solo hab\u00eda llegado a un desarrollo m\u00ednimo como 42&#215;23. Con eso se pod\u00eda ir a Alpes o Pirineos y subir Galibier, Tourmalet o Aubisque a golpe de ri\u00f1\u00f3n y cuadriceps, por lugares donde la carretera no se empinaba demasiado tiempo por encima del 10%. El Puy de Dome estaba fuera de esos c\u00e1nones. En el centro de Francia, rodeado de monta\u00f1as peque\u00f1as, pero con un tramo de 4 kil\u00f3metros por encima del 11%. Sin descanso. Siempre meta, porque no hay descenso. Decisivo, porque all\u00ed solo val\u00eda la fuerza bruta. Ni pedaleo alegre, ni molinillo. M\u00fasculo puro y poco peso para no detenerse con el <a href=\"https:\/\/www.welovecycling.com\/es\/2023\/05\/26\/tre-cime-di-lavaredo\/\">42&#215;23<\/a>. Salvando a los l\u00edderes, el resto del pelot\u00f3n acababa &#8216;pateando&#8217; el Puy de Dome.<\/p>\n<p>Pero el Tour de 64 iba m\u00e1s justo que nunca. Los dos rivales franceses. <strong>Anquetil (ya con cuatro Tours) y Poulidor (sin haber vestido hasta entonces ni un maillot amarillo)<\/strong> peleaban por esa edici\u00f3n. El primero sacaba 54 segundos al segundo. Quedaban dos etapas llanas y una contrarreloj, la especialidad de Anquetil. &#8216;PouPou&#8217;, el \u00eddolo del pueblo franc\u00e9s, necesitaba recortar todo el tiempo posible. Hombro con hombro, recuerden la famosa foto, haciendo equilibrios en el Puy de Dome, <a href=\"https:\/\/www.welovecycling.com\/es\/2020\/09\/18\/tour-1964-anquetil-poulidor\/\">Poulidor solt\u00f3 a Anquetil<\/a>. No lo suficiente. Solo un pu\u00f1ado de segundos y nada de bonificaci\u00f3n, que se hab\u00edan repartido los dos mejores escaladores de la \u00e9poca, Federico Mart\u00edn Bahamontes y Julio Jim\u00e9nez.<\/p>\n<figure id=\"attachment_6965\" aria-describedby=\"caption-attachment-6965\" style=\"width: 1024px\" class=\"wp-caption aligncenter\"><a href=\"https:\/\/d2p6e6u75xmxt8.cloudfront.net\/6\/2020\/11\/Raymond-Poulidor-Jacques-Anquetil-profimedia-0068091828.jpg\"><img loading=\"lazy\" decoding=\"async\" class=\"size-large wp-image-6965\" src=\"https:\/\/d2p6e6u75xmxt8.cloudfront.net\/6\/2020\/11\/Raymond-Poulidor-Jacques-Anquetil-profimedia-0068091828-1024x779.jpg\" alt=\"\" width=\"1024\" height=\"779\" srcset=\"https:\/\/d2p6e6u75xmxt8.cloudfront.net\/6\/2020\/11\/Raymond-Poulidor-Jacques-Anquetil-profimedia-0068091828-1024x779.jpg 1024w, https:\/\/d2p6e6u75xmxt8.cloudfront.net\/6\/2020\/11\/Raymond-Poulidor-Jacques-Anquetil-profimedia-0068091828-300x228.jpg 300w, https:\/\/d2p6e6u75xmxt8.cloudfront.net\/6\/2020\/11\/Raymond-Poulidor-Jacques-Anquetil-profimedia-0068091828-768x584.jpg 768w, https:\/\/d2p6e6u75xmxt8.cloudfront.net\/6\/2020\/11\/Raymond-Poulidor-Jacques-Anquetil-profimedia-0068091828.jpg 1250w\" sizes=\"auto, (max-width: 1024px) 100vw, 1024px\" \/><\/a><figcaption id=\"caption-attachment-6965\" class=\"wp-caption-text\">Tour de France 1964. Anqueitl y Poulidor en el Puy-de-D\u00f4me (France).Profimedia, Roger Viollet<\/figcaption><\/figure>\n<p><strong><br \/>\n&#8216;PouPou&#8217;<\/strong> se qued\u00f3 compuesto y sin amarillo. Jam\u00e1s lo conseguir\u00eda vestir y <strong>Anquetil,<\/strong> tres d\u00edas despu\u00e9s en Paris ganaba, su quinto Tour por solo 55 segundos, una distancia irrisoria para aquella \u00e9poca.<br \/>\nLos segundos, en este Tour de 2023, 60 a\u00f1os despu\u00e9s de aquello, parece que van a ser fundamentales. Iguale que las bonificaciones. Ya ven, m\u00e1s de medio siglo despu\u00e9s y el ciclismo sigue con la misma esencia. Apurando esfuerzos y litros de sudor en monta\u00f1as imposibles.<\/p>\n<h3><strong>TIEMPOS MODERNOS<\/strong><\/h3>\n<p>Estaba vez el <strong>Puy de Dome estaba situado a mitad de Tour. Entre Pirineos y Alpes.<\/strong> Influyente en el resultado final, pero no decisivo en una edici\u00f3n de las m\u00e1s monta\u00f1osas que se recuerdan. Dos contendientes igualados. Con reparto de golpes similares. Pogacar bonificando en las cotas del Pa\u00eds Vasco, Vingegaard regal\u00e1ndose un minuto en el Marie Blanque y de nuevo Pogacar recortando 25 segundos en el enlazado Aspin-Tourmalet-Cauterets, cuando parec\u00eda que el Jumbo iba a sentenciar la carrera. El resto, a un mundo. Tanto en tiempo en la clasificaci\u00f3n como en sensaciones.<\/p>\n<p>Por eso, cuando el Jumbo puso la maquinar\u00eda de destrozar pelotones a funcionar en las faldas del Puy de Dome, result\u00f3 extra\u00f1o que aguantasen tantos ciclistas. Es cierto que la carrera en el pelot\u00f3n no hab\u00eda ido tan r\u00e1pida como otras veces. La escapada se march\u00f3 hasta los 15 minutos. Pero al pasar la valla de los cuatro kil\u00f3metros infernales, donde desaparec\u00eda el p\u00fablico, una docena de corredores iba a rueda de Van Aert y Kelderman. Agotaron a ambos y pas\u00f3 Kuss. Vale, era el tir\u00f3n definitivo. Pero cuando se quit\u00f3 el americano, a dos y medio de meta. Aguantaban <strong>Carlos Rodriguez, Simon Yates y Pidcock,<\/strong> una multitud comparada con las dos etapas de monta\u00f1as precedentes. Y Vingegard dud\u00f3. No arranc\u00f3\u00a0 y dej\u00f3 al descubierto todas sus cartas. Quiz\u00e1s no estaba tan bien como su equipo preve\u00eda.<\/p>\n<figure style=\"width: 1000px\" class=\"wp-caption alignnone\"><img loading=\"lazy\" decoding=\"async\" src=\"https:\/\/img.aso.fr\/core_app\/img-cycling-tdf-jpg\/vingegaard\/48605\/0:0,1200:800-1000-0-70\/00355\" alt=\"Vingegaard y Pogacar en Tourmalet.\" width=\"1000\" height=\"667\" \/><figcaption class=\"wp-caption-text\">Vingegaard y Pogacar en Tourmalet.<\/figcaption><\/figure>\n<p>Y Pogacar mir\u00f3 a un lado y a otro. Esperando a ver si reaparec\u00eda Kuss o si arrancaba Vingegaard. Ninguna de las dos cosas. Un puntito menos. Lo suficiente para que recuperase Hindley y se pusiera nervioso Simon Yates en la lucha por el podio. Y arranc\u00f3 Simon, un secundario en la historia, como Bahamontes y Julio Jim\u00e9nez, y provoc\u00f3 que Pogacar lo intentase. Manos en las manetas metidas hacia dentro, como la moda actual. Codos casi rectos. Un desarrollo que har\u00eda sonrojar a<a href=\"https:\/\/www.welovecycling.com\/es\/2018\/08\/15\/que-hacen-los-ciclistas-profesionales-cuando-se-retiran\/\"><strong> Bahamontes,<\/strong><\/a> el \u00fanico que sigue con vida de aquella batalla del 64. M\u00e1s de 700 vatios y un aceler\u00f3n tan intenso al que Vingegaard nunca termin\u00f3 de llegar. Se qued\u00f3 a cuatro metros, despu\u00e9s cinco, seis, veinte, treinta, cincuenta&#8230; En el Puy de Dome la distancia visual pueden ser m\u00e1s de 20 segundos.<\/p>\n<p>Pelea al l\u00edmite. Un \u00faltimo kil\u00f3metro de sufrimiento extremo para ambos y al final solo ocho segundos entre <strong>Pogacar y Vingegaard.<\/strong> Las bonificaciones se las hab\u00edan repartido <strong>Woods, Laporte y Mohoric,<\/strong> los tres primeros de la fuga, que superaron a Jorgenson a solo 300 metros de la cima. Nuevos desarrollos, m\u00e1s velocidad, toda la aerodin\u00e1mica del mundo, pero el mismo esfuerzo al l\u00edmite para una recompensa que a veces no merece la pena.<\/p>\n<p>Y un detalle. A falta de 500 metros <strong>Vingegaard tir\u00f3 el bid\u00f3n al suelo<\/strong>. Le pesaba todo en la bici. Sufr\u00eda viendo como era la segunda vez consecutiva que no pod\u00eda aguantar la embestida de Pogacar. Un a\u00f1o antes. En el Col de Mende, la subida moderna del Macizo Central que el Tour descubri\u00f3 en 1995 y que ven\u00eda a sustituir al Puy de Dome, el dan\u00e9s no hab\u00eda cedido ni un cent\u00edmetro al ataque de un Pogacar desatado que buscaba recortar tiempo de su &#8216;Waterloo&#8217; en el Col du Granon. Ese d\u00eda el esloveno bati\u00f3 el r\u00e9cord de Pantani en Mende, que ya es subir r\u00e1pido, y Vingengaard tuvo tiempo de dar un sorbo al <a href=\"https:\/\/www.welovecycling.com\/es\/2022\/07\/22\/un-bidon-un-saludo-y-los-valores-del-ciclismo-tour-en-pirineos-2022\/\">bid\u00f3n lleno<\/a> justo antes de entrar en meta. Unos gramos de peso, unos segundos aqu\u00ed y all\u00e1, pero a sensaci\u00f3n de que al dan\u00e9s le est\u00e1 costando seguir la rueda del esloveno y eso supone que no te puedes perder lo que resta de Tour porque pinta a que va a volver a ser \u00e9pico.<\/p>\n","protected":false},"excerpt":{"rendered":"<p>Los que nacimos en los a\u00f1os 80 est\u00e1bamos hu\u00e9rfanos de Puy de Dome. Nuestros sue\u00f1os del Tour nos llevaban a [&hellip;]<\/p>\n","protected":false},"author":29,"featured_media":10092,"comment_status":"open","ping_status":"open","sticky":false,"template":"","format":"standard","meta":{"footnotes":""},"categories":[7],"tags":[2249,2186],"global-categories":[1164],"class_list":["post-10090","post","type-post","status-publish","format-standard","has-post-thumbnail","hentry","category-carretera","tag-puy-de-dome","tag-tour-2023","global-categories-cycling"],"yoast_head":"<!-- This site is optimized with the Yoast SEO Premium plugin v25.3 (Yoast SEO v25.9) - https:\/\/yoast.com\/wordpress\/plugins\/seo\/ -->\n<title>Puy de Dome, la monta\u00f1a que no hab\u00edamos vivido - \u0160koda We Love Cycling - Spain<\/title>\n<meta name=\"description\" content=\"Puy de Dome, la monta\u00f1a que no hab\u00edamos vivido. El Tour ha recuperado un mito que llevaba 35 a\u00f1os lejos de los aficionados.\" \/>\n<meta name=\"robots\" content=\"index, follow, max-snippet:-1, max-image-preview:large, max-video-preview:-1\" \/>\n<link rel=\"canonical\" href=\"https:\/\/www.welovecycling.com\/es\/2023\/07\/10\/puy-de-dome\/\" \/>\n<meta property=\"og:locale\" content=\"es_ES\" \/>\n<meta property=\"og:type\" content=\"article\" \/>\n<meta property=\"og:title\" content=\"Puy de Dome, la monta\u00f1a que no hab\u00edamos vivido\" \/>\n<meta property=\"og:description\" content=\"Puy de Dome, la monta\u00f1a que no hab\u00edamos vivido. El Tour ha recuperado un mito que llevaba 35 a\u00f1os lejos de los aficionados.\" \/>\n<meta property=\"og:url\" content=\"https:\/\/www.welovecycling.com\/es\/2023\/07\/10\/puy-de-dome\/\" \/>\n<meta property=\"og:site_name\" content=\"\u0160koda We Love Cycling - Spain\" \/>\n<meta property=\"article:published_time\" content=\"2023-07-10T10:46:17+00:00\" \/>\n<meta property=\"og:image\" content=\"https:\/\/d2p6e6u75xmxt8.cloudfront.net\/6\/2023\/07\/PUY-DE-DOME.webp\" \/>\n\t<meta property=\"og:image:width\" content=\"1000\" \/>\n\t<meta property=\"og:image:height\" content=\"667\" \/>\n\t<meta property=\"og:image:type\" content=\"image\/webp\" \/>\n<meta name=\"author\" content=\"We Love Cycling Spain\" \/>\n<meta name=\"twitter:card\" content=\"summary_large_image\" \/>\n<meta name=\"twitter:description\" content=\"Puy de Dome, la monta\u00f1a que no hab\u00edamos vivido. El Tour ha recuperado un mito que llevaba 35 a\u00f1os lejos de los aficionados.\" \/>\n<meta name=\"twitter:label1\" content=\"Written by\" \/>\n\t<meta name=\"twitter:data1\" content=\"Luis Ortega @Ciclored\" \/>\n\t<meta name=\"twitter:label2\" content=\"Est. reading time\" \/>\n\t<meta name=\"twitter:data2\" content=\"7 minutes\" \/>\n<script type=\"application\/ld+json\" class=\"yoast-schema-graph\">{\"@context\":\"https:\/\/schema.org\",\"@graph\":[{\"@type\":\"WebPage\",\"@id\":\"https:\/\/www.welovecycling.com\/es\/2023\/07\/10\/puy-de-dome\/\",\"url\":\"https:\/\/www.welovecycling.com\/es\/2023\/07\/10\/puy-de-dome\/\",\"name\":\"Puy de Dome, la monta\u00f1a que no hab\u00edamos vivido - \u0160koda We Love Cycling - Spain\",\"isPartOf\":{\"@id\":\"https:\/\/www.welovecycling.com\/es\/#website\"},\"primaryImageOfPage\":{\"@id\":\"https:\/\/www.welovecycling.com\/es\/2023\/07\/10\/puy-de-dome\/#primaryimage\"},\"image\":{\"@id\":\"https:\/\/www.welovecycling.com\/es\/2023\/07\/10\/puy-de-dome\/#primaryimage\"},\"thumbnailUrl\":\"https:\/\/d2p6e6u75xmxt8.cloudfront.net\/6\/2023\/07\/PUY-DE-DOME.webp\",\"datePublished\":\"2023-07-10T10:46:17+00:00\",\"author\":{\"@id\":\"https:\/\/www.welovecycling.com\/es\/#\/schema\/person\/deb61715b5812698ee79fb96f343ccd4\"},\"description\":\"Puy de Dome, la monta\u00f1a que no hab\u00edamos vivido. El Tour ha recuperado un mito que llevaba 35 a\u00f1os lejos de los aficionados.\",\"breadcrumb\":{\"@id\":\"https:\/\/www.welovecycling.com\/es\/2023\/07\/10\/puy-de-dome\/#breadcrumb\"},\"inLanguage\":\"es-ES\",\"potentialAction\":[{\"@type\":\"ReadAction\",\"target\":[\"https:\/\/www.welovecycling.com\/es\/2023\/07\/10\/puy-de-dome\/\"]}]},{\"@type\":\"ImageObject\",\"inLanguage\":\"es-ES\",\"@id\":\"https:\/\/www.welovecycling.com\/es\/2023\/07\/10\/puy-de-dome\/#primaryimage\",\"url\":\"https:\/\/d2p6e6u75xmxt8.cloudfront.net\/6\/2023\/07\/PUY-DE-DOME.webp\",\"contentUrl\":\"https:\/\/d2p6e6u75xmxt8.cloudfront.net\/6\/2023\/07\/PUY-DE-DOME.webp\",\"width\":1000,\"height\":667},{\"@type\":\"BreadcrumbList\",\"@id\":\"https:\/\/www.welovecycling.com\/es\/2023\/07\/10\/puy-de-dome\/#breadcrumb\",\"itemListElement\":[{\"@type\":\"ListItem\",\"position\":1,\"name\":\"Home\",\"item\":\"https:\/\/www.welovecycling.com\/es\/\"},{\"@type\":\"ListItem\",\"position\":2,\"name\":\"Puy de Dome, la monta\u00f1a que no hab\u00edamos vivido\"}]},{\"@type\":\"WebSite\",\"@id\":\"https:\/\/www.welovecycling.com\/es\/#website\",\"url\":\"https:\/\/www.welovecycling.com\/es\/\",\"name\":\"\u0160koda We Love Cycling - Spain\",\"description\":\"\u0160koda WeLoveCycling Spain\",\"potentialAction\":[{\"@type\":\"SearchAction\",\"target\":{\"@type\":\"EntryPoint\",\"urlTemplate\":\"https:\/\/www.welovecycling.com\/es\/?s={search_term_string}\"},\"query-input\":{\"@type\":\"PropertyValueSpecification\",\"valueRequired\":true,\"valueName\":\"search_term_string\"}}],\"inLanguage\":\"es-ES\"},{\"@type\":\"Person\",\"@id\":\"https:\/\/www.welovecycling.com\/es\/#\/schema\/person\/deb61715b5812698ee79fb96f343ccd4\",\"name\":\"We Love Cycling Spain\",\"image\":{\"@type\":\"ImageObject\",\"inLanguage\":\"es-ES\",\"@id\":\"https:\/\/www.welovecycling.com\/es\/#\/schema\/person\/image\/\",\"url\":\"https:\/\/secure.gravatar.com\/avatar\/c824b04e6df0e37a03219d0b6481672889df542894588964102459e46513159c?s=96&d=mm&r=g\",\"contentUrl\":\"https:\/\/secure.gravatar.com\/avatar\/c824b04e6df0e37a03219d0b6481672889df542894588964102459e46513159c?s=96&d=mm&r=g\",\"caption\":\"We Love Cycling Spain\"},\"url\":\"https:\/\/www.welovecycling.com\/es\/author\/amunoz\/\"}]}<\/script>\n<!-- \/ Yoast SEO Premium plugin. -->","yoast_head_json":{"title":"Puy de Dome, la monta\u00f1a que no hab\u00edamos vivido - \u0160koda We Love Cycling - Spain","description":"Puy de Dome, la monta\u00f1a que no hab\u00edamos vivido. El Tour ha recuperado un mito que llevaba 35 a\u00f1os lejos de los aficionados.","robots":{"index":"index","follow":"follow","max-snippet":"max-snippet:-1","max-image-preview":"max-image-preview:large","max-video-preview":"max-video-preview:-1"},"canonical":"https:\/\/www.welovecycling.com\/es\/2023\/07\/10\/puy-de-dome\/","og_locale":"es_ES","og_type":"article","og_title":"Puy de Dome, la monta\u00f1a que no hab\u00edamos vivido","og_description":"Puy de Dome, la monta\u00f1a que no hab\u00edamos vivido. El Tour ha recuperado un mito que llevaba 35 a\u00f1os lejos de los aficionados.","og_url":"https:\/\/www.welovecycling.com\/es\/2023\/07\/10\/puy-de-dome\/","og_site_name":"\u0160koda We Love Cycling - Spain","article_published_time":"2023-07-10T10:46:17+00:00","og_image":[{"width":1000,"height":667,"url":"https:\/\/d2p6e6u75xmxt8.cloudfront.net\/6\/2023\/07\/PUY-DE-DOME.webp","type":"image\/webp"}],"author":"We Love Cycling Spain","twitter_card":"summary_large_image","twitter_description":"Puy de Dome, la monta\u00f1a que no hab\u00edamos vivido. El Tour ha recuperado un mito que llevaba 35 a\u00f1os lejos de los aficionados.","twitter_misc":{"Written by":"Luis Ortega @Ciclored","Est. reading time":"7 minutes"},"schema":{"@context":"https:\/\/schema.org","@graph":[{"@type":"WebPage","@id":"https:\/\/www.welovecycling.com\/es\/2023\/07\/10\/puy-de-dome\/","url":"https:\/\/www.welovecycling.com\/es\/2023\/07\/10\/puy-de-dome\/","name":"Puy de Dome, la monta\u00f1a que no hab\u00edamos vivido - \u0160koda We Love Cycling - Spain","isPartOf":{"@id":"https:\/\/www.welovecycling.com\/es\/#website"},"primaryImageOfPage":{"@id":"https:\/\/www.welovecycling.com\/es\/2023\/07\/10\/puy-de-dome\/#primaryimage"},"image":{"@id":"https:\/\/www.welovecycling.com\/es\/2023\/07\/10\/puy-de-dome\/#primaryimage"},"thumbnailUrl":"https:\/\/d2p6e6u75xmxt8.cloudfront.net\/6\/2023\/07\/PUY-DE-DOME.webp","datePublished":"2023-07-10T10:46:17+00:00","author":{"@id":"https:\/\/www.welovecycling.com\/es\/#\/schema\/person\/deb61715b5812698ee79fb96f343ccd4"},"description":"Puy de Dome, la monta\u00f1a que no hab\u00edamos vivido. El Tour ha recuperado un mito que llevaba 35 a\u00f1os lejos de los aficionados.","breadcrumb":{"@id":"https:\/\/www.welovecycling.com\/es\/2023\/07\/10\/puy-de-dome\/#breadcrumb"},"inLanguage":"es-ES","potentialAction":[{"@type":"ReadAction","target":["https:\/\/www.welovecycling.com\/es\/2023\/07\/10\/puy-de-dome\/"]}]},{"@type":"ImageObject","inLanguage":"es-ES","@id":"https:\/\/www.welovecycling.com\/es\/2023\/07\/10\/puy-de-dome\/#primaryimage","url":"https:\/\/d2p6e6u75xmxt8.cloudfront.net\/6\/2023\/07\/PUY-DE-DOME.webp","contentUrl":"https:\/\/d2p6e6u75xmxt8.cloudfront.net\/6\/2023\/07\/PUY-DE-DOME.webp","width":1000,"height":667},{"@type":"BreadcrumbList","@id":"https:\/\/www.welovecycling.com\/es\/2023\/07\/10\/puy-de-dome\/#breadcrumb","itemListElement":[{"@type":"ListItem","position":1,"name":"Home","item":"https:\/\/www.welovecycling.com\/es\/"},{"@type":"ListItem","position":2,"name":"Puy de Dome, la monta\u00f1a que no hab\u00edamos vivido"}]},{"@type":"WebSite","@id":"https:\/\/www.welovecycling.com\/es\/#website","url":"https:\/\/www.welovecycling.com\/es\/","name":"\u0160koda We Love Cycling - Spain","description":"\u0160koda WeLoveCycling Spain","potentialAction":[{"@type":"SearchAction","target":{"@type":"EntryPoint","urlTemplate":"https:\/\/www.welovecycling.com\/es\/?s={search_term_string}"},"query-input":{"@type":"PropertyValueSpecification","valueRequired":true,"valueName":"search_term_string"}}],"inLanguage":"es-ES"},{"@type":"Person","@id":"https:\/\/www.welovecycling.com\/es\/#\/schema\/person\/deb61715b5812698ee79fb96f343ccd4","name":"We Love Cycling Spain","image":{"@type":"ImageObject","inLanguage":"es-ES","@id":"https:\/\/www.welovecycling.com\/es\/#\/schema\/person\/image\/","url":"https:\/\/secure.gravatar.com\/avatar\/c824b04e6df0e37a03219d0b6481672889df542894588964102459e46513159c?s=96&d=mm&r=g","contentUrl":"https:\/\/secure.gravatar.com\/avatar\/c824b04e6df0e37a03219d0b6481672889df542894588964102459e46513159c?s=96&d=mm&r=g","caption":"We Love Cycling Spain"},"url":"https:\/\/www.welovecycling.com\/es\/author\/amunoz\/"}]}},"_links":{"self":[{"href":"https:\/\/www.welovecycling.com\/es\/wp-json\/wp\/v2\/posts\/10090","targetHints":{"allow":["GET"]}}],"collection":[{"href":"https:\/\/www.welovecycling.com\/es\/wp-json\/wp\/v2\/posts"}],"about":[{"href":"https:\/\/www.welovecycling.com\/es\/wp-json\/wp\/v2\/types\/post"}],"author":[{"embeddable":true,"href":"https:\/\/www.welovecycling.com\/es\/wp-json\/wp\/v2\/users\/29"}],"replies":[{"embeddable":true,"href":"https:\/\/www.welovecycling.com\/es\/wp-json\/wp\/v2\/comments?post=10090"}],"version-history":[{"count":2,"href":"https:\/\/www.welovecycling.com\/es\/wp-json\/wp\/v2\/posts\/10090\/revisions"}],"predecessor-version":[{"id":10093,"href":"https:\/\/www.welovecycling.com\/es\/wp-json\/wp\/v2\/posts\/10090\/revisions\/10093"}],"wp:featuredmedia":[{"embeddable":true,"href":"https:\/\/www.welovecycling.com\/es\/wp-json\/wp\/v2\/media\/10092"}],"wp:attachment":[{"href":"https:\/\/www.welovecycling.com\/es\/wp-json\/wp\/v2\/media?parent=10090"}],"wp:term":[{"taxonomy":"category","embeddable":true,"href":"https:\/\/www.welovecycling.com\/es\/wp-json\/wp\/v2\/categories?post=10090"},{"taxonomy":"post_tag","embeddable":true,"href":"https:\/\/www.welovecycling.com\/es\/wp-json\/wp\/v2\/tags?post=10090"},{"taxonomy":"global-categories","embeddable":true,"href":"https:\/\/www.welovecycling.com\/es\/wp-json\/wp\/v2\/global-categories?post=10090"}],"curies":[{"name":"wp","href":"https:\/\/api.w.org\/{rel}","templated":true}]}}