{"id":10079,"date":"2023-07-08T10:38:45","date_gmt":"2023-07-08T08:38:45","guid":{"rendered":"https:\/\/www.welovecycling.com\/es\/?p=10079"},"modified":"2023-07-08T10:38:45","modified_gmt":"2023-07-08T08:38:45","slug":"lugares-mas-iconicos-tour-francia","status":"publish","type":"post","link":"https:\/\/www.welovecycling.com\/es\/2023\/07\/08\/lugares-mas-iconicos-tour-francia\/","title":{"rendered":"Los lugares m\u00e1s ic\u00f3nicos del Tour de Francia"},"content":{"rendered":"<p style=\"font-weight: 400;\"><strong>Adem\u00e1s de ser una carrera ciclista de tres semanas de duraci\u00f3n, el Tour de Francia -como todas las Grandes Vueltas- es tambi\u00e9n lo que la palabra tour significa en realidad: &#8220;un viaje prolongado, realizado generalmente por placer, en el que se visitan lugares de inter\u00e9s a lo largo de la ruta&#8221;. Es un recorrido real por el pa\u00eds, a lugares interesantes, para echarles un vistazo. Pero los lugares m\u00e1s ic\u00f3nicos del Tour de Francia son los que han marcado su historia deportiva, por el drama que all\u00ed se ha escenificado.<\/strong><\/p>\n<p><!--more--><\/p>\n<p style=\"font-weight: 400;\">Desde el primer Tour de Francia en 1903, se han celebrado 109 ediciones de lo que se ha convertido en uno de los grandes acontecimientos deportivos del planeta. Durante ese tiempo, el Tour ha creado su propia y rica historia, con muchos lugares que se han convertido en sin\u00f3nimos de la carrera, demasiados para describirlos aqu\u00ed. La mayor\u00eda de los que se citan a continuaci\u00f3n son de monta\u00f1a, porque la mayor parte de los grandes dramas del Tour los han protagonizado corredores luchando por subir la empinada cuesta de un pico o puerto de monta\u00f1a en los Alpes o los Pirineos.<\/p>\n<h2 style=\"font-weight: 400;\"><b>Los Campos El\u00edseos<\/b><\/h2>\n<figure id=\"attachment_10080\" aria-describedby=\"caption-attachment-10080\" style=\"width: 990px\" class=\"wp-caption alignnone\"><a href=\"https:\/\/d2p6e6u75xmxt8.cloudfront.net\/6\/2023\/07\/Champs-Elysees-profimedia-0709534621-CVR.webp\"><img loading=\"lazy\" decoding=\"async\" class=\"wp-image-10080 size-full\" src=\"https:\/\/d2p6e6u75xmxt8.cloudfront.net\/6\/2023\/07\/Champs-Elysees-profimedia-0709534621-CVR.webp\" alt=\"Champs-Elys\u00e9es\" width=\"990\" height=\"660\" srcset=\"https:\/\/d2p6e6u75xmxt8.cloudfront.net\/6\/2023\/07\/Champs-Elysees-profimedia-0709534621-CVR.webp 990w, https:\/\/d2p6e6u75xmxt8.cloudfront.net\/6\/2023\/07\/Champs-Elysees-profimedia-0709534621-CVR-300x200.webp 300w, https:\/\/d2p6e6u75xmxt8.cloudfront.net\/6\/2023\/07\/Champs-Elysees-profimedia-0709534621-CVR-768x512.webp 768w, https:\/\/d2p6e6u75xmxt8.cloudfront.net\/6\/2023\/07\/Champs-Elysees-profimedia-0709534621-CVR-400x267.webp 400w, https:\/\/d2p6e6u75xmxt8.cloudfront.net\/6\/2023\/07\/Champs-Elysees-profimedia-0709534621-CVR-272x182.webp 272w\" sizes=\"auto, (max-width: 990px) 100vw, 990px\" \/><\/a><figcaption id=\"caption-attachment-10080\" class=\"wp-caption-text\">No se puede imaginar un Tour sin Campos El\u00edseos. \u00a9 Profimedia<\/figcaption><\/figure>\n<p>Pero cualquier conversaci\u00f3n sobre los lugares emblem\u00e1ticos del Tour de Francia debe empezar por el final, la \u00faltima etapa de la carrera, porque tiene lugar en la calle m\u00e1s famosa del mundo, los Campos El\u00edseos, en la ciudad m\u00e1s popular del mundo, Par\u00eds. La etapa pasa tambi\u00e9n por muchos de los lugares emblem\u00e1ticos de la ciudad: la Plaza de la Concordia, el <a href=\"https:\/\/en.wikipedia.org\/wiki\/Arc_de_Triomphe\">Arco del Triunfo<\/a>, las <a href=\"https:\/\/en.wikipedia.org\/wiki\/Tuileries_Palace\">Tuller\u00edas<\/a> y el <a href=\"https:\/\/en.wikipedia.org\/wiki\/The_Louvre\">Louvre<\/a>.<\/p>\n<p>La avenida en s\u00ed, los Campos, no es m\u00e1s que un centro comercial muy caro, con tiendas de lujo, restaurantes, clubes nocturnos, teatros y caf\u00e9s. Ocupa el quinto lugar en la lista de las <a href=\"https:\/\/www.en-vols.com\/en\/getaways\/travel\/most-expensive-streets-in-the-world\/\">calles m\u00e1s caras del mundo<\/a>, con alquileres anuales de una media de 11.496 $ [10.621 euros] \/ m2. Pero cada a\u00f1o, un domingo de julio, los compradores deben ceder el paso a los aficionados al ciclismo que se alinean en la avenida para presenciar el final de la carrera en ruta m\u00e1s famosa del mundo.<\/p>\n<p>La \u00faltima etapa del Tour es casi siempre un desfile de la victoria del maillot amarillo, con el pelot\u00f3n rodando a un ritmo tranquilo mientras el vencedor bebe champ\u00e1n con su equipo y posa para las fotos. La carrera comienza finalmente cuando los corredores llegan a los Campos, donde los velocistas compiten por ganar el sprint m\u00e1s prestigioso del ciclismo mundial. La etapa suele terminar en un sprint del pelot\u00f3n; el \u00faltimo corredor que gan\u00f3 la etapa de una escapada fue Alexander Vinokourov, en 2005. Mark Cavendish, ahora del Astana Qazaqstan, ha ganado la etapa cuatro veces, m\u00e1s que ning\u00fan otro corredor. Este a\u00f1o, los corredores tomar\u00e1n la salida en Saint-Quentin-en-Yvelines, a las afueras de Par\u00eds, y la etapa de 115 km incluir\u00e1 ocho vueltas a los Campos.<\/p>\n<h2 style=\"font-weight: 400;\"><strong>Alpe d&#8217;Huez<\/strong><\/h2>\n<figure id=\"attachment_10081\" aria-describedby=\"caption-attachment-10081\" style=\"width: 1250px\" class=\"wp-caption alignnone\"><a href=\"https:\/\/d2p6e6u75xmxt8.cloudfront.net\/6\/2023\/07\/Alpe-d39Huez-profimedia-0374757289.webp\"><img loading=\"lazy\" decoding=\"async\" class=\"size-full wp-image-10081\" src=\"https:\/\/d2p6e6u75xmxt8.cloudfront.net\/6\/2023\/07\/Alpe-d39Huez-profimedia-0374757289.webp\" alt=\"Ale d'Huez\" width=\"1250\" height=\"833\" srcset=\"https:\/\/d2p6e6u75xmxt8.cloudfront.net\/6\/2023\/07\/Alpe-d39Huez-profimedia-0374757289.webp 1250w, https:\/\/d2p6e6u75xmxt8.cloudfront.net\/6\/2023\/07\/Alpe-d39Huez-profimedia-0374757289-300x200.webp 300w, https:\/\/d2p6e6u75xmxt8.cloudfront.net\/6\/2023\/07\/Alpe-d39Huez-profimedia-0374757289-1024x682.webp 1024w, https:\/\/d2p6e6u75xmxt8.cloudfront.net\/6\/2023\/07\/Alpe-d39Huez-profimedia-0374757289-768x512.webp 768w, https:\/\/d2p6e6u75xmxt8.cloudfront.net\/6\/2023\/07\/Alpe-d39Huez-profimedia-0374757289-400x267.webp 400w, https:\/\/d2p6e6u75xmxt8.cloudfront.net\/6\/2023\/07\/Alpe-d39Huez-profimedia-0374757289-272x182.webp 272w\" sizes=\"auto, (max-width: 1250px) 100vw, 1250px\" \/><\/a><figcaption id=\"caption-attachment-10081\" class=\"wp-caption-text\">Romain Bardet y Tony Gallopin durante un reconocimiento de pista en la carretera hacia la cima del Alpe d&#8217;Huez. \u00a9 Profimedia<\/figcaption><\/figure>\n<p style=\"font-weight: 400;\">\n<p>El <a href=\"https:\/\/www.welovecycling.com\/es\/2022\/07\/11\/la-debilidad-de-pogacar\/\">Alpe d&#8217;Huez<\/a> es probablemente la m\u00e1s conocida de todas las monta\u00f1as del Tour de Francia, sin duda debido a las 21 curvas de herradura que conducen a la cima. La ascensi\u00f3n de 13,8 km, con una pendiente media del 8,1% y una m\u00e1xima del 11,5%, termina a 1.850 m de altitud. Ha formado parte de un Tour 31 veces desde su introducci\u00f3n en 1952. Curiosamente, al principio no era un lugar popular, ya que casi no hab\u00eda espectadores en sus laderas, pero se ha convertido en un gran favorito con el paso de los a\u00f1os, con miles de espectadores alineados en la ladera cercana a la cima para animar a los ciclistas en su ascensi\u00f3n.<\/p>\n<p>Geraint Thomas se convirti\u00f3 en el primer, y hasta ahora \u00fanico, ciclista en ganar la etapa de Alpe d&#8217;Huez del Tour de Francia mientras vest\u00eda el maillot amarillo del l\u00edder de la carrera cuando cruz\u00f3 la l\u00ednea de meta en primer lugar en 2018. Luego gan\u00f3 ese Tour de Francia. En uno de los momentos m\u00e1s extra\u00f1os del Tour de Francia, en 1999, Giuseppe Guerini estaba muy por delante en la subida y a solo unos cientos de metros de la l\u00ednea de meta cuando choc\u00f3 con un espectador que se hab\u00eda puesto delante de \u00e9l para tomar una fotograf\u00eda. Guerini, muy tranquilo, volvi\u00f3 a subirse a la bicicleta y gan\u00f3 la etapa por 21 segundos.<\/p>\n<p>La monta\u00f1a se ha convertido en un destino de peregrinaci\u00f3n deportiva para los aficionados holandeses al ciclismo debido a la valiente victoria de Joop Zoetemelk en la subida en 1976, por 3 segundos sobre el belga Lucien Van Impe. Estos aficionados son f\u00e1ciles de reconocer porque van vestidos de naranja y suelen estar un poco borrachos.<\/p>\n<h2 style=\"font-weight: 400;\"><strong>Burdeos<\/strong><\/h2>\n<figure id=\"attachment_10082\" aria-describedby=\"caption-attachment-10082\" style=\"width: 990px\" class=\"wp-caption alignnone\"><a href=\"https:\/\/d2p6e6u75xmxt8.cloudfront.net\/6\/2023\/07\/Bordeaux-profimedia-0774940557.webp\"><img loading=\"lazy\" decoding=\"async\" class=\"wp-image-10082 size-full\" src=\"https:\/\/d2p6e6u75xmxt8.cloudfront.net\/6\/2023\/07\/Bordeaux-profimedia-0774940557.webp\" alt=\"Bordeaux\" width=\"990\" height=\"660\" srcset=\"https:\/\/d2p6e6u75xmxt8.cloudfront.net\/6\/2023\/07\/Bordeaux-profimedia-0774940557.webp 990w, https:\/\/d2p6e6u75xmxt8.cloudfront.net\/6\/2023\/07\/Bordeaux-profimedia-0774940557-300x200.webp 300w, https:\/\/d2p6e6u75xmxt8.cloudfront.net\/6\/2023\/07\/Bordeaux-profimedia-0774940557-768x512.webp 768w, https:\/\/d2p6e6u75xmxt8.cloudfront.net\/6\/2023\/07\/Bordeaux-profimedia-0774940557-400x267.webp 400w, https:\/\/d2p6e6u75xmxt8.cloudfront.net\/6\/2023\/07\/Bordeaux-profimedia-0774940557-272x182.webp 272w\" sizes=\"auto, (max-width: 990px) 100vw, 990px\" \/><\/a><figcaption id=\"caption-attachment-10082\" class=\"wp-caption-text\">Burdeos es la ciudad que m\u00e1s veces ha acogido el Tour despu\u00e9s de Par\u00eds.<\/figcaption><\/figure>\n<p>Cuando se menciona Burdeos, es inevitable pensar en los grandes vinos tintos que se producen en la regi\u00f3n y que se degustan en todo el mundo. Pero la ciudad, situada a orillas del r\u00edo Garona y a 50 km de la costa atl\u00e1ntica, es tambi\u00e9n una gran ciudad deportiva, con un exitoso club de rugby que juega al m\u00e1s alto nivel y un equipo de f\u00fatbol que jug\u00f3 durante muchos a\u00f1os en la \u00e9lite de la Ligue 1, hasta que los problemas financieros debidos en gran parte a la pandemia de Covid provocaron su descenso en 2021. Tambi\u00e9n es una de las paradas favoritas del Tour y es, con 81 visitas, la ciudad que m\u00e1s veces ha acogido la carrera despu\u00e9s de Par\u00eds.<\/p>\n<p>La parada de este a\u00f1o, al t\u00e9rmino de la 7\u00aa etapa, es la primera en 13 a\u00f1os. El \u00faltimo ganador de un final de etapa en Burdeos fue Mark Cavendish, que este a\u00f1o espera batir el r\u00e9cord de 34 victorias de etapa en el Tour de Francia que actualmente comparte con el gran Eddy Merckx. Ser\u00eda muy apropiado que el gran &#8220;Cav&#8221; batiera el r\u00e9cord en Burdeos, una ciudad con una rica historia ciclista. Fue sede de una gran carrera ciclista de seis d\u00edas y alberga un famoso vel\u00f3dromo, el Estadio Bordeaux-Lac, donde se celebraron los campeonatos del mundo de pista de 1998 y 2006 y donde Chris Boardman, Graeme Obree, Miguel Indurain y Tony Rominger establecieron los r\u00e9cords mundiales de la hora en 1993 y 1994.<\/p>\n<h2 style=\"font-weight: 400;\"><strong>Mont Ventoux<\/strong><\/h2>\n<figure id=\"attachment_10083\" aria-describedby=\"caption-attachment-10083\" style=\"width: 1000px\" class=\"wp-caption alignnone\"><a href=\"https:\/\/d2p6e6u75xmxt8.cloudfront.net\/6\/2023\/07\/Mt-Ventoux-profimedia-0559630911.webp\"><img loading=\"lazy\" decoding=\"async\" class=\"size-full wp-image-10083\" src=\"https:\/\/d2p6e6u75xmxt8.cloudfront.net\/6\/2023\/07\/Mt-Ventoux-profimedia-0559630911.webp\" alt=\"Mt Ventoux\" width=\"1000\" height=\"667\" srcset=\"https:\/\/d2p6e6u75xmxt8.cloudfront.net\/6\/2023\/07\/Mt-Ventoux-profimedia-0559630911.webp 1000w, https:\/\/d2p6e6u75xmxt8.cloudfront.net\/6\/2023\/07\/Mt-Ventoux-profimedia-0559630911-300x200.webp 300w, https:\/\/d2p6e6u75xmxt8.cloudfront.net\/6\/2023\/07\/Mt-Ventoux-profimedia-0559630911-768x512.webp 768w, https:\/\/d2p6e6u75xmxt8.cloudfront.net\/6\/2023\/07\/Mt-Ventoux-profimedia-0559630911-400x267.webp 400w, https:\/\/d2p6e6u75xmxt8.cloudfront.net\/6\/2023\/07\/Mt-Ventoux-profimedia-0559630911-272x182.webp 272w\" sizes=\"auto, (max-width: 1000px) 100vw, 1000px\" \/><\/a><figcaption id=\"caption-attachment-10083\" class=\"wp-caption-text\">El formidable Mont Ventoux. \u00a9 Profimedia<\/figcaption><\/figure>\n<p style=\"font-weight: 400;\">\n<p>El Mont Ventoux est\u00e1 considerado una de las ascensiones m\u00e1s duras del Tour de Francia, y ha sido visitado por corredores del Tour 18 veces desde 1951. El Gigante de Provenza, como se le llama, tiene 1.909 m de altura y su cima caliza, desnuda y rocosa, se describe a menudo como parecida a la superficie de la luna. A diferencia de otras monta\u00f1as cl\u00e1sicas del Tour de los Alpes y los Pirineos, que est\u00e1n rodeadas de altos picos, el Ventoux se alza solitario, imponente sobre Provenza y visible desde lejos. Tiene tres ascensiones, cada una de ellas dif\u00edcil.<\/p>\n<p>En 2016, la ascensi\u00f3n se acort\u00f3 debido al feroz viento Mistral que soplaba sobre sus laderas, pero eso no impidi\u00f3 que la monta\u00f1a se portara bien. Unos kil\u00f3metros por debajo de la &#8220;cima&#8221; revisada, los espectadores se acercaron demasiado a los ciclistas, lo que provoc\u00f3 que el l\u00edder de la carrera (y a la postre ganador) Chris Froome chocara contra la parte trasera del ciclista que le preced\u00eda, que cay\u00f3 en domin\u00f3 contra la parte trasera de una moto en la que viajaba un c\u00e1mara. En una de las escenas ic\u00f3nicas del Tour de Francia, Froome tir\u00f3 a un lado su bicicleta rota y empez\u00f3 a correr por la empinada carretera hasta que lleg\u00f3 una bicicleta nueva. En 2021, el Ventoux no se subi\u00f3 una vez, sino dos, y el ciclista del Jumbo-Visma Wout van Aert se hizo con una famosa victoria.<\/p>\n<p>No es una monta\u00f1a agradable. De hecho, el difunto fil\u00f3sofo franc\u00e9s Roland Barthes la defini\u00f3 como &#8220;un dios del mal, al que hay que sacrificarse. Nunca perdona la debilidad y exige un injusto tributo de sufrimiento&#8221;.<\/p>\n<h2 style=\"font-weight: 400;\"><strong>Col du Tourmalet<\/strong><\/h2>\n<figure id=\"attachment_10084\" aria-describedby=\"caption-attachment-10084\" style=\"width: 990px\" class=\"wp-caption alignnone\"><a href=\"https:\/\/d2p6e6u75xmxt8.cloudfront.net\/6\/2023\/07\/Col-du-Tourmalet-profimedia-0379886600.webp\"><img loading=\"lazy\" decoding=\"async\" class=\"wp-image-10084 size-full\" src=\"https:\/\/d2p6e6u75xmxt8.cloudfront.net\/6\/2023\/07\/Col-du-Tourmalet-profimedia-0379886600.webp\" alt=\"Col du Tourmalet\" width=\"990\" height=\"660\" srcset=\"https:\/\/d2p6e6u75xmxt8.cloudfront.net\/6\/2023\/07\/Col-du-Tourmalet-profimedia-0379886600.webp 990w, https:\/\/d2p6e6u75xmxt8.cloudfront.net\/6\/2023\/07\/Col-du-Tourmalet-profimedia-0379886600-300x200.webp 300w, https:\/\/d2p6e6u75xmxt8.cloudfront.net\/6\/2023\/07\/Col-du-Tourmalet-profimedia-0379886600-768x512.webp 768w, https:\/\/d2p6e6u75xmxt8.cloudfront.net\/6\/2023\/07\/Col-du-Tourmalet-profimedia-0379886600-400x267.webp 400w, https:\/\/d2p6e6u75xmxt8.cloudfront.net\/6\/2023\/07\/Col-du-Tourmalet-profimedia-0379886600-272x182.webp 272w\" sizes=\"auto, (max-width: 990px) 100vw, 990px\" \/><\/a><figcaption id=\"caption-attachment-10084\" class=\"wp-caption-text\">El Col du Tourmalet ies una de la monta\u00f1as legendarias. \u00a9 Profimedia<\/figcaption><\/figure>\n<p style=\"font-weight: 400;\">\n<p>El Tourmalet es la monta\u00f1a m\u00e1s escalada en la historia del Tour de Francia, habiendo figurado en la carrera 90 veces desde 1910. Con 2.115 m, es uno de los puertos de monta\u00f1a asfaltados m\u00e1s altos de los Pirineos franceses y probablemente la monta\u00f1a ciclista m\u00e1s popular del mundo: este a\u00f1o tambi\u00e9n la visitar\u00e1n el Tour de Francia Femmes avec Zwift y la <a href=\"https:\/\/www.welovecycling.com\/es\/2023\/01\/11\/vuelta-2023-tourmalet-angliru-y-larrau\/\">Vuelta a Espa\u00f1a.<\/a><\/p>\n<p>Octave Lapize, el primer corredor que la cruz\u00f3, en 1910, grit\u00f3 a los organizadores de la carrera mientras, agotado y con fr\u00edo, empujaba su bicicleta cuesta arriba: &#8220;\u00a1Asesinos! Sois todos unos asesinos&#8221;. A pesar de ello, gan\u00f3 el Tour ese a\u00f1o, ya que s\u00f3lo 41 corredores de los 110 que tomaron la salida pudieron terminar la carrera.<\/p>\n<p>Desde entonces, la subida se ha convertido en una de las m\u00e1s preciadas del Tour de Francia. &#8220;Cuando eres escalador, todas las victorias en el Tour de Francia son bonitas. Pero ganar en un monumento como este, el Tourmalet, eso es lo que me encanta&#8221;, dijo un lloroso Thibaut Pinot tras ganar la subida al <a href=\"https:\/\/www.welovecycling.com\/es\/2023\/06\/01\/destinos-ciclistas-para-este-verano\/\">Tourmalet<\/a> en el Tour 2019.<\/p>\n<h2 style=\"font-weight: 400;\"><strong>Puy de D\u00f4me<\/strong><\/h2>\n<figure id=\"attachment_10085\" aria-describedby=\"caption-attachment-10085\" style=\"width: 990px\" class=\"wp-caption alignnone\"><a href=\"https:\/\/d2p6e6u75xmxt8.cloudfront.net\/6\/2023\/07\/Puy-de-Dome-profimedia-0160096785-CVR.webp\"><img loading=\"lazy\" decoding=\"async\" class=\"wp-image-10085 size-full\" src=\"https:\/\/d2p6e6u75xmxt8.cloudfront.net\/6\/2023\/07\/Puy-de-Dome-profimedia-0160096785-CVR.webp\" alt=\"Puy de D\u00f4me\" width=\"990\" height=\"660\" srcset=\"https:\/\/d2p6e6u75xmxt8.cloudfront.net\/6\/2023\/07\/Puy-de-Dome-profimedia-0160096785-CVR.webp 990w, https:\/\/d2p6e6u75xmxt8.cloudfront.net\/6\/2023\/07\/Puy-de-Dome-profimedia-0160096785-CVR-300x200.webp 300w, https:\/\/d2p6e6u75xmxt8.cloudfront.net\/6\/2023\/07\/Puy-de-Dome-profimedia-0160096785-CVR-768x512.webp 768w, https:\/\/d2p6e6u75xmxt8.cloudfront.net\/6\/2023\/07\/Puy-de-Dome-profimedia-0160096785-CVR-400x267.webp 400w, https:\/\/d2p6e6u75xmxt8.cloudfront.net\/6\/2023\/07\/Puy-de-Dome-profimedia-0160096785-CVR-272x182.webp 272w\" sizes=\"auto, (max-width: 990px) 100vw, 990px\" \/><\/a><figcaption id=\"caption-attachment-10085\" class=\"wp-caption-text\">El Puy de D\u00f4me retorna despu\u00e9s de 35 a\u00f1os. \u00a9 Profimedia<\/figcaption><\/figure>\n<p>El Puy de D\u00f4me no est\u00e1 ni en los Alpes ni en los Pirineos; es un joven volc\u00e1n del Macizo Central, en el centro de Francia. Se subi\u00f3 por primera vez en el Tour de Francia en 1952 y desde entonces s\u00f3lo se ha subido 13 veces. Regresar\u00e1 a la carrera en 2023 por primera vez en 35 a\u00f1os, y ser\u00e1 el final de la etapa 9, una subida de 13,3 km con una pendiente media del 7,7%, con los 4,5 km finales con una media de casi el 12%. Se ha seleccionado aqu\u00ed por encima de otros ascensos de mayor renombre -como el Col du Galibier, el Col de la Madeleine y el Col d&#8217;Aubisque, por citar s\u00f3lo tres- porque el 12 de julio de 1964 fue el escenario de uno de los <a href=\"https:\/\/www.welovecycling.com\/es\/2020\/09\/18\/tour-1964-anquetil-poulidor\/\">duelos m\u00e1s memorables<\/a> de la rivalidad m\u00e1s hist\u00f3rica del Tour, la que enfrent\u00f3 a Jacques Anquetil y Raymond Poulidor.<\/p>\n<p>El fr\u00edo y distante Anquetil ya hab\u00eda ganado el Tour cuatro veces y vest\u00eda el maillot amarillo al comienzo de la 20\u00aa etapa, con una ventaja de 56 segundos sobre Poulidor. S\u00f3lo quedaban dos etapas en el Tour, una de ellas un ITT en el que Anquetil, conocido como &#8220;Mr. Chrono&#8221;, era el gran favorito. Para resumir la historia, a menos de un kil\u00f3metro para el final de la etapa, despu\u00e9s de haber corrido juntos la mayor parte de la subida, Poulidor se puso por delante y Anquetil empez\u00f3 a tener problemas. Cuando Poulidor cruz\u00f3 la l\u00ednea de meta en el Puy, tras m\u00e1s de 7 horas de carrera, Anquetil segu\u00eda subiendo\u00a0 con dificultad.<\/p>\n<p>Cuando cruz\u00f3 la l\u00ednea de meta, pregunt\u00f3 a su director deportivo, Rapha\u00ebl G\u00e9miniani, cu\u00e1nto le quedaba de su ventaja de 56 segundos. &#8220;Catorce segundos&#8221;, respondi\u00f3 G\u00e9miniani. &#8220;Son 13 m\u00e1s de los que necesito&#8221;, respondi\u00f3 Anquetil, que se convirti\u00f3 en el primer ciclista en ganar cinco veces el Tour. Poulidor es conocido hoy como el mejor corredor que nunca ha vestido el maillot amarillo y como el abuelo de Mathieu van der Poel. Y al menos un <a href=\"https:\/\/web.stanford.edu\/~learnest\/cyclops\/tdf.64.html\">historiador del ciclismo<\/a> considera la 20\u00aa etapa del Tour de 1964 como &#8220;la mejor etapa de la historia&#8221;.<\/p>\n","protected":false},"excerpt":{"rendered":"<p>Adem\u00e1s de ser una carrera ciclista de tres semanas de duraci\u00f3n, el Tour de Francia -como todas las Grandes Vueltas- [&hellip;]<\/p>\n","protected":false},"author":29,"featured_media":10087,"comment_status":"open","ping_status":"open","sticky":false,"template":"","format":"standard","meta":{"footnotes":""},"categories":[7],"tags":[2249,557],"global-categories":[],"class_list":["post-10079","post","type-post","status-publish","format-standard","has-post-thumbnail","hentry","category-carretera","tag-puy-de-dome","tag-tour-de-francia"],"yoast_head":"<!-- This site is optimized with the Yoast SEO Premium plugin v25.3 (Yoast SEO v25.9) - https:\/\/yoast.com\/wordpress\/plugins\/seo\/ -->\n<title>Los lugares m\u00e1s ic\u00f3nicos del Tour de Francia<\/title>\n<meta name=\"description\" content=\"Los lugares m\u00e1s ic\u00f3nicos del Tour de Francia. Desde los Campos El\u00edseos al Tourmalet, el Mont Ventoux o el Puy de Dome.\" \/>\n<meta name=\"robots\" content=\"index, follow, max-snippet:-1, max-image-preview:large, max-video-preview:-1\" \/>\n<link rel=\"canonical\" href=\"https:\/\/www.welovecycling.com\/es\/2023\/07\/08\/lugares-mas-iconicos-tour-francia\/\" \/>\n<meta property=\"og:locale\" content=\"es_ES\" \/>\n<meta property=\"og:type\" content=\"article\" \/>\n<meta property=\"og:title\" content=\"Los lugares m\u00e1s ic\u00f3nicos del Tour de Francia\" \/>\n<meta property=\"og:description\" content=\"Los lugares m\u00e1s ic\u00f3nicos del Tour de Francia. Desde los Campos El\u00edseos al Tourmalet, el Mont Ventoux o el Puy de Dome.\" \/>\n<meta property=\"og:url\" content=\"https:\/\/www.welovecycling.com\/es\/2023\/07\/08\/lugares-mas-iconicos-tour-francia\/\" \/>\n<meta property=\"og:site_name\" content=\"\u0160koda We Love Cycling - Spain\" \/>\n<meta property=\"article:published_time\" content=\"2023-07-08T08:38:45+00:00\" \/>\n<meta property=\"og:image\" content=\"https:\/\/d2p6e6u75xmxt8.cloudfront.net\/6\/2023\/07\/Col-du-Tourmalet-profimedia-0621732375-CVR.webp\" \/>\n\t<meta property=\"og:image:width\" content=\"990\" \/>\n\t<meta property=\"og:image:height\" content=\"660\" \/>\n\t<meta property=\"og:image:type\" content=\"image\/webp\" \/>\n<meta name=\"author\" content=\"We Love Cycling Spain\" \/>\n<meta name=\"twitter:card\" content=\"summary_large_image\" \/>\n<meta name=\"twitter:description\" content=\"Los lugares m\u00e1s ic\u00f3nicos del Tour de Francia. Desde los Campos El\u00edseos al Tourmalet, el Mont Ventoux o el Puy de Dome.\" \/>\n<meta name=\"twitter:label1\" content=\"Written by\" \/>\n\t<meta name=\"twitter:data1\" content=\"Siegfried Mortkowitz\" \/>\n\t<meta name=\"twitter:label2\" content=\"Est. reading time\" \/>\n\t<meta name=\"twitter:data2\" content=\"4\" \/>\n<script type=\"application\/ld+json\" class=\"yoast-schema-graph\">{\"@context\":\"https:\/\/schema.org\",\"@graph\":[{\"@type\":\"WebPage\",\"@id\":\"https:\/\/www.welovecycling.com\/es\/2023\/07\/08\/lugares-mas-iconicos-tour-francia\/\",\"url\":\"https:\/\/www.welovecycling.com\/es\/2023\/07\/08\/lugares-mas-iconicos-tour-francia\/\",\"name\":\"Los lugares m\u00e1s ic\u00f3nicos del Tour de Francia\",\"isPartOf\":{\"@id\":\"https:\/\/www.welovecycling.com\/es\/#website\"},\"primaryImageOfPage\":{\"@id\":\"https:\/\/www.welovecycling.com\/es\/2023\/07\/08\/lugares-mas-iconicos-tour-francia\/#primaryimage\"},\"image\":{\"@id\":\"https:\/\/www.welovecycling.com\/es\/2023\/07\/08\/lugares-mas-iconicos-tour-francia\/#primaryimage\"},\"thumbnailUrl\":\"https:\/\/d2p6e6u75xmxt8.cloudfront.net\/6\/2023\/07\/Col-du-Tourmalet-profimedia-0621732375-CVR.webp\",\"datePublished\":\"2023-07-08T08:38:45+00:00\",\"author\":{\"@id\":\"https:\/\/www.welovecycling.com\/es\/#\/schema\/person\/deb61715b5812698ee79fb96f343ccd4\"},\"description\":\"Los lugares m\u00e1s ic\u00f3nicos del Tour de Francia. Desde los Campos El\u00edseos al Tourmalet, el Mont Ventoux o el Puy de Dome.\",\"breadcrumb\":{\"@id\":\"https:\/\/www.welovecycling.com\/es\/2023\/07\/08\/lugares-mas-iconicos-tour-francia\/#breadcrumb\"},\"inLanguage\":\"es-ES\",\"potentialAction\":[{\"@type\":\"ReadAction\",\"target\":[\"https:\/\/www.welovecycling.com\/es\/2023\/07\/08\/lugares-mas-iconicos-tour-francia\/\"]}]},{\"@type\":\"ImageObject\",\"inLanguage\":\"es-ES\",\"@id\":\"https:\/\/www.welovecycling.com\/es\/2023\/07\/08\/lugares-mas-iconicos-tour-francia\/#primaryimage\",\"url\":\"https:\/\/d2p6e6u75xmxt8.cloudfront.net\/6\/2023\/07\/Col-du-Tourmalet-profimedia-0621732375-CVR.webp\",\"contentUrl\":\"https:\/\/d2p6e6u75xmxt8.cloudfront.net\/6\/2023\/07\/Col-du-Tourmalet-profimedia-0621732375-CVR.webp\",\"width\":990,\"height\":660,\"caption\":\"Col du Tourmalet\"},{\"@type\":\"BreadcrumbList\",\"@id\":\"https:\/\/www.welovecycling.com\/es\/2023\/07\/08\/lugares-mas-iconicos-tour-francia\/#breadcrumb\",\"itemListElement\":[{\"@type\":\"ListItem\",\"position\":1,\"name\":\"Home\",\"item\":\"https:\/\/www.welovecycling.com\/es\/\"},{\"@type\":\"ListItem\",\"position\":2,\"name\":\"Los lugares m\u00e1s ic\u00f3nicos del Tour de Francia\"}]},{\"@type\":\"WebSite\",\"@id\":\"https:\/\/www.welovecycling.com\/es\/#website\",\"url\":\"https:\/\/www.welovecycling.com\/es\/\",\"name\":\"\u0160koda We Love Cycling - Spain\",\"description\":\"\u0160koda WeLoveCycling Spain\",\"potentialAction\":[{\"@type\":\"SearchAction\",\"target\":{\"@type\":\"EntryPoint\",\"urlTemplate\":\"https:\/\/www.welovecycling.com\/es\/?s={search_term_string}\"},\"query-input\":{\"@type\":\"PropertyValueSpecification\",\"valueRequired\":true,\"valueName\":\"search_term_string\"}}],\"inLanguage\":\"es-ES\"},{\"@type\":\"Person\",\"@id\":\"https:\/\/www.welovecycling.com\/es\/#\/schema\/person\/deb61715b5812698ee79fb96f343ccd4\",\"name\":\"We Love Cycling Spain\",\"image\":{\"@type\":\"ImageObject\",\"inLanguage\":\"es-ES\",\"@id\":\"https:\/\/www.welovecycling.com\/es\/#\/schema\/person\/image\/\",\"url\":\"https:\/\/secure.gravatar.com\/avatar\/c824b04e6df0e37a03219d0b6481672889df542894588964102459e46513159c?s=96&d=mm&r=g\",\"contentUrl\":\"https:\/\/secure.gravatar.com\/avatar\/c824b04e6df0e37a03219d0b6481672889df542894588964102459e46513159c?s=96&d=mm&r=g\",\"caption\":\"We Love Cycling Spain\"},\"url\":\"https:\/\/www.welovecycling.com\/es\/author\/amunoz\/\"}]}<\/script>\n<!-- \/ Yoast SEO Premium plugin. -->","yoast_head_json":{"title":"Los lugares m\u00e1s ic\u00f3nicos del Tour de Francia","description":"Los lugares m\u00e1s ic\u00f3nicos del Tour de Francia. Desde los Campos El\u00edseos al Tourmalet, el Mont Ventoux o el Puy de Dome.","robots":{"index":"index","follow":"follow","max-snippet":"max-snippet:-1","max-image-preview":"max-image-preview:large","max-video-preview":"max-video-preview:-1"},"canonical":"https:\/\/www.welovecycling.com\/es\/2023\/07\/08\/lugares-mas-iconicos-tour-francia\/","og_locale":"es_ES","og_type":"article","og_title":"Los lugares m\u00e1s ic\u00f3nicos del Tour de Francia","og_description":"Los lugares m\u00e1s ic\u00f3nicos del Tour de Francia. Desde los Campos El\u00edseos al Tourmalet, el Mont Ventoux o el Puy de Dome.","og_url":"https:\/\/www.welovecycling.com\/es\/2023\/07\/08\/lugares-mas-iconicos-tour-francia\/","og_site_name":"\u0160koda We Love Cycling - Spain","article_published_time":"2023-07-08T08:38:45+00:00","og_image":[{"width":990,"height":660,"url":"https:\/\/d2p6e6u75xmxt8.cloudfront.net\/6\/2023\/07\/Col-du-Tourmalet-profimedia-0621732375-CVR.webp","type":"image\/webp"}],"author":"We Love Cycling Spain","twitter_card":"summary_large_image","twitter_description":"Los lugares m\u00e1s ic\u00f3nicos del Tour de Francia. Desde los Campos El\u00edseos al Tourmalet, el Mont Ventoux o el Puy de Dome.","twitter_misc":{"Written by":"Siegfried Mortkowitz","Est. reading time":"4"},"schema":{"@context":"https:\/\/schema.org","@graph":[{"@type":"WebPage","@id":"https:\/\/www.welovecycling.com\/es\/2023\/07\/08\/lugares-mas-iconicos-tour-francia\/","url":"https:\/\/www.welovecycling.com\/es\/2023\/07\/08\/lugares-mas-iconicos-tour-francia\/","name":"Los lugares m\u00e1s ic\u00f3nicos del Tour de Francia","isPartOf":{"@id":"https:\/\/www.welovecycling.com\/es\/#website"},"primaryImageOfPage":{"@id":"https:\/\/www.welovecycling.com\/es\/2023\/07\/08\/lugares-mas-iconicos-tour-francia\/#primaryimage"},"image":{"@id":"https:\/\/www.welovecycling.com\/es\/2023\/07\/08\/lugares-mas-iconicos-tour-francia\/#primaryimage"},"thumbnailUrl":"https:\/\/d2p6e6u75xmxt8.cloudfront.net\/6\/2023\/07\/Col-du-Tourmalet-profimedia-0621732375-CVR.webp","datePublished":"2023-07-08T08:38:45+00:00","author":{"@id":"https:\/\/www.welovecycling.com\/es\/#\/schema\/person\/deb61715b5812698ee79fb96f343ccd4"},"description":"Los lugares m\u00e1s ic\u00f3nicos del Tour de Francia. Desde los Campos El\u00edseos al Tourmalet, el Mont Ventoux o el Puy de Dome.","breadcrumb":{"@id":"https:\/\/www.welovecycling.com\/es\/2023\/07\/08\/lugares-mas-iconicos-tour-francia\/#breadcrumb"},"inLanguage":"es-ES","potentialAction":[{"@type":"ReadAction","target":["https:\/\/www.welovecycling.com\/es\/2023\/07\/08\/lugares-mas-iconicos-tour-francia\/"]}]},{"@type":"ImageObject","inLanguage":"es-ES","@id":"https:\/\/www.welovecycling.com\/es\/2023\/07\/08\/lugares-mas-iconicos-tour-francia\/#primaryimage","url":"https:\/\/d2p6e6u75xmxt8.cloudfront.net\/6\/2023\/07\/Col-du-Tourmalet-profimedia-0621732375-CVR.webp","contentUrl":"https:\/\/d2p6e6u75xmxt8.cloudfront.net\/6\/2023\/07\/Col-du-Tourmalet-profimedia-0621732375-CVR.webp","width":990,"height":660,"caption":"Col du Tourmalet"},{"@type":"BreadcrumbList","@id":"https:\/\/www.welovecycling.com\/es\/2023\/07\/08\/lugares-mas-iconicos-tour-francia\/#breadcrumb","itemListElement":[{"@type":"ListItem","position":1,"name":"Home","item":"https:\/\/www.welovecycling.com\/es\/"},{"@type":"ListItem","position":2,"name":"Los lugares m\u00e1s ic\u00f3nicos del Tour de Francia"}]},{"@type":"WebSite","@id":"https:\/\/www.welovecycling.com\/es\/#website","url":"https:\/\/www.welovecycling.com\/es\/","name":"\u0160koda We Love Cycling - Spain","description":"\u0160koda WeLoveCycling Spain","potentialAction":[{"@type":"SearchAction","target":{"@type":"EntryPoint","urlTemplate":"https:\/\/www.welovecycling.com\/es\/?s={search_term_string}"},"query-input":{"@type":"PropertyValueSpecification","valueRequired":true,"valueName":"search_term_string"}}],"inLanguage":"es-ES"},{"@type":"Person","@id":"https:\/\/www.welovecycling.com\/es\/#\/schema\/person\/deb61715b5812698ee79fb96f343ccd4","name":"We Love Cycling Spain","image":{"@type":"ImageObject","inLanguage":"es-ES","@id":"https:\/\/www.welovecycling.com\/es\/#\/schema\/person\/image\/","url":"https:\/\/secure.gravatar.com\/avatar\/c824b04e6df0e37a03219d0b6481672889df542894588964102459e46513159c?s=96&d=mm&r=g","contentUrl":"https:\/\/secure.gravatar.com\/avatar\/c824b04e6df0e37a03219d0b6481672889df542894588964102459e46513159c?s=96&d=mm&r=g","caption":"We Love Cycling Spain"},"url":"https:\/\/www.welovecycling.com\/es\/author\/amunoz\/"}]}},"_links":{"self":[{"href":"https:\/\/www.welovecycling.com\/es\/wp-json\/wp\/v2\/posts\/10079","targetHints":{"allow":["GET"]}}],"collection":[{"href":"https:\/\/www.welovecycling.com\/es\/wp-json\/wp\/v2\/posts"}],"about":[{"href":"https:\/\/www.welovecycling.com\/es\/wp-json\/wp\/v2\/types\/post"}],"author":[{"embeddable":true,"href":"https:\/\/www.welovecycling.com\/es\/wp-json\/wp\/v2\/users\/29"}],"replies":[{"embeddable":true,"href":"https:\/\/www.welovecycling.com\/es\/wp-json\/wp\/v2\/comments?post=10079"}],"version-history":[{"count":2,"href":"https:\/\/www.welovecycling.com\/es\/wp-json\/wp\/v2\/posts\/10079\/revisions"}],"predecessor-version":[{"id":10088,"href":"https:\/\/www.welovecycling.com\/es\/wp-json\/wp\/v2\/posts\/10079\/revisions\/10088"}],"wp:featuredmedia":[{"embeddable":true,"href":"https:\/\/www.welovecycling.com\/es\/wp-json\/wp\/v2\/media\/10087"}],"wp:attachment":[{"href":"https:\/\/www.welovecycling.com\/es\/wp-json\/wp\/v2\/media?parent=10079"}],"wp:term":[{"taxonomy":"category","embeddable":true,"href":"https:\/\/www.welovecycling.com\/es\/wp-json\/wp\/v2\/categories?post=10079"},{"taxonomy":"post_tag","embeddable":true,"href":"https:\/\/www.welovecycling.com\/es\/wp-json\/wp\/v2\/tags?post=10079"},{"taxonomy":"global-categories","embeddable":true,"href":"https:\/\/www.welovecycling.com\/es\/wp-json\/wp\/v2\/global-categories?post=10079"}],"curies":[{"name":"wp","href":"https:\/\/api.w.org\/{rel}","templated":true}]}}