{"id":10062,"date":"2023-07-08T09:12:58","date_gmt":"2023-07-08T07:12:58","guid":{"rendered":"https:\/\/www.welovecycling.com\/es\/?p=10062"},"modified":"2023-07-08T09:12:58","modified_gmt":"2023-07-08T07:12:58","slug":"cambios-reglas-tour","status":"publish","type":"post","link":"https:\/\/www.welovecycling.com\/es\/2023\/07\/08\/cambios-reglas-tour\/","title":{"rendered":"Los cambios en la reglas del Tour en los \u00faltimos 20 a\u00f1os"},"content":{"rendered":"<p><strong>En las dos \u00faltimas d\u00e9cadas el Tour de Francia ha experimentado numerosos cambios en sus reglas. Su objetivo ha sido mejorar la competici\u00f3n, crear escenarios m\u00e1s emocionantes y adaptarse a la din\u00e1mica cambiante de nuestro deporte. En este art\u00edculo, analizar\u00e9 los cambios m\u00e1s significativos en las reglas, centr\u00e1ndome en el tama\u00f1o de los equipos, la reestructuraci\u00f3n de la competici\u00f3n por el maillot de puntos, la competici\u00f3n por el rey de la monta\u00f1a y la evoluci\u00f3n de las bonificaciones por tiempo intermedio y en meta.<\/strong><\/p>\n<p><!--more--><\/p>\n<h2><strong>Tama\u00f1o de los equipos<\/strong><\/h2>\n<p>En 2018, el Tour de Francia implement\u00f3 un cambio significativo al reducir el tama\u00f1o del equipo de nueve ciclistas a ocho. Este ajuste, inicialmente controvertido, ten\u00eda como objetivo aumentar la intensidad y la imprevisibilidad de la carrera. El dominio de los grandes &#8216;s\u00faper equipos&#8217; como el Team Sky fue definitivamente una de las razones detr\u00e1s de esto tambi\u00e9n. Con un compa\u00f1ero de equipo menos como apoyo, los l\u00edderes de los equipos se enfrentaban a una tarea m\u00e1s dif\u00edcil de controlar el pelot\u00f3n y defender sus posiciones. Este cambio foment\u00f3 t\u00e1cticas de carrera m\u00e1s agresivas (<a href=\"https:\/\/www.welovecycling.com\/wide\/series\/jumbo-visma-nutrition-at-the-tour\/\">como Jumbo Visma en el Tour de 2022<\/a>), ya que los equipos tuvieron que adaptar sus estrategias al nuevo l\u00edmite de tama\u00f1o. En mi opini\u00f3n, esto ha hecho que las etapas sean m\u00e1s atractivas, emocionantes e impredecibles.<\/p>\n<h2><strong>Reestructuraci\u00f3n del maillot verde<\/strong><\/h2>\n<p>El Maillot Verde \u0160koda se concede al corredor que acumula m\u00e1s puntos a lo largo de la carrera. La estructura de esta competici\u00f3n ha sufrido cambios significativos en los \u00faltimos a\u00f1os. Antes de 2011, el Maillot Verde se basaba principalmente en la acumulaci\u00f3n de puntos en los sprints intermedios y las posiciones en meta. Sin embargo, las reglas se revisaron para aumentar el \u00e9nfasis en las victorias de etapa en las etapas llanas, lo que dio lugar a una competici\u00f3n m\u00e1s emocionante que recompensaba a los velocistas en lugar de a los corredores de la CG. Despu\u00e9s de todo, el <a href=\"https:\/\/www.welovecycling.com\/es\/2023\/06\/28\/maillot-verde-tour-2023\/\">Maillot Verde \u0160koda<\/a> es extraoficialmente el &#8220;Maillot de los Sprinters&#8221;.<a href=\"https:\/\/d2p6e6u75xmxt8.cloudfront.net\/6\/2023\/07\/Wout-van-Aert-profimedia-0707338266.webp\"><img loading=\"lazy\" decoding=\"async\" class=\"size-full wp-image-10064\" src=\"https:\/\/d2p6e6u75xmxt8.cloudfront.net\/6\/2023\/07\/Wout-van-Aert-profimedia-0707338266.webp\" alt=\"Wout van Aert\" width=\"1000\" height=\"666\" srcset=\"https:\/\/d2p6e6u75xmxt8.cloudfront.net\/6\/2023\/07\/Wout-van-Aert-profimedia-0707338266.webp 1000w, https:\/\/d2p6e6u75xmxt8.cloudfront.net\/6\/2023\/07\/Wout-van-Aert-profimedia-0707338266-300x200.webp 300w, https:\/\/d2p6e6u75xmxt8.cloudfront.net\/6\/2023\/07\/Wout-van-Aert-profimedia-0707338266-768x511.webp 768w, https:\/\/d2p6e6u75xmxt8.cloudfront.net\/6\/2023\/07\/Wout-van-Aert-profimedia-0707338266-400x266.webp 400w, https:\/\/d2p6e6u75xmxt8.cloudfront.net\/6\/2023\/07\/Wout-van-Aert-profimedia-0707338266-272x182.webp 272w\" sizes=\"auto, (max-width: 1000px) 100vw, 1000px\" \/><\/a><\/p>\n<p>Wout van Aert vistiendo el maillot verde \u0160koda en el Tour de 2022. \u00a9 Profimedia<br \/>\nEstructura de puntos de los 15 primeros corredores:<\/p>\n<h4>Etapas llanas sin grandes dificultades<\/h4>\n<p>50-30-20-18-16-14-12-10-8-7-6-5-4-3-2<\/p>\n<h4>Etapas de media monta\u00f1a<\/h4>\n<p>30-25-22-19-17-15-13-11-9-7-6- 5-4-3-2<\/p>\n<h4>Etapas consideradas &#8220;muy dif\u00edciles&#8221; (Etapas de monta\u00f1a)<\/h4>\n<p>20-17-15-13-11-10-9-8-7-6-5-4-3-2-1<\/p>\n<h4>Contrarreloj<\/h4>\n<p>20-17-15-13-11-10-9-8-7-6-5-4-3-2-1<\/p>\n<h4>Sprints intermedios<\/h4>\n<p>20-17-15-13-11-10-9-8-7-6-5-4-3-2-1<\/p>\n<p>Como se puede ver, los puntos se ponderan en gran medida hacia las etapas &#8220;m\u00e1s f\u00e1ciles&#8221; con un terreno m\u00e1s llano, para mantener la distribuci\u00f3n de puntos a favor de los &#8220;hombres r\u00e1pidos&#8221;. El objetivo de esta reestructuraci\u00f3n es animar a los velocistas a competir por las victorias de etapa, en lugar de centrarse simplemente en sprints intermedios y obtener posiciones altas pero no ganar.<\/p>\n<h2><strong>Clasificaci\u00f3n de la monta\u00f1a<\/strong><\/h2>\n<figure id=\"attachment_10066\" aria-describedby=\"caption-attachment-10066\" style=\"width: 1250px\" class=\"wp-caption alignnone\"><a href=\"https:\/\/d2p6e6u75xmxt8.cloudfront.net\/6\/2023\/07\/profimedia-0709551949.webp\"><img loading=\"lazy\" decoding=\"async\" class=\"size-full wp-image-10066\" src=\"https:\/\/d2p6e6u75xmxt8.cloudfront.net\/6\/2023\/07\/profimedia-0709551949.webp\" alt=\"Jonas Vingegaard\" width=\"1250\" height=\"833\" srcset=\"https:\/\/d2p6e6u75xmxt8.cloudfront.net\/6\/2023\/07\/profimedia-0709551949.webp 1250w, https:\/\/d2p6e6u75xmxt8.cloudfront.net\/6\/2023\/07\/profimedia-0709551949-300x200.webp 300w, https:\/\/d2p6e6u75xmxt8.cloudfront.net\/6\/2023\/07\/profimedia-0709551949-1024x682.webp 1024w, https:\/\/d2p6e6u75xmxt8.cloudfront.net\/6\/2023\/07\/profimedia-0709551949-768x512.webp 768w, https:\/\/d2p6e6u75xmxt8.cloudfront.net\/6\/2023\/07\/profimedia-0709551949-400x267.webp 400w, https:\/\/d2p6e6u75xmxt8.cloudfront.net\/6\/2023\/07\/profimedia-0709551949-272x182.webp 272w\" sizes=\"auto, (max-width: 1250px) 100vw, 1250px\" \/><\/a><figcaption id=\"caption-attachment-10066\" class=\"wp-caption-text\">Jonas Vingegaard, l\u00edder de la monta\u00f1a en 2022 \u00a9 Profimedia<\/figcaption><\/figure>\n<p>&nbsp;<\/p>\n<p>La competici\u00f3n del Rey de la Monta\u00f1a o &#8220;maillot de lunares&#8221; celebra las proezas de los escaladores en las monta\u00f1as y colinas. A lo largo de los a\u00f1os, las reglas que rigen esta competici\u00f3n se han ido ajustando para aumentar su competitividad y a\u00f1adir emoci\u00f3n para los aficionados. Un cambio muy reciente en el reglamento significa que los corredores ya no obtienen el doble de puntos en las cimas de las subidas hors cat\u00e9gorie (las m\u00e1s duras), algo que sol\u00eda favorecer a los corredores de la CG en detrimento de los especialistas en escapadas. De este modo, es m\u00e1s probable que gane el maillot un corredor que aspira a \u00e9l, y no un corredor de la CG que acumula puntos casi por accidente.<\/p>\n<p>El n\u00famero de puntos otorgados depende de la dificultad de la subida, siendo las subidas m\u00e1s duras las que ofrecen m\u00e1s puntos. El corredor con el mayor n\u00famero de puntos al final del Tour es coronado Rey de la Monta\u00f1a.<\/p>\n<h4>Distribuci\u00f3n de puntos de la monta\u00f1a:<\/h4>\n<p><strong>Hors Cat\u00e9gorie:<\/strong> 20-15-12-10-8-6-4-2 puntos<br \/>\n<strong>Cat.1:<\/strong> 10-8-6-4-2-1 puntos<br \/>\n<strong>Cat.2:<\/strong> 5-3-2-1 puntos<br \/>\n<strong>Cat.3:<\/strong> 2-1 puntos<br \/>\n<strong>Cat.4:<\/strong> 1 puntos<\/p>\n<h2><strong>Evoluci\u00f3n de las bonificaciones<\/strong><\/h2>\n<p>Las bonificaciones por tiempo han desempe\u00f1ado un papel importante en el Tour de Francia, influyendo en las t\u00e1cticas y en el desarrollo de la carrera. En los \u00faltimos 20 a\u00f1os, la aplicaci\u00f3n y distribuci\u00f3n de las bonificaciones de tiempo en los sprints intermedios y en las l\u00edneas de meta ha evolucionado significativamente.<\/p>\n<p>En el pasado, las bonificaciones de tiempo se conced\u00edan tanto en los sprints intermedios como en la l\u00ednea de meta para incentivar las carreras agresivas y hacer que las etapas al sprint fueran m\u00e1s relevantes. Sin embargo, en 2007, los organizadores decidieron eliminar las bonificaciones por tiempo en los sprints intermedios, centr\u00e1ndose \u00fanicamente en las bonificaciones en la l\u00ednea de meta.<\/p>\n<p>La estructura actual de las bonificaciones por tiempo incluye bonificaciones en la l\u00ednea de meta para los tres primeros corredores en cada etapa, excepto en las etapas contrarreloj, y se conceden de la siguiente manera: 10-6-4 segundos. Estas bonificaciones se restan del tiempo total de los corredores, lo que puede proporcionar ventajas cruciales en la clasificaci\u00f3n general.<\/p>\n<p>Tambi\u00e9n se conceden bonificaciones de tiempo adicionales en puertos de monta\u00f1a estrat\u00e9gicos y peque\u00f1as subidas hacia el final de una etapa, en determinadas etapas preseleccionadas. Los tres primeros corredores que pasen por estos recogen bonificaciones de 8-5 y 2 segundos. Estas se introdujeron por primera vez en 2019 y han demostrado ser el catalizador de carreras agresivas. De hecho, la bonificaci\u00f3n de tiempo extra colocada en una subida hacia el final de la etapa 3 en 2019 vio a <a href=\"https:\/\/www.welovecycling.com\/wide\/2019\/07\/25\/on-la-grande-boucle-alaphilippe-tried-to-sound-confident-but-his-eyes-said-im-done\/\">Julian Alaphilippe atacar por los puntos,<\/a> solo para continuar, ganar la etapa y tomar el maillot amarillo.<\/p>\n<p>Estoy seguro de que estar\u00e1s de acuerdo en que estos cambios de reglas han impactado significativamente en la din\u00e1mica de carrera en el Tour, lo que creo que ha hecho un espect\u00e1culo general m\u00e1s emocionante para todos. Los corredores de la CG tienen un \u00edmpetu adicional para correr de forma agresiva y utilizar t\u00e1cticas poco ortodoxas debido a que los equipos son m\u00e1s peque\u00f1os y a la adici\u00f3n de estas &#8220;s\u00faper&#8221; bonificaciones adicionales por tiempo. Las competiciones re-spectivas de escaladores y velocistas se centran ahora m\u00e1s que nunca en sus habilidades espec\u00edficas, lo que les permite y les anima a mostrar su talento a un nivel superior. El Tour es lo mejor que ha habido nunca. Estoy impaciente por ver lo que tienen preparado para los pr\u00f3ximos 20 a\u00f1os.<\/p>\n","protected":false},"excerpt":{"rendered":"<p>En las dos \u00faltimas d\u00e9cadas el Tour de Francia ha experimentado numerosos cambios en sus reglas. Su objetivo ha sido [&hellip;]<\/p>\n","protected":false},"author":29,"featured_media":10069,"comment_status":"open","ping_status":"open","sticky":false,"template":"","format":"standard","meta":{"footnotes":""},"categories":[7],"tags":[2186,2205],"global-categories":[],"class_list":["post-10062","post","type-post","status-publish","format-standard","has-post-thumbnail","hentry","category-carretera","tag-tour-2023","tag-tour-de-francia-2023"],"yoast_head":"<!-- This site is optimized with the Yoast SEO Premium plugin v25.3 (Yoast SEO v25.9) - https:\/\/yoast.com\/wordpress\/plugins\/seo\/ -->\n<title>Los cambios en la reglas del Tour en los \u00faltimos 20 a\u00f1os<\/title>\n<meta name=\"description\" content=\"Los cambios en la reglas del Tour en los \u00faltimos 20 a\u00f1os. As\u00ed se han modificado las bonificaciones y las clasificaciones de los maillots.\" \/>\n<meta name=\"robots\" content=\"index, follow, max-snippet:-1, max-image-preview:large, max-video-preview:-1\" \/>\n<link rel=\"canonical\" href=\"https:\/\/www.welovecycling.com\/es\/2023\/07\/08\/cambios-reglas-tour\/\" \/>\n<meta property=\"og:locale\" content=\"es_ES\" \/>\n<meta property=\"og:type\" content=\"article\" \/>\n<meta property=\"og:title\" content=\"Los cambios en la reglas del Tour en los \u00faltimos 20 a\u00f1os\" \/>\n<meta property=\"og:description\" content=\"Los cambios en la reglas del Tour en los \u00faltimos 20 a\u00f1os. As\u00ed se han modificado las bonificaciones y las clasificaciones de los maillots.\" \/>\n<meta property=\"og:url\" content=\"https:\/\/www.welovecycling.com\/es\/2023\/07\/08\/cambios-reglas-tour\/\" \/>\n<meta property=\"og:site_name\" content=\"\u0160koda We Love Cycling - Spain\" \/>\n<meta property=\"article:published_time\" content=\"2023-07-08T07:12:58+00:00\" \/>\n<meta property=\"og:image\" content=\"https:\/\/d2p6e6u75xmxt8.cloudfront.net\/6\/2023\/07\/Matt_Article-3.webp\" \/>\n\t<meta property=\"og:image:width\" content=\"990\" \/>\n\t<meta property=\"og:image:height\" content=\"660\" \/>\n\t<meta property=\"og:image:type\" content=\"image\/webp\" \/>\n<meta name=\"author\" content=\"We Love Cycling Spain\" \/>\n<meta name=\"twitter:card\" content=\"summary_large_image\" \/>\n<meta name=\"twitter:description\" content=\"Los cambios en la reglas del Tour en los \u00faltimos 20 a\u00f1os. As\u00ed se han modificado las bonificaciones y las clasificaciones de los maillots.\" \/>\n<meta name=\"twitter:label1\" content=\"Written by\" \/>\n\t<meta name=\"twitter:data1\" content=\"Matt Stephens\" \/>\n\t<meta name=\"twitter:label2\" content=\"Est. reading time\" \/>\n\t<meta name=\"twitter:data2\" content=\"5\" \/>\n<script type=\"application\/ld+json\" class=\"yoast-schema-graph\">{\"@context\":\"https:\/\/schema.org\",\"@graph\":[{\"@type\":\"WebPage\",\"@id\":\"https:\/\/www.welovecycling.com\/es\/2023\/07\/08\/cambios-reglas-tour\/\",\"url\":\"https:\/\/www.welovecycling.com\/es\/2023\/07\/08\/cambios-reglas-tour\/\",\"name\":\"Los cambios en la reglas del Tour en los \u00faltimos 20 a\u00f1os\",\"isPartOf\":{\"@id\":\"https:\/\/www.welovecycling.com\/es\/#website\"},\"primaryImageOfPage\":{\"@id\":\"https:\/\/www.welovecycling.com\/es\/2023\/07\/08\/cambios-reglas-tour\/#primaryimage\"},\"image\":{\"@id\":\"https:\/\/www.welovecycling.com\/es\/2023\/07\/08\/cambios-reglas-tour\/#primaryimage\"},\"thumbnailUrl\":\"https:\/\/d2p6e6u75xmxt8.cloudfront.net\/6\/2023\/07\/Matt_Article-3.webp\",\"datePublished\":\"2023-07-08T07:12:58+00:00\",\"author\":{\"@id\":\"https:\/\/www.welovecycling.com\/es\/#\/schema\/person\/deb61715b5812698ee79fb96f343ccd4\"},\"description\":\"Los cambios en la reglas del Tour en los \u00faltimos 20 a\u00f1os. As\u00ed se han modificado las bonificaciones y las clasificaciones de los maillots.\",\"breadcrumb\":{\"@id\":\"https:\/\/www.welovecycling.com\/es\/2023\/07\/08\/cambios-reglas-tour\/#breadcrumb\"},\"inLanguage\":\"es-ES\",\"potentialAction\":[{\"@type\":\"ReadAction\",\"target\":[\"https:\/\/www.welovecycling.com\/es\/2023\/07\/08\/cambios-reglas-tour\/\"]}]},{\"@type\":\"ImageObject\",\"inLanguage\":\"es-ES\",\"@id\":\"https:\/\/www.welovecycling.com\/es\/2023\/07\/08\/cambios-reglas-tour\/#primaryimage\",\"url\":\"https:\/\/d2p6e6u75xmxt8.cloudfront.net\/6\/2023\/07\/Matt_Article-3.webp\",\"contentUrl\":\"https:\/\/d2p6e6u75xmxt8.cloudfront.net\/6\/2023\/07\/Matt_Article-3.webp\",\"width\":990,\"height\":660,\"caption\":\"Tour de France\"},{\"@type\":\"BreadcrumbList\",\"@id\":\"https:\/\/www.welovecycling.com\/es\/2023\/07\/08\/cambios-reglas-tour\/#breadcrumb\",\"itemListElement\":[{\"@type\":\"ListItem\",\"position\":1,\"name\":\"Home\",\"item\":\"https:\/\/www.welovecycling.com\/es\/\"},{\"@type\":\"ListItem\",\"position\":2,\"name\":\"Los cambios en la reglas del Tour en los \u00faltimos 20 a\u00f1os\"}]},{\"@type\":\"WebSite\",\"@id\":\"https:\/\/www.welovecycling.com\/es\/#website\",\"url\":\"https:\/\/www.welovecycling.com\/es\/\",\"name\":\"\u0160koda We Love Cycling - Spain\",\"description\":\"\u0160koda WeLoveCycling Spain\",\"potentialAction\":[{\"@type\":\"SearchAction\",\"target\":{\"@type\":\"EntryPoint\",\"urlTemplate\":\"https:\/\/www.welovecycling.com\/es\/?s={search_term_string}\"},\"query-input\":{\"@type\":\"PropertyValueSpecification\",\"valueRequired\":true,\"valueName\":\"search_term_string\"}}],\"inLanguage\":\"es-ES\"},{\"@type\":\"Person\",\"@id\":\"https:\/\/www.welovecycling.com\/es\/#\/schema\/person\/deb61715b5812698ee79fb96f343ccd4\",\"name\":\"We Love Cycling Spain\",\"image\":{\"@type\":\"ImageObject\",\"inLanguage\":\"es-ES\",\"@id\":\"https:\/\/www.welovecycling.com\/es\/#\/schema\/person\/image\/\",\"url\":\"https:\/\/secure.gravatar.com\/avatar\/c824b04e6df0e37a03219d0b6481672889df542894588964102459e46513159c?s=96&d=mm&r=g\",\"contentUrl\":\"https:\/\/secure.gravatar.com\/avatar\/c824b04e6df0e37a03219d0b6481672889df542894588964102459e46513159c?s=96&d=mm&r=g\",\"caption\":\"We Love Cycling Spain\"},\"url\":\"https:\/\/www.welovecycling.com\/es\/author\/amunoz\/\"}]}<\/script>\n<!-- \/ Yoast SEO Premium plugin. -->","yoast_head_json":{"title":"Los cambios en la reglas del Tour en los \u00faltimos 20 a\u00f1os","description":"Los cambios en la reglas del Tour en los \u00faltimos 20 a\u00f1os. As\u00ed se han modificado las bonificaciones y las clasificaciones de los maillots.","robots":{"index":"index","follow":"follow","max-snippet":"max-snippet:-1","max-image-preview":"max-image-preview:large","max-video-preview":"max-video-preview:-1"},"canonical":"https:\/\/www.welovecycling.com\/es\/2023\/07\/08\/cambios-reglas-tour\/","og_locale":"es_ES","og_type":"article","og_title":"Los cambios en la reglas del Tour en los \u00faltimos 20 a\u00f1os","og_description":"Los cambios en la reglas del Tour en los \u00faltimos 20 a\u00f1os. As\u00ed se han modificado las bonificaciones y las clasificaciones de los maillots.","og_url":"https:\/\/www.welovecycling.com\/es\/2023\/07\/08\/cambios-reglas-tour\/","og_site_name":"\u0160koda We Love Cycling - Spain","article_published_time":"2023-07-08T07:12:58+00:00","og_image":[{"width":990,"height":660,"url":"https:\/\/d2p6e6u75xmxt8.cloudfront.net\/6\/2023\/07\/Matt_Article-3.webp","type":"image\/webp"}],"author":"We Love Cycling Spain","twitter_card":"summary_large_image","twitter_description":"Los cambios en la reglas del Tour en los \u00faltimos 20 a\u00f1os. As\u00ed se han modificado las bonificaciones y las clasificaciones de los maillots.","twitter_misc":{"Written by":"Matt Stephens","Est. reading time":"5"},"schema":{"@context":"https:\/\/schema.org","@graph":[{"@type":"WebPage","@id":"https:\/\/www.welovecycling.com\/es\/2023\/07\/08\/cambios-reglas-tour\/","url":"https:\/\/www.welovecycling.com\/es\/2023\/07\/08\/cambios-reglas-tour\/","name":"Los cambios en la reglas del Tour en los \u00faltimos 20 a\u00f1os","isPartOf":{"@id":"https:\/\/www.welovecycling.com\/es\/#website"},"primaryImageOfPage":{"@id":"https:\/\/www.welovecycling.com\/es\/2023\/07\/08\/cambios-reglas-tour\/#primaryimage"},"image":{"@id":"https:\/\/www.welovecycling.com\/es\/2023\/07\/08\/cambios-reglas-tour\/#primaryimage"},"thumbnailUrl":"https:\/\/d2p6e6u75xmxt8.cloudfront.net\/6\/2023\/07\/Matt_Article-3.webp","datePublished":"2023-07-08T07:12:58+00:00","author":{"@id":"https:\/\/www.welovecycling.com\/es\/#\/schema\/person\/deb61715b5812698ee79fb96f343ccd4"},"description":"Los cambios en la reglas del Tour en los \u00faltimos 20 a\u00f1os. As\u00ed se han modificado las bonificaciones y las clasificaciones de los maillots.","breadcrumb":{"@id":"https:\/\/www.welovecycling.com\/es\/2023\/07\/08\/cambios-reglas-tour\/#breadcrumb"},"inLanguage":"es-ES","potentialAction":[{"@type":"ReadAction","target":["https:\/\/www.welovecycling.com\/es\/2023\/07\/08\/cambios-reglas-tour\/"]}]},{"@type":"ImageObject","inLanguage":"es-ES","@id":"https:\/\/www.welovecycling.com\/es\/2023\/07\/08\/cambios-reglas-tour\/#primaryimage","url":"https:\/\/d2p6e6u75xmxt8.cloudfront.net\/6\/2023\/07\/Matt_Article-3.webp","contentUrl":"https:\/\/d2p6e6u75xmxt8.cloudfront.net\/6\/2023\/07\/Matt_Article-3.webp","width":990,"height":660,"caption":"Tour de France"},{"@type":"BreadcrumbList","@id":"https:\/\/www.welovecycling.com\/es\/2023\/07\/08\/cambios-reglas-tour\/#breadcrumb","itemListElement":[{"@type":"ListItem","position":1,"name":"Home","item":"https:\/\/www.welovecycling.com\/es\/"},{"@type":"ListItem","position":2,"name":"Los cambios en la reglas del Tour en los \u00faltimos 20 a\u00f1os"}]},{"@type":"WebSite","@id":"https:\/\/www.welovecycling.com\/es\/#website","url":"https:\/\/www.welovecycling.com\/es\/","name":"\u0160koda We Love Cycling - Spain","description":"\u0160koda WeLoveCycling Spain","potentialAction":[{"@type":"SearchAction","target":{"@type":"EntryPoint","urlTemplate":"https:\/\/www.welovecycling.com\/es\/?s={search_term_string}"},"query-input":{"@type":"PropertyValueSpecification","valueRequired":true,"valueName":"search_term_string"}}],"inLanguage":"es-ES"},{"@type":"Person","@id":"https:\/\/www.welovecycling.com\/es\/#\/schema\/person\/deb61715b5812698ee79fb96f343ccd4","name":"We Love Cycling Spain","image":{"@type":"ImageObject","inLanguage":"es-ES","@id":"https:\/\/www.welovecycling.com\/es\/#\/schema\/person\/image\/","url":"https:\/\/secure.gravatar.com\/avatar\/c824b04e6df0e37a03219d0b6481672889df542894588964102459e46513159c?s=96&d=mm&r=g","contentUrl":"https:\/\/secure.gravatar.com\/avatar\/c824b04e6df0e37a03219d0b6481672889df542894588964102459e46513159c?s=96&d=mm&r=g","caption":"We Love Cycling Spain"},"url":"https:\/\/www.welovecycling.com\/es\/author\/amunoz\/"}]}},"_links":{"self":[{"href":"https:\/\/www.welovecycling.com\/es\/wp-json\/wp\/v2\/posts\/10062","targetHints":{"allow":["GET"]}}],"collection":[{"href":"https:\/\/www.welovecycling.com\/es\/wp-json\/wp\/v2\/posts"}],"about":[{"href":"https:\/\/www.welovecycling.com\/es\/wp-json\/wp\/v2\/types\/post"}],"author":[{"embeddable":true,"href":"https:\/\/www.welovecycling.com\/es\/wp-json\/wp\/v2\/users\/29"}],"replies":[{"embeddable":true,"href":"https:\/\/www.welovecycling.com\/es\/wp-json\/wp\/v2\/comments?post=10062"}],"version-history":[{"count":2,"href":"https:\/\/www.welovecycling.com\/es\/wp-json\/wp\/v2\/posts\/10062\/revisions"}],"predecessor-version":[{"id":10072,"href":"https:\/\/www.welovecycling.com\/es\/wp-json\/wp\/v2\/posts\/10062\/revisions\/10072"}],"wp:featuredmedia":[{"embeddable":true,"href":"https:\/\/www.welovecycling.com\/es\/wp-json\/wp\/v2\/media\/10069"}],"wp:attachment":[{"href":"https:\/\/www.welovecycling.com\/es\/wp-json\/wp\/v2\/media?parent=10062"}],"wp:term":[{"taxonomy":"category","embeddable":true,"href":"https:\/\/www.welovecycling.com\/es\/wp-json\/wp\/v2\/categories?post=10062"},{"taxonomy":"post_tag","embeddable":true,"href":"https:\/\/www.welovecycling.com\/es\/wp-json\/wp\/v2\/tags?post=10062"},{"taxonomy":"global-categories","embeddable":true,"href":"https:\/\/www.welovecycling.com\/es\/wp-json\/wp\/v2\/global-categories?post=10062"}],"curies":[{"name":"wp","href":"https:\/\/api.w.org\/{rel}","templated":true}]}}