{"id":10061,"date":"2023-07-04T16:08:19","date_gmt":"2023-07-04T14:08:19","guid":{"rendered":"https:\/\/www.welovecycling.com\/es\/?p=10061"},"modified":"2023-07-03T22:23:19","modified_gmt":"2023-07-03T20:23:19","slug":"tacticas-equipo-tour","status":"publish","type":"post","link":"https:\/\/www.welovecycling.com\/es\/2023\/07\/04\/tacticas-equipo-tour\/","title":{"rendered":"Los cambios de t\u00e1cticas de equipo en el Tour, por Matt Stephens"},"content":{"rendered":"<p><strong>El Tour de Francia ha sido testigo de una transformaci\u00f3n bastante notable de la din\u00e1mica de los equipos en las dos \u00faltimas d\u00e9cadas. Desde la formaci\u00f3n estrat\u00e9gica de &#8220;trenes de sprints&#8221; hasta el cambio de prioridades en la clasificaci\u00f3n general, los equipos han adaptado sus t\u00e1cticas a las circunstancias cambiantes. Al mismo tiempo, las alteraciones en el tama\u00f1o de los equipos han tenido un profundo impacto en las estrategias de carrera y en la asignaci\u00f3n de recursos.<\/strong><\/p>\n<p><!--more--><\/p>\n<p>En primer lugar, echemos un vistazo a los &#8220;trenes de sprints&#8221; de los hombres r\u00e1pidos como Mark Cavendish, Caleb Ewan y Marcel Kittel, por nombrar s\u00f3lo algunos.<\/p>\n<h2><strong>El auge de los &#8216;trenos&#8217;<\/strong><\/h2>\n<p>La aparici\u00f3n de los trenes de sprints como fuerza dominante en el Tour de Francia se remonta a principios de la d\u00e9cada de 2000, m\u00e1s o menos cuando yo corr\u00eda como profesional. Antes de esta \u00e9poca, los velocistas depend\u00edan principalmente de su talento individual, de otro corredor clave que actuara como apoyo y de su destreza t\u00e1ctica (o habilidad en la carretera) para posicionarse para el sprint final, a menudo ca\u00f3tico. Sin embargo, cuando los equipos reconocieron la ventaja de organizar a sus corredores para crear un tren de cabeza, la din\u00e1mica de las llegadas al sprint cambi\u00f3 radicalmente. Pensemos en <a href=\"https:\/\/www.welovecycling.com\/es\/2021\/01\/29\/idolos-ciclistas-80-90\/\">Mario Cipollini<\/a> y su &#8216;treno&#8217; del equipo Saeco, uno de los primeros de este tipo. Recuerdo que algunas veces los vi en acci\u00f3n desde mi posici\u00f3n un poco m\u00e1s atr\u00e1s en el pelot\u00f3n.<\/p>\n<p>Para explicarlo mejor, los &#8220;trenes de sprints&#8221; o &#8220;salidas en cabeza&#8221; implican a una serie de corredores que trabajan juntos para llevar a su velocista designado a la parte delantera del pelot\u00f3n a una velocidad superalta, permiti\u00e9ndole lanzar su sprint de la forma m\u00e1s eficaz posible. Este trabajo en equipo hiperespec\u00edfico tiene como objetivo maximizar las posibilidades de victoria del velocista, minimizando al mismo tiempo el impacto de factores como la resistencia al viento y la lucha por colocarse en posici\u00f3n. Uno de los mejores ejemplos modernos de esto ser\u00eda Quick Step llevando a Mark Cavendish a cuatro victorias r\u00e9cord en el Tour de Francia de 2021, con Michael Morkov como \u00faltimo corredor clave.<\/p>\n<h2><strong>Forma diferente de trabajar para la general<\/strong><\/h2>\n<p>Al mismo tiempo que evolucionaban los trenes de sprint, la batalla por la clasificaci\u00f3n general experimentaba su propia transformaci\u00f3n. Tradicionalmente, los aspirantes a la clasificaci\u00f3n general contaban con el apoyo de su equipo en la monta\u00f1a para proteger su posici\u00f3n y ganar tiempo a sus rivales. Sin embargo, en los \u00faltimos 20 a\u00f1os, los equipos han adoptado un enfoque m\u00e1s especializado, creando escuadras adaptadas a los puntos fuertes espec\u00edficos de sus l\u00edderes de la general. Pensemos en el Team Sky al servicio de Chris Froome y Bradley Wiggins y en la escuadra conquistadora del Jumbo Visma que vio a <a href=\"https:\/\/www.welovecycling.com\/wide\/2022\/07\/24\/jonas-vingegaard-wins-the-2022-tour-de-france\/\">Jonas Vingegaard ganar el Tour de 2022<\/a>. Los gregarios son ahora a menudo ayudantes de lujo con capacidad para ganar carreras. Geraint Thomas ayudando a Chris Froome y Wout van Aert asistiendo a Jonas Vingegaard son dos de los mejores ejemplos.<\/p>\n<figure id=\"attachment_10063\" aria-describedby=\"caption-attachment-10063\" style=\"width: 990px\" class=\"wp-caption alignnone\"><a href=\"https:\/\/d2p6e6u75xmxt8.cloudfront.net\/6\/2023\/07\/Tour-De-France-2022-profimedia-0705513603-CVR.webp\"><img loading=\"lazy\" decoding=\"async\" class=\"size-full wp-image-10063\" src=\"https:\/\/d2p6e6u75xmxt8.cloudfront.net\/6\/2023\/07\/Tour-De-France-2022-profimedia-0705513603-CVR.webp\" alt=\"\" width=\"990\" height=\"660\" srcset=\"https:\/\/d2p6e6u75xmxt8.cloudfront.net\/6\/2023\/07\/Tour-De-France-2022-profimedia-0705513603-CVR.webp 990w, https:\/\/d2p6e6u75xmxt8.cloudfront.net\/6\/2023\/07\/Tour-De-France-2022-profimedia-0705513603-CVR-300x200.webp 300w, https:\/\/d2p6e6u75xmxt8.cloudfront.net\/6\/2023\/07\/Tour-De-France-2022-profimedia-0705513603-CVR-768x512.webp 768w, https:\/\/d2p6e6u75xmxt8.cloudfront.net\/6\/2023\/07\/Tour-De-France-2022-profimedia-0705513603-CVR-400x267.webp 400w, https:\/\/d2p6e6u75xmxt8.cloudfront.net\/6\/2023\/07\/Tour-De-France-2022-profimedia-0705513603-CVR-272x182.webp 272w\" sizes=\"auto, (max-width: 990px) 100vw, 990px\" \/><\/a><figcaption id=\"caption-attachment-10063\" class=\"wp-caption-text\">Simon Clarke gana la 5\u00aa etapa mientras el holand\u00e9s Taco van der Hoorn y el Team Intermarche-Wanty-Gobert Materiaux es segundo durante el Tour de 2022 \u00a9 Profimedia<\/figcaption><\/figure>\n<p>Hoy en d\u00eda, los equipos de la CG se han convertido en unidades mucho m\u00e1s estructuradas y cohesionadas, con escaladores puros y gregarios que trabajan juntos para guiar a su l\u00edder a trav\u00e9s de las monta\u00f1as, sobre los adoquines y protegi\u00e9ndoles de los vientos cruzados. Este cambio ha intensificado la competici\u00f3n entre los equipos, ya que la atenci\u00f3n no se centra s\u00f3lo en las actuaciones individuales, sino en la fuerza colectiva de todo el equipo. El mayor \u00e9nfasis en el trabajo de equipo ha convertido el Tour de Francia en una batalla m\u00e1s estrat\u00e9gica y t\u00e1ctica, en la que el papel de cada corredor es vital. Qui\u00e9n puede olvidar la 11\u00aa etapa del Tour de 2022, cuando el Jumbo Visma atac\u00f3 al l\u00edder de la carrera, Tadej Poga\u010dar, con Primo\u017e Rogli\u010d, Wout van Aert y Jonas Vingegaard desgastando gradualmente el maillot amarillo con m\u00faltiples movimientos en cabeza. Este d\u00eda podr\u00eda decirse que gan\u00f3 la carrera para el dan\u00e9s, y Poga\u010dar nunca se recuper\u00f3 del todo de este ataque t\u00e1ctico.<\/p>\n<h2><strong>Tama\u00f1o de los equipos<\/strong><\/h2>\n<p>Otro cambio significativo que ha afectado a la din\u00e1mica de los equipos en el Tour es la reducci\u00f3n del tama\u00f1o de los equipos. Hasta 2018, los equipos estaban formados por nueve corredores, pero a partir de 2019, la UCI (Uni\u00f3n Ciclista Internacional) redujo el tama\u00f1o m\u00e1ximo de los equipos a ocho. Esta reducci\u00f3n ha obligado a los equipos a tomar decisiones estrat\u00e9gicas en cuanto a la asignaci\u00f3n de recursos y la selecci\u00f3n de corredores con m\u00faltiples capacidades.<\/p>\n<p>Con un corredor menos a su disposici\u00f3n, los equipos han tenido que ser m\u00e1s conscientes y eficientes en sus estrategias, pero, al mismo tiempo, esto tambi\u00e9n ha hecho que los equipos sean m\u00e1s creativos y poco ortodoxos, lo que ha dado lugar a carreras muy emocionantes. La p\u00e9rdida de un solo corredor puede tener un impacto significativo, especialmente en el apoyo a los aspirantes a la general. En consecuencia, los equipos han tenido que adaptarse asegur\u00e1ndose de que cada corredor posee las habilidades necesarias para contribuir eficazmente en m\u00faltiples situaciones de carrera.<\/p>\n<h2><strong>Recursos y t\u00e1cticas<\/strong><\/h2>\n<p>La reducci\u00f3n del tama\u00f1o de los equipos tambi\u00e9n ha provocado cambios en la asignaci\u00f3n de recursos y en las opciones t\u00e1cticas. Con menos corredores para apoyar a sus l\u00edderes, los equipos deben priorizar las etapas a las que dirigirse, seleccionando el terreno m\u00e1s adecuado para sus ambiciones en la general. El n\u00famero limitado de corredores tambi\u00e9n significa que los equipos tienen que ser m\u00e1s estrat\u00e9gicos en el uso de las gregarios asegur\u00e1ndose de que est\u00e9n disponibles en los momentos cr\u00edticos de la carrera. Los Ineos Grenadiers, por ejemplo, a menudo rotan a los corredores para mantenerlos frescos en las etapas clave, cuando necesitan causar impacto.<\/p>\n<p>A medida que el Tour de Francia sigue evolucionando, contin\u00faa siendo un cautivador escaparate de trabajo en equipo, estrategia y brillantez individual que nos entretiene, inspira y cautiva a todos. Los cambios din\u00e1micos que hemos visto en las dos \u00faltimas d\u00e9cadas ponen de relieve la continua b\u00fasqueda de innovaci\u00f3n y adaptaci\u00f3n de nuestro bello deporte, empujando a los equipos a redefinir los l\u00edmites de lo que es posible en la mayor carrera ciclista del mundo.<\/p>\n","protected":false},"excerpt":{"rendered":"<p>El Tour de Francia ha sido testigo de una transformaci\u00f3n bastante notable de la din\u00e1mica de los equipos en las [&hellip;]<\/p>\n","protected":false},"author":29,"featured_media":10067,"comment_status":"open","ping_status":"open","sticky":false,"template":"","format":"standard","meta":{"footnotes":""},"categories":[7],"tags":[2205],"global-categories":[],"class_list":["post-10061","post","type-post","status-publish","format-standard","has-post-thumbnail","hentry","category-carretera","tag-tour-de-francia-2023"],"yoast_head":"<!-- This site is optimized with the Yoast SEO Premium plugin v25.3 (Yoast SEO v25.9) - https:\/\/yoast.com\/wordpress\/plugins\/seo\/ -->\n<title>Los cambios de t\u00e1cticas de equipo en el Tour, por Matt Stephens<\/title>\n<meta name=\"description\" content=\"Los cambios de t\u00e1cticas de equipo en el Tour, por Matt Stephens. As\u00ed han evolucionado la organizaci\u00f3n de los equipos en los \u00faltimos 20 a\u00f1os.\" \/>\n<meta name=\"robots\" content=\"index, follow, max-snippet:-1, max-image-preview:large, max-video-preview:-1\" \/>\n<link rel=\"canonical\" href=\"https:\/\/www.welovecycling.com\/es\/2023\/07\/04\/tacticas-equipo-tour\/\" \/>\n<meta property=\"og:locale\" content=\"es_ES\" \/>\n<meta property=\"og:type\" content=\"article\" \/>\n<meta property=\"og:title\" content=\"Los cambios de t\u00e1cticas de equipo en el Tour, por Matt Stephens\" \/>\n<meta property=\"og:description\" content=\"Los cambios de t\u00e1cticas de equipo en el Tour, por Matt Stephens. As\u00ed han evolucionado la organizaci\u00f3n de los equipos en los \u00faltimos 20 a\u00f1os.\" \/>\n<meta property=\"og:url\" content=\"https:\/\/www.welovecycling.com\/es\/2023\/07\/04\/tacticas-equipo-tour\/\" \/>\n<meta property=\"og:site_name\" content=\"\u0160koda We Love Cycling - Spain\" \/>\n<meta property=\"article:published_time\" content=\"2023-07-04T14:08:19+00:00\" \/>\n<meta property=\"og:image\" content=\"https:\/\/d2p6e6u75xmxt8.cloudfront.net\/6\/2023\/07\/Matt_Article-4.webp\" \/>\n\t<meta property=\"og:image:width\" content=\"990\" \/>\n\t<meta property=\"og:image:height\" content=\"660\" \/>\n\t<meta property=\"og:image:type\" content=\"image\/webp\" \/>\n<meta name=\"author\" content=\"We Love Cycling Spain\" \/>\n<meta name=\"twitter:card\" content=\"summary_large_image\" \/>\n<meta name=\"twitter:description\" content=\"Los cambios de t\u00e1cticas de equipo en el Tour, por Matt Stephens. As\u00ed han evolucionado la organizaci\u00f3n de los equipos en los \u00faltimos 20 a\u00f1os.\" \/>\n<meta name=\"twitter:label1\" content=\"Written by\" \/>\n\t<meta name=\"twitter:data1\" content=\"Matt Stephens\" \/>\n\t<meta name=\"twitter:label2\" content=\"Est. reading time\" \/>\n\t<meta name=\"twitter:data2\" content=\"5\" \/>\n<script type=\"application\/ld+json\" class=\"yoast-schema-graph\">{\"@context\":\"https:\/\/schema.org\",\"@graph\":[{\"@type\":\"WebPage\",\"@id\":\"https:\/\/www.welovecycling.com\/es\/2023\/07\/04\/tacticas-equipo-tour\/\",\"url\":\"https:\/\/www.welovecycling.com\/es\/2023\/07\/04\/tacticas-equipo-tour\/\",\"name\":\"Los cambios de t\u00e1cticas de equipo en el Tour, por Matt Stephens\",\"isPartOf\":{\"@id\":\"https:\/\/www.welovecycling.com\/es\/#website\"},\"primaryImageOfPage\":{\"@id\":\"https:\/\/www.welovecycling.com\/es\/2023\/07\/04\/tacticas-equipo-tour\/#primaryimage\"},\"image\":{\"@id\":\"https:\/\/www.welovecycling.com\/es\/2023\/07\/04\/tacticas-equipo-tour\/#primaryimage\"},\"thumbnailUrl\":\"https:\/\/d2p6e6u75xmxt8.cloudfront.net\/6\/2023\/07\/Matt_Article-4.webp\",\"datePublished\":\"2023-07-04T14:08:19+00:00\",\"author\":{\"@id\":\"https:\/\/www.welovecycling.com\/es\/#\/schema\/person\/deb61715b5812698ee79fb96f343ccd4\"},\"description\":\"Los cambios de t\u00e1cticas de equipo en el Tour, por Matt Stephens. As\u00ed han evolucionado la organizaci\u00f3n de los equipos en los \u00faltimos 20 a\u00f1os.\",\"breadcrumb\":{\"@id\":\"https:\/\/www.welovecycling.com\/es\/2023\/07\/04\/tacticas-equipo-tour\/#breadcrumb\"},\"inLanguage\":\"es-ES\",\"potentialAction\":[{\"@type\":\"ReadAction\",\"target\":[\"https:\/\/www.welovecycling.com\/es\/2023\/07\/04\/tacticas-equipo-tour\/\"]}]},{\"@type\":\"ImageObject\",\"inLanguage\":\"es-ES\",\"@id\":\"https:\/\/www.welovecycling.com\/es\/2023\/07\/04\/tacticas-equipo-tour\/#primaryimage\",\"url\":\"https:\/\/d2p6e6u75xmxt8.cloudfront.net\/6\/2023\/07\/Matt_Article-4.webp\",\"contentUrl\":\"https:\/\/d2p6e6u75xmxt8.cloudfront.net\/6\/2023\/07\/Matt_Article-4.webp\",\"width\":990,\"height\":660,\"caption\":\"Tour de France\"},{\"@type\":\"BreadcrumbList\",\"@id\":\"https:\/\/www.welovecycling.com\/es\/2023\/07\/04\/tacticas-equipo-tour\/#breadcrumb\",\"itemListElement\":[{\"@type\":\"ListItem\",\"position\":1,\"name\":\"Home\",\"item\":\"https:\/\/www.welovecycling.com\/es\/\"},{\"@type\":\"ListItem\",\"position\":2,\"name\":\"Los cambios de t\u00e1cticas de equipo en el Tour, por Matt Stephens\"}]},{\"@type\":\"WebSite\",\"@id\":\"https:\/\/www.welovecycling.com\/es\/#website\",\"url\":\"https:\/\/www.welovecycling.com\/es\/\",\"name\":\"\u0160koda We Love Cycling - Spain\",\"description\":\"\u0160koda WeLoveCycling Spain\",\"potentialAction\":[{\"@type\":\"SearchAction\",\"target\":{\"@type\":\"EntryPoint\",\"urlTemplate\":\"https:\/\/www.welovecycling.com\/es\/?s={search_term_string}\"},\"query-input\":{\"@type\":\"PropertyValueSpecification\",\"valueRequired\":true,\"valueName\":\"search_term_string\"}}],\"inLanguage\":\"es-ES\"},{\"@type\":\"Person\",\"@id\":\"https:\/\/www.welovecycling.com\/es\/#\/schema\/person\/deb61715b5812698ee79fb96f343ccd4\",\"name\":\"We Love Cycling Spain\",\"image\":{\"@type\":\"ImageObject\",\"inLanguage\":\"es-ES\",\"@id\":\"https:\/\/www.welovecycling.com\/es\/#\/schema\/person\/image\/\",\"url\":\"https:\/\/secure.gravatar.com\/avatar\/c824b04e6df0e37a03219d0b6481672889df542894588964102459e46513159c?s=96&d=mm&r=g\",\"contentUrl\":\"https:\/\/secure.gravatar.com\/avatar\/c824b04e6df0e37a03219d0b6481672889df542894588964102459e46513159c?s=96&d=mm&r=g\",\"caption\":\"We Love Cycling Spain\"},\"url\":\"https:\/\/www.welovecycling.com\/es\/author\/amunoz\/\"}]}<\/script>\n<!-- \/ Yoast SEO Premium plugin. -->","yoast_head_json":{"title":"Los cambios de t\u00e1cticas de equipo en el Tour, por Matt Stephens","description":"Los cambios de t\u00e1cticas de equipo en el Tour, por Matt Stephens. As\u00ed han evolucionado la organizaci\u00f3n de los equipos en los \u00faltimos 20 a\u00f1os.","robots":{"index":"index","follow":"follow","max-snippet":"max-snippet:-1","max-image-preview":"max-image-preview:large","max-video-preview":"max-video-preview:-1"},"canonical":"https:\/\/www.welovecycling.com\/es\/2023\/07\/04\/tacticas-equipo-tour\/","og_locale":"es_ES","og_type":"article","og_title":"Los cambios de t\u00e1cticas de equipo en el Tour, por Matt Stephens","og_description":"Los cambios de t\u00e1cticas de equipo en el Tour, por Matt Stephens. As\u00ed han evolucionado la organizaci\u00f3n de los equipos en los \u00faltimos 20 a\u00f1os.","og_url":"https:\/\/www.welovecycling.com\/es\/2023\/07\/04\/tacticas-equipo-tour\/","og_site_name":"\u0160koda We Love Cycling - Spain","article_published_time":"2023-07-04T14:08:19+00:00","og_image":[{"width":990,"height":660,"url":"https:\/\/d2p6e6u75xmxt8.cloudfront.net\/6\/2023\/07\/Matt_Article-4.webp","type":"image\/webp"}],"author":"We Love Cycling Spain","twitter_card":"summary_large_image","twitter_description":"Los cambios de t\u00e1cticas de equipo en el Tour, por Matt Stephens. As\u00ed han evolucionado la organizaci\u00f3n de los equipos en los \u00faltimos 20 a\u00f1os.","twitter_misc":{"Written by":"Matt Stephens","Est. reading time":"5"},"schema":{"@context":"https:\/\/schema.org","@graph":[{"@type":"WebPage","@id":"https:\/\/www.welovecycling.com\/es\/2023\/07\/04\/tacticas-equipo-tour\/","url":"https:\/\/www.welovecycling.com\/es\/2023\/07\/04\/tacticas-equipo-tour\/","name":"Los cambios de t\u00e1cticas de equipo en el Tour, por Matt Stephens","isPartOf":{"@id":"https:\/\/www.welovecycling.com\/es\/#website"},"primaryImageOfPage":{"@id":"https:\/\/www.welovecycling.com\/es\/2023\/07\/04\/tacticas-equipo-tour\/#primaryimage"},"image":{"@id":"https:\/\/www.welovecycling.com\/es\/2023\/07\/04\/tacticas-equipo-tour\/#primaryimage"},"thumbnailUrl":"https:\/\/d2p6e6u75xmxt8.cloudfront.net\/6\/2023\/07\/Matt_Article-4.webp","datePublished":"2023-07-04T14:08:19+00:00","author":{"@id":"https:\/\/www.welovecycling.com\/es\/#\/schema\/person\/deb61715b5812698ee79fb96f343ccd4"},"description":"Los cambios de t\u00e1cticas de equipo en el Tour, por Matt Stephens. As\u00ed han evolucionado la organizaci\u00f3n de los equipos en los \u00faltimos 20 a\u00f1os.","breadcrumb":{"@id":"https:\/\/www.welovecycling.com\/es\/2023\/07\/04\/tacticas-equipo-tour\/#breadcrumb"},"inLanguage":"es-ES","potentialAction":[{"@type":"ReadAction","target":["https:\/\/www.welovecycling.com\/es\/2023\/07\/04\/tacticas-equipo-tour\/"]}]},{"@type":"ImageObject","inLanguage":"es-ES","@id":"https:\/\/www.welovecycling.com\/es\/2023\/07\/04\/tacticas-equipo-tour\/#primaryimage","url":"https:\/\/d2p6e6u75xmxt8.cloudfront.net\/6\/2023\/07\/Matt_Article-4.webp","contentUrl":"https:\/\/d2p6e6u75xmxt8.cloudfront.net\/6\/2023\/07\/Matt_Article-4.webp","width":990,"height":660,"caption":"Tour de France"},{"@type":"BreadcrumbList","@id":"https:\/\/www.welovecycling.com\/es\/2023\/07\/04\/tacticas-equipo-tour\/#breadcrumb","itemListElement":[{"@type":"ListItem","position":1,"name":"Home","item":"https:\/\/www.welovecycling.com\/es\/"},{"@type":"ListItem","position":2,"name":"Los cambios de t\u00e1cticas de equipo en el Tour, por Matt Stephens"}]},{"@type":"WebSite","@id":"https:\/\/www.welovecycling.com\/es\/#website","url":"https:\/\/www.welovecycling.com\/es\/","name":"\u0160koda We Love Cycling - Spain","description":"\u0160koda WeLoveCycling Spain","potentialAction":[{"@type":"SearchAction","target":{"@type":"EntryPoint","urlTemplate":"https:\/\/www.welovecycling.com\/es\/?s={search_term_string}"},"query-input":{"@type":"PropertyValueSpecification","valueRequired":true,"valueName":"search_term_string"}}],"inLanguage":"es-ES"},{"@type":"Person","@id":"https:\/\/www.welovecycling.com\/es\/#\/schema\/person\/deb61715b5812698ee79fb96f343ccd4","name":"We Love Cycling Spain","image":{"@type":"ImageObject","inLanguage":"es-ES","@id":"https:\/\/www.welovecycling.com\/es\/#\/schema\/person\/image\/","url":"https:\/\/secure.gravatar.com\/avatar\/c824b04e6df0e37a03219d0b6481672889df542894588964102459e46513159c?s=96&d=mm&r=g","contentUrl":"https:\/\/secure.gravatar.com\/avatar\/c824b04e6df0e37a03219d0b6481672889df542894588964102459e46513159c?s=96&d=mm&r=g","caption":"We Love Cycling Spain"},"url":"https:\/\/www.welovecycling.com\/es\/author\/amunoz\/"}]}},"_links":{"self":[{"href":"https:\/\/www.welovecycling.com\/es\/wp-json\/wp\/v2\/posts\/10061","targetHints":{"allow":["GET"]}}],"collection":[{"href":"https:\/\/www.welovecycling.com\/es\/wp-json\/wp\/v2\/posts"}],"about":[{"href":"https:\/\/www.welovecycling.com\/es\/wp-json\/wp\/v2\/types\/post"}],"author":[{"embeddable":true,"href":"https:\/\/www.welovecycling.com\/es\/wp-json\/wp\/v2\/users\/29"}],"replies":[{"embeddable":true,"href":"https:\/\/www.welovecycling.com\/es\/wp-json\/wp\/v2\/comments?post=10061"}],"version-history":[{"count":3,"href":"https:\/\/www.welovecycling.com\/es\/wp-json\/wp\/v2\/posts\/10061\/revisions"}],"predecessor-version":[{"id":10071,"href":"https:\/\/www.welovecycling.com\/es\/wp-json\/wp\/v2\/posts\/10061\/revisions\/10071"}],"wp:featuredmedia":[{"embeddable":true,"href":"https:\/\/www.welovecycling.com\/es\/wp-json\/wp\/v2\/media\/10067"}],"wp:attachment":[{"href":"https:\/\/www.welovecycling.com\/es\/wp-json\/wp\/v2\/media?parent=10061"}],"wp:term":[{"taxonomy":"category","embeddable":true,"href":"https:\/\/www.welovecycling.com\/es\/wp-json\/wp\/v2\/categories?post=10061"},{"taxonomy":"post_tag","embeddable":true,"href":"https:\/\/www.welovecycling.com\/es\/wp-json\/wp\/v2\/tags?post=10061"},{"taxonomy":"global-categories","embeddable":true,"href":"https:\/\/www.welovecycling.com\/es\/wp-json\/wp\/v2\/global-categories?post=10061"}],"curies":[{"name":"wp","href":"https:\/\/api.w.org\/{rel}","templated":true}]}}