{"id":10029,"date":"2023-06-27T00:04:59","date_gmt":"2023-06-26T22:04:59","guid":{"rendered":"https:\/\/www.welovecycling.com\/es\/?p=10029"},"modified":"2023-06-27T00:04:59","modified_gmt":"2023-06-26T22:04:59","slug":"crono-por-equipos","status":"publish","type":"post","link":"https:\/\/www.welovecycling.com\/es\/2023\/06\/27\/crono-por-equipos\/","title":{"rendered":"\u00bfEstamos diciendo adi\u00f3s a la crono por equipos en el Tour?"},"content":{"rendered":"<p><strong>Si has sido aficionado a las carreras World Tour durante una o dos d\u00e9cadas, puede que en alguna ocasi\u00f3n hayas tenido la molesta sensaci\u00f3n de que faltaba algo, algo que sol\u00eda ser una parte importante de este deporte, pero que ahora ha desaparecido. Pues tienes raz\u00f3n. Este a\u00f1o, de nuevo, al igual que todos los a\u00f1os desde 2019, no habr\u00e1 una crono por equipos en el Tour de Francia, lo que aumenta las preocupaciones de que esta parte del deporte pronto pueda ser consignada al basurero de la historia del ciclismo.<\/strong><\/p>\n<p><!--more--><\/p>\n<p>Para que conste, Jumbo-Visma gan\u00f3 esa contrarreloj por equipos de 2019, disputada sobre 27,6 km en Bruselas y sus alrededores, superando a Ineos Grenadiers por 20 segundos, con Deceuninck- Quick-Step a menos de un segundo de distancia. Como resultado, Mike Teunissen, del Jumbo-Visma, pudo conservar el maillot amarillo de l\u00edder, y los favoritos de la general Richie Porte (Trek-Segafredo) y Romain Bardet (Ag2r La Mondiale) perdieron casi un minuto con Geraint Thomas, del Ineos, y el ganador final de la general, Egan Bernal (tambi\u00e9n del Ineos), debido a los decepcionantes resultados de sus respectivos equipos.<\/p>\n<p>La contrarreloj por equipos siempre fue una parte visualmente impresionante y emocionante de una carrera de varias etapas, y tambi\u00e9n -como demostr\u00f3 el Tour de Francia 2019- <strong>jug\u00f3 un papel importante en el resultado final.<\/strong> Pero el la crono ha ca\u00eddo gradualmente en desgracia este siglo; de hecho, las contrarrelojes en general, tanto individuales como por equipos, son cada vez m\u00e1s escasas -aunque el Giro de este a\u00f1o ofreci\u00f3 tres ITT-. En 2017, los kil\u00f3metros contrarreloj representaron poco m\u00e1s del 1% del recorrido total de 3.540 km del Tour de Francia, mientras que el Tour de 2003 corri\u00f3 m\u00e1s del 5% de su distancia total contra el reloj. El recorrido del Tour de 2023 cubre un total de 3.404 km, con solo una ITT -de 22,4 km, o el 0,66 % de la distancia total- en el programa.<\/p>\n<p>La raz\u00f3n de esta tendencia puede ser la sensaci\u00f3n generalizada entre los organizadores de carreras de que<strong> los espectadores prefieren la emoci\u00f3n explosiva de los sprints en grupo y\/o el largo y dram\u00e1tico mano a mano de las carreras de monta\u00f1a<\/strong>. Otra raz\u00f3n puede ser que la contrarreloj por equipos es el m\u00e1s t\u00e9cnico de todos los estilos de carreras en carretera, y requiere un grado de coordinaci\u00f3n de equipo y un entrenamiento dedicado que los corredores pueden no estar dispuestos a realizar.<\/p>\n<figure id=\"attachment_10030\" aria-describedby=\"caption-attachment-10030\" style=\"width: 990px\" class=\"wp-caption alignnone\"><a href=\"https:\/\/d2p6e6u75xmxt8.cloudfront.net\/6\/2023\/06\/Team-Time-Trial-profimedia-0387364222-CVR.webp\"><img loading=\"lazy\" decoding=\"async\" class=\"wp-image-10030 size-full\" src=\"https:\/\/d2p6e6u75xmxt8.cloudfront.net\/6\/2023\/06\/Team-Time-Trial-profimedia-0387364222-CVR.webp\" alt=\"Team time trial\" width=\"990\" height=\"660\" srcset=\"https:\/\/d2p6e6u75xmxt8.cloudfront.net\/6\/2023\/06\/Team-Time-Trial-profimedia-0387364222-CVR.webp 990w, https:\/\/d2p6e6u75xmxt8.cloudfront.net\/6\/2023\/06\/Team-Time-Trial-profimedia-0387364222-CVR-300x200.webp 300w, https:\/\/d2p6e6u75xmxt8.cloudfront.net\/6\/2023\/06\/Team-Time-Trial-profimedia-0387364222-CVR-768x512.webp 768w, https:\/\/d2p6e6u75xmxt8.cloudfront.net\/6\/2023\/06\/Team-Time-Trial-profimedia-0387364222-CVR-400x267.webp 400w, https:\/\/d2p6e6u75xmxt8.cloudfront.net\/6\/2023\/06\/Team-Time-Trial-profimedia-0387364222-CVR-272x182.webp 272w\" sizes=\"auto, (max-width: 990px) 100vw, 990px\" \/><\/a><figcaption id=\"caption-attachment-10030\" class=\"wp-caption-text\">\u00bfLa crono por equipos es parte del pasado? \u00a9 Profimedia<\/figcaption><\/figure>\n<p>&nbsp;<\/p>\n<p>En una crono por equipos, el tiempo de un equipo suele tomarse a partir de su cuarto corredor en cruzar la l\u00ednea de meta, lo que significa que cada equipo intentar\u00e1 que al menos sus cuatro primeros corredores crucen la l\u00ednea en un grupo compacto. Es una desventaja para un solo corredor terminar mucho antes que el cuarto corredor, ya que al tener un corredor m\u00e1s r\u00e1pido delante de la l\u00ednea de corredores puede ayudar al cuarto corredor a conseguir un tiempo m\u00e1s r\u00e1pido, ya que los corredores detr\u00e1s del corredor l\u00edder se benefician de su rebufo y por lo tanto necesitan menos esfuerzo para mantener el ritmo.<\/p>\n<p>Sin embargo, la posici\u00f3n de llegada de un equipo puede ser especificada de forma diferente por los organizadores de la carrera, como hizo ASO (que tambi\u00e9n organiza el Tour de Francia) en la Par\u00eds-Niza de este a\u00f1o. En la contrarreloj por equipos de la etapa 3 de esa carrera, el tiempo final se tom\u00f3 del primer corredor de cada equipo en cruzar la l\u00ednea de meta, lo que significaba que el corredor m\u00e1s fuerte de cada equipo pod\u00eda correr por delante de su equipo cerca del final de la etapa y cruzar la l\u00ednea de meta en solitario.<\/p>\n<p>El <a href=\"https:\/\/www.welovecycling.com\/es\/2019\/05\/07\/consejos-para-rodar-en-peloton\/\">rebufo<\/a>, la ventaja aerodin\u00e1mica que proporciona un corredor de cabeza a los que van detr\u00e1s de \u00e9l, es de lo que trata la contrarreloj por equipos. Cuanto m\u00e1s r\u00e1pido va un corredor, m\u00e1s potencia debe producir para superar la resistencia aerodin\u00e1mica. Por lo tanto, cuanto m\u00e1s pueda el ciclista reducir la resistencia aerodin\u00e1mica con su equipamiento y posici\u00f3n, menos potencia tendr\u00e1 que producir. Esa resistencia se reduce a medida que los ciclistas toman sus turnos yendo al frente para proporcionar el rebufo y permitir que los otros ciclistas reduzcan sus esfuerzos. As\u00ed es como un equipo funciona, con el objetivo de conservar tanta energ\u00eda como sea posible dando a todos tiempo para descansar mientras pedalean.<\/p>\n<p><a href=\"https:\/\/www.trainingpeaks.com\/blog\/anatomy-of-a-team-time-trial\/\">En palabras de un experto en ciclismo<\/a>, la contrarreloj por equipos es &#8220;una compleja interacci\u00f3n de potencia, aerodin\u00e1mica, sincronizaci\u00f3n y preparaci\u00f3n meticulosa que puede situar a los grandes equipos un pelda\u00f1o por encima del resto&#8221;. Ver a los corredores descolgarse de la cabeza y luego volver a colocarse hasta el final de la fila de corredores de una manera suave y coordinada, mientras rodaban a 60 km\/h y m\u00e1s r\u00e1pido, siempre ha sido para m\u00ed una de las vistas m\u00e1s emocionantes e impresionantes de una Gran Vuelta. Lo echo de menos. Y tambi\u00e9n lo echa de menos el antiguo especialista en contrarreloj y director deportivo del desaparecido BMC Racing Team, Marco Pinotti: &#8220;Es un evento que funciona porque es un deporte individual, pero sin el equipo no se puede ir a ninguna parte. As\u00ed que cuando todo el equipo sube al podio, es algo \u00fanico. Me gustar\u00eda que hubiera al menos una contrarreloj por equipos en cada Gran Vuelta&#8221;.<\/p>\n","protected":false},"excerpt":{"rendered":"<p>Si has sido aficionado a las carreras World Tour durante una o dos d\u00e9cadas, puede que en alguna ocasi\u00f3n hayas [&hellip;]<\/p>\n","protected":false},"author":29,"featured_media":10032,"comment_status":"open","ping_status":"open","sticky":false,"template":"","format":"standard","meta":{"footnotes":""},"categories":[1],"tags":[638,557],"global-categories":[],"class_list":["post-10029","post","type-post","status-publish","format-standard","has-post-thumbnail","hentry","category-uncategorized","tag-contrarreloj","tag-tour-de-francia"],"yoast_head":"<!-- This site is optimized with the Yoast SEO Premium plugin v25.3 (Yoast SEO v25.9) - https:\/\/yoast.com\/wordpress\/plugins\/seo\/ -->\n<title>\u00bfEstamos diciendo adi\u00f3s a la crono por equipos en el Tour?<\/title>\n<meta name=\"description\" content=\"La crono por equipos est\u00e1 cada vez m\u00e1s ausente en el recorrido del Tour de Francia. \u00bfAcabar\u00e1 desapareciendo?\" \/>\n<meta name=\"robots\" content=\"index, follow, max-snippet:-1, max-image-preview:large, max-video-preview:-1\" \/>\n<link rel=\"canonical\" href=\"https:\/\/www.welovecycling.com\/es\/2023\/06\/27\/crono-por-equipos\/\" \/>\n<meta property=\"og:locale\" content=\"es_ES\" \/>\n<meta property=\"og:type\" content=\"article\" \/>\n<meta property=\"og:title\" content=\"\u00bfEstamos diciendo adi\u00f3s a la crono por equipos en el Tour?\" \/>\n<meta property=\"og:description\" content=\"La crono por equipos est\u00e1 cada vez m\u00e1s ausente en el recorrido del Tour de Francia. \u00bfAcabar\u00e1 desapareciendo?\" \/>\n<meta property=\"og:url\" content=\"https:\/\/www.welovecycling.com\/es\/2023\/06\/27\/crono-por-equipos\/\" \/>\n<meta property=\"og:site_name\" content=\"\u0160koda We Love Cycling - Spain\" \/>\n<meta property=\"article:published_time\" content=\"2023-06-26T22:04:59+00:00\" \/>\n<meta property=\"og:image\" content=\"https:\/\/d2p6e6u75xmxt8.cloudfront.net\/6\/2023\/06\/Team-Time-Trial-profimedia-0405327486-CVR.webp\" \/>\n\t<meta property=\"og:image:width\" content=\"990\" \/>\n\t<meta property=\"og:image:height\" content=\"660\" \/>\n\t<meta property=\"og:image:type\" content=\"image\/webp\" \/>\n<meta name=\"author\" content=\"We Love Cycling Spain\" \/>\n<meta name=\"twitter:card\" content=\"summary_large_image\" \/>\n<meta name=\"twitter:description\" content=\"La crono por equipos est\u00e1 cada vez m\u00e1s ausente en el recorrido del Tour de Francia. \u00bfAcabar\u00e1 desapareciendo?\" \/>\n<meta name=\"twitter:label1\" content=\"Written by\" \/>\n\t<meta name=\"twitter:data1\" content=\"Siegfried Mortkowitz\" \/>\n\t<meta name=\"twitter:label2\" content=\"Est. reading time\" \/>\n\t<meta name=\"twitter:data2\" content=\"4\" \/>\n<script type=\"application\/ld+json\" class=\"yoast-schema-graph\">{\"@context\":\"https:\/\/schema.org\",\"@graph\":[{\"@type\":\"WebPage\",\"@id\":\"https:\/\/www.welovecycling.com\/es\/2023\/06\/27\/crono-por-equipos\/\",\"url\":\"https:\/\/www.welovecycling.com\/es\/2023\/06\/27\/crono-por-equipos\/\",\"name\":\"\u00bfEstamos diciendo adi\u00f3s a la crono por equipos en el Tour?\",\"isPartOf\":{\"@id\":\"https:\/\/www.welovecycling.com\/es\/#website\"},\"primaryImageOfPage\":{\"@id\":\"https:\/\/www.welovecycling.com\/es\/2023\/06\/27\/crono-por-equipos\/#primaryimage\"},\"image\":{\"@id\":\"https:\/\/www.welovecycling.com\/es\/2023\/06\/27\/crono-por-equipos\/#primaryimage\"},\"thumbnailUrl\":\"https:\/\/d2p6e6u75xmxt8.cloudfront.net\/6\/2023\/06\/Team-Time-Trial-profimedia-0405327486-CVR.webp\",\"datePublished\":\"2023-06-26T22:04:59+00:00\",\"author\":{\"@id\":\"https:\/\/www.welovecycling.com\/es\/#\/schema\/person\/deb61715b5812698ee79fb96f343ccd4\"},\"description\":\"La crono por equipos est\u00e1 cada vez m\u00e1s ausente en el recorrido del Tour de Francia. \u00bfAcabar\u00e1 desapareciendo?\",\"breadcrumb\":{\"@id\":\"https:\/\/www.welovecycling.com\/es\/2023\/06\/27\/crono-por-equipos\/#breadcrumb\"},\"inLanguage\":\"es-ES\",\"potentialAction\":[{\"@type\":\"ReadAction\",\"target\":[\"https:\/\/www.welovecycling.com\/es\/2023\/06\/27\/crono-por-equipos\/\"]}]},{\"@type\":\"ImageObject\",\"inLanguage\":\"es-ES\",\"@id\":\"https:\/\/www.welovecycling.com\/es\/2023\/06\/27\/crono-por-equipos\/#primaryimage\",\"url\":\"https:\/\/d2p6e6u75xmxt8.cloudfront.net\/6\/2023\/06\/Team-Time-Trial-profimedia-0405327486-CVR.webp\",\"contentUrl\":\"https:\/\/d2p6e6u75xmxt8.cloudfront.net\/6\/2023\/06\/Team-Time-Trial-profimedia-0405327486-CVR.webp\",\"width\":990,\"height\":660},{\"@type\":\"BreadcrumbList\",\"@id\":\"https:\/\/www.welovecycling.com\/es\/2023\/06\/27\/crono-por-equipos\/#breadcrumb\",\"itemListElement\":[{\"@type\":\"ListItem\",\"position\":1,\"name\":\"Home\",\"item\":\"https:\/\/www.welovecycling.com\/es\/\"},{\"@type\":\"ListItem\",\"position\":2,\"name\":\"\u00bfEstamos diciendo adi\u00f3s a la crono por equipos en el Tour?\"}]},{\"@type\":\"WebSite\",\"@id\":\"https:\/\/www.welovecycling.com\/es\/#website\",\"url\":\"https:\/\/www.welovecycling.com\/es\/\",\"name\":\"\u0160koda We Love Cycling - Spain\",\"description\":\"\u0160koda WeLoveCycling Spain\",\"potentialAction\":[{\"@type\":\"SearchAction\",\"target\":{\"@type\":\"EntryPoint\",\"urlTemplate\":\"https:\/\/www.welovecycling.com\/es\/?s={search_term_string}\"},\"query-input\":{\"@type\":\"PropertyValueSpecification\",\"valueRequired\":true,\"valueName\":\"search_term_string\"}}],\"inLanguage\":\"es-ES\"},{\"@type\":\"Person\",\"@id\":\"https:\/\/www.welovecycling.com\/es\/#\/schema\/person\/deb61715b5812698ee79fb96f343ccd4\",\"name\":\"We Love Cycling Spain\",\"image\":{\"@type\":\"ImageObject\",\"inLanguage\":\"es-ES\",\"@id\":\"https:\/\/www.welovecycling.com\/es\/#\/schema\/person\/image\/\",\"url\":\"https:\/\/secure.gravatar.com\/avatar\/c824b04e6df0e37a03219d0b6481672889df542894588964102459e46513159c?s=96&d=mm&r=g\",\"contentUrl\":\"https:\/\/secure.gravatar.com\/avatar\/c824b04e6df0e37a03219d0b6481672889df542894588964102459e46513159c?s=96&d=mm&r=g\",\"caption\":\"We Love Cycling Spain\"},\"url\":\"https:\/\/www.welovecycling.com\/es\/author\/amunoz\/\"}]}<\/script>\n<!-- \/ Yoast SEO Premium plugin. -->","yoast_head_json":{"title":"\u00bfEstamos diciendo adi\u00f3s a la crono por equipos en el Tour?","description":"La crono por equipos est\u00e1 cada vez m\u00e1s ausente en el recorrido del Tour de Francia. \u00bfAcabar\u00e1 desapareciendo?","robots":{"index":"index","follow":"follow","max-snippet":"max-snippet:-1","max-image-preview":"max-image-preview:large","max-video-preview":"max-video-preview:-1"},"canonical":"https:\/\/www.welovecycling.com\/es\/2023\/06\/27\/crono-por-equipos\/","og_locale":"es_ES","og_type":"article","og_title":"\u00bfEstamos diciendo adi\u00f3s a la crono por equipos en el Tour?","og_description":"La crono por equipos est\u00e1 cada vez m\u00e1s ausente en el recorrido del Tour de Francia. \u00bfAcabar\u00e1 desapareciendo?","og_url":"https:\/\/www.welovecycling.com\/es\/2023\/06\/27\/crono-por-equipos\/","og_site_name":"\u0160koda We Love Cycling - Spain","article_published_time":"2023-06-26T22:04:59+00:00","og_image":[{"width":990,"height":660,"url":"https:\/\/d2p6e6u75xmxt8.cloudfront.net\/6\/2023\/06\/Team-Time-Trial-profimedia-0405327486-CVR.webp","type":"image\/webp"}],"author":"We Love Cycling Spain","twitter_card":"summary_large_image","twitter_description":"La crono por equipos est\u00e1 cada vez m\u00e1s ausente en el recorrido del Tour de Francia. \u00bfAcabar\u00e1 desapareciendo?","twitter_misc":{"Written by":"Siegfried Mortkowitz","Est. reading time":"4"},"schema":{"@context":"https:\/\/schema.org","@graph":[{"@type":"WebPage","@id":"https:\/\/www.welovecycling.com\/es\/2023\/06\/27\/crono-por-equipos\/","url":"https:\/\/www.welovecycling.com\/es\/2023\/06\/27\/crono-por-equipos\/","name":"\u00bfEstamos diciendo adi\u00f3s a la crono por equipos en el Tour?","isPartOf":{"@id":"https:\/\/www.welovecycling.com\/es\/#website"},"primaryImageOfPage":{"@id":"https:\/\/www.welovecycling.com\/es\/2023\/06\/27\/crono-por-equipos\/#primaryimage"},"image":{"@id":"https:\/\/www.welovecycling.com\/es\/2023\/06\/27\/crono-por-equipos\/#primaryimage"},"thumbnailUrl":"https:\/\/d2p6e6u75xmxt8.cloudfront.net\/6\/2023\/06\/Team-Time-Trial-profimedia-0405327486-CVR.webp","datePublished":"2023-06-26T22:04:59+00:00","author":{"@id":"https:\/\/www.welovecycling.com\/es\/#\/schema\/person\/deb61715b5812698ee79fb96f343ccd4"},"description":"La crono por equipos est\u00e1 cada vez m\u00e1s ausente en el recorrido del Tour de Francia. \u00bfAcabar\u00e1 desapareciendo?","breadcrumb":{"@id":"https:\/\/www.welovecycling.com\/es\/2023\/06\/27\/crono-por-equipos\/#breadcrumb"},"inLanguage":"es-ES","potentialAction":[{"@type":"ReadAction","target":["https:\/\/www.welovecycling.com\/es\/2023\/06\/27\/crono-por-equipos\/"]}]},{"@type":"ImageObject","inLanguage":"es-ES","@id":"https:\/\/www.welovecycling.com\/es\/2023\/06\/27\/crono-por-equipos\/#primaryimage","url":"https:\/\/d2p6e6u75xmxt8.cloudfront.net\/6\/2023\/06\/Team-Time-Trial-profimedia-0405327486-CVR.webp","contentUrl":"https:\/\/d2p6e6u75xmxt8.cloudfront.net\/6\/2023\/06\/Team-Time-Trial-profimedia-0405327486-CVR.webp","width":990,"height":660},{"@type":"BreadcrumbList","@id":"https:\/\/www.welovecycling.com\/es\/2023\/06\/27\/crono-por-equipos\/#breadcrumb","itemListElement":[{"@type":"ListItem","position":1,"name":"Home","item":"https:\/\/www.welovecycling.com\/es\/"},{"@type":"ListItem","position":2,"name":"\u00bfEstamos diciendo adi\u00f3s a la crono por equipos en el Tour?"}]},{"@type":"WebSite","@id":"https:\/\/www.welovecycling.com\/es\/#website","url":"https:\/\/www.welovecycling.com\/es\/","name":"\u0160koda We Love Cycling - Spain","description":"\u0160koda WeLoveCycling Spain","potentialAction":[{"@type":"SearchAction","target":{"@type":"EntryPoint","urlTemplate":"https:\/\/www.welovecycling.com\/es\/?s={search_term_string}"},"query-input":{"@type":"PropertyValueSpecification","valueRequired":true,"valueName":"search_term_string"}}],"inLanguage":"es-ES"},{"@type":"Person","@id":"https:\/\/www.welovecycling.com\/es\/#\/schema\/person\/deb61715b5812698ee79fb96f343ccd4","name":"We Love Cycling Spain","image":{"@type":"ImageObject","inLanguage":"es-ES","@id":"https:\/\/www.welovecycling.com\/es\/#\/schema\/person\/image\/","url":"https:\/\/secure.gravatar.com\/avatar\/c824b04e6df0e37a03219d0b6481672889df542894588964102459e46513159c?s=96&d=mm&r=g","contentUrl":"https:\/\/secure.gravatar.com\/avatar\/c824b04e6df0e37a03219d0b6481672889df542894588964102459e46513159c?s=96&d=mm&r=g","caption":"We Love Cycling Spain"},"url":"https:\/\/www.welovecycling.com\/es\/author\/amunoz\/"}]}},"_links":{"self":[{"href":"https:\/\/www.welovecycling.com\/es\/wp-json\/wp\/v2\/posts\/10029","targetHints":{"allow":["GET"]}}],"collection":[{"href":"https:\/\/www.welovecycling.com\/es\/wp-json\/wp\/v2\/posts"}],"about":[{"href":"https:\/\/www.welovecycling.com\/es\/wp-json\/wp\/v2\/types\/post"}],"author":[{"embeddable":true,"href":"https:\/\/www.welovecycling.com\/es\/wp-json\/wp\/v2\/users\/29"}],"replies":[{"embeddable":true,"href":"https:\/\/www.welovecycling.com\/es\/wp-json\/wp\/v2\/comments?post=10029"}],"version-history":[{"count":2,"href":"https:\/\/www.welovecycling.com\/es\/wp-json\/wp\/v2\/posts\/10029\/revisions"}],"predecessor-version":[{"id":10038,"href":"https:\/\/www.welovecycling.com\/es\/wp-json\/wp\/v2\/posts\/10029\/revisions\/10038"}],"wp:featuredmedia":[{"embeddable":true,"href":"https:\/\/www.welovecycling.com\/es\/wp-json\/wp\/v2\/media\/10032"}],"wp:attachment":[{"href":"https:\/\/www.welovecycling.com\/es\/wp-json\/wp\/v2\/media?parent=10029"}],"wp:term":[{"taxonomy":"category","embeddable":true,"href":"https:\/\/www.welovecycling.com\/es\/wp-json\/wp\/v2\/categories?post=10029"},{"taxonomy":"post_tag","embeddable":true,"href":"https:\/\/www.welovecycling.com\/es\/wp-json\/wp\/v2\/tags?post=10029"},{"taxonomy":"global-categories","embeddable":true,"href":"https:\/\/www.welovecycling.com\/es\/wp-json\/wp\/v2\/global-categories?post=10029"}],"curies":[{"name":"wp","href":"https:\/\/api.w.org\/{rel}","templated":true}]}}