{"id":10011,"date":"2023-06-22T10:15:58","date_gmt":"2023-06-22T08:15:58","guid":{"rendered":"https:\/\/www.welovecycling.com\/es\/?p=10011"},"modified":"2023-06-22T00:31:27","modified_gmt":"2023-06-21T22:31:27","slug":"skoda-titan-desert-morocco-2023","status":"publish","type":"post","link":"https:\/\/www.welovecycling.com\/es\/2023\/06\/22\/skoda-titan-desert-morocco-2023\/","title":{"rendered":"La \u0160koda Titan Desert Morocco 2023 desde dentro"},"content":{"rendered":"<p><strong>Alrededor de 520 ciclistas en bicicletas de monta\u00f1a o de gravel se re\u00fanen en el desierto sahariano de Marruecos en la l\u00ednea de salida de Boumalne Dades. Les esperan seis d\u00edas, 625 kil\u00f3metros, m\u00e1s de 7.000 metros de desnivel y temperaturas implacables que superan los 40 \u00b0C durante el d\u00eda. Bienvenidos a la \u0160koda Titan Desert Morocco 2023, una prestigiosa y exigente carrera de seis etapas entre dunas cambiantes y las monta\u00f1as del Atlas.<\/strong><\/p>\n<p><!--more--><\/p>\n<p>Desde la primera edici\u00f3n de la carrera en 2006, podemos decir que la \u0160koda Titan Desert Marruecos se ha convertido en uno de los eventos m\u00e1s singulares de las carreras por etapas MTB. Los cambios a lo largo de sus 17 a\u00f1os de existencia han sido enormes, pero la carrera nunca ha perdido el encanto, el esp\u00edritu de aventura y el deseo de superarse a uno mismo hasta el l\u00edmite sobre los que se fund\u00f3. Los corredores acuden al<strong> imponente y humilde paisaje des\u00e9rtico<\/strong> para conquistarlo en cierto sentido, pero sobre todo para enfrentarse a sus miedos, superar (probablemente) el mayor reto de su vida deportiva y personal, y descubrir facetas de s\u00ed mismos que ni siquiera sab\u00edan que exist\u00edan.<\/p>\n<p>Especialmente para los novatos, la carrera plantea retos y situaciones que no podr\u00edan haber imaginado, por muy diligente que fuera su preparaci\u00f3n. Los corredores coinciden en que, adem\u00e1s del evidente esfuerzo f\u00edsico, el entorno es tambi\u00e9n extremadamente agotador desde el punto de vista mental. El calor insoportable sin tregua, la sensaci\u00f3n constante de que alguien te est\u00e1 poniendo un secador de pelo en la cara, los zapatillas y la ropa llenos de arena que raspa, sin m\u00e1s forma de refrescarse que llegar a la meta de la etapa&#8230;<\/p>\n<p>Aunque a algunos les suene a purgatorio, la experiencia de esfuerzo colectivo y la euforia resultante al cruzar la l\u00ednea de meta final podr\u00edan resumirse en la filosof\u00eda del <a href=\"https:\/\/www.welovecycling.com\/es\/2022\/05\/07\/historia-skoda-titan-desert\/\"><strong>&#8220;Esp\u00edritu Tit\u00e1n&#8221;.<\/strong><\/a> Es el paraguas invisible de compa\u00f1erismo, solidaridad y camarader\u00eda que se extiende sobre el terreno de competici\u00f3n y acampada durante todo el evento.<\/p>\n<figure id=\"attachment_10012\" aria-describedby=\"caption-attachment-10012\" style=\"width: 1037px\" class=\"wp-caption alignnone\"><a href=\"https:\/\/d2p6e6u75xmxt8.cloudfront.net\/6\/2023\/06\/2023-Titan-Desert-Stage-1.webp\"><img loading=\"lazy\" decoding=\"async\" class=\"wp-image-10012 size-full\" src=\"https:\/\/d2p6e6u75xmxt8.cloudfront.net\/6\/2023\/06\/2023-Titan-Desert-Stage-1.webp\" alt=\"\u0160koda Titan Desert Morocco\" width=\"1037\" height=\"691\" srcset=\"https:\/\/d2p6e6u75xmxt8.cloudfront.net\/6\/2023\/06\/2023-Titan-Desert-Stage-1.webp 1037w, https:\/\/d2p6e6u75xmxt8.cloudfront.net\/6\/2023\/06\/2023-Titan-Desert-Stage-1-300x200.webp 300w, https:\/\/d2p6e6u75xmxt8.cloudfront.net\/6\/2023\/06\/2023-Titan-Desert-Stage-1-1024x682.webp 1024w, https:\/\/d2p6e6u75xmxt8.cloudfront.net\/6\/2023\/06\/2023-Titan-Desert-Stage-1-768x512.webp 768w, https:\/\/d2p6e6u75xmxt8.cloudfront.net\/6\/2023\/06\/2023-Titan-Desert-Stage-1-400x267.webp 400w, https:\/\/d2p6e6u75xmxt8.cloudfront.net\/6\/2023\/06\/2023-Titan-Desert-Stage-1-272x182.webp 272w\" sizes=\"auto, (max-width: 1037px) 100vw, 1037px\" \/><\/a><figcaption id=\"caption-attachment-10012\" class=\"wp-caption-text\">No hay muchas carreras anuales de MTB que presuman de un entorno tan \u00fanico e impresionante como la \u0160koda Titan Desert Marruecos.<\/figcaption><\/figure>\n<p>&nbsp;<\/p>\n<p>Como dice <a href=\"https:\/\/www.welovecycling.com\/es\/2023\/04\/24\/skoda-titan-desert-marruecos\/\">Jes\u00fas Garc\u00eda, Director General<\/a> de la entidad organizadora de la \u0160koda Titan Desert Marruecos y antiguo participante en seis ocasiones, es &#8220;hoy por ti y ma\u00f1ana por m\u00ed&#8221;. Aunque el ambiente de la carrera es altamente competitivo, ya que todos los corredores tienen que afrontarla sin apoyo en su totalidad, se les anima a &#8220;ayudar desinteresadamente a un compa\u00f1ero&#8221; y a forjar amistades. Al fin y al cabo, el enorme vivac nocturno en el que los ciclistas pernoctan entre etapa y etapa es el lugar perfecto para airear las quejas y alegr\u00edas de cada uno tras un d\u00eda sobre el sill\u00edn y estrechar lazos por las dificultades.<\/p>\n<p>Los reyes de la \u0160koda Titan Desert Marruecos de este a\u00f1o fuero<strong>n Roberto Bou y Tessa Kortekaas.<\/strong> La victoria de Tessa fue adem\u00e1s muy singular por tratarse de una amazona debutante. El segundo y tercer puesto en la CG femenina lo ocuparon, respectivamente, Vera Looser y Ariadna Rodenas, y en la CG masculina Josep Betal\u00fa y Fran Herrero.<\/p>\n<p>Si quieres saborear el verdadero esp\u00edritu de la Titan, disfruta del documental in situ que rodamos junto con \u0160koda, donde seguimos de cerca a los corredores durante todo el evento para transmitirte lo brutal y, al mismo tiempo, gratificante que puede ser una carrera como esta.<\/p>\n","protected":false},"excerpt":{"rendered":"<p>Alrededor de 520 ciclistas en bicicletas de monta\u00f1a o de gravel se re\u00fanen en el desierto sahariano de Marruecos en [&hellip;]<\/p>\n","protected":false},"author":29,"featured_media":10014,"comment_status":"open","ping_status":"open","sticky":false,"template":"","format":"standard","meta":{"footnotes":""},"categories":[9],"tags":[2235],"global-categories":[],"class_list":["post-10011","post","type-post","status-publish","format-standard","has-post-thumbnail","hentry","category-mtb-aventura","tag-titan-desert-2023"],"yoast_head":"<!-- This site is optimized with the Yoast SEO Premium plugin v25.3 (Yoast SEO v25.9) - https:\/\/yoast.com\/wordpress\/plugins\/seo\/ -->\n<title>La \u0160koda Titan Desert Morocco 2023 desde dentro<\/title>\n<meta name=\"description\" content=\"La \u0160koda Titan Desert Morocco 2023 desde dentro. El documental grabado desde dentro de la Titan Desert 2023.\" \/>\n<meta name=\"robots\" content=\"index, follow, max-snippet:-1, max-image-preview:large, max-video-preview:-1\" \/>\n<link rel=\"canonical\" href=\"https:\/\/www.welovecycling.com\/es\/2023\/06\/22\/skoda-titan-desert-morocco-2023\/\" \/>\n<meta property=\"og:locale\" content=\"es_ES\" \/>\n<meta property=\"og:type\" content=\"article\" \/>\n<meta property=\"og:title\" content=\"La \u0160koda Titan Desert Morocco 2023 desde dentro\" \/>\n<meta property=\"og:description\" content=\"La \u0160koda Titan Desert Morocco 2023 desde dentro. El documental grabado desde dentro de la Titan Desert 2023.\" \/>\n<meta property=\"og:url\" content=\"https:\/\/www.welovecycling.com\/es\/2023\/06\/22\/skoda-titan-desert-morocco-2023\/\" \/>\n<meta property=\"og:site_name\" content=\"\u0160koda We Love Cycling - Spain\" \/>\n<meta property=\"article:published_time\" content=\"2023-06-22T08:15:58+00:00\" \/>\n<meta property=\"og:image\" content=\"https:\/\/d2p6e6u75xmxt8.cloudfront.net\/6\/2023\/06\/Titan-Desert-Document-CVR.webp\" \/>\n\t<meta property=\"og:image:width\" content=\"990\" \/>\n\t<meta property=\"og:image:height\" content=\"660\" \/>\n\t<meta property=\"og:image:type\" content=\"image\/webp\" \/>\n<meta name=\"author\" content=\"We Love Cycling Spain\" \/>\n<meta name=\"twitter:card\" content=\"summary_large_image\" \/>\n<meta name=\"twitter:description\" content=\"La \u0160koda Titan Desert Morocco 2023 desde dentro. El documental grabado desde dentro de la Titan Desert 2023.\" \/>\n<meta name=\"twitter:label1\" content=\"Written by\" \/>\n\t<meta name=\"twitter:data1\" content=\"Franti\u0161ka Bla\u017ekov\u00e1\" \/>\n\t<meta name=\"twitter:label2\" content=\"Est. reading time\" \/>\n\t<meta name=\"twitter:data2\" content=\"4\" \/>\n<script type=\"application\/ld+json\" class=\"yoast-schema-graph\">{\"@context\":\"https:\/\/schema.org\",\"@graph\":[{\"@type\":\"WebPage\",\"@id\":\"https:\/\/www.welovecycling.com\/es\/2023\/06\/22\/skoda-titan-desert-morocco-2023\/\",\"url\":\"https:\/\/www.welovecycling.com\/es\/2023\/06\/22\/skoda-titan-desert-morocco-2023\/\",\"name\":\"La \u0160koda Titan Desert Morocco 2023 desde dentro\",\"isPartOf\":{\"@id\":\"https:\/\/www.welovecycling.com\/es\/#website\"},\"primaryImageOfPage\":{\"@id\":\"https:\/\/www.welovecycling.com\/es\/2023\/06\/22\/skoda-titan-desert-morocco-2023\/#primaryimage\"},\"image\":{\"@id\":\"https:\/\/www.welovecycling.com\/es\/2023\/06\/22\/skoda-titan-desert-morocco-2023\/#primaryimage\"},\"thumbnailUrl\":\"https:\/\/d2p6e6u75xmxt8.cloudfront.net\/6\/2023\/06\/Titan-Desert-Document-CVR.webp\",\"datePublished\":\"2023-06-22T08:15:58+00:00\",\"author\":{\"@id\":\"https:\/\/www.welovecycling.com\/es\/#\/schema\/person\/deb61715b5812698ee79fb96f343ccd4\"},\"description\":\"La \u0160koda Titan Desert Morocco 2023 desde dentro. El documental grabado desde dentro de la Titan Desert 2023.\",\"breadcrumb\":{\"@id\":\"https:\/\/www.welovecycling.com\/es\/2023\/06\/22\/skoda-titan-desert-morocco-2023\/#breadcrumb\"},\"inLanguage\":\"es-ES\",\"potentialAction\":[{\"@type\":\"ReadAction\",\"target\":[\"https:\/\/www.welovecycling.com\/es\/2023\/06\/22\/skoda-titan-desert-morocco-2023\/\"]}]},{\"@type\":\"ImageObject\",\"inLanguage\":\"es-ES\",\"@id\":\"https:\/\/www.welovecycling.com\/es\/2023\/06\/22\/skoda-titan-desert-morocco-2023\/#primaryimage\",\"url\":\"https:\/\/d2p6e6u75xmxt8.cloudfront.net\/6\/2023\/06\/Titan-Desert-Document-CVR.webp\",\"contentUrl\":\"https:\/\/d2p6e6u75xmxt8.cloudfront.net\/6\/2023\/06\/Titan-Desert-Document-CVR.webp\",\"width\":990,\"height\":660,\"caption\":\"Titan Desert Morocco 2023\"},{\"@type\":\"BreadcrumbList\",\"@id\":\"https:\/\/www.welovecycling.com\/es\/2023\/06\/22\/skoda-titan-desert-morocco-2023\/#breadcrumb\",\"itemListElement\":[{\"@type\":\"ListItem\",\"position\":1,\"name\":\"Home\",\"item\":\"https:\/\/www.welovecycling.com\/es\/\"},{\"@type\":\"ListItem\",\"position\":2,\"name\":\"La \u0160koda Titan Desert Morocco 2023 desde dentro\"}]},{\"@type\":\"WebSite\",\"@id\":\"https:\/\/www.welovecycling.com\/es\/#website\",\"url\":\"https:\/\/www.welovecycling.com\/es\/\",\"name\":\"\u0160koda We Love Cycling - Spain\",\"description\":\"\u0160koda WeLoveCycling Spain\",\"potentialAction\":[{\"@type\":\"SearchAction\",\"target\":{\"@type\":\"EntryPoint\",\"urlTemplate\":\"https:\/\/www.welovecycling.com\/es\/?s={search_term_string}\"},\"query-input\":{\"@type\":\"PropertyValueSpecification\",\"valueRequired\":true,\"valueName\":\"search_term_string\"}}],\"inLanguage\":\"es-ES\"},{\"@type\":\"Person\",\"@id\":\"https:\/\/www.welovecycling.com\/es\/#\/schema\/person\/deb61715b5812698ee79fb96f343ccd4\",\"name\":\"We Love Cycling Spain\",\"image\":{\"@type\":\"ImageObject\",\"inLanguage\":\"es-ES\",\"@id\":\"https:\/\/www.welovecycling.com\/es\/#\/schema\/person\/image\/\",\"url\":\"https:\/\/secure.gravatar.com\/avatar\/c824b04e6df0e37a03219d0b6481672889df542894588964102459e46513159c?s=96&d=mm&r=g\",\"contentUrl\":\"https:\/\/secure.gravatar.com\/avatar\/c824b04e6df0e37a03219d0b6481672889df542894588964102459e46513159c?s=96&d=mm&r=g\",\"caption\":\"We Love Cycling Spain\"},\"url\":\"https:\/\/www.welovecycling.com\/es\/author\/amunoz\/\"}]}<\/script>\n<!-- \/ Yoast SEO Premium plugin. -->","yoast_head_json":{"title":"La \u0160koda Titan Desert Morocco 2023 desde dentro","description":"La \u0160koda Titan Desert Morocco 2023 desde dentro. El documental grabado desde dentro de la Titan Desert 2023.","robots":{"index":"index","follow":"follow","max-snippet":"max-snippet:-1","max-image-preview":"max-image-preview:large","max-video-preview":"max-video-preview:-1"},"canonical":"https:\/\/www.welovecycling.com\/es\/2023\/06\/22\/skoda-titan-desert-morocco-2023\/","og_locale":"es_ES","og_type":"article","og_title":"La \u0160koda Titan Desert Morocco 2023 desde dentro","og_description":"La \u0160koda Titan Desert Morocco 2023 desde dentro. El documental grabado desde dentro de la Titan Desert 2023.","og_url":"https:\/\/www.welovecycling.com\/es\/2023\/06\/22\/skoda-titan-desert-morocco-2023\/","og_site_name":"\u0160koda We Love Cycling - Spain","article_published_time":"2023-06-22T08:15:58+00:00","og_image":[{"width":990,"height":660,"url":"https:\/\/d2p6e6u75xmxt8.cloudfront.net\/6\/2023\/06\/Titan-Desert-Document-CVR.webp","type":"image\/webp"}],"author":"We Love Cycling Spain","twitter_card":"summary_large_image","twitter_description":"La \u0160koda Titan Desert Morocco 2023 desde dentro. El documental grabado desde dentro de la Titan Desert 2023.","twitter_misc":{"Written by":"Franti\u0161ka Bla\u017ekov\u00e1","Est. reading time":"4"},"schema":{"@context":"https:\/\/schema.org","@graph":[{"@type":"WebPage","@id":"https:\/\/www.welovecycling.com\/es\/2023\/06\/22\/skoda-titan-desert-morocco-2023\/","url":"https:\/\/www.welovecycling.com\/es\/2023\/06\/22\/skoda-titan-desert-morocco-2023\/","name":"La \u0160koda Titan Desert Morocco 2023 desde dentro","isPartOf":{"@id":"https:\/\/www.welovecycling.com\/es\/#website"},"primaryImageOfPage":{"@id":"https:\/\/www.welovecycling.com\/es\/2023\/06\/22\/skoda-titan-desert-morocco-2023\/#primaryimage"},"image":{"@id":"https:\/\/www.welovecycling.com\/es\/2023\/06\/22\/skoda-titan-desert-morocco-2023\/#primaryimage"},"thumbnailUrl":"https:\/\/d2p6e6u75xmxt8.cloudfront.net\/6\/2023\/06\/Titan-Desert-Document-CVR.webp","datePublished":"2023-06-22T08:15:58+00:00","author":{"@id":"https:\/\/www.welovecycling.com\/es\/#\/schema\/person\/deb61715b5812698ee79fb96f343ccd4"},"description":"La \u0160koda Titan Desert Morocco 2023 desde dentro. El documental grabado desde dentro de la Titan Desert 2023.","breadcrumb":{"@id":"https:\/\/www.welovecycling.com\/es\/2023\/06\/22\/skoda-titan-desert-morocco-2023\/#breadcrumb"},"inLanguage":"es-ES","potentialAction":[{"@type":"ReadAction","target":["https:\/\/www.welovecycling.com\/es\/2023\/06\/22\/skoda-titan-desert-morocco-2023\/"]}]},{"@type":"ImageObject","inLanguage":"es-ES","@id":"https:\/\/www.welovecycling.com\/es\/2023\/06\/22\/skoda-titan-desert-morocco-2023\/#primaryimage","url":"https:\/\/d2p6e6u75xmxt8.cloudfront.net\/6\/2023\/06\/Titan-Desert-Document-CVR.webp","contentUrl":"https:\/\/d2p6e6u75xmxt8.cloudfront.net\/6\/2023\/06\/Titan-Desert-Document-CVR.webp","width":990,"height":660,"caption":"Titan Desert Morocco 2023"},{"@type":"BreadcrumbList","@id":"https:\/\/www.welovecycling.com\/es\/2023\/06\/22\/skoda-titan-desert-morocco-2023\/#breadcrumb","itemListElement":[{"@type":"ListItem","position":1,"name":"Home","item":"https:\/\/www.welovecycling.com\/es\/"},{"@type":"ListItem","position":2,"name":"La \u0160koda Titan Desert Morocco 2023 desde dentro"}]},{"@type":"WebSite","@id":"https:\/\/www.welovecycling.com\/es\/#website","url":"https:\/\/www.welovecycling.com\/es\/","name":"\u0160koda We Love Cycling - Spain","description":"\u0160koda WeLoveCycling Spain","potentialAction":[{"@type":"SearchAction","target":{"@type":"EntryPoint","urlTemplate":"https:\/\/www.welovecycling.com\/es\/?s={search_term_string}"},"query-input":{"@type":"PropertyValueSpecification","valueRequired":true,"valueName":"search_term_string"}}],"inLanguage":"es-ES"},{"@type":"Person","@id":"https:\/\/www.welovecycling.com\/es\/#\/schema\/person\/deb61715b5812698ee79fb96f343ccd4","name":"We Love Cycling Spain","image":{"@type":"ImageObject","inLanguage":"es-ES","@id":"https:\/\/www.welovecycling.com\/es\/#\/schema\/person\/image\/","url":"https:\/\/secure.gravatar.com\/avatar\/c824b04e6df0e37a03219d0b6481672889df542894588964102459e46513159c?s=96&d=mm&r=g","contentUrl":"https:\/\/secure.gravatar.com\/avatar\/c824b04e6df0e37a03219d0b6481672889df542894588964102459e46513159c?s=96&d=mm&r=g","caption":"We Love Cycling Spain"},"url":"https:\/\/www.welovecycling.com\/es\/author\/amunoz\/"}]}},"_links":{"self":[{"href":"https:\/\/www.welovecycling.com\/es\/wp-json\/wp\/v2\/posts\/10011","targetHints":{"allow":["GET"]}}],"collection":[{"href":"https:\/\/www.welovecycling.com\/es\/wp-json\/wp\/v2\/posts"}],"about":[{"href":"https:\/\/www.welovecycling.com\/es\/wp-json\/wp\/v2\/types\/post"}],"author":[{"embeddable":true,"href":"https:\/\/www.welovecycling.com\/es\/wp-json\/wp\/v2\/users\/29"}],"replies":[{"embeddable":true,"href":"https:\/\/www.welovecycling.com\/es\/wp-json\/wp\/v2\/comments?post=10011"}],"version-history":[{"count":2,"href":"https:\/\/www.welovecycling.com\/es\/wp-json\/wp\/v2\/posts\/10011\/revisions"}],"predecessor-version":[{"id":10015,"href":"https:\/\/www.welovecycling.com\/es\/wp-json\/wp\/v2\/posts\/10011\/revisions\/10015"}],"wp:featuredmedia":[{"embeddable":true,"href":"https:\/\/www.welovecycling.com\/es\/wp-json\/wp\/v2\/media\/10014"}],"wp:attachment":[{"href":"https:\/\/www.welovecycling.com\/es\/wp-json\/wp\/v2\/media?parent=10011"}],"wp:term":[{"taxonomy":"category","embeddable":true,"href":"https:\/\/www.welovecycling.com\/es\/wp-json\/wp\/v2\/categories?post=10011"},{"taxonomy":"post_tag","embeddable":true,"href":"https:\/\/www.welovecycling.com\/es\/wp-json\/wp\/v2\/tags?post=10011"},{"taxonomy":"global-categories","embeddable":true,"href":"https:\/\/www.welovecycling.com\/es\/wp-json\/wp\/v2\/global-categories?post=10011"}],"curies":[{"name":"wp","href":"https:\/\/api.w.org\/{rel}","templated":true}]}}