{"id":975,"date":"2023-07-05T10:07:59","date_gmt":"2023-07-05T10:07:59","guid":{"rendered":"https:\/\/www.welovecycling.com\/ee\/?p=975"},"modified":"2023-07-05T11:33:18","modified_gmt":"2023-07-05T11:33:18","slug":"tour-de-france-2023-esimesed-4-etappi","status":"publish","type":"post","link":"https:\/\/www.welovecycling.com\/ee\/2023\/07\/05\/tour-de-france-2023-esimesed-4-etappi\/","title":{"rendered":"Tour de France 2023 esimesed 4 etappi"},"content":{"rendered":"<h2>Selle aastane Tuur algas pauguga. Alates esimesest etapist on maastik dikteerinud s\u00fcndmuste k\u00e4iku ja sprinterid said ennast proovile panna esmasp\u00e4eval ja teisip\u00e4eval, kui oli kavas esimesed siledad etappid.<\/h2>\n<p>Esimesel etapil n\u00e4itas v\u00f5imu UAE koos Adam Yatesi ja tuuri \u00fcldv\u00f5idu soosiku Pogacariga (etapil 3.). Teine oli Adami vend Simon.<\/p>\n<p><a href=\"https:\/\/d2p6e6u75xmxt8.cloudfront.net\/15\/2023\/07\/357460432_10224429182297259_730594469463015166_n.webp\"><img loading=\"lazy\" decoding=\"async\" class=\"alignnone size-extra-large wp-image-980\" src=\"https:\/\/d2p6e6u75xmxt8.cloudfront.net\/15\/2023\/07\/357460432_10224429182297259_730594469463015166_n-1920x1279.webp\" alt=\"\" width=\"1920\" height=\"1279\" srcset=\"https:\/\/d2p6e6u75xmxt8.cloudfront.net\/15\/2023\/07\/357460432_10224429182297259_730594469463015166_n-1920x1279.webp 1920w, https:\/\/d2p6e6u75xmxt8.cloudfront.net\/15\/2023\/07\/357460432_10224429182297259_730594469463015166_n-300x200.webp 300w, https:\/\/d2p6e6u75xmxt8.cloudfront.net\/15\/2023\/07\/357460432_10224429182297259_730594469463015166_n-1024x682.webp 1024w, https:\/\/d2p6e6u75xmxt8.cloudfront.net\/15\/2023\/07\/357460432_10224429182297259_730594469463015166_n-768x512.webp 768w, https:\/\/d2p6e6u75xmxt8.cloudfront.net\/15\/2023\/07\/357460432_10224429182297259_730594469463015166_n-1536x1023.webp 1536w, https:\/\/d2p6e6u75xmxt8.cloudfront.net\/15\/2023\/07\/357460432_10224429182297259_730594469463015166_n-400x266.webp 400w, https:\/\/d2p6e6u75xmxt8.cloudfront.net\/15\/2023\/07\/357460432_10224429182297259_730594469463015166_n-272x182.webp 272w, https:\/\/d2p6e6u75xmxt8.cloudfront.net\/15\/2023\/07\/357460432_10224429182297259_730594469463015166_n.webp 2048w, https:\/\/d2p6e6u75xmxt8.cloudfront.net\/15\/2023\/07\/357460432_10224429182297259_730594469463015166_n-1920x1279.webp 1920w\" sizes=\"auto, (max-width: 1920px) 100vw, 1920px\" \/><\/a><\/p>\n<p>Teisel etapil \u00fcllatas k\u00f5iki Cofidise rattur Lafay, kes l\u00f5petas prantsuse tiimi 15 aastase v\u00f5idup\u00f5ua le Touril ja vormistas stiilse soolir\u00fcnnakuga 1 km enne l\u00f5ppu etapiv\u00f5idu. Jombo Visma magas Lafay r\u00fcnnaku suurejooneliselt maha ja teise koha sai nende staar Van Aert. Kolmas oli taas Podacar.<\/p>\n<p><a href=\"https:\/\/d2p6e6u75xmxt8.cloudfront.net\/15\/2023\/07\/357429355_10224429181497239_613046969517855747_n.webp\"><img loading=\"lazy\" decoding=\"async\" class=\"alignnone size-extra-large wp-image-979\" src=\"https:\/\/d2p6e6u75xmxt8.cloudfront.net\/15\/2023\/07\/357429355_10224429181497239_613046969517855747_n-1920x1280.webp\" alt=\"\" width=\"1920\" height=\"1280\" srcset=\"https:\/\/d2p6e6u75xmxt8.cloudfront.net\/15\/2023\/07\/357429355_10224429181497239_613046969517855747_n-1920x1280.webp 1920w, https:\/\/d2p6e6u75xmxt8.cloudfront.net\/15\/2023\/07\/357429355_10224429181497239_613046969517855747_n-300x200.webp 300w, https:\/\/d2p6e6u75xmxt8.cloudfront.net\/15\/2023\/07\/357429355_10224429181497239_613046969517855747_n-1024x683.webp 1024w, https:\/\/d2p6e6u75xmxt8.cloudfront.net\/15\/2023\/07\/357429355_10224429181497239_613046969517855747_n-768x512.webp 768w, https:\/\/d2p6e6u75xmxt8.cloudfront.net\/15\/2023\/07\/357429355_10224429181497239_613046969517855747_n-1536x1024.webp 1536w, https:\/\/d2p6e6u75xmxt8.cloudfront.net\/15\/2023\/07\/357429355_10224429181497239_613046969517855747_n-400x267.webp 400w, https:\/\/d2p6e6u75xmxt8.cloudfront.net\/15\/2023\/07\/357429355_10224429181497239_613046969517855747_n-272x182.webp 272w, https:\/\/d2p6e6u75xmxt8.cloudfront.net\/15\/2023\/07\/357429355_10224429181497239_613046969517855747_n.webp 2048w, https:\/\/d2p6e6u75xmxt8.cloudfront.net\/15\/2023\/07\/357429355_10224429181497239_613046969517855747_n-1920x1280.webp 1920w\" sizes=\"auto, (max-width: 1920px) 100vw, 1920px\" \/><\/a><\/p>\n<p>Kolmas etapp l\u00f5ppes taas grupifini\u0161higa mille vormistas v\u00f5iduks Alpecin-Deceuninck tiimi staarsprinter Philipsen seda Bauhausi ja Ewani ees.<\/p>\n<p><a href=\"https:\/\/d2p6e6u75xmxt8.cloudfront.net\/15\/2023\/07\/357774485_10224410222983288_7154424662829741861_n.webp\"><img loading=\"lazy\" decoding=\"async\" class=\"alignnone size-extra-large wp-image-984\" src=\"https:\/\/d2p6e6u75xmxt8.cloudfront.net\/15\/2023\/07\/357774485_10224410222983288_7154424662829741861_n-1920x1279.webp\" alt=\"\" width=\"1920\" height=\"1279\" srcset=\"https:\/\/d2p6e6u75xmxt8.cloudfront.net\/15\/2023\/07\/357774485_10224410222983288_7154424662829741861_n-1920x1279.webp 1920w, https:\/\/d2p6e6u75xmxt8.cloudfront.net\/15\/2023\/07\/357774485_10224410222983288_7154424662829741861_n-300x200.webp 300w, https:\/\/d2p6e6u75xmxt8.cloudfront.net\/15\/2023\/07\/357774485_10224410222983288_7154424662829741861_n-1024x682.webp 1024w, https:\/\/d2p6e6u75xmxt8.cloudfront.net\/15\/2023\/07\/357774485_10224410222983288_7154424662829741861_n-768x512.webp 768w, https:\/\/d2p6e6u75xmxt8.cloudfront.net\/15\/2023\/07\/357774485_10224410222983288_7154424662829741861_n-1536x1023.webp 1536w, https:\/\/d2p6e6u75xmxt8.cloudfront.net\/15\/2023\/07\/357774485_10224410222983288_7154424662829741861_n-400x266.webp 400w, https:\/\/d2p6e6u75xmxt8.cloudfront.net\/15\/2023\/07\/357774485_10224410222983288_7154424662829741861_n-272x182.webp 272w, https:\/\/d2p6e6u75xmxt8.cloudfront.net\/15\/2023\/07\/357774485_10224410222983288_7154424662829741861_n.webp 2048w, https:\/\/d2p6e6u75xmxt8.cloudfront.net\/15\/2023\/07\/357774485_10224410222983288_7154424662829741861_n-1920x1279.webp 1920w\" sizes=\"auto, (max-width: 1920px) 100vw, 1920px\" \/><\/a><\/p>\n<p>Neljas etapp t\u00f5i taas palju draamat kukkumiste n\u00e4ol. Kiireim oli taas Philpsen, Ewani ja Bauhausi ees. Oma rekordilist 35. Tuuri etapiv\u00f5itu jahtiv Mark Cavendish ei ole veel sprindis \u00f5nnestnud. Tal ei ole ka Astana meeskonna poolt head sprindirongi ja ta peab lootma heale \u00f5nnele ja teiste tiimide rongide peale.<\/p>\n<p><a href=\"https:\/\/d2p6e6u75xmxt8.cloudfront.net\/15\/2023\/07\/357757675_10224410264784333_189268575225230432_n.webp\"><img loading=\"lazy\" decoding=\"async\" class=\"alignnone size-extra-large wp-image-983\" src=\"https:\/\/d2p6e6u75xmxt8.cloudfront.net\/15\/2023\/07\/357757675_10224410264784333_189268575225230432_n-1920x1281.webp\" alt=\"\" width=\"1920\" height=\"1281\" srcset=\"https:\/\/d2p6e6u75xmxt8.cloudfront.net\/15\/2023\/07\/357757675_10224410264784333_189268575225230432_n-1920x1281.webp 1920w, https:\/\/d2p6e6u75xmxt8.cloudfront.net\/15\/2023\/07\/357757675_10224410264784333_189268575225230432_n-300x200.webp 300w, https:\/\/d2p6e6u75xmxt8.cloudfront.net\/15\/2023\/07\/357757675_10224410264784333_189268575225230432_n-1024x683.webp 1024w, https:\/\/d2p6e6u75xmxt8.cloudfront.net\/15\/2023\/07\/357757675_10224410264784333_189268575225230432_n-768x512.webp 768w, https:\/\/d2p6e6u75xmxt8.cloudfront.net\/15\/2023\/07\/357757675_10224410264784333_189268575225230432_n-1536x1025.webp 1536w, https:\/\/d2p6e6u75xmxt8.cloudfront.net\/15\/2023\/07\/357757675_10224410264784333_189268575225230432_n-400x267.webp 400w, https:\/\/d2p6e6u75xmxt8.cloudfront.net\/15\/2023\/07\/357757675_10224410264784333_189268575225230432_n-272x182.webp 272w, https:\/\/d2p6e6u75xmxt8.cloudfront.net\/15\/2023\/07\/357757675_10224410264784333_189268575225230432_n.webp 2048w, https:\/\/d2p6e6u75xmxt8.cloudfront.net\/15\/2023\/07\/357757675_10224410264784333_189268575225230432_n-1920x1281.webp 1920w\" sizes=\"auto, (max-width: 1920px) 100vw, 1920px\" \/><\/a><\/p>\n<p>Kokkuv\u00f5ttes juhib Adam Yates Podacari ja venna Simoni ees.<\/p>\n<p>Asi saab \u00fcldarvestuse kohapealt veid selgemaks juba t\u00e4na, kui s\u00f5idetakse 162 km pikkune kahe suure t\u00f5usuga Col de Soudet (HC) ja Col de Marie Blanque (1 CAT) etapp. Kas Vingegaard oma kaalutletud s\u00f5iduga on \u00fcle rock n roll stiiliga Podacarist v\u00f5i \u00fcllatab keegi kolmas.<br \/>\n\u00dcldarvestuse s\u00f5itjatest on kukkumiste tagaj\u00e4rjel pidanud tuurist loobuma Mas (Movsitar), Carapaz (EFE-Easypost). M\u00f5lemad kukkusid esimesel etapil.<\/p>\n<p><a href=\"https:\/\/d2p6e6u75xmxt8.cloudfront.net\/15\/2023\/07\/347382256_10224421110735475_4263257251384878655_n.webp\"><img loading=\"lazy\" decoding=\"async\" class=\"alignnone size-extra-large wp-image-977\" src=\"https:\/\/d2p6e6u75xmxt8.cloudfront.net\/15\/2023\/07\/347382256_10224421110735475_4263257251384878655_n-1920x1279.webp\" alt=\"\" width=\"1920\" height=\"1279\" srcset=\"https:\/\/d2p6e6u75xmxt8.cloudfront.net\/15\/2023\/07\/347382256_10224421110735475_4263257251384878655_n-1920x1279.webp 1920w, https:\/\/d2p6e6u75xmxt8.cloudfront.net\/15\/2023\/07\/347382256_10224421110735475_4263257251384878655_n-300x200.webp 300w, https:\/\/d2p6e6u75xmxt8.cloudfront.net\/15\/2023\/07\/347382256_10224421110735475_4263257251384878655_n-1024x682.webp 1024w, https:\/\/d2p6e6u75xmxt8.cloudfront.net\/15\/2023\/07\/347382256_10224421110735475_4263257251384878655_n-768x512.webp 768w, https:\/\/d2p6e6u75xmxt8.cloudfront.net\/15\/2023\/07\/347382256_10224421110735475_4263257251384878655_n-1536x1023.webp 1536w, https:\/\/d2p6e6u75xmxt8.cloudfront.net\/15\/2023\/07\/347382256_10224421110735475_4263257251384878655_n-400x266.webp 400w, https:\/\/d2p6e6u75xmxt8.cloudfront.net\/15\/2023\/07\/347382256_10224421110735475_4263257251384878655_n-272x182.webp 272w, https:\/\/d2p6e6u75xmxt8.cloudfront.net\/15\/2023\/07\/347382256_10224421110735475_4263257251384878655_n.webp 2048w, https:\/\/d2p6e6u75xmxt8.cloudfront.net\/15\/2023\/07\/347382256_10224421110735475_4263257251384878655_n-1920x1279.webp 1920w\" sizes=\"auto, (max-width: 1920px) 100vw, 1920px\" \/><\/a><a href=\"https:\/\/d2p6e6u75xmxt8.cloudfront.net\/15\/2023\/07\/357144794_10224416556781629_4394013246711202566_n.webp\"><img loading=\"lazy\" decoding=\"async\" class=\"alignnone size-extra-large wp-image-978\" src=\"https:\/\/d2p6e6u75xmxt8.cloudfront.net\/15\/2023\/07\/357144794_10224416556781629_4394013246711202566_n-1920x1280.webp\" alt=\"\" width=\"1920\" height=\"1280\" srcset=\"https:\/\/d2p6e6u75xmxt8.cloudfront.net\/15\/2023\/07\/357144794_10224416556781629_4394013246711202566_n-1920x1280.webp 1920w, https:\/\/d2p6e6u75xmxt8.cloudfront.net\/15\/2023\/07\/357144794_10224416556781629_4394013246711202566_n-300x200.webp 300w, https:\/\/d2p6e6u75xmxt8.cloudfront.net\/15\/2023\/07\/357144794_10224416556781629_4394013246711202566_n-1024x683.webp 1024w, https:\/\/d2p6e6u75xmxt8.cloudfront.net\/15\/2023\/07\/357144794_10224416556781629_4394013246711202566_n-768x512.webp 768w, https:\/\/d2p6e6u75xmxt8.cloudfront.net\/15\/2023\/07\/357144794_10224416556781629_4394013246711202566_n-1536x1024.webp 1536w, https:\/\/d2p6e6u75xmxt8.cloudfront.net\/15\/2023\/07\/357144794_10224416556781629_4394013246711202566_n-400x267.webp 400w, https:\/\/d2p6e6u75xmxt8.cloudfront.net\/15\/2023\/07\/357144794_10224416556781629_4394013246711202566_n-272x182.webp 272w, https:\/\/d2p6e6u75xmxt8.cloudfront.net\/15\/2023\/07\/357144794_10224416556781629_4394013246711202566_n.webp 2048w, https:\/\/d2p6e6u75xmxt8.cloudfront.net\/15\/2023\/07\/357144794_10224416556781629_4394013246711202566_n-1920x1280.webp 1920w\" sizes=\"auto, (max-width: 1920px) 100vw, 1920px\" \/><\/a><a href=\"https:\/\/d2p6e6u75xmxt8.cloudfront.net\/15\/2023\/07\/357718963_10224416550501472_3052401346778650811_n.webp\"><img loading=\"lazy\" decoding=\"async\" class=\"alignnone size-extra-large wp-image-982\" src=\"https:\/\/d2p6e6u75xmxt8.cloudfront.net\/15\/2023\/07\/357718963_10224416550501472_3052401346778650811_n-1920x1280.webp\" alt=\"\" width=\"1920\" height=\"1280\" srcset=\"https:\/\/d2p6e6u75xmxt8.cloudfront.net\/15\/2023\/07\/357718963_10224416550501472_3052401346778650811_n-1920x1280.webp 1920w, https:\/\/d2p6e6u75xmxt8.cloudfront.net\/15\/2023\/07\/357718963_10224416550501472_3052401346778650811_n-300x200.webp 300w, https:\/\/d2p6e6u75xmxt8.cloudfront.net\/15\/2023\/07\/357718963_10224416550501472_3052401346778650811_n-1024x683.webp 1024w, https:\/\/d2p6e6u75xmxt8.cloudfront.net\/15\/2023\/07\/357718963_10224416550501472_3052401346778650811_n-768x512.webp 768w, https:\/\/d2p6e6u75xmxt8.cloudfront.net\/15\/2023\/07\/357718963_10224416550501472_3052401346778650811_n-1536x1024.webp 1536w, https:\/\/d2p6e6u75xmxt8.cloudfront.net\/15\/2023\/07\/357718963_10224416550501472_3052401346778650811_n-400x267.webp 400w, https:\/\/d2p6e6u75xmxt8.cloudfront.net\/15\/2023\/07\/357718963_10224416550501472_3052401346778650811_n-272x182.webp 272w, https:\/\/d2p6e6u75xmxt8.cloudfront.net\/15\/2023\/07\/357718963_10224416550501472_3052401346778650811_n.webp 2048w, https:\/\/d2p6e6u75xmxt8.cloudfront.net\/15\/2023\/07\/357718963_10224416550501472_3052401346778650811_n-1920x1280.webp 1920w\" sizes=\"auto, (max-width: 1920px) 100vw, 1920px\" \/><\/a><a href=\"https:\/\/d2p6e6u75xmxt8.cloudfront.net\/15\/2023\/07\/357685007_10224410237023639_2410117915863970828_n.webp\"><img loading=\"lazy\" decoding=\"async\" class=\"alignnone size-extra-large wp-image-981\" src=\"https:\/\/d2p6e6u75xmxt8.cloudfront.net\/15\/2023\/07\/357685007_10224410237023639_2410117915863970828_n-1920x1280.webp\" alt=\"\" width=\"1920\" height=\"1280\" srcset=\"https:\/\/d2p6e6u75xmxt8.cloudfront.net\/15\/2023\/07\/357685007_10224410237023639_2410117915863970828_n-1920x1280.webp 1920w, https:\/\/d2p6e6u75xmxt8.cloudfront.net\/15\/2023\/07\/357685007_10224410237023639_2410117915863970828_n-300x200.webp 300w, https:\/\/d2p6e6u75xmxt8.cloudfront.net\/15\/2023\/07\/357685007_10224410237023639_2410117915863970828_n-1024x683.webp 1024w, https:\/\/d2p6e6u75xmxt8.cloudfront.net\/15\/2023\/07\/357685007_10224410237023639_2410117915863970828_n-768x512.webp 768w, https:\/\/d2p6e6u75xmxt8.cloudfront.net\/15\/2023\/07\/357685007_10224410237023639_2410117915863970828_n-1536x1024.webp 1536w, https:\/\/d2p6e6u75xmxt8.cloudfront.net\/15\/2023\/07\/357685007_10224410237023639_2410117915863970828_n-400x267.webp 400w, https:\/\/d2p6e6u75xmxt8.cloudfront.net\/15\/2023\/07\/357685007_10224410237023639_2410117915863970828_n-272x182.webp 272w, https:\/\/d2p6e6u75xmxt8.cloudfront.net\/15\/2023\/07\/357685007_10224410237023639_2410117915863970828_n.webp 2048w, https:\/\/d2p6e6u75xmxt8.cloudfront.net\/15\/2023\/07\/357685007_10224410237023639_2410117915863970828_n-1920x1280.webp 1920w\" sizes=\"auto, (max-width: 1920px) 100vw, 1920px\" \/><\/a><\/p>\n<p>Fotod Charly Lopez , Pauline Ballet ja ASO.<\/p>\n","protected":false},"excerpt":{"rendered":"<p>Selle aastane Tuur algas pauguga. Alates esimesest etapist on maastik dikteerinud s\u00fcndmuste k\u00e4iku ja sprinterid said ennast proovile panna esmasp\u00e4eval [&hellip;]<\/p>\n","protected":false},"author":174,"featured_media":985,"comment_status":"open","ping_status":"open","sticky":false,"template":"","format":"standard","meta":{"footnotes":""},"categories":[39],"tags":[130,131,132,14],"global-categories":[22],"class_list":["post-975","post","type-post","status-publish","format-standard","has-post-thumbnail","hentry","category-maanteesoit","tag-20th-year-of-partnerhip","tag-le-tour-de-france","tag-le-tour-de-france-2023","tag-tour-de-france","global-categories-cycling"],"yoast_head":"<!-- This site is optimized with the Yoast SEO Premium plugin v25.3 (Yoast SEO v25.9) - https:\/\/yoast.com\/wordpress\/plugins\/seo\/ -->\n<title>Tour de France 2023 esimesed 4 etappi - \u0160koda We Love Cycling - Estonia<\/title>\n<meta name=\"description\" content=\"Selle aastane Tuur algas pauguga. Alates esimesest etapist on maastik dikteerinud s\u00fcndmuste k\u00e4iku ja sprinterid said ennast proovile panna alles eile, kui oli kavas esimene sile etapp.\" \/>\n<meta name=\"robots\" content=\"index, follow, max-snippet:-1, max-image-preview:large, max-video-preview:-1\" \/>\n<link rel=\"canonical\" href=\"https:\/\/www.welovecycling.com\/ee\/2023\/07\/05\/tour-de-france-2023-esimesed-4-etappi\/\" \/>\n<meta property=\"og:locale\" content=\"et_EE\" \/>\n<meta property=\"og:type\" content=\"article\" \/>\n<meta property=\"og:title\" content=\"Tour de France 2023 esimesed 4 etappi\" \/>\n<meta property=\"og:description\" content=\"Selle aastane Tuur algas pauguga. Alates esimesest etapist on maastik dikteerinud s\u00fcndmuste k\u00e4iku ja sprinterid said ennast proovile panna alles eile, kui oli kavas esimene sile etapp.\" \/>\n<meta property=\"og:url\" content=\"https:\/\/www.welovecycling.com\/ee\/2023\/07\/05\/tour-de-france-2023-esimesed-4-etappi\/\" \/>\n<meta property=\"og:site_name\" content=\"\u0160koda We Love Cycling - Estonia\" \/>\n<meta property=\"article:published_time\" content=\"2023-07-05T10:07:59+00:00\" \/>\n<meta property=\"article:modified_time\" content=\"2023-07-05T11:33:18+00:00\" \/>\n<meta property=\"og:image\" content=\"https:\/\/d2p6e6u75xmxt8.cloudfront.net\/15\/2023\/07\/358125864_10224421106775376_4761740661670518259_n.webp\" \/>\n\t<meta property=\"og:image:width\" content=\"2048\" \/>\n\t<meta property=\"og:image:height\" content=\"1365\" \/>\n\t<meta property=\"og:image:type\" content=\"image\/webp\" \/>\n<meta name=\"author\" content=\"andre\" \/>\n<meta name=\"twitter:card\" content=\"summary_large_image\" \/>\n<meta name=\"twitter:label1\" content=\"Written by\" \/>\n\t<meta name=\"twitter:data1\" content=\"Andre Kull\" \/>\n\t<meta name=\"twitter:label2\" content=\"Est. reading time\" \/>\n\t<meta name=\"twitter:data2\" content=\"2\" \/>\n<script type=\"application\/ld+json\" class=\"yoast-schema-graph\">{\"@context\":\"https:\/\/schema.org\",\"@graph\":[{\"@type\":\"WebPage\",\"@id\":\"https:\/\/www.welovecycling.com\/ee\/2023\/07\/05\/tour-de-france-2023-esimesed-4-etappi\/\",\"url\":\"https:\/\/www.welovecycling.com\/ee\/2023\/07\/05\/tour-de-france-2023-esimesed-4-etappi\/\",\"name\":\"Tour de France 2023 esimesed 4 etappi - \u0160koda We Love Cycling - Estonia\",\"isPartOf\":{\"@id\":\"https:\/\/www.welovecycling.com\/ee\/#website\"},\"primaryImageOfPage\":{\"@id\":\"https:\/\/www.welovecycling.com\/ee\/2023\/07\/05\/tour-de-france-2023-esimesed-4-etappi\/#primaryimage\"},\"image\":{\"@id\":\"https:\/\/www.welovecycling.com\/ee\/2023\/07\/05\/tour-de-france-2023-esimesed-4-etappi\/#primaryimage\"},\"thumbnailUrl\":\"https:\/\/d2p6e6u75xmxt8.cloudfront.net\/15\/2023\/07\/358125864_10224421106775376_4761740661670518259_n.webp\",\"datePublished\":\"2023-07-05T10:07:59+00:00\",\"dateModified\":\"2023-07-05T11:33:18+00:00\",\"author\":{\"@id\":\"https:\/\/www.welovecycling.com\/ee\/#\/schema\/person\/8b7101c4bd1b1ae9d3732ebb1e6caf57\"},\"description\":\"Selle aastane Tuur algas pauguga. Alates esimesest etapist on maastik dikteerinud s\u00fcndmuste k\u00e4iku ja sprinterid said ennast proovile panna alles eile, kui oli kavas esimene sile etapp.\",\"inLanguage\":\"et\",\"potentialAction\":[{\"@type\":\"ReadAction\",\"target\":[\"https:\/\/www.welovecycling.com\/ee\/2023\/07\/05\/tour-de-france-2023-esimesed-4-etappi\/\"]}]},{\"@type\":\"ImageObject\",\"inLanguage\":\"et\",\"@id\":\"https:\/\/www.welovecycling.com\/ee\/2023\/07\/05\/tour-de-france-2023-esimesed-4-etappi\/#primaryimage\",\"url\":\"https:\/\/d2p6e6u75xmxt8.cloudfront.net\/15\/2023\/07\/358125864_10224421106775376_4761740661670518259_n.webp\",\"contentUrl\":\"https:\/\/d2p6e6u75xmxt8.cloudfront.net\/15\/2023\/07\/358125864_10224421106775376_4761740661670518259_n.webp\",\"width\":2048,\"height\":1365},{\"@type\":\"WebSite\",\"@id\":\"https:\/\/www.welovecycling.com\/ee\/#website\",\"url\":\"https:\/\/www.welovecycling.com\/ee\/\",\"name\":\"\u0160koda We Love Cycling - Estonia\",\"description\":\"\",\"potentialAction\":[{\"@type\":\"SearchAction\",\"target\":{\"@type\":\"EntryPoint\",\"urlTemplate\":\"https:\/\/www.welovecycling.com\/ee\/?s={search_term_string}\"},\"query-input\":{\"@type\":\"PropertyValueSpecification\",\"valueRequired\":true,\"valueName\":\"search_term_string\"}}],\"inLanguage\":\"et\"},{\"@type\":\"Person\",\"@id\":\"https:\/\/www.welovecycling.com\/ee\/#\/schema\/person\/8b7101c4bd1b1ae9d3732ebb1e6caf57\",\"name\":\"andre\",\"image\":{\"@type\":\"ImageObject\",\"inLanguage\":\"et\",\"@id\":\"https:\/\/www.welovecycling.com\/ee\/#\/schema\/person\/image\/\",\"url\":\"https:\/\/secure.gravatar.com\/avatar\/0656b3224fe17b018f43b8a562625dd43d30827f027b2f62bc5a05711fec9a61?s=96&d=mm&r=g\",\"contentUrl\":\"https:\/\/secure.gravatar.com\/avatar\/0656b3224fe17b018f43b8a562625dd43d30827f027b2f62bc5a05711fec9a61?s=96&d=mm&r=g\",\"caption\":\"andre\"},\"url\":\"https:\/\/www.welovecycling.com\/ee\/author\/andre\/\"}]}<\/script>\n<!-- \/ Yoast SEO Premium plugin. -->","yoast_head_json":{"title":"Tour de France 2023 esimesed 4 etappi - \u0160koda We Love Cycling - Estonia","description":"Selle aastane Tuur algas pauguga. Alates esimesest etapist on maastik dikteerinud s\u00fcndmuste k\u00e4iku ja sprinterid said ennast proovile panna alles eile, kui oli kavas esimene sile etapp.","robots":{"index":"index","follow":"follow","max-snippet":"max-snippet:-1","max-image-preview":"max-image-preview:large","max-video-preview":"max-video-preview:-1"},"canonical":"https:\/\/www.welovecycling.com\/ee\/2023\/07\/05\/tour-de-france-2023-esimesed-4-etappi\/","og_locale":"et_EE","og_type":"article","og_title":"Tour de France 2023 esimesed 4 etappi","og_description":"Selle aastane Tuur algas pauguga. Alates esimesest etapist on maastik dikteerinud s\u00fcndmuste k\u00e4iku ja sprinterid said ennast proovile panna alles eile, kui oli kavas esimene sile etapp.","og_url":"https:\/\/www.welovecycling.com\/ee\/2023\/07\/05\/tour-de-france-2023-esimesed-4-etappi\/","og_site_name":"\u0160koda We Love Cycling - Estonia","article_published_time":"2023-07-05T10:07:59+00:00","article_modified_time":"2023-07-05T11:33:18+00:00","og_image":[{"width":2048,"height":1365,"url":"https:\/\/d2p6e6u75xmxt8.cloudfront.net\/15\/2023\/07\/358125864_10224421106775376_4761740661670518259_n.webp","type":"image\/webp"}],"author":"andre","twitter_card":"summary_large_image","twitter_misc":{"Written by":"Andre Kull","Est. reading time":"2"},"schema":{"@context":"https:\/\/schema.org","@graph":[{"@type":"WebPage","@id":"https:\/\/www.welovecycling.com\/ee\/2023\/07\/05\/tour-de-france-2023-esimesed-4-etappi\/","url":"https:\/\/www.welovecycling.com\/ee\/2023\/07\/05\/tour-de-france-2023-esimesed-4-etappi\/","name":"Tour de France 2023 esimesed 4 etappi - \u0160koda We Love Cycling - Estonia","isPartOf":{"@id":"https:\/\/www.welovecycling.com\/ee\/#website"},"primaryImageOfPage":{"@id":"https:\/\/www.welovecycling.com\/ee\/2023\/07\/05\/tour-de-france-2023-esimesed-4-etappi\/#primaryimage"},"image":{"@id":"https:\/\/www.welovecycling.com\/ee\/2023\/07\/05\/tour-de-france-2023-esimesed-4-etappi\/#primaryimage"},"thumbnailUrl":"https:\/\/d2p6e6u75xmxt8.cloudfront.net\/15\/2023\/07\/358125864_10224421106775376_4761740661670518259_n.webp","datePublished":"2023-07-05T10:07:59+00:00","dateModified":"2023-07-05T11:33:18+00:00","author":{"@id":"https:\/\/www.welovecycling.com\/ee\/#\/schema\/person\/8b7101c4bd1b1ae9d3732ebb1e6caf57"},"description":"Selle aastane Tuur algas pauguga. Alates esimesest etapist on maastik dikteerinud s\u00fcndmuste k\u00e4iku ja sprinterid said ennast proovile panna alles eile, kui oli kavas esimene sile etapp.","inLanguage":"et","potentialAction":[{"@type":"ReadAction","target":["https:\/\/www.welovecycling.com\/ee\/2023\/07\/05\/tour-de-france-2023-esimesed-4-etappi\/"]}]},{"@type":"ImageObject","inLanguage":"et","@id":"https:\/\/www.welovecycling.com\/ee\/2023\/07\/05\/tour-de-france-2023-esimesed-4-etappi\/#primaryimage","url":"https:\/\/d2p6e6u75xmxt8.cloudfront.net\/15\/2023\/07\/358125864_10224421106775376_4761740661670518259_n.webp","contentUrl":"https:\/\/d2p6e6u75xmxt8.cloudfront.net\/15\/2023\/07\/358125864_10224421106775376_4761740661670518259_n.webp","width":2048,"height":1365},{"@type":"WebSite","@id":"https:\/\/www.welovecycling.com\/ee\/#website","url":"https:\/\/www.welovecycling.com\/ee\/","name":"\u0160koda We Love Cycling - Estonia","description":"","potentialAction":[{"@type":"SearchAction","target":{"@type":"EntryPoint","urlTemplate":"https:\/\/www.welovecycling.com\/ee\/?s={search_term_string}"},"query-input":{"@type":"PropertyValueSpecification","valueRequired":true,"valueName":"search_term_string"}}],"inLanguage":"et"},{"@type":"Person","@id":"https:\/\/www.welovecycling.com\/ee\/#\/schema\/person\/8b7101c4bd1b1ae9d3732ebb1e6caf57","name":"andre","image":{"@type":"ImageObject","inLanguage":"et","@id":"https:\/\/www.welovecycling.com\/ee\/#\/schema\/person\/image\/","url":"https:\/\/secure.gravatar.com\/avatar\/0656b3224fe17b018f43b8a562625dd43d30827f027b2f62bc5a05711fec9a61?s=96&d=mm&r=g","contentUrl":"https:\/\/secure.gravatar.com\/avatar\/0656b3224fe17b018f43b8a562625dd43d30827f027b2f62bc5a05711fec9a61?s=96&d=mm&r=g","caption":"andre"},"url":"https:\/\/www.welovecycling.com\/ee\/author\/andre\/"}]}},"_links":{"self":[{"href":"https:\/\/www.welovecycling.com\/ee\/wp-json\/wp\/v2\/posts\/975","targetHints":{"allow":["GET"]}}],"collection":[{"href":"https:\/\/www.welovecycling.com\/ee\/wp-json\/wp\/v2\/posts"}],"about":[{"href":"https:\/\/www.welovecycling.com\/ee\/wp-json\/wp\/v2\/types\/post"}],"author":[{"embeddable":true,"href":"https:\/\/www.welovecycling.com\/ee\/wp-json\/wp\/v2\/users\/174"}],"replies":[{"embeddable":true,"href":"https:\/\/www.welovecycling.com\/ee\/wp-json\/wp\/v2\/comments?post=975"}],"version-history":[{"count":3,"href":"https:\/\/www.welovecycling.com\/ee\/wp-json\/wp\/v2\/posts\/975\/revisions"}],"predecessor-version":[{"id":987,"href":"https:\/\/www.welovecycling.com\/ee\/wp-json\/wp\/v2\/posts\/975\/revisions\/987"}],"wp:featuredmedia":[{"embeddable":true,"href":"https:\/\/www.welovecycling.com\/ee\/wp-json\/wp\/v2\/media\/985"}],"wp:attachment":[{"href":"https:\/\/www.welovecycling.com\/ee\/wp-json\/wp\/v2\/media?parent=975"}],"wp:term":[{"taxonomy":"category","embeddable":true,"href":"https:\/\/www.welovecycling.com\/ee\/wp-json\/wp\/v2\/categories?post=975"},{"taxonomy":"post_tag","embeddable":true,"href":"https:\/\/www.welovecycling.com\/ee\/wp-json\/wp\/v2\/tags?post=975"},{"taxonomy":"global-categories","embeddable":true,"href":"https:\/\/www.welovecycling.com\/ee\/wp-json\/wp\/v2\/global-categories?post=975"}],"curies":[{"name":"wp","href":"https:\/\/api.w.org\/{rel}","templated":true}]}}