{"id":953,"date":"2023-07-03T12:36:45","date_gmt":"2023-07-03T12:36:45","guid":{"rendered":"https:\/\/www.welovecycling.com\/ee\/?p=953"},"modified":"2023-07-05T11:32:57","modified_gmt":"2023-07-05T11:32:57","slug":"moned-tour-de-francei-legendaarsed-paigad","status":"publish","type":"post","link":"https:\/\/www.welovecycling.com\/ee\/2023\/07\/03\/moned-tour-de-francei-legendaarsed-paigad\/","title":{"rendered":"M\u00f5ned Tour de France\u2019i legendaarsed paigad"},"content":{"rendered":"<h2>Lisaks kolmen\u00e4dalasele rattav\u00f5istlusele on Tour de France \u2013 nagu k\u00f5ik suurtuurid \u2013 ka tuur ehk ringreis selle s\u00f5na otseses m\u00f5ttes: \u201ePikem reis, harilikult meelahutuse eesm\u00e4rgil, mille k\u00e4igus k\u00fclastatakse marsruudile j\u00e4\u00e4vaid huviv\u00e4\u00e4rsusi\u201c. See on t\u00f5epoolest m\u00f6\u00f6da kogu maad kulgev ringreis huvitavatesse kohtadesse, et neid n\u00e4ha. Kuid Touri kultuslikud paigad m\u00e4rgivad eelk\u00f5ige tema sportlikku ajalugu, seal kunagi aset leidnud draamasid.<\/h2>\n<ol start=\"1903\">\n<li>aastal peetud esimesest Tourist alates on see, maailma \u00fcks suuremaid spordi\u00fcritusi, toimunud 109 korral. Selle ajaga on Tour kirja pannud oma rikkaliku ajaloo ning paljud paigad kujunenud selle v\u00f5istluse s\u00fcnon\u00fc\u00fcmiks. Neid on liiga palju, et k\u00f5iki siin kirjeldada. Enamik allpool mainitud m\u00e4rgilistest kohtadest asub m\u00e4gedes, sest valdav osa suurematest Touril aset leidnud draamadest on maha m\u00e4ngitud just Alpide v\u00f5i P\u00fcreneede j\u00e4rskudel n\u00f5lvadel.<\/li>\n<li><\/li>\n<\/ol>\n<h4><a href=\"https:\/\/en.wikipedia.org\/wiki\/Champs-%C3%89lys%C3%A9es\">Champs-\u00c9lys\u00e9es<\/a><\/h4>\n<p><a href=\"https:\/\/d2p6e6u75xmxt8.cloudfront.net\/15\/2023\/07\/parimad-kohad2.webp\"><img loading=\"lazy\" decoding=\"async\" class=\"alignnone size-full wp-image-970\" src=\"https:\/\/d2p6e6u75xmxt8.cloudfront.net\/15\/2023\/07\/parimad-kohad2.webp\" alt=\"\" width=\"711\" height=\"474\" srcset=\"https:\/\/d2p6e6u75xmxt8.cloudfront.net\/15\/2023\/07\/parimad-kohad2.webp 711w, https:\/\/d2p6e6u75xmxt8.cloudfront.net\/15\/2023\/07\/parimad-kohad2-300x200.webp 300w, https:\/\/d2p6e6u75xmxt8.cloudfront.net\/15\/2023\/07\/parimad-kohad2-400x267.webp 400w, https:\/\/d2p6e6u75xmxt8.cloudfront.net\/15\/2023\/07\/parimad-kohad2-272x182.webp 272w\" sizes=\"auto, (max-width: 711px) 100vw, 711px\" \/><\/a><\/p>\n<p>Kuid iga jutt Tour de France\u2019i kultuspaikadest peab algama l\u00f5pust, v\u00f5istluse viimasest etapist, sest see l\u00f5peb maailma populaarseima linna kuulsaimal t\u00e4naval \u2013 Pariisis Champs-\u00c9lys\u00e9es\u2019l. Etapi k\u00e4igus m\u00f6\u00f6dutakse ka paljudest teistes legendaarsetest kohtadest: Concorde\u2019i v\u00e4ljakust, <a href=\"https:\/\/en.wikipedia.org\/wiki\/Arc_de_Triomphe\">Triumfikaarest<\/a>, <a href=\"https:\/\/en.wikipedia.org\/wiki\/Tuileries_Palace\">Tuileries\u2019 paleest<\/a> ja <a href=\"https:\/\/en.wikipedia.org\/wiki\/The_Louvre\">Louvre\u2019ist<\/a>.<\/p>\n<p>T\u00e4nav ise \u2013 Champs-\u00c9lys\u00e9es \u2013 pole midagi muud kui v\u00e4ga kallis ostukeskus oma tippklassi poodide, restoranide, \u00f6\u00f6klubide, teatrite ja kohvikutega. <a href=\"https:\/\/www.en-vols.com\/en\/getaways\/travel\/most-expensive-streets-in-the-world\/\">Maailma kallimate t\u00e4navate edetabelis<\/a> asub see viiendal kohal keskmise aastarendiga 10 621 eurot ruutmeetri kohta. Kuid igal aastal \u00fchel juulikuu p\u00e4eval peavad ostlejad andma teed t\u00e4navat palistavatele rattas\u00f5iduhuvilistele, kes tahavad n\u00e4ha maailma kuulsaima jalgrattav\u00f5istluse viimast vaatust.<\/p>\n<p>Touri viimane etapp on peaaegu alati kollast s\u00e4rki kandva liidri v\u00f5iduparaad, kus suur grupp liigub rahulikus tempos, v\u00f5itja r\u00fc\u00fcpab koos oma meeskonnaga \u0161ampanjat ja poseerib fotograafidele. V\u00f5idus\u00f5it l\u00e4heb lahti alles siis, kui v\u00f5istlejaterivi j\u00f5uab Champs-\u00c9lys\u00e9es\u2019le ning sprinterid asuvad v\u00f5itlusse esikoha p\u00e4rast maailma rattaspordi k\u00f5ige mainekamas sprindifini\u0161is. Viimane etapp l\u00f5pebki harilikult grupifini\u0161iga, Aleksandr Vinokurov 2005. aastal on seni viimane, kes v\u00f5itis etapi grupist lahti rebides. Praegu Astana Qazaqstani tiimi esindav Mark Cavendish on Touri l\u00f5puetapi v\u00f5itnud neljal korral, rohkem kui \u00fckski teine rattur. T\u00e4navu stardivad ratturid viimasele etapile Pariisi k\u00fclje all asuvast Saint-Quentin-en-Yvelines\u2019ist ning 115 kilomeetrine distants sisaldab ka kaheksat ringi Champs-\u00c9lys\u00e9es\u2019l.<\/p>\n<h4><a href=\"https:\/\/pjammcycling.com\/climb\/118.Alpe-dHuez\">Alpe d\u2019Huez<\/a><\/h4>\n<p><a href=\"https:\/\/d2p6e6u75xmxt8.cloudfront.net\/15\/2023\/07\/parimad-kohad3.webp\"><img loading=\"lazy\" decoding=\"async\" class=\"alignnone size-full wp-image-971\" src=\"https:\/\/d2p6e6u75xmxt8.cloudfront.net\/15\/2023\/07\/parimad-kohad3.webp\" alt=\"\" width=\"708\" height=\"462\" srcset=\"https:\/\/d2p6e6u75xmxt8.cloudfront.net\/15\/2023\/07\/parimad-kohad3.webp 708w, https:\/\/d2p6e6u75xmxt8.cloudfront.net\/15\/2023\/07\/parimad-kohad3-300x196.webp 300w, https:\/\/d2p6e6u75xmxt8.cloudfront.net\/15\/2023\/07\/parimad-kohad3-400x261.webp 400w\" sizes=\"auto, (max-width: 708px) 100vw, 708px\" \/><\/a><\/p>\n<p>Alpe d\u2019Huez on k\u00f5igist Tour de France\u2019i m\u00e4gedest ilmselt tuntuim ja kahtluseta nende 21 serpentiini p\u00e4rast, mis pikivad m\u00e4ek\u00fcljel \u00fclespoole ronivat maanteed. 13,8 kilomeetri pikkune n\u00f5lv l\u00f5peb 1850 meetri k\u00f5rgusel, keskmine t\u00f5usunurk on 8,1% ning maksimaalne 11,5%. Esimest korda l\u00e4bis Tour seda aastal 1952, kokku on seal s\u00f5idetud 31 korda. Kummalisel kombel ei p\u00e4lvinud see paik esialgu mingit menu, n\u00f5lvadel pealtvaatajaid sama h\u00e4sti kui polnud. Aastate jooksul on Alpe d\u2019Huez aga <a href=\"https:\/\/pjammcycling.com\/climb\/118.Alpe-dHuez\">kujunenud publiku \u00fc\u00fcratuks lemmikuks<\/a>, kus tipu \u00fcmbruses \u00e4\u00e4ristavad teed tuhanded m\u00e4kke ronivaid rattureid ergutavad pealtvaatajad.<\/p>\n<p>Geraint Thomas oli 2018. aastal esimene \u2013 ja seni ainus \u2013 rattur, kes on Alpe d\u2019Huezi etapi v\u00f5itnud Tour de France\u2019i liidris\u00e4rki kandes. Samal aastal tuli ta ka Touri v\u00f5itjaks. \u00dcks pentsikumaid s\u00fcndmusi Tour de France\u2019i ajaloos leidis aset 1999. aastal just siin. Giuseppe Guerini oli t\u00f5usul k\u00f5igist kaugele ette rebinud ja fini\u0161ijooneni j\u00e4i vaid m\u00f5nisada meetrit, kui ta p\u00f5rkas kokku teele ette astunud pealtvaatajaga, kes soovis ratturit pildistada. Guerini aga s\u00e4ilitas rahu, ronis tagasi sadulasse ja v\u00f5itis etapi 21-sekundilise eduga.<\/p>\n<p>Hollandi rattaf\u00e4nnidele muutus m\u00e4gi palver\u00e4nnaku sihiks t\u00e4nu Joop Zoetemelki julgele v\u00f5idule 1976. aastal, mil ta j\u00f5udis t\u00f5usu l\u00f5ppu kolm sekundit ette belglast Lucien Van Impet. Neid f\u00e4nne on lihtne \u00e4ra tunda, sest nad riietuvad oran\u017ei ja on sageli kergelt napsised.<\/p>\n<h4>Bordeaux<\/h4>\n<p><a href=\"https:\/\/d2p6e6u75xmxt8.cloudfront.net\/15\/2023\/07\/parimad-kohad4.webp\"><img loading=\"lazy\" decoding=\"async\" class=\"alignnone size-full wp-image-972\" src=\"https:\/\/d2p6e6u75xmxt8.cloudfront.net\/15\/2023\/07\/parimad-kohad4.webp\" alt=\"\" width=\"710\" height=\"474\" srcset=\"https:\/\/d2p6e6u75xmxt8.cloudfront.net\/15\/2023\/07\/parimad-kohad4.webp 710w, https:\/\/d2p6e6u75xmxt8.cloudfront.net\/15\/2023\/07\/parimad-kohad4-300x200.webp 300w, https:\/\/d2p6e6u75xmxt8.cloudfront.net\/15\/2023\/07\/parimad-kohad4-400x267.webp 400w, https:\/\/d2p6e6u75xmxt8.cloudfront.net\/15\/2023\/07\/parimad-kohad4-272x182.webp 272w\" sizes=\"auto, (max-width: 710px) 100vw, 710px\" \/><\/a><\/p>\n<p>Kui \u00f6elda Bordeaux, hakkavad inimesed v\u00e4ltimatult m\u00f5tlema suurep\u00e4rastele punastele veinidele, mida seal piirkonnas valmistatakse ja mida nauditakse k\u00f5ikjal maailmas. Kuid linn, mis asub Garonne\u2019i j\u00f5el 50 kilomeetri kaugusel Atlandi ookeanist, on ka edukas spordilinn. Sealne ragbiklubi m\u00e4ngib Prantsusmaa k\u00f5rgliigas ning jalgpalliklubi Girondins m\u00e4ngis aastaid k\u00f5rgeima taseme Ligue 1-s, kuni paljuski koroonapandeemiast p\u00f5hjustatud rahalised probleemid kukutasid meeskonna 2021. aastal madalamasse liigasse. Kuid Bordeaux on ka Tour de France\u2019i lemmikpeatuskoht \u2013 v\u00f5istlus on seda k\u00fclastanud koguni 81 korda, rohkem kui \u00fcksk\u00f5ik millist linna peale Pariisi.<\/p>\n<p>T\u00e4navu l\u00f5peb seal Touri seitsmes etapp ning see on esimene k\u00fclak\u00e4ik 13 aasta jooksul. Viimati v\u00f5itis Bordeaux\u2019s l\u00f5ppenud etapi Marc Cavendish, kes loodab t\u00e4navu l\u00fc\u00fca senise Tour de France\u2019i etapiv\u00f5itude rekordi. Seni on nii tema kui ka belglane Eddy Merckx kogunud 34 esikohta. Oleks igati asjakohane, kui Cavendish v\u00f5taks rekordi enda nimele rikkaliku jalgrattaajalooga Bordeaux\u2019s. Siin korraldati omal ajal suurt kuuep\u00e4evas\u00f5itu ning linnas asub kuulus velodroom Stadium de Bordeaux Lac, kus aastatel 1998 ja 2006 toimusid trekis\u00f5idu MM-v\u00f5istlused ning kus Chris Boardman, Graeme Obree, Miguel Indurain ja Tony Rominger p\u00fcstitasid aastail 1993\u20131994 tunnis\u00f5idu maailmarekordeid.<\/p>\n<h4>Mont Ventoux<\/h4>\n<p><a href=\"https:\/\/d2p6e6u75xmxt8.cloudfront.net\/15\/2023\/07\/parimad-kohad-5.webp\"><img loading=\"lazy\" decoding=\"async\" class=\"alignnone size-full wp-image-966\" src=\"https:\/\/d2p6e6u75xmxt8.cloudfront.net\/15\/2023\/07\/parimad-kohad-5.webp\" alt=\"\" width=\"709\" height=\"474\" srcset=\"https:\/\/d2p6e6u75xmxt8.cloudfront.net\/15\/2023\/07\/parimad-kohad-5.webp 709w, https:\/\/d2p6e6u75xmxt8.cloudfront.net\/15\/2023\/07\/parimad-kohad-5-300x201.webp 300w, https:\/\/d2p6e6u75xmxt8.cloudfront.net\/15\/2023\/07\/parimad-kohad-5-400x267.webp 400w, https:\/\/d2p6e6u75xmxt8.cloudfront.net\/15\/2023\/07\/parimad-kohad-5-272x182.webp 272w\" sizes=\"auto, (max-width: 709px) 100vw, 709px\" \/><\/a><\/p>\n<p>Mont Ventoux\u2019d peetakse \u00fcheks r\u00e4ngemaks t\u00f5usuks <a href=\"https:\/\/en.wikipedia.org\/wiki\/Tour_de_France\">Tour de France\u2019il<\/a> ja seda on alates aastast 1951 v\u00f5etud 18 korda. Provence\u2019i Hiiglane, nagu seda m\u00e4ge kutsutakse, on 1909 meetrit k\u00f5rge ning selle taimkatteta lubjakivist tippu kirjeldatakse sageli kui kuumaastikku meenutavat. Erinevalt teistest Touri klassikalistest m\u00e4gedest Alpides ja <a href=\"https:\/\/www.francetoday.com\/travel\/travel-features\/pyrenees-skiing\/\">P\u00fcreneedes<\/a>, mida \u00fcmbritsevad k\u00f5rged m\u00e4etipud, on \u00fcle <a href=\"https:\/\/www.francetoday.com\/food-drink\/market-day-in-provence-the-vaucluse-and-beyond\/\">Provence\u2019i<\/a> k\u00f5rguv Ventoux \u00fcksik, olles n\u00e4htav juba v\u00e4ga kauge maa pealt. Seal on kolm j\u00e4rsku t\u00f5usu, k\u00f5ik \u00fchtviisi rasked.<\/p>\n<ol start=\"2016\">\n<li>aastal t\u00f5usu l\u00fchendati n\u00f5lvade \u00fcmber puhunud tugeva mistraali t\u00f5ttu, kuid m\u00e4gi m\u00e4ngis ikkagi oma vingerpussi. M\u00f5ni kilomeeter enne uut \u201etippu\u201c tr\u00fcgisid pealtvaatajad rajale nii l\u00e4hedale, et tuuri liider (ja hilisem v\u00f5itja) Chris Froome s\u00f5itis otsa tema ees pedaalinud ratturile, kes omakorda p\u00f5rkas kokku teleoperaatorit vedanud mootorrattaga. Tour de France\u2019i ajalukku l\u00e4inud legendaarsed kaadrid n\u00e4itavad, kuidas Froome viskas k\u00f5rvale oma k\u00f5verakss\u00f5idetud jalgratta ja j\u00e4tkas fini\u0161i poole liikumist joostes, kuni uus ratas kohale j\u00f5udis. Aastal 2021 roniti Ventoux\u2019 otsa mitte \u00fcks, vaid koguni kaks korda ning kuulsusrikka v\u00f5idu v\u00f5ttis Jumbo-Visma rattur Wout van Aert.<\/li>\n<\/ol>\n<p>See ei ole meeldiv m\u00e4gi. Prantsuse filosoof Roland Barthes \u00fctles, et Mont Ventoux on \u201ekurjuse jumal, millele tuleb tuua ohvreid. Ta ei andesta kunagi n\u00f5rkusi ja n\u00f5uab eba\u00f5iglaselt suurt andamit kannatuste eest.\u201c<\/p>\n<h4>Col du Tourmalet<\/h4>\n<p><a href=\"https:\/\/d2p6e6u75xmxt8.cloudfront.net\/15\/2023\/07\/parimad-kohad-6.webp\"><img loading=\"lazy\" decoding=\"async\" class=\"alignnone size-full wp-image-967\" src=\"https:\/\/d2p6e6u75xmxt8.cloudfront.net\/15\/2023\/07\/parimad-kohad-6.webp\" alt=\"\" width=\"711\" height=\"471\" srcset=\"https:\/\/d2p6e6u75xmxt8.cloudfront.net\/15\/2023\/07\/parimad-kohad-6.webp 711w, https:\/\/d2p6e6u75xmxt8.cloudfront.net\/15\/2023\/07\/parimad-kohad-6-300x199.webp 300w, https:\/\/d2p6e6u75xmxt8.cloudfront.net\/15\/2023\/07\/parimad-kohad-6-400x265.webp 400w\" sizes=\"auto, (max-width: 711px) 100vw, 711px\" \/><\/a><\/p>\n<p>Tourmalet on m\u00e4gi, kuhu Tour de France\u2019i ajaloos on k\u00f5ige rohkem ronitud \u2013 aastast 1910 koguni 90 korral. 2115 meetri k\u00f5rgusena on see \u00fcks k\u00f5rgemaid sillutatud <a href=\"https:\/\/en.wikipedia.org\/wiki\/Mountain_passes\">m\u00e4ekurusid<\/a> Prantsuse <a href=\"https:\/\/en.wikipedia.org\/wiki\/Pyrenees\">P\u00fcreneedes<\/a> ja t\u00f5en\u00e4oliselt populaarseim rattas\u00f5idum\u00e4gi kogu maailmas. T\u00e4navu t\u00f5usevad sinna ka Tour de France Femmes ja Vuelta Espa\u00f1a.<\/p>\n<p>Octave Lapize oli esimene rattur, kes 1910. aastal k\u00fclmetava ja kurnatuna m\u00e4ekuru \u00fcletamisel oma ratta n\u00f5lvast \u00fcles l\u00fckkas ning karjus seejuures korraldajate peale: \u201eM\u00f5rtsukad! Te olete m\u00f5rtsukad!\u201c Sellele vaatamata j\u00f5udis ta samal aastal Touri v\u00f5iduni, 110 startinust fini\u0161eeris toona vaid 41.<\/p>\n<p>Sestpeale on Tourmalet\u2019 t\u00f5us \u00fcks Tour de France\u2019i hinnatumaid. \u201eKui sa oled ronija t\u00fc\u00fcp, on k\u00f5ik v\u00f5idud Tour de France\u2019il kaunid. Ent v\u00f5ita Tourmalet\u2019 sugusel monumendil \u2013 seda ma armastan!\u201c \u00fctles pisarais <a href=\"https:\/\/en.wikipedia.org\/wiki\/Thibaut_Pinot\">Thibaut Pinot<\/a> p\u00e4rast Tourmalet\u2019 t\u00f5usu v\u00f5itu 2019. aasta tuuril.<\/p>\n<h4>Puy de D\u00f4me<\/h4>\n<p><a href=\"https:\/\/d2p6e6u75xmxt8.cloudfront.net\/15\/2023\/07\/parimad-kohad-7.webp\"><img loading=\"lazy\" decoding=\"async\" class=\"alignnone size-full wp-image-968\" src=\"https:\/\/d2p6e6u75xmxt8.cloudfront.net\/15\/2023\/07\/parimad-kohad-7.webp\" alt=\"\" width=\"710\" height=\"470\" srcset=\"https:\/\/d2p6e6u75xmxt8.cloudfront.net\/15\/2023\/07\/parimad-kohad-7.webp 710w, https:\/\/d2p6e6u75xmxt8.cloudfront.net\/15\/2023\/07\/parimad-kohad-7-300x199.webp 300w, https:\/\/d2p6e6u75xmxt8.cloudfront.net\/15\/2023\/07\/parimad-kohad-7-400x265.webp 400w\" sizes=\"auto, (max-width: 710px) 100vw, 710px\" \/><\/a><\/p>\n<p>Puy de D\u00f4me ei asu ei Alpides ega P\u00fcreneedes, vaid on noor vulkaan Prantsusmaa kesk- ja l\u00f5unaosas paiknevas Keskmassiivis.Tour de France\u2019il roniti sinna esimest korda aastal 1952 ning seda on tuuril v\u00f5etud ainult 13 korda. 2023. aastal on Puy taas kavas esimest korda viimase 35 aasta jooksul ning seal asub 9. etapi fini\u0161. 13,3 kilomeetri pikkuse t\u00f5usu keskmine kaldenurk on 7,7%, viimasel 4,5 kilomeetril aga ligi 12%. Seda eelistati tuntumatele t\u00f5usudele \u2013 Col du Galibier, Col de la Madeleine ja Col d\u2019Aubisque, kui nimetada vaid kolme \u2013 12. juulil 1964 toimunud etapi p\u00e4rast, mis kujunes<a href=\"https:\/\/www.welovecycling.com\/wide\/2020\/09\/18\/a-legendary-battle-of-the-1964-tour-de-france-jacques-anquetil-vs-poulidor\/\"> \u00fcheks meeldej\u00e4\u00e4vamaks duelliks Touri ajaloo k\u00f5ige eepilisemas vastasseisus<\/a> Jacques Anquetili ja Raymond Poulidori vahel.<\/p>\n<p>K\u00fclmavereline ja enesesset\u00f5mbunud Anquetil oli juba neljakordne Touri v\u00f5itja ning kandis 20. etapi alguses kollast s\u00e4rki, tema edu Poulidori ees oli 56 sekundit. Touril oli p\u00e4rast Puy t\u00f5usu kavas veel vaid kaks etappi, neist \u00fcks eraldistardist tempos\u00f5it, kus Monsieur Chrono h\u00fc\u00fcdnime all tuntud Anquetil oli suurfavoriit. L\u00fchidalt \u00f6eldes l\u00e4bisid mehed suurema osa t\u00f5usust koos, kuid v\u00e4hem kui kilomeeter enne fini\u0161it sattus Anquetil raskustesse ja Poulidor rebis otsustavalt ette. Kui Poulidor p\u00e4rast rohkem kui seitse tundi kestnud v\u00f5idus\u00f5itu fini\u0161ijoone \u00fcletas, turnis Anquetil ikka veel n\u00f5lvast \u00fcles.<\/p>\n<p>Fini\u0161ijoone \u00fcletamise j\u00e4rel uuris ta oma tiimijuhilt Rapha\u00ebl G\u00e9minianilt, kui palju 56-sekundilisest edust alles oli j\u00e4\u00e4nud. \u201eNeliteist sekundit,\u201c teatas G\u00e9miniani. \u201eSeda on kolmteist sekundit enam kui mul tarvis,\u201c vastas Anquetil \u2013 ja saavutaski esimesena viienda v\u00f5idu Touril. Poulidor aga on t\u00e4naseni tuntud kui parim rattur, kes pole kunagi Touri kollast s\u00e4rki kandnud, samuti on ta Mathieu van der Poeli vanaisa. 1964. aasta Touri 20. etappi aga peavad m\u00f5ned rattaspordiajaloolased <a href=\"https:\/\/web.stanford.edu\/~learnest\/cyclops\/tdf.64.html\">k\u00f5igi aegade parimaks jalgrattav\u00f5istluseks \u00fcldse<\/a>.<\/p>\n","protected":false},"excerpt":{"rendered":"<p>Lisaks kolmen\u00e4dalasele rattav\u00f5istlusele on Tour de France \u2013 nagu k\u00f5ik suurtuurid \u2013 ka tuur ehk ringreis selle s\u00f5na otseses m\u00f5ttes: [&hellip;]<\/p>\n","protected":false},"author":174,"featured_media":969,"comment_status":"open","ping_status":"open","sticky":false,"template":"","format":"standard","meta":{"footnotes":""},"categories":[39],"tags":[130,129,14],"global-categories":[22],"class_list":["post-953","post","type-post","status-publish","format-standard","has-post-thumbnail","hentry","category-maanteesoit","tag-20th-year-of-partnerhip","tag-le-tour","tag-tour-de-france","global-categories-cycling"],"yoast_head":"<!-- This site is optimized with the Yoast SEO Premium plugin v25.3 (Yoast SEO v25.9) - https:\/\/yoast.com\/wordpress\/plugins\/seo\/ -->\n<title>M\u00f5ned Tour de France\u2019i legendaarsed paigad - \u0160koda We Love Cycling - Estonia<\/title>\n<meta name=\"description\" content=\"Lisaks kolmen\u00e4dalasele rattav\u00f5istlusele on Tour de France \u2013 nagu k\u00f5ik suurtuurid \u2013 ka tuur ehk ringreis selle s\u00f5na otseses m\u00f5ttes: \u201ePikem reis, harilikult meelahutuse eesm\u00e4rgil, mille k\u00e4igus k\u00fclastatakse marsruudile j\u00e4\u00e4vaid huviv\u00e4\u00e4rsusi\u201c. See on t\u00f5epoolest m\u00f6\u00f6da kogu maad kulgev ringreis huvitavatesse kohtadesse, et neid n\u00e4ha. Kuid Touri kultuslikud paigad m\u00e4rgivad eelk\u00f5ige tema sportlikku ajalugu, seal kunagi aset leidnud draamasid.\" \/>\n<meta name=\"robots\" content=\"index, follow, max-snippet:-1, max-image-preview:large, max-video-preview:-1\" \/>\n<link rel=\"canonical\" href=\"https:\/\/www.welovecycling.com\/ee\/2023\/07\/03\/moned-tour-de-francei-legendaarsed-paigad\/\" \/>\n<meta property=\"og:locale\" content=\"et_EE\" \/>\n<meta property=\"og:type\" content=\"article\" \/>\n<meta property=\"og:title\" content=\"M\u00f5ned Tour de France\u2019i legendaarsed paigad\" \/>\n<meta property=\"og:description\" content=\"Lisaks kolmen\u00e4dalasele rattav\u00f5istlusele on Tour de France \u2013 nagu k\u00f5ik suurtuurid \u2013 ka tuur ehk ringreis selle s\u00f5na otseses m\u00f5ttes: \u201ePikem reis, harilikult meelahutuse eesm\u00e4rgil, mille k\u00e4igus k\u00fclastatakse marsruudile j\u00e4\u00e4vaid huviv\u00e4\u00e4rsusi\u201c. See on t\u00f5epoolest m\u00f6\u00f6da kogu maad kulgev ringreis huvitavatesse kohtadesse, et neid n\u00e4ha. Kuid Touri kultuslikud paigad m\u00e4rgivad eelk\u00f5ige tema sportlikku ajalugu, seal kunagi aset leidnud draamasid.\" \/>\n<meta property=\"og:url\" content=\"https:\/\/www.welovecycling.com\/ee\/2023\/07\/03\/moned-tour-de-francei-legendaarsed-paigad\/\" \/>\n<meta property=\"og:site_name\" content=\"\u0160koda We Love Cycling - Estonia\" \/>\n<meta property=\"article:published_time\" content=\"2023-07-03T12:36:45+00:00\" \/>\n<meta property=\"article:modified_time\" content=\"2023-07-05T11:32:57+00:00\" \/>\n<meta property=\"og:image\" content=\"https:\/\/d2p6e6u75xmxt8.cloudfront.net\/15\/2023\/07\/parimad-kohad1.webp\" \/>\n\t<meta property=\"og:image:width\" content=\"892\" \/>\n\t<meta property=\"og:image:height\" content=\"593\" \/>\n\t<meta property=\"og:image:type\" content=\"image\/webp\" \/>\n<meta name=\"author\" content=\"andre\" \/>\n<meta name=\"twitter:card\" content=\"summary_large_image\" \/>\n<meta name=\"twitter:label1\" content=\"Written by\" \/>\n\t<meta name=\"twitter:data1\" content=\"Matt Stephens\" \/>\n\t<meta name=\"twitter:label2\" content=\"Est. reading time\" \/>\n\t<meta name=\"twitter:data2\" content=\"5\" \/>\n<script type=\"application\/ld+json\" class=\"yoast-schema-graph\">{\"@context\":\"https:\/\/schema.org\",\"@graph\":[{\"@type\":\"WebPage\",\"@id\":\"https:\/\/www.welovecycling.com\/ee\/2023\/07\/03\/moned-tour-de-francei-legendaarsed-paigad\/\",\"url\":\"https:\/\/www.welovecycling.com\/ee\/2023\/07\/03\/moned-tour-de-francei-legendaarsed-paigad\/\",\"name\":\"M\u00f5ned Tour de France\u2019i legendaarsed paigad - \u0160koda We Love Cycling - Estonia\",\"isPartOf\":{\"@id\":\"https:\/\/www.welovecycling.com\/ee\/#website\"},\"primaryImageOfPage\":{\"@id\":\"https:\/\/www.welovecycling.com\/ee\/2023\/07\/03\/moned-tour-de-francei-legendaarsed-paigad\/#primaryimage\"},\"image\":{\"@id\":\"https:\/\/www.welovecycling.com\/ee\/2023\/07\/03\/moned-tour-de-francei-legendaarsed-paigad\/#primaryimage\"},\"thumbnailUrl\":\"https:\/\/d2p6e6u75xmxt8.cloudfront.net\/15\/2023\/07\/parimad-kohad1.webp\",\"datePublished\":\"2023-07-03T12:36:45+00:00\",\"dateModified\":\"2023-07-05T11:32:57+00:00\",\"author\":{\"@id\":\"https:\/\/www.welovecycling.com\/ee\/#\/schema\/person\/8b7101c4bd1b1ae9d3732ebb1e6caf57\"},\"description\":\"Lisaks kolmen\u00e4dalasele rattav\u00f5istlusele on Tour de France \u2013 nagu k\u00f5ik suurtuurid \u2013 ka tuur ehk ringreis selle s\u00f5na otseses m\u00f5ttes: \u201ePikem reis, harilikult meelahutuse eesm\u00e4rgil, mille k\u00e4igus k\u00fclastatakse marsruudile j\u00e4\u00e4vaid huviv\u00e4\u00e4rsusi\u201c. See on t\u00f5epoolest m\u00f6\u00f6da kogu maad kulgev ringreis huvitavatesse kohtadesse, et neid n\u00e4ha. Kuid Touri kultuslikud paigad m\u00e4rgivad eelk\u00f5ige tema sportlikku ajalugu, seal kunagi aset leidnud draamasid.\",\"inLanguage\":\"et\",\"potentialAction\":[{\"@type\":\"ReadAction\",\"target\":[\"https:\/\/www.welovecycling.com\/ee\/2023\/07\/03\/moned-tour-de-francei-legendaarsed-paigad\/\"]}]},{\"@type\":\"ImageObject\",\"inLanguage\":\"et\",\"@id\":\"https:\/\/www.welovecycling.com\/ee\/2023\/07\/03\/moned-tour-de-francei-legendaarsed-paigad\/#primaryimage\",\"url\":\"https:\/\/d2p6e6u75xmxt8.cloudfront.net\/15\/2023\/07\/parimad-kohad1.webp\",\"contentUrl\":\"https:\/\/d2p6e6u75xmxt8.cloudfront.net\/15\/2023\/07\/parimad-kohad1.webp\",\"width\":892,\"height\":593},{\"@type\":\"WebSite\",\"@id\":\"https:\/\/www.welovecycling.com\/ee\/#website\",\"url\":\"https:\/\/www.welovecycling.com\/ee\/\",\"name\":\"\u0160koda We Love Cycling - Estonia\",\"description\":\"\",\"potentialAction\":[{\"@type\":\"SearchAction\",\"target\":{\"@type\":\"EntryPoint\",\"urlTemplate\":\"https:\/\/www.welovecycling.com\/ee\/?s={search_term_string}\"},\"query-input\":{\"@type\":\"PropertyValueSpecification\",\"valueRequired\":true,\"valueName\":\"search_term_string\"}}],\"inLanguage\":\"et\"},{\"@type\":\"Person\",\"@id\":\"https:\/\/www.welovecycling.com\/ee\/#\/schema\/person\/8b7101c4bd1b1ae9d3732ebb1e6caf57\",\"name\":\"andre\",\"image\":{\"@type\":\"ImageObject\",\"inLanguage\":\"et\",\"@id\":\"https:\/\/www.welovecycling.com\/ee\/#\/schema\/person\/image\/\",\"url\":\"https:\/\/secure.gravatar.com\/avatar\/0656b3224fe17b018f43b8a562625dd43d30827f027b2f62bc5a05711fec9a61?s=96&d=mm&r=g\",\"contentUrl\":\"https:\/\/secure.gravatar.com\/avatar\/0656b3224fe17b018f43b8a562625dd43d30827f027b2f62bc5a05711fec9a61?s=96&d=mm&r=g\",\"caption\":\"andre\"},\"url\":\"https:\/\/www.welovecycling.com\/ee\/author\/andre\/\"}]}<\/script>\n<!-- \/ Yoast SEO Premium plugin. -->","yoast_head_json":{"title":"M\u00f5ned Tour de France\u2019i legendaarsed paigad - \u0160koda We Love Cycling - Estonia","description":"Lisaks kolmen\u00e4dalasele rattav\u00f5istlusele on Tour de France \u2013 nagu k\u00f5ik suurtuurid \u2013 ka tuur ehk ringreis selle s\u00f5na otseses m\u00f5ttes: \u201ePikem reis, harilikult meelahutuse eesm\u00e4rgil, mille k\u00e4igus k\u00fclastatakse marsruudile j\u00e4\u00e4vaid huviv\u00e4\u00e4rsusi\u201c. See on t\u00f5epoolest m\u00f6\u00f6da kogu maad kulgev ringreis huvitavatesse kohtadesse, et neid n\u00e4ha. Kuid Touri kultuslikud paigad m\u00e4rgivad eelk\u00f5ige tema sportlikku ajalugu, seal kunagi aset leidnud draamasid.","robots":{"index":"index","follow":"follow","max-snippet":"max-snippet:-1","max-image-preview":"max-image-preview:large","max-video-preview":"max-video-preview:-1"},"canonical":"https:\/\/www.welovecycling.com\/ee\/2023\/07\/03\/moned-tour-de-francei-legendaarsed-paigad\/","og_locale":"et_EE","og_type":"article","og_title":"M\u00f5ned Tour de France\u2019i legendaarsed paigad","og_description":"Lisaks kolmen\u00e4dalasele rattav\u00f5istlusele on Tour de France \u2013 nagu k\u00f5ik suurtuurid \u2013 ka tuur ehk ringreis selle s\u00f5na otseses m\u00f5ttes: \u201ePikem reis, harilikult meelahutuse eesm\u00e4rgil, mille k\u00e4igus k\u00fclastatakse marsruudile j\u00e4\u00e4vaid huviv\u00e4\u00e4rsusi\u201c. See on t\u00f5epoolest m\u00f6\u00f6da kogu maad kulgev ringreis huvitavatesse kohtadesse, et neid n\u00e4ha. Kuid Touri kultuslikud paigad m\u00e4rgivad eelk\u00f5ige tema sportlikku ajalugu, seal kunagi aset leidnud draamasid.","og_url":"https:\/\/www.welovecycling.com\/ee\/2023\/07\/03\/moned-tour-de-francei-legendaarsed-paigad\/","og_site_name":"\u0160koda We Love Cycling - Estonia","article_published_time":"2023-07-03T12:36:45+00:00","article_modified_time":"2023-07-05T11:32:57+00:00","og_image":[{"width":892,"height":593,"url":"https:\/\/d2p6e6u75xmxt8.cloudfront.net\/15\/2023\/07\/parimad-kohad1.webp","type":"image\/webp"}],"author":"andre","twitter_card":"summary_large_image","twitter_misc":{"Written by":"Matt Stephens","Est. reading time":"5"},"schema":{"@context":"https:\/\/schema.org","@graph":[{"@type":"WebPage","@id":"https:\/\/www.welovecycling.com\/ee\/2023\/07\/03\/moned-tour-de-francei-legendaarsed-paigad\/","url":"https:\/\/www.welovecycling.com\/ee\/2023\/07\/03\/moned-tour-de-francei-legendaarsed-paigad\/","name":"M\u00f5ned Tour de France\u2019i legendaarsed paigad - \u0160koda We Love Cycling - Estonia","isPartOf":{"@id":"https:\/\/www.welovecycling.com\/ee\/#website"},"primaryImageOfPage":{"@id":"https:\/\/www.welovecycling.com\/ee\/2023\/07\/03\/moned-tour-de-francei-legendaarsed-paigad\/#primaryimage"},"image":{"@id":"https:\/\/www.welovecycling.com\/ee\/2023\/07\/03\/moned-tour-de-francei-legendaarsed-paigad\/#primaryimage"},"thumbnailUrl":"https:\/\/d2p6e6u75xmxt8.cloudfront.net\/15\/2023\/07\/parimad-kohad1.webp","datePublished":"2023-07-03T12:36:45+00:00","dateModified":"2023-07-05T11:32:57+00:00","author":{"@id":"https:\/\/www.welovecycling.com\/ee\/#\/schema\/person\/8b7101c4bd1b1ae9d3732ebb1e6caf57"},"description":"Lisaks kolmen\u00e4dalasele rattav\u00f5istlusele on Tour de France \u2013 nagu k\u00f5ik suurtuurid \u2013 ka tuur ehk ringreis selle s\u00f5na otseses m\u00f5ttes: \u201ePikem reis, harilikult meelahutuse eesm\u00e4rgil, mille k\u00e4igus k\u00fclastatakse marsruudile j\u00e4\u00e4vaid huviv\u00e4\u00e4rsusi\u201c. See on t\u00f5epoolest m\u00f6\u00f6da kogu maad kulgev ringreis huvitavatesse kohtadesse, et neid n\u00e4ha. Kuid Touri kultuslikud paigad m\u00e4rgivad eelk\u00f5ige tema sportlikku ajalugu, seal kunagi aset leidnud draamasid.","inLanguage":"et","potentialAction":[{"@type":"ReadAction","target":["https:\/\/www.welovecycling.com\/ee\/2023\/07\/03\/moned-tour-de-francei-legendaarsed-paigad\/"]}]},{"@type":"ImageObject","inLanguage":"et","@id":"https:\/\/www.welovecycling.com\/ee\/2023\/07\/03\/moned-tour-de-francei-legendaarsed-paigad\/#primaryimage","url":"https:\/\/d2p6e6u75xmxt8.cloudfront.net\/15\/2023\/07\/parimad-kohad1.webp","contentUrl":"https:\/\/d2p6e6u75xmxt8.cloudfront.net\/15\/2023\/07\/parimad-kohad1.webp","width":892,"height":593},{"@type":"WebSite","@id":"https:\/\/www.welovecycling.com\/ee\/#website","url":"https:\/\/www.welovecycling.com\/ee\/","name":"\u0160koda We Love Cycling - Estonia","description":"","potentialAction":[{"@type":"SearchAction","target":{"@type":"EntryPoint","urlTemplate":"https:\/\/www.welovecycling.com\/ee\/?s={search_term_string}"},"query-input":{"@type":"PropertyValueSpecification","valueRequired":true,"valueName":"search_term_string"}}],"inLanguage":"et"},{"@type":"Person","@id":"https:\/\/www.welovecycling.com\/ee\/#\/schema\/person\/8b7101c4bd1b1ae9d3732ebb1e6caf57","name":"andre","image":{"@type":"ImageObject","inLanguage":"et","@id":"https:\/\/www.welovecycling.com\/ee\/#\/schema\/person\/image\/","url":"https:\/\/secure.gravatar.com\/avatar\/0656b3224fe17b018f43b8a562625dd43d30827f027b2f62bc5a05711fec9a61?s=96&d=mm&r=g","contentUrl":"https:\/\/secure.gravatar.com\/avatar\/0656b3224fe17b018f43b8a562625dd43d30827f027b2f62bc5a05711fec9a61?s=96&d=mm&r=g","caption":"andre"},"url":"https:\/\/www.welovecycling.com\/ee\/author\/andre\/"}]}},"_links":{"self":[{"href":"https:\/\/www.welovecycling.com\/ee\/wp-json\/wp\/v2\/posts\/953","targetHints":{"allow":["GET"]}}],"collection":[{"href":"https:\/\/www.welovecycling.com\/ee\/wp-json\/wp\/v2\/posts"}],"about":[{"href":"https:\/\/www.welovecycling.com\/ee\/wp-json\/wp\/v2\/types\/post"}],"author":[{"embeddable":true,"href":"https:\/\/www.welovecycling.com\/ee\/wp-json\/wp\/v2\/users\/174"}],"replies":[{"embeddable":true,"href":"https:\/\/www.welovecycling.com\/ee\/wp-json\/wp\/v2\/comments?post=953"}],"version-history":[{"count":3,"href":"https:\/\/www.welovecycling.com\/ee\/wp-json\/wp\/v2\/posts\/953\/revisions"}],"predecessor-version":[{"id":973,"href":"https:\/\/www.welovecycling.com\/ee\/wp-json\/wp\/v2\/posts\/953\/revisions\/973"}],"wp:featuredmedia":[{"embeddable":true,"href":"https:\/\/www.welovecycling.com\/ee\/wp-json\/wp\/v2\/media\/969"}],"wp:attachment":[{"href":"https:\/\/www.welovecycling.com\/ee\/wp-json\/wp\/v2\/media?parent=953"}],"wp:term":[{"taxonomy":"category","embeddable":true,"href":"https:\/\/www.welovecycling.com\/ee\/wp-json\/wp\/v2\/categories?post=953"},{"taxonomy":"post_tag","embeddable":true,"href":"https:\/\/www.welovecycling.com\/ee\/wp-json\/wp\/v2\/tags?post=953"},{"taxonomy":"global-categories","embeddable":true,"href":"https:\/\/www.welovecycling.com\/ee\/wp-json\/wp\/v2\/global-categories?post=953"}],"curies":[{"name":"wp","href":"https:\/\/api.w.org\/{rel}","templated":true}]}}