{"id":903,"date":"2023-08-11T10:09:13","date_gmt":"2023-08-11T10:09:13","guid":{"rendered":"https:\/\/www.welovecycling.com\/ee\/?p=903"},"modified":"2023-08-11T10:09:32","modified_gmt":"2023-08-11T10:09:32","slug":"kuidas-kavandada-esimest-kogupere-rattasoitu","status":"publish","type":"post","link":"https:\/\/www.welovecycling.com\/ee\/2023\/08\/11\/kuidas-kavandada-esimest-kogupere-rattasoitu\/","title":{"rendered":"Kuidas kavandada esimest kogupere-rattas\u00f5itu"},"content":{"rendered":"<p><b>Rattas\u00f5it kogu perega pakub suurep\u00e4rast v\u00f5imalust tugevdada peresidemeid, arendada armastust vaba\u00f5hutegevuste vastu ja parandada f\u00fc\u00fcsilist vormi. Esimese kogupere-rattas\u00f5idu kavandamine v\u00f5ib tunduda ilmv\u00f5imatu, eriti kui sul on v\u00e4ikesed lapsed, ent \u00f5ige ettevalmistuse korral v\u00f5ib see olla rahuldust pakkuv ja meeldivaid elamusi t\u00e4is kogemus. Siinne artikkel vaatab \u00fcle p\u00f5hipunktid tagamaks, et su pere esimene jalgratastel v\u00e4ljas\u00f5it kujuneks m\u00e4lestusv\u00e4\u00e4rseks.<\/b><\/p>\n<h2><span style=\"font-weight: 400;\">\u00d5ige varustus<\/span><\/h2>\n<p><span style=\"font-weight: 400;\">Sinu esimene samm peab olema \u00f5ige varustuse soetamine. Igal pereliikmel peab olema ratas, mis sobib tema keham\u00f5\u00f5tmete ja vilumusega. K\u00f5ige v\u00e4iksematele sobib j\u00e4releveetav k\u00e4ru v\u00f5i <\/span><i><span style=\"font-weight: 400;\">tag-along<\/span><\/i><span style=\"font-weight: 400;\"> \u2013 tagumisele pakiraamile kinnitatav laste tandemratas. Kiivrid on k\u00f5igile kohustuslikud. V\u00f5id kaaluda ka mugavat rattariietust nagu polsterdatud rattap\u00fcksid, s\u00f5idukindad ja asjakohased jalatsid. V\u00e4ike t\u00f6\u00f6riistakomplekt ootamatute rattarikete tarvis on samuti m\u00f5istlik kaasa v\u00f5tta.<\/span><\/p>\n<h2><span style=\"font-weight: 400;\">Marsruudi valik<\/span><\/h2>\n<p><span style=\"font-weight: 400;\">Esimese kogupere-rattas\u00f5idu marsruudi valik peab eelk\u00f5ige arvestama k\u00f5ige v\u00e4hem kogenud ratturi v\u00f5imeid. Vali marsruut, mis poleks liiga pikk ega raske ning kus saab teha arvukalt peatusi puhkamiseks ning s\u00f6\u00f6miseks-joomiseks. Kaalu selliseid teid, kus liiklus on minimaalne \u2013 pargiteed, kergliiklusteed v\u00f5i ka v\u00e4hese liiklusega maanteed.<\/span><\/p>\n<h2><span style=\"font-weight: 400;\">Pauside pidamine<\/span><\/h2>\n<p><span style=\"font-weight: 400;\">Pea meeles, et see s\u00f5it on m\u00f5eldud eelk\u00f5ige \u00fchiste meeldivate elamuste nautimiseks, mitte v\u00f5imalikult pika distantsi l\u00e4bimiseks. Seep\u00e4rast kavandagi rohkelt peatusi l\u00f5\u00f5gastumiseks ja \u00fcmbrusega tutvumiseks. Need pausid annavad lastele m\u00e4nguaega ja t\u00e4iskasvanutele puhkeaega. V\u00f5ta kaasa toidupakk ja leia m\u00f5ni maaliline koht, kus perega piknik maha pidada.<\/span><\/p>\n<h2><span style=\"font-weight: 400;\">Muutlik ilm<\/span><\/h2>\n<p><span style=\"font-weight: 400;\">J\u00e4lgi kavandatava v\u00e4ljas\u00f5idu aja kohta k\u00e4ivat ilmaennustust. \u00d5peta lastele, kui t\u00e4htis on ilmaga sobiva riietuse kandmine. K\u00fclmema ilma puhul on oluline kihiline riietus, soojema ilmaga on aga ideaalsed kerge ja hingavad r\u00f5ivad. S\u00f5ltumata ilmast kasuta alati p\u00e4ikesekreemi, kanna p\u00e4ikeseprille ning paha pole kaasa v\u00f5tta ka kerged vihmariided ootamatu sajuhoo puhuks.<\/span><\/p>\n<p><iframe loading=\"lazy\" title=\"YouTube video player\" src=\"https:\/\/www.youtube-nocookie.com\/embed\/9uR9bUTpfMo\" width=\"560\" height=\"315\" frameborder=\"0\" allowfullscreen=\"allowfullscreen\"><\/iframe><\/p>\n<h2><span style=\"font-weight: 400;\">Turvalisus ennek\u00f5ike<\/span><\/h2>\n<p><span style=\"font-weight: 400;\">Turvalisus peab olema sinu absoluutne eelistus. Enne teeleasumist r\u00e4\u00e4gi lastega liiklusohutusest, grupina koos p\u00fcsimise t\u00e4htsusest ja tegutsemisest v\u00f5imaliku h\u00e4daolukorra puhul. Veendu, et k\u00f5ik oskaksid s\u00f5ites suunda n\u00e4idata ja teaksid rattas\u00f5idu etiketi p\u00f5hit\u00f5desid.<\/span><\/p>\n<h2><span style=\"font-weight: 400;\">Mida kaasa v\u00f5tta?<\/span><\/h2>\n<p><span style=\"font-weight: 400;\">Rattareisiks asju pakkides tuleb kindlasti kaasa v\u00f5tta joogivett, kaloririkkaid suupisteid, esmaabipakk ja vast ka \u00fcmbruskonna kaart. Kui igale ratturile anda v\u00e4ike seljakott, saab kogu kraami \u00fchtlaselt laiali jagada ja iga\u00fcks saab oma \u00fclesande.<\/span><\/p>\n<h2><span style=\"font-weight: 400;\">M\u00e4lestuste j\u00e4\u00e4dvustamine<\/span><\/h2>\n<p><span style=\"font-weight: 400;\">Ja l\u00f5puks \u00e4ra unusta ka reisim\u00e4lestuste j\u00e4\u00e4dvustamist. V\u00f5ta kaasa v\u00e4ike digikaamera v\u00f5i kasuta nutitelefoni oma pereseikluse talletamiseks fotodel ja videotel. Need j\u00e4\u00e4vad alatiseks meenutama esimest unustamatut rattas\u00f5itu kogu perega.<\/span><\/p>\n<p><span style=\"font-weight: 400;\">Esimese kogupere-rattas\u00f5idu kavandamine v\u00f5ib n\u00f5uda pisut pingutamist, kuid tasub end igal juhul \u00e4ra. Sellega lood \u00fchiseid m\u00e4lestusi, mida su pereliikmed kannavad s\u00fcdames veel aastaid hiljemgi \u2013 olgu need \u00fchised naljad v\u00f5i eesm\u00e4rgi saavutamise tunne s\u00f5idu j\u00e4rel. Pea meeles, et siht pole marsruudi v\u00f5imalikult kiire l\u00e4bimine, vaid v\u00e4ljas\u00f5idu \u00fcheskoos nautimine. Nii et hakka aga kavandama, \u00e4ra pinguta \u00fcle ning hoolitse, et su pere rattaseiklus kujuneks r\u00f5\u00f5murohkeks.<\/span><\/p>\n","protected":false},"excerpt":{"rendered":"<p>Rattas\u00f5it kogu perega pakub suurep\u00e4rast v\u00f5imalust tugevdada peresidemeid, arendada armastust vaba\u00f5hutegevuste vastu ja parandada f\u00fc\u00fcsilist vormi. Esimese kogupere-rattas\u00f5idu kavandamine v\u00f5ib [&hellip;]<\/p>\n","protected":false},"author":174,"featured_media":1235,"comment_status":"open","ping_status":"open","sticky":false,"template":"","format":"standard","meta":{"footnotes":""},"categories":[9],"tags":[],"global-categories":[22],"class_list":["post-903","post","type-post","status-publish","format-standard","has-post-thumbnail","hentry","category-perekond","global-categories-cycling"],"yoast_head":"<!-- This site is optimized with the Yoast SEO Premium plugin v25.3 (Yoast SEO v25.9) - https:\/\/yoast.com\/wordpress\/plugins\/seo\/ -->\n<title>Kuidas kavandada esimest kogupere-rattas\u00f5itu - \u0160koda We Love Cycling - Estonia<\/title>\n<meta name=\"description\" content=\"Rattas\u00f5it kogu perega pakub suurep\u00e4rast v\u00f5imalust tugevdada peresidemeid, arendada armastust vaba\u00f5hutegevuste vastu ja parandada f\u00fc\u00fcsilist vormi. Esimese kogupere-rattas\u00f5idu kavandamine v\u00f5ib tunduda ilmv\u00f5imatu, eriti kui sul on v\u00e4ikesed lapsed, ent \u00f5ige ettevalmistuse korral v\u00f5ib see olla rahuldust pakkuv ja meeldivaid elamusi t\u00e4is kogemus. Siinne artikkel vaatab \u00fcle p\u00f5hipunktid tagamaks, et su pere esimene jalgratastel v\u00e4ljas\u00f5it kujuneks m\u00e4lestusv\u00e4\u00e4rseks.\" \/>\n<meta name=\"robots\" content=\"index, follow, max-snippet:-1, max-image-preview:large, max-video-preview:-1\" \/>\n<link rel=\"canonical\" href=\"https:\/\/www.welovecycling.com\/ee\/2023\/08\/11\/kuidas-kavandada-esimest-kogupere-rattasoitu\/\" \/>\n<meta property=\"og:locale\" content=\"et_EE\" \/>\n<meta property=\"og:type\" content=\"article\" \/>\n<meta property=\"og:title\" content=\"Kuidas kavandada esimest kogupere-rattas\u00f5itu\" \/>\n<meta property=\"og:description\" content=\"Rattas\u00f5it kogu perega pakub suurep\u00e4rast v\u00f5imalust tugevdada peresidemeid, arendada armastust vaba\u00f5hutegevuste vastu ja parandada f\u00fc\u00fcsilist vormi. Esimese kogupere-rattas\u00f5idu kavandamine v\u00f5ib tunduda ilmv\u00f5imatu, eriti kui sul on v\u00e4ikesed lapsed, ent \u00f5ige ettevalmistuse korral v\u00f5ib see olla rahuldust pakkuv ja meeldivaid elamusi t\u00e4is kogemus. Siinne artikkel vaatab \u00fcle p\u00f5hipunktid tagamaks, et su pere esimene jalgratastel v\u00e4ljas\u00f5it kujuneks m\u00e4lestusv\u00e4\u00e4rseks.\" \/>\n<meta property=\"og:url\" content=\"https:\/\/www.welovecycling.com\/ee\/2023\/08\/11\/kuidas-kavandada-esimest-kogupere-rattasoitu\/\" \/>\n<meta property=\"og:site_name\" content=\"\u0160koda We Love Cycling - Estonia\" \/>\n<meta property=\"article:published_time\" content=\"2023-08-11T10:09:13+00:00\" \/>\n<meta property=\"article:modified_time\" content=\"2023-08-11T10:09:32+00:00\" \/>\n<meta property=\"og:image\" content=\"https:\/\/d2p6e6u75xmxt8.cloudfront.net\/15\/2023\/08\/pere1.webp\" \/>\n\t<meta property=\"og:image:width\" content=\"988\" \/>\n\t<meta property=\"og:image:height\" content=\"652\" \/>\n\t<meta property=\"og:image:type\" content=\"image\/webp\" \/>\n<meta name=\"author\" content=\"andre\" \/>\n<meta name=\"twitter:card\" content=\"summary_large_image\" \/>\n<meta name=\"twitter:label1\" content=\"Written by\" \/>\n\t<meta name=\"twitter:data1\" content=\"We Love Cycling\" \/>\n\t<meta name=\"twitter:label2\" content=\"Est. reading time\" \/>\n\t<meta name=\"twitter:data2\" content=\"4\" \/>\n<script type=\"application\/ld+json\" class=\"yoast-schema-graph\">{\"@context\":\"https:\/\/schema.org\",\"@graph\":[{\"@type\":\"WebPage\",\"@id\":\"https:\/\/www.welovecycling.com\/ee\/2023\/08\/11\/kuidas-kavandada-esimest-kogupere-rattasoitu\/\",\"url\":\"https:\/\/www.welovecycling.com\/ee\/2023\/08\/11\/kuidas-kavandada-esimest-kogupere-rattasoitu\/\",\"name\":\"Kuidas kavandada esimest kogupere-rattas\u00f5itu - \u0160koda We Love Cycling - Estonia\",\"isPartOf\":{\"@id\":\"https:\/\/www.welovecycling.com\/ee\/#website\"},\"primaryImageOfPage\":{\"@id\":\"https:\/\/www.welovecycling.com\/ee\/2023\/08\/11\/kuidas-kavandada-esimest-kogupere-rattasoitu\/#primaryimage\"},\"image\":{\"@id\":\"https:\/\/www.welovecycling.com\/ee\/2023\/08\/11\/kuidas-kavandada-esimest-kogupere-rattasoitu\/#primaryimage\"},\"thumbnailUrl\":\"https:\/\/d2p6e6u75xmxt8.cloudfront.net\/15\/2023\/08\/pere1.webp\",\"datePublished\":\"2023-08-11T10:09:13+00:00\",\"dateModified\":\"2023-08-11T10:09:32+00:00\",\"author\":{\"@id\":\"https:\/\/www.welovecycling.com\/ee\/#\/schema\/person\/8b7101c4bd1b1ae9d3732ebb1e6caf57\"},\"description\":\"Rattas\u00f5it kogu perega pakub suurep\u00e4rast v\u00f5imalust tugevdada peresidemeid, arendada armastust vaba\u00f5hutegevuste vastu ja parandada f\u00fc\u00fcsilist vormi. Esimese kogupere-rattas\u00f5idu kavandamine v\u00f5ib tunduda ilmv\u00f5imatu, eriti kui sul on v\u00e4ikesed lapsed, ent \u00f5ige ettevalmistuse korral v\u00f5ib see olla rahuldust pakkuv ja meeldivaid elamusi t\u00e4is kogemus. Siinne artikkel vaatab \u00fcle p\u00f5hipunktid tagamaks, et su pere esimene jalgratastel v\u00e4ljas\u00f5it kujuneks m\u00e4lestusv\u00e4\u00e4rseks.\",\"inLanguage\":\"et\",\"potentialAction\":[{\"@type\":\"ReadAction\",\"target\":[\"https:\/\/www.welovecycling.com\/ee\/2023\/08\/11\/kuidas-kavandada-esimest-kogupere-rattasoitu\/\"]}]},{\"@type\":\"ImageObject\",\"inLanguage\":\"et\",\"@id\":\"https:\/\/www.welovecycling.com\/ee\/2023\/08\/11\/kuidas-kavandada-esimest-kogupere-rattasoitu\/#primaryimage\",\"url\":\"https:\/\/d2p6e6u75xmxt8.cloudfront.net\/15\/2023\/08\/pere1.webp\",\"contentUrl\":\"https:\/\/d2p6e6u75xmxt8.cloudfront.net\/15\/2023\/08\/pere1.webp\",\"width\":988,\"height\":652},{\"@type\":\"WebSite\",\"@id\":\"https:\/\/www.welovecycling.com\/ee\/#website\",\"url\":\"https:\/\/www.welovecycling.com\/ee\/\",\"name\":\"\u0160koda We Love Cycling - Estonia\",\"description\":\"\",\"potentialAction\":[{\"@type\":\"SearchAction\",\"target\":{\"@type\":\"EntryPoint\",\"urlTemplate\":\"https:\/\/www.welovecycling.com\/ee\/?s={search_term_string}\"},\"query-input\":{\"@type\":\"PropertyValueSpecification\",\"valueRequired\":true,\"valueName\":\"search_term_string\"}}],\"inLanguage\":\"et\"},{\"@type\":\"Person\",\"@id\":\"https:\/\/www.welovecycling.com\/ee\/#\/schema\/person\/8b7101c4bd1b1ae9d3732ebb1e6caf57\",\"name\":\"andre\",\"image\":{\"@type\":\"ImageObject\",\"inLanguage\":\"et\",\"@id\":\"https:\/\/www.welovecycling.com\/ee\/#\/schema\/person\/image\/\",\"url\":\"https:\/\/secure.gravatar.com\/avatar\/0656b3224fe17b018f43b8a562625dd43d30827f027b2f62bc5a05711fec9a61?s=96&d=mm&r=g\",\"contentUrl\":\"https:\/\/secure.gravatar.com\/avatar\/0656b3224fe17b018f43b8a562625dd43d30827f027b2f62bc5a05711fec9a61?s=96&d=mm&r=g\",\"caption\":\"andre\"},\"url\":\"https:\/\/www.welovecycling.com\/ee\/author\/andre\/\"}]}<\/script>\n<!-- \/ Yoast SEO Premium plugin. -->","yoast_head_json":{"title":"Kuidas kavandada esimest kogupere-rattas\u00f5itu - \u0160koda We Love Cycling - Estonia","description":"Rattas\u00f5it kogu perega pakub suurep\u00e4rast v\u00f5imalust tugevdada peresidemeid, arendada armastust vaba\u00f5hutegevuste vastu ja parandada f\u00fc\u00fcsilist vormi. Esimese kogupere-rattas\u00f5idu kavandamine v\u00f5ib tunduda ilmv\u00f5imatu, eriti kui sul on v\u00e4ikesed lapsed, ent \u00f5ige ettevalmistuse korral v\u00f5ib see olla rahuldust pakkuv ja meeldivaid elamusi t\u00e4is kogemus. Siinne artikkel vaatab \u00fcle p\u00f5hipunktid tagamaks, et su pere esimene jalgratastel v\u00e4ljas\u00f5it kujuneks m\u00e4lestusv\u00e4\u00e4rseks.","robots":{"index":"index","follow":"follow","max-snippet":"max-snippet:-1","max-image-preview":"max-image-preview:large","max-video-preview":"max-video-preview:-1"},"canonical":"https:\/\/www.welovecycling.com\/ee\/2023\/08\/11\/kuidas-kavandada-esimest-kogupere-rattasoitu\/","og_locale":"et_EE","og_type":"article","og_title":"Kuidas kavandada esimest kogupere-rattas\u00f5itu","og_description":"Rattas\u00f5it kogu perega pakub suurep\u00e4rast v\u00f5imalust tugevdada peresidemeid, arendada armastust vaba\u00f5hutegevuste vastu ja parandada f\u00fc\u00fcsilist vormi. Esimese kogupere-rattas\u00f5idu kavandamine v\u00f5ib tunduda ilmv\u00f5imatu, eriti kui sul on v\u00e4ikesed lapsed, ent \u00f5ige ettevalmistuse korral v\u00f5ib see olla rahuldust pakkuv ja meeldivaid elamusi t\u00e4is kogemus. Siinne artikkel vaatab \u00fcle p\u00f5hipunktid tagamaks, et su pere esimene jalgratastel v\u00e4ljas\u00f5it kujuneks m\u00e4lestusv\u00e4\u00e4rseks.","og_url":"https:\/\/www.welovecycling.com\/ee\/2023\/08\/11\/kuidas-kavandada-esimest-kogupere-rattasoitu\/","og_site_name":"\u0160koda We Love Cycling - Estonia","article_published_time":"2023-08-11T10:09:13+00:00","article_modified_time":"2023-08-11T10:09:32+00:00","og_image":[{"width":988,"height":652,"url":"https:\/\/d2p6e6u75xmxt8.cloudfront.net\/15\/2023\/08\/pere1.webp","type":"image\/webp"}],"author":"andre","twitter_card":"summary_large_image","twitter_misc":{"Written by":"We Love Cycling","Est. reading time":"4"},"schema":{"@context":"https:\/\/schema.org","@graph":[{"@type":"WebPage","@id":"https:\/\/www.welovecycling.com\/ee\/2023\/08\/11\/kuidas-kavandada-esimest-kogupere-rattasoitu\/","url":"https:\/\/www.welovecycling.com\/ee\/2023\/08\/11\/kuidas-kavandada-esimest-kogupere-rattasoitu\/","name":"Kuidas kavandada esimest kogupere-rattas\u00f5itu - \u0160koda We Love Cycling - Estonia","isPartOf":{"@id":"https:\/\/www.welovecycling.com\/ee\/#website"},"primaryImageOfPage":{"@id":"https:\/\/www.welovecycling.com\/ee\/2023\/08\/11\/kuidas-kavandada-esimest-kogupere-rattasoitu\/#primaryimage"},"image":{"@id":"https:\/\/www.welovecycling.com\/ee\/2023\/08\/11\/kuidas-kavandada-esimest-kogupere-rattasoitu\/#primaryimage"},"thumbnailUrl":"https:\/\/d2p6e6u75xmxt8.cloudfront.net\/15\/2023\/08\/pere1.webp","datePublished":"2023-08-11T10:09:13+00:00","dateModified":"2023-08-11T10:09:32+00:00","author":{"@id":"https:\/\/www.welovecycling.com\/ee\/#\/schema\/person\/8b7101c4bd1b1ae9d3732ebb1e6caf57"},"description":"Rattas\u00f5it kogu perega pakub suurep\u00e4rast v\u00f5imalust tugevdada peresidemeid, arendada armastust vaba\u00f5hutegevuste vastu ja parandada f\u00fc\u00fcsilist vormi. Esimese kogupere-rattas\u00f5idu kavandamine v\u00f5ib tunduda ilmv\u00f5imatu, eriti kui sul on v\u00e4ikesed lapsed, ent \u00f5ige ettevalmistuse korral v\u00f5ib see olla rahuldust pakkuv ja meeldivaid elamusi t\u00e4is kogemus. Siinne artikkel vaatab \u00fcle p\u00f5hipunktid tagamaks, et su pere esimene jalgratastel v\u00e4ljas\u00f5it kujuneks m\u00e4lestusv\u00e4\u00e4rseks.","inLanguage":"et","potentialAction":[{"@type":"ReadAction","target":["https:\/\/www.welovecycling.com\/ee\/2023\/08\/11\/kuidas-kavandada-esimest-kogupere-rattasoitu\/"]}]},{"@type":"ImageObject","inLanguage":"et","@id":"https:\/\/www.welovecycling.com\/ee\/2023\/08\/11\/kuidas-kavandada-esimest-kogupere-rattasoitu\/#primaryimage","url":"https:\/\/d2p6e6u75xmxt8.cloudfront.net\/15\/2023\/08\/pere1.webp","contentUrl":"https:\/\/d2p6e6u75xmxt8.cloudfront.net\/15\/2023\/08\/pere1.webp","width":988,"height":652},{"@type":"WebSite","@id":"https:\/\/www.welovecycling.com\/ee\/#website","url":"https:\/\/www.welovecycling.com\/ee\/","name":"\u0160koda We Love Cycling - Estonia","description":"","potentialAction":[{"@type":"SearchAction","target":{"@type":"EntryPoint","urlTemplate":"https:\/\/www.welovecycling.com\/ee\/?s={search_term_string}"},"query-input":{"@type":"PropertyValueSpecification","valueRequired":true,"valueName":"search_term_string"}}],"inLanguage":"et"},{"@type":"Person","@id":"https:\/\/www.welovecycling.com\/ee\/#\/schema\/person\/8b7101c4bd1b1ae9d3732ebb1e6caf57","name":"andre","image":{"@type":"ImageObject","inLanguage":"et","@id":"https:\/\/www.welovecycling.com\/ee\/#\/schema\/person\/image\/","url":"https:\/\/secure.gravatar.com\/avatar\/0656b3224fe17b018f43b8a562625dd43d30827f027b2f62bc5a05711fec9a61?s=96&d=mm&r=g","contentUrl":"https:\/\/secure.gravatar.com\/avatar\/0656b3224fe17b018f43b8a562625dd43d30827f027b2f62bc5a05711fec9a61?s=96&d=mm&r=g","caption":"andre"},"url":"https:\/\/www.welovecycling.com\/ee\/author\/andre\/"}]}},"_links":{"self":[{"href":"https:\/\/www.welovecycling.com\/ee\/wp-json\/wp\/v2\/posts\/903","targetHints":{"allow":["GET"]}}],"collection":[{"href":"https:\/\/www.welovecycling.com\/ee\/wp-json\/wp\/v2\/posts"}],"about":[{"href":"https:\/\/www.welovecycling.com\/ee\/wp-json\/wp\/v2\/types\/post"}],"author":[{"embeddable":true,"href":"https:\/\/www.welovecycling.com\/ee\/wp-json\/wp\/v2\/users\/174"}],"replies":[{"embeddable":true,"href":"https:\/\/www.welovecycling.com\/ee\/wp-json\/wp\/v2\/comments?post=903"}],"version-history":[{"count":3,"href":"https:\/\/www.welovecycling.com\/ee\/wp-json\/wp\/v2\/posts\/903\/revisions"}],"predecessor-version":[{"id":1237,"href":"https:\/\/www.welovecycling.com\/ee\/wp-json\/wp\/v2\/posts\/903\/revisions\/1237"}],"wp:featuredmedia":[{"embeddable":true,"href":"https:\/\/www.welovecycling.com\/ee\/wp-json\/wp\/v2\/media\/1235"}],"wp:attachment":[{"href":"https:\/\/www.welovecycling.com\/ee\/wp-json\/wp\/v2\/media?parent=903"}],"wp:term":[{"taxonomy":"category","embeddable":true,"href":"https:\/\/www.welovecycling.com\/ee\/wp-json\/wp\/v2\/categories?post=903"},{"taxonomy":"post_tag","embeddable":true,"href":"https:\/\/www.welovecycling.com\/ee\/wp-json\/wp\/v2\/tags?post=903"},{"taxonomy":"global-categories","embeddable":true,"href":"https:\/\/www.welovecycling.com\/ee\/wp-json\/wp\/v2\/global-categories?post=903"}],"curies":[{"name":"wp","href":"https:\/\/api.w.org\/{rel}","templated":true}]}}