{"id":892,"date":"2023-06-13T10:36:22","date_gmt":"2023-06-13T10:36:22","guid":{"rendered":"https:\/\/www.welovecycling.com\/ee\/?p=892"},"modified":"2023-06-13T10:36:22","modified_gmt":"2023-06-13T10:36:22","slug":"rattasoit-terve-perega-on-oluline-ja-vaat-miks","status":"publish","type":"post","link":"https:\/\/www.welovecycling.com\/ee\/2023\/06\/13\/rattasoit-terve-perega-on-oluline-ja-vaat-miks\/","title":{"rendered":"Rattas\u00f5it terve perega on oluline \u2013 ja vaat miks!"},"content":{"rendered":"<p><b>Rattas\u00f5it terve perega on tore ja haarav ettev\u00f5tmine, mis pakub hulgaliselt h\u00fcvesid nii iga\u00fchele eraldi kui ka tervele perele. Alates f\u00fc\u00fcsilise tervise ja vaimse heaolu parandamisest kuni omavaheliste suhete tugevdamise ja j\u00e4tkusuutliku k\u00e4itumise edendamiseni \u2013 rattas\u00f5itu terve pere osalusel ei maksa alahinnata.<\/b><\/p>\n<h4><strong>Laste parem f\u00fc\u00fcsiline tervis<\/strong><\/h4>\n<p><span style=\"font-weight: 400;\">Kerge jalgrattas\u00f5it on v\u00e4ikese koormusega aeroobne treening, mis aitab inimestel s\u00e4ilitada v\u00f5i parandada oma \u00fcldist f\u00fc\u00fcsilist vormi. Koguperetegevusena \u00f5hutab rattas\u00f5it k\u00f5iki regulaarselt treenima, mis v\u00f5ib tervisele mitmel moel h\u00e4sti m\u00f5juda. Eriti oluline on see lastele, sest v\u00f5ib m\u00e4rkimisv\u00e4\u00e4rselt m\u00f5jutada nende kasvamist, arengut ja tulevast tervist. M\u00f5ned p\u00f5hilised h\u00fcved lastele:<\/span><\/p>\n<p><strong>Tugevate lihaste ja luude arendamine<\/strong><span style=\"font-weight: 400;\"><strong>:<\/strong> rattas\u00f5it aitab arendada lihaste tugevust ja luude tihedust, andes tugeva aluse lapse kasvamisele.<\/span><\/p>\n<p><strong>Tervisliku kaalu s\u00e4ilitamine<\/strong><span style=\"font-weight: 400;\"><strong>:<\/strong> regulaarne rattas\u00f5it v\u00f5ib aidata \u00e4ra hoida laste \u00fclekaalulisust ning v\u00e4hendada sellest tingitud terviseprobleeme vanemas eas.<\/span><\/p>\n<p><strong>S\u00fcdame ja veresoonkonna tugevdamine<\/strong><span style=\"font-weight: 400;\"><strong>:<\/strong> rattas\u00f5it tugevdab s\u00fcdant ja kopse, parandades vereringet ja hingamistegevust.<\/span><\/p>\n<p><span style=\"font-weight: 400;\">Motoorsete oskuste arendamine<\/span><span style=\"font-weight: 400;\">: rattas\u00f5it n\u00f5uab koordinatsiooni, tasakaalu ja liikuvust, mis on k\u00f5ik h\u00e4davajalikud lapse \u00fcldiste motoorsete oskuste arendamiseks.<\/span><\/p>\n<p><span style=\"font-weight: 400;\">Veelgi enam, kogupere-rattas\u00f5it v\u00f5ib lastesse s\u00fcstida tervislikke harjumusi juba varajases eas ning suunata nad hilisemas elus j\u00e4rgima aktiivsemat ja tervislikumat elustiili.\u00a0<\/span><\/p>\n<figure id=\"attachment_908\" aria-describedby=\"caption-attachment-908\" style=\"width: 710px\" class=\"wp-caption alignnone\"><a href=\"https:\/\/d2p6e6u75xmxt8.cloudfront.net\/15\/2023\/06\/family2.webp\"><img loading=\"lazy\" decoding=\"async\" class=\"size-full wp-image-908\" src=\"https:\/\/d2p6e6u75xmxt8.cloudfront.net\/15\/2023\/06\/family2.webp\" alt=\"Rattas\u00f5it on mitte \u00fcksnes meeldiv ja tervislik tegevus, vaid ka suurep\u00e4rane viis perekonna \u00fchtsustunde tugevdamiseks ja kestvate m\u00e4lestuste loomiseks, kui te \u00fcheskoos uusi paiku avastate. \u00a9 JaySi \/ DPphoto \/ Profimedia\" width=\"710\" height=\"396\" srcset=\"https:\/\/d2p6e6u75xmxt8.cloudfront.net\/15\/2023\/06\/family2.webp 710w, https:\/\/d2p6e6u75xmxt8.cloudfront.net\/15\/2023\/06\/family2-300x167.webp 300w, https:\/\/d2p6e6u75xmxt8.cloudfront.net\/15\/2023\/06\/family2-400x223.webp 400w\" sizes=\"auto, (max-width: 710px) 100vw, 710px\" \/><\/a><figcaption id=\"caption-attachment-908\" class=\"wp-caption-text\">Rattas\u00f5it on mitte \u00fcksnes meeldiv ja tervislik tegevus, vaid ka suurep\u00e4rane viis perekonna \u00fchtsustunde tugevdamiseks ja kestvate m\u00e4lestuste loomiseks, kui te \u00fcheskoos uusi paiku avastate. \u00a9 JaySi \/ DPphoto \/ Profimedia<\/figcaption><\/figure>\n<p>&nbsp;<\/p>\n<h4><strong>Vaimne heaolu<\/strong><\/h4>\n<p><span style=\"font-weight: 400;\">Rattas\u00f5it pakub mitte ainult f\u00fc\u00fcsilise tervise h\u00fcvesid, vaid m\u00f5jub positiivselt ka vaimsele tervisele. Vabas \u00f5hus aset leidva f\u00fc\u00fcsilise tegevuse, n\u00e4iteks rattas\u00f5idu k\u00e4igus v\u00f5ivad inimesed, eriti lapsed kogeda:<\/span><\/p>\n<ul>\n<li style=\"font-weight: 400;\" aria-level=\"1\"><a href=\"https:\/\/www.welovecycling.com\/wide\/series\/stress-management\/\"><span style=\"font-weight: 400;\">stressi v\u00e4henemist<\/span><\/a><\/li>\n<li style=\"font-weight: 400;\" aria-level=\"1\"><span style=\"font-weight: 400;\">tuju paranemist<\/span><\/li>\n<li style=\"font-weight: 400;\" aria-level=\"1\"><span style=\"font-weight: 400;\">keskendumisv\u00f5ime ja kognitiivsete funktsioonide paranemist<\/span><\/li>\n<li style=\"font-weight: 400;\" aria-level=\"1\"><span style=\"font-weight: 400;\">enesehinnangu ja enesekindluse t\u00f5usu<\/span><\/li>\n<\/ul>\n<p><span style=\"font-weight: 400;\">Rattas\u00f5it terve perega v\u00f5ib neid vaimse tervise h\u00fcvesid veelgi v\u00f5imendada, sest annab v\u00f5imaluse omavahelisi sidemeid tugevdada ja p\u00fcsivaid m\u00e4lestusi luua. \u00dchine rattas\u00f5idukogemus v\u00f5ib k\u00f5igil pereliikmetel tugevdada \u00fchtsuse ja saavutuste tunnet ning edendada \u00f5nnetunnet ja heaolu.<\/span><\/p>\n<h4><strong>Tugevamad peresidemed<\/strong><\/h4>\n<p><span style=\"font-weight: 400;\">Rattas\u00f5it terve perega pakub pereliikmetele ainulaadset v\u00f5imalust veeta koos kvaliteetaega argimuredest eemal. \u00dchises \u00fcrituses osaledes saavad pered omavahelisi sidemeid tugevdada:<\/span><\/p>\n<ul>\n<li style=\"font-weight: 400;\" aria-level=\"1\"><span style=\"font-weight: 400;\">parema suhtlemisega<\/span><\/li>\n<li style=\"font-weight: 400;\" aria-level=\"1\"><span style=\"font-weight: 400;\">\u00fchistegevuse ja koost\u00f6\u00f6ga<\/span><\/li>\n<li style=\"font-weight: 400;\" aria-level=\"1\"><span style=\"font-weight: 400;\">\u00fchiste eesm\u00e4rkide ja saavutustega<\/span><\/li>\n<li style=\"font-weight: 400;\" aria-level=\"1\"><span style=\"font-weight: 400;\">kestvate m\u00e4lestuste loomisega<\/span><\/li>\n<li style=\"font-weight: 400;\" aria-level=\"1\"><span style=\"font-weight: 400;\">usalduse ja m\u00f5istmise tugevdamisega<\/span><\/li>\n<\/ul>\n<p><span style=\"font-weight: 400;\">Need tugevamad sidemed v\u00f5ivad oluliselt m\u00f5jutada kogu pere \u00fcldist heaolu- ja \u00f5nnetunnet, eriti lastel, kes k\u00f5ige enam vajavad emotsionaalseid sidemeid ja toetust.<\/span><\/p>\n<p><span style=\"font-weight: 400;\">Rattas\u00f5it kogu perega pakub arvukalt h\u00fcvesid, mis m\u00f5jutavad laste elu f\u00fc\u00fcsilisi, vaimseid ja sotsiaalseid aspekte, aga samuti terve pere \u00fcldist tervist ja \u00f5nnetunnet. Kogupere-rattas\u00f5iduga tegeledes investeerid oma laste heaolusse ja tulevasse tervisesse, tugevdades samas peresidemeid ja andes keskkonnale oma positiivse panuse.<\/span><\/p>\n","protected":false},"excerpt":{"rendered":"<p>Rattas\u00f5it terve perega on tore ja haarav ettev\u00f5tmine, mis pakub hulgaliselt h\u00fcvesid nii iga\u00fchele eraldi kui ka tervele perele. Alates [&hellip;]<\/p>\n","protected":false},"author":174,"featured_media":907,"comment_status":"open","ping_status":"open","sticky":false,"template":"","format":"standard","meta":{"footnotes":""},"categories":[9],"tags":[],"global-categories":[22],"class_list":["post-892","post","type-post","status-publish","format-standard","has-post-thumbnail","hentry","category-perekond","global-categories-cycling"],"yoast_head":"<!-- This site is optimized with the Yoast SEO Premium plugin v25.3 (Yoast SEO v25.9) - https:\/\/yoast.com\/wordpress\/plugins\/seo\/ -->\n<title>Rattas\u00f5it terve perega on oluline \u2013 ja vaat miks! - \u0160koda We Love Cycling - Estonia<\/title>\n<meta name=\"description\" content=\"Rattas\u00f5it terve perega on tore ja haarav ettev\u00f5tmine, mis pakub hulgaliselt h\u00fcvesid nii iga\u00fchele eraldi kui ka tervele perele. Alates f\u00fc\u00fcsilise tervise ja vaimse heaolu parandamisest kuni omavaheliste suhete tugevdamise ja j\u00e4tkusuutliku k\u00e4itumise edendamiseni \u2013 rattas\u00f5itu terve pere osalusel ei maksa alahinnata.\" \/>\n<meta name=\"robots\" content=\"index, follow, max-snippet:-1, max-image-preview:large, max-video-preview:-1\" \/>\n<link rel=\"canonical\" href=\"https:\/\/www.welovecycling.com\/ee\/2023\/06\/13\/rattasoit-terve-perega-on-oluline-ja-vaat-miks\/\" \/>\n<meta property=\"og:locale\" content=\"et_EE\" \/>\n<meta property=\"og:type\" content=\"article\" \/>\n<meta property=\"og:title\" content=\"Rattas\u00f5it terve perega on oluline \u2013 ja vaat miks!\" \/>\n<meta property=\"og:description\" content=\"Rattas\u00f5it terve perega on tore ja haarav ettev\u00f5tmine, mis pakub hulgaliselt h\u00fcvesid nii iga\u00fchele eraldi kui ka tervele perele. Alates f\u00fc\u00fcsilise tervise ja vaimse heaolu parandamisest kuni omavaheliste suhete tugevdamise ja j\u00e4tkusuutliku k\u00e4itumise edendamiseni \u2013 rattas\u00f5itu terve pere osalusel ei maksa alahinnata.\" \/>\n<meta property=\"og:url\" content=\"https:\/\/www.welovecycling.com\/ee\/2023\/06\/13\/rattasoit-terve-perega-on-oluline-ja-vaat-miks\/\" \/>\n<meta property=\"og:site_name\" content=\"\u0160koda We Love Cycling - Estonia\" \/>\n<meta property=\"article:published_time\" content=\"2023-06-13T10:36:22+00:00\" \/>\n<meta property=\"og:image\" content=\"https:\/\/d2p6e6u75xmxt8.cloudfront.net\/15\/2023\/06\/family1.webp\" \/>\n\t<meta property=\"og:image:width\" content=\"892\" \/>\n\t<meta property=\"og:image:height\" content=\"594\" \/>\n\t<meta property=\"og:image:type\" content=\"image\/webp\" \/>\n<meta name=\"author\" content=\"andre\" \/>\n<meta name=\"twitter:card\" content=\"summary_large_image\" \/>\n<meta name=\"twitter:label1\" content=\"Written by\" \/>\n\t<meta name=\"twitter:data1\" content=\"We Love Cycling\" \/>\n\t<meta name=\"twitter:label2\" content=\"Est. reading time\" \/>\n\t<meta name=\"twitter:data2\" content=\"4\" \/>\n<script type=\"application\/ld+json\" class=\"yoast-schema-graph\">{\"@context\":\"https:\/\/schema.org\",\"@graph\":[{\"@type\":\"WebPage\",\"@id\":\"https:\/\/www.welovecycling.com\/ee\/2023\/06\/13\/rattasoit-terve-perega-on-oluline-ja-vaat-miks\/\",\"url\":\"https:\/\/www.welovecycling.com\/ee\/2023\/06\/13\/rattasoit-terve-perega-on-oluline-ja-vaat-miks\/\",\"name\":\"Rattas\u00f5it terve perega on oluline \u2013 ja vaat miks! - \u0160koda We Love Cycling - Estonia\",\"isPartOf\":{\"@id\":\"https:\/\/www.welovecycling.com\/ee\/#website\"},\"primaryImageOfPage\":{\"@id\":\"https:\/\/www.welovecycling.com\/ee\/2023\/06\/13\/rattasoit-terve-perega-on-oluline-ja-vaat-miks\/#primaryimage\"},\"image\":{\"@id\":\"https:\/\/www.welovecycling.com\/ee\/2023\/06\/13\/rattasoit-terve-perega-on-oluline-ja-vaat-miks\/#primaryimage\"},\"thumbnailUrl\":\"https:\/\/d2p6e6u75xmxt8.cloudfront.net\/15\/2023\/06\/family1.webp\",\"datePublished\":\"2023-06-13T10:36:22+00:00\",\"author\":{\"@id\":\"https:\/\/www.welovecycling.com\/ee\/#\/schema\/person\/8b7101c4bd1b1ae9d3732ebb1e6caf57\"},\"description\":\"Rattas\u00f5it terve perega on tore ja haarav ettev\u00f5tmine, mis pakub hulgaliselt h\u00fcvesid nii iga\u00fchele eraldi kui ka tervele perele. Alates f\u00fc\u00fcsilise tervise ja vaimse heaolu parandamisest kuni omavaheliste suhete tugevdamise ja j\u00e4tkusuutliku k\u00e4itumise edendamiseni \u2013 rattas\u00f5itu terve pere osalusel ei maksa alahinnata.\",\"inLanguage\":\"et\",\"potentialAction\":[{\"@type\":\"ReadAction\",\"target\":[\"https:\/\/www.welovecycling.com\/ee\/2023\/06\/13\/rattasoit-terve-perega-on-oluline-ja-vaat-miks\/\"]}]},{\"@type\":\"ImageObject\",\"inLanguage\":\"et\",\"@id\":\"https:\/\/www.welovecycling.com\/ee\/2023\/06\/13\/rattasoit-terve-perega-on-oluline-ja-vaat-miks\/#primaryimage\",\"url\":\"https:\/\/d2p6e6u75xmxt8.cloudfront.net\/15\/2023\/06\/family1.webp\",\"contentUrl\":\"https:\/\/d2p6e6u75xmxt8.cloudfront.net\/15\/2023\/06\/family1.webp\",\"width\":892,\"height\":594},{\"@type\":\"WebSite\",\"@id\":\"https:\/\/www.welovecycling.com\/ee\/#website\",\"url\":\"https:\/\/www.welovecycling.com\/ee\/\",\"name\":\"\u0160koda We Love Cycling - Estonia\",\"description\":\"\",\"potentialAction\":[{\"@type\":\"SearchAction\",\"target\":{\"@type\":\"EntryPoint\",\"urlTemplate\":\"https:\/\/www.welovecycling.com\/ee\/?s={search_term_string}\"},\"query-input\":{\"@type\":\"PropertyValueSpecification\",\"valueRequired\":true,\"valueName\":\"search_term_string\"}}],\"inLanguage\":\"et\"},{\"@type\":\"Person\",\"@id\":\"https:\/\/www.welovecycling.com\/ee\/#\/schema\/person\/8b7101c4bd1b1ae9d3732ebb1e6caf57\",\"name\":\"andre\",\"image\":{\"@type\":\"ImageObject\",\"inLanguage\":\"et\",\"@id\":\"https:\/\/www.welovecycling.com\/ee\/#\/schema\/person\/image\/\",\"url\":\"https:\/\/secure.gravatar.com\/avatar\/0656b3224fe17b018f43b8a562625dd43d30827f027b2f62bc5a05711fec9a61?s=96&d=mm&r=g\",\"contentUrl\":\"https:\/\/secure.gravatar.com\/avatar\/0656b3224fe17b018f43b8a562625dd43d30827f027b2f62bc5a05711fec9a61?s=96&d=mm&r=g\",\"caption\":\"andre\"},\"url\":\"https:\/\/www.welovecycling.com\/ee\/author\/andre\/\"}]}<\/script>\n<!-- \/ Yoast SEO Premium plugin. -->","yoast_head_json":{"title":"Rattas\u00f5it terve perega on oluline \u2013 ja vaat miks! - \u0160koda We Love Cycling - Estonia","description":"Rattas\u00f5it terve perega on tore ja haarav ettev\u00f5tmine, mis pakub hulgaliselt h\u00fcvesid nii iga\u00fchele eraldi kui ka tervele perele. Alates f\u00fc\u00fcsilise tervise ja vaimse heaolu parandamisest kuni omavaheliste suhete tugevdamise ja j\u00e4tkusuutliku k\u00e4itumise edendamiseni \u2013 rattas\u00f5itu terve pere osalusel ei maksa alahinnata.","robots":{"index":"index","follow":"follow","max-snippet":"max-snippet:-1","max-image-preview":"max-image-preview:large","max-video-preview":"max-video-preview:-1"},"canonical":"https:\/\/www.welovecycling.com\/ee\/2023\/06\/13\/rattasoit-terve-perega-on-oluline-ja-vaat-miks\/","og_locale":"et_EE","og_type":"article","og_title":"Rattas\u00f5it terve perega on oluline \u2013 ja vaat miks!","og_description":"Rattas\u00f5it terve perega on tore ja haarav ettev\u00f5tmine, mis pakub hulgaliselt h\u00fcvesid nii iga\u00fchele eraldi kui ka tervele perele. Alates f\u00fc\u00fcsilise tervise ja vaimse heaolu parandamisest kuni omavaheliste suhete tugevdamise ja j\u00e4tkusuutliku k\u00e4itumise edendamiseni \u2013 rattas\u00f5itu terve pere osalusel ei maksa alahinnata.","og_url":"https:\/\/www.welovecycling.com\/ee\/2023\/06\/13\/rattasoit-terve-perega-on-oluline-ja-vaat-miks\/","og_site_name":"\u0160koda We Love Cycling - Estonia","article_published_time":"2023-06-13T10:36:22+00:00","og_image":[{"width":892,"height":594,"url":"https:\/\/d2p6e6u75xmxt8.cloudfront.net\/15\/2023\/06\/family1.webp","type":"image\/webp"}],"author":"andre","twitter_card":"summary_large_image","twitter_misc":{"Written by":"We Love Cycling","Est. reading time":"4"},"schema":{"@context":"https:\/\/schema.org","@graph":[{"@type":"WebPage","@id":"https:\/\/www.welovecycling.com\/ee\/2023\/06\/13\/rattasoit-terve-perega-on-oluline-ja-vaat-miks\/","url":"https:\/\/www.welovecycling.com\/ee\/2023\/06\/13\/rattasoit-terve-perega-on-oluline-ja-vaat-miks\/","name":"Rattas\u00f5it terve perega on oluline \u2013 ja vaat miks! - \u0160koda We Love Cycling - Estonia","isPartOf":{"@id":"https:\/\/www.welovecycling.com\/ee\/#website"},"primaryImageOfPage":{"@id":"https:\/\/www.welovecycling.com\/ee\/2023\/06\/13\/rattasoit-terve-perega-on-oluline-ja-vaat-miks\/#primaryimage"},"image":{"@id":"https:\/\/www.welovecycling.com\/ee\/2023\/06\/13\/rattasoit-terve-perega-on-oluline-ja-vaat-miks\/#primaryimage"},"thumbnailUrl":"https:\/\/d2p6e6u75xmxt8.cloudfront.net\/15\/2023\/06\/family1.webp","datePublished":"2023-06-13T10:36:22+00:00","author":{"@id":"https:\/\/www.welovecycling.com\/ee\/#\/schema\/person\/8b7101c4bd1b1ae9d3732ebb1e6caf57"},"description":"Rattas\u00f5it terve perega on tore ja haarav ettev\u00f5tmine, mis pakub hulgaliselt h\u00fcvesid nii iga\u00fchele eraldi kui ka tervele perele. Alates f\u00fc\u00fcsilise tervise ja vaimse heaolu parandamisest kuni omavaheliste suhete tugevdamise ja j\u00e4tkusuutliku k\u00e4itumise edendamiseni \u2013 rattas\u00f5itu terve pere osalusel ei maksa alahinnata.","inLanguage":"et","potentialAction":[{"@type":"ReadAction","target":["https:\/\/www.welovecycling.com\/ee\/2023\/06\/13\/rattasoit-terve-perega-on-oluline-ja-vaat-miks\/"]}]},{"@type":"ImageObject","inLanguage":"et","@id":"https:\/\/www.welovecycling.com\/ee\/2023\/06\/13\/rattasoit-terve-perega-on-oluline-ja-vaat-miks\/#primaryimage","url":"https:\/\/d2p6e6u75xmxt8.cloudfront.net\/15\/2023\/06\/family1.webp","contentUrl":"https:\/\/d2p6e6u75xmxt8.cloudfront.net\/15\/2023\/06\/family1.webp","width":892,"height":594},{"@type":"WebSite","@id":"https:\/\/www.welovecycling.com\/ee\/#website","url":"https:\/\/www.welovecycling.com\/ee\/","name":"\u0160koda We Love Cycling - Estonia","description":"","potentialAction":[{"@type":"SearchAction","target":{"@type":"EntryPoint","urlTemplate":"https:\/\/www.welovecycling.com\/ee\/?s={search_term_string}"},"query-input":{"@type":"PropertyValueSpecification","valueRequired":true,"valueName":"search_term_string"}}],"inLanguage":"et"},{"@type":"Person","@id":"https:\/\/www.welovecycling.com\/ee\/#\/schema\/person\/8b7101c4bd1b1ae9d3732ebb1e6caf57","name":"andre","image":{"@type":"ImageObject","inLanguage":"et","@id":"https:\/\/www.welovecycling.com\/ee\/#\/schema\/person\/image\/","url":"https:\/\/secure.gravatar.com\/avatar\/0656b3224fe17b018f43b8a562625dd43d30827f027b2f62bc5a05711fec9a61?s=96&d=mm&r=g","contentUrl":"https:\/\/secure.gravatar.com\/avatar\/0656b3224fe17b018f43b8a562625dd43d30827f027b2f62bc5a05711fec9a61?s=96&d=mm&r=g","caption":"andre"},"url":"https:\/\/www.welovecycling.com\/ee\/author\/andre\/"}]}},"_links":{"self":[{"href":"https:\/\/www.welovecycling.com\/ee\/wp-json\/wp\/v2\/posts\/892","targetHints":{"allow":["GET"]}}],"collection":[{"href":"https:\/\/www.welovecycling.com\/ee\/wp-json\/wp\/v2\/posts"}],"about":[{"href":"https:\/\/www.welovecycling.com\/ee\/wp-json\/wp\/v2\/types\/post"}],"author":[{"embeddable":true,"href":"https:\/\/www.welovecycling.com\/ee\/wp-json\/wp\/v2\/users\/174"}],"replies":[{"embeddable":true,"href":"https:\/\/www.welovecycling.com\/ee\/wp-json\/wp\/v2\/comments?post=892"}],"version-history":[{"count":10,"href":"https:\/\/www.welovecycling.com\/ee\/wp-json\/wp\/v2\/posts\/892\/revisions"}],"predecessor-version":[{"id":917,"href":"https:\/\/www.welovecycling.com\/ee\/wp-json\/wp\/v2\/posts\/892\/revisions\/917"}],"wp:featuredmedia":[{"embeddable":true,"href":"https:\/\/www.welovecycling.com\/ee\/wp-json\/wp\/v2\/media\/907"}],"wp:attachment":[{"href":"https:\/\/www.welovecycling.com\/ee\/wp-json\/wp\/v2\/media?parent=892"}],"wp:term":[{"taxonomy":"category","embeddable":true,"href":"https:\/\/www.welovecycling.com\/ee\/wp-json\/wp\/v2\/categories?post=892"},{"taxonomy":"post_tag","embeddable":true,"href":"https:\/\/www.welovecycling.com\/ee\/wp-json\/wp\/v2\/tags?post=892"},{"taxonomy":"global-categories","embeddable":true,"href":"https:\/\/www.welovecycling.com\/ee\/wp-json\/wp\/v2\/global-categories?post=892"}],"curies":[{"name":"wp","href":"https:\/\/api.w.org\/{rel}","templated":true}]}}