{"id":868,"date":"2023-05-23T05:22:47","date_gmt":"2023-05-23T05:22:47","guid":{"rendered":""},"modified":"2023-05-23T06:51:21","modified_gmt":"2023-05-23T06:51:21","slug":"skoda-laagri-toetab-eesti-rattakogukonda","status":"publish","type":"post","link":"https:\/\/www.welovecycling.com\/ee\/2023\/05\/23\/skoda-laagri-toetab-eesti-rattakogukonda\/","title":{"rendered":"\u0160koda Laagri toetab Eesti rattakogukonda"},"content":{"rendered":"<p>\u0160koda Laagri j\u00e4tkab Eesti rattaspordi toetamist. \u0160koda Laagri, ehk SKO Motors on oma ligi 10 aastase tegutsemise jooksul toetanud Eesti rattasporti, nii panustades projektidesse, toetades rattureid, kui ka organiseerides erinevaid \u00fcritusi, mis kaasavad rattaringkonda.<\/p>\n<p><!--more--><\/p>\n<p>2023 aasta Mai kuus andis \u0160koda Laagri Eesti Jalgratturite liidule \u00fcle uue EJL v\u00e4rvides \u0160koda Octavia. \u0160koda Laagri toetab Eesti Jalgratturite liitu pakkudes neile vajadusel lisa autosid suuremate rattav\u00f5istluste l\u00e4biviimiseks ja abistab EJL-i autode hooldusega.<\/p>\n<figure id=\"attachment_873\" aria-describedby=\"caption-attachment-873\" style=\"width: 1284px\" class=\"wp-caption alignnone\"><a href=\"https:\/\/d2p6e6u75xmxt8.cloudfront.net\/15\/2023\/05\/ejl-skoda.webp\"><img loading=\"lazy\" decoding=\"async\" class=\"wp-image-873\" src=\"https:\/\/d2p6e6u75xmxt8.cloudfront.net\/15\/2023\/05\/ejl-skoda-1920x1440.webp\" alt=\"\" width=\"1284\" height=\"963\" srcset=\"https:\/\/d2p6e6u75xmxt8.cloudfront.net\/15\/2023\/05\/ejl-skoda-1920x1440.webp 1920w, https:\/\/d2p6e6u75xmxt8.cloudfront.net\/15\/2023\/05\/ejl-skoda-300x225.webp 300w, https:\/\/d2p6e6u75xmxt8.cloudfront.net\/15\/2023\/05\/ejl-skoda-1024x768.webp 1024w, https:\/\/d2p6e6u75xmxt8.cloudfront.net\/15\/2023\/05\/ejl-skoda-768x576.webp 768w, https:\/\/d2p6e6u75xmxt8.cloudfront.net\/15\/2023\/05\/ejl-skoda-1536x1152.webp 1536w, https:\/\/d2p6e6u75xmxt8.cloudfront.net\/15\/2023\/05\/ejl-skoda-400x300.webp 400w, https:\/\/d2p6e6u75xmxt8.cloudfront.net\/15\/2023\/05\/ejl-skoda.webp 2048w, https:\/\/d2p6e6u75xmxt8.cloudfront.net\/15\/2023\/05\/ejl-skoda-1920x1440.webp 1920w\" sizes=\"auto, (max-width: 1284px) 100vw, 1284px\" \/><\/a><figcaption id=\"caption-attachment-873\" class=\"wp-caption-text\">Alo Jakin juunioride Rahutuuril EJL v\u00e4rvides \u0160koda Octavia roolis<\/figcaption><\/figure>\n<p>Mais sai oma uue s\u00f5iduvahendi k\u00e4tte ka eesti maastikurattur Greete Steinburg. \u0160koda Laagri on Greetet toetanud juba 10 aastat. Seekord sai Greete v\u00f5tmed, mis sobivad uuele \u0160koda Octavia Sportline\u00b4le.<\/p>\n<figure id=\"attachment_875\" aria-describedby=\"caption-attachment-875\" style=\"width: 1302px\" class=\"wp-caption alignnone\"><a href=\"https:\/\/d2p6e6u75xmxt8.cloudfront.net\/15\/2023\/05\/greete-2.webp\"><img loading=\"lazy\" decoding=\"async\" class=\"wp-image-875\" src=\"https:\/\/d2p6e6u75xmxt8.cloudfront.net\/15\/2023\/05\/greete-2-1920x1080.webp\" alt=\"\" width=\"1302\" height=\"732\" srcset=\"https:\/\/d2p6e6u75xmxt8.cloudfront.net\/15\/2023\/05\/greete-2-1920x1080.webp 1920w, https:\/\/d2p6e6u75xmxt8.cloudfront.net\/15\/2023\/05\/greete-2-300x169.webp 300w, https:\/\/d2p6e6u75xmxt8.cloudfront.net\/15\/2023\/05\/greete-2-1024x576.webp 1024w, https:\/\/d2p6e6u75xmxt8.cloudfront.net\/15\/2023\/05\/greete-2-768x432.webp 768w, https:\/\/d2p6e6u75xmxt8.cloudfront.net\/15\/2023\/05\/greete-2-1536x864.webp 1536w, https:\/\/d2p6e6u75xmxt8.cloudfront.net\/15\/2023\/05\/greete-2-400x225.webp 400w, https:\/\/d2p6e6u75xmxt8.cloudfront.net\/15\/2023\/05\/greete-2.webp 2048w, https:\/\/d2p6e6u75xmxt8.cloudfront.net\/15\/2023\/05\/greete-2-1920x1080.webp 1920w\" sizes=\"auto, (max-width: 1302px) 100vw, 1302px\" \/><\/a><figcaption id=\"caption-attachment-875\" class=\"wp-caption-text\">Maario Orgla (SKO Motors) ja Greete Steinburg uuelt \u0160koda Octavialt katet eemaldamas.<\/figcaption><\/figure>\n<figure id=\"attachment_876\" aria-describedby=\"caption-attachment-876\" style=\"width: 960px\" class=\"wp-caption alignnone\"><a href=\"https:\/\/d2p6e6u75xmxt8.cloudfront.net\/15\/2023\/05\/greete-3.webp\"><img loading=\"lazy\" decoding=\"async\" class=\"wp-image-876 size-full\" src=\"https:\/\/d2p6e6u75xmxt8.cloudfront.net\/15\/2023\/05\/greete-3.webp\" alt=\"\" width=\"960\" height=\"720\" srcset=\"https:\/\/d2p6e6u75xmxt8.cloudfront.net\/15\/2023\/05\/greete-3.webp 960w, https:\/\/d2p6e6u75xmxt8.cloudfront.net\/15\/2023\/05\/greete-3-300x225.webp 300w, https:\/\/d2p6e6u75xmxt8.cloudfront.net\/15\/2023\/05\/greete-3-768x576.webp 768w, https:\/\/d2p6e6u75xmxt8.cloudfront.net\/15\/2023\/05\/greete-3-400x300.webp 400w\" sizes=\"auto, (max-width: 960px) 100vw, 960px\" \/><\/a><figcaption id=\"caption-attachment-876\" class=\"wp-caption-text\">Greete Steinburg oma uue \u0160koda Octaviaga \u0160koda Laagri m\u00fc\u00fcgisalongi ees.<\/figcaption><\/figure>\n<p>&nbsp;<\/p>\n<p>Allolevas videos saate vaadata pikemat usutlust Greetega.<\/p>\n<p><iframe loading=\"lazy\" title=\"YouTube video player\" src=\"https:\/\/www.youtube-nocookie.com\/embed\/EqDUiuq_ErQ\" width=\"560\" height=\"315\" frameborder=\"0\" allowfullscreen=\"allowfullscreen\"><\/iframe><\/p>\n<p>Lisaks \u00fclalnimetatule sponsoreerib \u0160koda Laagri ka <a href=\"https:\/\/kolmapaev.ee\/\">\u0160koda MTB kolmap\u00e4evakute<\/a> ja <a href=\"https:\/\/www.rattamaratonid.ee\/et\/\">Bosch Eesti Rattamaratonide<\/a> sarja.<\/p>\n<p>Soetades endale auto <a href=\"https:\/\/www.skodalaagri.ee\/\">\u0160koda Laagrist<\/a>, toetad ka Eesti rattaspordi arengut.<\/p>\n","protected":false},"excerpt":{"rendered":"<p>\u0160koda Laagri j\u00e4tkab Eesti rattaspordi toetamist. \u0160koda Laagri, ehk SKO Motors on oma ligi 10 aastase tegutsemise jooksul toetanud Eesti [&hellip;]<\/p>\n","protected":false},"author":174,"featured_media":870,"comment_status":"open","ping_status":"open","sticky":false,"template":"","format":"standard","meta":{"footnotes":""},"categories":[13],"tags":[],"global-categories":[22],"class_list":["post-868","post","type-post","status-publish","format-standard","has-post-thumbnail","hentry","category-blogi","global-categories-cycling"],"yoast_head":"<!-- This site is optimized with the Yoast SEO Premium plugin v25.3 (Yoast SEO v25.9) - https:\/\/yoast.com\/wordpress\/plugins\/seo\/ -->\n<title>\u0160koda Laagri toetab Eesti rattakogukonda - \u0160koda We Love Cycling - Estonia<\/title>\n<meta name=\"description\" content=\"\u0160koda Laagri j\u00e4tkab Eesti rattaspordi toetamist. \u0160koda Laagri, ehk SKO Motors on oma ligi 10 aastase tegutsemise jooksul toetanud Eesti rattasporti, nii panustades projektidesse, toetades rattureid, kui ka organiseerides erinevaid \u00fcritusi, mis kaasavad rattaringkonda.\" \/>\n<meta name=\"robots\" content=\"index, follow, max-snippet:-1, max-image-preview:large, max-video-preview:-1\" \/>\n<link rel=\"canonical\" href=\"https:\/\/www.welovecycling.com\/ee\/2023\/05\/23\/skoda-laagri-toetab-eesti-rattakogukonda\/\" \/>\n<meta property=\"og:locale\" content=\"et_EE\" \/>\n<meta property=\"og:type\" content=\"article\" \/>\n<meta property=\"og:title\" content=\"\u0160koda Laagri toetab Eesti rattakogukonda\" \/>\n<meta property=\"og:description\" content=\"\u0160koda Laagri j\u00e4tkab Eesti rattaspordi toetamist. \u0160koda Laagri, ehk SKO Motors on oma ligi 10 aastase tegutsemise jooksul toetanud Eesti rattasporti, nii panustades projektidesse, toetades rattureid, kui ka organiseerides erinevaid \u00fcritusi, mis kaasavad rattaringkonda.\" \/>\n<meta property=\"og:url\" content=\"https:\/\/www.welovecycling.com\/ee\/2023\/05\/23\/skoda-laagri-toetab-eesti-rattakogukonda\/\" \/>\n<meta property=\"og:site_name\" content=\"\u0160koda We Love Cycling - Estonia\" \/>\n<meta property=\"article:published_time\" content=\"2023-05-23T05:22:47+00:00\" \/>\n<meta property=\"article:modified_time\" content=\"2023-05-23T06:51:21+00:00\" \/>\n<meta property=\"og:image\" content=\"https:\/\/d2p6e6u75xmxt8.cloudfront.net\/15\/2023\/05\/4rakke.webp\" \/>\n\t<meta property=\"og:image:width\" content=\"1170\" \/>\n\t<meta property=\"og:image:height\" content=\"780\" \/>\n\t<meta property=\"og:image:type\" content=\"image\/webp\" \/>\n<meta name=\"author\" content=\"andre\" \/>\n<meta name=\"twitter:card\" content=\"summary_large_image\" \/>\n<meta name=\"twitter:label1\" content=\"Written by\" \/>\n\t<meta name=\"twitter:data1\" content=\"Andre Kull\" \/>\n\t<meta name=\"twitter:label2\" content=\"Est. reading time\" \/>\n\t<meta name=\"twitter:data2\" content=\"2\" \/>\n<script type=\"application\/ld+json\" class=\"yoast-schema-graph\">{\"@context\":\"https:\/\/schema.org\",\"@graph\":[{\"@type\":\"WebPage\",\"@id\":\"https:\/\/www.welovecycling.com\/ee\/2023\/05\/23\/skoda-laagri-toetab-eesti-rattakogukonda\/\",\"url\":\"https:\/\/www.welovecycling.com\/ee\/2023\/05\/23\/skoda-laagri-toetab-eesti-rattakogukonda\/\",\"name\":\"\u0160koda Laagri toetab Eesti rattakogukonda - \u0160koda We Love Cycling - Estonia\",\"isPartOf\":{\"@id\":\"https:\/\/www.welovecycling.com\/ee\/#website\"},\"primaryImageOfPage\":{\"@id\":\"https:\/\/www.welovecycling.com\/ee\/2023\/05\/23\/skoda-laagri-toetab-eesti-rattakogukonda\/#primaryimage\"},\"image\":{\"@id\":\"https:\/\/www.welovecycling.com\/ee\/2023\/05\/23\/skoda-laagri-toetab-eesti-rattakogukonda\/#primaryimage\"},\"thumbnailUrl\":\"https:\/\/d2p6e6u75xmxt8.cloudfront.net\/15\/2023\/05\/4rakke.webp\",\"datePublished\":\"2023-05-23T05:22:47+00:00\",\"dateModified\":\"2023-05-23T06:51:21+00:00\",\"author\":{\"@id\":\"https:\/\/www.welovecycling.com\/ee\/#\/schema\/person\/8b7101c4bd1b1ae9d3732ebb1e6caf57\"},\"description\":\"\u0160koda Laagri j\u00e4tkab Eesti rattaspordi toetamist. \u0160koda Laagri, ehk SKO Motors on oma ligi 10 aastase tegutsemise jooksul toetanud Eesti rattasporti, nii panustades projektidesse, toetades rattureid, kui ka organiseerides erinevaid \u00fcritusi, mis kaasavad rattaringkonda.\",\"inLanguage\":\"et\",\"potentialAction\":[{\"@type\":\"ReadAction\",\"target\":[\"https:\/\/www.welovecycling.com\/ee\/2023\/05\/23\/skoda-laagri-toetab-eesti-rattakogukonda\/\"]}]},{\"@type\":\"ImageObject\",\"inLanguage\":\"et\",\"@id\":\"https:\/\/www.welovecycling.com\/ee\/2023\/05\/23\/skoda-laagri-toetab-eesti-rattakogukonda\/#primaryimage\",\"url\":\"https:\/\/d2p6e6u75xmxt8.cloudfront.net\/15\/2023\/05\/4rakke.webp\",\"contentUrl\":\"https:\/\/d2p6e6u75xmxt8.cloudfront.net\/15\/2023\/05\/4rakke.webp\",\"width\":1170,\"height\":780},{\"@type\":\"WebSite\",\"@id\":\"https:\/\/www.welovecycling.com\/ee\/#website\",\"url\":\"https:\/\/www.welovecycling.com\/ee\/\",\"name\":\"\u0160koda We Love Cycling - Estonia\",\"description\":\"\",\"potentialAction\":[{\"@type\":\"SearchAction\",\"target\":{\"@type\":\"EntryPoint\",\"urlTemplate\":\"https:\/\/www.welovecycling.com\/ee\/?s={search_term_string}\"},\"query-input\":{\"@type\":\"PropertyValueSpecification\",\"valueRequired\":true,\"valueName\":\"search_term_string\"}}],\"inLanguage\":\"et\"},{\"@type\":\"Person\",\"@id\":\"https:\/\/www.welovecycling.com\/ee\/#\/schema\/person\/8b7101c4bd1b1ae9d3732ebb1e6caf57\",\"name\":\"andre\",\"image\":{\"@type\":\"ImageObject\",\"inLanguage\":\"et\",\"@id\":\"https:\/\/www.welovecycling.com\/ee\/#\/schema\/person\/image\/\",\"url\":\"https:\/\/secure.gravatar.com\/avatar\/0656b3224fe17b018f43b8a562625dd43d30827f027b2f62bc5a05711fec9a61?s=96&d=mm&r=g\",\"contentUrl\":\"https:\/\/secure.gravatar.com\/avatar\/0656b3224fe17b018f43b8a562625dd43d30827f027b2f62bc5a05711fec9a61?s=96&d=mm&r=g\",\"caption\":\"andre\"},\"url\":\"https:\/\/www.welovecycling.com\/ee\/author\/andre\/\"}]}<\/script>\n<!-- \/ Yoast SEO Premium plugin. -->","yoast_head_json":{"title":"\u0160koda Laagri toetab Eesti rattakogukonda - \u0160koda We Love Cycling - Estonia","description":"\u0160koda Laagri j\u00e4tkab Eesti rattaspordi toetamist. \u0160koda Laagri, ehk SKO Motors on oma ligi 10 aastase tegutsemise jooksul toetanud Eesti rattasporti, nii panustades projektidesse, toetades rattureid, kui ka organiseerides erinevaid \u00fcritusi, mis kaasavad rattaringkonda.","robots":{"index":"index","follow":"follow","max-snippet":"max-snippet:-1","max-image-preview":"max-image-preview:large","max-video-preview":"max-video-preview:-1"},"canonical":"https:\/\/www.welovecycling.com\/ee\/2023\/05\/23\/skoda-laagri-toetab-eesti-rattakogukonda\/","og_locale":"et_EE","og_type":"article","og_title":"\u0160koda Laagri toetab Eesti rattakogukonda","og_description":"\u0160koda Laagri j\u00e4tkab Eesti rattaspordi toetamist. \u0160koda Laagri, ehk SKO Motors on oma ligi 10 aastase tegutsemise jooksul toetanud Eesti rattasporti, nii panustades projektidesse, toetades rattureid, kui ka organiseerides erinevaid \u00fcritusi, mis kaasavad rattaringkonda.","og_url":"https:\/\/www.welovecycling.com\/ee\/2023\/05\/23\/skoda-laagri-toetab-eesti-rattakogukonda\/","og_site_name":"\u0160koda We Love Cycling - Estonia","article_published_time":"2023-05-23T05:22:47+00:00","article_modified_time":"2023-05-23T06:51:21+00:00","og_image":[{"width":1170,"height":780,"url":"https:\/\/d2p6e6u75xmxt8.cloudfront.net\/15\/2023\/05\/4rakke.webp","type":"image\/webp"}],"author":"andre","twitter_card":"summary_large_image","twitter_misc":{"Written by":"Andre Kull","Est. reading time":"2"},"schema":{"@context":"https:\/\/schema.org","@graph":[{"@type":"WebPage","@id":"https:\/\/www.welovecycling.com\/ee\/2023\/05\/23\/skoda-laagri-toetab-eesti-rattakogukonda\/","url":"https:\/\/www.welovecycling.com\/ee\/2023\/05\/23\/skoda-laagri-toetab-eesti-rattakogukonda\/","name":"\u0160koda Laagri toetab Eesti rattakogukonda - \u0160koda We Love Cycling - Estonia","isPartOf":{"@id":"https:\/\/www.welovecycling.com\/ee\/#website"},"primaryImageOfPage":{"@id":"https:\/\/www.welovecycling.com\/ee\/2023\/05\/23\/skoda-laagri-toetab-eesti-rattakogukonda\/#primaryimage"},"image":{"@id":"https:\/\/www.welovecycling.com\/ee\/2023\/05\/23\/skoda-laagri-toetab-eesti-rattakogukonda\/#primaryimage"},"thumbnailUrl":"https:\/\/d2p6e6u75xmxt8.cloudfront.net\/15\/2023\/05\/4rakke.webp","datePublished":"2023-05-23T05:22:47+00:00","dateModified":"2023-05-23T06:51:21+00:00","author":{"@id":"https:\/\/www.welovecycling.com\/ee\/#\/schema\/person\/8b7101c4bd1b1ae9d3732ebb1e6caf57"},"description":"\u0160koda Laagri j\u00e4tkab Eesti rattaspordi toetamist. \u0160koda Laagri, ehk SKO Motors on oma ligi 10 aastase tegutsemise jooksul toetanud Eesti rattasporti, nii panustades projektidesse, toetades rattureid, kui ka organiseerides erinevaid \u00fcritusi, mis kaasavad rattaringkonda.","inLanguage":"et","potentialAction":[{"@type":"ReadAction","target":["https:\/\/www.welovecycling.com\/ee\/2023\/05\/23\/skoda-laagri-toetab-eesti-rattakogukonda\/"]}]},{"@type":"ImageObject","inLanguage":"et","@id":"https:\/\/www.welovecycling.com\/ee\/2023\/05\/23\/skoda-laagri-toetab-eesti-rattakogukonda\/#primaryimage","url":"https:\/\/d2p6e6u75xmxt8.cloudfront.net\/15\/2023\/05\/4rakke.webp","contentUrl":"https:\/\/d2p6e6u75xmxt8.cloudfront.net\/15\/2023\/05\/4rakke.webp","width":1170,"height":780},{"@type":"WebSite","@id":"https:\/\/www.welovecycling.com\/ee\/#website","url":"https:\/\/www.welovecycling.com\/ee\/","name":"\u0160koda We Love Cycling - Estonia","description":"","potentialAction":[{"@type":"SearchAction","target":{"@type":"EntryPoint","urlTemplate":"https:\/\/www.welovecycling.com\/ee\/?s={search_term_string}"},"query-input":{"@type":"PropertyValueSpecification","valueRequired":true,"valueName":"search_term_string"}}],"inLanguage":"et"},{"@type":"Person","@id":"https:\/\/www.welovecycling.com\/ee\/#\/schema\/person\/8b7101c4bd1b1ae9d3732ebb1e6caf57","name":"andre","image":{"@type":"ImageObject","inLanguage":"et","@id":"https:\/\/www.welovecycling.com\/ee\/#\/schema\/person\/image\/","url":"https:\/\/secure.gravatar.com\/avatar\/0656b3224fe17b018f43b8a562625dd43d30827f027b2f62bc5a05711fec9a61?s=96&d=mm&r=g","contentUrl":"https:\/\/secure.gravatar.com\/avatar\/0656b3224fe17b018f43b8a562625dd43d30827f027b2f62bc5a05711fec9a61?s=96&d=mm&r=g","caption":"andre"},"url":"https:\/\/www.welovecycling.com\/ee\/author\/andre\/"}]}},"_links":{"self":[{"href":"https:\/\/www.welovecycling.com\/ee\/wp-json\/wp\/v2\/posts\/868","targetHints":{"allow":["GET"]}}],"collection":[{"href":"https:\/\/www.welovecycling.com\/ee\/wp-json\/wp\/v2\/posts"}],"about":[{"href":"https:\/\/www.welovecycling.com\/ee\/wp-json\/wp\/v2\/types\/post"}],"author":[{"embeddable":true,"href":"https:\/\/www.welovecycling.com\/ee\/wp-json\/wp\/v2\/users\/174"}],"replies":[{"embeddable":true,"href":"https:\/\/www.welovecycling.com\/ee\/wp-json\/wp\/v2\/comments?post=868"}],"version-history":[{"count":16,"href":"https:\/\/www.welovecycling.com\/ee\/wp-json\/wp\/v2\/posts\/868\/revisions"}],"predecessor-version":[{"id":890,"href":"https:\/\/www.welovecycling.com\/ee\/wp-json\/wp\/v2\/posts\/868\/revisions\/890"}],"wp:featuredmedia":[{"embeddable":true,"href":"https:\/\/www.welovecycling.com\/ee\/wp-json\/wp\/v2\/media\/870"}],"wp:attachment":[{"href":"https:\/\/www.welovecycling.com\/ee\/wp-json\/wp\/v2\/media?parent=868"}],"wp:term":[{"taxonomy":"category","embeddable":true,"href":"https:\/\/www.welovecycling.com\/ee\/wp-json\/wp\/v2\/categories?post=868"},{"taxonomy":"post_tag","embeddable":true,"href":"https:\/\/www.welovecycling.com\/ee\/wp-json\/wp\/v2\/tags?post=868"},{"taxonomy":"global-categories","embeddable":true,"href":"https:\/\/www.welovecycling.com\/ee\/wp-json\/wp\/v2\/global-categories?post=868"}],"curies":[{"name":"wp","href":"https:\/\/api.w.org\/{rel}","templated":true}]}}