{"id":842,"date":"2023-06-09T11:33:59","date_gmt":"2023-06-09T11:33:59","guid":{"rendered":"https:\/\/www.welovecycling.com\/ee\/?p=842"},"modified":"2023-06-09T11:33:59","modified_gmt":"2023-06-09T11:33:59","slug":"kuidas-oma-jalgratast-saastlikult-taiustada","status":"publish","type":"post","link":"https:\/\/www.welovecycling.com\/ee\/2023\/06\/09\/kuidas-oma-jalgratast-saastlikult-taiustada\/","title":{"rendered":"Kuidas oma jalgratast s\u00e4\u00e4stlikult t\u00e4iustada"},"content":{"rendered":"<p>N\u00e4ha, kuidas s\u00f5brad oma uutel aerod\u00fcnaamilistel ratastel j\u00e4rgem\u00f6\u00f6da Strava segmente l\u00e4bivad, v\u00f5ib \u00fcsna kadedaks ajada, kui sul endal puudub v\u00f5imalus uhiuut ratast v\u00e4lja veeretada. V\u00f5i on su ratas tasapisi t\u00fc\u00fctuks muutunud ja m\u00f5ned t\u00e4iustused v\u00f5iksid vaimustusleegi taas s\u00fc\u00fcdata?<\/p>\n<p><!--more--><\/p>\n<p>T\u00e4nap\u00e4eval ei ole k\u00f5igil meil nii palju raha v\u00f5i aega, et saaksime uhkeldada oma ratta kallite uuendustega, kuid \u00f5nneks on m\u00f5ned k\u00f5ige m\u00f5juvamad t\u00e4iustused lihtsad ja taskukohased. Need annavad sulle uut j\u00f5udu s\u00f5ita kiiremini ja kaugemale ning mugavamalt.<\/p>\n<p>Jalgratta t\u00e4iustamine v\u00f5ib pikas plaanis isegi raha s\u00e4\u00e4sta, hoides su s\u00f5iduriista veel aastaid veeremas. Kuid kust alustada? J\u00e4rgmisel rattas\u00f5idul katsu selgusele j\u00f5uda, mis ei paista korralikult t\u00f6\u00f6tavat v\u00f5i mis on ebamugav. Kas s\u00f5it tundub h\u00fcplik? V\u00f5i k\u00e4ed libisevad lenksul? V\u00f5i ei soovi sa pikalt s\u00f5ita ebamugava sadula p\u00e4rast? M\u00f5tle neile asjadele ja vaata alltoodud nimistut. Vali v\u00e4lja asjad, mis sinu arvates v\u00f5iksid s\u00f5itmise paremaks teha ja hakka neid aegamisi v\u00e4lja vahetama, et kulusid ei tuleks korraga kanda.<\/p>\n<p>M\u00f5ned neist muudatustest saad isegi teha YouTube\u2019i \u00f5ppevideote kaasabil. Ole nupukas ja leidlik, need Strava segmendid tulevad sulle varsti ludinal k\u00e4tte.<\/p>\n<h4>Puhastuskomplekt<\/h4>\n<p>T\u00e4iesti kindel, et selle t\u00e4iustusega sa uusi isiklikke rekordeid ei p\u00fcstita, ent kui sa sel talvel oma ratast ei puhastanud, siis n\u00fc\u00fcd on k\u00fcll selleks viimane aeg! \u00dckski tegevus ei hoia ratast nii h\u00e4sti korras kui sagedane puhastamine.<\/p>\n<p>Ratta veega \u00fcleloputamine on alustuseks hea, eriti kui sa s\u00f5idad veekogude kaldal v\u00f5i liivastel teedel. Kuid hangi endale korralik <a href=\"https:\/\/www.hobisport.ee\/index.php\/poodi\/toeoeriistad-ja-hooldustarvikud\/puhastusvahendid\">puhastuskomplekt<\/a> ning su ratas tundub nagu uus. V\u00f5ta kett maha, k\u00e4i \u00fcle k\u00f5ik osad, mis kannatavad kerget p\u00fchkimist ning m\u00e4\u00e4ri kett p\u00e4rast j\u00e4lle \u00e4ra (aga v\u00e4ldi keti\u00f5li sattumist piduritele, kasutades ainult piduripuhastusvahendit v\u00f5i vajadusel seebivett). Vaatakuidas seda teha sellest <a href=\"https:\/\/youtu.be\/0wj_991SzPI\">videost<\/a>.<\/p>\n<p><a href=\"https:\/\/d2p6e6u75xmxt8.cloudfront.net\/15\/2023\/05\/harjad.webp\"><img loading=\"lazy\" decoding=\"async\" class=\"alignnone size-full wp-image-849\" src=\"https:\/\/d2p6e6u75xmxt8.cloudfront.net\/15\/2023\/05\/harjad.webp\" alt=\"\" width=\"871\" height=\"411\" srcset=\"https:\/\/d2p6e6u75xmxt8.cloudfront.net\/15\/2023\/05\/harjad.webp 871w, https:\/\/d2p6e6u75xmxt8.cloudfront.net\/15\/2023\/05\/harjad-300x142.webp 300w, https:\/\/d2p6e6u75xmxt8.cloudfront.net\/15\/2023\/05\/harjad-768x362.webp 768w, https:\/\/d2p6e6u75xmxt8.cloudfront.net\/15\/2023\/05\/harjad-400x189.webp 400w\" sizes=\"auto, (max-width: 871px) 100vw, 871px\" \/><\/a><\/p>\n<h4>Vii ratas hooldusse<\/h4>\n<p>Sarnaselt p\u00f5hjalikule puhastusele tagab ratta hooldamine kallite osade tipp-topp seisundi. S\u00f5ltuvalt eelarvest v\u00f5id tellida erineva ulatusega hooldust alates kiirest \u00fclevaatusest ja t\u00e4iustamise soovitusest kuni kulunud osade v\u00e4ljavahetamise, kaheksas rataste sirgendamise ja k\u00e4iguvahetite reguleerimiseni.<\/p>\n<p>M\u00f5nel pool pakutakse \u201eratta tervisekontrolli\u201c, teisel pool v\u00f5ib sama tegevus kanda n\u00e4iteks Rattadoktori nime. Isegi see v\u00f5ib olla hea l\u00e4htekoht saamaks aru, milliseid osi uuendada v\u00f5i v\u00e4lja vahetada.<\/p>\n<h4>S\u00e4ti ratas endale sobivaks (bike fit)<\/h4>\n<p>H\u00e4stisobitatud ratas v\u00f5ib tagada sulle pika ja mugava s\u00f5idu, ebasobiv s\u00f5iduriist aga p\u00f5hjustada valu ja vigastusi. Oma ratta t\u00e4iustamise protsessis saad maksimeerida sooritusv\u00f5imet, mugavust ja kasutegurit. Ratta sobivus p\u00f5hineb kolmel peamisel teguril: sinu s\u00f5itude eesm\u00e4rk, sinu praegune f\u00fcsioloogia ja seos nende kahe vahel.<\/p>\n<p>Kuid me r\u00e4\u00e4gime s\u00e4\u00e4stlikkusest, nii et kui palju see <a href=\"https:\/\/www.velodynamics.ee\/\">sobitamine<\/a> maksab? Tegelikult v\u00f5ivad hinnad ulatuda mitmesaja euroni, aga siis on tegu juba profitasemel <em>bike fit\u00b4a<\/em>, kus spetsriistu pruugitakse. Lihtsam <em>bike fit<\/em> v\u00f5ib olla taskukohane viis teha v\u00e4iksemaid muudatusi mitmete rattaosade k\u00f5rguse ja nurga juures, et need sobiksid paremini sinu keha erip\u00e4rade ja s\u00f5idustiiliga.<\/p>\n<h4>Sadul<\/h4>\n<p>Uue sadula korralik paikas\u00e4ttimine v\u00f5ib viia sind lausa uude maailma. Sinu s\u00f5iduviis paneb paika vajaliku sadula t\u00fc\u00fcbi, samuti m\u00e4\u00e4rab \u00e4ra, kui mugav see sulle tundub. Pea meeles, et iga inimese anatoomia on erinev, nii et \u00fche inimese jaoks mugav lahendus ei pruugi seda olla teisele.<\/p>\n<p>Nagu ratas, peaks ka sadul olema tugev ja kerge, aga sellelgi on oma hind. Ent igal juhul on see odavam kui terve uue jalgratta ostmine. <a href=\"https:\/\/www.welovecycling.com\/wide\/2021\/05\/13\/how-to-pick-the-perfect-saddle-for-your-daily-commute\/\">Linnarattasadulad<\/a> on m\u00f5eldud inimestele, kes t\u00f5en\u00e4oliselt ei kasuta polsterdatud rattap\u00fckse. Need sadulad on tavaliselt suured ja pehmed. L\u00fchikestel otstel on selline sadul mugav, kuid pole m\u00f5eldud pikkadeks s\u00f5itudeks.<\/p>\n<p>Maastikul liikudes on painduvus ja mugavus sadula t\u00e4htsaimad omadused. Need sadulad on harilikult h\u00e4sti polsterdatud, et summutada ebatasasuste tekitatud p\u00f5rutusi \u2013 muidugi kui sa \u00fcldse sadulas istud, mida maastikus\u00f5idul ei pruugi just v\u00e4ga tihti ette tulla.<\/p>\n<p>Maanteerataste sadulad on aga vastupidiselt loodud tagama mugavust pikkadel ajavahemikel, mil su tagumik sadulale toetub. Need toetavad mugavat s\u00f5itu ja v\u00f5ivad n\u00f5uda harjumist, nii et \u00e4ra viska uut sadulat nurka, kui sul esimeste s\u00f5itude j\u00e4rel istmik tulitab.<\/p>\n<p>Sadula otsingutel k\u00fcsis spetsialistilt n\u00f5u ja vali selline, mis sinu s\u00f5iduviisiga sobib \u2013 ning h\u00fcvesid saad nautida sama h\u00e4sti kui kohe. Samuti lase sadul professionaalil oma keha j\u00e4rgi paika s\u00e4ttida.<\/p>\n<h4>Jooksude v\u00e4ljavahetamine<\/h4>\n<p><a href=\"https:\/\/www.hobisport.ee\/index.php\/ffwd\">Jooksude<\/a> v\u00e4ljavahetamine on potentsiaalselt \u00fcks m\u00e4rgatavamaid t\u00e4iustusi, mida sa oma ratta juures teha saad, ent kindlasti mitte odavaim \u2013 mist\u00f5ttu see ongi nimistus m\u00f5nev\u00f5rra tagapool.<\/p>\n<p>Ratta pedaale v\u00e4ndates kasutad sa oma jalgade j\u00f5udu jooksude p\u00f6\u00f6rlemapanemiseks. Seega, mida kergemad jooksud, seda kergem on neid p\u00f6\u00f6rlema panna ja seda rutem sa kiirendad.<\/p>\n<p>Samal noodil j\u00e4tkates v\u00f5ib ka <a href=\"https:\/\/www.hobisport.ee\/index.php\/viimati-lisatud\/results,1-50?keyword=rehv&amp;limitstart=0&amp;option=com_virtuemart&amp;view=category&amp;virtuemart_category_id=0\">rehvide<\/a> v\u00e4ljavahetamine s\u00f5idu nauditavamaks muuta. Vahet pole, kas sa oled kitsastel ja siledatel rehvidel veerev maanteerattur v\u00f5i k\u00e4rnilistel rehvidel turniv m\u00e4girattur, vahe on enamasti tuntav. Kui sa aga tahad viimase peale v\u00e4lja minna, siis \u00fcleminek lohvita rehvidel on \u00fcks viis tagada, et kulutad rohkem aega rattaga s\u00f5itmisele ja v\u00e4hem rehvide paikamisele.<\/p>\n<h4>Paranda oma vormi<\/h4>\n<p>Meile ei meeldi seda v\u00e4ga \u00f6elda, aga kui sa tahad, et su ratas liiguks kiiremini ja kaugemale, siis parim viis seda saavutada on oma vormi parandada. P\u00f5him\u00f5tteliselt saab vormi parandada tasuta, aga see n\u00f5uab aega. Olgu see lihtsalt s\u00f5ites kilometraa\u017ei kogumine v\u00f5i ka muu treeningu lisamine \u2013 k\u00f5ik tuleb kasuks.<\/p>\n<p>Lisakilomeetreid v\u00f5id koguda n\u00e4iteks rattaga t\u00f6\u00f6le s\u00f5ites v\u00f5i oma marsruudile haake sisse tehes. Astu rattaklubi liikmeks \u2013 see on tihtipeale odavam kui j\u00f5usaali kliendikaart \u2013 ning sul on rohkem motivatsiooni sadulasse h\u00fcpata ja pikemaid otsi teha.<\/p>\n<p>Rattas\u00f5idu k\u00f5rval teiste aladega treenimine on kindel viis saada tugevamaks ja <a href=\"https:\/\/www.welovecycling.com\/wide\/2022\/11\/11\/tips-from-our-cycling-community-the-best-ways-to-build-and-maintain-endurance\/\">vastupidavamaks<\/a> ning minna enesekindlalt vastu j\u00e4rskudele t\u00f5usudele ja pikkadele distantsidele. Juhised kodusteks k\u00f5rge intensiivsusega intervalltreeninguteks (HIIT) v\u00f5i spetsiaalselt ratturitele m\u00f5eldud j\u00f5uharjutusteks on YouTube\u2019is saadaval tasuta ning nende efekt ilmneb \u00fcsna kiiresti. Kui oled j\u00f5utreeningute osas uustulnuk, v\u00f5ivad vaid kolm 20-minutilist treeningseanssi n\u00e4dalas sulle selget kasu tuua.<\/p>\n<p>Jalgratta s\u00e4\u00e4stlik t\u00e4iustamine on suurep\u00e4rane viis raha kokku hoida ja samal ajal rattas\u00f5itu rohkem nautida. Kuid \u00fchtlasi s\u00e4\u00e4stad sa meie planeeti! Muidugi oleks uus kiiskav ratas imetore, ent olemasolevat parimal viisil rakendades pole vaja uusi materjale kasutusse v\u00f5tta. Kaasnevad h\u00fcved on l\u00f5putud.<\/p>\n","protected":false},"excerpt":{"rendered":"<p>N\u00e4ha, kuidas s\u00f5brad oma uutel aerod\u00fcnaamilistel ratastel j\u00e4rgem\u00f6\u00f6da Strava segmente l\u00e4bivad, v\u00f5ib \u00fcsna kadedaks ajada, kui sul endal puudub v\u00f5imalus [&hellip;]<\/p>\n","protected":false},"author":174,"featured_media":850,"comment_status":"open","ping_status":"open","sticky":false,"template":"","format":"standard","meta":{"footnotes":""},"categories":[128],"tags":[],"global-categories":[22],"class_list":["post-842","post","type-post","status-publish","format-standard","has-post-thumbnail","hentry","category-tehnika","global-categories-cycling"],"yoast_head":"<!-- This site is optimized with the Yoast SEO Premium plugin v25.3 (Yoast SEO v25.9) - https:\/\/yoast.com\/wordpress\/plugins\/seo\/ -->\n<title>Kuidas oma jalgratast s\u00e4\u00e4stlikult t\u00e4iustada - \u0160koda We Love Cycling - Estonia<\/title>\n<meta name=\"description\" content=\"N\u00e4ha, kuidas s\u00f5brad oma uutel aerod\u00fcnaamilistel ratastel j\u00e4rgem\u00f6\u00f6da Strava segmente l\u00e4bivad, v\u00f5ib \u00fcsna kadedaks ajada, kui sul endal puudub v\u00f5imalus uhiuut ratast v\u00e4lja veeretada. V\u00f5i on su ratas tasapisi t\u00fc\u00fctuks muutunud ja m\u00f5ned t\u00e4iustused v\u00f5iksid vaimustusleegi taas s\u00fc\u00fcdata?\" \/>\n<meta name=\"robots\" content=\"index, follow, max-snippet:-1, max-image-preview:large, max-video-preview:-1\" \/>\n<link rel=\"canonical\" href=\"https:\/\/www.welovecycling.com\/ee\/2023\/06\/09\/kuidas-oma-jalgratast-saastlikult-taiustada\/\" \/>\n<meta property=\"og:locale\" content=\"et_EE\" \/>\n<meta property=\"og:type\" content=\"article\" \/>\n<meta property=\"og:title\" content=\"Kuidas oma jalgratast s\u00e4\u00e4stlikult t\u00e4iustada\" \/>\n<meta property=\"og:description\" content=\"N\u00e4ha, kuidas s\u00f5brad oma uutel aerod\u00fcnaamilistel ratastel j\u00e4rgem\u00f6\u00f6da Strava segmente l\u00e4bivad, v\u00f5ib \u00fcsna kadedaks ajada, kui sul endal puudub v\u00f5imalus uhiuut ratast v\u00e4lja veeretada. V\u00f5i on su ratas tasapisi t\u00fc\u00fctuks muutunud ja m\u00f5ned t\u00e4iustused v\u00f5iksid vaimustusleegi taas s\u00fc\u00fcdata?\" \/>\n<meta property=\"og:url\" content=\"https:\/\/www.welovecycling.com\/ee\/2023\/06\/09\/kuidas-oma-jalgratast-saastlikult-taiustada\/\" \/>\n<meta property=\"og:site_name\" content=\"\u0160koda We Love Cycling - Estonia\" \/>\n<meta property=\"article:published_time\" content=\"2023-06-09T11:33:59+00:00\" \/>\n<meta property=\"og:image\" content=\"https:\/\/d2p6e6u75xmxt8.cloudfront.net\/15\/2023\/05\/ratta-taiustamine-1.webp\" \/>\n\t<meta property=\"og:image:width\" content=\"887\" \/>\n\t<meta property=\"og:image:height\" content=\"551\" \/>\n\t<meta property=\"og:image:type\" content=\"image\/webp\" \/>\n<meta name=\"author\" content=\"andre\" \/>\n<meta name=\"twitter:card\" content=\"summary_large_image\" \/>\n<meta name=\"twitter:label1\" content=\"Written by\" \/>\n\t<meta name=\"twitter:data1\" content=\"Charlotte Murray\" \/>\n\t<meta name=\"twitter:label2\" content=\"Est. reading time\" \/>\n\t<meta name=\"twitter:data2\" content=\"5\" \/>\n<script type=\"application\/ld+json\" class=\"yoast-schema-graph\">{\"@context\":\"https:\/\/schema.org\",\"@graph\":[{\"@type\":\"WebPage\",\"@id\":\"https:\/\/www.welovecycling.com\/ee\/2023\/06\/09\/kuidas-oma-jalgratast-saastlikult-taiustada\/\",\"url\":\"https:\/\/www.welovecycling.com\/ee\/2023\/06\/09\/kuidas-oma-jalgratast-saastlikult-taiustada\/\",\"name\":\"Kuidas oma jalgratast s\u00e4\u00e4stlikult t\u00e4iustada - \u0160koda We Love Cycling - Estonia\",\"isPartOf\":{\"@id\":\"https:\/\/www.welovecycling.com\/ee\/#website\"},\"primaryImageOfPage\":{\"@id\":\"https:\/\/www.welovecycling.com\/ee\/2023\/06\/09\/kuidas-oma-jalgratast-saastlikult-taiustada\/#primaryimage\"},\"image\":{\"@id\":\"https:\/\/www.welovecycling.com\/ee\/2023\/06\/09\/kuidas-oma-jalgratast-saastlikult-taiustada\/#primaryimage\"},\"thumbnailUrl\":\"https:\/\/d2p6e6u75xmxt8.cloudfront.net\/15\/2023\/05\/ratta-taiustamine-1.webp\",\"datePublished\":\"2023-06-09T11:33:59+00:00\",\"author\":{\"@id\":\"https:\/\/www.welovecycling.com\/ee\/#\/schema\/person\/8b7101c4bd1b1ae9d3732ebb1e6caf57\"},\"description\":\"N\u00e4ha, kuidas s\u00f5brad oma uutel aerod\u00fcnaamilistel ratastel j\u00e4rgem\u00f6\u00f6da Strava segmente l\u00e4bivad, v\u00f5ib \u00fcsna kadedaks ajada, kui sul endal puudub v\u00f5imalus uhiuut ratast v\u00e4lja veeretada. V\u00f5i on su ratas tasapisi t\u00fc\u00fctuks muutunud ja m\u00f5ned t\u00e4iustused v\u00f5iksid vaimustusleegi taas s\u00fc\u00fcdata?\",\"inLanguage\":\"et\",\"potentialAction\":[{\"@type\":\"ReadAction\",\"target\":[\"https:\/\/www.welovecycling.com\/ee\/2023\/06\/09\/kuidas-oma-jalgratast-saastlikult-taiustada\/\"]}]},{\"@type\":\"ImageObject\",\"inLanguage\":\"et\",\"@id\":\"https:\/\/www.welovecycling.com\/ee\/2023\/06\/09\/kuidas-oma-jalgratast-saastlikult-taiustada\/#primaryimage\",\"url\":\"https:\/\/d2p6e6u75xmxt8.cloudfront.net\/15\/2023\/05\/ratta-taiustamine-1.webp\",\"contentUrl\":\"https:\/\/d2p6e6u75xmxt8.cloudfront.net\/15\/2023\/05\/ratta-taiustamine-1.webp\",\"width\":887,\"height\":551},{\"@type\":\"WebSite\",\"@id\":\"https:\/\/www.welovecycling.com\/ee\/#website\",\"url\":\"https:\/\/www.welovecycling.com\/ee\/\",\"name\":\"\u0160koda We Love Cycling - Estonia\",\"description\":\"\",\"potentialAction\":[{\"@type\":\"SearchAction\",\"target\":{\"@type\":\"EntryPoint\",\"urlTemplate\":\"https:\/\/www.welovecycling.com\/ee\/?s={search_term_string}\"},\"query-input\":{\"@type\":\"PropertyValueSpecification\",\"valueRequired\":true,\"valueName\":\"search_term_string\"}}],\"inLanguage\":\"et\"},{\"@type\":\"Person\",\"@id\":\"https:\/\/www.welovecycling.com\/ee\/#\/schema\/person\/8b7101c4bd1b1ae9d3732ebb1e6caf57\",\"name\":\"andre\",\"image\":{\"@type\":\"ImageObject\",\"inLanguage\":\"et\",\"@id\":\"https:\/\/www.welovecycling.com\/ee\/#\/schema\/person\/image\/\",\"url\":\"https:\/\/secure.gravatar.com\/avatar\/0656b3224fe17b018f43b8a562625dd43d30827f027b2f62bc5a05711fec9a61?s=96&d=mm&r=g\",\"contentUrl\":\"https:\/\/secure.gravatar.com\/avatar\/0656b3224fe17b018f43b8a562625dd43d30827f027b2f62bc5a05711fec9a61?s=96&d=mm&r=g\",\"caption\":\"andre\"},\"url\":\"https:\/\/www.welovecycling.com\/ee\/author\/andre\/\"}]}<\/script>\n<!-- \/ Yoast SEO Premium plugin. -->","yoast_head_json":{"title":"Kuidas oma jalgratast s\u00e4\u00e4stlikult t\u00e4iustada - \u0160koda We Love Cycling - Estonia","description":"N\u00e4ha, kuidas s\u00f5brad oma uutel aerod\u00fcnaamilistel ratastel j\u00e4rgem\u00f6\u00f6da Strava segmente l\u00e4bivad, v\u00f5ib \u00fcsna kadedaks ajada, kui sul endal puudub v\u00f5imalus uhiuut ratast v\u00e4lja veeretada. V\u00f5i on su ratas tasapisi t\u00fc\u00fctuks muutunud ja m\u00f5ned t\u00e4iustused v\u00f5iksid vaimustusleegi taas s\u00fc\u00fcdata?","robots":{"index":"index","follow":"follow","max-snippet":"max-snippet:-1","max-image-preview":"max-image-preview:large","max-video-preview":"max-video-preview:-1"},"canonical":"https:\/\/www.welovecycling.com\/ee\/2023\/06\/09\/kuidas-oma-jalgratast-saastlikult-taiustada\/","og_locale":"et_EE","og_type":"article","og_title":"Kuidas oma jalgratast s\u00e4\u00e4stlikult t\u00e4iustada","og_description":"N\u00e4ha, kuidas s\u00f5brad oma uutel aerod\u00fcnaamilistel ratastel j\u00e4rgem\u00f6\u00f6da Strava segmente l\u00e4bivad, v\u00f5ib \u00fcsna kadedaks ajada, kui sul endal puudub v\u00f5imalus uhiuut ratast v\u00e4lja veeretada. V\u00f5i on su ratas tasapisi t\u00fc\u00fctuks muutunud ja m\u00f5ned t\u00e4iustused v\u00f5iksid vaimustusleegi taas s\u00fc\u00fcdata?","og_url":"https:\/\/www.welovecycling.com\/ee\/2023\/06\/09\/kuidas-oma-jalgratast-saastlikult-taiustada\/","og_site_name":"\u0160koda We Love Cycling - Estonia","article_published_time":"2023-06-09T11:33:59+00:00","og_image":[{"width":887,"height":551,"url":"https:\/\/d2p6e6u75xmxt8.cloudfront.net\/15\/2023\/05\/ratta-taiustamine-1.webp","type":"image\/webp"}],"author":"andre","twitter_card":"summary_large_image","twitter_misc":{"Written by":"Charlotte Murray","Est. reading time":"5"},"schema":{"@context":"https:\/\/schema.org","@graph":[{"@type":"WebPage","@id":"https:\/\/www.welovecycling.com\/ee\/2023\/06\/09\/kuidas-oma-jalgratast-saastlikult-taiustada\/","url":"https:\/\/www.welovecycling.com\/ee\/2023\/06\/09\/kuidas-oma-jalgratast-saastlikult-taiustada\/","name":"Kuidas oma jalgratast s\u00e4\u00e4stlikult t\u00e4iustada - \u0160koda We Love Cycling - Estonia","isPartOf":{"@id":"https:\/\/www.welovecycling.com\/ee\/#website"},"primaryImageOfPage":{"@id":"https:\/\/www.welovecycling.com\/ee\/2023\/06\/09\/kuidas-oma-jalgratast-saastlikult-taiustada\/#primaryimage"},"image":{"@id":"https:\/\/www.welovecycling.com\/ee\/2023\/06\/09\/kuidas-oma-jalgratast-saastlikult-taiustada\/#primaryimage"},"thumbnailUrl":"https:\/\/d2p6e6u75xmxt8.cloudfront.net\/15\/2023\/05\/ratta-taiustamine-1.webp","datePublished":"2023-06-09T11:33:59+00:00","author":{"@id":"https:\/\/www.welovecycling.com\/ee\/#\/schema\/person\/8b7101c4bd1b1ae9d3732ebb1e6caf57"},"description":"N\u00e4ha, kuidas s\u00f5brad oma uutel aerod\u00fcnaamilistel ratastel j\u00e4rgem\u00f6\u00f6da Strava segmente l\u00e4bivad, v\u00f5ib \u00fcsna kadedaks ajada, kui sul endal puudub v\u00f5imalus uhiuut ratast v\u00e4lja veeretada. V\u00f5i on su ratas tasapisi t\u00fc\u00fctuks muutunud ja m\u00f5ned t\u00e4iustused v\u00f5iksid vaimustusleegi taas s\u00fc\u00fcdata?","inLanguage":"et","potentialAction":[{"@type":"ReadAction","target":["https:\/\/www.welovecycling.com\/ee\/2023\/06\/09\/kuidas-oma-jalgratast-saastlikult-taiustada\/"]}]},{"@type":"ImageObject","inLanguage":"et","@id":"https:\/\/www.welovecycling.com\/ee\/2023\/06\/09\/kuidas-oma-jalgratast-saastlikult-taiustada\/#primaryimage","url":"https:\/\/d2p6e6u75xmxt8.cloudfront.net\/15\/2023\/05\/ratta-taiustamine-1.webp","contentUrl":"https:\/\/d2p6e6u75xmxt8.cloudfront.net\/15\/2023\/05\/ratta-taiustamine-1.webp","width":887,"height":551},{"@type":"WebSite","@id":"https:\/\/www.welovecycling.com\/ee\/#website","url":"https:\/\/www.welovecycling.com\/ee\/","name":"\u0160koda We Love Cycling - Estonia","description":"","potentialAction":[{"@type":"SearchAction","target":{"@type":"EntryPoint","urlTemplate":"https:\/\/www.welovecycling.com\/ee\/?s={search_term_string}"},"query-input":{"@type":"PropertyValueSpecification","valueRequired":true,"valueName":"search_term_string"}}],"inLanguage":"et"},{"@type":"Person","@id":"https:\/\/www.welovecycling.com\/ee\/#\/schema\/person\/8b7101c4bd1b1ae9d3732ebb1e6caf57","name":"andre","image":{"@type":"ImageObject","inLanguage":"et","@id":"https:\/\/www.welovecycling.com\/ee\/#\/schema\/person\/image\/","url":"https:\/\/secure.gravatar.com\/avatar\/0656b3224fe17b018f43b8a562625dd43d30827f027b2f62bc5a05711fec9a61?s=96&d=mm&r=g","contentUrl":"https:\/\/secure.gravatar.com\/avatar\/0656b3224fe17b018f43b8a562625dd43d30827f027b2f62bc5a05711fec9a61?s=96&d=mm&r=g","caption":"andre"},"url":"https:\/\/www.welovecycling.com\/ee\/author\/andre\/"}]}},"_links":{"self":[{"href":"https:\/\/www.welovecycling.com\/ee\/wp-json\/wp\/v2\/posts\/842","targetHints":{"allow":["GET"]}}],"collection":[{"href":"https:\/\/www.welovecycling.com\/ee\/wp-json\/wp\/v2\/posts"}],"about":[{"href":"https:\/\/www.welovecycling.com\/ee\/wp-json\/wp\/v2\/types\/post"}],"author":[{"embeddable":true,"href":"https:\/\/www.welovecycling.com\/ee\/wp-json\/wp\/v2\/users\/174"}],"replies":[{"embeddable":true,"href":"https:\/\/www.welovecycling.com\/ee\/wp-json\/wp\/v2\/comments?post=842"}],"version-history":[{"count":2,"href":"https:\/\/www.welovecycling.com\/ee\/wp-json\/wp\/v2\/posts\/842\/revisions"}],"predecessor-version":[{"id":851,"href":"https:\/\/www.welovecycling.com\/ee\/wp-json\/wp\/v2\/posts\/842\/revisions\/851"}],"wp:featuredmedia":[{"embeddable":true,"href":"https:\/\/www.welovecycling.com\/ee\/wp-json\/wp\/v2\/media\/850"}],"wp:attachment":[{"href":"https:\/\/www.welovecycling.com\/ee\/wp-json\/wp\/v2\/media?parent=842"}],"wp:term":[{"taxonomy":"category","embeddable":true,"href":"https:\/\/www.welovecycling.com\/ee\/wp-json\/wp\/v2\/categories?post=842"},{"taxonomy":"post_tag","embeddable":true,"href":"https:\/\/www.welovecycling.com\/ee\/wp-json\/wp\/v2\/tags?post=842"},{"taxonomy":"global-categories","embeddable":true,"href":"https:\/\/www.welovecycling.com\/ee\/wp-json\/wp\/v2\/global-categories?post=842"}],"curies":[{"name":"wp","href":"https:\/\/api.w.org\/{rel}","templated":true}]}}