{"id":822,"date":"2023-05-03T10:43:37","date_gmt":"2023-05-03T10:43:37","guid":{"rendered":""},"modified":"2023-05-03T12:17:15","modified_gmt":"2023-05-03T12:17:15","slug":"skoda-ma-armastan-jalgrattasoitu-rattapaevad-lasteaias","status":"publish","type":"post","link":"https:\/\/www.welovecycling.com\/ee\/2023\/05\/03\/skoda-ma-armastan-jalgrattasoitu-rattapaevad-lasteaias\/","title":{"rendered":"\u0160koda &#8220;Ma Armastan Jalgrattas\u00f5itu&#8221; rattap\u00e4evad lasteaias"},"content":{"rendered":"<p>\u0160koda ja We Love Cyclingu \u00fcks suur soov\u00a0 on levitada jalgrattapisikut ja r\u00e4\u00e4kida turvalise liiklemise olulisusest. Laste jaoks on jalgratas vabaduse ja ise olemise s\u00fcmbol. Et k\u00f5ik s\u00f5idud saaks tehtud v\u00e4ikeste riskide ja suure r\u00f5\u00f5muga, andsime selleks oma v\u00e4ikese panuse.<\/p>\n<p><!--more--><\/p>\n<p><span style=\"font-weight: 400;\">We Love Cycling Eesti, PPA, CFC Rattaklubi ning \u0160koda Laagri korraldasid koost\u00f6\u00f6s r\u00f5\u00f5msa ja hariva rattap\u00e4eva Pirita Kose ja Laagri Veskitammi lasteaia kooliminevatele lastele. \u00dcheskoos tutvustati ohutut jalgrattas\u00f5itu, kiivri kandmise olulisust, s\u00f5idutee \u00fcletamise reegleid ning tuletati meelde olulisi liikluseeskirju. Vaadati \u00fcle milline on korras jalgratas, millega on turvaline s\u00f5itma minna. Lisaks sai iga laps end proovile panna jalgrattarajal. P\u00e4eva t\u00e4iendasid ka \u0160koda ja We Love Cyclingu meened. Loodame, et sellised ettev\u00f5tmised aitavad edendada laste huvi liikumisharrastuste vastu ning valmistavad neid ette turvaliseks osalemiseks igap\u00e4evases liikluses.<\/span><\/p>\n<p><span style=\"font-weight: 400;\"><br \/>\n<iframe loading=\"lazy\" title=\"YouTube video player\" src=\"https:\/\/www.youtube-nocookie.com\/embed\/NvWa9hpQcAc\" width=\"560\" height=\"315\" frameborder=\"0\" allowfullscreen=\"allowfullscreen\"><\/iframe><\/span><\/p>\n<p>&nbsp;<\/p>\n<h4>M\u00f5ned j\u00e4\u00e4dvustused Pirita Koselt ja Laagrist:<\/h4>\n<h4><span style=\"font-weight: 400;\"><a href=\"https:\/\/d2p6e6u75xmxt8.cloudfront.net\/15\/2023\/05\/image00009-scaled.webp\"><img loading=\"lazy\" decoding=\"async\" class=\"alignnone wp-image-825\" src=\"https:\/\/d2p6e6u75xmxt8.cloudfront.net\/15\/2023\/05\/image00009-1440x1920.webp\" alt=\"\" width=\"944\" height=\"1258\" srcset=\"https:\/\/d2p6e6u75xmxt8.cloudfront.net\/15\/2023\/05\/image00009-1440x1920.webp 1440w, https:\/\/d2p6e6u75xmxt8.cloudfront.net\/15\/2023\/05\/image00009-225x300.webp 225w, https:\/\/d2p6e6u75xmxt8.cloudfront.net\/15\/2023\/05\/image00009-768x1024.webp 768w, https:\/\/d2p6e6u75xmxt8.cloudfront.net\/15\/2023\/05\/image00009-1152x1536.webp 1152w, https:\/\/d2p6e6u75xmxt8.cloudfront.net\/15\/2023\/05\/image00009-1536x2048.webp 1536w, https:\/\/d2p6e6u75xmxt8.cloudfront.net\/15\/2023\/05\/image00009-300x400.webp 300w, https:\/\/d2p6e6u75xmxt8.cloudfront.net\/15\/2023\/05\/image00009-scaled.webp 1920w, https:\/\/d2p6e6u75xmxt8.cloudfront.net\/15\/2023\/05\/image00009-1440x1920.webp 1440w\" sizes=\"auto, (max-width: 944px) 100vw, 944px\" \/><\/a><\/span><\/h4>\n<h4><span style=\"font-weight: 400;\"> <a href=\"https:\/\/d2p6e6u75xmxt8.cloudfront.net\/15\/2023\/05\/image00004-scaled-e1683109955302.webp\"><img loading=\"lazy\" decoding=\"async\" class=\"alignnone wp-image-826\" src=\"https:\/\/d2p6e6u75xmxt8.cloudfront.net\/15\/2023\/05\/image00004-scaled-e1683109955302-1440x1920.webp\" alt=\"\" width=\"944\" height=\"1259\" srcset=\"https:\/\/d2p6e6u75xmxt8.cloudfront.net\/15\/2023\/05\/image00004-scaled-e1683109955302-1440x1920.webp 1440w, https:\/\/d2p6e6u75xmxt8.cloudfront.net\/15\/2023\/05\/image00004-scaled-e1683109955302-225x300.webp 225w, https:\/\/d2p6e6u75xmxt8.cloudfront.net\/15\/2023\/05\/image00004-scaled-e1683109955302-768x1024.webp 768w, https:\/\/d2p6e6u75xmxt8.cloudfront.net\/15\/2023\/05\/image00004-scaled-e1683109955302-1152x1536.webp 1152w, https:\/\/d2p6e6u75xmxt8.cloudfront.net\/15\/2023\/05\/image00004-scaled-e1683109955302-1536x2048.webp 1536w, https:\/\/d2p6e6u75xmxt8.cloudfront.net\/15\/2023\/05\/image00004-scaled-e1683109955302-300x400.webp 300w, https:\/\/d2p6e6u75xmxt8.cloudfront.net\/15\/2023\/05\/image00004-scaled-e1683109955302.webp 1920w, https:\/\/d2p6e6u75xmxt8.cloudfront.net\/15\/2023\/05\/image00004-scaled-e1683109955302-1440x1920.webp 1440w\" sizes=\"auto, (max-width: 944px) 100vw, 944px\" \/><\/a><\/span><\/h4>\n<h4><span style=\"font-weight: 400;\"> <a href=\"https:\/\/d2p6e6u75xmxt8.cloudfront.net\/15\/2023\/05\/image00033-scaled-e1683109969616.webp\"><img loading=\"lazy\" decoding=\"async\" class=\"alignnone wp-image-827\" src=\"https:\/\/d2p6e6u75xmxt8.cloudfront.net\/15\/2023\/05\/image00033-scaled-e1683109969616-1440x1920.webp\" alt=\"\" width=\"944\" height=\"1259\" srcset=\"https:\/\/d2p6e6u75xmxt8.cloudfront.net\/15\/2023\/05\/image00033-scaled-e1683109969616-1440x1920.webp 1440w, https:\/\/d2p6e6u75xmxt8.cloudfront.net\/15\/2023\/05\/image00033-scaled-e1683109969616-225x300.webp 225w, https:\/\/d2p6e6u75xmxt8.cloudfront.net\/15\/2023\/05\/image00033-scaled-e1683109969616-768x1024.webp 768w, https:\/\/d2p6e6u75xmxt8.cloudfront.net\/15\/2023\/05\/image00033-scaled-e1683109969616-1152x1536.webp 1152w, https:\/\/d2p6e6u75xmxt8.cloudfront.net\/15\/2023\/05\/image00033-scaled-e1683109969616-1536x2048.webp 1536w, https:\/\/d2p6e6u75xmxt8.cloudfront.net\/15\/2023\/05\/image00033-scaled-e1683109969616-300x400.webp 300w, https:\/\/d2p6e6u75xmxt8.cloudfront.net\/15\/2023\/05\/image00033-scaled-e1683109969616.webp 1920w, https:\/\/d2p6e6u75xmxt8.cloudfront.net\/15\/2023\/05\/image00033-scaled-e1683109969616-1440x1920.webp 1440w\" sizes=\"auto, (max-width: 944px) 100vw, 944px\" \/><\/a><\/span><\/h4>\n<h4><\/h4>\n<h4><\/h4>\n<h4><span style=\"font-weight: 400;\"><a href=\"https:\/\/d2p6e6u75xmxt8.cloudfront.net\/15\/2023\/05\/image00038-scaled-e1683110011689.webp\"><img loading=\"lazy\" decoding=\"async\" class=\"alignnone wp-image-828\" src=\"https:\/\/d2p6e6u75xmxt8.cloudfront.net\/15\/2023\/05\/image00038-scaled-e1683110011689-1440x1920.webp\" alt=\"\" width=\"944\" height=\"1259\" srcset=\"https:\/\/d2p6e6u75xmxt8.cloudfront.net\/15\/2023\/05\/image00038-scaled-e1683110011689-1440x1920.webp 1440w, https:\/\/d2p6e6u75xmxt8.cloudfront.net\/15\/2023\/05\/image00038-scaled-e1683110011689-225x300.webp 225w, https:\/\/d2p6e6u75xmxt8.cloudfront.net\/15\/2023\/05\/image00038-scaled-e1683110011689-768x1024.webp 768w, https:\/\/d2p6e6u75xmxt8.cloudfront.net\/15\/2023\/05\/image00038-scaled-e1683110011689-1152x1536.webp 1152w, https:\/\/d2p6e6u75xmxt8.cloudfront.net\/15\/2023\/05\/image00038-scaled-e1683110011689-1536x2048.webp 1536w, https:\/\/d2p6e6u75xmxt8.cloudfront.net\/15\/2023\/05\/image00038-scaled-e1683110011689-300x400.webp 300w, https:\/\/d2p6e6u75xmxt8.cloudfront.net\/15\/2023\/05\/image00038-scaled-e1683110011689.webp 1920w, https:\/\/d2p6e6u75xmxt8.cloudfront.net\/15\/2023\/05\/image00038-scaled-e1683110011689-1440x1920.webp 1440w\" sizes=\"auto, (max-width: 944px) 100vw, 944px\" \/><\/a> <\/span><\/h4>\n<h4><span style=\"font-weight: 400;\"><a href=\"https:\/\/d2p6e6u75xmxt8.cloudfront.net\/15\/2023\/05\/image00042-scaled-e1683110213932.webp\"><img loading=\"lazy\" decoding=\"async\" class=\"alignnone wp-image-830\" src=\"https:\/\/d2p6e6u75xmxt8.cloudfront.net\/15\/2023\/05\/image00042-scaled-e1683110213932-1440x1920.webp\" alt=\"\" width=\"944\" height=\"1259\" srcset=\"https:\/\/d2p6e6u75xmxt8.cloudfront.net\/15\/2023\/05\/image00042-scaled-e1683110213932-1440x1920.webp 1440w, https:\/\/d2p6e6u75xmxt8.cloudfront.net\/15\/2023\/05\/image00042-scaled-e1683110213932-225x300.webp 225w, https:\/\/d2p6e6u75xmxt8.cloudfront.net\/15\/2023\/05\/image00042-scaled-e1683110213932-768x1024.webp 768w, https:\/\/d2p6e6u75xmxt8.cloudfront.net\/15\/2023\/05\/image00042-scaled-e1683110213932-1152x1536.webp 1152w, https:\/\/d2p6e6u75xmxt8.cloudfront.net\/15\/2023\/05\/image00042-scaled-e1683110213932-1536x2048.webp 1536w, https:\/\/d2p6e6u75xmxt8.cloudfront.net\/15\/2023\/05\/image00042-scaled-e1683110213932-300x400.webp 300w, https:\/\/d2p6e6u75xmxt8.cloudfront.net\/15\/2023\/05\/image00042-scaled-e1683110213932.webp 1920w, https:\/\/d2p6e6u75xmxt8.cloudfront.net\/15\/2023\/05\/image00042-scaled-e1683110213932-1440x1920.webp 1440w\" sizes=\"auto, (max-width: 944px) 100vw, 944px\" \/><\/a><br \/>\n<\/span><\/h4>\n<p>&nbsp;<\/p>\n<p>&nbsp;<\/p>\n","protected":false},"excerpt":{"rendered":"<p>\u0160koda ja We Love Cyclingu \u00fcks suur soov\u00a0 on levitada jalgrattapisikut ja r\u00e4\u00e4kida turvalise liiklemise olulisusest. Laste jaoks on jalgratas [&hellip;]<\/p>\n","protected":false},"author":174,"featured_media":832,"comment_status":"open","ping_status":"open","sticky":false,"template":"","format":"standard","meta":{"footnotes":""},"categories":[9],"tags":[],"global-categories":[22],"class_list":["post-822","post","type-post","status-publish","format-standard","has-post-thumbnail","hentry","category-perekond","global-categories-cycling"],"yoast_head":"<!-- This site is optimized with the Yoast SEO Premium plugin v25.3 (Yoast SEO v25.9) - https:\/\/yoast.com\/wordpress\/plugins\/seo\/ -->\n<title>\u0160koda &quot;Ma Armastan Jalgrattas\u00f5itu&quot; rattap\u00e4evad lasteaias - \u0160koda We Love Cycling - Estonia<\/title>\n<meta name=\"description\" content=\"\u0160koda ja We Love Cyclingu \u00fcks suur soov\u00a0 on levitada jalgrattapisikut ja r\u00e4\u00e4kida turvalise liiklemise olulisusest. Laste jaoks on jalgratas vabaduse ja ise olemise s\u00fcmbol. Et k\u00f5ik s\u00f5idud saaks tehtud v\u00e4ikeste riskide ja suure r\u00f5\u00f5muga, andsime selleks oma v\u00e4ikese panuse.\" \/>\n<meta name=\"robots\" content=\"index, follow, max-snippet:-1, max-image-preview:large, max-video-preview:-1\" \/>\n<link rel=\"canonical\" href=\"https:\/\/www.welovecycling.com\/ee\/2023\/05\/03\/skoda-ma-armastan-jalgrattasoitu-rattapaevad-lasteaias\/\" \/>\n<meta property=\"og:locale\" content=\"et_EE\" \/>\n<meta property=\"og:type\" content=\"article\" \/>\n<meta property=\"og:title\" content=\"\u0160koda &quot;Ma Armastan Jalgrattas\u00f5itu&quot; rattap\u00e4evad lasteaias\" \/>\n<meta property=\"og:description\" content=\"\u0160koda ja We Love Cyclingu \u00fcks suur soov\u00a0 on levitada jalgrattapisikut ja r\u00e4\u00e4kida turvalise liiklemise olulisusest. Laste jaoks on jalgratas vabaduse ja ise olemise s\u00fcmbol. Et k\u00f5ik s\u00f5idud saaks tehtud v\u00e4ikeste riskide ja suure r\u00f5\u00f5muga, andsime selleks oma v\u00e4ikese panuse.\" \/>\n<meta property=\"og:url\" content=\"https:\/\/www.welovecycling.com\/ee\/2023\/05\/03\/skoda-ma-armastan-jalgrattasoitu-rattapaevad-lasteaias\/\" \/>\n<meta property=\"og:site_name\" content=\"\u0160koda We Love Cycling - Estonia\" \/>\n<meta property=\"article:published_time\" content=\"2023-05-03T10:43:37+00:00\" \/>\n<meta property=\"article:modified_time\" content=\"2023-05-03T12:17:15+00:00\" \/>\n<meta property=\"og:image\" content=\"https:\/\/d2p6e6u75xmxt8.cloudfront.net\/15\/2023\/05\/lasteaed.webp\" \/>\n\t<meta property=\"og:image:width\" content=\"900\" \/>\n\t<meta property=\"og:image:height\" content=\"642\" \/>\n\t<meta property=\"og:image:type\" content=\"image\/webp\" \/>\n<meta name=\"author\" content=\"andre\" \/>\n<meta name=\"twitter:card\" content=\"summary_large_image\" \/>\n<meta name=\"twitter:label1\" content=\"Written by\" \/>\n\t<meta name=\"twitter:data1\" content=\"Andre Kull\" \/>\n\t<meta name=\"twitter:label2\" content=\"Est. reading time\" \/>\n\t<meta name=\"twitter:data2\" content=\"3\" \/>\n<script type=\"application\/ld+json\" class=\"yoast-schema-graph\">{\"@context\":\"https:\/\/schema.org\",\"@graph\":[{\"@type\":\"WebPage\",\"@id\":\"https:\/\/www.welovecycling.com\/ee\/2023\/05\/03\/skoda-ma-armastan-jalgrattasoitu-rattapaevad-lasteaias\/\",\"url\":\"https:\/\/www.welovecycling.com\/ee\/2023\/05\/03\/skoda-ma-armastan-jalgrattasoitu-rattapaevad-lasteaias\/\",\"name\":\"\u0160koda \\\"Ma Armastan Jalgrattas\u00f5itu\\\" rattap\u00e4evad lasteaias - \u0160koda We Love Cycling - Estonia\",\"isPartOf\":{\"@id\":\"https:\/\/www.welovecycling.com\/ee\/#website\"},\"primaryImageOfPage\":{\"@id\":\"https:\/\/www.welovecycling.com\/ee\/2023\/05\/03\/skoda-ma-armastan-jalgrattasoitu-rattapaevad-lasteaias\/#primaryimage\"},\"image\":{\"@id\":\"https:\/\/www.welovecycling.com\/ee\/2023\/05\/03\/skoda-ma-armastan-jalgrattasoitu-rattapaevad-lasteaias\/#primaryimage\"},\"thumbnailUrl\":\"https:\/\/d2p6e6u75xmxt8.cloudfront.net\/15\/2023\/05\/lasteaed.webp\",\"datePublished\":\"2023-05-03T10:43:37+00:00\",\"dateModified\":\"2023-05-03T12:17:15+00:00\",\"author\":{\"@id\":\"https:\/\/www.welovecycling.com\/ee\/#\/schema\/person\/8b7101c4bd1b1ae9d3732ebb1e6caf57\"},\"description\":\"\u0160koda ja We Love Cyclingu \u00fcks suur soov\u00a0 on levitada jalgrattapisikut ja r\u00e4\u00e4kida turvalise liiklemise olulisusest. Laste jaoks on jalgratas vabaduse ja ise olemise s\u00fcmbol. Et k\u00f5ik s\u00f5idud saaks tehtud v\u00e4ikeste riskide ja suure r\u00f5\u00f5muga, andsime selleks oma v\u00e4ikese panuse.\",\"inLanguage\":\"et\",\"potentialAction\":[{\"@type\":\"ReadAction\",\"target\":[\"https:\/\/www.welovecycling.com\/ee\/2023\/05\/03\/skoda-ma-armastan-jalgrattasoitu-rattapaevad-lasteaias\/\"]}]},{\"@type\":\"ImageObject\",\"inLanguage\":\"et\",\"@id\":\"https:\/\/www.welovecycling.com\/ee\/2023\/05\/03\/skoda-ma-armastan-jalgrattasoitu-rattapaevad-lasteaias\/#primaryimage\",\"url\":\"https:\/\/d2p6e6u75xmxt8.cloudfront.net\/15\/2023\/05\/lasteaed.webp\",\"contentUrl\":\"https:\/\/d2p6e6u75xmxt8.cloudfront.net\/15\/2023\/05\/lasteaed.webp\",\"width\":900,\"height\":642},{\"@type\":\"WebSite\",\"@id\":\"https:\/\/www.welovecycling.com\/ee\/#website\",\"url\":\"https:\/\/www.welovecycling.com\/ee\/\",\"name\":\"\u0160koda We Love Cycling - Estonia\",\"description\":\"\",\"potentialAction\":[{\"@type\":\"SearchAction\",\"target\":{\"@type\":\"EntryPoint\",\"urlTemplate\":\"https:\/\/www.welovecycling.com\/ee\/?s={search_term_string}\"},\"query-input\":{\"@type\":\"PropertyValueSpecification\",\"valueRequired\":true,\"valueName\":\"search_term_string\"}}],\"inLanguage\":\"et\"},{\"@type\":\"Person\",\"@id\":\"https:\/\/www.welovecycling.com\/ee\/#\/schema\/person\/8b7101c4bd1b1ae9d3732ebb1e6caf57\",\"name\":\"andre\",\"image\":{\"@type\":\"ImageObject\",\"inLanguage\":\"et\",\"@id\":\"https:\/\/www.welovecycling.com\/ee\/#\/schema\/person\/image\/\",\"url\":\"https:\/\/secure.gravatar.com\/avatar\/0656b3224fe17b018f43b8a562625dd43d30827f027b2f62bc5a05711fec9a61?s=96&d=mm&r=g\",\"contentUrl\":\"https:\/\/secure.gravatar.com\/avatar\/0656b3224fe17b018f43b8a562625dd43d30827f027b2f62bc5a05711fec9a61?s=96&d=mm&r=g\",\"caption\":\"andre\"},\"url\":\"https:\/\/www.welovecycling.com\/ee\/author\/andre\/\"}]}<\/script>\n<!-- \/ Yoast SEO Premium plugin. -->","yoast_head_json":{"title":"\u0160koda \"Ma Armastan Jalgrattas\u00f5itu\" rattap\u00e4evad lasteaias - \u0160koda We Love Cycling - Estonia","description":"\u0160koda ja We Love Cyclingu \u00fcks suur soov\u00a0 on levitada jalgrattapisikut ja r\u00e4\u00e4kida turvalise liiklemise olulisusest. Laste jaoks on jalgratas vabaduse ja ise olemise s\u00fcmbol. Et k\u00f5ik s\u00f5idud saaks tehtud v\u00e4ikeste riskide ja suure r\u00f5\u00f5muga, andsime selleks oma v\u00e4ikese panuse.","robots":{"index":"index","follow":"follow","max-snippet":"max-snippet:-1","max-image-preview":"max-image-preview:large","max-video-preview":"max-video-preview:-1"},"canonical":"https:\/\/www.welovecycling.com\/ee\/2023\/05\/03\/skoda-ma-armastan-jalgrattasoitu-rattapaevad-lasteaias\/","og_locale":"et_EE","og_type":"article","og_title":"\u0160koda \"Ma Armastan Jalgrattas\u00f5itu\" rattap\u00e4evad lasteaias","og_description":"\u0160koda ja We Love Cyclingu \u00fcks suur soov\u00a0 on levitada jalgrattapisikut ja r\u00e4\u00e4kida turvalise liiklemise olulisusest. Laste jaoks on jalgratas vabaduse ja ise olemise s\u00fcmbol. Et k\u00f5ik s\u00f5idud saaks tehtud v\u00e4ikeste riskide ja suure r\u00f5\u00f5muga, andsime selleks oma v\u00e4ikese panuse.","og_url":"https:\/\/www.welovecycling.com\/ee\/2023\/05\/03\/skoda-ma-armastan-jalgrattasoitu-rattapaevad-lasteaias\/","og_site_name":"\u0160koda We Love Cycling - Estonia","article_published_time":"2023-05-03T10:43:37+00:00","article_modified_time":"2023-05-03T12:17:15+00:00","og_image":[{"width":900,"height":642,"url":"https:\/\/d2p6e6u75xmxt8.cloudfront.net\/15\/2023\/05\/lasteaed.webp","type":"image\/webp"}],"author":"andre","twitter_card":"summary_large_image","twitter_misc":{"Written by":"Andre Kull","Est. reading time":"3"},"schema":{"@context":"https:\/\/schema.org","@graph":[{"@type":"WebPage","@id":"https:\/\/www.welovecycling.com\/ee\/2023\/05\/03\/skoda-ma-armastan-jalgrattasoitu-rattapaevad-lasteaias\/","url":"https:\/\/www.welovecycling.com\/ee\/2023\/05\/03\/skoda-ma-armastan-jalgrattasoitu-rattapaevad-lasteaias\/","name":"\u0160koda \"Ma Armastan Jalgrattas\u00f5itu\" rattap\u00e4evad lasteaias - \u0160koda We Love Cycling - Estonia","isPartOf":{"@id":"https:\/\/www.welovecycling.com\/ee\/#website"},"primaryImageOfPage":{"@id":"https:\/\/www.welovecycling.com\/ee\/2023\/05\/03\/skoda-ma-armastan-jalgrattasoitu-rattapaevad-lasteaias\/#primaryimage"},"image":{"@id":"https:\/\/www.welovecycling.com\/ee\/2023\/05\/03\/skoda-ma-armastan-jalgrattasoitu-rattapaevad-lasteaias\/#primaryimage"},"thumbnailUrl":"https:\/\/d2p6e6u75xmxt8.cloudfront.net\/15\/2023\/05\/lasteaed.webp","datePublished":"2023-05-03T10:43:37+00:00","dateModified":"2023-05-03T12:17:15+00:00","author":{"@id":"https:\/\/www.welovecycling.com\/ee\/#\/schema\/person\/8b7101c4bd1b1ae9d3732ebb1e6caf57"},"description":"\u0160koda ja We Love Cyclingu \u00fcks suur soov\u00a0 on levitada jalgrattapisikut ja r\u00e4\u00e4kida turvalise liiklemise olulisusest. Laste jaoks on jalgratas vabaduse ja ise olemise s\u00fcmbol. Et k\u00f5ik s\u00f5idud saaks tehtud v\u00e4ikeste riskide ja suure r\u00f5\u00f5muga, andsime selleks oma v\u00e4ikese panuse.","inLanguage":"et","potentialAction":[{"@type":"ReadAction","target":["https:\/\/www.welovecycling.com\/ee\/2023\/05\/03\/skoda-ma-armastan-jalgrattasoitu-rattapaevad-lasteaias\/"]}]},{"@type":"ImageObject","inLanguage":"et","@id":"https:\/\/www.welovecycling.com\/ee\/2023\/05\/03\/skoda-ma-armastan-jalgrattasoitu-rattapaevad-lasteaias\/#primaryimage","url":"https:\/\/d2p6e6u75xmxt8.cloudfront.net\/15\/2023\/05\/lasteaed.webp","contentUrl":"https:\/\/d2p6e6u75xmxt8.cloudfront.net\/15\/2023\/05\/lasteaed.webp","width":900,"height":642},{"@type":"WebSite","@id":"https:\/\/www.welovecycling.com\/ee\/#website","url":"https:\/\/www.welovecycling.com\/ee\/","name":"\u0160koda We Love Cycling - Estonia","description":"","potentialAction":[{"@type":"SearchAction","target":{"@type":"EntryPoint","urlTemplate":"https:\/\/www.welovecycling.com\/ee\/?s={search_term_string}"},"query-input":{"@type":"PropertyValueSpecification","valueRequired":true,"valueName":"search_term_string"}}],"inLanguage":"et"},{"@type":"Person","@id":"https:\/\/www.welovecycling.com\/ee\/#\/schema\/person\/8b7101c4bd1b1ae9d3732ebb1e6caf57","name":"andre","image":{"@type":"ImageObject","inLanguage":"et","@id":"https:\/\/www.welovecycling.com\/ee\/#\/schema\/person\/image\/","url":"https:\/\/secure.gravatar.com\/avatar\/0656b3224fe17b018f43b8a562625dd43d30827f027b2f62bc5a05711fec9a61?s=96&d=mm&r=g","contentUrl":"https:\/\/secure.gravatar.com\/avatar\/0656b3224fe17b018f43b8a562625dd43d30827f027b2f62bc5a05711fec9a61?s=96&d=mm&r=g","caption":"andre"},"url":"https:\/\/www.welovecycling.com\/ee\/author\/andre\/"}]}},"_links":{"self":[{"href":"https:\/\/www.welovecycling.com\/ee\/wp-json\/wp\/v2\/posts\/822","targetHints":{"allow":["GET"]}}],"collection":[{"href":"https:\/\/www.welovecycling.com\/ee\/wp-json\/wp\/v2\/posts"}],"about":[{"href":"https:\/\/www.welovecycling.com\/ee\/wp-json\/wp\/v2\/types\/post"}],"author":[{"embeddable":true,"href":"https:\/\/www.welovecycling.com\/ee\/wp-json\/wp\/v2\/users\/174"}],"replies":[{"embeddable":true,"href":"https:\/\/www.welovecycling.com\/ee\/wp-json\/wp\/v2\/comments?post=822"}],"version-history":[{"count":6,"href":"https:\/\/www.welovecycling.com\/ee\/wp-json\/wp\/v2\/posts\/822\/revisions"}],"predecessor-version":[{"id":836,"href":"https:\/\/www.welovecycling.com\/ee\/wp-json\/wp\/v2\/posts\/822\/revisions\/836"}],"wp:featuredmedia":[{"embeddable":true,"href":"https:\/\/www.welovecycling.com\/ee\/wp-json\/wp\/v2\/media\/832"}],"wp:attachment":[{"href":"https:\/\/www.welovecycling.com\/ee\/wp-json\/wp\/v2\/media?parent=822"}],"wp:term":[{"taxonomy":"category","embeddable":true,"href":"https:\/\/www.welovecycling.com\/ee\/wp-json\/wp\/v2\/categories?post=822"},{"taxonomy":"post_tag","embeddable":true,"href":"https:\/\/www.welovecycling.com\/ee\/wp-json\/wp\/v2\/tags?post=822"},{"taxonomy":"global-categories","embeddable":true,"href":"https:\/\/www.welovecycling.com\/ee\/wp-json\/wp\/v2\/global-categories?post=822"}],"curies":[{"name":"wp","href":"https:\/\/api.w.org\/{rel}","templated":true}]}}