{"id":809,"date":"2023-05-01T16:01:38","date_gmt":"2023-05-01T16:01:38","guid":{"rendered":"https:\/\/www.welovecycling.com\/ee\/?p=809"},"modified":"2023-05-01T16:01:38","modified_gmt":"2023-05-01T16:01:38","slug":"dakari-ralli-jalgratastel-kuidas-sundis-skoda-titan-desert","status":"publish","type":"post","link":"https:\/\/www.welovecycling.com\/ee\/2023\/05\/01\/dakari-ralli-jalgratastel-kuidas-sundis-skoda-titan-desert\/","title":{"rendered":"Dakari ralli jalgratastel: kuidas s\u00fcndis \u0160koda Titan Desert"},"content":{"rendered":"<p>V\u00e4hesed iga-aastased m\u00e4girattav\u00f5istlused toimuvad nii ainulaadses ja vapustavas keskkonnas kui \u0160koda Titan Desert Morocco. Sahara liivaluidete ja Atlase m\u00e4estiku vahel peetav v\u00f5istlus lummab, innustab ja murrab rattureid aastast aastasse ning kergitab m\u00f5ned neist lausa legendi staatusse. We Love Cycling kohtus v\u00f5istluse korralduskomitee tegevjuhi ja kuuel korral seal osalenud Jes\u00fas Garciaga, et saada aru selle \u00fcrituse algup\u00e4rast ja arengutest.<\/p>\n<p><!--more--><\/p>\n<p>Ent esmalt v\u00e4ike sissejuhatus.<\/p>\n<p><a href=\"https:\/\/skodatitandesertmorocco.com\/en\/spirit\/\">\u0160koda Titan Desert Morocco<\/a> on mainekas kuuep\u00e4evane m\u00e4girattav\u00f5istlus, mis toimub igal aastal Marokos Sahara k\u00f5rbes ja t\u00f5mbab ligi v\u00e4ga erinevaid osalejaid \u2013 nii proffe kui ka amat\u00f6\u00f6re k\u00f5ikjalt maailmast. \u00dcrituse algup\u00e4ra on tegelikult tihedalt l\u00e4bi p\u00f5imunud <a href=\"https:\/\/www.welovecycling.com\/wide\/2022\/05\/05\/history-of-the-skoda-titan-desert-an-interview-with-the-races-director\/\">Dakari ralliga<\/a>. Esimest korda peeti see rattav\u00f5istlus aastal 2006 ning on n\u00fc\u00fcdseks kujunenud \u00fcheks keerulisemaks ja raskemaks omalaadseks kogu maailmas. Aastate jooksul on osalejaid olnud \u00fcle 5500, nende seas ka sellised jalgrattaspordi legendid nagu Miguel Indur\u00e1in, Anna Ram\u00edrez, Josep Betal\u00fa, Roberto Heras, Melchor Mauri ja Sylvain Chavanel.<\/p>\n<p>T\u00e4navune \u0160koda Titan Desert Morocco toimub 30. aprillist 5. maini. Stardipaik on Boumalne Dadesis ja fini\u0161 Maadidis ning v\u00f5istlejad peavad \u00fcletama Erg Chebbi luited ja Jbel Ougnat\u2019 m\u00e4eaheliku. Marsruudi kogupikkus on 625 kilomeetrit ning see sisaldab \u00fcle 7000 meetri t\u00f5usu, pikim etapp on 133,5-kilomeetrine. Ratturid peavad k\u00f5ik etapid l\u00e4bima k\u00f5rvalise abita, tulema toime j\u00e4rskude t\u00f5usude, kiviste laskumiste ja tohutute liivaluidetaga, aga samuti p\u00e4evasel ajal \u00fcle 40\u00b0C t\u00f5usva temperatuuriga. See loob m\u00f5istagi erakordselt pineva ja konkurentsitiheda \u00f5hkkonna, kuid v\u00f5istluse lipukiri \u201e<a href=\"https:\/\/skodatitandesertmorocco.com\/en\/spirit\/\">Titaani Vaim<\/a>\u201c (<em>Titan Spirit<\/em>) innustab rattureid \u201eennastsalgavalt kaaslasi abistama\u201c ja s\u00f5prussuhteid looma. Iga etapi l\u00f5pus saavad ratturid omavahel suhelda ja pingeid maandada k\u00f5rbesse umbes 700 osaleja jaoks p\u00fcsti pandud hiiglaslikus telklaadris.<\/p>\n<p>Aga r\u00e4\u00e4gime n\u00fc\u00fcd Jes\u00fas Garciaga. Tal on k\u00f5rgharidus kehakultuuri- ja sporditeaduses, hetkel on ta Experientia S&amp;E president, MKTG Spaini ja RPM Sportsi tegevjuht ning osaleb \u0160koda Titan Desert Morocco korraldamisel. Enne seda v\u00f5istles ta ise aastail 2012\u20132019 kuuel \u0160koda Titan Desert Moroccol, l\u00e4bis kokku 3829 kilomeetrit ja teenis \u00e4ra legendi tiitli (Titan Legend). Seega leidub v\u00e4he neid, kes suudaksid temast paremini valgustada meile v\u00f5istluse tagamaid mitmest vaatevinklist.<\/p>\n<p><a href=\"https:\/\/d2p6e6u75xmxt8.cloudfront.net\/15\/2023\/05\/desert2.webp\"><img loading=\"lazy\" decoding=\"async\" class=\"alignnone size-full wp-image-810\" src=\"https:\/\/d2p6e6u75xmxt8.cloudfront.net\/15\/2023\/05\/desert2.webp\" alt=\"\" width=\"793\" height=\"528\" srcset=\"https:\/\/d2p6e6u75xmxt8.cloudfront.net\/15\/2023\/05\/desert2.webp 793w, https:\/\/d2p6e6u75xmxt8.cloudfront.net\/15\/2023\/05\/desert2-300x200.webp 300w, https:\/\/d2p6e6u75xmxt8.cloudfront.net\/15\/2023\/05\/desert2-768x511.webp 768w, https:\/\/d2p6e6u75xmxt8.cloudfront.net\/15\/2023\/05\/desert2-400x266.webp 400w, https:\/\/d2p6e6u75xmxt8.cloudfront.net\/15\/2023\/05\/desert2-272x182.webp 272w\" sizes=\"auto, (max-width: 793px) 100vw, 793px\" \/><\/a><em>Marokos Atlase m\u00e4estiku ja Sahara k\u00f5rbe vahel toimuv ainulaadne m\u00e4girattav\u00f5istlus on rattureid ja pealtvaatajaid lummanud juba aastast 2006.<br \/>\n<\/em><\/p>\n<p><a href=\"https:\/\/d2p6e6u75xmxt8.cloudfront.net\/15\/2023\/05\/d1.webp\"><img loading=\"lazy\" decoding=\"async\" class=\"alignnone wp-image-811\" src=\"https:\/\/d2p6e6u75xmxt8.cloudfront.net\/15\/2023\/05\/d1.webp\" alt=\"\" width=\"988\" height=\"659\" srcset=\"https:\/\/d2p6e6u75xmxt8.cloudfront.net\/15\/2023\/05\/d1.webp 1000w, https:\/\/d2p6e6u75xmxt8.cloudfront.net\/15\/2023\/05\/d1-300x200.webp 300w, https:\/\/d2p6e6u75xmxt8.cloudfront.net\/15\/2023\/05\/d1-768x512.webp 768w, https:\/\/d2p6e6u75xmxt8.cloudfront.net\/15\/2023\/05\/d1-400x267.webp 400w, https:\/\/d2p6e6u75xmxt8.cloudfront.net\/15\/2023\/05\/d1-272x182.webp 272w\" sizes=\"auto, (max-width: 988px) 100vw, 988px\" \/><\/a><\/p>\n<h4>Milline on suurim muudatus, mida te 2006. aastaga v\u00f5rreldes t\u00e4hele olete pannud?<\/h4>\n<p>Muudatused, nagu isegi v\u00f5ite arvata, on olnud tohutud. Esimene kord oli seiklus iga\u00fchele, \u00fchtmoodi nii osalejatele kui ka korraldajatele. Ehkki meil oli kuhjaga kogemusi ja me tundsime Marokot v\u00e4ga h\u00e4sti, polnud me kunagi korraldanud seda t\u00fc\u00fcpi ega nii keerukat \u00fcritust. Tuletaksin ka meelde, et aastal 2006 polnud sedalaadi ettev\u00f5tmised kaugeltki nii populaarsed kui t\u00e4nap\u00e4eval.<\/p>\n<p>Praegu v\u00f5ime \u00f6elda, et \u0160koda Titan Desert Morocco on saanud maailmas etaloniks mitmeetapiliste m\u00e4girattav\u00f5istluste seas. Seejuures oleme s\u00e4ilitanud esimesest korrast p\u00e4rit seikluse ja enesearendamise vaimu, t\u00e4iendades seda tugevama sportliku konkurentsiga ning v\u00f5istlejatele pakutavate mugavuste ja esmaklassiliste teenustega.<\/p>\n<p>Muudatusi iseloomustab vast k\u00f5ige paremini selline v\u00f5rdlus, et kui esimesel korral suundusid v\u00f5istlejad igas m\u00f5ttes t\u00e4ielikku teadmatusse, siis t\u00e4nap\u00e4eval on paljudel osalejatel v\u00f5istluse nimi oma kehale t\u00e4toveeritud.<\/p>\n<p><a href=\"https:\/\/d2p6e6u75xmxt8.cloudfront.net\/15\/2023\/05\/d3.webp\"><img loading=\"lazy\" decoding=\"async\" class=\"alignnone wp-image-812\" src=\"https:\/\/d2p6e6u75xmxt8.cloudfront.net\/15\/2023\/05\/d3.webp\" alt=\"\" width=\"988\" height=\"659\" srcset=\"https:\/\/d2p6e6u75xmxt8.cloudfront.net\/15\/2023\/05\/d3.webp 998w, https:\/\/d2p6e6u75xmxt8.cloudfront.net\/15\/2023\/05\/d3-300x200.webp 300w, https:\/\/d2p6e6u75xmxt8.cloudfront.net\/15\/2023\/05\/d3-768x513.webp 768w, https:\/\/d2p6e6u75xmxt8.cloudfront.net\/15\/2023\/05\/d3-400x267.webp 400w, https:\/\/d2p6e6u75xmxt8.cloudfront.net\/15\/2023\/05\/d3-272x182.webp 272w\" sizes=\"auto, (max-width: 988px) 100vw, 988px\" \/><\/a><\/p>\n<h4>Kuidas teie praegune roll v\u00f5istlusel on esialgsega v\u00f5rreldes muutunud?<\/h4>\n<p>17 aastat tagasi unistasime m\u00e4girattas\u00f5idu oma \u201eDakari\u201c loomisest ja meil \u00f5nnestus tuua Maroko k\u00f5rbesse 150 ratturit \u2013 unistus muutuski t\u00f5eks. Hiljem l\u00e4bisin ma ise 3500 kilomeetrit ja sain Titani legendiks. Praegu olen tegevjuht ettev\u00f5ttes, mis viib sadu rattureid avastama radu Marokos, Almerias, Saudi Araabias ja mitmetes teistes tulevastes sihtkohtades. Seda k\u00f5ike 2006. aasta vaimu edasi kandes.<\/p>\n<p><a href=\"https:\/\/d2p6e6u75xmxt8.cloudfront.net\/15\/2023\/05\/d2.webp\"><img loading=\"lazy\" decoding=\"async\" class=\"alignnone size-full wp-image-813\" src=\"https:\/\/d2p6e6u75xmxt8.cloudfront.net\/15\/2023\/05\/d2.webp\" alt=\"\" width=\"988\" height=\"661\" srcset=\"https:\/\/d2p6e6u75xmxt8.cloudfront.net\/15\/2023\/05\/d2.webp 988w, https:\/\/d2p6e6u75xmxt8.cloudfront.net\/15\/2023\/05\/d2-300x201.webp 300w, https:\/\/d2p6e6u75xmxt8.cloudfront.net\/15\/2023\/05\/d2-768x514.webp 768w, https:\/\/d2p6e6u75xmxt8.cloudfront.net\/15\/2023\/05\/d2-400x268.webp 400w, https:\/\/d2p6e6u75xmxt8.cloudfront.net\/15\/2023\/05\/d2-272x182.webp 272w\" sizes=\"auto, (max-width: 988px) 100vw, 988px\" \/><\/a><\/p>\n<h4>Milline v\u00f5it on teile k\u00f5ige meeldej\u00e4\u00e4vam olnud? On teil ka m\u00f5ni eriti vapustav v\u00f5istlushetk meeles?<\/h4>\n<p>Tunnen uhkust k\u00f5igi v\u00f5itude \u00fcle, mida suurtuuride \u2013 La Vuelta v\u00f5i Tour de France \u2013 v\u00f5itjad Roberto Heras, Oscar Pereiro ja Cadel Evans on Titanil saavutanud. Lemmikhetk on kahtlemata v\u00f5istlejate saabumine viimase etapi fini\u0161ikaare alla, kus me anname neile \u00fcle fini\u0161eerija fossiilid (iga l\u00f5petaja saab poleeritud fossiilkivi) ja j\u00e4rgnev sadade osalejate plahvatuselaadne r\u00f5\u00f5mutunne.<\/p>\n<p><a href=\"https:\/\/d2p6e6u75xmxt8.cloudfront.net\/15\/2023\/05\/desert3.webp\"><img loading=\"lazy\" decoding=\"async\" class=\"alignnone size-full wp-image-817\" src=\"https:\/\/d2p6e6u75xmxt8.cloudfront.net\/15\/2023\/05\/desert3.webp\" alt=\"\" width=\"790\" height=\"525\" srcset=\"https:\/\/d2p6e6u75xmxt8.cloudfront.net\/15\/2023\/05\/desert3.webp 790w, https:\/\/d2p6e6u75xmxt8.cloudfront.net\/15\/2023\/05\/desert3-300x199.webp 300w, https:\/\/d2p6e6u75xmxt8.cloudfront.net\/15\/2023\/05\/desert3-768x510.webp 768w, https:\/\/d2p6e6u75xmxt8.cloudfront.net\/15\/2023\/05\/desert3-400x266.webp 400w, https:\/\/d2p6e6u75xmxt8.cloudfront.net\/15\/2023\/05\/desert3-272x182.webp 272w\" sizes=\"auto, (max-width: 790px) 100vw, 790px\" \/><\/a><em>Esimesest korrast alates on Titanil osalenud \u00fcle 5000 v\u00f5istleja, sealhulgas Hispaania k\u00f5igi aegade parim jalgrattur Miguel Indur\u00e1in.<\/em><\/p>\n<h4>Millised on teie soovid tulevaste Titan Deserti v\u00f5istluste osas? Kas sellel on veel kuskile p\u00fcrgida?<\/h4>\n<p>Me unistame oma suure seikluse viimisest teistele mandritele, et maastikurattas\u00f5idu armastajad saaksid osa selle v\u00f5istluse kontseptsioonist, mis \u00fchendab seikluse, kire ja pingutused. Loomulikult on osalejad meil peategelased ning me soovime neid kogu protsessi jooksul aidata parimat v\u00f5imalikku kvaliteeti pakkudes.<\/p>\n<h4>Mis teie arvates meelitab rattureid nii \u00e4\u00e4rmuslikult n\u00f5udlikule \u00fcritusele? Milles seisneb Titan Deserti ainulaadne vaim?<\/h4>\n<p>Esimene asi, mis osalejaid peibutab, on keskkond \u2013 aukartust tekitav Maroko k\u00f5rb. See v\u00f5ib olla \u00e4\u00e4rmiselt vaenulik, kuid sellest v\u00f5ib ka saada ideaalne taust oma sporditegevuse k\u00f5ige t\u00e4htsamale pingutusele, ning m\u00f5nel puhul kogu isiklikule elule. Tundida kaupa k\u00f5rbes rattaga s\u00f5ites j\u00f5uate varem v\u00f5i hiljem oma v\u00f5imete piirile ning siis ilmnevad teis sellised v\u00f5imed ja omadused, millest teil tolle hetkeni \u00f5rna aimugi polnud. Paljud osalejad on r\u00e4\u00e4kinud, et see seiklus on muutnud kogu nende ellusuhtumist. N\u00e4dala jooksul saavutab eneseohveruse vaim ning osalejate enesearenduse v\u00f5ime enneolematu ja ettearvamatu taseme.<\/p>\n<p>\u0160koda Titan Desert Morocco on ainulaadne ka oma \u201eTitaani Vaimu\u201c poolest. See pole n\u00e4htav, sel pole mingit kuju, aga see on alati v\u00f5istluse telklaagris kohal. See t\u00e4hendab seltsimehelikkust, \u00f5lg-\u00f5la-k\u00f5rval tunnet, solidaarsust, \u201et\u00e4na mina sulle, homme sina mulle\u201c suhtumist. See on koos kaasseiklejatega iga etapi fini\u0161ijoone \u00fcletamisel kogetav r\u00f5\u00f5mutunne ning oma p\u00e4evaste kogemuste jagamine, et koos j\u00e4rgmiseks p\u00e4evaks valmistuda. \u0160koda Titan Desert Morocco on parim sporti ja \u00f6\u00f6p\u00e4evaringset kooseksisteerimiset \u00fchendav kogemus inimestele, kel tunnevad \u00fchesugust kirge m\u00e4girattamaratonide suhtes.<\/p>\n<p>Hoiame teid kursis v\u00e4rskeimate uudistega kogu \u0160koda Titan Desert Morocco jooksul 30. aprillist 5. maini. Pange need kuup\u00e4evad kirja.<\/p>\n","protected":false},"excerpt":{"rendered":"<p>V\u00e4hesed iga-aastased m\u00e4girattav\u00f5istlused toimuvad nii ainulaadses ja vapustavas keskkonnas kui \u0160koda Titan Desert Morocco. Sahara liivaluidete ja Atlase m\u00e4estiku vahel [&hellip;]<\/p>\n","protected":false},"author":174,"featured_media":816,"comment_status":"open","ping_status":"open","sticky":false,"template":"","format":"standard","meta":{"footnotes":""},"categories":[5],"tags":[120,123,122,124,125,121,126],"global-categories":[22],"class_list":["post-809","post","type-post","status-publish","format-standard","has-post-thumbnail","hentry","category-adrenaliin","tag-2023-skoda-titan-desert","tag-anna-ramirez","tag-cadel-evans","tag-miguel-indurain","tag-roberto-heras","tag-skoda-titan-desert","tag-sylvian-chavanel","global-categories-cycling"],"yoast_head":"<!-- This site is optimized with the Yoast SEO Premium plugin v25.3 (Yoast SEO v25.9) - https:\/\/yoast.com\/wordpress\/plugins\/seo\/ -->\n<title>Dakari ralli jalgratastel: kuidas s\u00fcndis \u0160koda Titan Desert - \u0160koda We Love Cycling - Estonia<\/title>\n<meta name=\"description\" content=\"V\u00e4hesed iga-aastased m\u00e4girattav\u00f5istlused toimuvad nii ainulaadses ja vapustavas keskkonnas kui \u0160koda Titan Desert Morocco. Sahara liivaluidete ja Atlase m\u00e4estiku vahel peetav v\u00f5istlus lummab, innustab ja murrab rattureid aastast aastasse ning kergitab m\u00f5ned neist lausa legendi staatusse. We Love Cycling kohtus v\u00f5istluse korralduskomitee tegevjuhi ja kuuel korral seal osalenud Jes\u00fas Garciaga, et saada aru selle \u00fcrituse algup\u00e4rast ja arengutest.\" \/>\n<meta name=\"robots\" content=\"index, follow, max-snippet:-1, max-image-preview:large, max-video-preview:-1\" \/>\n<link rel=\"canonical\" href=\"https:\/\/www.welovecycling.com\/ee\/2023\/05\/01\/dakari-ralli-jalgratastel-kuidas-sundis-skoda-titan-desert\/\" \/>\n<meta property=\"og:locale\" content=\"et_EE\" \/>\n<meta property=\"og:type\" content=\"article\" \/>\n<meta property=\"og:title\" content=\"Dakari ralli jalgratastel: kuidas s\u00fcndis \u0160koda Titan Desert\" \/>\n<meta property=\"og:description\" content=\"V\u00e4hesed iga-aastased m\u00e4girattav\u00f5istlused toimuvad nii ainulaadses ja vapustavas keskkonnas kui \u0160koda Titan Desert Morocco. Sahara liivaluidete ja Atlase m\u00e4estiku vahel peetav v\u00f5istlus lummab, innustab ja murrab rattureid aastast aastasse ning kergitab m\u00f5ned neist lausa legendi staatusse. We Love Cycling kohtus v\u00f5istluse korralduskomitee tegevjuhi ja kuuel korral seal osalenud Jes\u00fas Garciaga, et saada aru selle \u00fcrituse algup\u00e4rast ja arengutest.\" \/>\n<meta property=\"og:url\" content=\"https:\/\/www.welovecycling.com\/ee\/2023\/05\/01\/dakari-ralli-jalgratastel-kuidas-sundis-skoda-titan-desert\/\" \/>\n<meta property=\"og:site_name\" content=\"\u0160koda We Love Cycling - Estonia\" \/>\n<meta property=\"article:published_time\" content=\"2023-05-01T16:01:38+00:00\" \/>\n<meta property=\"og:image\" content=\"https:\/\/d2p6e6u75xmxt8.cloudfront.net\/15\/2023\/05\/desert.webp\" \/>\n\t<meta property=\"og:image:width\" content=\"989\" \/>\n\t<meta property=\"og:image:height\" content=\"659\" \/>\n\t<meta property=\"og:image:type\" content=\"image\/webp\" \/>\n<meta name=\"author\" content=\"andre\" \/>\n<meta name=\"twitter:card\" content=\"summary_large_image\" \/>\n<meta name=\"twitter:label1\" content=\"Written by\" \/>\n\t<meta name=\"twitter:data1\" content=\"We Love Cycling\" \/>\n\t<meta name=\"twitter:label2\" content=\"Est. reading time\" \/>\n\t<meta name=\"twitter:data2\" content=\"6\" \/>\n<script type=\"application\/ld+json\" class=\"yoast-schema-graph\">{\"@context\":\"https:\/\/schema.org\",\"@graph\":[{\"@type\":\"WebPage\",\"@id\":\"https:\/\/www.welovecycling.com\/ee\/2023\/05\/01\/dakari-ralli-jalgratastel-kuidas-sundis-skoda-titan-desert\/\",\"url\":\"https:\/\/www.welovecycling.com\/ee\/2023\/05\/01\/dakari-ralli-jalgratastel-kuidas-sundis-skoda-titan-desert\/\",\"name\":\"Dakari ralli jalgratastel: kuidas s\u00fcndis \u0160koda Titan Desert - \u0160koda We Love Cycling - Estonia\",\"isPartOf\":{\"@id\":\"https:\/\/www.welovecycling.com\/ee\/#website\"},\"primaryImageOfPage\":{\"@id\":\"https:\/\/www.welovecycling.com\/ee\/2023\/05\/01\/dakari-ralli-jalgratastel-kuidas-sundis-skoda-titan-desert\/#primaryimage\"},\"image\":{\"@id\":\"https:\/\/www.welovecycling.com\/ee\/2023\/05\/01\/dakari-ralli-jalgratastel-kuidas-sundis-skoda-titan-desert\/#primaryimage\"},\"thumbnailUrl\":\"https:\/\/d2p6e6u75xmxt8.cloudfront.net\/15\/2023\/05\/desert.webp\",\"datePublished\":\"2023-05-01T16:01:38+00:00\",\"author\":{\"@id\":\"https:\/\/www.welovecycling.com\/ee\/#\/schema\/person\/8b7101c4bd1b1ae9d3732ebb1e6caf57\"},\"description\":\"V\u00e4hesed iga-aastased m\u00e4girattav\u00f5istlused toimuvad nii ainulaadses ja vapustavas keskkonnas kui \u0160koda Titan Desert Morocco. Sahara liivaluidete ja Atlase m\u00e4estiku vahel peetav v\u00f5istlus lummab, innustab ja murrab rattureid aastast aastasse ning kergitab m\u00f5ned neist lausa legendi staatusse. We Love Cycling kohtus v\u00f5istluse korralduskomitee tegevjuhi ja kuuel korral seal osalenud Jes\u00fas Garciaga, et saada aru selle \u00fcrituse algup\u00e4rast ja arengutest.\",\"inLanguage\":\"et\",\"potentialAction\":[{\"@type\":\"ReadAction\",\"target\":[\"https:\/\/www.welovecycling.com\/ee\/2023\/05\/01\/dakari-ralli-jalgratastel-kuidas-sundis-skoda-titan-desert\/\"]}]},{\"@type\":\"ImageObject\",\"inLanguage\":\"et\",\"@id\":\"https:\/\/www.welovecycling.com\/ee\/2023\/05\/01\/dakari-ralli-jalgratastel-kuidas-sundis-skoda-titan-desert\/#primaryimage\",\"url\":\"https:\/\/d2p6e6u75xmxt8.cloudfront.net\/15\/2023\/05\/desert.webp\",\"contentUrl\":\"https:\/\/d2p6e6u75xmxt8.cloudfront.net\/15\/2023\/05\/desert.webp\",\"width\":989,\"height\":659},{\"@type\":\"WebSite\",\"@id\":\"https:\/\/www.welovecycling.com\/ee\/#website\",\"url\":\"https:\/\/www.welovecycling.com\/ee\/\",\"name\":\"\u0160koda We Love Cycling - Estonia\",\"description\":\"\",\"potentialAction\":[{\"@type\":\"SearchAction\",\"target\":{\"@type\":\"EntryPoint\",\"urlTemplate\":\"https:\/\/www.welovecycling.com\/ee\/?s={search_term_string}\"},\"query-input\":{\"@type\":\"PropertyValueSpecification\",\"valueRequired\":true,\"valueName\":\"search_term_string\"}}],\"inLanguage\":\"et\"},{\"@type\":\"Person\",\"@id\":\"https:\/\/www.welovecycling.com\/ee\/#\/schema\/person\/8b7101c4bd1b1ae9d3732ebb1e6caf57\",\"name\":\"andre\",\"image\":{\"@type\":\"ImageObject\",\"inLanguage\":\"et\",\"@id\":\"https:\/\/www.welovecycling.com\/ee\/#\/schema\/person\/image\/\",\"url\":\"https:\/\/secure.gravatar.com\/avatar\/0656b3224fe17b018f43b8a562625dd43d30827f027b2f62bc5a05711fec9a61?s=96&d=mm&r=g\",\"contentUrl\":\"https:\/\/secure.gravatar.com\/avatar\/0656b3224fe17b018f43b8a562625dd43d30827f027b2f62bc5a05711fec9a61?s=96&d=mm&r=g\",\"caption\":\"andre\"},\"url\":\"https:\/\/www.welovecycling.com\/ee\/author\/andre\/\"}]}<\/script>\n<!-- \/ Yoast SEO Premium plugin. -->","yoast_head_json":{"title":"Dakari ralli jalgratastel: kuidas s\u00fcndis \u0160koda Titan Desert - \u0160koda We Love Cycling - Estonia","description":"V\u00e4hesed iga-aastased m\u00e4girattav\u00f5istlused toimuvad nii ainulaadses ja vapustavas keskkonnas kui \u0160koda Titan Desert Morocco. Sahara liivaluidete ja Atlase m\u00e4estiku vahel peetav v\u00f5istlus lummab, innustab ja murrab rattureid aastast aastasse ning kergitab m\u00f5ned neist lausa legendi staatusse. We Love Cycling kohtus v\u00f5istluse korralduskomitee tegevjuhi ja kuuel korral seal osalenud Jes\u00fas Garciaga, et saada aru selle \u00fcrituse algup\u00e4rast ja arengutest.","robots":{"index":"index","follow":"follow","max-snippet":"max-snippet:-1","max-image-preview":"max-image-preview:large","max-video-preview":"max-video-preview:-1"},"canonical":"https:\/\/www.welovecycling.com\/ee\/2023\/05\/01\/dakari-ralli-jalgratastel-kuidas-sundis-skoda-titan-desert\/","og_locale":"et_EE","og_type":"article","og_title":"Dakari ralli jalgratastel: kuidas s\u00fcndis \u0160koda Titan Desert","og_description":"V\u00e4hesed iga-aastased m\u00e4girattav\u00f5istlused toimuvad nii ainulaadses ja vapustavas keskkonnas kui \u0160koda Titan Desert Morocco. Sahara liivaluidete ja Atlase m\u00e4estiku vahel peetav v\u00f5istlus lummab, innustab ja murrab rattureid aastast aastasse ning kergitab m\u00f5ned neist lausa legendi staatusse. We Love Cycling kohtus v\u00f5istluse korralduskomitee tegevjuhi ja kuuel korral seal osalenud Jes\u00fas Garciaga, et saada aru selle \u00fcrituse algup\u00e4rast ja arengutest.","og_url":"https:\/\/www.welovecycling.com\/ee\/2023\/05\/01\/dakari-ralli-jalgratastel-kuidas-sundis-skoda-titan-desert\/","og_site_name":"\u0160koda We Love Cycling - Estonia","article_published_time":"2023-05-01T16:01:38+00:00","og_image":[{"width":989,"height":659,"url":"https:\/\/d2p6e6u75xmxt8.cloudfront.net\/15\/2023\/05\/desert.webp","type":"image\/webp"}],"author":"andre","twitter_card":"summary_large_image","twitter_misc":{"Written by":"We Love Cycling","Est. reading time":"6"},"schema":{"@context":"https:\/\/schema.org","@graph":[{"@type":"WebPage","@id":"https:\/\/www.welovecycling.com\/ee\/2023\/05\/01\/dakari-ralli-jalgratastel-kuidas-sundis-skoda-titan-desert\/","url":"https:\/\/www.welovecycling.com\/ee\/2023\/05\/01\/dakari-ralli-jalgratastel-kuidas-sundis-skoda-titan-desert\/","name":"Dakari ralli jalgratastel: kuidas s\u00fcndis \u0160koda Titan Desert - \u0160koda We Love Cycling - Estonia","isPartOf":{"@id":"https:\/\/www.welovecycling.com\/ee\/#website"},"primaryImageOfPage":{"@id":"https:\/\/www.welovecycling.com\/ee\/2023\/05\/01\/dakari-ralli-jalgratastel-kuidas-sundis-skoda-titan-desert\/#primaryimage"},"image":{"@id":"https:\/\/www.welovecycling.com\/ee\/2023\/05\/01\/dakari-ralli-jalgratastel-kuidas-sundis-skoda-titan-desert\/#primaryimage"},"thumbnailUrl":"https:\/\/d2p6e6u75xmxt8.cloudfront.net\/15\/2023\/05\/desert.webp","datePublished":"2023-05-01T16:01:38+00:00","author":{"@id":"https:\/\/www.welovecycling.com\/ee\/#\/schema\/person\/8b7101c4bd1b1ae9d3732ebb1e6caf57"},"description":"V\u00e4hesed iga-aastased m\u00e4girattav\u00f5istlused toimuvad nii ainulaadses ja vapustavas keskkonnas kui \u0160koda Titan Desert Morocco. Sahara liivaluidete ja Atlase m\u00e4estiku vahel peetav v\u00f5istlus lummab, innustab ja murrab rattureid aastast aastasse ning kergitab m\u00f5ned neist lausa legendi staatusse. We Love Cycling kohtus v\u00f5istluse korralduskomitee tegevjuhi ja kuuel korral seal osalenud Jes\u00fas Garciaga, et saada aru selle \u00fcrituse algup\u00e4rast ja arengutest.","inLanguage":"et","potentialAction":[{"@type":"ReadAction","target":["https:\/\/www.welovecycling.com\/ee\/2023\/05\/01\/dakari-ralli-jalgratastel-kuidas-sundis-skoda-titan-desert\/"]}]},{"@type":"ImageObject","inLanguage":"et","@id":"https:\/\/www.welovecycling.com\/ee\/2023\/05\/01\/dakari-ralli-jalgratastel-kuidas-sundis-skoda-titan-desert\/#primaryimage","url":"https:\/\/d2p6e6u75xmxt8.cloudfront.net\/15\/2023\/05\/desert.webp","contentUrl":"https:\/\/d2p6e6u75xmxt8.cloudfront.net\/15\/2023\/05\/desert.webp","width":989,"height":659},{"@type":"WebSite","@id":"https:\/\/www.welovecycling.com\/ee\/#website","url":"https:\/\/www.welovecycling.com\/ee\/","name":"\u0160koda We Love Cycling - Estonia","description":"","potentialAction":[{"@type":"SearchAction","target":{"@type":"EntryPoint","urlTemplate":"https:\/\/www.welovecycling.com\/ee\/?s={search_term_string}"},"query-input":{"@type":"PropertyValueSpecification","valueRequired":true,"valueName":"search_term_string"}}],"inLanguage":"et"},{"@type":"Person","@id":"https:\/\/www.welovecycling.com\/ee\/#\/schema\/person\/8b7101c4bd1b1ae9d3732ebb1e6caf57","name":"andre","image":{"@type":"ImageObject","inLanguage":"et","@id":"https:\/\/www.welovecycling.com\/ee\/#\/schema\/person\/image\/","url":"https:\/\/secure.gravatar.com\/avatar\/0656b3224fe17b018f43b8a562625dd43d30827f027b2f62bc5a05711fec9a61?s=96&d=mm&r=g","contentUrl":"https:\/\/secure.gravatar.com\/avatar\/0656b3224fe17b018f43b8a562625dd43d30827f027b2f62bc5a05711fec9a61?s=96&d=mm&r=g","caption":"andre"},"url":"https:\/\/www.welovecycling.com\/ee\/author\/andre\/"}]}},"_links":{"self":[{"href":"https:\/\/www.welovecycling.com\/ee\/wp-json\/wp\/v2\/posts\/809","targetHints":{"allow":["GET"]}}],"collection":[{"href":"https:\/\/www.welovecycling.com\/ee\/wp-json\/wp\/v2\/posts"}],"about":[{"href":"https:\/\/www.welovecycling.com\/ee\/wp-json\/wp\/v2\/types\/post"}],"author":[{"embeddable":true,"href":"https:\/\/www.welovecycling.com\/ee\/wp-json\/wp\/v2\/users\/174"}],"replies":[{"embeddable":true,"href":"https:\/\/www.welovecycling.com\/ee\/wp-json\/wp\/v2\/comments?post=809"}],"version-history":[{"count":5,"href":"https:\/\/www.welovecycling.com\/ee\/wp-json\/wp\/v2\/posts\/809\/revisions"}],"predecessor-version":[{"id":820,"href":"https:\/\/www.welovecycling.com\/ee\/wp-json\/wp\/v2\/posts\/809\/revisions\/820"}],"wp:featuredmedia":[{"embeddable":true,"href":"https:\/\/www.welovecycling.com\/ee\/wp-json\/wp\/v2\/media\/816"}],"wp:attachment":[{"href":"https:\/\/www.welovecycling.com\/ee\/wp-json\/wp\/v2\/media?parent=809"}],"wp:term":[{"taxonomy":"category","embeddable":true,"href":"https:\/\/www.welovecycling.com\/ee\/wp-json\/wp\/v2\/categories?post=809"},{"taxonomy":"post_tag","embeddable":true,"href":"https:\/\/www.welovecycling.com\/ee\/wp-json\/wp\/v2\/tags?post=809"},{"taxonomy":"global-categories","embeddable":true,"href":"https:\/\/www.welovecycling.com\/ee\/wp-json\/wp\/v2\/global-categories?post=809"}],"curies":[{"name":"wp","href":"https:\/\/api.w.org\/{rel}","templated":true}]}}