{"id":795,"date":"2023-05-26T13:18:23","date_gmt":"2023-05-26T13:18:23","guid":{"rendered":"https:\/\/www.welovecycling.com\/ee\/?p=795"},"modified":"2023-05-26T13:18:23","modified_gmt":"2023-05-26T13:18:23","slug":"teejuht-graveli-maailmas-jalgratta-ja-varustuse-valik","status":"publish","type":"post","link":"https:\/\/www.welovecycling.com\/ee\/2023\/05\/26\/teejuht-graveli-maailmas-jalgratta-ja-varustuse-valik\/","title":{"rendered":"Teejuht graveli maailmas \u2013 jalgratta ja varustuse valik"},"content":{"rendered":"<p>Vahet pole, kas liigud m\u00f6\u00f6da maalilisi k\u00fclateid v\u00f5i paned end proovile maastikul, \u00f5ige kruusaratta ja varustuse olemasolu on ladusa ja nauditava s\u00f5idukogemuse saavutamiseks v\u00e4ltimatu. Siinsed juhised aitavad sul leida ideaalse ratta, h\u00e4datarviliku varustuse ja t\u00e4iendavad tarvikud, mis tagavad s\u00f5itude turvalisuse ja mugavuse.<!--more--><\/p>\n<h2>Kruusaratta valik<\/h2>\n<p><a href=\"https:\/\/www.hobisport.ee\/index.php\/cannondale\/cyclocross-2\">Kruusarattad<\/a> (kasutatakse ka ingliskeelset s\u00f5na <em>gravel<\/em>) peavad erinevatel maastikel s\u00f5itmiseks olema universaalsed. Nad peavad endas \u00fchendama maanteeratta, m\u00e4giratta ja ts\u00fcklokrossiratta omadusi. Eesm\u00e4rk on ratas, mis tagaks mugava, stabiilse ja t\u00f5husa s\u00f5idu erinevatel pinnastel, sealhulgas kruusal, mullal ja sillutatud pinnal. Siin on p\u00f5hiomadused, mis kruusarattal peaksid olema:<\/p>\n<ul>\n<li>Raami materjal: kruusarattaid tehakse terasest, alumiiniumist s\u00fcsinikust ja titaanist raamiga. Alumiinium on algajale hea valik, pakkudes head tasakaalu suutlikkuse, vastupidavuse ja hinna vahel. See on terasraamist kergem ning s\u00fcsinikust ja titaanist odavam.<\/li>\n<li>Kahvlivahe: rehvi ja raamiosade vahekaugus on k\u00f5ige m\u00e4rgatavam erinevus maantee- ja kruusarataste vahel. Suurem kahvlivahe lubab kasutada suuremaid, \u00fcmaramaid rehve, mis pakuvad kehvadel pinnastel paremat haardumist ja mugavust.<\/li>\n<li>\u00dclekannete valik: kruusaratastel peavad olema v\u00e4iksema \u00fclekandega, et maastikul oleks j\u00e4rskudest t\u00f5usudest lihtsam \u00fcles ronida. \u00dclekannete valikul arvesta oma \u00fcmbruskonna maastiku erip\u00e4rasid ja isiklikke eelistusi.<\/li>\n<li>Pidurite t\u00fc\u00fcp: ketaspidurid, olgu h\u00fcdraulilised v\u00f5i mehaanilised, on \u00fcldiselt eelistatavamad t\u00e4nu paremale pidurdusv\u00f5imsusele ja modulatsioonile erinevates tingimustes.<\/li>\n<\/ul>\n<p>Ratta hea sobivus on kriitiline s\u00f5idumugavuse ja t\u00f5hususe jaoks. Tuleks teha proovis\u00f5ite erinevate suurustega ja kui sul on plaanis pikad kruusas\u00f5idud, tasuks kaaluda ka sobivuse paikas\u00e4ttimist professionaali abiga (bike fit). Piiratud eelarve puhul eelista endale olulisi omadusi, kuid \u00e4ra koonerda hea raami, ketaspidurite ja \u00f5ige \u00fclekande valikuga \u2013 hiljem r\u00f5\u00f5mustad nende olemasolu \u00fcle. Raha v\u00f5id kokku hoida taskukohasemate lenksude, stemmide ja sadulatorudega, neid saab alati hiljem uhkemate vastu vahetada. Alustuseks pole sul tarvis ka tippklassi jooksusid.<\/p>\n<p><a href=\"https:\/\/d2p6e6u75xmxt8.cloudfront.net\/15\/2023\/04\/gravel2.webp\"><img loading=\"lazy\" decoding=\"async\" class=\"alignnone size-full wp-image-803\" src=\"https:\/\/d2p6e6u75xmxt8.cloudfront.net\/15\/2023\/04\/gravel2.webp\" alt=\"\" width=\"988\" height=\"659\" srcset=\"https:\/\/d2p6e6u75xmxt8.cloudfront.net\/15\/2023\/04\/gravel2.webp 988w, https:\/\/d2p6e6u75xmxt8.cloudfront.net\/15\/2023\/04\/gravel2-300x200.webp 300w, https:\/\/d2p6e6u75xmxt8.cloudfront.net\/15\/2023\/04\/gravel2-768x512.webp 768w, https:\/\/d2p6e6u75xmxt8.cloudfront.net\/15\/2023\/04\/gravel2-400x267.webp 400w, https:\/\/d2p6e6u75xmxt8.cloudfront.net\/15\/2023\/04\/gravel2-272x182.webp 272w\" sizes=\"auto, (max-width: 988px) 100vw, 988px\" \/><\/a><em>Kruusas\u00f5idu nimi (inglise keeles gravel) tuleneb sellest, et s\u00f5idetakse ka sillutamata v\u00f5i kruusakattega teedel ja -radadel. See on kiiresti menu koguv sport, mis \u00fchendab maantees\u00f5idu, m\u00e4girattas\u00f5idu ja seikluse elemente. Tavaliselt kasutatakse selleks maanteeratast v\u00f5i velokrossiratast, mis raskema maastikuga toimetulemiseks on varustatud laiemate rehvidega. \u00a9 Profimedia<\/em><\/p>\n<h2>H\u00e4davajalik kruusas\u00f5iduvarustus<\/h2>\n<p>Enne uue rattaga esimesele kruusas\u00f5idule minekut vaata \u00fcle ka varustus. Siin on nimistu asjadest, mida sul kindlasti tarvis l\u00e4heb:<\/p>\n<ul>\n<li>Kiiver \u2013 kui otsid kruusas\u00f5iduks sobilikku kiivrit, vaata neid, millel reguleeritavad kinnitused tagavad kiivri mugava istumise, olemas on suured tuulutusavad ning visiir t\u00e4iendavaks kaitseks p\u00e4ikesevalguse ja pr\u00fcgi silmasattumise eest.<\/li>\n<li>Rattas\u00f5idukingad \u2013 paar h\u00e4id kruusas\u00f5idukingi \u00fchendab maantees\u00f5idukingade t\u00f5hususe j\u00f5u \u00fclekandmisel ning maastikus\u00f5idukingade mugavuse ja haardumise.<\/li>\n<li>Ilmastikuga sobiv riietus \u2013 kasuks tulevad kiirestikuivavad ja hingavad r\u00f5ivakihid, mida saab vajadusel h\u00f5lpsasti lisada v\u00f5i eemaldada. Kui eelarve lubab, investeeri vee- ja tuulekindlatesse v\u00e4liskihtidesse, et olla valmis pikkadel kruusas\u00f5itudel tavalisteks ootamatuteks ilmamuutusteks.<\/li>\n<li>Veepudelid v\u00f5i joogikotid \u2013 piisav joomine pikkadel kruusas\u00f5itudel on h\u00e4davajalik. Joogikotid v\u00f5imaldavad kaasa v\u00f5tta rohkem vett, kuni kolm liitrit. Kui joogikoti kandmine ei tundu sulle mugav, v\u00f5id eelistada veepudeleid. Nendega saad kaasa v\u00f5tta nii vett kui ka spordijooki.<\/li>\n<\/ul>\n<h2>Ratta paikas\u00e4ttimine<\/h2>\n<p>On veel m\u00f5ned asjad, mida kruusarattas\u00f5idu puhul peaks kaaluma. N\u00e4iteks millist t\u00fc\u00fcpi rehve, pedaale ja panipaiku valida.<\/p>\n<p><a href=\"https:\/\/www.hobisport.ee\/index.php\/poodi\/cyclocross\/gravel-ja-cx-rehvid-ja-tarvikud\/cyclocross-gravel-rehvid\">Kruusarehve<\/a> on erinevate laiuste, mustrite ja karkassi konstruktsioonidega. Laiemad rehvid pakuvad paremat mugavust ja haardumist, kuna kitsamad on siledamal pinnasel kiiremad. Mustrite valik ulatub kinnis\u00f5idetud kruusa jaoks m\u00f5eldud minimaalse s\u00fcgavusega turvisest kuni agressiivsete variantideni lahtise kruusa ja pori jaoks. Otsustamise aluseks peaks p\u00f5hiliselt olema sinu \u00fcmbruse maastik ja s\u00f5iduolud. Samuti pead silmas pidama rehvir\u00f5hku, sest see m\u00f5jutab haardumist, veeretakistust ja mugavust. Madalam r\u00f5hk lisab haardumist ja mugavust, kuid v\u00f5ib t\u00f5sta p\u00f6ia kahjustamise ohtu.<\/p>\n<p>Kruusarattas\u00f5idul tuleb teha keerukas valik kingaklotsiga ja platvormpedaalide vahel. Kingaklotsiga pedaalid tagavad parema j\u00f5u\u00fclekande ja t\u00f5hususe, kuid vajavad vastavaid s\u00f5idukingi ja klotse. Platvormpedaalid pakuvad kasutamislihtsust ja universaalsust, erijalatseid pole tarvis. Algajad v\u00f5ivadki eelistada platvormpedaale lihtsuse p\u00e4rast, kuna kogenumad ratturid v\u00f5ivad parema sooritusv\u00f5ime nimel valida kingaklotsiga pedaalid.<\/p>\n<p>Kruusarattas\u00f5itu saab edukalt teha ka rattamatkana. Kui sul m\u00f5lgub m\u00f5ttes seda proovida, peaksid m\u00f5tlema ka oma panipaikade valiku suurendamisele <a href=\"https:\/\/www.hobisport.ee\/index.php\/poodi\/lisatarvikud\/raami-ja-sadulakotid\">raamikottide<\/a>, sadulakottide ja lenksukottidega. Sel juhul saad raskemad esemed paigutada raamikottidesse ning kergemad lenksu- ja sadulakotti, et s\u00e4ilitada ratta stabiilsus ja hea juhitavus.<\/p>\n<p>\u00d5ige kruusaratta ja varustuse valik on p\u00f5him\u00f5ttelise t\u00e4htsusega, et oma kruusas\u00f5iduseiklusi t\u00f5eliselt nautida. Korralikult ettevalmistatuna oled valmis rinda pistma mistahes maastikuga ning tutvuma looduskaunite kohtadega.<\/p>\n","protected":false},"excerpt":{"rendered":"<p>Vahet pole, kas liigud m\u00f6\u00f6da maalilisi k\u00fclateid v\u00f5i paned end proovile maastikul, \u00f5ige kruusaratta ja varustuse olemasolu on ladusa ja [&hellip;]<\/p>\n","protected":false},"author":174,"featured_media":799,"comment_status":"open","ping_status":"open","sticky":false,"template":"","format":"standard","meta":{"footnotes":""},"categories":[12],"tags":[],"global-categories":[22],"class_list":["post-795","post","type-post","status-publish","format-standard","has-post-thumbnail","hentry","category-cx-gravel-mtb","global-categories-cycling"],"yoast_head":"<!-- This site is optimized with the Yoast SEO Premium plugin v25.3 (Yoast SEO v25.9) - https:\/\/yoast.com\/wordpress\/plugins\/seo\/ -->\n<title>Teejuht graveli maailmas \u2013 jalgratta ja varustuse valik - \u0160koda We Love Cycling - Estonia<\/title>\n<meta name=\"robots\" content=\"index, follow, max-snippet:-1, max-image-preview:large, max-video-preview:-1\" \/>\n<link rel=\"canonical\" href=\"https:\/\/www.welovecycling.com\/ee\/2023\/05\/26\/teejuht-graveli-maailmas-jalgratta-ja-varustuse-valik\/\" \/>\n<meta property=\"og:locale\" content=\"et_EE\" \/>\n<meta property=\"og:type\" content=\"article\" \/>\n<meta property=\"og:title\" content=\"Teejuht graveli maailmas \u2013 jalgratta ja varustuse valik\" \/>\n<meta property=\"og:description\" content=\"Vahet pole, kas liigud m\u00f6\u00f6da maalilisi k\u00fclateid v\u00f5i paned end proovile maastikul, \u00f5ige kruusaratta ja varustuse olemasolu on ladusa ja [&hellip;]\" \/>\n<meta property=\"og:url\" content=\"https:\/\/www.welovecycling.com\/ee\/2023\/05\/26\/teejuht-graveli-maailmas-jalgratta-ja-varustuse-valik\/\" \/>\n<meta property=\"og:site_name\" content=\"\u0160koda We Love Cycling - Estonia\" \/>\n<meta property=\"article:published_time\" content=\"2023-05-26T13:18:23+00:00\" \/>\n<meta property=\"og:image\" content=\"https:\/\/d2p6e6u75xmxt8.cloudfront.net\/15\/2023\/04\/gravel-1.webp\" \/>\n\t<meta property=\"og:image:width\" content=\"1458\" \/>\n\t<meta property=\"og:image:height\" content=\"789\" \/>\n\t<meta property=\"og:image:type\" content=\"image\/webp\" \/>\n<meta name=\"author\" content=\"andre\" \/>\n<meta name=\"twitter:card\" content=\"summary_large_image\" \/>\n<meta name=\"twitter:label1\" content=\"Written by\" \/>\n\t<meta name=\"twitter:data1\" content=\"Ji\u0159\u00ed Kalo\u010d\" \/>\n\t<meta name=\"twitter:label2\" content=\"Est. reading time\" \/>\n\t<meta name=\"twitter:data2\" content=\"4\" \/>\n<script type=\"application\/ld+json\" class=\"yoast-schema-graph\">{\"@context\":\"https:\/\/schema.org\",\"@graph\":[{\"@type\":\"WebPage\",\"@id\":\"https:\/\/www.welovecycling.com\/ee\/2023\/05\/26\/teejuht-graveli-maailmas-jalgratta-ja-varustuse-valik\/\",\"url\":\"https:\/\/www.welovecycling.com\/ee\/2023\/05\/26\/teejuht-graveli-maailmas-jalgratta-ja-varustuse-valik\/\",\"name\":\"Teejuht graveli maailmas \u2013 jalgratta ja varustuse valik - \u0160koda We Love Cycling - Estonia\",\"isPartOf\":{\"@id\":\"https:\/\/www.welovecycling.com\/ee\/#website\"},\"primaryImageOfPage\":{\"@id\":\"https:\/\/www.welovecycling.com\/ee\/2023\/05\/26\/teejuht-graveli-maailmas-jalgratta-ja-varustuse-valik\/#primaryimage\"},\"image\":{\"@id\":\"https:\/\/www.welovecycling.com\/ee\/2023\/05\/26\/teejuht-graveli-maailmas-jalgratta-ja-varustuse-valik\/#primaryimage\"},\"thumbnailUrl\":\"https:\/\/d2p6e6u75xmxt8.cloudfront.net\/15\/2023\/04\/gravel-1.webp\",\"datePublished\":\"2023-05-26T13:18:23+00:00\",\"author\":{\"@id\":\"https:\/\/www.welovecycling.com\/ee\/#\/schema\/person\/8b7101c4bd1b1ae9d3732ebb1e6caf57\"},\"inLanguage\":\"et\",\"potentialAction\":[{\"@type\":\"ReadAction\",\"target\":[\"https:\/\/www.welovecycling.com\/ee\/2023\/05\/26\/teejuht-graveli-maailmas-jalgratta-ja-varustuse-valik\/\"]}]},{\"@type\":\"ImageObject\",\"inLanguage\":\"et\",\"@id\":\"https:\/\/www.welovecycling.com\/ee\/2023\/05\/26\/teejuht-graveli-maailmas-jalgratta-ja-varustuse-valik\/#primaryimage\",\"url\":\"https:\/\/d2p6e6u75xmxt8.cloudfront.net\/15\/2023\/04\/gravel-1.webp\",\"contentUrl\":\"https:\/\/d2p6e6u75xmxt8.cloudfront.net\/15\/2023\/04\/gravel-1.webp\",\"width\":1458,\"height\":789},{\"@type\":\"WebSite\",\"@id\":\"https:\/\/www.welovecycling.com\/ee\/#website\",\"url\":\"https:\/\/www.welovecycling.com\/ee\/\",\"name\":\"\u0160koda We Love Cycling - Estonia\",\"description\":\"\",\"potentialAction\":[{\"@type\":\"SearchAction\",\"target\":{\"@type\":\"EntryPoint\",\"urlTemplate\":\"https:\/\/www.welovecycling.com\/ee\/?s={search_term_string}\"},\"query-input\":{\"@type\":\"PropertyValueSpecification\",\"valueRequired\":true,\"valueName\":\"search_term_string\"}}],\"inLanguage\":\"et\"},{\"@type\":\"Person\",\"@id\":\"https:\/\/www.welovecycling.com\/ee\/#\/schema\/person\/8b7101c4bd1b1ae9d3732ebb1e6caf57\",\"name\":\"andre\",\"image\":{\"@type\":\"ImageObject\",\"inLanguage\":\"et\",\"@id\":\"https:\/\/www.welovecycling.com\/ee\/#\/schema\/person\/image\/\",\"url\":\"https:\/\/secure.gravatar.com\/avatar\/0656b3224fe17b018f43b8a562625dd43d30827f027b2f62bc5a05711fec9a61?s=96&d=mm&r=g\",\"contentUrl\":\"https:\/\/secure.gravatar.com\/avatar\/0656b3224fe17b018f43b8a562625dd43d30827f027b2f62bc5a05711fec9a61?s=96&d=mm&r=g\",\"caption\":\"andre\"},\"url\":\"https:\/\/www.welovecycling.com\/ee\/author\/andre\/\"}]}<\/script>\n<!-- \/ Yoast SEO Premium plugin. -->","yoast_head_json":{"title":"Teejuht graveli maailmas \u2013 jalgratta ja varustuse valik - \u0160koda We Love Cycling - Estonia","robots":{"index":"index","follow":"follow","max-snippet":"max-snippet:-1","max-image-preview":"max-image-preview:large","max-video-preview":"max-video-preview:-1"},"canonical":"https:\/\/www.welovecycling.com\/ee\/2023\/05\/26\/teejuht-graveli-maailmas-jalgratta-ja-varustuse-valik\/","og_locale":"et_EE","og_type":"article","og_title":"Teejuht graveli maailmas \u2013 jalgratta ja varustuse valik","og_description":"Vahet pole, kas liigud m\u00f6\u00f6da maalilisi k\u00fclateid v\u00f5i paned end proovile maastikul, \u00f5ige kruusaratta ja varustuse olemasolu on ladusa ja [&hellip;]","og_url":"https:\/\/www.welovecycling.com\/ee\/2023\/05\/26\/teejuht-graveli-maailmas-jalgratta-ja-varustuse-valik\/","og_site_name":"\u0160koda We Love Cycling - Estonia","article_published_time":"2023-05-26T13:18:23+00:00","og_image":[{"width":1458,"height":789,"url":"https:\/\/d2p6e6u75xmxt8.cloudfront.net\/15\/2023\/04\/gravel-1.webp","type":"image\/webp"}],"author":"andre","twitter_card":"summary_large_image","twitter_misc":{"Written by":"Ji\u0159\u00ed Kalo\u010d","Est. reading time":"4"},"schema":{"@context":"https:\/\/schema.org","@graph":[{"@type":"WebPage","@id":"https:\/\/www.welovecycling.com\/ee\/2023\/05\/26\/teejuht-graveli-maailmas-jalgratta-ja-varustuse-valik\/","url":"https:\/\/www.welovecycling.com\/ee\/2023\/05\/26\/teejuht-graveli-maailmas-jalgratta-ja-varustuse-valik\/","name":"Teejuht graveli maailmas \u2013 jalgratta ja varustuse valik - \u0160koda We Love Cycling - Estonia","isPartOf":{"@id":"https:\/\/www.welovecycling.com\/ee\/#website"},"primaryImageOfPage":{"@id":"https:\/\/www.welovecycling.com\/ee\/2023\/05\/26\/teejuht-graveli-maailmas-jalgratta-ja-varustuse-valik\/#primaryimage"},"image":{"@id":"https:\/\/www.welovecycling.com\/ee\/2023\/05\/26\/teejuht-graveli-maailmas-jalgratta-ja-varustuse-valik\/#primaryimage"},"thumbnailUrl":"https:\/\/d2p6e6u75xmxt8.cloudfront.net\/15\/2023\/04\/gravel-1.webp","datePublished":"2023-05-26T13:18:23+00:00","author":{"@id":"https:\/\/www.welovecycling.com\/ee\/#\/schema\/person\/8b7101c4bd1b1ae9d3732ebb1e6caf57"},"inLanguage":"et","potentialAction":[{"@type":"ReadAction","target":["https:\/\/www.welovecycling.com\/ee\/2023\/05\/26\/teejuht-graveli-maailmas-jalgratta-ja-varustuse-valik\/"]}]},{"@type":"ImageObject","inLanguage":"et","@id":"https:\/\/www.welovecycling.com\/ee\/2023\/05\/26\/teejuht-graveli-maailmas-jalgratta-ja-varustuse-valik\/#primaryimage","url":"https:\/\/d2p6e6u75xmxt8.cloudfront.net\/15\/2023\/04\/gravel-1.webp","contentUrl":"https:\/\/d2p6e6u75xmxt8.cloudfront.net\/15\/2023\/04\/gravel-1.webp","width":1458,"height":789},{"@type":"WebSite","@id":"https:\/\/www.welovecycling.com\/ee\/#website","url":"https:\/\/www.welovecycling.com\/ee\/","name":"\u0160koda We Love Cycling - Estonia","description":"","potentialAction":[{"@type":"SearchAction","target":{"@type":"EntryPoint","urlTemplate":"https:\/\/www.welovecycling.com\/ee\/?s={search_term_string}"},"query-input":{"@type":"PropertyValueSpecification","valueRequired":true,"valueName":"search_term_string"}}],"inLanguage":"et"},{"@type":"Person","@id":"https:\/\/www.welovecycling.com\/ee\/#\/schema\/person\/8b7101c4bd1b1ae9d3732ebb1e6caf57","name":"andre","image":{"@type":"ImageObject","inLanguage":"et","@id":"https:\/\/www.welovecycling.com\/ee\/#\/schema\/person\/image\/","url":"https:\/\/secure.gravatar.com\/avatar\/0656b3224fe17b018f43b8a562625dd43d30827f027b2f62bc5a05711fec9a61?s=96&d=mm&r=g","contentUrl":"https:\/\/secure.gravatar.com\/avatar\/0656b3224fe17b018f43b8a562625dd43d30827f027b2f62bc5a05711fec9a61?s=96&d=mm&r=g","caption":"andre"},"url":"https:\/\/www.welovecycling.com\/ee\/author\/andre\/"}]}},"_links":{"self":[{"href":"https:\/\/www.welovecycling.com\/ee\/wp-json\/wp\/v2\/posts\/795","targetHints":{"allow":["GET"]}}],"collection":[{"href":"https:\/\/www.welovecycling.com\/ee\/wp-json\/wp\/v2\/posts"}],"about":[{"href":"https:\/\/www.welovecycling.com\/ee\/wp-json\/wp\/v2\/types\/post"}],"author":[{"embeddable":true,"href":"https:\/\/www.welovecycling.com\/ee\/wp-json\/wp\/v2\/users\/174"}],"replies":[{"embeddable":true,"href":"https:\/\/www.welovecycling.com\/ee\/wp-json\/wp\/v2\/comments?post=795"}],"version-history":[{"count":7,"href":"https:\/\/www.welovecycling.com\/ee\/wp-json\/wp\/v2\/posts\/795\/revisions"}],"predecessor-version":[{"id":805,"href":"https:\/\/www.welovecycling.com\/ee\/wp-json\/wp\/v2\/posts\/795\/revisions\/805"}],"wp:featuredmedia":[{"embeddable":true,"href":"https:\/\/www.welovecycling.com\/ee\/wp-json\/wp\/v2\/media\/799"}],"wp:attachment":[{"href":"https:\/\/www.welovecycling.com\/ee\/wp-json\/wp\/v2\/media?parent=795"}],"wp:term":[{"taxonomy":"category","embeddable":true,"href":"https:\/\/www.welovecycling.com\/ee\/wp-json\/wp\/v2\/categories?post=795"},{"taxonomy":"post_tag","embeddable":true,"href":"https:\/\/www.welovecycling.com\/ee\/wp-json\/wp\/v2\/tags?post=795"},{"taxonomy":"global-categories","embeddable":true,"href":"https:\/\/www.welovecycling.com\/ee\/wp-json\/wp\/v2\/global-categories?post=795"}],"curies":[{"name":"wp","href":"https:\/\/api.w.org\/{rel}","templated":true}]}}