{"id":781,"date":"2023-04-24T13:48:48","date_gmt":"2023-04-24T13:48:48","guid":{"rendered":""},"modified":"2023-04-25T06:35:50","modified_gmt":"2023-04-25T06:35:50","slug":"skoda-mtb-kolmapaevakult-le-tour-de-franceile","status":"publish","type":"post","link":"https:\/\/www.welovecycling.com\/ee\/2023\/04\/24\/skoda-mtb-kolmapaevakult-le-tour-de-franceile\/","title":{"rendered":"\u0160koda MTB Kolmap\u00e4evakult le Tour de France\u00b4ile!"},"content":{"rendered":"<div class=\"x11i5rnm xat24cr x1mh8g0r x1vvkbs xdj266r x126k92a\">\n<div dir=\"auto\">\u0160koda MTB Kolmap\u00e4evakult le Tour de France\u00b4ile!<\/div>\n<\/div>\n<div class=\"x11i5rnm xat24cr x1mh8g0r x1vvkbs xtlvy1s x126k92a\">\n<div dir=\"auto\"><a class=\"x1i10hfl xjbqb8w x6umtig x1b1mbwd xaqea5y xav7gou x9f619 x1ypdohk xt0psk2 xe8uvvx xdj266r x11i5rnm xat24cr x1mh8g0r xexx8yu x4uap5 x18d9i69 xkhd6sd x16tdsg8 x1hl2dhg xggy1nq x1a2a7pz xt0b8zv x1qq9wsj xo1l8bm\" tabindex=\"0\" role=\"link\" href=\"https:\/\/www.facebook.com\/skodalaagri\/?__cft__[0]=AZVzSU-_JWDmd0w82QzzqSJZuMyK7n4NrXVb-Urapf6Y9IzzplYVJVv1el7lsz6nBsKXyXfJJp4Ty0R3H-TyxXVZe0YWk5doUhTZuYwnVH-dpET9mdnGhlFitNm5O1aC5-dLoUZhBEqWvJo1-WQyawJVUmlcCz0tYlcFMD-X_YR175wD9TwTSPCYNRwP4AtmFpo&amp;__tn__=kK-R\"><span class=\"xt0psk2\">\u0160KODA Laagri<\/span><\/a> ja We Love Cycling Estonia lennutavad Sind maailma mainekamale velotuurile.<\/div>\n<\/div>\n<p><!--more--><\/p>\n<div class=\"x11i5rnm xat24cr x1mh8g0r x1vvkbs xtlvy1s x126k92a\">\n<div dir=\"auto\">\n<p>Kui sulle keegi t\u00e4na \u00fctleks, et paki oma asjad ja&#8230;.<\/p>\n<p>1. mine lennujaama<br \/>\n2. sind s\u00f5idutatakse Bilbaosse (ESP)<br \/>\n3. sind viiakse hotelli<br \/>\n4. s\u00f6\u00f6detakse, joodetakse<br \/>\n5. j\u00e4rgmisel hommikul s\u00f5idad koos Andy Schleckiga ratastel Tour de France avaetapi alguse kilomeetreid<br \/>\n6. vaatad kuidas antakse start 2023 aasta Tuurile<br \/>\n7. s\u00f5idad mugavas \u0160kodas kaasa <em>pelotoni<\/em> ees, sees ja taga, j\u00e4lgid m\u00e4ngu<br \/>\n8. teed tee \u00e4\u00e4res v\u00e4ikese pikniku<br \/>\n9. lendad helikopteriga <em>pelotoni<\/em> kohal<br \/>\n10. tervitad esimese etapi v\u00f5itjat fini\u0161his<br \/>\n11. tunned ennast t\u00f5elise rattapere liikmena<br \/>\n12. naudid rikkaliku \u00f5htus\u00f6\u00f6ki koos rattalegendidega<br \/>\n13. j\u00e4rgmisel p\u00e4eval lahkud koos heade emotsioonide ja meenetega tagasi kodu suunas.<\/p>\n<p>&#8230; sa vist ei m\u00f5tleks sekundit ka.<\/p>\n<\/div>\n<div style=\"width: 1920px;\" class=\"wp-video\"><!--[if lt IE 9]><script>document.createElement('video');<\/script><![endif]-->\n<video class=\"wp-video-shortcode\" id=\"video-781-1\" width=\"1920\" height=\"800\" preload=\"metadata\" controls=\"controls\"><source type=\"video\/mp4\" src=\"https:\/\/d2p6e6u75xmxt8.cloudfront.net\/15\/2023\/04\/1682004105773.mp4?_=1\" \/><a href=\"https:\/\/d2p6e6u75xmxt8.cloudfront.net\/15\/2023\/04\/1682004105773.mp4\">https:\/\/d2p6e6u75xmxt8.cloudfront.net\/15\/2023\/04\/1682004105773.mp4<\/a><\/video><\/div>\n<div dir=\"auto\">\n<p>Kui sa tahad seda k\u00f5ike endale v\u00f5ita, siis sa ei pea tegema muud, kui osalema <a href=\"https:\/\/kolmapaev.ee\/\">\u0160koda MTB Kolmap\u00e4evaku<\/a> etappidel.<br \/>\nLoosis osalevad k\u00f5ik, kes on registreerinud end kogu \u0160koda MTB Kolmap\u00e4evakute 2023 sarja etappidele ning kes v\u00f5tavad osa Kolmap\u00e4evakute \u00fcksiketappidest vahemikus 12.04.2023-07.06.2023. Loosimine toimub 09.06.2023 \u0160koda Laagris.<br \/>\n\u0160koda on olnud le Tour de France&#8217;i sponsor juba 20 aastat \u2013 t\u00e4hista seda koos meiega!<\/p>\n<\/div>\n<\/div>\n<div class=\"x11i5rnm xat24cr x1mh8g0r x1vvkbs xtlvy1s x126k92a\">\n<div dir=\"auto\"><\/div>\n<\/div>\n<div class=\"x11i5rnm xat24cr x1mh8g0r x1vvkbs xtlvy1s x126k92a\">\n<div dir=\"auto\">Tutvu tingimustega: <a class=\"x1i10hfl xjbqb8w x6umtig x1b1mbwd xaqea5y xav7gou x9f619 x1ypdohk xt0psk2 xe8uvvx xdj266r x11i5rnm xat24cr x1mh8g0r xexx8yu x4uap5 x18d9i69 xkhd6sd x16tdsg8 x1hl2dhg xggy1nq x1a2a7pz xt0b8zv x1fey0fg\" tabindex=\"0\" role=\"link\" href=\"https:\/\/www.skodalaagri.ee\/tourdefrance\/?fbclid=IwAR2LAUCqLI0nRkMwFp3WTSSGKB4lf-2LLUkoyZIHq6h6CMVUHYiaYLRrUHs\" target=\"_blank\" rel=\"nofollow noopener\">https:\/\/www.skodalaagri.ee\/tourdefrance\/<\/a><\/div>\n<div dir=\"auto\">Loosis osalemiseks registreeri end SIIN: <a class=\"x1i10hfl xjbqb8w x6umtig x1b1mbwd xaqea5y xav7gou x9f619 x1ypdohk xt0psk2 xe8uvvx xdj266r x11i5rnm xat24cr x1mh8g0r xexx8yu x4uap5 x18d9i69 xkhd6sd x16tdsg8 x1hl2dhg xggy1nq x1a2a7pz xt0b8zv x1fey0fg\" tabindex=\"0\" role=\"link\" href=\"https:\/\/kolmapaev.ee\/?fbclid=IwAR3gqQ9RO7c4WJFh0qHmnRNnglvq-A6Rhp9jbxp1xDI92Wxm5YoCIE9cRiw\" target=\"_blank\" rel=\"nofollow noopener\">https:\/\/kolmapaev.ee\/<\/a><\/div>\n<\/div>\n<div dir=\"auto\"><\/div>\n<div dir=\"auto\"><\/div>\n<div dir=\"auto\"><a href=\"https:\/\/d2p6e6u75xmxt8.cloudfront.net\/15\/2023\/04\/Tour_France_koduleht-scaled.webp\"><img loading=\"lazy\" decoding=\"async\" class=\"alignnone size-extra-large wp-image-792\" src=\"https:\/\/d2p6e6u75xmxt8.cloudfront.net\/15\/2023\/04\/Tour_France_koduleht-1920x501.webp\" alt=\"\" width=\"1920\" height=\"501\" srcset=\"https:\/\/d2p6e6u75xmxt8.cloudfront.net\/15\/2023\/04\/Tour_France_koduleht-1920x501.webp 1920w, https:\/\/d2p6e6u75xmxt8.cloudfront.net\/15\/2023\/04\/Tour_France_koduleht-300x78.webp 300w, https:\/\/d2p6e6u75xmxt8.cloudfront.net\/15\/2023\/04\/Tour_France_koduleht-1024x267.webp 1024w, https:\/\/d2p6e6u75xmxt8.cloudfront.net\/15\/2023\/04\/Tour_France_koduleht-768x200.webp 768w, https:\/\/d2p6e6u75xmxt8.cloudfront.net\/15\/2023\/04\/Tour_France_koduleht-1536x400.webp 1536w, https:\/\/d2p6e6u75xmxt8.cloudfront.net\/15\/2023\/04\/Tour_France_koduleht-2048x534.webp 2048w, https:\/\/d2p6e6u75xmxt8.cloudfront.net\/15\/2023\/04\/Tour_France_koduleht-400x104.webp 400w, https:\/\/d2p6e6u75xmxt8.cloudfront.net\/15\/2023\/04\/Tour_France_koduleht-1920x501.webp 1920w\" sizes=\"auto, (max-width: 1920px) 100vw, 1920px\" \/><\/a><\/div>\n","protected":false},"excerpt":{"rendered":"<p>\u0160koda MTB Kolmap\u00e4evakult le Tour de France\u00b4ile! \u0160KODA Laagri ja We Love Cycling Estonia lennutavad Sind maailma mainekamale velotuurile.<\/p>\n","protected":false},"author":174,"featured_media":791,"comment_status":"open","ping_status":"open","sticky":false,"template":"","format":"standard","meta":{"footnotes":""},"categories":[39],"tags":[14],"global-categories":[22],"class_list":["post-781","post","type-post","status-publish","format-standard","has-post-thumbnail","hentry","category-maanteesoit","tag-tour-de-france","global-categories-cycling"],"yoast_head":"<!-- This site is optimized with the Yoast SEO Premium plugin v25.3 (Yoast SEO v25.9) - https:\/\/yoast.com\/wordpress\/plugins\/seo\/ -->\n<title>\u0160koda MTB Kolmap\u00e4evakult le Tour de France\u00b4ile! - \u0160koda We Love Cycling - Estonia<\/title>\n<meta name=\"description\" content=\"\u0160koda MTB Kolmap\u00e4evakult le Tour de France\u00b4ile!\u0160KODA Laagri ja We Love Cycling Estonia lennutavad Sind maailma mainekamale velotuurile.\" \/>\n<meta name=\"robots\" content=\"index, follow, max-snippet:-1, max-image-preview:large, max-video-preview:-1\" \/>\n<link rel=\"canonical\" href=\"https:\/\/www.welovecycling.com\/ee\/2023\/04\/24\/skoda-mtb-kolmapaevakult-le-tour-de-franceile\/\" \/>\n<meta property=\"og:locale\" content=\"et_EE\" \/>\n<meta property=\"og:type\" content=\"article\" \/>\n<meta property=\"og:title\" content=\"\u0160koda MTB Kolmap\u00e4evakult le Tour de France\u00b4ile!\" \/>\n<meta property=\"og:description\" content=\"\u0160koda MTB Kolmap\u00e4evakult le Tour de France\u00b4ile!\u0160KODA Laagri ja We Love Cycling Estonia lennutavad Sind maailma mainekamale velotuurile.\" \/>\n<meta property=\"og:url\" content=\"https:\/\/www.welovecycling.com\/ee\/2023\/04\/24\/skoda-mtb-kolmapaevakult-le-tour-de-franceile\/\" \/>\n<meta property=\"og:site_name\" content=\"\u0160koda We Love Cycling - Estonia\" \/>\n<meta property=\"article:published_time\" content=\"2023-04-24T13:48:48+00:00\" \/>\n<meta property=\"article:modified_time\" content=\"2023-04-25T06:35:50+00:00\" \/>\n<meta property=\"og:image\" content=\"https:\/\/d2p6e6u75xmxt8.cloudfront.net\/15\/2023\/04\/300842645_10221533220623493_6330192958776816515_n.webp\" \/>\n\t<meta property=\"og:image:width\" content=\"2000\" \/>\n\t<meta property=\"og:image:height\" content=\"1333\" \/>\n\t<meta property=\"og:image:type\" content=\"image\/webp\" \/>\n<meta name=\"author\" content=\"andre\" \/>\n<meta name=\"twitter:card\" content=\"summary_large_image\" \/>\n<meta name=\"twitter:label1\" content=\"Written by\" \/>\n\t<meta name=\"twitter:data1\" content=\"Andre Kull\" \/>\n\t<meta name=\"twitter:label2\" content=\"Est. reading time\" \/>\n\t<meta name=\"twitter:data2\" content=\"3\" \/>\n<script type=\"application\/ld+json\" class=\"yoast-schema-graph\">{\"@context\":\"https:\/\/schema.org\",\"@graph\":[{\"@type\":\"WebPage\",\"@id\":\"https:\/\/www.welovecycling.com\/ee\/2023\/04\/24\/skoda-mtb-kolmapaevakult-le-tour-de-franceile\/\",\"url\":\"https:\/\/www.welovecycling.com\/ee\/2023\/04\/24\/skoda-mtb-kolmapaevakult-le-tour-de-franceile\/\",\"name\":\"\u0160koda MTB Kolmap\u00e4evakult le Tour de France\u00b4ile! - \u0160koda We Love Cycling - Estonia\",\"isPartOf\":{\"@id\":\"https:\/\/www.welovecycling.com\/ee\/#website\"},\"primaryImageOfPage\":{\"@id\":\"https:\/\/www.welovecycling.com\/ee\/2023\/04\/24\/skoda-mtb-kolmapaevakult-le-tour-de-franceile\/#primaryimage\"},\"image\":{\"@id\":\"https:\/\/www.welovecycling.com\/ee\/2023\/04\/24\/skoda-mtb-kolmapaevakult-le-tour-de-franceile\/#primaryimage\"},\"thumbnailUrl\":\"https:\/\/d2p6e6u75xmxt8.cloudfront.net\/15\/2023\/04\/300842645_10221533220623493_6330192958776816515_n.webp\",\"datePublished\":\"2023-04-24T13:48:48+00:00\",\"dateModified\":\"2023-04-25T06:35:50+00:00\",\"author\":{\"@id\":\"https:\/\/www.welovecycling.com\/ee\/#\/schema\/person\/8b7101c4bd1b1ae9d3732ebb1e6caf57\"},\"description\":\"\u0160koda MTB Kolmap\u00e4evakult le Tour de France\u00b4ile!\u0160KODA Laagri ja We Love Cycling Estonia lennutavad Sind maailma mainekamale velotuurile.\",\"inLanguage\":\"et\",\"potentialAction\":[{\"@type\":\"ReadAction\",\"target\":[\"https:\/\/www.welovecycling.com\/ee\/2023\/04\/24\/skoda-mtb-kolmapaevakult-le-tour-de-franceile\/\"]}]},{\"@type\":\"ImageObject\",\"inLanguage\":\"et\",\"@id\":\"https:\/\/www.welovecycling.com\/ee\/2023\/04\/24\/skoda-mtb-kolmapaevakult-le-tour-de-franceile\/#primaryimage\",\"url\":\"https:\/\/d2p6e6u75xmxt8.cloudfront.net\/15\/2023\/04\/300842645_10221533220623493_6330192958776816515_n.webp\",\"contentUrl\":\"https:\/\/d2p6e6u75xmxt8.cloudfront.net\/15\/2023\/04\/300842645_10221533220623493_6330192958776816515_n.webp\",\"width\":2000,\"height\":1333},{\"@type\":\"WebSite\",\"@id\":\"https:\/\/www.welovecycling.com\/ee\/#website\",\"url\":\"https:\/\/www.welovecycling.com\/ee\/\",\"name\":\"\u0160koda We Love Cycling - Estonia\",\"description\":\"\",\"potentialAction\":[{\"@type\":\"SearchAction\",\"target\":{\"@type\":\"EntryPoint\",\"urlTemplate\":\"https:\/\/www.welovecycling.com\/ee\/?s={search_term_string}\"},\"query-input\":{\"@type\":\"PropertyValueSpecification\",\"valueRequired\":true,\"valueName\":\"search_term_string\"}}],\"inLanguage\":\"et\"},{\"@type\":\"Person\",\"@id\":\"https:\/\/www.welovecycling.com\/ee\/#\/schema\/person\/8b7101c4bd1b1ae9d3732ebb1e6caf57\",\"name\":\"andre\",\"image\":{\"@type\":\"ImageObject\",\"inLanguage\":\"et\",\"@id\":\"https:\/\/www.welovecycling.com\/ee\/#\/schema\/person\/image\/\",\"url\":\"https:\/\/secure.gravatar.com\/avatar\/0656b3224fe17b018f43b8a562625dd43d30827f027b2f62bc5a05711fec9a61?s=96&d=mm&r=g\",\"contentUrl\":\"https:\/\/secure.gravatar.com\/avatar\/0656b3224fe17b018f43b8a562625dd43d30827f027b2f62bc5a05711fec9a61?s=96&d=mm&r=g\",\"caption\":\"andre\"},\"url\":\"https:\/\/www.welovecycling.com\/ee\/author\/andre\/\"}]}<\/script>\n<!-- \/ Yoast SEO Premium plugin. -->","yoast_head_json":{"title":"\u0160koda MTB Kolmap\u00e4evakult le Tour de France\u00b4ile! - \u0160koda We Love Cycling - Estonia","description":"\u0160koda MTB Kolmap\u00e4evakult le Tour de France\u00b4ile!\u0160KODA Laagri ja We Love Cycling Estonia lennutavad Sind maailma mainekamale velotuurile.","robots":{"index":"index","follow":"follow","max-snippet":"max-snippet:-1","max-image-preview":"max-image-preview:large","max-video-preview":"max-video-preview:-1"},"canonical":"https:\/\/www.welovecycling.com\/ee\/2023\/04\/24\/skoda-mtb-kolmapaevakult-le-tour-de-franceile\/","og_locale":"et_EE","og_type":"article","og_title":"\u0160koda MTB Kolmap\u00e4evakult le Tour de France\u00b4ile!","og_description":"\u0160koda MTB Kolmap\u00e4evakult le Tour de France\u00b4ile!\u0160KODA Laagri ja We Love Cycling Estonia lennutavad Sind maailma mainekamale velotuurile.","og_url":"https:\/\/www.welovecycling.com\/ee\/2023\/04\/24\/skoda-mtb-kolmapaevakult-le-tour-de-franceile\/","og_site_name":"\u0160koda We Love Cycling - Estonia","article_published_time":"2023-04-24T13:48:48+00:00","article_modified_time":"2023-04-25T06:35:50+00:00","og_image":[{"width":2000,"height":1333,"url":"https:\/\/d2p6e6u75xmxt8.cloudfront.net\/15\/2023\/04\/300842645_10221533220623493_6330192958776816515_n.webp","type":"image\/webp"}],"author":"andre","twitter_card":"summary_large_image","twitter_misc":{"Written by":"Andre Kull","Est. reading time":"3"},"schema":{"@context":"https:\/\/schema.org","@graph":[{"@type":"WebPage","@id":"https:\/\/www.welovecycling.com\/ee\/2023\/04\/24\/skoda-mtb-kolmapaevakult-le-tour-de-franceile\/","url":"https:\/\/www.welovecycling.com\/ee\/2023\/04\/24\/skoda-mtb-kolmapaevakult-le-tour-de-franceile\/","name":"\u0160koda MTB Kolmap\u00e4evakult le Tour de France\u00b4ile! - \u0160koda We Love Cycling - Estonia","isPartOf":{"@id":"https:\/\/www.welovecycling.com\/ee\/#website"},"primaryImageOfPage":{"@id":"https:\/\/www.welovecycling.com\/ee\/2023\/04\/24\/skoda-mtb-kolmapaevakult-le-tour-de-franceile\/#primaryimage"},"image":{"@id":"https:\/\/www.welovecycling.com\/ee\/2023\/04\/24\/skoda-mtb-kolmapaevakult-le-tour-de-franceile\/#primaryimage"},"thumbnailUrl":"https:\/\/d2p6e6u75xmxt8.cloudfront.net\/15\/2023\/04\/300842645_10221533220623493_6330192958776816515_n.webp","datePublished":"2023-04-24T13:48:48+00:00","dateModified":"2023-04-25T06:35:50+00:00","author":{"@id":"https:\/\/www.welovecycling.com\/ee\/#\/schema\/person\/8b7101c4bd1b1ae9d3732ebb1e6caf57"},"description":"\u0160koda MTB Kolmap\u00e4evakult le Tour de France\u00b4ile!\u0160KODA Laagri ja We Love Cycling Estonia lennutavad Sind maailma mainekamale velotuurile.","inLanguage":"et","potentialAction":[{"@type":"ReadAction","target":["https:\/\/www.welovecycling.com\/ee\/2023\/04\/24\/skoda-mtb-kolmapaevakult-le-tour-de-franceile\/"]}]},{"@type":"ImageObject","inLanguage":"et","@id":"https:\/\/www.welovecycling.com\/ee\/2023\/04\/24\/skoda-mtb-kolmapaevakult-le-tour-de-franceile\/#primaryimage","url":"https:\/\/d2p6e6u75xmxt8.cloudfront.net\/15\/2023\/04\/300842645_10221533220623493_6330192958776816515_n.webp","contentUrl":"https:\/\/d2p6e6u75xmxt8.cloudfront.net\/15\/2023\/04\/300842645_10221533220623493_6330192958776816515_n.webp","width":2000,"height":1333},{"@type":"WebSite","@id":"https:\/\/www.welovecycling.com\/ee\/#website","url":"https:\/\/www.welovecycling.com\/ee\/","name":"\u0160koda We Love Cycling - Estonia","description":"","potentialAction":[{"@type":"SearchAction","target":{"@type":"EntryPoint","urlTemplate":"https:\/\/www.welovecycling.com\/ee\/?s={search_term_string}"},"query-input":{"@type":"PropertyValueSpecification","valueRequired":true,"valueName":"search_term_string"}}],"inLanguage":"et"},{"@type":"Person","@id":"https:\/\/www.welovecycling.com\/ee\/#\/schema\/person\/8b7101c4bd1b1ae9d3732ebb1e6caf57","name":"andre","image":{"@type":"ImageObject","inLanguage":"et","@id":"https:\/\/www.welovecycling.com\/ee\/#\/schema\/person\/image\/","url":"https:\/\/secure.gravatar.com\/avatar\/0656b3224fe17b018f43b8a562625dd43d30827f027b2f62bc5a05711fec9a61?s=96&d=mm&r=g","contentUrl":"https:\/\/secure.gravatar.com\/avatar\/0656b3224fe17b018f43b8a562625dd43d30827f027b2f62bc5a05711fec9a61?s=96&d=mm&r=g","caption":"andre"},"url":"https:\/\/www.welovecycling.com\/ee\/author\/andre\/"}]}},"_links":{"self":[{"href":"https:\/\/www.welovecycling.com\/ee\/wp-json\/wp\/v2\/posts\/781","targetHints":{"allow":["GET"]}}],"collection":[{"href":"https:\/\/www.welovecycling.com\/ee\/wp-json\/wp\/v2\/posts"}],"about":[{"href":"https:\/\/www.welovecycling.com\/ee\/wp-json\/wp\/v2\/types\/post"}],"author":[{"embeddable":true,"href":"https:\/\/www.welovecycling.com\/ee\/wp-json\/wp\/v2\/users\/174"}],"replies":[{"embeddable":true,"href":"https:\/\/www.welovecycling.com\/ee\/wp-json\/wp\/v2\/comments?post=781"}],"version-history":[{"count":7,"href":"https:\/\/www.welovecycling.com\/ee\/wp-json\/wp\/v2\/posts\/781\/revisions"}],"predecessor-version":[{"id":794,"href":"https:\/\/www.welovecycling.com\/ee\/wp-json\/wp\/v2\/posts\/781\/revisions\/794"}],"wp:featuredmedia":[{"embeddable":true,"href":"https:\/\/www.welovecycling.com\/ee\/wp-json\/wp\/v2\/media\/791"}],"wp:attachment":[{"href":"https:\/\/www.welovecycling.com\/ee\/wp-json\/wp\/v2\/media?parent=781"}],"wp:term":[{"taxonomy":"category","embeddable":true,"href":"https:\/\/www.welovecycling.com\/ee\/wp-json\/wp\/v2\/categories?post=781"},{"taxonomy":"post_tag","embeddable":true,"href":"https:\/\/www.welovecycling.com\/ee\/wp-json\/wp\/v2\/tags?post=781"},{"taxonomy":"global-categories","embeddable":true,"href":"https:\/\/www.welovecycling.com\/ee\/wp-json\/wp\/v2\/global-categories?post=781"}],"curies":[{"name":"wp","href":"https:\/\/api.w.org\/{rel}","templated":true}]}}