{"id":698,"date":"2023-03-13T09:16:32","date_gmt":"2023-03-13T09:16:32","guid":{"rendered":"https:\/\/www.welovecycling.com\/ee\/?p=698"},"modified":"2023-03-13T09:16:32","modified_gmt":"2023-03-13T09:16:32","slug":"une-kvaliteet-voib-olla-kestusest-tahtsam","status":"publish","type":"post","link":"https:\/\/www.welovecycling.com\/ee\/2023\/03\/13\/une-kvaliteet-voib-olla-kestusest-tahtsam\/","title":{"rendered":"Une kvaliteet v\u00f5ib olla kestusest t\u00e4htsam"},"content":{"rendered":"<p><span style=\"font-weight: 400;\">Uuringute kohaselt suurendab halb uni haigestumise ohtu. Kuid mida \u00f5ieti t\u00e4hendab \u201ehalb uni\u201c? Kas seitse tundi magamist \u00f6\u00f6 kohta on piisav v\u00f5i tuleks keskenduda hoopis une kvaliteedile? \u00dcks v\u00e4rske uuring heidab sellele k\u00fcsimusele valgust.<\/span><\/p>\n<p><strong>Sportlastel on tihti uneh\u00e4ireid<\/strong><\/p>\n<p><span style=\"font-weight: 400;\">Sportlasena h\u00e4sti magada on raske. Varajased treeningud r\u00f6\u00f6vivad hommikusi unetunde ja hilis\u00f5htused harjutuskorrad raskendavad uinumist. Sportlased peavad treeningute k\u00f5rvalt muidugi vingerdama veel k\u00f5iksuguste muude kohustuste vahel. Kui aga tegemisi on liiga palju, kannatab harilikult uneaeg. Ja justnagu aja survest ei piisaks, v\u00f5ivad rasked treeningud ise p\u00f5hjustada t\u00e4iendavat stressi, mis m\u00f5jutab und. Uuring n\u00e4itabki, et t\u00e4iskasvanud, kes pidevalt magavad alla seitsme tunni \u00f6\u00f6 jooksul, on vastuv\u00f5tlikumad hingamisteede haigustele.<\/span><\/p>\n<p><strong>Uni m\u00f5jutab sinu immuunsust<\/strong><\/p>\n<p><span style=\"font-weight: 400;\">Pole midagi hullemat kui j\u00e4tta n\u00e4dal aega treeninguid vahele haiguse t\u00f5ttu. Just seep\u00e4rast otsustasidki Suurbritannias Liverpoolis asuva John Mooresi \u00fclikooli teadlased uurida seost une ja immuunsuse vahel. Nad v\u00f5tsid vaatluse alla \u00fcle 1300 noors\u00f5duri, kes l\u00e4bisid 12-n\u00e4dalase v\u00e4lja\u00f5ppeprogrammi. S\u00f5dureid k\u00fcsitleti nende magamisharjumuste kohta enne v\u00e4lja\u00f5ppe algust ning teadlased jagasid nad seej\u00e4rel kahte r\u00fchma.<\/span><\/p>\n<ol>\n<li><span style=\"font-weight: 400;\">\u00dched olid need, kes 12-n\u00e4dalase v\u00e4lja\u00f5ppe ajal magasid oma tavap\u00e4rase arvu tunde.<\/span><\/li>\n<li style=\"font-weight: 400;\" aria-level=\"1\"><span style=\"font-weight: 400;\">Teisi paluti igal \u00f6\u00f6l magada harjumusp\u00e4rasest minimaalselt kaks tundi v\u00e4hem.<\/span><\/li>\n<\/ol>\n<p><span style=\"font-weight: 400;\"><br \/>\nNende une kestust 12-n\u00e4dalase perioodi jooksul m\u00f5\u00f5deti, samuti paluti neil hinnata oma une kvaliteeti. Registreeriti ka neil arsti poolt diagnoositud \u00fclemiste hingamisteede haigused, et n\u00e4ha, kummas r\u00fchmas on haigestumise t\u00f5en\u00e4osus suurem.<\/span><\/p>\n<p><a href=\"https:\/\/d2p6e6u75xmxt8.cloudfront.net\/15\/2023\/03\/Une-kvaliteet-voib-olla-kestusest-tahtsam2.webp\"><img loading=\"lazy\" decoding=\"async\" class=\"alignnone size-full wp-image-701\" src=\"https:\/\/d2p6e6u75xmxt8.cloudfront.net\/15\/2023\/03\/Une-kvaliteet-voib-olla-kestusest-tahtsam2.webp\" alt=\"\" width=\"788\" height=\"538\" srcset=\"https:\/\/d2p6e6u75xmxt8.cloudfront.net\/15\/2023\/03\/Une-kvaliteet-voib-olla-kestusest-tahtsam2.webp 788w, https:\/\/d2p6e6u75xmxt8.cloudfront.net\/15\/2023\/03\/Une-kvaliteet-voib-olla-kestusest-tahtsam2-300x205.webp 300w, https:\/\/d2p6e6u75xmxt8.cloudfront.net\/15\/2023\/03\/Une-kvaliteet-voib-olla-kestusest-tahtsam2-768x524.webp 768w, https:\/\/d2p6e6u75xmxt8.cloudfront.net\/15\/2023\/03\/Une-kvaliteet-voib-olla-kestusest-tahtsam2-400x273.webp 400w\" sizes=\"auto, (max-width: 788px) 100vw, 788px\" \/><\/a><span style=\"font-weight: 400;\"><em>Meil k\u00f5igil on looduse poolt antud kalduvused magamaj\u00e4\u00e4mise ja \u00e4rkamise aja suhtes, neid nimetatakse kronot\u00fc\u00fcpideks. \u00a9 Profimedi<\/em>a<\/span><\/p>\n<p><strong>Une kvaliteet on olulisem<\/strong><\/p>\n<p><span style=\"font-weight: 400;\">Uuring andis oodatud tulemuse: teises r\u00fchmas, kus magati kaks tundi tavalisest v\u00e4hem, esines hingamisteede haigusi rohkem. Nende haigestumise oht oli kolm korda k\u00f5rgem kui normaalse unega r\u00fchmas. Kuid uuring leidis ka midagi uut ja ootamatut.<\/span><\/p>\n<ul>\n<li style=\"font-weight: 400;\" aria-level=\"1\"><span style=\"font-weight: 400;\">Neil noors\u00f5duritel, kelle uneaeg oli piiratud ja kes teatasid une kehvast kvaliteedist, oli haigestumise t\u00f5en\u00e4osus kaks korda suurem kui kontrollr\u00fchmal.<\/span><\/li>\n<li style=\"font-weight: 400;\" aria-level=\"1\"><span style=\"font-weight: 400;\">Need, kellel uneaeg oli k\u00fcll piiratud, ent uni hea kvaliteediga, tundusid aga olevat kaitstud \u2013 haigestumisrisk oli v\u00f5rdne kontrollr\u00fchmaga.<\/span><\/li>\n<\/ul>\n<p><span style=\"font-weight: 400;\">See n\u00e4itab, et hingamisteede haiguste ohu m\u00f5ttes oli une kvaliteet t\u00e4htsam kui une kestus. See on v\u00e4ga oluline, sest laiem avalikkus, sealhulgas sportlased, muretsevad peamiselt voodis veedetud tundide arvu, mitte nende tundide kvaliteedi p\u00e4rast.<\/span><\/p>\n<p><strong>Viis soovitust une kvaliteedi t\u00f5stmiseks<\/strong><\/p>\n<p><span style=\"font-weight: 400;\">Selle uuringu tulemused n\u00e4itavad, kuidas sportlased peavad keskenduma rohkem une kvaliteedi parandamisele, mitte ainult unetundidele. Teadlased pakkusid v\u00e4lja j\u00e4rgmised viis soovitust, mis on t\u00f5husad une kvaliteedi parandamiseks. Kui sul on muresid \u00fchega neist, siis tead n\u00fc\u00fcdsest, millega tegeleda.<\/span><\/p>\n<ol>\n<li style=\"font-weight: 400;\" aria-level=\"1\"><span style=\"font-weight: 400;\">J\u00e4rjepidevus<\/span><span style=\"font-weight: 400;\"> \u2013 Mine voodisse ja t\u00f5use \u00fcles iga p\u00e4ev enam-v\u00e4hem samal ajal, isegi n\u00e4dalavahetustel.<\/span><\/li>\n<li style=\"font-weight: 400;\" aria-level=\"1\"><span style=\"font-weight: 400;\">Toitumine<\/span><span style=\"font-weight: 400;\"> \u2013 V\u00e4ldi tugevat s\u00f6\u00f6mist kaks tundi enne voodisse minekut. Nihuta alkoholi ja kohvi tarbimine uneajast v\u00f5imalikult kaugele.<\/span><\/li>\n<li style=\"font-weight: 400;\" aria-level=\"1\"><span style=\"font-weight: 400;\">L\u00f5\u00f5gastusrutiin<\/span><span style=\"font-weight: 400;\"> \u2013 Tee vahetult enne voodisseminekut midagi rahustavat. V\u00e4ldi arvutit, uudiseid, sotsiaalmeediat ja k\u00f5ike, mis su pulssi kiirendab.<\/span><\/li>\n<li style=\"font-weight: 400;\" aria-level=\"1\"><span style=\"font-weight: 400;\">Mugavus<\/span><span style=\"font-weight: 400;\"> \u2013 Maga jahedas, pimedas ja vaikses ruumis ning vaata, et su madrats ja padi oleksid mugavad.<\/span><\/li>\n<li style=\"font-weight: 400;\" aria-level=\"1\"><span style=\"font-weight: 400;\">Treening<\/span><span style=\"font-weight: 400;\"> \u2013 Tee p\u00e4eva jooksul trenni m\u00f5ningase tervistava v\u00e4simuse tekitamiseks, mis aitab su kehal s\u00fcgavamalt uinuda.<\/span><\/li>\n<\/ol>\n","protected":false},"excerpt":{"rendered":"<p>Uuringute kohaselt suurendab halb uni haigestumise ohtu. Kuid mida \u00f5ieti t\u00e4hendab \u201ehalb uni\u201c? Kas seitse tundi magamist \u00f6\u00f6 kohta on [&hellip;]<\/p>\n","protected":false},"author":174,"featured_media":700,"comment_status":"open","ping_status":"open","sticky":false,"template":"","format":"standard","meta":{"footnotes":""},"categories":[43],"tags":[],"global-categories":[22],"class_list":["post-698","post","type-post","status-publish","format-standard","has-post-thumbnail","hentry","category-tervis-trenn","global-categories-cycling"],"yoast_head":"<!-- This site is optimized with the Yoast SEO Premium plugin v25.3 (Yoast SEO v25.9) - https:\/\/yoast.com\/wordpress\/plugins\/seo\/ -->\n<title>Une kvaliteet v\u00f5ib olla kestusest t\u00e4htsam - \u0160koda We Love Cycling - Estonia<\/title>\n<meta name=\"description\" content=\"Uuringute kohaselt suurendab halb uni haigestumise ohtu. Kuid mida \u00f5ieti t\u00e4hendab \u201ehalb uni\u201c? Kas seitse tundi magamist \u00f6\u00f6 kohta on piisav v\u00f5i tuleks keskenduda hoopis une kvaliteedile? \u00dcks v\u00e4rske uuring heidab sellele k\u00fcsimusele valgust\" \/>\n<meta name=\"robots\" content=\"index, follow, max-snippet:-1, max-image-preview:large, max-video-preview:-1\" \/>\n<link rel=\"canonical\" href=\"https:\/\/www.welovecycling.com\/ee\/2023\/03\/13\/une-kvaliteet-voib-olla-kestusest-tahtsam\/\" \/>\n<meta property=\"og:locale\" content=\"et_EE\" \/>\n<meta property=\"og:type\" content=\"article\" \/>\n<meta property=\"og:title\" content=\"Une kvaliteet v\u00f5ib olla kestusest t\u00e4htsam\" \/>\n<meta property=\"og:description\" content=\"Uuringute kohaselt suurendab halb uni haigestumise ohtu. Kuid mida \u00f5ieti t\u00e4hendab \u201ehalb uni\u201c? Kas seitse tundi magamist \u00f6\u00f6 kohta on piisav v\u00f5i tuleks keskenduda hoopis une kvaliteedile? \u00dcks v\u00e4rske uuring heidab sellele k\u00fcsimusele valgust\" \/>\n<meta property=\"og:url\" content=\"https:\/\/www.welovecycling.com\/ee\/2023\/03\/13\/une-kvaliteet-voib-olla-kestusest-tahtsam\/\" \/>\n<meta property=\"og:site_name\" content=\"\u0160koda We Love Cycling - Estonia\" \/>\n<meta property=\"article:published_time\" content=\"2023-03-13T09:16:32+00:00\" \/>\n<meta property=\"og:image\" content=\"https:\/\/d2p6e6u75xmxt8.cloudfront.net\/15\/2023\/03\/Une-kvaliteet-voib-olla-kestusest-tahtsam.webp\" \/>\n\t<meta property=\"og:image:width\" content=\"987\" \/>\n\t<meta property=\"og:image:height\" content=\"664\" \/>\n\t<meta property=\"og:image:type\" content=\"image\/webp\" \/>\n<meta name=\"author\" content=\"andre\" \/>\n<meta name=\"twitter:card\" content=\"summary_large_image\" \/>\n<meta name=\"twitter:label1\" content=\"Written by\" \/>\n\t<meta name=\"twitter:data1\" content=\"Ji\u0159\u00ed Kalo\u010d\" \/>\n\t<meta name=\"twitter:label2\" content=\"Est. reading time\" \/>\n\t<meta name=\"twitter:data2\" content=\"5\" \/>\n<script type=\"application\/ld+json\" class=\"yoast-schema-graph\">{\"@context\":\"https:\/\/schema.org\",\"@graph\":[{\"@type\":\"WebPage\",\"@id\":\"https:\/\/www.welovecycling.com\/ee\/2023\/03\/13\/une-kvaliteet-voib-olla-kestusest-tahtsam\/\",\"url\":\"https:\/\/www.welovecycling.com\/ee\/2023\/03\/13\/une-kvaliteet-voib-olla-kestusest-tahtsam\/\",\"name\":\"Une kvaliteet v\u00f5ib olla kestusest t\u00e4htsam - \u0160koda We Love Cycling - Estonia\",\"isPartOf\":{\"@id\":\"https:\/\/www.welovecycling.com\/ee\/#website\"},\"primaryImageOfPage\":{\"@id\":\"https:\/\/www.welovecycling.com\/ee\/2023\/03\/13\/une-kvaliteet-voib-olla-kestusest-tahtsam\/#primaryimage\"},\"image\":{\"@id\":\"https:\/\/www.welovecycling.com\/ee\/2023\/03\/13\/une-kvaliteet-voib-olla-kestusest-tahtsam\/#primaryimage\"},\"thumbnailUrl\":\"https:\/\/d2p6e6u75xmxt8.cloudfront.net\/15\/2023\/03\/Une-kvaliteet-voib-olla-kestusest-tahtsam.webp\",\"datePublished\":\"2023-03-13T09:16:32+00:00\",\"author\":{\"@id\":\"https:\/\/www.welovecycling.com\/ee\/#\/schema\/person\/8b7101c4bd1b1ae9d3732ebb1e6caf57\"},\"description\":\"Uuringute kohaselt suurendab halb uni haigestumise ohtu. Kuid mida \u00f5ieti t\u00e4hendab \u201ehalb uni\u201c? Kas seitse tundi magamist \u00f6\u00f6 kohta on piisav v\u00f5i tuleks keskenduda hoopis une kvaliteedile? \u00dcks v\u00e4rske uuring heidab sellele k\u00fcsimusele valgust\",\"inLanguage\":\"et\",\"potentialAction\":[{\"@type\":\"ReadAction\",\"target\":[\"https:\/\/www.welovecycling.com\/ee\/2023\/03\/13\/une-kvaliteet-voib-olla-kestusest-tahtsam\/\"]}]},{\"@type\":\"ImageObject\",\"inLanguage\":\"et\",\"@id\":\"https:\/\/www.welovecycling.com\/ee\/2023\/03\/13\/une-kvaliteet-voib-olla-kestusest-tahtsam\/#primaryimage\",\"url\":\"https:\/\/d2p6e6u75xmxt8.cloudfront.net\/15\/2023\/03\/Une-kvaliteet-voib-olla-kestusest-tahtsam.webp\",\"contentUrl\":\"https:\/\/d2p6e6u75xmxt8.cloudfront.net\/15\/2023\/03\/Une-kvaliteet-voib-olla-kestusest-tahtsam.webp\",\"width\":987,\"height\":664},{\"@type\":\"WebSite\",\"@id\":\"https:\/\/www.welovecycling.com\/ee\/#website\",\"url\":\"https:\/\/www.welovecycling.com\/ee\/\",\"name\":\"\u0160koda We Love Cycling - Estonia\",\"description\":\"\",\"potentialAction\":[{\"@type\":\"SearchAction\",\"target\":{\"@type\":\"EntryPoint\",\"urlTemplate\":\"https:\/\/www.welovecycling.com\/ee\/?s={search_term_string}\"},\"query-input\":{\"@type\":\"PropertyValueSpecification\",\"valueRequired\":true,\"valueName\":\"search_term_string\"}}],\"inLanguage\":\"et\"},{\"@type\":\"Person\",\"@id\":\"https:\/\/www.welovecycling.com\/ee\/#\/schema\/person\/8b7101c4bd1b1ae9d3732ebb1e6caf57\",\"name\":\"andre\",\"image\":{\"@type\":\"ImageObject\",\"inLanguage\":\"et\",\"@id\":\"https:\/\/www.welovecycling.com\/ee\/#\/schema\/person\/image\/\",\"url\":\"https:\/\/secure.gravatar.com\/avatar\/0656b3224fe17b018f43b8a562625dd43d30827f027b2f62bc5a05711fec9a61?s=96&d=mm&r=g\",\"contentUrl\":\"https:\/\/secure.gravatar.com\/avatar\/0656b3224fe17b018f43b8a562625dd43d30827f027b2f62bc5a05711fec9a61?s=96&d=mm&r=g\",\"caption\":\"andre\"},\"url\":\"https:\/\/www.welovecycling.com\/ee\/author\/andre\/\"}]}<\/script>\n<!-- \/ Yoast SEO Premium plugin. -->","yoast_head_json":{"title":"Une kvaliteet v\u00f5ib olla kestusest t\u00e4htsam - \u0160koda We Love Cycling - Estonia","description":"Uuringute kohaselt suurendab halb uni haigestumise ohtu. Kuid mida \u00f5ieti t\u00e4hendab \u201ehalb uni\u201c? Kas seitse tundi magamist \u00f6\u00f6 kohta on piisav v\u00f5i tuleks keskenduda hoopis une kvaliteedile? \u00dcks v\u00e4rske uuring heidab sellele k\u00fcsimusele valgust","robots":{"index":"index","follow":"follow","max-snippet":"max-snippet:-1","max-image-preview":"max-image-preview:large","max-video-preview":"max-video-preview:-1"},"canonical":"https:\/\/www.welovecycling.com\/ee\/2023\/03\/13\/une-kvaliteet-voib-olla-kestusest-tahtsam\/","og_locale":"et_EE","og_type":"article","og_title":"Une kvaliteet v\u00f5ib olla kestusest t\u00e4htsam","og_description":"Uuringute kohaselt suurendab halb uni haigestumise ohtu. Kuid mida \u00f5ieti t\u00e4hendab \u201ehalb uni\u201c? Kas seitse tundi magamist \u00f6\u00f6 kohta on piisav v\u00f5i tuleks keskenduda hoopis une kvaliteedile? \u00dcks v\u00e4rske uuring heidab sellele k\u00fcsimusele valgust","og_url":"https:\/\/www.welovecycling.com\/ee\/2023\/03\/13\/une-kvaliteet-voib-olla-kestusest-tahtsam\/","og_site_name":"\u0160koda We Love Cycling - Estonia","article_published_time":"2023-03-13T09:16:32+00:00","og_image":[{"width":987,"height":664,"url":"https:\/\/d2p6e6u75xmxt8.cloudfront.net\/15\/2023\/03\/Une-kvaliteet-voib-olla-kestusest-tahtsam.webp","type":"image\/webp"}],"author":"andre","twitter_card":"summary_large_image","twitter_misc":{"Written by":"Ji\u0159\u00ed Kalo\u010d","Est. reading time":"5"},"schema":{"@context":"https:\/\/schema.org","@graph":[{"@type":"WebPage","@id":"https:\/\/www.welovecycling.com\/ee\/2023\/03\/13\/une-kvaliteet-voib-olla-kestusest-tahtsam\/","url":"https:\/\/www.welovecycling.com\/ee\/2023\/03\/13\/une-kvaliteet-voib-olla-kestusest-tahtsam\/","name":"Une kvaliteet v\u00f5ib olla kestusest t\u00e4htsam - \u0160koda We Love Cycling - Estonia","isPartOf":{"@id":"https:\/\/www.welovecycling.com\/ee\/#website"},"primaryImageOfPage":{"@id":"https:\/\/www.welovecycling.com\/ee\/2023\/03\/13\/une-kvaliteet-voib-olla-kestusest-tahtsam\/#primaryimage"},"image":{"@id":"https:\/\/www.welovecycling.com\/ee\/2023\/03\/13\/une-kvaliteet-voib-olla-kestusest-tahtsam\/#primaryimage"},"thumbnailUrl":"https:\/\/d2p6e6u75xmxt8.cloudfront.net\/15\/2023\/03\/Une-kvaliteet-voib-olla-kestusest-tahtsam.webp","datePublished":"2023-03-13T09:16:32+00:00","author":{"@id":"https:\/\/www.welovecycling.com\/ee\/#\/schema\/person\/8b7101c4bd1b1ae9d3732ebb1e6caf57"},"description":"Uuringute kohaselt suurendab halb uni haigestumise ohtu. Kuid mida \u00f5ieti t\u00e4hendab \u201ehalb uni\u201c? Kas seitse tundi magamist \u00f6\u00f6 kohta on piisav v\u00f5i tuleks keskenduda hoopis une kvaliteedile? \u00dcks v\u00e4rske uuring heidab sellele k\u00fcsimusele valgust","inLanguage":"et","potentialAction":[{"@type":"ReadAction","target":["https:\/\/www.welovecycling.com\/ee\/2023\/03\/13\/une-kvaliteet-voib-olla-kestusest-tahtsam\/"]}]},{"@type":"ImageObject","inLanguage":"et","@id":"https:\/\/www.welovecycling.com\/ee\/2023\/03\/13\/une-kvaliteet-voib-olla-kestusest-tahtsam\/#primaryimage","url":"https:\/\/d2p6e6u75xmxt8.cloudfront.net\/15\/2023\/03\/Une-kvaliteet-voib-olla-kestusest-tahtsam.webp","contentUrl":"https:\/\/d2p6e6u75xmxt8.cloudfront.net\/15\/2023\/03\/Une-kvaliteet-voib-olla-kestusest-tahtsam.webp","width":987,"height":664},{"@type":"WebSite","@id":"https:\/\/www.welovecycling.com\/ee\/#website","url":"https:\/\/www.welovecycling.com\/ee\/","name":"\u0160koda We Love Cycling - Estonia","description":"","potentialAction":[{"@type":"SearchAction","target":{"@type":"EntryPoint","urlTemplate":"https:\/\/www.welovecycling.com\/ee\/?s={search_term_string}"},"query-input":{"@type":"PropertyValueSpecification","valueRequired":true,"valueName":"search_term_string"}}],"inLanguage":"et"},{"@type":"Person","@id":"https:\/\/www.welovecycling.com\/ee\/#\/schema\/person\/8b7101c4bd1b1ae9d3732ebb1e6caf57","name":"andre","image":{"@type":"ImageObject","inLanguage":"et","@id":"https:\/\/www.welovecycling.com\/ee\/#\/schema\/person\/image\/","url":"https:\/\/secure.gravatar.com\/avatar\/0656b3224fe17b018f43b8a562625dd43d30827f027b2f62bc5a05711fec9a61?s=96&d=mm&r=g","contentUrl":"https:\/\/secure.gravatar.com\/avatar\/0656b3224fe17b018f43b8a562625dd43d30827f027b2f62bc5a05711fec9a61?s=96&d=mm&r=g","caption":"andre"},"url":"https:\/\/www.welovecycling.com\/ee\/author\/andre\/"}]}},"_links":{"self":[{"href":"https:\/\/www.welovecycling.com\/ee\/wp-json\/wp\/v2\/posts\/698","targetHints":{"allow":["GET"]}}],"collection":[{"href":"https:\/\/www.welovecycling.com\/ee\/wp-json\/wp\/v2\/posts"}],"about":[{"href":"https:\/\/www.welovecycling.com\/ee\/wp-json\/wp\/v2\/types\/post"}],"author":[{"embeddable":true,"href":"https:\/\/www.welovecycling.com\/ee\/wp-json\/wp\/v2\/users\/174"}],"replies":[{"embeddable":true,"href":"https:\/\/www.welovecycling.com\/ee\/wp-json\/wp\/v2\/comments?post=698"}],"version-history":[{"count":2,"href":"https:\/\/www.welovecycling.com\/ee\/wp-json\/wp\/v2\/posts\/698\/revisions"}],"predecessor-version":[{"id":704,"href":"https:\/\/www.welovecycling.com\/ee\/wp-json\/wp\/v2\/posts\/698\/revisions\/704"}],"wp:featuredmedia":[{"embeddable":true,"href":"https:\/\/www.welovecycling.com\/ee\/wp-json\/wp\/v2\/media\/700"}],"wp:attachment":[{"href":"https:\/\/www.welovecycling.com\/ee\/wp-json\/wp\/v2\/media?parent=698"}],"wp:term":[{"taxonomy":"category","embeddable":true,"href":"https:\/\/www.welovecycling.com\/ee\/wp-json\/wp\/v2\/categories?post=698"},{"taxonomy":"post_tag","embeddable":true,"href":"https:\/\/www.welovecycling.com\/ee\/wp-json\/wp\/v2\/tags?post=698"},{"taxonomy":"global-categories","embeddable":true,"href":"https:\/\/www.welovecycling.com\/ee\/wp-json\/wp\/v2\/global-categories?post=698"}],"curies":[{"name":"wp","href":"https:\/\/api.w.org\/{rel}","templated":true}]}}