{"id":603,"date":"2023-01-26T13:31:04","date_gmt":"2023-01-26T13:31:04","guid":{"rendered":"https:\/\/www.welovecycling.com\/ee\/?p=603"},"modified":"2023-01-26T13:40:35","modified_gmt":"2023-01-26T13:40:35","slug":"skoda-mtb-kolmapaevakud-2023-tule-metsa-rattasoitu-nautima","status":"publish","type":"post","link":"https:\/\/www.welovecycling.com\/ee\/2023\/01\/26\/skoda-mtb-kolmapaevakud-2023-tule-metsa-rattasoitu-nautima\/","title":{"rendered":"\u0160koda MTB kolmap\u00e4evakud 2023 &#8211; tule metsa rattas\u00f5itu nautima!"},"content":{"rendered":"<h3><span style=\"font-weight: 400;\">Kevadel, suvel ja varas\u00fcgisel v\u00f5ib kolmap\u00e4eviti Tallinna l\u00e4histes metsades kohata v\u00f5istlusnumbritega naeratavaid maastikurattureid. <\/span>Millega on tegu? <span style=\"font-weight: 400;\">Tegemist on \u0160koda MTB Maastikuratta Kolmap\u00e4evakute sarjaga. <\/span><span style=\"font-weight: 400;\">K\u00f5ik sai alguse aastal 2007 , kui 4 harrastusklubi otsustasid luua v\u00f5istlussarja, mis neil endal silma s\u00e4rama paneks ja \u00fchendaks rattaga s\u00f5itvaid inimesi ka sotsiaalselt.<\/span><span style=\"font-weight: 400;\">Nendeks klubideks olid:\u00a0 Porter Racing, J\u00f5el\u00e4htme Singel, Velo Clubbers ja CC Rota Mobilis. <\/span><span style=\"font-weight: 400;\">Samas koosseisus tegutsetakse ka praegu ja 2023 on juba sarja 16-s tegutsemisaasta.<\/span><!--more-->Sarja nimi on ajas muutunud. Algas see Kona-Craft Maastikuratta Kolmap\u00e4evakute nime all. T\u00e4nu suurtoetajale \u0160koda Laagrile on sari viimased 8 aastat kandnud \u0160koda MTB Maastikuratta Kolmap\u00e4evakute nime.<\/h3>\n<p><span style=\"font-weight: 400;\">Rajad on pikitud Tallinna ja selle l\u00e4hi\u00fcmbruse metsadesse. Rajad on tavaliselt 4-6 km pikad, mida tuleb l\u00e4bida teatud arv kordi ja v\u00f5istlsue ajaline kestvus on keskmisele ratturile umbes 1 h. Nii uue tulija kui vana v\u00f5istlejal peas on kindlasti kohe k\u00fcsimius &#8211; kui keerulised need rajad on ja, et kas ma saan hakkama?<\/span><span style=\"font-weight: 400;\"><br \/>\n<\/span><span style=\"font-weight: 400;\">Radade keerukus ja raskusaste varieerub. V\u00f5ib leida kiireid ja lihtsaid radasid nagu Pirita aga on ka n\u00f5udlikumaid trasse nagu \u00dclgase v\u00f5i Raudalu. Samas on k\u00f5ik rajad k\u00f5igile l\u00e4bitavad ja liiga keerulistesse kohtadesse on tehtud ka n\u00f6 B-liin ehk \u201cChicken-line\u201d, mille kaudu saab ohutult v\u00e4ikese aja kaotusega keerukast kohast m\u00f6\u00f6duda.<\/span><\/p>\n<p><a href=\"https:\/\/d2p6e6u75xmxt8.cloudfront.net\/15\/2023\/01\/IMG_1781-2.webp\"><img loading=\"lazy\" decoding=\"async\" class=\"alignnone size-full wp-image-608\" src=\"https:\/\/d2p6e6u75xmxt8.cloudfront.net\/15\/2023\/01\/IMG_1781-2.webp\" alt=\"\" width=\"1414\" height=\"943\" srcset=\"https:\/\/d2p6e6u75xmxt8.cloudfront.net\/15\/2023\/01\/IMG_1781-2.webp 1414w, https:\/\/d2p6e6u75xmxt8.cloudfront.net\/15\/2023\/01\/IMG_1781-2-300x200.webp 300w, https:\/\/d2p6e6u75xmxt8.cloudfront.net\/15\/2023\/01\/IMG_1781-2-1024x683.webp 1024w, https:\/\/d2p6e6u75xmxt8.cloudfront.net\/15\/2023\/01\/IMG_1781-2-768x512.webp 768w, https:\/\/d2p6e6u75xmxt8.cloudfront.net\/15\/2023\/01\/IMG_1781-2-272x182.webp 272w\" sizes=\"auto, (max-width: 1414px) 100vw, 1414px\" \/><\/a><\/p>\n<p><span style=\"font-weight: 400;\">Kellele see v\u00f5istus m\u00f5eldud on? Nii kli\u0161eelikult kui see ka ei k\u00f5la, siis see on t\u00f5esti m\u00f5eldud s\u00f5na otses m\u00f5ttes k\u00f5igile kellel on maastikuratas.<\/span><span style=\"font-weight: 400;\"><br \/>\n<\/span><span style=\"font-weight: 400;\">Aegade jooksul on stardist l\u00e4bi k\u00e4inud rattalegendid nagu Gert J\u00f5e\u00e4\u00e4r, Martin Loo aga ka t\u00e4iesti tavalised kohalikud elanikud, kes on tulnud uudistama, et mis nende metsa all toimub. Seega, k\u00f5ik saavad hakkama!<\/span><\/p>\n<p><span style=\"font-weight: 400;\">Mis teeb selle v\u00f5istluse eriliseks? Start on avatud 17-20.00 mis annab osalejale v\u00f5imaluse startida endale sobival ajal. Ei pea peale t\u00f6\u00f6p\u00e4eva l\u00e4bi ummikute tormama, et kindlasti teatud ajaks kohal olla. Valid endale sobiva stardihetke ja l\u00e4hed. Ajav\u00f5tt toimib kiibiga, mis on kinnitatud hooaja numbri k\u00fclge ja peale etten\u00e4htud ringide l\u00e4bimist saad kohe onlines teada oma aja ja peale k\u00f5iki l\u00f5petajaid ka koha. Ei pea kartma mass-stardiga kaasnevat stardir\u00fcselust v\u00f5i hirmu, et \u00e4kki j\u00e4\u00e4n viimaseks. See on m\u00f5nus pingevaba \u00fcritus, kus kohtud teiste raturitega, s\u00f5ida ja p\u00e4rast muljetad.\u00a0<\/span><\/p>\n<p><span style=\"font-weight: 400;\">Tegelikult soovitame kohale tulla pigem rattaga (kui m\u00f5ni etapp liiga kaugel, siis v\u00f5ib t\u00e4itsa auto poolele teele j\u00e4tta ja sealt starti veereda).<br \/>\n<\/span><span style=\"font-weight: 400;\">NB alla 18 aastased (kaasaarvatud) stardivad tasuta.<\/span><\/p>\n<p><a href=\"https:\/\/d2p6e6u75xmxt8.cloudfront.net\/15\/2023\/01\/IMG_3047-3.webp\"><img loading=\"lazy\" decoding=\"async\" class=\"alignnone size-full wp-image-609\" src=\"https:\/\/d2p6e6u75xmxt8.cloudfront.net\/15\/2023\/01\/IMG_3047-3.webp\" alt=\"\" width=\"1414\" height=\"943\" srcset=\"https:\/\/d2p6e6u75xmxt8.cloudfront.net\/15\/2023\/01\/IMG_3047-3.webp 1414w, https:\/\/d2p6e6u75xmxt8.cloudfront.net\/15\/2023\/01\/IMG_3047-3-300x200.webp 300w, https:\/\/d2p6e6u75xmxt8.cloudfront.net\/15\/2023\/01\/IMG_3047-3-1024x683.webp 1024w, https:\/\/d2p6e6u75xmxt8.cloudfront.net\/15\/2023\/01\/IMG_3047-3-768x512.webp 768w, https:\/\/d2p6e6u75xmxt8.cloudfront.net\/15\/2023\/01\/IMG_3047-3-272x182.webp 272w\" sizes=\"auto, (max-width: 1414px) 100vw, 1414px\" \/><\/a><\/p>\n<p><span style=\"font-weight: 400;\">Sellel aastal on uuenduseks ka kaks etappi, kus on v\u00f5imalik osaleda elektrirattaga. Kui need etapid osutuvad populaarsust koguva e-MTB s\u00f5itkjate hulgas menukaks, plaanime ilmselt j\u00e4rgmistel hooaegadel E-Kolmap\u00e4evakute etappide arvu suurendada.<\/span><\/p>\n<p><span style=\"font-weight: 400;\">Registreerimine hooajaks on avatud aadressil <\/span><a href=\"http:\/\/www.kolmapoaev.ee\"><span style=\"font-weight: 400;\">www.kolmapaev.ee<\/span><span style=\"font-weight: 400;\"><br \/>\n<\/span><\/a><span style=\"font-weight: 400;\">K\u00f5igi terveks sarjaks eelregistreerunute vahel, kes teevad seda enne 01.04.2023\u00a0 loosime v\u00e4lja ka \u0160koda ja\u00a0 We Love Cyclingu meeneid.<\/span><\/p>\n<p><span style=\"font-weight: 400;\">Kuula lisaks ka eelmisel aastal salvestatud Delfi Trennijuttude podcasti kus r\u00e4\u00e4giti \u0160koda MTB Maastikuratta Kolmap\u00e4evakute teemadel.<\/span><span style=\"font-weight: 400;\"><br \/>\n<\/span><a href=\"https:\/\/tervispluss.delfi.ee\/artikkel\/120018450\/kuula-saadet-trennijutud-maastikuratta-kolmapaevakud-kutsuvad-inimesi-metsa\"><span style=\"font-weight: 400;\">https:\/\/tervispluss.delfi.ee\/artikkel\/120018450\/kuula-saadet-trennijutud-maastikuratta-kolmapaevakud-kutsuvad-inimesi-metsa<\/span><\/a><\/p>\n<p><a href=\"https:\/\/d2p6e6u75xmxt8.cloudfront.net\/15\/2023\/01\/IMG_7272.webp\"><img loading=\"lazy\" decoding=\"async\" class=\"alignnone size-full wp-image-610\" src=\"https:\/\/d2p6e6u75xmxt8.cloudfront.net\/15\/2023\/01\/IMG_7272.webp\" alt=\"\" width=\"629\" height=\"943\" srcset=\"https:\/\/d2p6e6u75xmxt8.cloudfront.net\/15\/2023\/01\/IMG_7272.webp 629w, https:\/\/d2p6e6u75xmxt8.cloudfront.net\/15\/2023\/01\/IMG_7272-200x300.webp 200w\" sizes=\"auto, (max-width: 629px) 100vw, 629px\" \/><\/a><\/p>\n<p>Fotod: Janne Epner<\/p>\n","protected":false},"excerpt":{"rendered":"<p>Kevadel, suvel ja varas\u00fcgisel v\u00f5ib kolmap\u00e4eviti Tallinna l\u00e4histes metsades kohata v\u00f5istlusnumbritega naeratavaid maastikurattureid. Millega on tegu? Tegemist on \u0160koda MTB [&hellip;]<\/p>\n","protected":false},"author":174,"featured_media":607,"comment_status":"open","ping_status":"open","sticky":false,"template":"","format":"standard","meta":{"footnotes":""},"categories":[12],"tags":[115,67,114,116,117],"global-categories":[22],"class_list":["post-603","post","type-post","status-publish","format-standard","has-post-thumbnail","hentry","category-cx-gravel-mtb","tag-loodus","tag-maastik","tag-maastikuratas","tag-skoda-mtb-kolmapaevak","tag-voistlus","global-categories-cycling"],"yoast_head":"<!-- This site is optimized with the Yoast SEO Premium plugin v25.3 (Yoast SEO v25.9) - https:\/\/yoast.com\/wordpress\/plugins\/seo\/ -->\n<title>\u0160koda MTB kolmap\u00e4evakud 2023 - tule metsa rattas\u00f5itu nautima! - \u0160koda We Love Cycling - Estonia<\/title>\n<meta name=\"description\" content=\"Kevadel, suvel ja varas\u00fcgisel v\u00f5ib kolmap\u00e4eviti Tallinna l\u00e4histes metsades kohata v\u00f5istlusnumbritega naeratavaid maastikurattureid. Millega on tegu?\" \/>\n<meta name=\"robots\" content=\"index, follow, max-snippet:-1, max-image-preview:large, max-video-preview:-1\" \/>\n<link rel=\"canonical\" href=\"https:\/\/www.welovecycling.com\/ee\/2023\/01\/26\/skoda-mtb-kolmapaevakud-2023-tule-metsa-rattasoitu-nautima\/\" \/>\n<meta property=\"og:locale\" content=\"et_EE\" \/>\n<meta property=\"og:type\" content=\"article\" \/>\n<meta property=\"og:title\" content=\"\u0160koda MTB kolmap\u00e4evakud 2023 - tule metsa rattas\u00f5itu nautima!\" \/>\n<meta property=\"og:description\" content=\"Kevadel, suvel ja varas\u00fcgisel v\u00f5ib kolmap\u00e4eviti Tallinna l\u00e4histes metsades kohata v\u00f5istlusnumbritega naeratavaid maastikurattureid. Millega on tegu?\" \/>\n<meta property=\"og:url\" content=\"https:\/\/www.welovecycling.com\/ee\/2023\/01\/26\/skoda-mtb-kolmapaevakud-2023-tule-metsa-rattasoitu-nautima\/\" \/>\n<meta property=\"og:site_name\" content=\"\u0160koda We Love Cycling - Estonia\" \/>\n<meta property=\"article:published_time\" content=\"2023-01-26T13:31:04+00:00\" \/>\n<meta property=\"article:modified_time\" content=\"2023-01-26T13:40:35+00:00\" \/>\n<meta property=\"og:image\" content=\"https:\/\/d2p6e6u75xmxt8.cloudfront.net\/15\/2023\/01\/IMG_1727-2.webp\" \/>\n\t<meta property=\"og:image:width\" content=\"1414\" \/>\n\t<meta property=\"og:image:height\" content=\"943\" \/>\n\t<meta property=\"og:image:type\" content=\"image\/webp\" \/>\n<meta name=\"author\" content=\"andre\" \/>\n<meta name=\"twitter:card\" content=\"summary_large_image\" \/>\n<meta name=\"twitter:label1\" content=\"Written by\" \/>\n\t<meta name=\"twitter:data1\" content=\"Andre Kull\" \/>\n\t<meta name=\"twitter:label2\" content=\"Est. reading time\" \/>\n\t<meta name=\"twitter:data2\" content=\"5\" \/>\n<script type=\"application\/ld+json\" class=\"yoast-schema-graph\">{\"@context\":\"https:\/\/schema.org\",\"@graph\":[{\"@type\":\"WebPage\",\"@id\":\"https:\/\/www.welovecycling.com\/ee\/2023\/01\/26\/skoda-mtb-kolmapaevakud-2023-tule-metsa-rattasoitu-nautima\/\",\"url\":\"https:\/\/www.welovecycling.com\/ee\/2023\/01\/26\/skoda-mtb-kolmapaevakud-2023-tule-metsa-rattasoitu-nautima\/\",\"name\":\"\u0160koda MTB kolmap\u00e4evakud 2023 - tule metsa rattas\u00f5itu nautima! - \u0160koda We Love Cycling - Estonia\",\"isPartOf\":{\"@id\":\"https:\/\/www.welovecycling.com\/ee\/#website\"},\"primaryImageOfPage\":{\"@id\":\"https:\/\/www.welovecycling.com\/ee\/2023\/01\/26\/skoda-mtb-kolmapaevakud-2023-tule-metsa-rattasoitu-nautima\/#primaryimage\"},\"image\":{\"@id\":\"https:\/\/www.welovecycling.com\/ee\/2023\/01\/26\/skoda-mtb-kolmapaevakud-2023-tule-metsa-rattasoitu-nautima\/#primaryimage\"},\"thumbnailUrl\":\"https:\/\/d2p6e6u75xmxt8.cloudfront.net\/15\/2023\/01\/IMG_1727-2.webp\",\"datePublished\":\"2023-01-26T13:31:04+00:00\",\"dateModified\":\"2023-01-26T13:40:35+00:00\",\"author\":{\"@id\":\"https:\/\/www.welovecycling.com\/ee\/#\/schema\/person\/8b7101c4bd1b1ae9d3732ebb1e6caf57\"},\"description\":\"Kevadel, suvel ja varas\u00fcgisel v\u00f5ib kolmap\u00e4eviti Tallinna l\u00e4histes metsades kohata v\u00f5istlusnumbritega naeratavaid maastikurattureid. Millega on tegu?\",\"inLanguage\":\"et\",\"potentialAction\":[{\"@type\":\"ReadAction\",\"target\":[\"https:\/\/www.welovecycling.com\/ee\/2023\/01\/26\/skoda-mtb-kolmapaevakud-2023-tule-metsa-rattasoitu-nautima\/\"]}]},{\"@type\":\"ImageObject\",\"inLanguage\":\"et\",\"@id\":\"https:\/\/www.welovecycling.com\/ee\/2023\/01\/26\/skoda-mtb-kolmapaevakud-2023-tule-metsa-rattasoitu-nautima\/#primaryimage\",\"url\":\"https:\/\/d2p6e6u75xmxt8.cloudfront.net\/15\/2023\/01\/IMG_1727-2.webp\",\"contentUrl\":\"https:\/\/d2p6e6u75xmxt8.cloudfront.net\/15\/2023\/01\/IMG_1727-2.webp\",\"width\":1414,\"height\":943},{\"@type\":\"WebSite\",\"@id\":\"https:\/\/www.welovecycling.com\/ee\/#website\",\"url\":\"https:\/\/www.welovecycling.com\/ee\/\",\"name\":\"\u0160koda We Love Cycling - Estonia\",\"description\":\"\",\"potentialAction\":[{\"@type\":\"SearchAction\",\"target\":{\"@type\":\"EntryPoint\",\"urlTemplate\":\"https:\/\/www.welovecycling.com\/ee\/?s={search_term_string}\"},\"query-input\":{\"@type\":\"PropertyValueSpecification\",\"valueRequired\":true,\"valueName\":\"search_term_string\"}}],\"inLanguage\":\"et\"},{\"@type\":\"Person\",\"@id\":\"https:\/\/www.welovecycling.com\/ee\/#\/schema\/person\/8b7101c4bd1b1ae9d3732ebb1e6caf57\",\"name\":\"andre\",\"image\":{\"@type\":\"ImageObject\",\"inLanguage\":\"et\",\"@id\":\"https:\/\/www.welovecycling.com\/ee\/#\/schema\/person\/image\/\",\"url\":\"https:\/\/secure.gravatar.com\/avatar\/0656b3224fe17b018f43b8a562625dd43d30827f027b2f62bc5a05711fec9a61?s=96&d=mm&r=g\",\"contentUrl\":\"https:\/\/secure.gravatar.com\/avatar\/0656b3224fe17b018f43b8a562625dd43d30827f027b2f62bc5a05711fec9a61?s=96&d=mm&r=g\",\"caption\":\"andre\"},\"url\":\"https:\/\/www.welovecycling.com\/ee\/author\/andre\/\"}]}<\/script>\n<!-- \/ Yoast SEO Premium plugin. -->","yoast_head_json":{"title":"\u0160koda MTB kolmap\u00e4evakud 2023 - tule metsa rattas\u00f5itu nautima! - \u0160koda We Love Cycling - Estonia","description":"Kevadel, suvel ja varas\u00fcgisel v\u00f5ib kolmap\u00e4eviti Tallinna l\u00e4histes metsades kohata v\u00f5istlusnumbritega naeratavaid maastikurattureid. Millega on tegu?","robots":{"index":"index","follow":"follow","max-snippet":"max-snippet:-1","max-image-preview":"max-image-preview:large","max-video-preview":"max-video-preview:-1"},"canonical":"https:\/\/www.welovecycling.com\/ee\/2023\/01\/26\/skoda-mtb-kolmapaevakud-2023-tule-metsa-rattasoitu-nautima\/","og_locale":"et_EE","og_type":"article","og_title":"\u0160koda MTB kolmap\u00e4evakud 2023 - tule metsa rattas\u00f5itu nautima!","og_description":"Kevadel, suvel ja varas\u00fcgisel v\u00f5ib kolmap\u00e4eviti Tallinna l\u00e4histes metsades kohata v\u00f5istlusnumbritega naeratavaid maastikurattureid. Millega on tegu?","og_url":"https:\/\/www.welovecycling.com\/ee\/2023\/01\/26\/skoda-mtb-kolmapaevakud-2023-tule-metsa-rattasoitu-nautima\/","og_site_name":"\u0160koda We Love Cycling - Estonia","article_published_time":"2023-01-26T13:31:04+00:00","article_modified_time":"2023-01-26T13:40:35+00:00","og_image":[{"width":1414,"height":943,"url":"https:\/\/d2p6e6u75xmxt8.cloudfront.net\/15\/2023\/01\/IMG_1727-2.webp","type":"image\/webp"}],"author":"andre","twitter_card":"summary_large_image","twitter_misc":{"Written by":"Andre Kull","Est. reading time":"5"},"schema":{"@context":"https:\/\/schema.org","@graph":[{"@type":"WebPage","@id":"https:\/\/www.welovecycling.com\/ee\/2023\/01\/26\/skoda-mtb-kolmapaevakud-2023-tule-metsa-rattasoitu-nautima\/","url":"https:\/\/www.welovecycling.com\/ee\/2023\/01\/26\/skoda-mtb-kolmapaevakud-2023-tule-metsa-rattasoitu-nautima\/","name":"\u0160koda MTB kolmap\u00e4evakud 2023 - tule metsa rattas\u00f5itu nautima! - \u0160koda We Love Cycling - Estonia","isPartOf":{"@id":"https:\/\/www.welovecycling.com\/ee\/#website"},"primaryImageOfPage":{"@id":"https:\/\/www.welovecycling.com\/ee\/2023\/01\/26\/skoda-mtb-kolmapaevakud-2023-tule-metsa-rattasoitu-nautima\/#primaryimage"},"image":{"@id":"https:\/\/www.welovecycling.com\/ee\/2023\/01\/26\/skoda-mtb-kolmapaevakud-2023-tule-metsa-rattasoitu-nautima\/#primaryimage"},"thumbnailUrl":"https:\/\/d2p6e6u75xmxt8.cloudfront.net\/15\/2023\/01\/IMG_1727-2.webp","datePublished":"2023-01-26T13:31:04+00:00","dateModified":"2023-01-26T13:40:35+00:00","author":{"@id":"https:\/\/www.welovecycling.com\/ee\/#\/schema\/person\/8b7101c4bd1b1ae9d3732ebb1e6caf57"},"description":"Kevadel, suvel ja varas\u00fcgisel v\u00f5ib kolmap\u00e4eviti Tallinna l\u00e4histes metsades kohata v\u00f5istlusnumbritega naeratavaid maastikurattureid. Millega on tegu?","inLanguage":"et","potentialAction":[{"@type":"ReadAction","target":["https:\/\/www.welovecycling.com\/ee\/2023\/01\/26\/skoda-mtb-kolmapaevakud-2023-tule-metsa-rattasoitu-nautima\/"]}]},{"@type":"ImageObject","inLanguage":"et","@id":"https:\/\/www.welovecycling.com\/ee\/2023\/01\/26\/skoda-mtb-kolmapaevakud-2023-tule-metsa-rattasoitu-nautima\/#primaryimage","url":"https:\/\/d2p6e6u75xmxt8.cloudfront.net\/15\/2023\/01\/IMG_1727-2.webp","contentUrl":"https:\/\/d2p6e6u75xmxt8.cloudfront.net\/15\/2023\/01\/IMG_1727-2.webp","width":1414,"height":943},{"@type":"WebSite","@id":"https:\/\/www.welovecycling.com\/ee\/#website","url":"https:\/\/www.welovecycling.com\/ee\/","name":"\u0160koda We Love Cycling - Estonia","description":"","potentialAction":[{"@type":"SearchAction","target":{"@type":"EntryPoint","urlTemplate":"https:\/\/www.welovecycling.com\/ee\/?s={search_term_string}"},"query-input":{"@type":"PropertyValueSpecification","valueRequired":true,"valueName":"search_term_string"}}],"inLanguage":"et"},{"@type":"Person","@id":"https:\/\/www.welovecycling.com\/ee\/#\/schema\/person\/8b7101c4bd1b1ae9d3732ebb1e6caf57","name":"andre","image":{"@type":"ImageObject","inLanguage":"et","@id":"https:\/\/www.welovecycling.com\/ee\/#\/schema\/person\/image\/","url":"https:\/\/secure.gravatar.com\/avatar\/0656b3224fe17b018f43b8a562625dd43d30827f027b2f62bc5a05711fec9a61?s=96&d=mm&r=g","contentUrl":"https:\/\/secure.gravatar.com\/avatar\/0656b3224fe17b018f43b8a562625dd43d30827f027b2f62bc5a05711fec9a61?s=96&d=mm&r=g","caption":"andre"},"url":"https:\/\/www.welovecycling.com\/ee\/author\/andre\/"}]}},"_links":{"self":[{"href":"https:\/\/www.welovecycling.com\/ee\/wp-json\/wp\/v2\/posts\/603","targetHints":{"allow":["GET"]}}],"collection":[{"href":"https:\/\/www.welovecycling.com\/ee\/wp-json\/wp\/v2\/posts"}],"about":[{"href":"https:\/\/www.welovecycling.com\/ee\/wp-json\/wp\/v2\/types\/post"}],"author":[{"embeddable":true,"href":"https:\/\/www.welovecycling.com\/ee\/wp-json\/wp\/v2\/users\/174"}],"replies":[{"embeddable":true,"href":"https:\/\/www.welovecycling.com\/ee\/wp-json\/wp\/v2\/comments?post=603"}],"version-history":[{"count":2,"href":"https:\/\/www.welovecycling.com\/ee\/wp-json\/wp\/v2\/posts\/603\/revisions"}],"predecessor-version":[{"id":620,"href":"https:\/\/www.welovecycling.com\/ee\/wp-json\/wp\/v2\/posts\/603\/revisions\/620"}],"wp:featuredmedia":[{"embeddable":true,"href":"https:\/\/www.welovecycling.com\/ee\/wp-json\/wp\/v2\/media\/607"}],"wp:attachment":[{"href":"https:\/\/www.welovecycling.com\/ee\/wp-json\/wp\/v2\/media?parent=603"}],"wp:term":[{"taxonomy":"category","embeddable":true,"href":"https:\/\/www.welovecycling.com\/ee\/wp-json\/wp\/v2\/categories?post=603"},{"taxonomy":"post_tag","embeddable":true,"href":"https:\/\/www.welovecycling.com\/ee\/wp-json\/wp\/v2\/tags?post=603"},{"taxonomy":"global-categories","embeddable":true,"href":"https:\/\/www.welovecycling.com\/ee\/wp-json\/wp\/v2\/global-categories?post=603"}],"curies":[{"name":"wp","href":"https:\/\/api.w.org\/{rel}","templated":true}]}}