{"id":560,"date":"2022-07-28T12:53:38","date_gmt":"2022-07-28T12:53:38","guid":{"rendered":"https:\/\/www.welovecycling.com\/ee\/?p=560"},"modified":"2023-02-16T11:36:47","modified_gmt":"2023-02-16T11:36:47","slug":"skoda-laagri-22-rakke-rattamaraton-ullatab-uue-rajaga","status":"publish","type":"post","link":"https:\/\/www.welovecycling.com\/ee\/2022\/07\/28\/skoda-laagri-22-rakke-rattamaraton-ullatab-uue-rajaga\/","title":{"rendered":"\u0160koda Laagri 22. Rakke rattamaraton \u00fcllatab uue rajaga"},"content":{"rendered":"<div class=\"pre\"><strong>Juulikuu viimasel p\u00e4eval toimub \u0160koda Laagri 22. Rakke rattamaraton, mis pakub ratturitele 48 km p\u00f5his\u00f5itu, 17 km poolmaratoni ja lisaks lastes\u00f5ite.<\/strong><\/div>\n<div><\/div>\n<div class=\"pre\">\u0160koda Laagri 22. Rakke rattamaratoni peakorraldaja Enno Eilo s\u00f5nul on maratoni rada suures osas muutunud v\u00f5rreldes varasemaga. \u201eEnne v\u00f5istlust toimus meil Avatud raja s\u00f5it, kus oli \u00fcllatavalt palju osalejaid. Usun, et suuresti muutunud rada ja uued l\u00f5igud tingisid suure huvi maratoniraja testimise vastu. Lisaks on meil muutunud poolmaratoni rada, mis on n\u00fc\u00fcd oluliselt l\u00fchem ja veidi rohkem maastikul. Kuna vihma pole vahepeal v\u00e4ga tulnud ja rada on suhteliselt kuiv ja on oodata v\u00e4ga m\u00f5nusat v\u00f5istlusp\u00e4eva,\u201c lausus Eilo ja julgustas v\u00f5istlusp\u00e4evast osa v\u00f5tma kogu pere, kuna ka sel korral toimuvad lastes\u00f5idud.<\/div>\n<div><\/div>\n<div class=\"pre\">Hetkel hoiab \u00fcldarvestuses meestest esikohta Josten Vaidem (Fixus) 5887 punktiga, tema j\u00e4rel on Peeter Tarvis (Veloplus) 5950 punktiga ja kolmandal kohal on Gert J\u00f5e\u00e4\u00e4r (Veloplus) 5932 punktiga. Nad on k\u00f5ik end ka \u0160koda Laagri 22. Rakke rattamaratonile kirja pannud.<\/div>\n<div><\/div>\n<div class=\"pre\">Naiste esikolmiku moodustavad hetkel Merili Sirvel (RR Siplased\/Vitax) 5539 punktiga, Mari Kruuser (Spordipartner Racing Girls) 5536 punktiga ja Maris Lillep (Redbike Naised) 5471 punktiga.<\/div>\n<div><\/div>\n<div class=\"pre\">V\u00f5istkondlikus punktiarvestuses kuuluvad esikolmikusse Veloplus, Team Antsla ja CCRM. Naiskondlikus punktiarvestuses vastavalt Spordipartner Racing Girls, RR Siplased\/Vitax ja Spordiklubi Rakke Naiskond.<\/div>\n<div><\/div>\n<div class=\"pre\">Praeguse seisuga on maratonile kirja pannud ligi 800 osalejat ja oodata on m\u00f5nusat p\u00e4ikselist v\u00f5istlusp\u00e4eva.<\/div>\n<div><\/div>\n<div><a href=\"https:\/\/d2p6e6u75xmxt8.cloudfront.net\/15\/2022\/07\/Rakke_RM_2022pang.png\"><img loading=\"lazy\" decoding=\"async\" class=\"alignnone size-full wp-image-562\" src=\"https:\/\/d2p6e6u75xmxt8.cloudfront.net\/15\/2022\/07\/Rakke_RM_2022pang.png\" alt=\"\" width=\"1132\" height=\"1600\" srcset=\"https:\/\/d2p6e6u75xmxt8.cloudfront.net\/15\/2022\/07\/Rakke_RM_2022pang.png 1132w, https:\/\/d2p6e6u75xmxt8.cloudfront.net\/15\/2022\/07\/Rakke_RM_2022pang-212x300.png 212w, https:\/\/d2p6e6u75xmxt8.cloudfront.net\/15\/2022\/07\/Rakke_RM_2022pang-724x1024.png 724w, https:\/\/d2p6e6u75xmxt8.cloudfront.net\/15\/2022\/07\/Rakke_RM_2022pang-768x1086.png 768w, https:\/\/d2p6e6u75xmxt8.cloudfront.net\/15\/2022\/07\/Rakke_RM_2022pang-1087x1536.png 1087w\" sizes=\"auto, (max-width: 1132px) 100vw, 1132px\" \/><\/a><\/div>\n","protected":false},"excerpt":{"rendered":"<p>Juulikuu viimasel p\u00e4eval toimub \u0160koda Laagri 22. Rakke rattamaraton, mis pakub ratturitele 48 km p\u00f5his\u00f5itu, 17 km poolmaratoni ja lisaks [&hellip;]<\/p>\n","protected":false},"author":143,"featured_media":561,"comment_status":"open","ping_status":"open","sticky":false,"template":"","format":"standard","meta":{"footnotes":""},"categories":[12],"tags":[],"global-categories":[22],"class_list":["post-560","post","type-post","status-publish","format-standard","has-post-thumbnail","hentry","category-cx-gravel-mtb","global-categories-cycling"],"yoast_head":"<!-- This site is optimized with the Yoast SEO Premium plugin v25.3 (Yoast SEO v25.9) - https:\/\/yoast.com\/wordpress\/plugins\/seo\/ -->\n<title>\u0160koda Laagri 22. Rakke rattamaraton \u00fcllatab uue rajaga - \u0160koda We Love Cycling - Estonia<\/title>\n<meta name=\"description\" content=\"\u0160koda Laagri 22. Rakke rattamaratoni peakorraldaja Enno Eilo s\u00f5nul on maratoni rada suures osas muutunud v\u00f5rreldes varasemaga. \u201eEnne v\u00f5istlust toimus meil Avatud raja s\u00f5it, kus oli \u00fcllatavalt palju osalejaid. Usun, et suuresti muutunud rada ja uued l\u00f5igud tingisid suure huvi maratoniraja testimise vastu. Lisaks on meil muutunud poolmaratoni rada, mis on n\u00fc\u00fcd oluliselt l\u00fchem ja veidi rohkem maastikul. Kuna vihma pole vahepeal v\u00e4ga tulnud ja rada on suhteliselt kuiv ja on oodata v\u00e4ga m\u00f5nusat v\u00f5istlusp\u00e4eva,\u201c lausus Eilo ja julgustas v\u00f5istlusp\u00e4evast osa v\u00f5tma kogu pere, kuna ka sel korral toimuvad lastes\u00f5idud.\" \/>\n<meta name=\"robots\" content=\"index, follow, max-snippet:-1, max-image-preview:large, max-video-preview:-1\" \/>\n<link rel=\"canonical\" href=\"https:\/\/www.welovecycling.com\/ee\/2022\/07\/28\/skoda-laagri-22-rakke-rattamaraton-ullatab-uue-rajaga\/\" \/>\n<meta property=\"og:locale\" content=\"et_EE\" \/>\n<meta property=\"og:type\" content=\"article\" \/>\n<meta property=\"og:title\" content=\"\u0160koda Laagri 22. Rakke rattamaraton \u00fcllatab uue rajaga\" \/>\n<meta property=\"og:description\" content=\"\u0160koda Laagri 22. Rakke rattamaratoni peakorraldaja Enno Eilo s\u00f5nul on maratoni rada suures osas muutunud v\u00f5rreldes varasemaga. \u201eEnne v\u00f5istlust toimus meil Avatud raja s\u00f5it, kus oli \u00fcllatavalt palju osalejaid. Usun, et suuresti muutunud rada ja uued l\u00f5igud tingisid suure huvi maratoniraja testimise vastu. Lisaks on meil muutunud poolmaratoni rada, mis on n\u00fc\u00fcd oluliselt l\u00fchem ja veidi rohkem maastikul. Kuna vihma pole vahepeal v\u00e4ga tulnud ja rada on suhteliselt kuiv ja on oodata v\u00e4ga m\u00f5nusat v\u00f5istlusp\u00e4eva,\u201c lausus Eilo ja julgustas v\u00f5istlusp\u00e4evast osa v\u00f5tma kogu pere, kuna ka sel korral toimuvad lastes\u00f5idud.\" \/>\n<meta property=\"og:url\" content=\"https:\/\/www.welovecycling.com\/ee\/2022\/07\/28\/skoda-laagri-22-rakke-rattamaraton-ullatab-uue-rajaga\/\" \/>\n<meta property=\"og:site_name\" content=\"\u0160koda We Love Cycling - Estonia\" \/>\n<meta property=\"article:published_time\" content=\"2022-07-28T12:53:38+00:00\" \/>\n<meta property=\"article:modified_time\" content=\"2023-02-16T11:36:47+00:00\" \/>\n<meta property=\"og:image\" content=\"https:\/\/d2p6e6u75xmxt8.cloudfront.net\/15\/2022\/07\/50155814933_a2410eebf8_k.jpg\" \/>\n\t<meta property=\"og:image:width\" content=\"2048\" \/>\n\t<meta property=\"og:image:height\" content=\"1365\" \/>\n\t<meta property=\"og:image:type\" content=\"image\/jpeg\" \/>\n<meta name=\"author\" content=\"karit\" \/>\n<meta name=\"twitter:card\" content=\"summary_large_image\" \/>\n<meta name=\"twitter:label1\" content=\"Written by\" \/>\n\t<meta name=\"twitter:data1\" content=\"www.ejl.ee\" \/>\n\t<meta name=\"twitter:label2\" content=\"Est. reading time\" \/>\n\t<meta name=\"twitter:data2\" content=\"1 minute\" \/>\n<script type=\"application\/ld+json\" class=\"yoast-schema-graph\">{\"@context\":\"https:\/\/schema.org\",\"@graph\":[{\"@type\":\"WebPage\",\"@id\":\"https:\/\/www.welovecycling.com\/ee\/2022\/07\/28\/skoda-laagri-22-rakke-rattamaraton-ullatab-uue-rajaga\/\",\"url\":\"https:\/\/www.welovecycling.com\/ee\/2022\/07\/28\/skoda-laagri-22-rakke-rattamaraton-ullatab-uue-rajaga\/\",\"name\":\"\u0160koda Laagri 22. Rakke rattamaraton \u00fcllatab uue rajaga - \u0160koda We Love Cycling - Estonia\",\"isPartOf\":{\"@id\":\"https:\/\/www.welovecycling.com\/ee\/#website\"},\"primaryImageOfPage\":{\"@id\":\"https:\/\/www.welovecycling.com\/ee\/2022\/07\/28\/skoda-laagri-22-rakke-rattamaraton-ullatab-uue-rajaga\/#primaryimage\"},\"image\":{\"@id\":\"https:\/\/www.welovecycling.com\/ee\/2022\/07\/28\/skoda-laagri-22-rakke-rattamaraton-ullatab-uue-rajaga\/#primaryimage\"},\"thumbnailUrl\":\"https:\/\/d2p6e6u75xmxt8.cloudfront.net\/15\/2022\/07\/50155814933_a2410eebf8_k.jpg\",\"datePublished\":\"2022-07-28T12:53:38+00:00\",\"dateModified\":\"2023-02-16T11:36:47+00:00\",\"author\":{\"@id\":\"https:\/\/www.welovecycling.com\/ee\/#\/schema\/person\/6969dabcb933c60a22a024886fc5dfb3\"},\"description\":\"\u0160koda Laagri 22. Rakke rattamaratoni peakorraldaja Enno Eilo s\u00f5nul on maratoni rada suures osas muutunud v\u00f5rreldes varasemaga. \u201eEnne v\u00f5istlust toimus meil Avatud raja s\u00f5it, kus oli \u00fcllatavalt palju osalejaid. Usun, et suuresti muutunud rada ja uued l\u00f5igud tingisid suure huvi maratoniraja testimise vastu. Lisaks on meil muutunud poolmaratoni rada, mis on n\u00fc\u00fcd oluliselt l\u00fchem ja veidi rohkem maastikul. Kuna vihma pole vahepeal v\u00e4ga tulnud ja rada on suhteliselt kuiv ja on oodata v\u00e4ga m\u00f5nusat v\u00f5istlusp\u00e4eva,\u201c lausus Eilo ja julgustas v\u00f5istlusp\u00e4evast osa v\u00f5tma kogu pere, kuna ka sel korral toimuvad lastes\u00f5idud.\",\"inLanguage\":\"et\",\"potentialAction\":[{\"@type\":\"ReadAction\",\"target\":[\"https:\/\/www.welovecycling.com\/ee\/2022\/07\/28\/skoda-laagri-22-rakke-rattamaraton-ullatab-uue-rajaga\/\"]}]},{\"@type\":\"ImageObject\",\"inLanguage\":\"et\",\"@id\":\"https:\/\/www.welovecycling.com\/ee\/2022\/07\/28\/skoda-laagri-22-rakke-rattamaraton-ullatab-uue-rajaga\/#primaryimage\",\"url\":\"https:\/\/d2p6e6u75xmxt8.cloudfront.net\/15\/2022\/07\/50155814933_a2410eebf8_k.jpg\",\"contentUrl\":\"https:\/\/d2p6e6u75xmxt8.cloudfront.net\/15\/2022\/07\/50155814933_a2410eebf8_k.jpg\",\"width\":2048,\"height\":1365},{\"@type\":\"WebSite\",\"@id\":\"https:\/\/www.welovecycling.com\/ee\/#website\",\"url\":\"https:\/\/www.welovecycling.com\/ee\/\",\"name\":\"\u0160koda We Love Cycling - Estonia\",\"description\":\"\",\"potentialAction\":[{\"@type\":\"SearchAction\",\"target\":{\"@type\":\"EntryPoint\",\"urlTemplate\":\"https:\/\/www.welovecycling.com\/ee\/?s={search_term_string}\"},\"query-input\":{\"@type\":\"PropertyValueSpecification\",\"valueRequired\":true,\"valueName\":\"search_term_string\"}}],\"inLanguage\":\"et\"},{\"@type\":\"Person\",\"@id\":\"https:\/\/www.welovecycling.com\/ee\/#\/schema\/person\/6969dabcb933c60a22a024886fc5dfb3\",\"name\":\"karit\",\"image\":{\"@type\":\"ImageObject\",\"inLanguage\":\"et\",\"@id\":\"https:\/\/www.welovecycling.com\/ee\/#\/schema\/person\/image\/\",\"url\":\"https:\/\/secure.gravatar.com\/avatar\/5c6089f08f3aa4ecae4cfe6c342986b6f1785322192708cff03ffe36d607957c?s=96&d=mm&r=g\",\"contentUrl\":\"https:\/\/secure.gravatar.com\/avatar\/5c6089f08f3aa4ecae4cfe6c342986b6f1785322192708cff03ffe36d607957c?s=96&d=mm&r=g\",\"caption\":\"karit\"},\"url\":\"https:\/\/www.welovecycling.com\/ee\/author\/karit\/\"}]}<\/script>\n<!-- \/ Yoast SEO Premium plugin. -->","yoast_head_json":{"title":"\u0160koda Laagri 22. Rakke rattamaraton \u00fcllatab uue rajaga - \u0160koda We Love Cycling - Estonia","description":"\u0160koda Laagri 22. Rakke rattamaratoni peakorraldaja Enno Eilo s\u00f5nul on maratoni rada suures osas muutunud v\u00f5rreldes varasemaga. \u201eEnne v\u00f5istlust toimus meil Avatud raja s\u00f5it, kus oli \u00fcllatavalt palju osalejaid. Usun, et suuresti muutunud rada ja uued l\u00f5igud tingisid suure huvi maratoniraja testimise vastu. Lisaks on meil muutunud poolmaratoni rada, mis on n\u00fc\u00fcd oluliselt l\u00fchem ja veidi rohkem maastikul. Kuna vihma pole vahepeal v\u00e4ga tulnud ja rada on suhteliselt kuiv ja on oodata v\u00e4ga m\u00f5nusat v\u00f5istlusp\u00e4eva,\u201c lausus Eilo ja julgustas v\u00f5istlusp\u00e4evast osa v\u00f5tma kogu pere, kuna ka sel korral toimuvad lastes\u00f5idud.","robots":{"index":"index","follow":"follow","max-snippet":"max-snippet:-1","max-image-preview":"max-image-preview:large","max-video-preview":"max-video-preview:-1"},"canonical":"https:\/\/www.welovecycling.com\/ee\/2022\/07\/28\/skoda-laagri-22-rakke-rattamaraton-ullatab-uue-rajaga\/","og_locale":"et_EE","og_type":"article","og_title":"\u0160koda Laagri 22. Rakke rattamaraton \u00fcllatab uue rajaga","og_description":"\u0160koda Laagri 22. Rakke rattamaratoni peakorraldaja Enno Eilo s\u00f5nul on maratoni rada suures osas muutunud v\u00f5rreldes varasemaga. \u201eEnne v\u00f5istlust toimus meil Avatud raja s\u00f5it, kus oli \u00fcllatavalt palju osalejaid. Usun, et suuresti muutunud rada ja uued l\u00f5igud tingisid suure huvi maratoniraja testimise vastu. Lisaks on meil muutunud poolmaratoni rada, mis on n\u00fc\u00fcd oluliselt l\u00fchem ja veidi rohkem maastikul. Kuna vihma pole vahepeal v\u00e4ga tulnud ja rada on suhteliselt kuiv ja on oodata v\u00e4ga m\u00f5nusat v\u00f5istlusp\u00e4eva,\u201c lausus Eilo ja julgustas v\u00f5istlusp\u00e4evast osa v\u00f5tma kogu pere, kuna ka sel korral toimuvad lastes\u00f5idud.","og_url":"https:\/\/www.welovecycling.com\/ee\/2022\/07\/28\/skoda-laagri-22-rakke-rattamaraton-ullatab-uue-rajaga\/","og_site_name":"\u0160koda We Love Cycling - Estonia","article_published_time":"2022-07-28T12:53:38+00:00","article_modified_time":"2023-02-16T11:36:47+00:00","og_image":[{"width":2048,"height":1365,"url":"https:\/\/d2p6e6u75xmxt8.cloudfront.net\/15\/2022\/07\/50155814933_a2410eebf8_k.jpg","type":"image\/jpeg"}],"author":"karit","twitter_card":"summary_large_image","twitter_misc":{"Written by":"www.ejl.ee","Est. reading time":"1 minute"},"schema":{"@context":"https:\/\/schema.org","@graph":[{"@type":"WebPage","@id":"https:\/\/www.welovecycling.com\/ee\/2022\/07\/28\/skoda-laagri-22-rakke-rattamaraton-ullatab-uue-rajaga\/","url":"https:\/\/www.welovecycling.com\/ee\/2022\/07\/28\/skoda-laagri-22-rakke-rattamaraton-ullatab-uue-rajaga\/","name":"\u0160koda Laagri 22. Rakke rattamaraton \u00fcllatab uue rajaga - \u0160koda We Love Cycling - Estonia","isPartOf":{"@id":"https:\/\/www.welovecycling.com\/ee\/#website"},"primaryImageOfPage":{"@id":"https:\/\/www.welovecycling.com\/ee\/2022\/07\/28\/skoda-laagri-22-rakke-rattamaraton-ullatab-uue-rajaga\/#primaryimage"},"image":{"@id":"https:\/\/www.welovecycling.com\/ee\/2022\/07\/28\/skoda-laagri-22-rakke-rattamaraton-ullatab-uue-rajaga\/#primaryimage"},"thumbnailUrl":"https:\/\/d2p6e6u75xmxt8.cloudfront.net\/15\/2022\/07\/50155814933_a2410eebf8_k.jpg","datePublished":"2022-07-28T12:53:38+00:00","dateModified":"2023-02-16T11:36:47+00:00","author":{"@id":"https:\/\/www.welovecycling.com\/ee\/#\/schema\/person\/6969dabcb933c60a22a024886fc5dfb3"},"description":"\u0160koda Laagri 22. Rakke rattamaratoni peakorraldaja Enno Eilo s\u00f5nul on maratoni rada suures osas muutunud v\u00f5rreldes varasemaga. \u201eEnne v\u00f5istlust toimus meil Avatud raja s\u00f5it, kus oli \u00fcllatavalt palju osalejaid. Usun, et suuresti muutunud rada ja uued l\u00f5igud tingisid suure huvi maratoniraja testimise vastu. Lisaks on meil muutunud poolmaratoni rada, mis on n\u00fc\u00fcd oluliselt l\u00fchem ja veidi rohkem maastikul. Kuna vihma pole vahepeal v\u00e4ga tulnud ja rada on suhteliselt kuiv ja on oodata v\u00e4ga m\u00f5nusat v\u00f5istlusp\u00e4eva,\u201c lausus Eilo ja julgustas v\u00f5istlusp\u00e4evast osa v\u00f5tma kogu pere, kuna ka sel korral toimuvad lastes\u00f5idud.","inLanguage":"et","potentialAction":[{"@type":"ReadAction","target":["https:\/\/www.welovecycling.com\/ee\/2022\/07\/28\/skoda-laagri-22-rakke-rattamaraton-ullatab-uue-rajaga\/"]}]},{"@type":"ImageObject","inLanguage":"et","@id":"https:\/\/www.welovecycling.com\/ee\/2022\/07\/28\/skoda-laagri-22-rakke-rattamaraton-ullatab-uue-rajaga\/#primaryimage","url":"https:\/\/d2p6e6u75xmxt8.cloudfront.net\/15\/2022\/07\/50155814933_a2410eebf8_k.jpg","contentUrl":"https:\/\/d2p6e6u75xmxt8.cloudfront.net\/15\/2022\/07\/50155814933_a2410eebf8_k.jpg","width":2048,"height":1365},{"@type":"WebSite","@id":"https:\/\/www.welovecycling.com\/ee\/#website","url":"https:\/\/www.welovecycling.com\/ee\/","name":"\u0160koda We Love Cycling - Estonia","description":"","potentialAction":[{"@type":"SearchAction","target":{"@type":"EntryPoint","urlTemplate":"https:\/\/www.welovecycling.com\/ee\/?s={search_term_string}"},"query-input":{"@type":"PropertyValueSpecification","valueRequired":true,"valueName":"search_term_string"}}],"inLanguage":"et"},{"@type":"Person","@id":"https:\/\/www.welovecycling.com\/ee\/#\/schema\/person\/6969dabcb933c60a22a024886fc5dfb3","name":"karit","image":{"@type":"ImageObject","inLanguage":"et","@id":"https:\/\/www.welovecycling.com\/ee\/#\/schema\/person\/image\/","url":"https:\/\/secure.gravatar.com\/avatar\/5c6089f08f3aa4ecae4cfe6c342986b6f1785322192708cff03ffe36d607957c?s=96&d=mm&r=g","contentUrl":"https:\/\/secure.gravatar.com\/avatar\/5c6089f08f3aa4ecae4cfe6c342986b6f1785322192708cff03ffe36d607957c?s=96&d=mm&r=g","caption":"karit"},"url":"https:\/\/www.welovecycling.com\/ee\/author\/karit\/"}]}},"_links":{"self":[{"href":"https:\/\/www.welovecycling.com\/ee\/wp-json\/wp\/v2\/posts\/560","targetHints":{"allow":["GET"]}}],"collection":[{"href":"https:\/\/www.welovecycling.com\/ee\/wp-json\/wp\/v2\/posts"}],"about":[{"href":"https:\/\/www.welovecycling.com\/ee\/wp-json\/wp\/v2\/types\/post"}],"author":[{"embeddable":true,"href":"https:\/\/www.welovecycling.com\/ee\/wp-json\/wp\/v2\/users\/143"}],"replies":[{"embeddable":true,"href":"https:\/\/www.welovecycling.com\/ee\/wp-json\/wp\/v2\/comments?post=560"}],"version-history":[{"count":2,"href":"https:\/\/www.welovecycling.com\/ee\/wp-json\/wp\/v2\/posts\/560\/revisions"}],"predecessor-version":[{"id":565,"href":"https:\/\/www.welovecycling.com\/ee\/wp-json\/wp\/v2\/posts\/560\/revisions\/565"}],"wp:featuredmedia":[{"embeddable":true,"href":"https:\/\/www.welovecycling.com\/ee\/wp-json\/wp\/v2\/media\/561"}],"wp:attachment":[{"href":"https:\/\/www.welovecycling.com\/ee\/wp-json\/wp\/v2\/media?parent=560"}],"wp:term":[{"taxonomy":"category","embeddable":true,"href":"https:\/\/www.welovecycling.com\/ee\/wp-json\/wp\/v2\/categories?post=560"},{"taxonomy":"post_tag","embeddable":true,"href":"https:\/\/www.welovecycling.com\/ee\/wp-json\/wp\/v2\/tags?post=560"},{"taxonomy":"global-categories","embeddable":true,"href":"https:\/\/www.welovecycling.com\/ee\/wp-json\/wp\/v2\/global-categories?post=560"}],"curies":[{"name":"wp","href":"https:\/\/api.w.org\/{rel}","templated":true}]}}