{"id":557,"date":"2022-07-28T12:43:16","date_gmt":"2022-07-28T12:43:16","guid":{"rendered":"https:\/\/www.welovecycling.com\/ee\/?p=557"},"modified":"2023-02-16T11:37:15","modified_gmt":"2023-02-16T11:37:15","slug":"balti-keti-velotuur-toob-eestisse-tour-de-franceil-etappe-voitnud-tiimi-jarelkasvumeeskonna","status":"publish","type":"post","link":"https:\/\/www.welovecycling.com\/ee\/2022\/07\/28\/balti-keti-velotuur-toob-eestisse-tour-de-franceil-etappe-voitnud-tiimi-jarelkasvumeeskonna\/","title":{"rendered":"Balti Keti velotuur toob Eestisse Tour de France\u2019il etappe v\u00f5itnud tiimi j\u00e4relkasvumeeskonna"},"content":{"rendered":"<p dir=\"ltr\"><strong>T\u00e4navu 18.-21. augustil toimuv Balti Keti velotuur taaselustati kolme Balti riigi jalgrattaliidu \u00fchise otsusena 2011. aastal. Nelja etapi k\u00e4igus l\u00e4bivad osalejad k\u00f5iki kolme riiki \u2013 starditakse Leedust Paneve\u017eysest ja l\u00f5petatakse Tallinnas. Mitmep\u00e4evas\u00f5idule on juba registreerunud mitmed nimekad tiimid ning ratturid, asjaarmastajaid ootavad s\u00f5itma lisa\u00fcritused Tartus ja Tallinnas.<\/strong><\/p>\n<p dir=\"ltr\">\u201eV\u00e4lisklubide huvi velotuuril osalemise vastu on elav ja usun, et sportlik tase tuleb v\u00e4ga tugev,\u201c s\u00f5nas velotuuri peakorraldaja Allar T\u00f5nissaar. \u201eR\u00f5\u00f5m on t\u00f5deda, et velotuuri \u00f5nnestumisse panustavad taaskord k\u00f5ik kolm Balti riiki \u2013 viimati \u00f5nnestus see 2018. aastal. \u00dchine hingamine on aga tagasi ning Eesti ja L\u00e4ti k\u00f5rval suudavad ka leedulased Baltikumi \u00fchtsust ning riikide suver\u00e4\u00e4nsust r\u00f5hutava velotuuri kestmisse panustada. Koos tegemine ja \u00f5lg-\u00f5la k\u00f5rval \u00fchiste v\u00e4\u00e4rtuste eest seismine muutub t\u00e4nap\u00e4eva maailmas \u00fcha t\u00e4htsamaks,\u201c lisas ta.<\/p>\n<p dir=\"ltr\">Rahvusvahelise Jalgratturite Liidu kalendrisse kuuluv UCI 2.2 kategooria mitmep\u00e4evas\u00f5it saab esialgse \u00fclesandmise p\u00f5hjal olema igati esinduslik. V\u00f5istlusrajal kohtab s\u00e4rki, mis j\u00e4i silma ka v\u00e4rskelt l\u00f5ppenud Tour de France\u2019il: Jasper Philipseni n\u00e4ol Touril kaks etapiv\u00f5itu teeninud Alpecin-Deceuninck on Balti Keti velotuuril esindatud j\u00e4relkasvumeeskonnaga. V\u00e4ga tugevad saavad kindlasti olema Eesti, L\u00e4ti ja Leedu koondised, mille ridadesse mahub World Touri klubide rattureid, samuti on esindatud Saksa rattakoondis.<\/p>\n<p dir=\"ltr\">Balti Keti velotuuriga samaaegselt toimub mitmeid lisa\u00fcritusi, mis pakuvad s\u00f5iduv\u00f5imalusi neile rattas\u00f5pradele, kes veel profileiba ei teeni\u2013 Tartus toimub 20. augustil Austa Rattaklubi korraldatav <a href=\"http:\/\/austa.ee\/uritused\/retrosoit\">I Retros\u00f5it<\/a>, Tallinnas saab end proovile panna <a href=\"https:\/\/cfc.ee\/lauri-ausi-gp\">Lauri Ausi memoriaalv\u00f5istlusel<\/a> ning <a href=\"https:\/\/cfc.ee\/ttp-noortetuur\/\">TTP Noortetuuril<\/a>, mida korraldab Rattaklubi CFC.<\/p>\n<p dir=\"ltr\">Balti Keti velotuur 2022 etapid:<\/p>\n<p dir=\"ltr\">18. august\u00a0 \u00a0 Paneve\u017eys \u2013 Paneve\u017eys, 156 km (Leedu)<\/p>\n<p dir=\"ltr\">19. august\u00a0 \u00a0 Jelgava \u2013 Sigulda, 147 km (L\u00e4ti)<\/p>\n<p dir=\"ltr\">20. august\u00a0 \u00a0 Tartu \u2013 Antsla \u2013 Valga, 186 km<\/p>\n<p dir=\"ltr\">21. august\u00a0 \u00a0 Kuremaa \u2013 Tallinn, 207 km<\/p>\n<p dir=\"ltr\">Velotuuri k\u00f5ik etapid on otsepildis n\u00e4htavad Delfi Spordi vahendusel. Etappide t\u00e4pne info, marsruudid, liikumiste kellaajad ja muu oluline info on leitav velotuuri kodulehelt: <a href=\"https:\/\/balticchaintour.com\/et\/programm\/\">balticchaintour.com<\/a><\/p>\n","protected":false},"excerpt":{"rendered":"<p>T\u00e4navu 18.-21. augustil toimuv Balti Keti velotuur taaselustati kolme Balti riigi jalgrattaliidu \u00fchise otsusena 2011. aastal. Nelja etapi k\u00e4igus l\u00e4bivad [&hellip;]<\/p>\n","protected":false},"author":143,"featured_media":558,"comment_status":"open","ping_status":"open","sticky":false,"template":"","format":"standard","meta":{"footnotes":""},"categories":[39],"tags":[],"global-categories":[22],"class_list":["post-557","post","type-post","status-publish","format-standard","has-post-thumbnail","hentry","category-maanteesoit","global-categories-cycling"],"yoast_head":"<!-- This site is optimized with the Yoast SEO Premium plugin v25.3 (Yoast SEO v25.9) - https:\/\/yoast.com\/wordpress\/plugins\/seo\/ -->\n<title>Balti Keti velotuur toob Eestisse Tour de France\u2019il etappe v\u00f5itnud tiimi j\u00e4relkasvumeeskonna - \u0160koda We Love Cycling - Estonia<\/title>\n<meta name=\"description\" content=\"T\u00e4navu 18.-21. augustil toimuv Balti Keti velotuur taaselustati kolme Balti riigi jalgrattaliidu \u00fchise otsusena 2011. aastal. Nelja etapi k\u00e4igus l\u00e4bivad osalejad k\u00f5iki kolme riiki \u2013 starditakse Leedust Paneve\u017eysest ja l\u00f5petatakse Tallinnas. Mitmep\u00e4evas\u00f5idule on juba registreerunud mitmed nimekad tiimid ning ratturid, asjaarmastajaid ootavad s\u00f5itma lisa\u00fcritused Tartus ja Tallinnas.\" \/>\n<meta name=\"robots\" content=\"index, follow, max-snippet:-1, max-image-preview:large, max-video-preview:-1\" \/>\n<link rel=\"canonical\" href=\"https:\/\/www.welovecycling.com\/ee\/2022\/07\/28\/balti-keti-velotuur-toob-eestisse-tour-de-franceil-etappe-voitnud-tiimi-jarelkasvumeeskonna\/\" \/>\n<meta property=\"og:locale\" content=\"et_EE\" \/>\n<meta property=\"og:type\" content=\"article\" \/>\n<meta property=\"og:title\" content=\"Balti Keti velotuur toob Eestisse Tour de France\u2019il etappe v\u00f5itnud tiimi j\u00e4relkasvumeeskonna\" \/>\n<meta property=\"og:description\" content=\"T\u00e4navu 18.-21. augustil toimuv Balti Keti velotuur taaselustati kolme Balti riigi jalgrattaliidu \u00fchise otsusena 2011. aastal. Nelja etapi k\u00e4igus l\u00e4bivad osalejad k\u00f5iki kolme riiki \u2013 starditakse Leedust Paneve\u017eysest ja l\u00f5petatakse Tallinnas. Mitmep\u00e4evas\u00f5idule on juba registreerunud mitmed nimekad tiimid ning ratturid, asjaarmastajaid ootavad s\u00f5itma lisa\u00fcritused Tartus ja Tallinnas.\" \/>\n<meta property=\"og:url\" content=\"https:\/\/www.welovecycling.com\/ee\/2022\/07\/28\/balti-keti-velotuur-toob-eestisse-tour-de-franceil-etappe-voitnud-tiimi-jarelkasvumeeskonna\/\" \/>\n<meta property=\"og:site_name\" content=\"\u0160koda We Love Cycling - Estonia\" \/>\n<meta property=\"article:published_time\" content=\"2022-07-28T12:43:16+00:00\" \/>\n<meta property=\"article:modified_time\" content=\"2023-02-16T11:37:15+00:00\" \/>\n<meta property=\"og:image\" content=\"https:\/\/d2p6e6u75xmxt8.cloudfront.net\/15\/2022\/07\/resize.webp\" \/>\n\t<meta property=\"og:image:width\" content=\"1350\" \/>\n\t<meta property=\"og:image:height\" content=\"844\" \/>\n\t<meta property=\"og:image:type\" content=\"image\/webp\" \/>\n<meta name=\"author\" content=\"karit\" \/>\n<meta name=\"twitter:card\" content=\"summary_large_image\" \/>\n<meta name=\"twitter:label1\" content=\"Written by\" \/>\n\t<meta name=\"twitter:data1\" content=\"www.ejl.ee\" \/>\n\t<meta name=\"twitter:label2\" content=\"Est. reading time\" \/>\n\t<meta name=\"twitter:data2\" content=\"2 minutes\" \/>\n<script type=\"application\/ld+json\" class=\"yoast-schema-graph\">{\"@context\":\"https:\/\/schema.org\",\"@graph\":[{\"@type\":\"WebPage\",\"@id\":\"https:\/\/www.welovecycling.com\/ee\/2022\/07\/28\/balti-keti-velotuur-toob-eestisse-tour-de-franceil-etappe-voitnud-tiimi-jarelkasvumeeskonna\/\",\"url\":\"https:\/\/www.welovecycling.com\/ee\/2022\/07\/28\/balti-keti-velotuur-toob-eestisse-tour-de-franceil-etappe-voitnud-tiimi-jarelkasvumeeskonna\/\",\"name\":\"Balti Keti velotuur toob Eestisse Tour de France\u2019il etappe v\u00f5itnud tiimi j\u00e4relkasvumeeskonna - \u0160koda We Love Cycling - Estonia\",\"isPartOf\":{\"@id\":\"https:\/\/www.welovecycling.com\/ee\/#website\"},\"primaryImageOfPage\":{\"@id\":\"https:\/\/www.welovecycling.com\/ee\/2022\/07\/28\/balti-keti-velotuur-toob-eestisse-tour-de-franceil-etappe-voitnud-tiimi-jarelkasvumeeskonna\/#primaryimage\"},\"image\":{\"@id\":\"https:\/\/www.welovecycling.com\/ee\/2022\/07\/28\/balti-keti-velotuur-toob-eestisse-tour-de-franceil-etappe-voitnud-tiimi-jarelkasvumeeskonna\/#primaryimage\"},\"thumbnailUrl\":\"https:\/\/d2p6e6u75xmxt8.cloudfront.net\/15\/2022\/07\/resize.webp\",\"datePublished\":\"2022-07-28T12:43:16+00:00\",\"dateModified\":\"2023-02-16T11:37:15+00:00\",\"author\":{\"@id\":\"https:\/\/www.welovecycling.com\/ee\/#\/schema\/person\/6969dabcb933c60a22a024886fc5dfb3\"},\"description\":\"T\u00e4navu 18.-21. augustil toimuv Balti Keti velotuur taaselustati kolme Balti riigi jalgrattaliidu \u00fchise otsusena 2011. aastal. Nelja etapi k\u00e4igus l\u00e4bivad osalejad k\u00f5iki kolme riiki \u2013 starditakse Leedust Paneve\u017eysest ja l\u00f5petatakse Tallinnas. Mitmep\u00e4evas\u00f5idule on juba registreerunud mitmed nimekad tiimid ning ratturid, asjaarmastajaid ootavad s\u00f5itma lisa\u00fcritused Tartus ja Tallinnas.\",\"inLanguage\":\"et\",\"potentialAction\":[{\"@type\":\"ReadAction\",\"target\":[\"https:\/\/www.welovecycling.com\/ee\/2022\/07\/28\/balti-keti-velotuur-toob-eestisse-tour-de-franceil-etappe-voitnud-tiimi-jarelkasvumeeskonna\/\"]}]},{\"@type\":\"ImageObject\",\"inLanguage\":\"et\",\"@id\":\"https:\/\/www.welovecycling.com\/ee\/2022\/07\/28\/balti-keti-velotuur-toob-eestisse-tour-de-franceil-etappe-voitnud-tiimi-jarelkasvumeeskonna\/#primaryimage\",\"url\":\"https:\/\/d2p6e6u75xmxt8.cloudfront.net\/15\/2022\/07\/resize.webp\",\"contentUrl\":\"https:\/\/d2p6e6u75xmxt8.cloudfront.net\/15\/2022\/07\/resize.webp\",\"width\":1350,\"height\":844},{\"@type\":\"WebSite\",\"@id\":\"https:\/\/www.welovecycling.com\/ee\/#website\",\"url\":\"https:\/\/www.welovecycling.com\/ee\/\",\"name\":\"\u0160koda We Love Cycling - Estonia\",\"description\":\"\",\"potentialAction\":[{\"@type\":\"SearchAction\",\"target\":{\"@type\":\"EntryPoint\",\"urlTemplate\":\"https:\/\/www.welovecycling.com\/ee\/?s={search_term_string}\"},\"query-input\":{\"@type\":\"PropertyValueSpecification\",\"valueRequired\":true,\"valueName\":\"search_term_string\"}}],\"inLanguage\":\"et\"},{\"@type\":\"Person\",\"@id\":\"https:\/\/www.welovecycling.com\/ee\/#\/schema\/person\/6969dabcb933c60a22a024886fc5dfb3\",\"name\":\"karit\",\"image\":{\"@type\":\"ImageObject\",\"inLanguage\":\"et\",\"@id\":\"https:\/\/www.welovecycling.com\/ee\/#\/schema\/person\/image\/\",\"url\":\"https:\/\/secure.gravatar.com\/avatar\/5c6089f08f3aa4ecae4cfe6c342986b6f1785322192708cff03ffe36d607957c?s=96&d=mm&r=g\",\"contentUrl\":\"https:\/\/secure.gravatar.com\/avatar\/5c6089f08f3aa4ecae4cfe6c342986b6f1785322192708cff03ffe36d607957c?s=96&d=mm&r=g\",\"caption\":\"karit\"},\"url\":\"https:\/\/www.welovecycling.com\/ee\/author\/karit\/\"}]}<\/script>\n<!-- \/ Yoast SEO Premium plugin. -->","yoast_head_json":{"title":"Balti Keti velotuur toob Eestisse Tour de France\u2019il etappe v\u00f5itnud tiimi j\u00e4relkasvumeeskonna - \u0160koda We Love Cycling - Estonia","description":"T\u00e4navu 18.-21. augustil toimuv Balti Keti velotuur taaselustati kolme Balti riigi jalgrattaliidu \u00fchise otsusena 2011. aastal. Nelja etapi k\u00e4igus l\u00e4bivad osalejad k\u00f5iki kolme riiki \u2013 starditakse Leedust Paneve\u017eysest ja l\u00f5petatakse Tallinnas. Mitmep\u00e4evas\u00f5idule on juba registreerunud mitmed nimekad tiimid ning ratturid, asjaarmastajaid ootavad s\u00f5itma lisa\u00fcritused Tartus ja Tallinnas.","robots":{"index":"index","follow":"follow","max-snippet":"max-snippet:-1","max-image-preview":"max-image-preview:large","max-video-preview":"max-video-preview:-1"},"canonical":"https:\/\/www.welovecycling.com\/ee\/2022\/07\/28\/balti-keti-velotuur-toob-eestisse-tour-de-franceil-etappe-voitnud-tiimi-jarelkasvumeeskonna\/","og_locale":"et_EE","og_type":"article","og_title":"Balti Keti velotuur toob Eestisse Tour de France\u2019il etappe v\u00f5itnud tiimi j\u00e4relkasvumeeskonna","og_description":"T\u00e4navu 18.-21. augustil toimuv Balti Keti velotuur taaselustati kolme Balti riigi jalgrattaliidu \u00fchise otsusena 2011. aastal. Nelja etapi k\u00e4igus l\u00e4bivad osalejad k\u00f5iki kolme riiki \u2013 starditakse Leedust Paneve\u017eysest ja l\u00f5petatakse Tallinnas. Mitmep\u00e4evas\u00f5idule on juba registreerunud mitmed nimekad tiimid ning ratturid, asjaarmastajaid ootavad s\u00f5itma lisa\u00fcritused Tartus ja Tallinnas.","og_url":"https:\/\/www.welovecycling.com\/ee\/2022\/07\/28\/balti-keti-velotuur-toob-eestisse-tour-de-franceil-etappe-voitnud-tiimi-jarelkasvumeeskonna\/","og_site_name":"\u0160koda We Love Cycling - Estonia","article_published_time":"2022-07-28T12:43:16+00:00","article_modified_time":"2023-02-16T11:37:15+00:00","og_image":[{"width":1350,"height":844,"url":"https:\/\/d2p6e6u75xmxt8.cloudfront.net\/15\/2022\/07\/resize.webp","type":"image\/webp"}],"author":"karit","twitter_card":"summary_large_image","twitter_misc":{"Written by":"www.ejl.ee","Est. reading time":"2 minutes"},"schema":{"@context":"https:\/\/schema.org","@graph":[{"@type":"WebPage","@id":"https:\/\/www.welovecycling.com\/ee\/2022\/07\/28\/balti-keti-velotuur-toob-eestisse-tour-de-franceil-etappe-voitnud-tiimi-jarelkasvumeeskonna\/","url":"https:\/\/www.welovecycling.com\/ee\/2022\/07\/28\/balti-keti-velotuur-toob-eestisse-tour-de-franceil-etappe-voitnud-tiimi-jarelkasvumeeskonna\/","name":"Balti Keti velotuur toob Eestisse Tour de France\u2019il etappe v\u00f5itnud tiimi j\u00e4relkasvumeeskonna - \u0160koda We Love Cycling - Estonia","isPartOf":{"@id":"https:\/\/www.welovecycling.com\/ee\/#website"},"primaryImageOfPage":{"@id":"https:\/\/www.welovecycling.com\/ee\/2022\/07\/28\/balti-keti-velotuur-toob-eestisse-tour-de-franceil-etappe-voitnud-tiimi-jarelkasvumeeskonna\/#primaryimage"},"image":{"@id":"https:\/\/www.welovecycling.com\/ee\/2022\/07\/28\/balti-keti-velotuur-toob-eestisse-tour-de-franceil-etappe-voitnud-tiimi-jarelkasvumeeskonna\/#primaryimage"},"thumbnailUrl":"https:\/\/d2p6e6u75xmxt8.cloudfront.net\/15\/2022\/07\/resize.webp","datePublished":"2022-07-28T12:43:16+00:00","dateModified":"2023-02-16T11:37:15+00:00","author":{"@id":"https:\/\/www.welovecycling.com\/ee\/#\/schema\/person\/6969dabcb933c60a22a024886fc5dfb3"},"description":"T\u00e4navu 18.-21. augustil toimuv Balti Keti velotuur taaselustati kolme Balti riigi jalgrattaliidu \u00fchise otsusena 2011. aastal. Nelja etapi k\u00e4igus l\u00e4bivad osalejad k\u00f5iki kolme riiki \u2013 starditakse Leedust Paneve\u017eysest ja l\u00f5petatakse Tallinnas. Mitmep\u00e4evas\u00f5idule on juba registreerunud mitmed nimekad tiimid ning ratturid, asjaarmastajaid ootavad s\u00f5itma lisa\u00fcritused Tartus ja Tallinnas.","inLanguage":"et","potentialAction":[{"@type":"ReadAction","target":["https:\/\/www.welovecycling.com\/ee\/2022\/07\/28\/balti-keti-velotuur-toob-eestisse-tour-de-franceil-etappe-voitnud-tiimi-jarelkasvumeeskonna\/"]}]},{"@type":"ImageObject","inLanguage":"et","@id":"https:\/\/www.welovecycling.com\/ee\/2022\/07\/28\/balti-keti-velotuur-toob-eestisse-tour-de-franceil-etappe-voitnud-tiimi-jarelkasvumeeskonna\/#primaryimage","url":"https:\/\/d2p6e6u75xmxt8.cloudfront.net\/15\/2022\/07\/resize.webp","contentUrl":"https:\/\/d2p6e6u75xmxt8.cloudfront.net\/15\/2022\/07\/resize.webp","width":1350,"height":844},{"@type":"WebSite","@id":"https:\/\/www.welovecycling.com\/ee\/#website","url":"https:\/\/www.welovecycling.com\/ee\/","name":"\u0160koda We Love Cycling - Estonia","description":"","potentialAction":[{"@type":"SearchAction","target":{"@type":"EntryPoint","urlTemplate":"https:\/\/www.welovecycling.com\/ee\/?s={search_term_string}"},"query-input":{"@type":"PropertyValueSpecification","valueRequired":true,"valueName":"search_term_string"}}],"inLanguage":"et"},{"@type":"Person","@id":"https:\/\/www.welovecycling.com\/ee\/#\/schema\/person\/6969dabcb933c60a22a024886fc5dfb3","name":"karit","image":{"@type":"ImageObject","inLanguage":"et","@id":"https:\/\/www.welovecycling.com\/ee\/#\/schema\/person\/image\/","url":"https:\/\/secure.gravatar.com\/avatar\/5c6089f08f3aa4ecae4cfe6c342986b6f1785322192708cff03ffe36d607957c?s=96&d=mm&r=g","contentUrl":"https:\/\/secure.gravatar.com\/avatar\/5c6089f08f3aa4ecae4cfe6c342986b6f1785322192708cff03ffe36d607957c?s=96&d=mm&r=g","caption":"karit"},"url":"https:\/\/www.welovecycling.com\/ee\/author\/karit\/"}]}},"_links":{"self":[{"href":"https:\/\/www.welovecycling.com\/ee\/wp-json\/wp\/v2\/posts\/557","targetHints":{"allow":["GET"]}}],"collection":[{"href":"https:\/\/www.welovecycling.com\/ee\/wp-json\/wp\/v2\/posts"}],"about":[{"href":"https:\/\/www.welovecycling.com\/ee\/wp-json\/wp\/v2\/types\/post"}],"author":[{"embeddable":true,"href":"https:\/\/www.welovecycling.com\/ee\/wp-json\/wp\/v2\/users\/143"}],"replies":[{"embeddable":true,"href":"https:\/\/www.welovecycling.com\/ee\/wp-json\/wp\/v2\/comments?post=557"}],"version-history":[{"count":1,"href":"https:\/\/www.welovecycling.com\/ee\/wp-json\/wp\/v2\/posts\/557\/revisions"}],"predecessor-version":[{"id":559,"href":"https:\/\/www.welovecycling.com\/ee\/wp-json\/wp\/v2\/posts\/557\/revisions\/559"}],"wp:featuredmedia":[{"embeddable":true,"href":"https:\/\/www.welovecycling.com\/ee\/wp-json\/wp\/v2\/media\/558"}],"wp:attachment":[{"href":"https:\/\/www.welovecycling.com\/ee\/wp-json\/wp\/v2\/media?parent=557"}],"wp:term":[{"taxonomy":"category","embeddable":true,"href":"https:\/\/www.welovecycling.com\/ee\/wp-json\/wp\/v2\/categories?post=557"},{"taxonomy":"post_tag","embeddable":true,"href":"https:\/\/www.welovecycling.com\/ee\/wp-json\/wp\/v2\/tags?post=557"},{"taxonomy":"global-categories","embeddable":true,"href":"https:\/\/www.welovecycling.com\/ee\/wp-json\/wp\/v2\/global-categories?post=557"}],"curies":[{"name":"wp","href":"https:\/\/api.w.org\/{rel}","templated":true}]}}