{"id":550,"date":"2022-07-25T13:34:21","date_gmt":"2022-07-25T13:34:21","guid":{"rendered":"https:\/\/www.welovecycling.com\/ee\/?p=550"},"modified":"2022-07-25T13:34:21","modified_gmt":"2022-07-25T13:34:21","slug":"rank-katsumus-nii-touri-ratturitele-kui-ka-autojuhtidele","status":"publish","type":"post","link":"https:\/\/www.welovecycling.com\/ee\/2022\/07\/25\/rank-katsumus-nii-touri-ratturitele-kui-ka-autojuhtidele\/","title":{"rendered":"R\u00e4nk katsumus nii Touri ratturitele kui ka autojuhtidele"},"content":{"rendered":"<p>Tour de France\u2019i rada kubiseb mitte ainult v\u00f5istlevatest ratturitest, vaid ka autodest. Neid autosid juhivad endised profijalgratturid, kes m\u00f5istavad sportlaste k\u00e4itumist. Vaatame nende t\u00f6\u00f6d seestpoolt.<\/p>\n<p>\u0160koda on aastast 2004 olnud kuulsa Tour de France\u2019i ametlik peapartner ja autode tarnija. \u0160koda varustab korraldajad autopargiga, mis t\u00e4navu koosneb \u00fcksnes h\u00fcbriid- ja elektriautodest.<\/p>\n<p>Lisaks v\u00f5istluse direktori jaoks m\u00f5eldud autodele \u2013 viimastel aastatel \u0160koda ENYAQ iV \u2013 ja teistele Touri jaoks vajalikele autodele liiguvad mitmed k\u00fclalistega autod ratturite ees, v\u00f5i lahtirebimiskatsete puhul ka jalgratturite vahel. T\u00e4nu \u0160kodale saavad need k\u00fclalised nautida ennen\u00e4gematult vahetut vaadet Tour de France\u2019ile. Just nende autode juhid r\u00e4\u00e4givad n\u00fc\u00fcd koost\u00f6\u00f6s profiratturi, suunamudija ja rattav\u00f5istluste korraldaja Cameron Jeffersiga \u0160koda Storyboardile l\u00e4hemalt oma t\u00f6\u00f6st Tour de France\u2019il.<\/p>\n<p><a href=\"https:\/\/d2p6e6u75xmxt8.cloudfront.net\/15\/2022\/07\/291806981_10221344248299303_5502084105350028198_n.jpg\"><img loading=\"lazy\" decoding=\"async\" class=\"alignnone size-extra-large wp-image-551\" src=\"https:\/\/d2p6e6u75xmxt8.cloudfront.net\/15\/2022\/07\/291806981_10221344248299303_5502084105350028198_n-1920x1280.jpg\" alt=\"\" width=\"1920\" height=\"1280\" srcset=\"https:\/\/d2p6e6u75xmxt8.cloudfront.net\/15\/2022\/07\/291806981_10221344248299303_5502084105350028198_n-1920x1280.jpg 1920w, https:\/\/d2p6e6u75xmxt8.cloudfront.net\/15\/2022\/07\/291806981_10221344248299303_5502084105350028198_n-300x200.jpg 300w, https:\/\/d2p6e6u75xmxt8.cloudfront.net\/15\/2022\/07\/291806981_10221344248299303_5502084105350028198_n-1024x683.jpg 1024w, https:\/\/d2p6e6u75xmxt8.cloudfront.net\/15\/2022\/07\/291806981_10221344248299303_5502084105350028198_n-768x512.jpg 768w, https:\/\/d2p6e6u75xmxt8.cloudfront.net\/15\/2022\/07\/291806981_10221344248299303_5502084105350028198_n-1536x1024.jpg 1536w, https:\/\/d2p6e6u75xmxt8.cloudfront.net\/15\/2022\/07\/291806981_10221344248299303_5502084105350028198_n-272x182.jpg 272w, https:\/\/d2p6e6u75xmxt8.cloudfront.net\/15\/2022\/07\/291806981_10221344248299303_5502084105350028198_n.jpg 2048w, https:\/\/d2p6e6u75xmxt8.cloudfront.net\/15\/2022\/07\/291806981_10221344248299303_5502084105350028198_n-1920x1280.jpg 1920w\" sizes=\"auto, (max-width: 1920px) 100vw, 1920px\" \/><\/a><\/p>\n<p><strong>\u0160koda ENYAQ iV on taas tegevuses kui v\u00f5istluse direktori Christian Prudhomme\u2019i liikuv staap<\/strong><\/p>\n<p><strong>Ainus v\u00f5imalus<\/strong><\/p>\n<p>See t\u00f6\u00f6 on \u00fcllatavalt keeruline. V\u00f5istlejate ees liikuvaid autosid roolivad kogenud ja spetsiaalselt ametisse palgatud juhid, kuid v\u00f5istlustempos ratturite vahel man\u00f6\u00f6verdava k\u00fclalisi t\u00e4is auto rooli ei saa usaldada sugugi iga\u00fchele. \u201eAinus v\u00f5imalus on palgata sinna endisi profirattureid. Ainult nemad teavad, kuidas ratturid liiguvad, on suutelised reageerima tempomuutustele ning lugema ratturite reaktsioone ja kavatsusi,\u201c selgitab Jan Hejna WeLoveCyclingust. Et p\u00e4\u00e4seda v\u00f5istluse ajaks autorooli, peavad ka need juhid saama spetsiaalse litsentsi Rahvusvaheliselt Jalgratturite Liidult, selleks aga peavad nad omama samalaadseid kogemusi v\u00e4iksematelt v\u00f5istlustelt. \u201eSee on omamoodi k\u00f5rgtaseme juhiluba,\u201c \u00fctleb Hejna.<\/p>\n<p><strong>V\u00f5itjaauhind<\/strong><\/p>\n<p>\u0160kodal on veel \u00fcks ainulaadne, Tour de France\u2019iga seotud privileeg. \u0160koda disainitiim on alates aastast 2011 kujundanud kuulsa rattav\u00f5istluse v\u00f5itjale m\u00f5eldud auhinda. Auhinnad p\u00f5hinevad alati \u00fchetaolistel p\u00f5hivormidel, kuid igal aastal l\u00e4henetakse teemale erinevalt. Disainerid kasutavad auhindu v\u00f5imalusena T\u0161ehhi klaasimeistrite kunsti demonstreerimiseks. Auhinnad teostab T\u0161ehhi klaasivabrik Lasvit ning need on k\u00e4sitsi valmistatud t\u00e4ppist\u00f6\u00f6d. T\u00e4navu tuleb \u0160kodalt auhind ka naiste v\u00f5istluse Tour de France Femmes avec Zwift v\u00f5itjale.<\/p>\n<p>\u201eN\u00e4iteks kiirus allam\u00e4ge on kriitiline neile, kes s\u00f5idavad v\u00f5istlejate ees, sest keeruka trassi j\u00e4rskudel langustel suudavad ratturid liikuda autodest kiiremini,\u201c toob Hejna n\u00e4ite olukorrast, millesse keskmine autojuht kunagi ei satu. Aga isegi neis olukordades kiidavad juhid oma k\u00e4sutuses olevaid autosid \u0160koda SUPERB iV ja ENYAQ iV. \u201eSee kohandub iga olukorraga ning s\u00f5ltuvalt hetkevajadustest saan ma valida sportliku v\u00f5i mugava s\u00f5idure\u017eiimi. M\u00f5nikord peame aga t\u00f5eliselt kiiresti s\u00f5itma,\u201c selgitab Paul Moucheraud. Autode sujuv juhitavus ja erk reageerimine on Tour de France\u2019il p\u00e4lvinud k\u00f5igi juhtide kiitust.<\/p>\n<p>\u0160koda SUPERB iV t\u00e4navuse Tour de France\u2019i saateautona<\/p>\n<p><strong>R\u00e4nk p\u00e4evat\u00f6\u00f6<\/strong><\/p>\n<p>Auto lihtsustab ka nende t\u00f6\u00f6d. \u201eTouri l\u00f5puks on meie autod l\u00e4binud umbes seitse v\u00f5i kaheksa tuhat kilomeetrit,\u201c r\u00e4\u00e4gib Pedro Horrillo rooli taga veedetud n\u00e4dalatest. Oluline osa sellest m\u00f6\u00f6dub tegelikult \u201ev\u00f5idus\u00f5idu sees\u201c, see t\u00e4hendab etappide rajal ratturite l\u00e4heduses. Kui m\u00f5ned ratturid peagrupist lahti rebivad, v\u00f5ib v\u00f5istluse direktor lubada m\u00f5nel autol \u00fclej\u00e4\u00e4nud kolonnist m\u00f6\u00f6duda ja jooksikud kinni p\u00fc\u00fcda. Niisugusel juhul peavad olema t\u00e4idetud ideaaltingimused, n\u00e4iteks peavad jooksikud olema peagrupist piisavalt kaugel. Just seep\u00e4rast ongi saateautodes raadiojaamad, sealtkaudu j\u00f5uavad autojuhtideni v\u00f5istluse direktori korraldused, nad saavad j\u00e4lgida \u00fcldist olukorda ja omavahel suhelda.<\/p>\n<p><a href=\"https:\/\/d2p6e6u75xmxt8.cloudfront.net\/15\/2022\/07\/PGS0102-1920x1280-1.jpg\"><img loading=\"lazy\" decoding=\"async\" class=\"alignnone size-full wp-image-552\" src=\"https:\/\/d2p6e6u75xmxt8.cloudfront.net\/15\/2022\/07\/PGS0102-1920x1280-1.jpg\" alt=\"\" width=\"1920\" height=\"1280\" srcset=\"https:\/\/d2p6e6u75xmxt8.cloudfront.net\/15\/2022\/07\/PGS0102-1920x1280-1.jpg 1920w, https:\/\/d2p6e6u75xmxt8.cloudfront.net\/15\/2022\/07\/PGS0102-1920x1280-1-300x200.jpg 300w, https:\/\/d2p6e6u75xmxt8.cloudfront.net\/15\/2022\/07\/PGS0102-1920x1280-1-1024x683.jpg 1024w, https:\/\/d2p6e6u75xmxt8.cloudfront.net\/15\/2022\/07\/PGS0102-1920x1280-1-768x512.jpg 768w, https:\/\/d2p6e6u75xmxt8.cloudfront.net\/15\/2022\/07\/PGS0102-1920x1280-1-1536x1024.jpg 1536w, https:\/\/d2p6e6u75xmxt8.cloudfront.net\/15\/2022\/07\/PGS0102-1920x1280-1-272x182.jpg 272w\" sizes=\"auto, (max-width: 1920px) 100vw, 1920px\" \/><\/a><\/p>\n<p><strong>\u0160koda SUPERB iV-d t\u00e4navusel Touril<\/strong><\/p>\n<p>\u201eMa r\u00e4\u00e4gin meie k\u00fclalistele alati, et v\u00f5istlejatele enam l\u00e4hemale ei p\u00e4\u00e4se. See on t\u00f5eliselt imeline kogemus isegi mulle, kes ma v\u00f5istlejana ise Touril osalesin. Kananahk tuleb alati ihule,\u201c pihib Staf Scheirlinckx. K\u00f5ik juhid n\u00f5ustuvad, et tegu on \u00e4\u00e4rmiselt n\u00f5udliku ja vastutusrikka ametiga. Nad peavad silma peal hoidma ratturitel, ent j\u00e4lgima samal ajal ka pealtvaatajaid ja teisi trassil olevaid autosid. \u201eKui sa oleksid n\u00e4iteks osaline kokkup\u00f5rkes m\u00f5ne jooksikute grupi liikmega, satuksid j\u00e4rgmisel p\u00e4eval k\u00f5igisse maailma ajalehtedesse. Seda p\u00fc\u00fcame iga hinna eest v\u00e4ltida,\u201c lisab Scheirlinckx. Maurice Borghouts kirjeldab ilmekalt oma t\u00f6\u00f6 keerukust: \u201eKui ma olin rattur, polnud mul siin \u00f5ieti millegi p\u00e4rast muretseda. K\u00f5ik oli minu jaoks ette valmistatud, minu asi oli keskenduda liidrile ja tuua tiimile tulemus. N\u00fc\u00fcdne roll on t\u00e4iesti teistsugune.\u201c<\/p>\n<p>\u201eJuhid ei tohi n\u00e4rvi minna ega pingelises olukorras eksida. Mina suhtun sellesse nii, et olen isegi siin k\u00fclaline ja p\u00fc\u00fcan v\u00f5imalusest viimast v\u00f5tta. Ning siis annan selle meeleolu edasi ka oma autos viibivale reisijale. M\u00f5nikord ma ei tunnegi, et teen t\u00f6\u00f6d, vaid lihtsalt naudin. Aga teha seda iga p\u00e4ev kogu Touri v\u00e4ltel v\u00f5ib olla p\u00e4ris keeruline,\u201c tunnistab Pedro Horrillo.<\/p>\n<p><a href=\"https:\/\/d2p6e6u75xmxt8.cloudfront.net\/15\/2022\/07\/PGS9728-1920x1280-1.jpg\"><img loading=\"lazy\" decoding=\"async\" class=\"alignnone size-full wp-image-553\" src=\"https:\/\/d2p6e6u75xmxt8.cloudfront.net\/15\/2022\/07\/PGS9728-1920x1280-1.jpg\" alt=\"\" width=\"1920\" height=\"1280\" srcset=\"https:\/\/d2p6e6u75xmxt8.cloudfront.net\/15\/2022\/07\/PGS9728-1920x1280-1.jpg 1920w, https:\/\/d2p6e6u75xmxt8.cloudfront.net\/15\/2022\/07\/PGS9728-1920x1280-1-300x200.jpg 300w, https:\/\/d2p6e6u75xmxt8.cloudfront.net\/15\/2022\/07\/PGS9728-1920x1280-1-1024x683.jpg 1024w, https:\/\/d2p6e6u75xmxt8.cloudfront.net\/15\/2022\/07\/PGS9728-1920x1280-1-768x512.jpg 768w, https:\/\/d2p6e6u75xmxt8.cloudfront.net\/15\/2022\/07\/PGS9728-1920x1280-1-1536x1024.jpg 1536w, https:\/\/d2p6e6u75xmxt8.cloudfront.net\/15\/2022\/07\/PGS9728-1920x1280-1-272x182.jpg 272w\" sizes=\"auto, (max-width: 1920px) 100vw, 1920px\" \/><\/a><\/p>\n<p><strong>Rada palistavad tohutud inimhulgad<\/strong><\/p>\n<p>Juhi t\u00f6\u00f6 ei piirdu v\u00f5istlustrassiga. Nad peavad hommikul s\u00f5itma etapi starti ja p\u00e4rast selle l\u00f5ppu oma \u00f6\u00f6bimiskohta, mist\u00f5ttu p\u00e4evane l\u00e4bis\u00f5it ulatub sadadesse kilomeetritesse. \u201eM\u00f5nikord kulub etapile j\u00f5udmiseks poolteist tundi, siis viis tundi etapil ja l\u00f5puks veel poolteist tundi hotelli j\u00f5udmiseks,\u201c r\u00e4\u00e4gib Pedro Horrillo. T\u00e4navu pidid juhid P\u00f5hja-Prantsusmaale j\u00f5udmiseks l\u00e4bima t\u00e4iendavalt veel \u00fcle 1000 kilomeetri, sest esimesed kolm Touri etappi s\u00f5ideti Taanis.<\/p>\n<p><strong>Ja j\u00f5udehetkel\u2026<\/strong><\/p>\n<p>K\u00f5igile juhtidele, kes t\u00e4navu Tour de France\u2019il \u0160koda SUPERB iV v\u00f5i ENYAQ iV roolis istuvad, toob see v\u00f5istlus meelde m\u00e4lestused nende enda sportlaskarj\u00e4\u00e4rist. \u201eF\u00fc\u00fcsiliselt on jalgratta sadulas palju raskem. Ma ei usu, et oleksin selleks praegu piisavalt heas vormis,\u201c vastab Paul Moucheraud Cameroni k\u00fcsimusele, kas ta eelistaks l\u00e4bida Touri ratast pedaalides v\u00f5i on rahul ka mugavalt autos istudes. \u201eKui valida oleks, siis arvatavasti istuksin autos.\u201c Kuid m\u00f5ned eelistaksid pigem jalgratast. \u201eMulle meeldivad m\u00f5lemad, aga pigem oleksin siin rattur,\u201c pakub Staf Scheirlinckx.<\/p>\n<p>\u0160koda on palju enamat kui vaid Tour de France\u2019i traditsiooniline partner, spondeerides ka parima sprinteri rohelist s\u00e4rki.<\/p>\n<p><a href=\"https:\/\/d2p6e6u75xmxt8.cloudfront.net\/15\/2022\/07\/20220702TDF2051-A.S.O._Aurelien_Vialatte.JPG-1920x1280-1.jpg\"><img loading=\"lazy\" decoding=\"async\" class=\"alignnone size-full wp-image-555\" src=\"https:\/\/d2p6e6u75xmxt8.cloudfront.net\/15\/2022\/07\/20220702TDF2051-A.S.O._Aurelien_Vialatte.JPG-1920x1280-1.jpg\" alt=\"\" width=\"1920\" height=\"1280\" srcset=\"https:\/\/d2p6e6u75xmxt8.cloudfront.net\/15\/2022\/07\/20220702TDF2051-A.S.O._Aurelien_Vialatte.JPG-1920x1280-1.jpg 1920w, https:\/\/d2p6e6u75xmxt8.cloudfront.net\/15\/2022\/07\/20220702TDF2051-A.S.O._Aurelien_Vialatte.JPG-1920x1280-1-300x200.jpg 300w, https:\/\/d2p6e6u75xmxt8.cloudfront.net\/15\/2022\/07\/20220702TDF2051-A.S.O._Aurelien_Vialatte.JPG-1920x1280-1-1024x683.jpg 1024w, https:\/\/d2p6e6u75xmxt8.cloudfront.net\/15\/2022\/07\/20220702TDF2051-A.S.O._Aurelien_Vialatte.JPG-1920x1280-1-768x512.jpg 768w, https:\/\/d2p6e6u75xmxt8.cloudfront.net\/15\/2022\/07\/20220702TDF2051-A.S.O._Aurelien_Vialatte.JPG-1920x1280-1-1536x1024.jpg 1536w, https:\/\/d2p6e6u75xmxt8.cloudfront.net\/15\/2022\/07\/20220702TDF2051-A.S.O._Aurelien_Vialatte.JPG-1920x1280-1-272x182.jpg 272w\" sizes=\"auto, (max-width: 1920px) 100vw, 1920px\" \/><\/a><\/p>\n<p>\u201eK\u00fclalisautode\u201c juhid aga satuvad Touri ajal t\u00f5en\u00e4oliselt siiski rattasadulasse. Seda muidugi puhkep\u00e4eval. \u201eKui v\u00f5imalus avaneb, siis me kindlasti kasutame seda. Auto juhtimine on m\u00f5istagi meeldiv ja mugav, aga keegi meist ei suuda vastu panna kiusatusele tuletada rattasadulas vanu aegu meelde,\u201c on k\u00f5ik \u00fcksmeelsed.<\/p>\n<p><strong>Cameron Jeffers<\/strong><\/p>\n<p>P\u00f5hja-Iirimaalt Ballinderryst p\u00e4rit Jeffers elab praegu Inglismaal, Manchesteri ja Liverpooli vahel paiknevas Wigani linnas. Saint Pirani tiimi rattur on saanud kuulsaks YouTube\u2019i kanalis avaldatud julgete rattas\u00f5iduprojektide videotega. Ta kajastas n\u00e4iteks reisi, kus ostis k\u00f5ige odavama saadaoleva lennupileti Euroopa sihtkohta ja tuli sealt jalgrattaga s\u00f5ites koju. Teisel korral s\u00f5itis ta \u00fche p\u00e4evaga l\u00e4bi kolme riigi. Jeffers teeb koost\u00f6\u00f6d \u0160koda k\u00e4itatava meediaplatvormiga WeLoveCycling.<\/p>\n<p><a href=\"https:\/\/d2p6e6u75xmxt8.cloudfront.net\/15\/2022\/07\/0x4a9798u-1920x1281-1.jpg\"><img loading=\"lazy\" decoding=\"async\" class=\"alignnone size-full wp-image-554\" src=\"https:\/\/d2p6e6u75xmxt8.cloudfront.net\/15\/2022\/07\/0x4a9798u-1920x1281-1.jpg\" alt=\"\" width=\"1920\" height=\"1281\" srcset=\"https:\/\/d2p6e6u75xmxt8.cloudfront.net\/15\/2022\/07\/0x4a9798u-1920x1281-1.jpg 1920w, https:\/\/d2p6e6u75xmxt8.cloudfront.net\/15\/2022\/07\/0x4a9798u-1920x1281-1-300x200.jpg 300w, https:\/\/d2p6e6u75xmxt8.cloudfront.net\/15\/2022\/07\/0x4a9798u-1920x1281-1-1024x683.jpg 1024w, https:\/\/d2p6e6u75xmxt8.cloudfront.net\/15\/2022\/07\/0x4a9798u-1920x1281-1-768x512.jpg 768w, https:\/\/d2p6e6u75xmxt8.cloudfront.net\/15\/2022\/07\/0x4a9798u-1920x1281-1-1536x1025.jpg 1536w, https:\/\/d2p6e6u75xmxt8.cloudfront.net\/15\/2022\/07\/0x4a9798u-1920x1281-1-272x182.jpg 272w\" sizes=\"auto, (max-width: 1920px) 100vw, 1920px\" \/><\/a><\/p>\n","protected":false},"excerpt":{"rendered":"<p>Tour de France\u2019i rada kubiseb mitte ainult v\u00f5istlevatest ratturitest, vaid ka autodest. Neid autosid juhivad endised profijalgratturid, kes m\u00f5istavad sportlaste [&hellip;]<\/p>\n","protected":false},"author":143,"featured_media":552,"comment_status":"open","ping_status":"open","sticky":false,"template":"","format":"standard","meta":{"footnotes":""},"categories":[7,39],"tags":[113],"global-categories":[22],"class_list":["post-550","post","type-post","status-publish","format-standard","has-post-thumbnail","hentry","category-maanteeratas","category-maanteesoit","tag-tour-de-france-2022","global-categories-cycling"],"yoast_head":"<!-- This site is optimized with the Yoast SEO Premium plugin v25.3 (Yoast SEO v25.9) - https:\/\/yoast.com\/wordpress\/plugins\/seo\/ -->\n<title>R\u00e4nk katsumus nii Touri ratturitele kui ka autojuhtidele - \u0160koda We Love Cycling - Estonia<\/title>\n<meta name=\"robots\" content=\"index, follow, max-snippet:-1, max-image-preview:large, max-video-preview:-1\" \/>\n<link rel=\"canonical\" href=\"https:\/\/www.welovecycling.com\/ee\/2022\/07\/25\/rank-katsumus-nii-touri-ratturitele-kui-ka-autojuhtidele\/\" \/>\n<meta property=\"og:locale\" content=\"et_EE\" \/>\n<meta property=\"og:type\" content=\"article\" \/>\n<meta property=\"og:title\" content=\"R\u00e4nk katsumus nii Touri ratturitele kui ka autojuhtidele\" \/>\n<meta property=\"og:description\" content=\"Tour de France\u2019i rada kubiseb mitte ainult v\u00f5istlevatest ratturitest, vaid ka autodest. Neid autosid juhivad endised profijalgratturid, kes m\u00f5istavad sportlaste [&hellip;]\" \/>\n<meta property=\"og:url\" content=\"https:\/\/www.welovecycling.com\/ee\/2022\/07\/25\/rank-katsumus-nii-touri-ratturitele-kui-ka-autojuhtidele\/\" \/>\n<meta property=\"og:site_name\" content=\"\u0160koda We Love Cycling - Estonia\" \/>\n<meta property=\"article:published_time\" content=\"2022-07-25T13:34:21+00:00\" \/>\n<meta property=\"og:image\" content=\"https:\/\/d2p6e6u75xmxt8.cloudfront.net\/15\/2022\/07\/PGS0102-1920x1280-1.jpg\" \/>\n\t<meta property=\"og:image:width\" content=\"1920\" \/>\n\t<meta property=\"og:image:height\" content=\"1280\" \/>\n\t<meta property=\"og:image:type\" content=\"image\/jpeg\" \/>\n<meta name=\"author\" content=\"karit\" \/>\n<meta name=\"twitter:card\" content=\"summary_large_image\" \/>\n<meta name=\"twitter:label1\" content=\"Written by\" \/>\n\t<meta name=\"twitter:data1\" content=\"karit\" \/>\n\t<meta name=\"twitter:label2\" content=\"Est. reading time\" \/>\n\t<meta name=\"twitter:data2\" content=\"6 minutes\" \/>\n<script type=\"application\/ld+json\" class=\"yoast-schema-graph\">{\"@context\":\"https:\/\/schema.org\",\"@graph\":[{\"@type\":\"WebPage\",\"@id\":\"https:\/\/www.welovecycling.com\/ee\/2022\/07\/25\/rank-katsumus-nii-touri-ratturitele-kui-ka-autojuhtidele\/\",\"url\":\"https:\/\/www.welovecycling.com\/ee\/2022\/07\/25\/rank-katsumus-nii-touri-ratturitele-kui-ka-autojuhtidele\/\",\"name\":\"R\u00e4nk katsumus nii Touri ratturitele kui ka autojuhtidele - \u0160koda We Love Cycling - Estonia\",\"isPartOf\":{\"@id\":\"https:\/\/www.welovecycling.com\/ee\/#website\"},\"primaryImageOfPage\":{\"@id\":\"https:\/\/www.welovecycling.com\/ee\/2022\/07\/25\/rank-katsumus-nii-touri-ratturitele-kui-ka-autojuhtidele\/#primaryimage\"},\"image\":{\"@id\":\"https:\/\/www.welovecycling.com\/ee\/2022\/07\/25\/rank-katsumus-nii-touri-ratturitele-kui-ka-autojuhtidele\/#primaryimage\"},\"thumbnailUrl\":\"https:\/\/d2p6e6u75xmxt8.cloudfront.net\/15\/2022\/07\/PGS0102-1920x1280-1.jpg\",\"datePublished\":\"2022-07-25T13:34:21+00:00\",\"author\":{\"@id\":\"https:\/\/www.welovecycling.com\/ee\/#\/schema\/person\/6969dabcb933c60a22a024886fc5dfb3\"},\"inLanguage\":\"et\",\"potentialAction\":[{\"@type\":\"ReadAction\",\"target\":[\"https:\/\/www.welovecycling.com\/ee\/2022\/07\/25\/rank-katsumus-nii-touri-ratturitele-kui-ka-autojuhtidele\/\"]}]},{\"@type\":\"ImageObject\",\"inLanguage\":\"et\",\"@id\":\"https:\/\/www.welovecycling.com\/ee\/2022\/07\/25\/rank-katsumus-nii-touri-ratturitele-kui-ka-autojuhtidele\/#primaryimage\",\"url\":\"https:\/\/d2p6e6u75xmxt8.cloudfront.net\/15\/2022\/07\/PGS0102-1920x1280-1.jpg\",\"contentUrl\":\"https:\/\/d2p6e6u75xmxt8.cloudfront.net\/15\/2022\/07\/PGS0102-1920x1280-1.jpg\",\"width\":1920,\"height\":1280},{\"@type\":\"WebSite\",\"@id\":\"https:\/\/www.welovecycling.com\/ee\/#website\",\"url\":\"https:\/\/www.welovecycling.com\/ee\/\",\"name\":\"\u0160koda We Love Cycling - Estonia\",\"description\":\"\",\"potentialAction\":[{\"@type\":\"SearchAction\",\"target\":{\"@type\":\"EntryPoint\",\"urlTemplate\":\"https:\/\/www.welovecycling.com\/ee\/?s={search_term_string}\"},\"query-input\":{\"@type\":\"PropertyValueSpecification\",\"valueRequired\":true,\"valueName\":\"search_term_string\"}}],\"inLanguage\":\"et\"},{\"@type\":\"Person\",\"@id\":\"https:\/\/www.welovecycling.com\/ee\/#\/schema\/person\/6969dabcb933c60a22a024886fc5dfb3\",\"name\":\"karit\",\"image\":{\"@type\":\"ImageObject\",\"inLanguage\":\"et\",\"@id\":\"https:\/\/www.welovecycling.com\/ee\/#\/schema\/person\/image\/\",\"url\":\"https:\/\/secure.gravatar.com\/avatar\/5c6089f08f3aa4ecae4cfe6c342986b6f1785322192708cff03ffe36d607957c?s=96&d=mm&r=g\",\"contentUrl\":\"https:\/\/secure.gravatar.com\/avatar\/5c6089f08f3aa4ecae4cfe6c342986b6f1785322192708cff03ffe36d607957c?s=96&d=mm&r=g\",\"caption\":\"karit\"},\"url\":\"https:\/\/www.welovecycling.com\/ee\/author\/karit\/\"}]}<\/script>\n<!-- \/ Yoast SEO Premium plugin. -->","yoast_head_json":{"title":"R\u00e4nk katsumus nii Touri ratturitele kui ka autojuhtidele - \u0160koda We Love Cycling - Estonia","robots":{"index":"index","follow":"follow","max-snippet":"max-snippet:-1","max-image-preview":"max-image-preview:large","max-video-preview":"max-video-preview:-1"},"canonical":"https:\/\/www.welovecycling.com\/ee\/2022\/07\/25\/rank-katsumus-nii-touri-ratturitele-kui-ka-autojuhtidele\/","og_locale":"et_EE","og_type":"article","og_title":"R\u00e4nk katsumus nii Touri ratturitele kui ka autojuhtidele","og_description":"Tour de France\u2019i rada kubiseb mitte ainult v\u00f5istlevatest ratturitest, vaid ka autodest. Neid autosid juhivad endised profijalgratturid, kes m\u00f5istavad sportlaste [&hellip;]","og_url":"https:\/\/www.welovecycling.com\/ee\/2022\/07\/25\/rank-katsumus-nii-touri-ratturitele-kui-ka-autojuhtidele\/","og_site_name":"\u0160koda We Love Cycling - Estonia","article_published_time":"2022-07-25T13:34:21+00:00","og_image":[{"width":1920,"height":1280,"url":"https:\/\/d2p6e6u75xmxt8.cloudfront.net\/15\/2022\/07\/PGS0102-1920x1280-1.jpg","type":"image\/jpeg"}],"author":"karit","twitter_card":"summary_large_image","twitter_misc":{"Written by":"karit","Est. reading time":"6 minutes"},"schema":{"@context":"https:\/\/schema.org","@graph":[{"@type":"WebPage","@id":"https:\/\/www.welovecycling.com\/ee\/2022\/07\/25\/rank-katsumus-nii-touri-ratturitele-kui-ka-autojuhtidele\/","url":"https:\/\/www.welovecycling.com\/ee\/2022\/07\/25\/rank-katsumus-nii-touri-ratturitele-kui-ka-autojuhtidele\/","name":"R\u00e4nk katsumus nii Touri ratturitele kui ka autojuhtidele - \u0160koda We Love Cycling - Estonia","isPartOf":{"@id":"https:\/\/www.welovecycling.com\/ee\/#website"},"primaryImageOfPage":{"@id":"https:\/\/www.welovecycling.com\/ee\/2022\/07\/25\/rank-katsumus-nii-touri-ratturitele-kui-ka-autojuhtidele\/#primaryimage"},"image":{"@id":"https:\/\/www.welovecycling.com\/ee\/2022\/07\/25\/rank-katsumus-nii-touri-ratturitele-kui-ka-autojuhtidele\/#primaryimage"},"thumbnailUrl":"https:\/\/d2p6e6u75xmxt8.cloudfront.net\/15\/2022\/07\/PGS0102-1920x1280-1.jpg","datePublished":"2022-07-25T13:34:21+00:00","author":{"@id":"https:\/\/www.welovecycling.com\/ee\/#\/schema\/person\/6969dabcb933c60a22a024886fc5dfb3"},"inLanguage":"et","potentialAction":[{"@type":"ReadAction","target":["https:\/\/www.welovecycling.com\/ee\/2022\/07\/25\/rank-katsumus-nii-touri-ratturitele-kui-ka-autojuhtidele\/"]}]},{"@type":"ImageObject","inLanguage":"et","@id":"https:\/\/www.welovecycling.com\/ee\/2022\/07\/25\/rank-katsumus-nii-touri-ratturitele-kui-ka-autojuhtidele\/#primaryimage","url":"https:\/\/d2p6e6u75xmxt8.cloudfront.net\/15\/2022\/07\/PGS0102-1920x1280-1.jpg","contentUrl":"https:\/\/d2p6e6u75xmxt8.cloudfront.net\/15\/2022\/07\/PGS0102-1920x1280-1.jpg","width":1920,"height":1280},{"@type":"WebSite","@id":"https:\/\/www.welovecycling.com\/ee\/#website","url":"https:\/\/www.welovecycling.com\/ee\/","name":"\u0160koda We Love Cycling - Estonia","description":"","potentialAction":[{"@type":"SearchAction","target":{"@type":"EntryPoint","urlTemplate":"https:\/\/www.welovecycling.com\/ee\/?s={search_term_string}"},"query-input":{"@type":"PropertyValueSpecification","valueRequired":true,"valueName":"search_term_string"}}],"inLanguage":"et"},{"@type":"Person","@id":"https:\/\/www.welovecycling.com\/ee\/#\/schema\/person\/6969dabcb933c60a22a024886fc5dfb3","name":"karit","image":{"@type":"ImageObject","inLanguage":"et","@id":"https:\/\/www.welovecycling.com\/ee\/#\/schema\/person\/image\/","url":"https:\/\/secure.gravatar.com\/avatar\/5c6089f08f3aa4ecae4cfe6c342986b6f1785322192708cff03ffe36d607957c?s=96&d=mm&r=g","contentUrl":"https:\/\/secure.gravatar.com\/avatar\/5c6089f08f3aa4ecae4cfe6c342986b6f1785322192708cff03ffe36d607957c?s=96&d=mm&r=g","caption":"karit"},"url":"https:\/\/www.welovecycling.com\/ee\/author\/karit\/"}]}},"_links":{"self":[{"href":"https:\/\/www.welovecycling.com\/ee\/wp-json\/wp\/v2\/posts\/550","targetHints":{"allow":["GET"]}}],"collection":[{"href":"https:\/\/www.welovecycling.com\/ee\/wp-json\/wp\/v2\/posts"}],"about":[{"href":"https:\/\/www.welovecycling.com\/ee\/wp-json\/wp\/v2\/types\/post"}],"author":[{"embeddable":true,"href":"https:\/\/www.welovecycling.com\/ee\/wp-json\/wp\/v2\/users\/143"}],"replies":[{"embeddable":true,"href":"https:\/\/www.welovecycling.com\/ee\/wp-json\/wp\/v2\/comments?post=550"}],"version-history":[{"count":1,"href":"https:\/\/www.welovecycling.com\/ee\/wp-json\/wp\/v2\/posts\/550\/revisions"}],"predecessor-version":[{"id":556,"href":"https:\/\/www.welovecycling.com\/ee\/wp-json\/wp\/v2\/posts\/550\/revisions\/556"}],"wp:featuredmedia":[{"embeddable":true,"href":"https:\/\/www.welovecycling.com\/ee\/wp-json\/wp\/v2\/media\/552"}],"wp:attachment":[{"href":"https:\/\/www.welovecycling.com\/ee\/wp-json\/wp\/v2\/media?parent=550"}],"wp:term":[{"taxonomy":"category","embeddable":true,"href":"https:\/\/www.welovecycling.com\/ee\/wp-json\/wp\/v2\/categories?post=550"},{"taxonomy":"post_tag","embeddable":true,"href":"https:\/\/www.welovecycling.com\/ee\/wp-json\/wp\/v2\/tags?post=550"},{"taxonomy":"global-categories","embeddable":true,"href":"https:\/\/www.welovecycling.com\/ee\/wp-json\/wp\/v2\/global-categories?post=550"}],"curies":[{"name":"wp","href":"https:\/\/api.w.org\/{rel}","templated":true}]}}