{"id":541,"date":"2022-07-19T09:10:57","date_gmt":"2022-07-19T09:10:57","guid":{"rendered":"https:\/\/www.welovecycling.com\/ee\/?p=541"},"modified":"2022-07-19T09:10:57","modified_gmt":"2022-07-19T09:10:57","slug":"tour-de-francei-loo-algus","status":"publish","type":"post","link":"https:\/\/www.welovecycling.com\/ee\/2022\/07\/19\/tour-de-francei-loo-algus\/","title":{"rendered":"Tour de France\u2019i loo algus"},"content":{"rendered":"<p><a href=\"https:\/\/d2p6e6u75xmxt8.cloudfront.net\/15\/2022\/07\/1905-Tour-profimedia-0067934122-CVR.jpg\"><img loading=\"lazy\" decoding=\"async\" class=\"alignnone size-full wp-image-542\" src=\"https:\/\/d2p6e6u75xmxt8.cloudfront.net\/15\/2022\/07\/1905-Tour-profimedia-0067934122-CVR.jpg\" alt=\"\" width=\"990\" height=\"660\" srcset=\"https:\/\/d2p6e6u75xmxt8.cloudfront.net\/15\/2022\/07\/1905-Tour-profimedia-0067934122-CVR.jpg 990w, https:\/\/d2p6e6u75xmxt8.cloudfront.net\/15\/2022\/07\/1905-Tour-profimedia-0067934122-CVR-300x200.jpg 300w, https:\/\/d2p6e6u75xmxt8.cloudfront.net\/15\/2022\/07\/1905-Tour-profimedia-0067934122-CVR-768x512.jpg 768w, https:\/\/d2p6e6u75xmxt8.cloudfront.net\/15\/2022\/07\/1905-Tour-profimedia-0067934122-CVR-272x182.jpg 272w\" sizes=\"auto, (max-width: 990px) 100vw, 990px\" \/><\/a>Esimene Tour de France toimus rohkem kui sajand tagasi, aastal 1903. Kuid kas Sa ka tead, miks v\u00f5istlus \u00fcldse korraldati ning kellel tuli p\u00e4he m\u00f5te lasta jalgratturitel s\u00f5ita \u00fcmber kogu Prantsusmaa?<\/p>\n<p>Lugu sai alguse 20. sajandi hakul, kui kaks Prantsusmaa ajalehte konkureerisid lugejate p\u00e4rast. Jalgrattalehe Le V\u00e9lo peatoimetaja Pierre Giffardi poliitilised vaated l\u00e4ksid kardinaalselt lahku lehe \u00fche omaniku Jules-Albert Dioni omadest. Neil oli Dreyfusi juhtumis t\u00e4iesti vastandlikud seisukohad. Alfred Dreyfus oli Alsace\u2019i juut, kes lavastati v\u00f5ltsitud t\u00f5endite alusel s\u00fc\u00fcdi Saksamaa kasuks spioneerimises ja m\u00f5isteti eluks ajaks vangi. Juhtum l\u00f5hestas Prantsusmaa \u2013 konservatiivsemad ringkonnad soovisid tema karistamist, progressiivsemad aga \u00f5igeksm\u00f5istmist. Jules-Albert Dion otsustas seepeale l\u00f5petada Le V\u00e9lo toetamise ja asutas uue ajalehe nimega L\u2019Auto-V\u00e9lo, et Giffardi juhitav Le V\u00e9lo p\u00f5hja lasta.<\/p>\n<p><a href=\"https:\/\/d2p6e6u75xmxt8.cloudfront.net\/15\/2022\/07\/Henri-Desgrange-profimedia-0287458553.jpg\"><img loading=\"lazy\" decoding=\"async\" class=\"alignnone size-full wp-image-543\" src=\"https:\/\/d2p6e6u75xmxt8.cloudfront.net\/15\/2022\/07\/Henri-Desgrange-profimedia-0287458553.jpg\" alt=\"\" width=\"1000\" height=\"715\" srcset=\"https:\/\/d2p6e6u75xmxt8.cloudfront.net\/15\/2022\/07\/Henri-Desgrange-profimedia-0287458553.jpg 1000w, https:\/\/d2p6e6u75xmxt8.cloudfront.net\/15\/2022\/07\/Henri-Desgrange-profimedia-0287458553-300x215.jpg 300w, https:\/\/d2p6e6u75xmxt8.cloudfront.net\/15\/2022\/07\/Henri-Desgrange-profimedia-0287458553-768x549.jpg 768w\" sizes=\"auto, (max-width: 1000px) 100vw, 1000px\" \/><\/a><\/p>\n<p>Uue lehe L\u2019Auto-V\u00e9lo peatoimetajaks valiti Henri Desgrange. Desgrange oli v\u00f5imekas mitmel alal \u2013 ta oli jurist, rattav\u00f5istluste korraldaja ja ise endine rattasportlane. Aastal 1893 p\u00fcstitas ta esimese tunnis\u00f5idu maailmarekordi tulemusega 35,325 kilomeetrit. Ta kirjutas menuka rattas\u00f5itu k\u00e4sitleva raamatu pealkirjaga \u201ePea ja jalad\u201c (originaalis \u201eLa t\u00eate et les jambes\u201c). Lisaks juhtis ta direktorina velodroomi, mida Giffard oma lehes eriti ei maininud \u2013 seegi andis Desgrange\u2019ile t\u00e4iendavat indu L\u2019Auto-V\u00e9loga edu saavutamiseks.<\/p>\n<p>Aastal 1900 ilmuski L\u2019Auto-V\u00e9lo esimene number. Leht tr\u00fckiti kollasele paberile, et see oleks selgelt eristatav rohelisel paberil Le V\u00e9lost. Viimane aga s\u00fc\u00fcdistas uut v\u00e4ljaannet kohe plagieerimises, v\u00e4ites, et selle nimi on liiga sarnane. Le V\u00e9lo saavutaski kohtus v\u00f5idu ning L\u2019Auto-V\u00e9lo pidi v\u00f5tma uueks nimeks L\u2019Auto \u2013 see oli esimene hoop uuele lehele. Aja m\u00f6\u00f6dudes hakkas L\u2019Auto kaotama j\u00e4rjest enam spordihuvilisi lugejaid, kelle eelistuseks oli vanem ja tuntum Le V\u00e9lo. Rattahuviliste enda poole v\u00f5itmiseks oli vaja midagi suurt.<\/p>\n<p>Novembris 1902 kutsus Desgrange oma l\u00e4hemad kaast\u00f6\u00f6tajad l\u00f5unale, et ajur\u00fcnnaku korras arutada ideid ajalehele uue hoo andmiseks. Rattas\u00f5idust ja ragbist kirjutav reporter G\u00e9orges Lef\u00e8vre saabus sinna p\u00f5hjalikult ette valmistatult.<\/p>\n<p>G\u00e9orges Lef\u00e8vre: \u201eKorraldame rattav\u00f5idus\u00f5idu, mis kestab kauem kui k\u00f5ik teised. Umbes nagu velodroomidel peetakse kuuep\u00e4evas\u00f5ite, aga maanteedel. Meie suured linnad saavad jalgrattureid tervitada.\u201c<\/p>\n<p>Henri Desgrange: \u201eKui ma sinust \u00f5igesti aru saan, <em>petit G\u00e9o<\/em>, teed sa ettepaneku korraldada v\u00f5idus\u00f5it \u00fcmber Prantsusmaa \u2013 Tour de France?\u201c<\/p>\n<p>G\u00e9orges Lef\u00e8vre: \u201eJah, miks mitte?\u201c<\/p>\n<p>Henri Desgrange: \u201eMa uurin Victorilt.\u201c<\/p>\n<p>Ilmselt esines Desgrange idee autorina, kui ta tegi v\u00f5idus\u00f5idu korraldamise ettepaneku L\u2019Auto rahaasjade eest vastutanud Victor Goddet\u2019le. Desgrange\u2019i \u00fcllatuseks andis Goddet ideele oma \u00f5nnistuse vaatamata kaasnevatele \u00fc\u00fcratutele kulutustele. Goddet m\u00f5istis selle eepilistes m\u00f5\u00f5tmetes ettepaneku turunduslikku v\u00e4\u00e4rtust.<\/p>\n<p>Kohtuprotsessi kaotamine ja lugejate hulga kahanemine sundisid L\u2019Autot kiiresti tegutsema, et oma v\u00e4ljaanne uuesti rattahuviliste hulgas menukaks muuta. Paljudel spordiajakirjadel olid tol ajal omad v\u00f5istlused, kuid Lef\u00e8vre\u2019i idee j\u00e4ttis need mastaapidelt kaugele selja taha.<\/p>\n<p>Vaevalt kaks kuud hiljem, 19. jaanuaril kuulutaski L\u2019Auto v\u00e4lja suurima jalgrattav\u00f5istluse. 2428 kilomeetri pikkune kuueetapiline v\u00f5istlus pidi kestma 31. maist 5. juulini. Ei mingit k\u00f5rvalist abi, eess\u00f5itjaid, treenereid ega mass\u00f6\u00f6re \u2013k\u00f5igil v\u00f5istlejatel pidid olema v\u00f5rdsed v\u00f5imalused.<\/p>\n<p>Kuid n\u00e4dal enne starti oli end \u00fcles andnud vaid 15 osalejat. Desgrange asus seepeale kiirelt tegutsema. Ta nihutas stardiaja 19. juulile, suurendas auhinnafondi 20 000 frangini ning lubas \u00fcldarvestuse esimesele viiek\u00fcmnele viis franki p\u00e4evas. Osalejate arv kasvas peagi kuuek\u00fcmnele, neist 49 oli Prantsusmaalt, 4 Belgiast, 4 \u0160veitsist, 2 Saksamaalt ja 1 Itaaliast. Professionaalseid jalgrattureid oli nende seas \u00fcksnes 21 ning \u00fclej\u00e4\u00e4nutestki paljud polnud regulaarsed v\u00f5istlejad. Enamik startijatest olid lihtsalt seiklejad v\u00f5i t\u00f6\u00f6tud.<\/p>\n<p>Henri Desgrange ise j\u00e4i riskantse ettev\u00f5tmise suhtes skeptiliseks ning veetis v\u00f5istluse esimese p\u00e4eva ajalehe toimetusse peitunult. L\u2019Auto t\u00f5eliseks kangelaseks aga t\u00f5usis G\u00e9o Lef\u00e8vre. Ta j\u00e4lgis kogu v\u00f5istlust, m\u00f5nikord ise rattasadulas istudes. Teinekord liikus ta rajal autoga v\u00f5i s\u00f5itis rongiga j\u00e4rjekordsesse vahefini\u0161isse, et mitte midagi maha magada. Temast sai v\u00f5istluse direktor, peakohtunik ja reporter \u00fches isikus.<\/p>\n<p>V\u00f5istlus ise aga kujunes sensatsiooniks. Sajad tuhanded inimesed kogunesid t\u00e4navatele, et tervitada r\u00e4nkrasket rada l\u00e4bivaid sportlasi, Pariisi velodroomil ootas fini\u0161eerijaid rohkem kui 20 000-pealine publik. L\u2019Auto liikus samuti selle vaimustuslaine harjal ning kasvatas lugejaskonna v\u00f5istluse ajal peaaegu kolmekordseks.<\/p>\n<p>J\u00e4rgmise aastaga t\u00f5usis L\u2019Auto rattamaailmas t\u00e4nu Tour de France\u2019ile t\u00e4ielikuks valitsejaks, konkurent Le V\u00e9lo aga l\u00e4ks pankrotti. Pierre Giffard kaotas rattalehtede omavahelise duelli ja sellega koos ka oma ameti. Ei l\u00e4inud aga kaua aega, kui Henri Desgrange pakkus talle reporteri kohta oma j\u00e4rjest kasvavas v\u00e4ljaandes L\u2019Auto.<\/p>\n","protected":false},"excerpt":{"rendered":"<p>Esimene Tour de France toimus rohkem kui sajand tagasi, aastal 1903. Kuid kas Sa ka tead, miks v\u00f5istlus \u00fcldse korraldati [&hellip;]<\/p>\n","protected":false},"author":143,"featured_media":542,"comment_status":"open","ping_status":"open","sticky":false,"template":"","format":"standard","meta":{"footnotes":""},"categories":[7,39],"tags":[113],"global-categories":[22],"class_list":["post-541","post","type-post","status-publish","format-standard","has-post-thumbnail","hentry","category-maanteeratas","category-maanteesoit","tag-tour-de-france-2022","global-categories-cycling"],"yoast_head":"<!-- This site is optimized with the Yoast SEO Premium plugin v25.3 (Yoast SEO v25.9) - https:\/\/yoast.com\/wordpress\/plugins\/seo\/ -->\n<title>Tour de France\u2019i loo algus - \u0160koda We Love Cycling - Estonia<\/title>\n<meta name=\"robots\" content=\"index, follow, max-snippet:-1, max-image-preview:large, max-video-preview:-1\" \/>\n<link rel=\"canonical\" href=\"https:\/\/www.welovecycling.com\/ee\/2022\/07\/19\/tour-de-francei-loo-algus\/\" \/>\n<meta property=\"og:locale\" content=\"et_EE\" \/>\n<meta property=\"og:type\" content=\"article\" \/>\n<meta property=\"og:title\" content=\"Tour de France\u2019i loo algus\" \/>\n<meta property=\"og:description\" content=\"Esimene Tour de France toimus rohkem kui sajand tagasi, aastal 1903. Kuid kas Sa ka tead, miks v\u00f5istlus \u00fcldse korraldati [&hellip;]\" \/>\n<meta property=\"og:url\" content=\"https:\/\/www.welovecycling.com\/ee\/2022\/07\/19\/tour-de-francei-loo-algus\/\" \/>\n<meta property=\"og:site_name\" content=\"\u0160koda We Love Cycling - Estonia\" \/>\n<meta property=\"article:published_time\" content=\"2022-07-19T09:10:57+00:00\" \/>\n<meta property=\"og:image\" content=\"https:\/\/d2p6e6u75xmxt8.cloudfront.net\/15\/2022\/07\/1905-Tour-profimedia-0067934122-CVR.jpg\" \/>\n\t<meta property=\"og:image:width\" content=\"990\" \/>\n\t<meta property=\"og:image:height\" content=\"660\" \/>\n\t<meta property=\"og:image:type\" content=\"image\/jpeg\" \/>\n<meta name=\"author\" content=\"karit\" \/>\n<meta name=\"twitter:card\" content=\"summary_large_image\" \/>\n<meta name=\"twitter:label1\" content=\"Written by\" \/>\n\t<meta name=\"twitter:data1\" content=\"Jiri Kaloc\" \/>\n\t<meta name=\"twitter:label2\" content=\"Est. reading time\" \/>\n\t<meta name=\"twitter:data2\" content=\"4 minutes\" \/>\n<script type=\"application\/ld+json\" class=\"yoast-schema-graph\">{\"@context\":\"https:\/\/schema.org\",\"@graph\":[{\"@type\":\"WebPage\",\"@id\":\"https:\/\/www.welovecycling.com\/ee\/2022\/07\/19\/tour-de-francei-loo-algus\/\",\"url\":\"https:\/\/www.welovecycling.com\/ee\/2022\/07\/19\/tour-de-francei-loo-algus\/\",\"name\":\"Tour de France\u2019i loo algus - \u0160koda We Love Cycling - Estonia\",\"isPartOf\":{\"@id\":\"https:\/\/www.welovecycling.com\/ee\/#website\"},\"primaryImageOfPage\":{\"@id\":\"https:\/\/www.welovecycling.com\/ee\/2022\/07\/19\/tour-de-francei-loo-algus\/#primaryimage\"},\"image\":{\"@id\":\"https:\/\/www.welovecycling.com\/ee\/2022\/07\/19\/tour-de-francei-loo-algus\/#primaryimage\"},\"thumbnailUrl\":\"https:\/\/d2p6e6u75xmxt8.cloudfront.net\/15\/2022\/07\/1905-Tour-profimedia-0067934122-CVR.jpg\",\"datePublished\":\"2022-07-19T09:10:57+00:00\",\"author\":{\"@id\":\"https:\/\/www.welovecycling.com\/ee\/#\/schema\/person\/6969dabcb933c60a22a024886fc5dfb3\"},\"inLanguage\":\"et\",\"potentialAction\":[{\"@type\":\"ReadAction\",\"target\":[\"https:\/\/www.welovecycling.com\/ee\/2022\/07\/19\/tour-de-francei-loo-algus\/\"]}]},{\"@type\":\"ImageObject\",\"inLanguage\":\"et\",\"@id\":\"https:\/\/www.welovecycling.com\/ee\/2022\/07\/19\/tour-de-francei-loo-algus\/#primaryimage\",\"url\":\"https:\/\/d2p6e6u75xmxt8.cloudfront.net\/15\/2022\/07\/1905-Tour-profimedia-0067934122-CVR.jpg\",\"contentUrl\":\"https:\/\/d2p6e6u75xmxt8.cloudfront.net\/15\/2022\/07\/1905-Tour-profimedia-0067934122-CVR.jpg\",\"width\":990,\"height\":660},{\"@type\":\"WebSite\",\"@id\":\"https:\/\/www.welovecycling.com\/ee\/#website\",\"url\":\"https:\/\/www.welovecycling.com\/ee\/\",\"name\":\"\u0160koda We Love Cycling - Estonia\",\"description\":\"\",\"potentialAction\":[{\"@type\":\"SearchAction\",\"target\":{\"@type\":\"EntryPoint\",\"urlTemplate\":\"https:\/\/www.welovecycling.com\/ee\/?s={search_term_string}\"},\"query-input\":{\"@type\":\"PropertyValueSpecification\",\"valueRequired\":true,\"valueName\":\"search_term_string\"}}],\"inLanguage\":\"et\"},{\"@type\":\"Person\",\"@id\":\"https:\/\/www.welovecycling.com\/ee\/#\/schema\/person\/6969dabcb933c60a22a024886fc5dfb3\",\"name\":\"karit\",\"image\":{\"@type\":\"ImageObject\",\"inLanguage\":\"et\",\"@id\":\"https:\/\/www.welovecycling.com\/ee\/#\/schema\/person\/image\/\",\"url\":\"https:\/\/secure.gravatar.com\/avatar\/5c6089f08f3aa4ecae4cfe6c342986b6f1785322192708cff03ffe36d607957c?s=96&d=mm&r=g\",\"contentUrl\":\"https:\/\/secure.gravatar.com\/avatar\/5c6089f08f3aa4ecae4cfe6c342986b6f1785322192708cff03ffe36d607957c?s=96&d=mm&r=g\",\"caption\":\"karit\"},\"url\":\"https:\/\/www.welovecycling.com\/ee\/author\/karit\/\"}]}<\/script>\n<!-- \/ Yoast SEO Premium plugin. -->","yoast_head_json":{"title":"Tour de France\u2019i loo algus - \u0160koda We Love Cycling - Estonia","robots":{"index":"index","follow":"follow","max-snippet":"max-snippet:-1","max-image-preview":"max-image-preview:large","max-video-preview":"max-video-preview:-1"},"canonical":"https:\/\/www.welovecycling.com\/ee\/2022\/07\/19\/tour-de-francei-loo-algus\/","og_locale":"et_EE","og_type":"article","og_title":"Tour de France\u2019i loo algus","og_description":"Esimene Tour de France toimus rohkem kui sajand tagasi, aastal 1903. Kuid kas Sa ka tead, miks v\u00f5istlus \u00fcldse korraldati [&hellip;]","og_url":"https:\/\/www.welovecycling.com\/ee\/2022\/07\/19\/tour-de-francei-loo-algus\/","og_site_name":"\u0160koda We Love Cycling - Estonia","article_published_time":"2022-07-19T09:10:57+00:00","og_image":[{"width":990,"height":660,"url":"https:\/\/d2p6e6u75xmxt8.cloudfront.net\/15\/2022\/07\/1905-Tour-profimedia-0067934122-CVR.jpg","type":"image\/jpeg"}],"author":"karit","twitter_card":"summary_large_image","twitter_misc":{"Written by":"Jiri Kaloc","Est. reading time":"4 minutes"},"schema":{"@context":"https:\/\/schema.org","@graph":[{"@type":"WebPage","@id":"https:\/\/www.welovecycling.com\/ee\/2022\/07\/19\/tour-de-francei-loo-algus\/","url":"https:\/\/www.welovecycling.com\/ee\/2022\/07\/19\/tour-de-francei-loo-algus\/","name":"Tour de France\u2019i loo algus - \u0160koda We Love Cycling - Estonia","isPartOf":{"@id":"https:\/\/www.welovecycling.com\/ee\/#website"},"primaryImageOfPage":{"@id":"https:\/\/www.welovecycling.com\/ee\/2022\/07\/19\/tour-de-francei-loo-algus\/#primaryimage"},"image":{"@id":"https:\/\/www.welovecycling.com\/ee\/2022\/07\/19\/tour-de-francei-loo-algus\/#primaryimage"},"thumbnailUrl":"https:\/\/d2p6e6u75xmxt8.cloudfront.net\/15\/2022\/07\/1905-Tour-profimedia-0067934122-CVR.jpg","datePublished":"2022-07-19T09:10:57+00:00","author":{"@id":"https:\/\/www.welovecycling.com\/ee\/#\/schema\/person\/6969dabcb933c60a22a024886fc5dfb3"},"inLanguage":"et","potentialAction":[{"@type":"ReadAction","target":["https:\/\/www.welovecycling.com\/ee\/2022\/07\/19\/tour-de-francei-loo-algus\/"]}]},{"@type":"ImageObject","inLanguage":"et","@id":"https:\/\/www.welovecycling.com\/ee\/2022\/07\/19\/tour-de-francei-loo-algus\/#primaryimage","url":"https:\/\/d2p6e6u75xmxt8.cloudfront.net\/15\/2022\/07\/1905-Tour-profimedia-0067934122-CVR.jpg","contentUrl":"https:\/\/d2p6e6u75xmxt8.cloudfront.net\/15\/2022\/07\/1905-Tour-profimedia-0067934122-CVR.jpg","width":990,"height":660},{"@type":"WebSite","@id":"https:\/\/www.welovecycling.com\/ee\/#website","url":"https:\/\/www.welovecycling.com\/ee\/","name":"\u0160koda We Love Cycling - Estonia","description":"","potentialAction":[{"@type":"SearchAction","target":{"@type":"EntryPoint","urlTemplate":"https:\/\/www.welovecycling.com\/ee\/?s={search_term_string}"},"query-input":{"@type":"PropertyValueSpecification","valueRequired":true,"valueName":"search_term_string"}}],"inLanguage":"et"},{"@type":"Person","@id":"https:\/\/www.welovecycling.com\/ee\/#\/schema\/person\/6969dabcb933c60a22a024886fc5dfb3","name":"karit","image":{"@type":"ImageObject","inLanguage":"et","@id":"https:\/\/www.welovecycling.com\/ee\/#\/schema\/person\/image\/","url":"https:\/\/secure.gravatar.com\/avatar\/5c6089f08f3aa4ecae4cfe6c342986b6f1785322192708cff03ffe36d607957c?s=96&d=mm&r=g","contentUrl":"https:\/\/secure.gravatar.com\/avatar\/5c6089f08f3aa4ecae4cfe6c342986b6f1785322192708cff03ffe36d607957c?s=96&d=mm&r=g","caption":"karit"},"url":"https:\/\/www.welovecycling.com\/ee\/author\/karit\/"}]}},"_links":{"self":[{"href":"https:\/\/www.welovecycling.com\/ee\/wp-json\/wp\/v2\/posts\/541","targetHints":{"allow":["GET"]}}],"collection":[{"href":"https:\/\/www.welovecycling.com\/ee\/wp-json\/wp\/v2\/posts"}],"about":[{"href":"https:\/\/www.welovecycling.com\/ee\/wp-json\/wp\/v2\/types\/post"}],"author":[{"embeddable":true,"href":"https:\/\/www.welovecycling.com\/ee\/wp-json\/wp\/v2\/users\/143"}],"replies":[{"embeddable":true,"href":"https:\/\/www.welovecycling.com\/ee\/wp-json\/wp\/v2\/comments?post=541"}],"version-history":[{"count":1,"href":"https:\/\/www.welovecycling.com\/ee\/wp-json\/wp\/v2\/posts\/541\/revisions"}],"predecessor-version":[{"id":544,"href":"https:\/\/www.welovecycling.com\/ee\/wp-json\/wp\/v2\/posts\/541\/revisions\/544"}],"wp:featuredmedia":[{"embeddable":true,"href":"https:\/\/www.welovecycling.com\/ee\/wp-json\/wp\/v2\/media\/542"}],"wp:attachment":[{"href":"https:\/\/www.welovecycling.com\/ee\/wp-json\/wp\/v2\/media?parent=541"}],"wp:term":[{"taxonomy":"category","embeddable":true,"href":"https:\/\/www.welovecycling.com\/ee\/wp-json\/wp\/v2\/categories?post=541"},{"taxonomy":"post_tag","embeddable":true,"href":"https:\/\/www.welovecycling.com\/ee\/wp-json\/wp\/v2\/tags?post=541"},{"taxonomy":"global-categories","embeddable":true,"href":"https:\/\/www.welovecycling.com\/ee\/wp-json\/wp\/v2\/global-categories?post=541"}],"curies":[{"name":"wp","href":"https:\/\/api.w.org\/{rel}","templated":true}]}}