{"id":532,"date":"2022-07-14T09:37:03","date_gmt":"2022-07-14T09:37:03","guid":{"rendered":"https:\/\/www.welovecycling.com\/ee\/?p=532"},"modified":"2022-07-19T09:12:45","modified_gmt":"2022-07-19T09:12:45","slug":"punane-skoda-enyaq-iv-tour-de-francei-esiauto","status":"publish","type":"post","link":"https:\/\/www.welovecycling.com\/ee\/2022\/07\/14\/punane-skoda-enyaq-iv-tour-de-francei-esiauto\/","title":{"rendered":"Punane \u0160koda ENYAQ iV, Tour de France\u2019i esiauto"},"content":{"rendered":"<p>Pariisi Triumfikaare, looklevate k\u00f5rgm\u00e4estikut\u00f5usude ja muidugi jalgratturitekaravani k\u00f5rval on silmatorkav punane esiauto \u00fcks p\u00f5hilisi maailma kuulsaima jalgrattav\u00f5istluse s\u00fcmboleid. Traditsiooniliselt saab v\u00f5istluse direktori autot n\u00e4ha iga etapi stardis ja v\u00f5istluste ajal jalgratturite ees. See omamoodi \u201eliikuv kaptenisild\u201c on v\u00f5istluse toimumiseks h\u00e4datarvilik. Vaatame autot l\u00e4hemalt.<\/p>\n<p>Esiautod on p\u00f5him\u00f5tteliselt neljarattalised staabid, millel on \u00fcks otstarve \u2013 s\u00f5idutada Touri direktoreid. T\u00e4navu on nendeks Christian Prudhomme ja 33-aastase vaheaja j\u00e4rel taas ka naiste Tour de France Femmes\u2019i direktor Marion Rousse. \u0160koda on olnud Touri sponsor peaaegu kaks aastak\u00fcmmet ja tutvustas 2020. aastal uut esiautot \u2013 see oli t\u00e4iselektriline \u0160koda ENYAQ iV, tollal v\u00e4rskelt tootmisse l\u00e4inud mudel. Muudatuste ettekuulutajana oli ENYAQ iV mitte ainult esimene Tour de France\u2019il kasutusele v\u00f5etud elektriline esiauto. See oli ka \u0160koda esimene mudel, mille juures kasutati elektriajamiga moodulplatvormi (MEB) j\u00e4tkusuutlikkuse saavutamiseks. Esimene katsetus osutus edukaks ning ENYAQ iV vahetaski v\u00e4lja traditsiooniliselt esiautodena pruugitud \u0160koda SUPERBid.<\/p>\n<p>Esiautode ehitamine k\u00e4ib \u00fcldiselt kategooriasse \u201et\u00e4iesti salajane\u201c, kui meil \u00f5nnestus eelmisel aastal m\u00f5ningate \u00fcksikasjadega siiski tutvuda. Autod valmivad T\u0161ehhimaal Mlad\u00e1 Boleslavi l\u00e4hedal asuva v\u00e4ikefirma Best Modell t\u00f6\u00f6kojas oskuslike spetsialistide k\u00e4e all, keda juhib Martin Smutn\u00fd. \u00dcmberehitused, mida autode juures tehakse, enne kui nad Touril austusv\u00e4\u00e4rset rolli t\u00e4itma asuvad, ei piirdu kosmeetiliste muudatustega. T\u00f5si, v\u00e4lised erinevused \u2013 kerev\u00e4rv Velvet Red, kleebised ja kirjad, kollane \u201esirm\u201c esiklaasi kohal ning kuus antenni \u2013 hakkavad harilikult esimestena silma.<\/p>\n<p><a href=\"https:\/\/d2p6e6u75xmxt8.cloudfront.net\/15\/2022\/07\/Tour-ENYAQ-Peloton-CVR.jpg\"><img loading=\"lazy\" decoding=\"async\" class=\"alignnone size-full wp-image-534\" src=\"https:\/\/d2p6e6u75xmxt8.cloudfront.net\/15\/2022\/07\/Tour-ENYAQ-Peloton-CVR.jpg\" alt=\"\" width=\"990\" height=\"660\" srcset=\"https:\/\/d2p6e6u75xmxt8.cloudfront.net\/15\/2022\/07\/Tour-ENYAQ-Peloton-CVR.jpg 990w, https:\/\/d2p6e6u75xmxt8.cloudfront.net\/15\/2022\/07\/Tour-ENYAQ-Peloton-CVR-300x200.jpg 300w, https:\/\/d2p6e6u75xmxt8.cloudfront.net\/15\/2022\/07\/Tour-ENYAQ-Peloton-CVR-768x512.jpg 768w, https:\/\/d2p6e6u75xmxt8.cloudfront.net\/15\/2022\/07\/Tour-ENYAQ-Peloton-CVR-272x182.jpg 272w\" sizes=\"auto, (max-width: 990px) 100vw, 990px\" \/><\/a> <a href=\"https:\/\/d2p6e6u75xmxt8.cloudfront.net\/15\/2022\/07\/Enyaq-tdf-1.jpg\"><img loading=\"lazy\" decoding=\"async\" class=\"alignnone size-extra-large wp-image-535\" src=\"https:\/\/d2p6e6u75xmxt8.cloudfront.net\/15\/2022\/07\/Enyaq-tdf-1.jpg\" alt=\"\" width=\"1458\" height=\"820\" srcset=\"https:\/\/d2p6e6u75xmxt8.cloudfront.net\/15\/2022\/07\/Enyaq-tdf-1.jpg 1458w, https:\/\/d2p6e6u75xmxt8.cloudfront.net\/15\/2022\/07\/Enyaq-tdf-1-300x169.jpg 300w, https:\/\/d2p6e6u75xmxt8.cloudfront.net\/15\/2022\/07\/Enyaq-tdf-1-1024x576.jpg 1024w, https:\/\/d2p6e6u75xmxt8.cloudfront.net\/15\/2022\/07\/Enyaq-tdf-1-768x432.jpg 768w\" sizes=\"auto, (max-width: 1458px) 100vw, 1458px\" \/><\/a><\/p>\n<p>T\u00f6\u00f6kojas v\u00f5etakse autod pulkadeni lahti, paigaldatakse uued juhtmestikud, polstrid ja lahtik\u00e4iv panoraam-katuseluuk, raadiojaam ning esiistmete vahel paiknev sidekeskus. Samuti minik\u00fclmik kahe \u0161ampanjapudeli ja ainulaadsete 3D-prinditud klaasihoidikutega ning kogu selle t\u00e4iendava seadmestiku toitmiseks vajalikud lisaakud. Katuseluuk, millega paigaldajate s\u00f5nul on k\u00f5ige keerulisem hakkama saada, on v\u00f5istluse direktorile vajalik, kui ta autos p\u00fcsti seistes lehvitab \u201enullkilomeetril\u201c stardilippu v\u00f5i j\u00e4lgib v\u00f5idus\u00f5idu ajal jalgrattureid.<\/p>\n<p>Sisseehitatud raadiojaam on aga t\u00f5en\u00e4oliselt selle auto varustuse k\u00f5ige olulisem osa. Suhtlemine on \u00fclioluline sellise tohutute mastaapidega \u00fcrituse juures nagu Tour de France. V\u00f5istluse direktorid kasutavad raadiojaama info saamiseks ja suhtlemiseks oma kohtunikega (kes samuti s\u00f5idavad Velvet Red-v\u00e4rvi ENYAQ iV-dega), neutraalsete saateautodega ja \u00fcksikute tiimide saateautodega, et jagada korraldusi v\u00f5i n\u00f5uandeid ja vajadusel anda luba teistest autodest m\u00f6\u00f6dumiseks. Viimane v\u00f5ib olla vajalik juhul, kui s\u00f5itjat tabab tehnikarike, ta saab vigastada (m\u00f5nikord juhtuvad need ka korraga) ja vajab kiiresti abi. Kuna s\u00f5itjate positsioon iga etapi stardis s\u00f5ltub tema tiimi poolt teenitud punktidest ja kohast paremusj\u00e4rjestuses, v\u00f5ib madal koht t\u00e4hendada, et tiimi auto on h\u00e4ttasattunud s\u00f5itjast v\u00e4ga kaugel. Vajadusel saavad Touri direktorid siis anda tiimi saateautole loa kiirendada ja h\u00e4dasolijale appi t\u00f5tata.<\/p>\n<p>Ning k\u00f5igele muule lisaks on esiautod ka esindusruumiks, kus Touri direktorid v\u00f5tavad vastu auv\u00e4\u00e4rseid VIP-k\u00fclalisi, sealhulgas Prantsusmaa presidenti. T\u00e4nu eelmainitud \u0161ampanjak\u00fclmikule ja hoidikutele saavad direktorid pakkuda oma k\u00fclalistele t\u00f5eliselt ainulaadset vaadet Tourile \u2013 ja samal ajal ka kihisevat k\u00fclma jooki.<\/p>\n<p>Kuna Tour de France on parajasti k\u00e4imas (1.\u201324. juuli) ning Tour de France Femmes (24.\u201331. juuli) varsti algamas, ootab meid t\u00e4navu ka kaks korda tavalisest rohkem p\u00f5nevust. Loodetavasti saate meiega liituda, et koos nautida meie spordiala suurimat s\u00fcndmust.<\/p>\n","protected":false},"excerpt":{"rendered":"<p>Pariisi Triumfikaare, looklevate k\u00f5rgm\u00e4estikut\u00f5usude ja muidugi jalgratturitekaravani k\u00f5rval on silmatorkav punane esiauto \u00fcks p\u00f5hilisi maailma kuulsaima jalgrattav\u00f5istluse s\u00fcmboleid. Traditsiooniliselt saab [&hellip;]<\/p>\n","protected":false},"author":143,"featured_media":533,"comment_status":"open","ping_status":"open","sticky":false,"template":"","format":"standard","meta":{"footnotes":""},"categories":[7,39,1],"tags":[113],"global-categories":[94],"class_list":["post-532","post","type-post","status-publish","format-standard","has-post-thumbnail","hentry","category-maanteeratas","category-maanteesoit","category-uncategorized","tag-tour-de-france-2022","global-categories-enyaq-iv"],"yoast_head":"<!-- This site is optimized with the Yoast SEO Premium plugin v25.3 (Yoast SEO v25.9) - https:\/\/yoast.com\/wordpress\/plugins\/seo\/ -->\n<title>Punane \u0160koda ENYAQ iV, Tour de France\u2019i esiauto - \u0160koda We Love Cycling - Estonia<\/title>\n<meta name=\"robots\" content=\"index, follow, max-snippet:-1, max-image-preview:large, max-video-preview:-1\" \/>\n<link rel=\"canonical\" href=\"https:\/\/www.welovecycling.com\/ee\/2022\/07\/14\/punane-skoda-enyaq-iv-tour-de-francei-esiauto\/\" \/>\n<meta property=\"og:locale\" content=\"et_EE\" \/>\n<meta property=\"og:type\" content=\"article\" \/>\n<meta property=\"og:title\" content=\"Punane \u0160koda ENYAQ iV, Tour de France\u2019i esiauto\" \/>\n<meta property=\"og:description\" content=\"Pariisi Triumfikaare, looklevate k\u00f5rgm\u00e4estikut\u00f5usude ja muidugi jalgratturitekaravani k\u00f5rval on silmatorkav punane esiauto \u00fcks p\u00f5hilisi maailma kuulsaima jalgrattav\u00f5istluse s\u00fcmboleid. Traditsiooniliselt saab [&hellip;]\" \/>\n<meta property=\"og:url\" content=\"https:\/\/www.welovecycling.com\/ee\/2022\/07\/14\/punane-skoda-enyaq-iv-tour-de-francei-esiauto\/\" \/>\n<meta property=\"og:site_name\" content=\"\u0160koda We Love Cycling - Estonia\" \/>\n<meta property=\"article:published_time\" content=\"2022-07-14T09:37:03+00:00\" \/>\n<meta property=\"article:modified_time\" content=\"2022-07-19T09:12:45+00:00\" \/>\n<meta property=\"og:image\" content=\"https:\/\/d2p6e6u75xmxt8.cloudfront.net\/15\/2022\/07\/SKODA-ENYAQ-iV-Copenhagen-CVR.jpg\" \/>\n\t<meta property=\"og:image:width\" content=\"990\" \/>\n\t<meta property=\"og:image:height\" content=\"660\" \/>\n\t<meta property=\"og:image:type\" content=\"image\/jpeg\" \/>\n<meta name=\"author\" content=\"karit\" \/>\n<meta name=\"twitter:card\" content=\"summary_large_image\" \/>\n<meta name=\"twitter:label1\" content=\"Written by\" \/>\n\t<meta name=\"twitter:data1\" content=\"We Love Cycling\" \/>\n\t<meta name=\"twitter:label2\" content=\"Est. reading time\" \/>\n\t<meta name=\"twitter:data2\" content=\"3 minutes\" \/>\n<script type=\"application\/ld+json\" class=\"yoast-schema-graph\">{\"@context\":\"https:\/\/schema.org\",\"@graph\":[{\"@type\":\"WebPage\",\"@id\":\"https:\/\/www.welovecycling.com\/ee\/2022\/07\/14\/punane-skoda-enyaq-iv-tour-de-francei-esiauto\/\",\"url\":\"https:\/\/www.welovecycling.com\/ee\/2022\/07\/14\/punane-skoda-enyaq-iv-tour-de-francei-esiauto\/\",\"name\":\"Punane \u0160koda ENYAQ iV, Tour de France\u2019i esiauto - \u0160koda We Love Cycling - Estonia\",\"isPartOf\":{\"@id\":\"https:\/\/www.welovecycling.com\/ee\/#website\"},\"primaryImageOfPage\":{\"@id\":\"https:\/\/www.welovecycling.com\/ee\/2022\/07\/14\/punane-skoda-enyaq-iv-tour-de-francei-esiauto\/#primaryimage\"},\"image\":{\"@id\":\"https:\/\/www.welovecycling.com\/ee\/2022\/07\/14\/punane-skoda-enyaq-iv-tour-de-francei-esiauto\/#primaryimage\"},\"thumbnailUrl\":\"https:\/\/d2p6e6u75xmxt8.cloudfront.net\/15\/2022\/07\/SKODA-ENYAQ-iV-Copenhagen-CVR.jpg\",\"datePublished\":\"2022-07-14T09:37:03+00:00\",\"dateModified\":\"2022-07-19T09:12:45+00:00\",\"author\":{\"@id\":\"https:\/\/www.welovecycling.com\/ee\/#\/schema\/person\/6969dabcb933c60a22a024886fc5dfb3\"},\"inLanguage\":\"et\",\"potentialAction\":[{\"@type\":\"ReadAction\",\"target\":[\"https:\/\/www.welovecycling.com\/ee\/2022\/07\/14\/punane-skoda-enyaq-iv-tour-de-francei-esiauto\/\"]}]},{\"@type\":\"ImageObject\",\"inLanguage\":\"et\",\"@id\":\"https:\/\/www.welovecycling.com\/ee\/2022\/07\/14\/punane-skoda-enyaq-iv-tour-de-francei-esiauto\/#primaryimage\",\"url\":\"https:\/\/d2p6e6u75xmxt8.cloudfront.net\/15\/2022\/07\/SKODA-ENYAQ-iV-Copenhagen-CVR.jpg\",\"contentUrl\":\"https:\/\/d2p6e6u75xmxt8.cloudfront.net\/15\/2022\/07\/SKODA-ENYAQ-iV-Copenhagen-CVR.jpg\",\"width\":990,\"height\":660},{\"@type\":\"WebSite\",\"@id\":\"https:\/\/www.welovecycling.com\/ee\/#website\",\"url\":\"https:\/\/www.welovecycling.com\/ee\/\",\"name\":\"\u0160koda We Love Cycling - Estonia\",\"description\":\"\",\"potentialAction\":[{\"@type\":\"SearchAction\",\"target\":{\"@type\":\"EntryPoint\",\"urlTemplate\":\"https:\/\/www.welovecycling.com\/ee\/?s={search_term_string}\"},\"query-input\":{\"@type\":\"PropertyValueSpecification\",\"valueRequired\":true,\"valueName\":\"search_term_string\"}}],\"inLanguage\":\"et\"},{\"@type\":\"Person\",\"@id\":\"https:\/\/www.welovecycling.com\/ee\/#\/schema\/person\/6969dabcb933c60a22a024886fc5dfb3\",\"name\":\"karit\",\"image\":{\"@type\":\"ImageObject\",\"inLanguage\":\"et\",\"@id\":\"https:\/\/www.welovecycling.com\/ee\/#\/schema\/person\/image\/\",\"url\":\"https:\/\/secure.gravatar.com\/avatar\/5c6089f08f3aa4ecae4cfe6c342986b6f1785322192708cff03ffe36d607957c?s=96&d=mm&r=g\",\"contentUrl\":\"https:\/\/secure.gravatar.com\/avatar\/5c6089f08f3aa4ecae4cfe6c342986b6f1785322192708cff03ffe36d607957c?s=96&d=mm&r=g\",\"caption\":\"karit\"},\"url\":\"https:\/\/www.welovecycling.com\/ee\/author\/karit\/\"}]}<\/script>\n<!-- \/ Yoast SEO Premium plugin. -->","yoast_head_json":{"title":"Punane \u0160koda ENYAQ iV, Tour de France\u2019i esiauto - \u0160koda We Love Cycling - Estonia","robots":{"index":"index","follow":"follow","max-snippet":"max-snippet:-1","max-image-preview":"max-image-preview:large","max-video-preview":"max-video-preview:-1"},"canonical":"https:\/\/www.welovecycling.com\/ee\/2022\/07\/14\/punane-skoda-enyaq-iv-tour-de-francei-esiauto\/","og_locale":"et_EE","og_type":"article","og_title":"Punane \u0160koda ENYAQ iV, Tour de France\u2019i esiauto","og_description":"Pariisi Triumfikaare, looklevate k\u00f5rgm\u00e4estikut\u00f5usude ja muidugi jalgratturitekaravani k\u00f5rval on silmatorkav punane esiauto \u00fcks p\u00f5hilisi maailma kuulsaima jalgrattav\u00f5istluse s\u00fcmboleid. Traditsiooniliselt saab [&hellip;]","og_url":"https:\/\/www.welovecycling.com\/ee\/2022\/07\/14\/punane-skoda-enyaq-iv-tour-de-francei-esiauto\/","og_site_name":"\u0160koda We Love Cycling - Estonia","article_published_time":"2022-07-14T09:37:03+00:00","article_modified_time":"2022-07-19T09:12:45+00:00","og_image":[{"width":990,"height":660,"url":"https:\/\/d2p6e6u75xmxt8.cloudfront.net\/15\/2022\/07\/SKODA-ENYAQ-iV-Copenhagen-CVR.jpg","type":"image\/jpeg"}],"author":"karit","twitter_card":"summary_large_image","twitter_misc":{"Written by":"We Love Cycling","Est. reading time":"3 minutes"},"schema":{"@context":"https:\/\/schema.org","@graph":[{"@type":"WebPage","@id":"https:\/\/www.welovecycling.com\/ee\/2022\/07\/14\/punane-skoda-enyaq-iv-tour-de-francei-esiauto\/","url":"https:\/\/www.welovecycling.com\/ee\/2022\/07\/14\/punane-skoda-enyaq-iv-tour-de-francei-esiauto\/","name":"Punane \u0160koda ENYAQ iV, Tour de France\u2019i esiauto - \u0160koda We Love Cycling - Estonia","isPartOf":{"@id":"https:\/\/www.welovecycling.com\/ee\/#website"},"primaryImageOfPage":{"@id":"https:\/\/www.welovecycling.com\/ee\/2022\/07\/14\/punane-skoda-enyaq-iv-tour-de-francei-esiauto\/#primaryimage"},"image":{"@id":"https:\/\/www.welovecycling.com\/ee\/2022\/07\/14\/punane-skoda-enyaq-iv-tour-de-francei-esiauto\/#primaryimage"},"thumbnailUrl":"https:\/\/d2p6e6u75xmxt8.cloudfront.net\/15\/2022\/07\/SKODA-ENYAQ-iV-Copenhagen-CVR.jpg","datePublished":"2022-07-14T09:37:03+00:00","dateModified":"2022-07-19T09:12:45+00:00","author":{"@id":"https:\/\/www.welovecycling.com\/ee\/#\/schema\/person\/6969dabcb933c60a22a024886fc5dfb3"},"inLanguage":"et","potentialAction":[{"@type":"ReadAction","target":["https:\/\/www.welovecycling.com\/ee\/2022\/07\/14\/punane-skoda-enyaq-iv-tour-de-francei-esiauto\/"]}]},{"@type":"ImageObject","inLanguage":"et","@id":"https:\/\/www.welovecycling.com\/ee\/2022\/07\/14\/punane-skoda-enyaq-iv-tour-de-francei-esiauto\/#primaryimage","url":"https:\/\/d2p6e6u75xmxt8.cloudfront.net\/15\/2022\/07\/SKODA-ENYAQ-iV-Copenhagen-CVR.jpg","contentUrl":"https:\/\/d2p6e6u75xmxt8.cloudfront.net\/15\/2022\/07\/SKODA-ENYAQ-iV-Copenhagen-CVR.jpg","width":990,"height":660},{"@type":"WebSite","@id":"https:\/\/www.welovecycling.com\/ee\/#website","url":"https:\/\/www.welovecycling.com\/ee\/","name":"\u0160koda We Love Cycling - Estonia","description":"","potentialAction":[{"@type":"SearchAction","target":{"@type":"EntryPoint","urlTemplate":"https:\/\/www.welovecycling.com\/ee\/?s={search_term_string}"},"query-input":{"@type":"PropertyValueSpecification","valueRequired":true,"valueName":"search_term_string"}}],"inLanguage":"et"},{"@type":"Person","@id":"https:\/\/www.welovecycling.com\/ee\/#\/schema\/person\/6969dabcb933c60a22a024886fc5dfb3","name":"karit","image":{"@type":"ImageObject","inLanguage":"et","@id":"https:\/\/www.welovecycling.com\/ee\/#\/schema\/person\/image\/","url":"https:\/\/secure.gravatar.com\/avatar\/5c6089f08f3aa4ecae4cfe6c342986b6f1785322192708cff03ffe36d607957c?s=96&d=mm&r=g","contentUrl":"https:\/\/secure.gravatar.com\/avatar\/5c6089f08f3aa4ecae4cfe6c342986b6f1785322192708cff03ffe36d607957c?s=96&d=mm&r=g","caption":"karit"},"url":"https:\/\/www.welovecycling.com\/ee\/author\/karit\/"}]}},"_links":{"self":[{"href":"https:\/\/www.welovecycling.com\/ee\/wp-json\/wp\/v2\/posts\/532","targetHints":{"allow":["GET"]}}],"collection":[{"href":"https:\/\/www.welovecycling.com\/ee\/wp-json\/wp\/v2\/posts"}],"about":[{"href":"https:\/\/www.welovecycling.com\/ee\/wp-json\/wp\/v2\/types\/post"}],"author":[{"embeddable":true,"href":"https:\/\/www.welovecycling.com\/ee\/wp-json\/wp\/v2\/users\/143"}],"replies":[{"embeddable":true,"href":"https:\/\/www.welovecycling.com\/ee\/wp-json\/wp\/v2\/comments?post=532"}],"version-history":[{"count":2,"href":"https:\/\/www.welovecycling.com\/ee\/wp-json\/wp\/v2\/posts\/532\/revisions"}],"predecessor-version":[{"id":545,"href":"https:\/\/www.welovecycling.com\/ee\/wp-json\/wp\/v2\/posts\/532\/revisions\/545"}],"wp:featuredmedia":[{"embeddable":true,"href":"https:\/\/www.welovecycling.com\/ee\/wp-json\/wp\/v2\/media\/533"}],"wp:attachment":[{"href":"https:\/\/www.welovecycling.com\/ee\/wp-json\/wp\/v2\/media?parent=532"}],"wp:term":[{"taxonomy":"category","embeddable":true,"href":"https:\/\/www.welovecycling.com\/ee\/wp-json\/wp\/v2\/categories?post=532"},{"taxonomy":"post_tag","embeddable":true,"href":"https:\/\/www.welovecycling.com\/ee\/wp-json\/wp\/v2\/tags?post=532"},{"taxonomy":"global-categories","embeddable":true,"href":"https:\/\/www.welovecycling.com\/ee\/wp-json\/wp\/v2\/global-categories?post=532"}],"curies":[{"name":"wp","href":"https:\/\/api.w.org\/{rel}","templated":true}]}}