{"id":503,"date":"2022-04-11T08:44:27","date_gmt":"2022-04-11T08:44:27","guid":{"rendered":"https:\/\/www.welovecycling.com\/ee\/?p=503"},"modified":"2022-04-11T08:44:27","modified_gmt":"2022-04-11T08:44:27","slug":"kuidas-lapse-jalgrattakiivrit-oigesti-kasutada","status":"publish","type":"post","link":"https:\/\/www.welovecycling.com\/ee\/2022\/04\/11\/kuidas-lapse-jalgrattakiivrit-oigesti-kasutada\/","title":{"rendered":"Kuidas lapse jalgrattakiivrit \u00f5igesti kasutada?"},"content":{"rendered":"<p>Kiiver on jalgrattaga s\u00f5itma minnes oluline varustuse osa ning sama t\u00f5de kehtib loomulikult ka laste kohta. Laste turvalisuse m\u00f5ttes on see kriitilise t\u00e4htsusega, sest oma jalgratturikarj\u00e4\u00e4ri alguses kipuvad nad tihti kukkuma. Muidugi peavad nad kiivrit kandma ka edaspidi, millal iganes jalgrattaga s\u00f5idavad.<\/p>\n<p>Oluline on samuti meeles pidada, et kiiver ei t\u00e4ida korralikult oma \u00fclesandeid, kui see on vale suurusega v\u00f5i pole \u00f5igesti peas. Meie lihtsaid juhiseid j\u00e4rgides saad alati lapsele rattakiivri \u00f5igesti p\u00e4he panna.<\/p>\n<p>Hea sobivuse tagamiseks tuleb lapse pea \u00fcle m\u00f5\u00f5ta. Kiiver ei ole nagu lasteriided, mida v\u00f5ib osta pisut suuremana ja oodata, et need lapse kasvades parajaks saavad. Kiiver peab sobima t\u00e4pselt p\u00e4he iga kord, kui seda kasutatakse.<\/p>\n<p><a href=\"https:\/\/d2p6e6u75xmxt8.cloudfront.net\/15\/2022\/04\/Girl-on-a-bicycle-profimedia-0490672200.jpg\"><img loading=\"lazy\" decoding=\"async\" class=\"alignnone size-full wp-image-504\" src=\"https:\/\/d2p6e6u75xmxt8.cloudfront.net\/15\/2022\/04\/Girl-on-a-bicycle-profimedia-0490672200.jpg\" alt=\"\" width=\"1000\" height=\"562\" srcset=\"https:\/\/d2p6e6u75xmxt8.cloudfront.net\/15\/2022\/04\/Girl-on-a-bicycle-profimedia-0490672200.jpg 1000w, https:\/\/d2p6e6u75xmxt8.cloudfront.net\/15\/2022\/04\/Girl-on-a-bicycle-profimedia-0490672200-300x169.jpg 300w, https:\/\/d2p6e6u75xmxt8.cloudfront.net\/15\/2022\/04\/Girl-on-a-bicycle-profimedia-0490672200-768x432.jpg 768w\" sizes=\"auto, (max-width: 1000px) 100vw, 1000px\" \/><\/a><\/p>\n<p><strong>Sul on vaja:<\/strong><\/p>\n<ul>\n<li>last<\/li>\n<li>m\u00f5\u00f5dulinti (asja ajavad \u00e4ra ka n\u00f6\u00f6rijupp, pliiats ja joonlaud)<\/li>\n<\/ul>\n<p>Juhised:<\/p>\n<ol>\n<li>M\u00f5\u00f5da lapse pea \u00fcmberm\u00f5\u00f5t vahetult kulmude ja k\u00f5rvade kohalt (umbes \u00fcks-kaks t\u00e4iskasvanu s\u00f5rmelaiust k\u00f5rgemalt).<\/li>\n<li>Kui kasutad m\u00f5\u00f5tmiseks n\u00f6\u00f6ri: pane n\u00f6\u00f6r \u00fcmber lapse pea ja m\u00e4rgi \u00e4ra koht, kus n\u00f6\u00f6r teeb t\u00e4isringi, seej\u00e4rel m\u00f5\u00f5da joonlauaga \u00e4ra selle n\u00f6\u00f6rijupi pikkus.<\/li>\n<li>Kasuta kiivri soetamisel m\u00f5\u00f5tetulemusi. Kontrolli toote kirjeldusest konkreetse kiivri suurust, n\u00e4iteks 52 kuni 57 cm.<\/li>\n<li>Korda m\u00f5\u00f5tmist mitu korda, et olla veendunud tulemuse \u00f5igsuses.<\/li>\n<li>Pane kiiver lapsele niimoodi p\u00e4he, et see oleks k\u00fcljelt vaadates otse, mitte ette- ega tahapoole kaldu. Kiivri serv peab olema pisut kulmudest k\u00f5rgemal, kuid piisava kaitse tagamiseks katma \u00e4ra otsaesise, seejuures vaadet segamata.<\/li>\n<li>Universaalsuurusega kiivritel on tagaosas p\u00f6\u00f6rdratas suuruse reguleerimiseks. K\u00f5ike seda tuleb teha enne rihma kinnitamist. M\u00f5ne kiivri puhul, millel puudub pingutusratas, on olemas erineva paksusega vahetavad sisepolstrid. Kiiver peab peas istuma kindlalt ega tohi \u00e4ra kukkuda, kui laps pead raputab, samas piisavalt l\u00f5dvalt, et see ei pitsitaks.<\/li>\n<li>Kinnita l\u00f5uarihm. Rihm peab liibuma vastu lapse pead, \u201eY\u201c kulgema \u00fcmber kummagi k\u00f5rva (v\u00e4lja arvatud juhul, kui need on kokku \u00f5mmeldud).<\/li>\n<li>Rihm peab olema kinnitatud mugavalt, nii et \u00fcks s\u00f5rm mahuks pandla ja l\u00f5ua vahele.<\/li>\n<li>Rihma pinge kontrollimiseks v\u00f5ib paluda lapsel suu lahti teha \u2013 kiiver peab seejuures n\u00e4htavalt allapoole nihkuma.<\/li>\n<\/ol>\n<p>Nipid<\/p>\n<p>Pikki juukseid tuleb kanda kaela alaosas, et kiiver korralikult peas istuks.<\/p>\n<p>Pakse v\u00f5i villaseid m\u00fctse tuleb v\u00e4ltida, sest need v\u00f5ivad piirata kiivri t\u00f5husust. Nende asemel saab kasutada spetsiaalseid lastesuurustes sooje voodreid.<\/p>\n<p>Kontrolli alati, kas kiiver istub lapsel korralikult peas. Kiivrit ei tohi valida arvestusega, et laps kasvab ja kiiver muutub parajaks \u2013 see peab alati olema paras, vajadusel tuleb kiivrit reguleerida. Kui laps kasvab, v\u00f5ib osutuda vajalikuks v\u00f5tta uus m\u00f5\u00f5t ja soetada lapsele uus kiiver.<\/p>\n<p>\u00c4ra osta pruugitud kiivrit! Kahjustada saanud kiiver ei puugi olla piisavalt turvaline, pelga pealevaatamisega ei pruugi kahjustusi tuvastada.<\/p>\n<p>Kui lapsel juhtub avarii, tuleb kiiver uue vastu vahetada. M\u00f5ned ettev\u00f5tted pakuvad isegi avarii l\u00e4binud kiivri puhul allahindlust.<\/p>\n<p>Head rattas\u00f5itu!<\/p>\n","protected":false},"excerpt":{"rendered":"<p>Kiiver on jalgrattaga s\u00f5itma minnes oluline varustuse osa ning sama t\u00f5de kehtib loomulikult ka laste kohta. Laste turvalisuse m\u00f5ttes on [&hellip;]<\/p>\n","protected":false},"author":143,"featured_media":504,"comment_status":"open","ping_status":"open","sticky":false,"template":"","format":"standard","meta":{"footnotes":""},"categories":[9],"tags":[],"global-categories":[22],"class_list":["post-503","post","type-post","status-publish","format-standard","has-post-thumbnail","hentry","category-perekond","global-categories-cycling"],"yoast_head":"<!-- This site is optimized with the Yoast SEO Premium plugin v25.3 (Yoast SEO v25.9) - https:\/\/yoast.com\/wordpress\/plugins\/seo\/ -->\n<title>Kuidas lapse jalgrattakiivrit \u00f5igesti kasutada? - \u0160koda We Love Cycling - Estonia<\/title>\n<meta name=\"robots\" content=\"index, follow, max-snippet:-1, max-image-preview:large, max-video-preview:-1\" \/>\n<link rel=\"canonical\" href=\"https:\/\/www.welovecycling.com\/ee\/2022\/04\/11\/kuidas-lapse-jalgrattakiivrit-oigesti-kasutada\/\" \/>\n<meta property=\"og:locale\" content=\"et_EE\" \/>\n<meta property=\"og:type\" content=\"article\" \/>\n<meta property=\"og:title\" content=\"Kuidas lapse jalgrattakiivrit \u00f5igesti kasutada?\" \/>\n<meta property=\"og:description\" content=\"Kiiver on jalgrattaga s\u00f5itma minnes oluline varustuse osa ning sama t\u00f5de kehtib loomulikult ka laste kohta. Laste turvalisuse m\u00f5ttes on [&hellip;]\" \/>\n<meta property=\"og:url\" content=\"https:\/\/www.welovecycling.com\/ee\/2022\/04\/11\/kuidas-lapse-jalgrattakiivrit-oigesti-kasutada\/\" \/>\n<meta property=\"og:site_name\" content=\"\u0160koda We Love Cycling - Estonia\" \/>\n<meta property=\"article:published_time\" content=\"2022-04-11T08:44:27+00:00\" \/>\n<meta property=\"og:image\" content=\"https:\/\/d2p6e6u75xmxt8.cloudfront.net\/15\/2022\/04\/Girl-on-a-bicycle-profimedia-0490672200.jpg\" \/>\n\t<meta property=\"og:image:width\" content=\"1000\" \/>\n\t<meta property=\"og:image:height\" content=\"562\" \/>\n\t<meta property=\"og:image:type\" content=\"image\/jpeg\" \/>\n<meta name=\"author\" content=\"karit\" \/>\n<meta name=\"twitter:card\" content=\"summary_large_image\" \/>\n<meta name=\"twitter:label1\" content=\"Written by\" \/>\n\t<meta name=\"twitter:data1\" content=\"Charlotte Murray\" \/>\n\t<meta name=\"twitter:label2\" content=\"Est. reading time\" \/>\n\t<meta name=\"twitter:data2\" content=\"2 minutes\" \/>\n<script type=\"application\/ld+json\" class=\"yoast-schema-graph\">{\"@context\":\"https:\/\/schema.org\",\"@graph\":[{\"@type\":\"WebPage\",\"@id\":\"https:\/\/www.welovecycling.com\/ee\/2022\/04\/11\/kuidas-lapse-jalgrattakiivrit-oigesti-kasutada\/\",\"url\":\"https:\/\/www.welovecycling.com\/ee\/2022\/04\/11\/kuidas-lapse-jalgrattakiivrit-oigesti-kasutada\/\",\"name\":\"Kuidas lapse jalgrattakiivrit \u00f5igesti kasutada? - \u0160koda We Love Cycling - Estonia\",\"isPartOf\":{\"@id\":\"https:\/\/www.welovecycling.com\/ee\/#website\"},\"primaryImageOfPage\":{\"@id\":\"https:\/\/www.welovecycling.com\/ee\/2022\/04\/11\/kuidas-lapse-jalgrattakiivrit-oigesti-kasutada\/#primaryimage\"},\"image\":{\"@id\":\"https:\/\/www.welovecycling.com\/ee\/2022\/04\/11\/kuidas-lapse-jalgrattakiivrit-oigesti-kasutada\/#primaryimage\"},\"thumbnailUrl\":\"https:\/\/d2p6e6u75xmxt8.cloudfront.net\/15\/2022\/04\/Girl-on-a-bicycle-profimedia-0490672200.jpg\",\"datePublished\":\"2022-04-11T08:44:27+00:00\",\"author\":{\"@id\":\"https:\/\/www.welovecycling.com\/ee\/#\/schema\/person\/6969dabcb933c60a22a024886fc5dfb3\"},\"inLanguage\":\"et\",\"potentialAction\":[{\"@type\":\"ReadAction\",\"target\":[\"https:\/\/www.welovecycling.com\/ee\/2022\/04\/11\/kuidas-lapse-jalgrattakiivrit-oigesti-kasutada\/\"]}]},{\"@type\":\"ImageObject\",\"inLanguage\":\"et\",\"@id\":\"https:\/\/www.welovecycling.com\/ee\/2022\/04\/11\/kuidas-lapse-jalgrattakiivrit-oigesti-kasutada\/#primaryimage\",\"url\":\"https:\/\/d2p6e6u75xmxt8.cloudfront.net\/15\/2022\/04\/Girl-on-a-bicycle-profimedia-0490672200.jpg\",\"contentUrl\":\"https:\/\/d2p6e6u75xmxt8.cloudfront.net\/15\/2022\/04\/Girl-on-a-bicycle-profimedia-0490672200.jpg\",\"width\":1000,\"height\":562},{\"@type\":\"WebSite\",\"@id\":\"https:\/\/www.welovecycling.com\/ee\/#website\",\"url\":\"https:\/\/www.welovecycling.com\/ee\/\",\"name\":\"\u0160koda We Love Cycling - Estonia\",\"description\":\"\",\"potentialAction\":[{\"@type\":\"SearchAction\",\"target\":{\"@type\":\"EntryPoint\",\"urlTemplate\":\"https:\/\/www.welovecycling.com\/ee\/?s={search_term_string}\"},\"query-input\":{\"@type\":\"PropertyValueSpecification\",\"valueRequired\":true,\"valueName\":\"search_term_string\"}}],\"inLanguage\":\"et\"},{\"@type\":\"Person\",\"@id\":\"https:\/\/www.welovecycling.com\/ee\/#\/schema\/person\/6969dabcb933c60a22a024886fc5dfb3\",\"name\":\"karit\",\"image\":{\"@type\":\"ImageObject\",\"inLanguage\":\"et\",\"@id\":\"https:\/\/www.welovecycling.com\/ee\/#\/schema\/person\/image\/\",\"url\":\"https:\/\/secure.gravatar.com\/avatar\/5c6089f08f3aa4ecae4cfe6c342986b6f1785322192708cff03ffe36d607957c?s=96&d=mm&r=g\",\"contentUrl\":\"https:\/\/secure.gravatar.com\/avatar\/5c6089f08f3aa4ecae4cfe6c342986b6f1785322192708cff03ffe36d607957c?s=96&d=mm&r=g\",\"caption\":\"karit\"},\"url\":\"https:\/\/www.welovecycling.com\/ee\/author\/karit\/\"}]}<\/script>\n<!-- \/ Yoast SEO Premium plugin. -->","yoast_head_json":{"title":"Kuidas lapse jalgrattakiivrit \u00f5igesti kasutada? - \u0160koda We Love Cycling - Estonia","robots":{"index":"index","follow":"follow","max-snippet":"max-snippet:-1","max-image-preview":"max-image-preview:large","max-video-preview":"max-video-preview:-1"},"canonical":"https:\/\/www.welovecycling.com\/ee\/2022\/04\/11\/kuidas-lapse-jalgrattakiivrit-oigesti-kasutada\/","og_locale":"et_EE","og_type":"article","og_title":"Kuidas lapse jalgrattakiivrit \u00f5igesti kasutada?","og_description":"Kiiver on jalgrattaga s\u00f5itma minnes oluline varustuse osa ning sama t\u00f5de kehtib loomulikult ka laste kohta. Laste turvalisuse m\u00f5ttes on [&hellip;]","og_url":"https:\/\/www.welovecycling.com\/ee\/2022\/04\/11\/kuidas-lapse-jalgrattakiivrit-oigesti-kasutada\/","og_site_name":"\u0160koda We Love Cycling - Estonia","article_published_time":"2022-04-11T08:44:27+00:00","og_image":[{"width":1000,"height":562,"url":"https:\/\/d2p6e6u75xmxt8.cloudfront.net\/15\/2022\/04\/Girl-on-a-bicycle-profimedia-0490672200.jpg","type":"image\/jpeg"}],"author":"karit","twitter_card":"summary_large_image","twitter_misc":{"Written by":"Charlotte Murray","Est. reading time":"2 minutes"},"schema":{"@context":"https:\/\/schema.org","@graph":[{"@type":"WebPage","@id":"https:\/\/www.welovecycling.com\/ee\/2022\/04\/11\/kuidas-lapse-jalgrattakiivrit-oigesti-kasutada\/","url":"https:\/\/www.welovecycling.com\/ee\/2022\/04\/11\/kuidas-lapse-jalgrattakiivrit-oigesti-kasutada\/","name":"Kuidas lapse jalgrattakiivrit \u00f5igesti kasutada? - \u0160koda We Love Cycling - Estonia","isPartOf":{"@id":"https:\/\/www.welovecycling.com\/ee\/#website"},"primaryImageOfPage":{"@id":"https:\/\/www.welovecycling.com\/ee\/2022\/04\/11\/kuidas-lapse-jalgrattakiivrit-oigesti-kasutada\/#primaryimage"},"image":{"@id":"https:\/\/www.welovecycling.com\/ee\/2022\/04\/11\/kuidas-lapse-jalgrattakiivrit-oigesti-kasutada\/#primaryimage"},"thumbnailUrl":"https:\/\/d2p6e6u75xmxt8.cloudfront.net\/15\/2022\/04\/Girl-on-a-bicycle-profimedia-0490672200.jpg","datePublished":"2022-04-11T08:44:27+00:00","author":{"@id":"https:\/\/www.welovecycling.com\/ee\/#\/schema\/person\/6969dabcb933c60a22a024886fc5dfb3"},"inLanguage":"et","potentialAction":[{"@type":"ReadAction","target":["https:\/\/www.welovecycling.com\/ee\/2022\/04\/11\/kuidas-lapse-jalgrattakiivrit-oigesti-kasutada\/"]}]},{"@type":"ImageObject","inLanguage":"et","@id":"https:\/\/www.welovecycling.com\/ee\/2022\/04\/11\/kuidas-lapse-jalgrattakiivrit-oigesti-kasutada\/#primaryimage","url":"https:\/\/d2p6e6u75xmxt8.cloudfront.net\/15\/2022\/04\/Girl-on-a-bicycle-profimedia-0490672200.jpg","contentUrl":"https:\/\/d2p6e6u75xmxt8.cloudfront.net\/15\/2022\/04\/Girl-on-a-bicycle-profimedia-0490672200.jpg","width":1000,"height":562},{"@type":"WebSite","@id":"https:\/\/www.welovecycling.com\/ee\/#website","url":"https:\/\/www.welovecycling.com\/ee\/","name":"\u0160koda We Love Cycling - Estonia","description":"","potentialAction":[{"@type":"SearchAction","target":{"@type":"EntryPoint","urlTemplate":"https:\/\/www.welovecycling.com\/ee\/?s={search_term_string}"},"query-input":{"@type":"PropertyValueSpecification","valueRequired":true,"valueName":"search_term_string"}}],"inLanguage":"et"},{"@type":"Person","@id":"https:\/\/www.welovecycling.com\/ee\/#\/schema\/person\/6969dabcb933c60a22a024886fc5dfb3","name":"karit","image":{"@type":"ImageObject","inLanguage":"et","@id":"https:\/\/www.welovecycling.com\/ee\/#\/schema\/person\/image\/","url":"https:\/\/secure.gravatar.com\/avatar\/5c6089f08f3aa4ecae4cfe6c342986b6f1785322192708cff03ffe36d607957c?s=96&d=mm&r=g","contentUrl":"https:\/\/secure.gravatar.com\/avatar\/5c6089f08f3aa4ecae4cfe6c342986b6f1785322192708cff03ffe36d607957c?s=96&d=mm&r=g","caption":"karit"},"url":"https:\/\/www.welovecycling.com\/ee\/author\/karit\/"}]}},"_links":{"self":[{"href":"https:\/\/www.welovecycling.com\/ee\/wp-json\/wp\/v2\/posts\/503","targetHints":{"allow":["GET"]}}],"collection":[{"href":"https:\/\/www.welovecycling.com\/ee\/wp-json\/wp\/v2\/posts"}],"about":[{"href":"https:\/\/www.welovecycling.com\/ee\/wp-json\/wp\/v2\/types\/post"}],"author":[{"embeddable":true,"href":"https:\/\/www.welovecycling.com\/ee\/wp-json\/wp\/v2\/users\/143"}],"replies":[{"embeddable":true,"href":"https:\/\/www.welovecycling.com\/ee\/wp-json\/wp\/v2\/comments?post=503"}],"version-history":[{"count":1,"href":"https:\/\/www.welovecycling.com\/ee\/wp-json\/wp\/v2\/posts\/503\/revisions"}],"predecessor-version":[{"id":505,"href":"https:\/\/www.welovecycling.com\/ee\/wp-json\/wp\/v2\/posts\/503\/revisions\/505"}],"wp:featuredmedia":[{"embeddable":true,"href":"https:\/\/www.welovecycling.com\/ee\/wp-json\/wp\/v2\/media\/504"}],"wp:attachment":[{"href":"https:\/\/www.welovecycling.com\/ee\/wp-json\/wp\/v2\/media?parent=503"}],"wp:term":[{"taxonomy":"category","embeddable":true,"href":"https:\/\/www.welovecycling.com\/ee\/wp-json\/wp\/v2\/categories?post=503"},{"taxonomy":"post_tag","embeddable":true,"href":"https:\/\/www.welovecycling.com\/ee\/wp-json\/wp\/v2\/tags?post=503"},{"taxonomy":"global-categories","embeddable":true,"href":"https:\/\/www.welovecycling.com\/ee\/wp-json\/wp\/v2\/global-categories?post=503"}],"curies":[{"name":"wp","href":"https:\/\/api.w.org\/{rel}","templated":true}]}}