{"id":478,"date":"2021-10-11T07:55:23","date_gmt":"2021-10-11T07:55:23","guid":{"rendered":"https:\/\/www.welovecycling.com\/ee\/?p=478"},"modified":"2021-10-11T07:55:23","modified_gmt":"2021-10-11T07:55:23","slug":"parimad-spordikellad-jalgratturitele","status":"publish","type":"post","link":"https:\/\/www.welovecycling.com\/ee\/2021\/10\/11\/parimad-spordikellad-jalgratturitele\/","title":{"rendered":"Parimad spordikellad jalgratturitele"},"content":{"rendered":"<p>Spordi- ja nutikellade populaarsus on viimastel aastatel plahvatuslikult t\u00f5usnud ning see trend muudkui j\u00e4tkub. Need nutividinad on t\u00f5eliselt kasulikud, kui Sa tahad oma tegemistes j\u00e4rge hoida, j\u00e4lgida oma arengut v\u00f5i isegi teiste jalgrattahuvilistega suhelda.<\/p>\n<p>Ehkki spordikellasid kasutatakse ka rattakompuutri asemel, eelistame me k\u00e4sitleda neid kui lisaseadet, mitte asendust. Kuna pidev randmele vaatamine n\u00f5uab ebamugavaid liigutusi, pole see n\u00e4iteks navigeerimiseks m\u00f5istlik viis. Siiski on olemas mitmeid variante, kus GPS-iga k\u00e4ekell on eelistatum ja v\u00f5ib pakkuda mitmeid h\u00fcvesid.<\/p>\n<p>Vaheldumisi mitmete spordialadega tegelejatele v\u00f5ib jooksu, ujumise ja rattas\u00f5idu re\u017eiimiga nutikell olla lihtsam v\u00f5imalus k\u00f5igi treeningute \u00fcle arve pidamiseks ja andmete \u00fches kohas hoidmiseks v\u00f5rreldes kahe seadme tekitatava elektroonilise segadusega. Ja isegi kui Sa eelistad k\u00f5ik oma kilomeetrid l\u00e4bida ratta seljas, t\u00e4hendab v\u00e4ike randmekell seda, et arvesse l\u00e4hevad ka k\u00f5ik l\u00fchemad s\u00f5idud, mille \u00fcle Sa v\u00f5ib-olla muidu ei viitsikski arvet pidada. Lisaks pakuvad nutikellad t\u00e4iendavat infot unekvaliteedi ja kogu p\u00e4eva tegevuste kohta. Treeningu k\u00f5rval aitavad nad Sul esile tuua ja paremini m\u00f5ista kogu oma heaolu ja f\u00fc\u00fcsilist vormi. Vaatame n\u00fc\u00fcd m\u00f5ningaid funktsioone, mida ostmisel silmas pidada ja meie v\u00e4ikest valikut parematest saadaolevatest spordikelladest.<\/p>\n<p><em>On t\u00f5esti olemas mitmeid variante, kus GPS-iga k\u00e4ekell on eelistatum ja v\u00f5ib pakkuda mitmeid h\u00fcvesid. \u00a9 Profimedia<\/em><\/p>\n<p>Vajalikud p\u00f5hifunktsioonid<\/p>\n<p>Spetsiaalne rattas\u00f5idure\u017eiim: Kui Sa plaanid oma s\u00f5ite s\u00fcnkroniseerida Strava v\u00f5i m\u00f5ne teise spordirakendusega, on spetsiaalne rattas\u00f5idure\u017eiim kohustuslik! (K\u00f5igil alltoodud kelladel on see olemas).<\/p>\n<p>K\u00f5ik akusse puutuv: Aku t\u00f6\u00f6aeg on j\u00e4rgmine m\u00e4\u00e4rava t\u00e4htsusega omadus, mis paneb paika, kuidas sa oma kella kasutad ja hindad. Tasub silmas pidada, et arvestada tuleb mitte ainult \u00fcldist aku kestvust, vaid just t\u00f6\u00f6aega sissel\u00fclitatud GPS-iga re\u017eiimis.<\/p>\n<p>J\u00e4lgi pulssi: Rinnav\u00f6\u00f6 on alati t\u00e4pseim viis pulsi m\u00f5\u00f5tmiseks. Hea spordikell ei j\u00e4\u00e4 siiski palju maha ja v\u00f5ib anda vajalikke andmeid suhtelise pingutuse ja energiakulu arvutamiseks.<\/p>\n<p>Lisav\u00f5imalused enda \u00e4ran\u00e4gemisel: Kui Sind huvitab \u00fchilduvus v\u00f5imsusm\u00f5\u00f5dikuga, teejuhised \u00fcksikute p\u00f6\u00f6rete kaupa v\u00f5i v\u00f5imalus kuulata kellalt oma lemmikmuusikat, siis tea \u2013 k\u00f5ik see on saadaval! Tuleb vaid leida \u00f5ige seade.<\/p>\n<p>L\u00e4biproovitud spordikellad<\/p>\n<p>Suurep\u00e4rane valik kellasid rattas\u00f5iduentusiastidele:<\/p>\n<p>Garmin Vivoactive: igatpidi hea valik<\/p>\n<p><a href=\"https:\/\/d2p6e6u75xmxt8.cloudfront.net\/15\/2021\/10\/Garmin-watch.jpg\"><img loading=\"lazy\" decoding=\"async\" class=\"alignnone size-full wp-image-480\" src=\"https:\/\/d2p6e6u75xmxt8.cloudfront.net\/15\/2021\/10\/Garmin-watch.jpg\" alt=\"\" width=\"1188\" height=\"1134\" srcset=\"https:\/\/d2p6e6u75xmxt8.cloudfront.net\/15\/2021\/10\/Garmin-watch.jpg 1188w, https:\/\/d2p6e6u75xmxt8.cloudfront.net\/15\/2021\/10\/Garmin-watch-300x286.jpg 300w, https:\/\/d2p6e6u75xmxt8.cloudfront.net\/15\/2021\/10\/Garmin-watch-1024x977.jpg 1024w, https:\/\/d2p6e6u75xmxt8.cloudfront.net\/15\/2021\/10\/Garmin-watch-768x733.jpg 768w\" sizes=\"auto, (max-width: 1188px) 100vw, 1188px\" \/><\/a><\/p>\n<p>See lihvitud GPS-nutikell on puutetundliku ja p\u00e4ikesepaistel loetava v\u00e4rvilise k\u00f5rglahutusekraaniga (puutetundlikkust mida tasub silmas pidada, kui k\u00e4id tihti v\u00e4ljas m\u00e4rja ilmaga). Kell sisaldab mitmeid spordirakendusi, sealhulgas GPS-p\u00f5hist jalgrattas\u00f5idu ja jooksmise ning isegi golfim\u00e4ngu programmi, v\u00f5imaldades Sul n\u00e4ha oma andmeid ka telefonist eemal olles.<\/p>\n<p>Telefonist r\u00e4\u00e4kides \u2013 selle saab kellaga sidestada, nii et kell annab v\u00e4rinaga ja ekraanil m\u00e4rku sissetulevatest k\u00f5nedest ja tekstis\u00f5numitest, e-kirjadest ja kalendris\u00fcndmustest, edastades ka teavitusi sotsiaalmeediast ja teistelt mobiilirakendustelt. GPS-i kasutamisel kestab aku umbes 10 tundi ning rattas\u00f5idurakendus m\u00f5\u00f5dab aega, vahemaad, kiirust ja kulutatud kaloreid. Kell \u00fchildub ka kiiruse, v\u00e4ntamissageduse ja pulsianduritega, mis v\u00f5imaldab Sul m\u00f5\u00f5ta oma arengut nii treeningutel kui ka igap\u00e4evas\u00f5itudel.<\/p>\n<p>Garmin Fenix 6 solar: m\u00e4giratturite ja pikamaas\u00f5itjate parim s\u00f5ber<\/p>\n<p><a href=\"https:\/\/d2p6e6u75xmxt8.cloudfront.net\/15\/2021\/10\/Garmin-Fenix-6.jpg\"><img loading=\"lazy\" decoding=\"async\" class=\"alignnone size-full wp-image-481\" src=\"https:\/\/d2p6e6u75xmxt8.cloudfront.net\/15\/2021\/10\/Garmin-Fenix-6.jpg\" alt=\"\" width=\"1184\" height=\"1094\" srcset=\"https:\/\/d2p6e6u75xmxt8.cloudfront.net\/15\/2021\/10\/Garmin-Fenix-6.jpg 1184w, https:\/\/d2p6e6u75xmxt8.cloudfront.net\/15\/2021\/10\/Garmin-Fenix-6-300x277.jpg 300w, https:\/\/d2p6e6u75xmxt8.cloudfront.net\/15\/2021\/10\/Garmin-Fenix-6-1024x946.jpg 1024w, https:\/\/d2p6e6u75xmxt8.cloudfront.net\/15\/2021\/10\/Garmin-Fenix-6-768x710.jpg 768w\" sizes=\"auto, (max-width: 1184px) 100vw, 1184px\" \/><\/a><\/p>\n<p>Kas 10 tundi aku t\u00f6\u00f6aega GPS-iga j\u00e4\u00e4b v\u00e4heks? Selle kellaga v\u00f5id laadimisjuhtme ikkagi koju j\u00e4tta, sest laadida saab p\u00e4ikesevalgusega ja aku v\u00f5ib sel viisil vastu pidada kuni 14 p\u00e4eva \u2013 aga seegi pole veel k\u00f5ik! Kell sisaldab mitmete spordialade programme ja on m\u00e4giratturite lemmik. Salvestatakse iga s\u00f5idu \u00fcksikasjad, lisaks tavalistele m\u00e4girattas\u00f5idu parameetitele on olemas spetsiaalsed n\u00e4itajad Grit\u2122 ja Flow\u2122, mis hindavad raja keerukust ja laskumiste sujuvust, v\u00f5imaldades Sul j\u00e4rgmisel korral parema tulemuse poole p\u00fc\u00fcelda.<\/p>\n<p>Polar Ignite: stiilne treeningukaaslane<\/p>\n<p><a href=\"https:\/\/d2p6e6u75xmxt8.cloudfront.net\/15\/2021\/10\/Polar-watch.jpeg\"><img loading=\"lazy\" decoding=\"async\" class=\"alignnone size-full wp-image-482\" src=\"https:\/\/d2p6e6u75xmxt8.cloudfront.net\/15\/2021\/10\/Polar-watch.jpeg\" alt=\"\" width=\"1500\" height=\"1500\" srcset=\"https:\/\/d2p6e6u75xmxt8.cloudfront.net\/15\/2021\/10\/Polar-watch.jpeg 1500w, https:\/\/d2p6e6u75xmxt8.cloudfront.net\/15\/2021\/10\/Polar-watch-300x300.jpeg 300w, https:\/\/d2p6e6u75xmxt8.cloudfront.net\/15\/2021\/10\/Polar-watch-1024x1024.jpeg 1024w, https:\/\/d2p6e6u75xmxt8.cloudfront.net\/15\/2021\/10\/Polar-watch-150x150.jpeg 150w, https:\/\/d2p6e6u75xmxt8.cloudfront.net\/15\/2021\/10\/Polar-watch-768x768.jpeg 768w\" sizes=\"auto, (max-width: 1500px) 100vw, 1500px\" \/><\/a><\/p>\n<p>Polar Ignite on veekindel spordikell, mis sisaldab t\u00e4iustatud randmep\u00f5hist pulsiandurit ja integreeritud GPS-i. See on hea valik, kui Sa p\u00fc\u00fcad saavutada mingeid eesm\u00e4rke rattas\u00f5idus, aga elad siiski \u00fcsna tasakaalustatud elu. Kell annab t\u00e4ieliku \u00fclevaate Sinu tegevustest ja harjumustest kogu p\u00e4eva jooksul, aidates \u00f6\u00f6p\u00e4evaseid ts\u00fckleid ja ajakasutust paremini kontrolli all hoida. Lisaks on kell kerge ja elegantse disainiga, mis on sobiv lisa nii Sinu igap\u00e4evariietuse kui ka treeningvarustuse juurde.<\/p>\n<p>ELEMNT RIVAL GPS Watch: midagi triatleetidele<\/p>\n<p><a href=\"https:\/\/d2p6e6u75xmxt8.cloudfront.net\/15\/2021\/10\/wahoo_elemnt_rival_standalone.jpeg\"><img loading=\"lazy\" decoding=\"async\" class=\"alignnone size-full wp-image-483\" src=\"https:\/\/d2p6e6u75xmxt8.cloudfront.net\/15\/2021\/10\/wahoo_elemnt_rival_standalone.jpeg\" alt=\"\" width=\"615\" height=\"615\" srcset=\"https:\/\/d2p6e6u75xmxt8.cloudfront.net\/15\/2021\/10\/wahoo_elemnt_rival_standalone.jpeg 615w, https:\/\/d2p6e6u75xmxt8.cloudfront.net\/15\/2021\/10\/wahoo_elemnt_rival_standalone-300x300.jpeg 300w, https:\/\/d2p6e6u75xmxt8.cloudfront.net\/15\/2021\/10\/wahoo_elemnt_rival_standalone-150x150.jpeg 150w\" sizes=\"auto, (max-width: 615px) 100vw, 615px\" \/><\/a><\/p>\n<p>Wahoo esimene GPS-kell ei j\u00e4ta kahtlust sihtauditooriumi osas \u2013 kell on m\u00f5eldud parandama iga p\u00fchendunud triatleedi elu ja suutlikkust. Selle erip\u00e4raks on puutevaba \u00fcleminekure\u017eiim, mis triatloni jooksul automaatselt vahetab spordiala programmi. Lisaks on olemas optiline pulsiandur (sarnaselt teistele selle hinnaklassi kelladele), \u00fchilduvus Bluetooth- ja ANT+ seadmetega nagu rinnav\u00f6\u00f6ga pulsiandur v\u00f5i jalgratta v\u00f5imsusm\u00f5\u00f5dik ning kokkuv\u00f5ttes on tegu seadmega, mis t\u00f5esti v\u00f5ib Sul aidata suutlikkust parandada.<\/p>\n<p>Samsung Galaxy Watch: v\u00e4\u00e4rt riist m\u00f5\u00f5duka hinnaga<\/p>\n<p><a href=\"https:\/\/d2p6e6u75xmxt8.cloudfront.net\/15\/2021\/10\/Galaxy-watch.jpg\"><img loading=\"lazy\" decoding=\"async\" class=\"alignnone size-full wp-image-484\" src=\"https:\/\/d2p6e6u75xmxt8.cloudfront.net\/15\/2021\/10\/Galaxy-watch.jpg\" alt=\"\" width=\"1080\" height=\"808\" srcset=\"https:\/\/d2p6e6u75xmxt8.cloudfront.net\/15\/2021\/10\/Galaxy-watch.jpg 1080w, https:\/\/d2p6e6u75xmxt8.cloudfront.net\/15\/2021\/10\/Galaxy-watch-300x224.jpg 300w, https:\/\/d2p6e6u75xmxt8.cloudfront.net\/15\/2021\/10\/Galaxy-watch-1024x766.jpg 1024w, https:\/\/d2p6e6u75xmxt8.cloudfront.net\/15\/2021\/10\/Galaxy-watch-768x575.jpg 768w\" sizes=\"auto, (max-width: 1080px) 100vw, 1080px\" \/><\/a><\/p>\n<p>Mitte nii edev kui m\u00f5ned \u00fclaltoodud variandid, kuid siiski v\u00f5imas nutikell. Tasub kaalumist iga\u00fchel, kes ei suuda otsustada, millist spordikella osta. Treeninguandmete salvestamiseks on olemas 45 spordiala profiilid, lisaks sadulas veedetud ajale j\u00e4lgib kell ka Sinu muid tegemisi \u2013 liikumist, kulutatud kaloreid, uner\u00fctmi. Muusikahuvilistele on olemas juhtmevaba \u00fchenduvus andmeside tarvis ka ilma telefonita, mis muuhulgas v\u00f5imaldab muusika voogedastust Spotify konto kaudu.<\/p>\n<p>Nagu n\u00e4ha, on olemas hulgaliselt ahvatlevaid v\u00f5imalusi, kui Sul tekib soov t\u00e4iendada oma jalgrattas\u00f5idu-riistvara veel \u00fche seadme v\u00f5rra. Leida v\u00f5id igasuguseid spordikellasid alates tehnika viimasest s\u00f5nast kuni \u00fcldotstarbelise funktsionaalsuseni. K\u00f5ik need muudavad jalgrattas\u00f5idu t\u00f5husamaks ja loodetavasti ka nauditavamaks!<\/p>\n","protected":false},"excerpt":{"rendered":"<p>Spordi- ja nutikellade populaarsus on viimastel aastatel plahvatuslikult t\u00f5usnud ning see trend muudkui j\u00e4tkub. Need nutividinad on t\u00f5eliselt kasulikud, kui [&hellip;]<\/p>\n","protected":false},"author":143,"featured_media":479,"comment_status":"open","ping_status":"open","sticky":false,"template":"","format":"standard","meta":{"footnotes":""},"categories":[43],"tags":[],"global-categories":[22],"class_list":["post-478","post","type-post","status-publish","format-standard","has-post-thumbnail","hentry","category-tervis-trenn","global-categories-cycling"],"yoast_head":"<!-- This site is optimized with the Yoast SEO Premium plugin v25.3 (Yoast SEO v25.9) - https:\/\/yoast.com\/wordpress\/plugins\/seo\/ -->\n<title>Parimad spordikellad jalgratturitele - \u0160koda We Love Cycling - Estonia<\/title>\n<meta name=\"robots\" content=\"index, follow, max-snippet:-1, max-image-preview:large, max-video-preview:-1\" \/>\n<link rel=\"canonical\" href=\"https:\/\/www.welovecycling.com\/ee\/2021\/10\/11\/parimad-spordikellad-jalgratturitele\/\" \/>\n<meta property=\"og:locale\" content=\"et_EE\" \/>\n<meta property=\"og:type\" content=\"article\" \/>\n<meta property=\"og:title\" content=\"Parimad spordikellad jalgratturitele\" \/>\n<meta property=\"og:description\" content=\"Spordi- ja nutikellade populaarsus on viimastel aastatel plahvatuslikult t\u00f5usnud ning see trend muudkui j\u00e4tkub. Need nutividinad on t\u00f5eliselt kasulikud, kui [&hellip;]\" \/>\n<meta property=\"og:url\" content=\"https:\/\/www.welovecycling.com\/ee\/2021\/10\/11\/parimad-spordikellad-jalgratturitele\/\" \/>\n<meta property=\"og:site_name\" content=\"\u0160koda We Love Cycling - Estonia\" \/>\n<meta property=\"article:published_time\" content=\"2021-10-11T07:55:23+00:00\" \/>\n<meta property=\"og:image\" content=\"https:\/\/d2p6e6u75xmxt8.cloudfront.net\/15\/2021\/10\/Cycling-with-smartwatch-profimedia-0295669360.jpg\" \/>\n\t<meta property=\"og:image:width\" content=\"1250\" \/>\n\t<meta property=\"og:image:height\" content=\"833\" \/>\n\t<meta property=\"og:image:type\" content=\"image\/jpeg\" \/>\n<meta name=\"author\" content=\"karit\" \/>\n<meta name=\"twitter:card\" content=\"summary_large_image\" \/>\n<meta name=\"twitter:label1\" content=\"Written by\" \/>\n\t<meta name=\"twitter:data1\" content=\"Megan Flottorp\" \/>\n\t<meta name=\"twitter:label2\" content=\"Est. reading time\" \/>\n\t<meta name=\"twitter:data2\" content=\"5 minutes\" \/>\n<script type=\"application\/ld+json\" class=\"yoast-schema-graph\">{\"@context\":\"https:\/\/schema.org\",\"@graph\":[{\"@type\":\"WebPage\",\"@id\":\"https:\/\/www.welovecycling.com\/ee\/2021\/10\/11\/parimad-spordikellad-jalgratturitele\/\",\"url\":\"https:\/\/www.welovecycling.com\/ee\/2021\/10\/11\/parimad-spordikellad-jalgratturitele\/\",\"name\":\"Parimad spordikellad jalgratturitele - \u0160koda We Love Cycling - Estonia\",\"isPartOf\":{\"@id\":\"https:\/\/www.welovecycling.com\/ee\/#website\"},\"primaryImageOfPage\":{\"@id\":\"https:\/\/www.welovecycling.com\/ee\/2021\/10\/11\/parimad-spordikellad-jalgratturitele\/#primaryimage\"},\"image\":{\"@id\":\"https:\/\/www.welovecycling.com\/ee\/2021\/10\/11\/parimad-spordikellad-jalgratturitele\/#primaryimage\"},\"thumbnailUrl\":\"https:\/\/d2p6e6u75xmxt8.cloudfront.net\/15\/2021\/10\/Cycling-with-smartwatch-profimedia-0295669360.jpg\",\"datePublished\":\"2021-10-11T07:55:23+00:00\",\"author\":{\"@id\":\"https:\/\/www.welovecycling.com\/ee\/#\/schema\/person\/6969dabcb933c60a22a024886fc5dfb3\"},\"inLanguage\":\"et\",\"potentialAction\":[{\"@type\":\"ReadAction\",\"target\":[\"https:\/\/www.welovecycling.com\/ee\/2021\/10\/11\/parimad-spordikellad-jalgratturitele\/\"]}]},{\"@type\":\"ImageObject\",\"inLanguage\":\"et\",\"@id\":\"https:\/\/www.welovecycling.com\/ee\/2021\/10\/11\/parimad-spordikellad-jalgratturitele\/#primaryimage\",\"url\":\"https:\/\/d2p6e6u75xmxt8.cloudfront.net\/15\/2021\/10\/Cycling-with-smartwatch-profimedia-0295669360.jpg\",\"contentUrl\":\"https:\/\/d2p6e6u75xmxt8.cloudfront.net\/15\/2021\/10\/Cycling-with-smartwatch-profimedia-0295669360.jpg\",\"width\":1250,\"height\":833},{\"@type\":\"WebSite\",\"@id\":\"https:\/\/www.welovecycling.com\/ee\/#website\",\"url\":\"https:\/\/www.welovecycling.com\/ee\/\",\"name\":\"\u0160koda We Love Cycling - Estonia\",\"description\":\"\",\"potentialAction\":[{\"@type\":\"SearchAction\",\"target\":{\"@type\":\"EntryPoint\",\"urlTemplate\":\"https:\/\/www.welovecycling.com\/ee\/?s={search_term_string}\"},\"query-input\":{\"@type\":\"PropertyValueSpecification\",\"valueRequired\":true,\"valueName\":\"search_term_string\"}}],\"inLanguage\":\"et\"},{\"@type\":\"Person\",\"@id\":\"https:\/\/www.welovecycling.com\/ee\/#\/schema\/person\/6969dabcb933c60a22a024886fc5dfb3\",\"name\":\"karit\",\"image\":{\"@type\":\"ImageObject\",\"inLanguage\":\"et\",\"@id\":\"https:\/\/www.welovecycling.com\/ee\/#\/schema\/person\/image\/\",\"url\":\"https:\/\/secure.gravatar.com\/avatar\/5c6089f08f3aa4ecae4cfe6c342986b6f1785322192708cff03ffe36d607957c?s=96&d=mm&r=g\",\"contentUrl\":\"https:\/\/secure.gravatar.com\/avatar\/5c6089f08f3aa4ecae4cfe6c342986b6f1785322192708cff03ffe36d607957c?s=96&d=mm&r=g\",\"caption\":\"karit\"},\"url\":\"https:\/\/www.welovecycling.com\/ee\/author\/karit\/\"}]}<\/script>\n<!-- \/ Yoast SEO Premium plugin. -->","yoast_head_json":{"title":"Parimad spordikellad jalgratturitele - \u0160koda We Love Cycling - Estonia","robots":{"index":"index","follow":"follow","max-snippet":"max-snippet:-1","max-image-preview":"max-image-preview:large","max-video-preview":"max-video-preview:-1"},"canonical":"https:\/\/www.welovecycling.com\/ee\/2021\/10\/11\/parimad-spordikellad-jalgratturitele\/","og_locale":"et_EE","og_type":"article","og_title":"Parimad spordikellad jalgratturitele","og_description":"Spordi- ja nutikellade populaarsus on viimastel aastatel plahvatuslikult t\u00f5usnud ning see trend muudkui j\u00e4tkub. Need nutividinad on t\u00f5eliselt kasulikud, kui [&hellip;]","og_url":"https:\/\/www.welovecycling.com\/ee\/2021\/10\/11\/parimad-spordikellad-jalgratturitele\/","og_site_name":"\u0160koda We Love Cycling - Estonia","article_published_time":"2021-10-11T07:55:23+00:00","og_image":[{"width":1250,"height":833,"url":"https:\/\/d2p6e6u75xmxt8.cloudfront.net\/15\/2021\/10\/Cycling-with-smartwatch-profimedia-0295669360.jpg","type":"image\/jpeg"}],"author":"karit","twitter_card":"summary_large_image","twitter_misc":{"Written by":"Megan Flottorp","Est. reading time":"5 minutes"},"schema":{"@context":"https:\/\/schema.org","@graph":[{"@type":"WebPage","@id":"https:\/\/www.welovecycling.com\/ee\/2021\/10\/11\/parimad-spordikellad-jalgratturitele\/","url":"https:\/\/www.welovecycling.com\/ee\/2021\/10\/11\/parimad-spordikellad-jalgratturitele\/","name":"Parimad spordikellad jalgratturitele - \u0160koda We Love Cycling - Estonia","isPartOf":{"@id":"https:\/\/www.welovecycling.com\/ee\/#website"},"primaryImageOfPage":{"@id":"https:\/\/www.welovecycling.com\/ee\/2021\/10\/11\/parimad-spordikellad-jalgratturitele\/#primaryimage"},"image":{"@id":"https:\/\/www.welovecycling.com\/ee\/2021\/10\/11\/parimad-spordikellad-jalgratturitele\/#primaryimage"},"thumbnailUrl":"https:\/\/d2p6e6u75xmxt8.cloudfront.net\/15\/2021\/10\/Cycling-with-smartwatch-profimedia-0295669360.jpg","datePublished":"2021-10-11T07:55:23+00:00","author":{"@id":"https:\/\/www.welovecycling.com\/ee\/#\/schema\/person\/6969dabcb933c60a22a024886fc5dfb3"},"inLanguage":"et","potentialAction":[{"@type":"ReadAction","target":["https:\/\/www.welovecycling.com\/ee\/2021\/10\/11\/parimad-spordikellad-jalgratturitele\/"]}]},{"@type":"ImageObject","inLanguage":"et","@id":"https:\/\/www.welovecycling.com\/ee\/2021\/10\/11\/parimad-spordikellad-jalgratturitele\/#primaryimage","url":"https:\/\/d2p6e6u75xmxt8.cloudfront.net\/15\/2021\/10\/Cycling-with-smartwatch-profimedia-0295669360.jpg","contentUrl":"https:\/\/d2p6e6u75xmxt8.cloudfront.net\/15\/2021\/10\/Cycling-with-smartwatch-profimedia-0295669360.jpg","width":1250,"height":833},{"@type":"WebSite","@id":"https:\/\/www.welovecycling.com\/ee\/#website","url":"https:\/\/www.welovecycling.com\/ee\/","name":"\u0160koda We Love Cycling - Estonia","description":"","potentialAction":[{"@type":"SearchAction","target":{"@type":"EntryPoint","urlTemplate":"https:\/\/www.welovecycling.com\/ee\/?s={search_term_string}"},"query-input":{"@type":"PropertyValueSpecification","valueRequired":true,"valueName":"search_term_string"}}],"inLanguage":"et"},{"@type":"Person","@id":"https:\/\/www.welovecycling.com\/ee\/#\/schema\/person\/6969dabcb933c60a22a024886fc5dfb3","name":"karit","image":{"@type":"ImageObject","inLanguage":"et","@id":"https:\/\/www.welovecycling.com\/ee\/#\/schema\/person\/image\/","url":"https:\/\/secure.gravatar.com\/avatar\/5c6089f08f3aa4ecae4cfe6c342986b6f1785322192708cff03ffe36d607957c?s=96&d=mm&r=g","contentUrl":"https:\/\/secure.gravatar.com\/avatar\/5c6089f08f3aa4ecae4cfe6c342986b6f1785322192708cff03ffe36d607957c?s=96&d=mm&r=g","caption":"karit"},"url":"https:\/\/www.welovecycling.com\/ee\/author\/karit\/"}]}},"_links":{"self":[{"href":"https:\/\/www.welovecycling.com\/ee\/wp-json\/wp\/v2\/posts\/478","targetHints":{"allow":["GET"]}}],"collection":[{"href":"https:\/\/www.welovecycling.com\/ee\/wp-json\/wp\/v2\/posts"}],"about":[{"href":"https:\/\/www.welovecycling.com\/ee\/wp-json\/wp\/v2\/types\/post"}],"author":[{"embeddable":true,"href":"https:\/\/www.welovecycling.com\/ee\/wp-json\/wp\/v2\/users\/143"}],"replies":[{"embeddable":true,"href":"https:\/\/www.welovecycling.com\/ee\/wp-json\/wp\/v2\/comments?post=478"}],"version-history":[{"count":1,"href":"https:\/\/www.welovecycling.com\/ee\/wp-json\/wp\/v2\/posts\/478\/revisions"}],"predecessor-version":[{"id":485,"href":"https:\/\/www.welovecycling.com\/ee\/wp-json\/wp\/v2\/posts\/478\/revisions\/485"}],"wp:featuredmedia":[{"embeddable":true,"href":"https:\/\/www.welovecycling.com\/ee\/wp-json\/wp\/v2\/media\/479"}],"wp:attachment":[{"href":"https:\/\/www.welovecycling.com\/ee\/wp-json\/wp\/v2\/media?parent=478"}],"wp:term":[{"taxonomy":"category","embeddable":true,"href":"https:\/\/www.welovecycling.com\/ee\/wp-json\/wp\/v2\/categories?post=478"},{"taxonomy":"post_tag","embeddable":true,"href":"https:\/\/www.welovecycling.com\/ee\/wp-json\/wp\/v2\/tags?post=478"},{"taxonomy":"global-categories","embeddable":true,"href":"https:\/\/www.welovecycling.com\/ee\/wp-json\/wp\/v2\/global-categories?post=478"}],"curies":[{"name":"wp","href":"https:\/\/api.w.org\/{rel}","templated":true}]}}