{"id":460,"date":"2021-08-17T12:49:48","date_gmt":"2021-08-17T12:49:48","guid":{"rendered":"https:\/\/www.welovecycling.com\/ee\/?p=460"},"modified":"2021-08-17T12:49:48","modified_gmt":"2021-08-17T12:49:48","slug":"voidukas-taaramae-sai-viimase-kilomeetri-soita-uhkes-uksinduses","status":"publish","type":"post","link":"https:\/\/www.welovecycling.com\/ee\/2021\/08\/17\/voidukas-taaramae-sai-viimase-kilomeetri-soita-uhkes-uksinduses\/","title":{"rendered":"V\u00f5idukas Taaram\u00e4e sai viimase kilomeetri s\u00f5ita uhkes \u00fcksinduses"},"content":{"rendered":"<div class=\"social-button social-button-like\">\n<div class=\"social-button-like-text\" aria-hidden=\"true\">\n<p>Rein Taaram\u00e4e (Intermarche\u2013Wanty\u2013Gobert Materiaux) n\u00e4itas Hispaania velotuuri kolmandal etapil (Santo Domingo de Silos &#8211; Picon Blanco; 202,8 km) v\u00e4gevat s\u00f5itu, teenis karj\u00e4\u00e4ri kolmanda etapiv\u00f5idu suurtuuridelt ja t\u00f5usis \u00fchtlasi esmakordselt Vuelta \u00fcldliidriks.<\/p>\n<p>Taaram\u00e4e ja seitse kaaslast l\u00e4ksid m\u00e4gise etapi alguses peagrupilt eest ja suurendasid edu \u00fcheksale minutile, millest piisas, et l\u00f5put\u00f5usul v\u00f5it jooksikute sekka j\u00e4tta.<\/p>\n<\/div>\n<\/div>\n<div class=\"text flex-row\">\n<p>Eestlane, Kenny Elissonde (Trek-Segafredo) ja Joe Dombrowski (UAE Team Emirates) raputasid konkurendid 4,5 km enne fini\u0161it kannult ja kaks kilomeetrit hiljem r\u00fcndas Taaram\u00e4e, kindlustades n\u00f5nda oma karj\u00e4\u00e4ri kolmanda suurtuuride etapiv\u00f5idu. Kirsina tordil sai ta selga ka Vuelta punase liidris\u00e4rgi, Eesti ratturitest on varem sarnase saavutusega hakkama saanud vaid Jaan Kirsipuu, kes kerkis 1999. aastal kuueks p\u00e4evaks Prantsusmaa velotuuri \u00fcldliidriks.<\/p>\n<p><strong>VAATA VIDEOT<\/strong> <a href=\"https:\/\/sport.err.ee\/1608309122\/video-voidukas-taaramae-sai-viimase-kilomeetri-soita-uhkes-uksinduses\">SIIT<\/a>.<\/p>\n<\/div>\n","protected":false},"excerpt":{"rendered":"<p>Rein Taaram\u00e4e (Intermarche\u2013Wanty\u2013Gobert Materiaux) n\u00e4itas Hispaania velotuuri kolmandal etapil (Santo Domingo de Silos &#8211; Picon Blanco; 202,8 km) v\u00e4gevat s\u00f5itu, [&hellip;]<\/p>\n","protected":false},"author":143,"featured_media":461,"comment_status":"open","ping_status":"open","sticky":false,"template":"","format":"standard","meta":{"footnotes":""},"categories":[1],"tags":[],"global-categories":[94],"class_list":["post-460","post","type-post","status-publish","format-standard","has-post-thumbnail","hentry","category-uncategorized","global-categories-enyaq-iv"],"yoast_head":"<!-- This site is optimized with the Yoast SEO Premium plugin v25.3 (Yoast SEO v25.9) - https:\/\/yoast.com\/wordpress\/plugins\/seo\/ -->\n<title>V\u00f5idukas Taaram\u00e4e sai viimase kilomeetri s\u00f5ita uhkes \u00fcksinduses - \u0160koda We Love Cycling - Estonia<\/title>\n<meta name=\"robots\" content=\"index, follow, max-snippet:-1, max-image-preview:large, max-video-preview:-1\" \/>\n<link rel=\"canonical\" href=\"https:\/\/www.welovecycling.com\/ee\/2021\/08\/17\/voidukas-taaramae-sai-viimase-kilomeetri-soita-uhkes-uksinduses\/\" \/>\n<meta property=\"og:locale\" content=\"et_EE\" \/>\n<meta property=\"og:type\" content=\"article\" \/>\n<meta property=\"og:title\" content=\"V\u00f5idukas Taaram\u00e4e sai viimase kilomeetri s\u00f5ita uhkes \u00fcksinduses\" \/>\n<meta property=\"og:description\" content=\"Rein Taaram\u00e4e (Intermarche\u2013Wanty\u2013Gobert Materiaux) n\u00e4itas Hispaania velotuuri kolmandal etapil (Santo Domingo de Silos &#8211; Picon Blanco; 202,8 km) v\u00e4gevat s\u00f5itu, [&hellip;]\" \/>\n<meta property=\"og:url\" content=\"https:\/\/www.welovecycling.com\/ee\/2021\/08\/17\/voidukas-taaramae-sai-viimase-kilomeetri-soita-uhkes-uksinduses\/\" \/>\n<meta property=\"og:site_name\" content=\"\u0160koda We Love Cycling - Estonia\" \/>\n<meta property=\"article:published_time\" content=\"2021-08-17T12:49:48+00:00\" \/>\n<meta property=\"og:image\" content=\"https:\/\/d2p6e6u75xmxt8.cloudfront.net\/15\/2021\/08\/taaramaewins-1340x893-1.jpg\" \/>\n\t<meta property=\"og:image:width\" content=\"1340\" \/>\n\t<meta property=\"og:image:height\" content=\"893\" \/>\n\t<meta property=\"og:image:type\" content=\"image\/jpeg\" \/>\n<meta name=\"author\" content=\"karit\" \/>\n<meta name=\"twitter:card\" content=\"summary_large_image\" \/>\n<meta name=\"twitter:label1\" content=\"Written by\" \/>\n\t<meta name=\"twitter:data1\" content=\"Sport ERR \/ Toimetaja: Anders N\u00f5mm\" \/>\n\t<meta name=\"twitter:label2\" content=\"Est. reading time\" \/>\n\t<meta name=\"twitter:data2\" content=\"1 minute\" \/>\n<script type=\"application\/ld+json\" class=\"yoast-schema-graph\">{\"@context\":\"https:\/\/schema.org\",\"@graph\":[{\"@type\":\"WebPage\",\"@id\":\"https:\/\/www.welovecycling.com\/ee\/2021\/08\/17\/voidukas-taaramae-sai-viimase-kilomeetri-soita-uhkes-uksinduses\/\",\"url\":\"https:\/\/www.welovecycling.com\/ee\/2021\/08\/17\/voidukas-taaramae-sai-viimase-kilomeetri-soita-uhkes-uksinduses\/\",\"name\":\"V\u00f5idukas Taaram\u00e4e sai viimase kilomeetri s\u00f5ita uhkes \u00fcksinduses - \u0160koda We Love Cycling - Estonia\",\"isPartOf\":{\"@id\":\"https:\/\/www.welovecycling.com\/ee\/#website\"},\"primaryImageOfPage\":{\"@id\":\"https:\/\/www.welovecycling.com\/ee\/2021\/08\/17\/voidukas-taaramae-sai-viimase-kilomeetri-soita-uhkes-uksinduses\/#primaryimage\"},\"image\":{\"@id\":\"https:\/\/www.welovecycling.com\/ee\/2021\/08\/17\/voidukas-taaramae-sai-viimase-kilomeetri-soita-uhkes-uksinduses\/#primaryimage\"},\"thumbnailUrl\":\"https:\/\/d2p6e6u75xmxt8.cloudfront.net\/15\/2021\/08\/taaramaewins-1340x893-1.jpg\",\"datePublished\":\"2021-08-17T12:49:48+00:00\",\"author\":{\"@id\":\"https:\/\/www.welovecycling.com\/ee\/#\/schema\/person\/6969dabcb933c60a22a024886fc5dfb3\"},\"inLanguage\":\"et\",\"potentialAction\":[{\"@type\":\"ReadAction\",\"target\":[\"https:\/\/www.welovecycling.com\/ee\/2021\/08\/17\/voidukas-taaramae-sai-viimase-kilomeetri-soita-uhkes-uksinduses\/\"]}]},{\"@type\":\"ImageObject\",\"inLanguage\":\"et\",\"@id\":\"https:\/\/www.welovecycling.com\/ee\/2021\/08\/17\/voidukas-taaramae-sai-viimase-kilomeetri-soita-uhkes-uksinduses\/#primaryimage\",\"url\":\"https:\/\/d2p6e6u75xmxt8.cloudfront.net\/15\/2021\/08\/taaramaewins-1340x893-1.jpg\",\"contentUrl\":\"https:\/\/d2p6e6u75xmxt8.cloudfront.net\/15\/2021\/08\/taaramaewins-1340x893-1.jpg\",\"width\":1340,\"height\":893,\"caption\":\"Picon Blanco - Spain - wielrennen - cycling - cyclisme - radsport - Rein Taaramaee (Estland \/ Team Intermarche Wanty Gobert) pictured during 76th La Vuelta ciclista a Espana (2.UWT) stage 3 from Santo Domingo de Silos to Picon Blanco (202.8KM) - photo Luis Gomez\/Cor Vos \u00a9 2021\"},{\"@type\":\"WebSite\",\"@id\":\"https:\/\/www.welovecycling.com\/ee\/#website\",\"url\":\"https:\/\/www.welovecycling.com\/ee\/\",\"name\":\"\u0160koda We Love Cycling - Estonia\",\"description\":\"\",\"potentialAction\":[{\"@type\":\"SearchAction\",\"target\":{\"@type\":\"EntryPoint\",\"urlTemplate\":\"https:\/\/www.welovecycling.com\/ee\/?s={search_term_string}\"},\"query-input\":{\"@type\":\"PropertyValueSpecification\",\"valueRequired\":true,\"valueName\":\"search_term_string\"}}],\"inLanguage\":\"et\"},{\"@type\":\"Person\",\"@id\":\"https:\/\/www.welovecycling.com\/ee\/#\/schema\/person\/6969dabcb933c60a22a024886fc5dfb3\",\"name\":\"karit\",\"image\":{\"@type\":\"ImageObject\",\"inLanguage\":\"et\",\"@id\":\"https:\/\/www.welovecycling.com\/ee\/#\/schema\/person\/image\/\",\"url\":\"https:\/\/secure.gravatar.com\/avatar\/5c6089f08f3aa4ecae4cfe6c342986b6f1785322192708cff03ffe36d607957c?s=96&d=mm&r=g\",\"contentUrl\":\"https:\/\/secure.gravatar.com\/avatar\/5c6089f08f3aa4ecae4cfe6c342986b6f1785322192708cff03ffe36d607957c?s=96&d=mm&r=g\",\"caption\":\"karit\"},\"url\":\"https:\/\/www.welovecycling.com\/ee\/author\/karit\/\"}]}<\/script>\n<!-- \/ Yoast SEO Premium plugin. -->","yoast_head_json":{"title":"V\u00f5idukas Taaram\u00e4e sai viimase kilomeetri s\u00f5ita uhkes \u00fcksinduses - \u0160koda We Love Cycling - Estonia","robots":{"index":"index","follow":"follow","max-snippet":"max-snippet:-1","max-image-preview":"max-image-preview:large","max-video-preview":"max-video-preview:-1"},"canonical":"https:\/\/www.welovecycling.com\/ee\/2021\/08\/17\/voidukas-taaramae-sai-viimase-kilomeetri-soita-uhkes-uksinduses\/","og_locale":"et_EE","og_type":"article","og_title":"V\u00f5idukas Taaram\u00e4e sai viimase kilomeetri s\u00f5ita uhkes \u00fcksinduses","og_description":"Rein Taaram\u00e4e (Intermarche\u2013Wanty\u2013Gobert Materiaux) n\u00e4itas Hispaania velotuuri kolmandal etapil (Santo Domingo de Silos &#8211; Picon Blanco; 202,8 km) v\u00e4gevat s\u00f5itu, [&hellip;]","og_url":"https:\/\/www.welovecycling.com\/ee\/2021\/08\/17\/voidukas-taaramae-sai-viimase-kilomeetri-soita-uhkes-uksinduses\/","og_site_name":"\u0160koda We Love Cycling - Estonia","article_published_time":"2021-08-17T12:49:48+00:00","og_image":[{"width":1340,"height":893,"url":"https:\/\/d2p6e6u75xmxt8.cloudfront.net\/15\/2021\/08\/taaramaewins-1340x893-1.jpg","type":"image\/jpeg"}],"author":"karit","twitter_card":"summary_large_image","twitter_misc":{"Written by":"Sport ERR \/ Toimetaja: Anders N\u00f5mm","Est. reading time":"1 minute"},"schema":{"@context":"https:\/\/schema.org","@graph":[{"@type":"WebPage","@id":"https:\/\/www.welovecycling.com\/ee\/2021\/08\/17\/voidukas-taaramae-sai-viimase-kilomeetri-soita-uhkes-uksinduses\/","url":"https:\/\/www.welovecycling.com\/ee\/2021\/08\/17\/voidukas-taaramae-sai-viimase-kilomeetri-soita-uhkes-uksinduses\/","name":"V\u00f5idukas Taaram\u00e4e sai viimase kilomeetri s\u00f5ita uhkes \u00fcksinduses - \u0160koda We Love Cycling - Estonia","isPartOf":{"@id":"https:\/\/www.welovecycling.com\/ee\/#website"},"primaryImageOfPage":{"@id":"https:\/\/www.welovecycling.com\/ee\/2021\/08\/17\/voidukas-taaramae-sai-viimase-kilomeetri-soita-uhkes-uksinduses\/#primaryimage"},"image":{"@id":"https:\/\/www.welovecycling.com\/ee\/2021\/08\/17\/voidukas-taaramae-sai-viimase-kilomeetri-soita-uhkes-uksinduses\/#primaryimage"},"thumbnailUrl":"https:\/\/d2p6e6u75xmxt8.cloudfront.net\/15\/2021\/08\/taaramaewins-1340x893-1.jpg","datePublished":"2021-08-17T12:49:48+00:00","author":{"@id":"https:\/\/www.welovecycling.com\/ee\/#\/schema\/person\/6969dabcb933c60a22a024886fc5dfb3"},"inLanguage":"et","potentialAction":[{"@type":"ReadAction","target":["https:\/\/www.welovecycling.com\/ee\/2021\/08\/17\/voidukas-taaramae-sai-viimase-kilomeetri-soita-uhkes-uksinduses\/"]}]},{"@type":"ImageObject","inLanguage":"et","@id":"https:\/\/www.welovecycling.com\/ee\/2021\/08\/17\/voidukas-taaramae-sai-viimase-kilomeetri-soita-uhkes-uksinduses\/#primaryimage","url":"https:\/\/d2p6e6u75xmxt8.cloudfront.net\/15\/2021\/08\/taaramaewins-1340x893-1.jpg","contentUrl":"https:\/\/d2p6e6u75xmxt8.cloudfront.net\/15\/2021\/08\/taaramaewins-1340x893-1.jpg","width":1340,"height":893,"caption":"Picon Blanco - Spain - wielrennen - cycling - cyclisme - radsport - Rein Taaramaee (Estland \/ Team Intermarche Wanty Gobert) pictured during 76th La Vuelta ciclista a Espana (2.UWT) stage 3 from Santo Domingo de Silos to Picon Blanco (202.8KM) - photo Luis Gomez\/Cor Vos \u00a9 2021"},{"@type":"WebSite","@id":"https:\/\/www.welovecycling.com\/ee\/#website","url":"https:\/\/www.welovecycling.com\/ee\/","name":"\u0160koda We Love Cycling - Estonia","description":"","potentialAction":[{"@type":"SearchAction","target":{"@type":"EntryPoint","urlTemplate":"https:\/\/www.welovecycling.com\/ee\/?s={search_term_string}"},"query-input":{"@type":"PropertyValueSpecification","valueRequired":true,"valueName":"search_term_string"}}],"inLanguage":"et"},{"@type":"Person","@id":"https:\/\/www.welovecycling.com\/ee\/#\/schema\/person\/6969dabcb933c60a22a024886fc5dfb3","name":"karit","image":{"@type":"ImageObject","inLanguage":"et","@id":"https:\/\/www.welovecycling.com\/ee\/#\/schema\/person\/image\/","url":"https:\/\/secure.gravatar.com\/avatar\/5c6089f08f3aa4ecae4cfe6c342986b6f1785322192708cff03ffe36d607957c?s=96&d=mm&r=g","contentUrl":"https:\/\/secure.gravatar.com\/avatar\/5c6089f08f3aa4ecae4cfe6c342986b6f1785322192708cff03ffe36d607957c?s=96&d=mm&r=g","caption":"karit"},"url":"https:\/\/www.welovecycling.com\/ee\/author\/karit\/"}]}},"_links":{"self":[{"href":"https:\/\/www.welovecycling.com\/ee\/wp-json\/wp\/v2\/posts\/460","targetHints":{"allow":["GET"]}}],"collection":[{"href":"https:\/\/www.welovecycling.com\/ee\/wp-json\/wp\/v2\/posts"}],"about":[{"href":"https:\/\/www.welovecycling.com\/ee\/wp-json\/wp\/v2\/types\/post"}],"author":[{"embeddable":true,"href":"https:\/\/www.welovecycling.com\/ee\/wp-json\/wp\/v2\/users\/143"}],"replies":[{"embeddable":true,"href":"https:\/\/www.welovecycling.com\/ee\/wp-json\/wp\/v2\/comments?post=460"}],"version-history":[{"count":1,"href":"https:\/\/www.welovecycling.com\/ee\/wp-json\/wp\/v2\/posts\/460\/revisions"}],"predecessor-version":[{"id":462,"href":"https:\/\/www.welovecycling.com\/ee\/wp-json\/wp\/v2\/posts\/460\/revisions\/462"}],"wp:featuredmedia":[{"embeddable":true,"href":"https:\/\/www.welovecycling.com\/ee\/wp-json\/wp\/v2\/media\/461"}],"wp:attachment":[{"href":"https:\/\/www.welovecycling.com\/ee\/wp-json\/wp\/v2\/media?parent=460"}],"wp:term":[{"taxonomy":"category","embeddable":true,"href":"https:\/\/www.welovecycling.com\/ee\/wp-json\/wp\/v2\/categories?post=460"},{"taxonomy":"post_tag","embeddable":true,"href":"https:\/\/www.welovecycling.com\/ee\/wp-json\/wp\/v2\/tags?post=460"},{"taxonomy":"global-categories","embeddable":true,"href":"https:\/\/www.welovecycling.com\/ee\/wp-json\/wp\/v2\/global-categories?post=460"}],"curies":[{"name":"wp","href":"https:\/\/api.w.org\/{rel}","templated":true}]}}