{"id":452,"date":"2021-08-12T09:04:09","date_gmt":"2021-08-12T09:04:09","guid":{"rendered":"https:\/\/www.welovecycling.com\/ee\/?p=452"},"modified":"2021-08-12T09:05:30","modified_gmt":"2021-08-12T09:05:30","slug":"kuidas-tekitada-oma-lapses-huvi-jalgrattaga-kooli-soitmise-vastu","status":"publish","type":"post","link":"https:\/\/www.welovecycling.com\/ee\/2021\/08\/12\/kuidas-tekitada-oma-lapses-huvi-jalgrattaga-kooli-soitmise-vastu\/","title":{"rendered":"Kuidas tekitada oma lapses huvi jalgrattaga kooli s\u00f5itmise vastu?"},"content":{"rendered":"<p><strong>Kool on kohe algamas ning p\u00e4rast v\u00e4ga kummalist aastat v\u00f5ib kindlalt \u00f6elda, et paljud lapsed ja ka vanemad ootavad pikisilmi etteaimatava rutiini naasmist. P\u00e4rast kogu pandeemiast p\u00f5hjustatud kaost ja ebakindlust pakub see aasta ideaalset v\u00f5imalust uute harjumuste juurutamiseks ning tervisliku ja j\u00e4tkusuutliku eluviisi kujundamiseks, naastes \u201euue normaalsuse\u201d juurde.<\/strong><\/p>\n<p>Olenemata sellest, kas tegelete h\u00fcbriid\u00f5ppega v\u00f5i naasete klassis \u00f5ppimise juurde, pakub lapse julgustamine jalgrattaga kooli s\u00f5itma palju eeliseid. See on v\u00e4ga tore viis aidata neil \u00f5ppida tundma kohalikku piirkonda ja treenida jalgu m\u00f5ne t\u00e4iendava kilomeetriga (et nad on oleksid <a href=\"https:\/\/www.welovecycling.com\/wide\/2020\/12\/30\/a-short-summary-of-mental-and-physical-health-benefits-of-cycling\/\">vaimselt ja f\u00fc\u00fcsiliselt valmis <\/a><a href=\"https:\/\/www.welovecycling.com\/wide\/2021\/02\/12\/bikepacking-tips-bikepacking-with-kids-dos-and-donts\/\">pikemateks n\u00e4dalavahetusteks).<\/a><\/p>\n<p>Tuleb \u00f6elda, et mitte k\u00f5ik ei haara kinni ratta selga h\u00fcppamise v\u00f5imalusest ja m\u00f5nikord on laste \u00e4ratamine rattaga kooli s\u00f5itmise v\u00e4ljavaate p\u00e4rast raske. \u00d5nneks on jalgratastega s\u00f5itvate noorte arv kasvamas ning kooli- ja <a href=\"https:\/\/www.welovecycling.com\/wide\/2020\/12\/04\/5-ways-the-cycling-community-came-together-in-2020\/\">kogukonnap\u00f5histest algatustest ja klubidest<\/a> saate t\u00f5en\u00e4oliselt kogu vajaliku toe, et veenda neid ennast proovile panema.<\/p>\n<p>Niisiis, kui olete huvitatud propageerima oma lastele aktiivse eluviisi, mis \u00f5petab neile iseseisvust ning muudab nad samas turvatundega ja vastutustundlikeks noorteks, siis on siin toodud m\u00f5ned n\u00e4pun\u00e4ited, kuidas tekitada neis huvi jalgrattaga kooli s\u00f5itmise vastu!<\/p>\n<p><a href=\"https:\/\/d2p6e6u75xmxt8.cloudfront.net\/15\/2021\/08\/Kids-cycling-profimedia-0621496820.jpg\"><img loading=\"lazy\" decoding=\"async\" class=\"alignnone size-full wp-image-454\" src=\"https:\/\/d2p6e6u75xmxt8.cloudfront.net\/15\/2021\/08\/Kids-cycling-profimedia-0621496820.jpg\" alt=\"\" width=\"1000\" height=\"674\" srcset=\"https:\/\/d2p6e6u75xmxt8.cloudfront.net\/15\/2021\/08\/Kids-cycling-profimedia-0621496820.jpg 1000w, https:\/\/d2p6e6u75xmxt8.cloudfront.net\/15\/2021\/08\/Kids-cycling-profimedia-0621496820-300x202.jpg 300w, https:\/\/d2p6e6u75xmxt8.cloudfront.net\/15\/2021\/08\/Kids-cycling-profimedia-0621496820-768x518.jpg 768w, https:\/\/d2p6e6u75xmxt8.cloudfront.net\/15\/2021\/08\/Kids-cycling-profimedia-0621496820-272x182.jpg 272w\" sizes=\"auto, (max-width: 1000px) 100vw, 1000px\" \/><\/a><\/p>\n<h2><strong>Hinnake olukorda<\/strong><\/h2>\n<p>Parim viis panna noort ratturit end kooli s\u00f5ites enesekindlalt tundma, on see, kui ta teab t\u00e4pselt, mida oodata. Esiteks veenduge, et tegemist on m\u00f5istliku teekonnaga (pikkus, t\u00f5usud, teerajad jne), enne kui hakkate lastelt uurima, kas nad on rattaga koolis\u00f5idust huvitatud.<\/p>\n<p>L\u00e4bige teekond ise ajal, mil teie laps seda teeks, ja p\u00f6\u00f6rake erilist t\u00e4helepanu liiklusele, mitu ristmikku tuleb \u00fcletada jmt. \u00dcldiselt peaks nooremate lastega kooli s\u00f5ites olema kaasas vanem v\u00f5i hoidja, kui kool ei asu just m\u00f5ne minuti kaugusel. Enamikul vanematest lastest on umbes kaheksa- v\u00f5i \u00fcheksa-aastaselt olemas vajalikud oskused iseseisvaks rattas\u00f5iduks. Muidugi s\u00f5ltub see ka laste enesekindlusest ja v\u00f5imetest. Samuti tuleks arvesse v\u00f5tta k\u00f5iki \u00fclaltoodud tegureid.<\/p>\n<p>Kui olete v\u00e4lja selgitanud, et teie laps saab kooli s\u00f5ita m\u00f6\u00f6da turvalist ja juurdep\u00e4\u00e4setavat teed, on aeg astuda j\u00e4rgmised sammud!<\/p>\n<p>&nbsp;<\/p>\n<h2><strong>P\u00f6\u00f6rduge kooli poole<\/strong><\/h2>\n<p>Paljudes riikides on valitsuse poolt rahastatud algatusi, mis julgustavad lapsi jalgrattaga s\u00f5itma, ja selle kohta saate teavet oma lapse koolist. Lisaks on paljudel koolidel spetsiifilised andmebaasid, mille eesm\u00e4rk on jagada teavet kooliteede kohta. M\u00f5ned koolid v\u00f5ivad isegi suunata teiste perede juurde, kes otsivad \u00fchiss\u00f5iduks teisi jalgrattas\u00f5pru. Ehk on mingeid programme, millega saate liituda \u2013 see annab teile ja teie lapsele meelerahu ning t\u00e4hendab t\u00f5en\u00e4oliselt, et lapsel on s\u00f5ber v\u00f5i kaks, kellega koos s\u00f5ita.<\/p>\n<h2><strong>Valige \u00f5ige k\u00e4ik ja harjutage ohutust<\/strong><\/h2>\n<p>Loomulikult soovite enne lapse jalgrattaga kooli saatmist veenduda, et teie laps saab liikluseeskirjadest h\u00e4sti aru. M\u00f5ningaid ohutuse p\u00f5hit\u00f5desid saate vaadata\u00a0<a href=\"https:\/\/www.welovecycling.com\/wide\/safety\/\">siit<\/a>. Lisaks on oluline, et nad oskaksid mugavalt kasutada kogu vajalikku uut varustust. Paljudele noortele v\u00f5ib kooli s\u00f5itmine olla esimene kord, kui nad peavad jalgrattalukku kasutama. Veenduge, et ostate vastupidava luku, mis on samas selline, mida laps saab h\u00f5lpsasti k\u00e4sitseda. R\u00e4\u00e4kige lastega jalgratta omamise vastutusest ja veenduge, et nad tunnevad end t\u00e4iesti vabalt lukku v\u00f5i teisi <a href=\"https:\/\/www.welovecycling.com\/wide\/2021\/02\/15\/cool-bike-accessories-for-2021\/\">jalgrattatarvikuid<\/a>\u00a0(tuled ja kell) iseseisvalt kasutades. Te ei soovi kindlasti olukorda stressirohkemaks muuta.<\/p>\n<h2><strong>Kaaluge \u00fchiss\u00f5itu<\/strong><\/h2>\n<p>Kui teie laps on valmis s\u00f5itma, kuid ei taha seda \u00fcksi teha, tuleb teisi v\u00f5imalusi uurida. Kui te ei saa lastega iga p\u00e4ev koos s\u00f5ita, proovige teiste naabruses asuvate vanemate v\u00f5i lastega koos panna kokku \u00fchiss\u00f5idu grupp. Selle koordineerimine ja k\u00e4ivitamine v\u00f5tab t\u00f5en\u00e4oliselt veidi aega, kuid sageli t\u00e4hendab see seda, et noorematel lastel on rohkem v\u00f5imalusi kooli s\u00f5ita \u2013 s\u00f5itmist j\u00e4lgib v\u00e4hemalt \u00fcks vanem.<\/p>\n<h2><strong>Keskenduge asjadele, mis lastele huvi pakuvad<\/strong><\/h2>\n<p>Lapsed k\u00f5hklevad sageli uute hobide v\u00f5i tegevuste, mis on nende arvates neile vanemate poolt peale surutud, vastuv\u00f5tmisel. Teile v\u00f5ib meeldida see, et jalgrattaga s\u00f5itmine parandab lapse f\u00fc\u00fcsilist vormi, kuid selline eelis v\u00f5ib teie last minimaalselt huvitada. Selle asemel keskenduge jalgrattas\u00f5idu aspektidele, mis sobivad nende isiksusega. See v\u00f5ib olla tema iseseisvuse, mille ta omandab ise kooli s\u00f5itmisel ja jalgratta eest vastutuse v\u00f5tmisel, r\u00f5hutamine. Teisest k\u00fcljest on teie laps v\u00f5ib-olla hiljuti avaldanud huvi keskkonnaprobleemide vastu ja on vastuv\u00f5tlik jalgrattas\u00f5idu <a href=\"https:\/\/www.welovecycling.com\/wide\/2021\/03\/11\/commuting-by-bicycle-for-a-day-reduces-emissions-by-half-a-ton-per-year\/\">rohelist m\u00f5ttelaadi<\/a> puudutava suhtes.<\/p>\n<h2><strong>Tehke see lihtsamaks ja \u00e4rge unustage r\u00f5\u00f5mu tundmast<\/strong><\/h2>\n<p>Kui teie laps kahtleb t\u00f5eliselt rattaga kooli s\u00f5itmise idees, siis tasub v\u00f5ib-olla oma ootusi veidi kohandada ja proovida teda iseseisvamaks muuta. V\u00f5ite alustada \u00fche p\u00e4evaga n\u00e4dalas, s\u00f5ites lapsega koos kooli ja tagasi, muutes s\u00f5itu meeldivamaks koduteel tehtavate planeeritud peatusega m\u00e4nguv\u00e4ljakutel, suupistete ostmiseks v\u00f5i s\u00f5bra k\u00fclastamiseks. \u00c4rge unustage, et te proovite lastes arendada eluaegset armastust jalgrattas\u00f5idu vastu, seega on v\u00e4ikeste sammudega selle eesm\u00e4rgi poole liikumine v\u00e4ga hea!<\/p>\n","protected":false},"excerpt":{"rendered":"<p>Kool on kohe algamas ning p\u00e4rast v\u00e4ga kummalist aastat v\u00f5ib kindlalt \u00f6elda, et paljud lapsed ja ka vanemad ootavad pikisilmi [&hellip;]<\/p>\n","protected":false},"author":143,"featured_media":453,"comment_status":"open","ping_status":"open","sticky":false,"template":"","format":"standard","meta":{"footnotes":""},"categories":[9,43,8],"tags":[],"global-categories":[22],"class_list":["post-452","post","type-post","status-publish","format-standard","has-post-thumbnail","hentry","category-perekond","category-tervis-trenn","category-turvalisus","global-categories-cycling"],"yoast_head":"<!-- This site is optimized with the Yoast SEO Premium plugin v25.3 (Yoast SEO v25.9) - https:\/\/yoast.com\/wordpress\/plugins\/seo\/ -->\n<title>Kuidas tekitada oma lapses huvi jalgrattaga kooli s\u00f5itmise vastu? - \u0160koda We Love Cycling - Estonia<\/title>\n<meta name=\"robots\" content=\"index, follow, max-snippet:-1, max-image-preview:large, max-video-preview:-1\" \/>\n<link rel=\"canonical\" href=\"https:\/\/www.welovecycling.com\/ee\/2021\/08\/12\/kuidas-tekitada-oma-lapses-huvi-jalgrattaga-kooli-soitmise-vastu\/\" \/>\n<meta property=\"og:locale\" content=\"et_EE\" \/>\n<meta property=\"og:type\" content=\"article\" \/>\n<meta property=\"og:title\" content=\"Kuidas tekitada oma lapses huvi jalgrattaga kooli s\u00f5itmise vastu?\" \/>\n<meta property=\"og:description\" content=\"Kool on kohe algamas ning p\u00e4rast v\u00e4ga kummalist aastat v\u00f5ib kindlalt \u00f6elda, et paljud lapsed ja ka vanemad ootavad pikisilmi [&hellip;]\" \/>\n<meta property=\"og:url\" content=\"https:\/\/www.welovecycling.com\/ee\/2021\/08\/12\/kuidas-tekitada-oma-lapses-huvi-jalgrattaga-kooli-soitmise-vastu\/\" \/>\n<meta property=\"og:site_name\" content=\"\u0160koda We Love Cycling - Estonia\" \/>\n<meta property=\"article:published_time\" content=\"2021-08-12T09:04:09+00:00\" \/>\n<meta property=\"article:modified_time\" content=\"2021-08-12T09:05:30+00:00\" \/>\n<meta property=\"og:image\" content=\"https:\/\/d2p6e6u75xmxt8.cloudfront.net\/15\/2021\/08\/Family-cycling-profimedia-0624647728.jpg\" \/>\n\t<meta property=\"og:image:width\" content=\"1000\" \/>\n\t<meta property=\"og:image:height\" content=\"666\" \/>\n\t<meta property=\"og:image:type\" content=\"image\/jpeg\" \/>\n<meta name=\"author\" content=\"karit\" \/>\n<meta name=\"twitter:card\" content=\"summary_large_image\" \/>\n<meta name=\"twitter:label1\" content=\"Written by\" \/>\n\t<meta name=\"twitter:data1\" content=\"Megan Flottorp\" \/>\n\t<meta name=\"twitter:label2\" content=\"Est. reading time\" \/>\n\t<meta name=\"twitter:data2\" content=\"4 minutes\" \/>\n<script type=\"application\/ld+json\" class=\"yoast-schema-graph\">{\"@context\":\"https:\/\/schema.org\",\"@graph\":[{\"@type\":\"WebPage\",\"@id\":\"https:\/\/www.welovecycling.com\/ee\/2021\/08\/12\/kuidas-tekitada-oma-lapses-huvi-jalgrattaga-kooli-soitmise-vastu\/\",\"url\":\"https:\/\/www.welovecycling.com\/ee\/2021\/08\/12\/kuidas-tekitada-oma-lapses-huvi-jalgrattaga-kooli-soitmise-vastu\/\",\"name\":\"Kuidas tekitada oma lapses huvi jalgrattaga kooli s\u00f5itmise vastu? - \u0160koda We Love Cycling - Estonia\",\"isPartOf\":{\"@id\":\"https:\/\/www.welovecycling.com\/ee\/#website\"},\"primaryImageOfPage\":{\"@id\":\"https:\/\/www.welovecycling.com\/ee\/2021\/08\/12\/kuidas-tekitada-oma-lapses-huvi-jalgrattaga-kooli-soitmise-vastu\/#primaryimage\"},\"image\":{\"@id\":\"https:\/\/www.welovecycling.com\/ee\/2021\/08\/12\/kuidas-tekitada-oma-lapses-huvi-jalgrattaga-kooli-soitmise-vastu\/#primaryimage\"},\"thumbnailUrl\":\"https:\/\/d2p6e6u75xmxt8.cloudfront.net\/15\/2021\/08\/Family-cycling-profimedia-0624647728.jpg\",\"datePublished\":\"2021-08-12T09:04:09+00:00\",\"dateModified\":\"2021-08-12T09:05:30+00:00\",\"author\":{\"@id\":\"https:\/\/www.welovecycling.com\/ee\/#\/schema\/person\/6969dabcb933c60a22a024886fc5dfb3\"},\"inLanguage\":\"et\",\"potentialAction\":[{\"@type\":\"ReadAction\",\"target\":[\"https:\/\/www.welovecycling.com\/ee\/2021\/08\/12\/kuidas-tekitada-oma-lapses-huvi-jalgrattaga-kooli-soitmise-vastu\/\"]}]},{\"@type\":\"ImageObject\",\"inLanguage\":\"et\",\"@id\":\"https:\/\/www.welovecycling.com\/ee\/2021\/08\/12\/kuidas-tekitada-oma-lapses-huvi-jalgrattaga-kooli-soitmise-vastu\/#primaryimage\",\"url\":\"https:\/\/d2p6e6u75xmxt8.cloudfront.net\/15\/2021\/08\/Family-cycling-profimedia-0624647728.jpg\",\"contentUrl\":\"https:\/\/d2p6e6u75xmxt8.cloudfront.net\/15\/2021\/08\/Family-cycling-profimedia-0624647728.jpg\",\"width\":1000,\"height\":666},{\"@type\":\"WebSite\",\"@id\":\"https:\/\/www.welovecycling.com\/ee\/#website\",\"url\":\"https:\/\/www.welovecycling.com\/ee\/\",\"name\":\"\u0160koda We Love Cycling - Estonia\",\"description\":\"\",\"potentialAction\":[{\"@type\":\"SearchAction\",\"target\":{\"@type\":\"EntryPoint\",\"urlTemplate\":\"https:\/\/www.welovecycling.com\/ee\/?s={search_term_string}\"},\"query-input\":{\"@type\":\"PropertyValueSpecification\",\"valueRequired\":true,\"valueName\":\"search_term_string\"}}],\"inLanguage\":\"et\"},{\"@type\":\"Person\",\"@id\":\"https:\/\/www.welovecycling.com\/ee\/#\/schema\/person\/6969dabcb933c60a22a024886fc5dfb3\",\"name\":\"karit\",\"image\":{\"@type\":\"ImageObject\",\"inLanguage\":\"et\",\"@id\":\"https:\/\/www.welovecycling.com\/ee\/#\/schema\/person\/image\/\",\"url\":\"https:\/\/secure.gravatar.com\/avatar\/5c6089f08f3aa4ecae4cfe6c342986b6f1785322192708cff03ffe36d607957c?s=96&d=mm&r=g\",\"contentUrl\":\"https:\/\/secure.gravatar.com\/avatar\/5c6089f08f3aa4ecae4cfe6c342986b6f1785322192708cff03ffe36d607957c?s=96&d=mm&r=g\",\"caption\":\"karit\"},\"url\":\"https:\/\/www.welovecycling.com\/ee\/author\/karit\/\"}]}<\/script>\n<!-- \/ Yoast SEO Premium plugin. -->","yoast_head_json":{"title":"Kuidas tekitada oma lapses huvi jalgrattaga kooli s\u00f5itmise vastu? - \u0160koda We Love Cycling - Estonia","robots":{"index":"index","follow":"follow","max-snippet":"max-snippet:-1","max-image-preview":"max-image-preview:large","max-video-preview":"max-video-preview:-1"},"canonical":"https:\/\/www.welovecycling.com\/ee\/2021\/08\/12\/kuidas-tekitada-oma-lapses-huvi-jalgrattaga-kooli-soitmise-vastu\/","og_locale":"et_EE","og_type":"article","og_title":"Kuidas tekitada oma lapses huvi jalgrattaga kooli s\u00f5itmise vastu?","og_description":"Kool on kohe algamas ning p\u00e4rast v\u00e4ga kummalist aastat v\u00f5ib kindlalt \u00f6elda, et paljud lapsed ja ka vanemad ootavad pikisilmi [&hellip;]","og_url":"https:\/\/www.welovecycling.com\/ee\/2021\/08\/12\/kuidas-tekitada-oma-lapses-huvi-jalgrattaga-kooli-soitmise-vastu\/","og_site_name":"\u0160koda We Love Cycling - Estonia","article_published_time":"2021-08-12T09:04:09+00:00","article_modified_time":"2021-08-12T09:05:30+00:00","og_image":[{"width":1000,"height":666,"url":"https:\/\/d2p6e6u75xmxt8.cloudfront.net\/15\/2021\/08\/Family-cycling-profimedia-0624647728.jpg","type":"image\/jpeg"}],"author":"karit","twitter_card":"summary_large_image","twitter_misc":{"Written by":"Megan Flottorp","Est. reading time":"4 minutes"},"schema":{"@context":"https:\/\/schema.org","@graph":[{"@type":"WebPage","@id":"https:\/\/www.welovecycling.com\/ee\/2021\/08\/12\/kuidas-tekitada-oma-lapses-huvi-jalgrattaga-kooli-soitmise-vastu\/","url":"https:\/\/www.welovecycling.com\/ee\/2021\/08\/12\/kuidas-tekitada-oma-lapses-huvi-jalgrattaga-kooli-soitmise-vastu\/","name":"Kuidas tekitada oma lapses huvi jalgrattaga kooli s\u00f5itmise vastu? - \u0160koda We Love Cycling - Estonia","isPartOf":{"@id":"https:\/\/www.welovecycling.com\/ee\/#website"},"primaryImageOfPage":{"@id":"https:\/\/www.welovecycling.com\/ee\/2021\/08\/12\/kuidas-tekitada-oma-lapses-huvi-jalgrattaga-kooli-soitmise-vastu\/#primaryimage"},"image":{"@id":"https:\/\/www.welovecycling.com\/ee\/2021\/08\/12\/kuidas-tekitada-oma-lapses-huvi-jalgrattaga-kooli-soitmise-vastu\/#primaryimage"},"thumbnailUrl":"https:\/\/d2p6e6u75xmxt8.cloudfront.net\/15\/2021\/08\/Family-cycling-profimedia-0624647728.jpg","datePublished":"2021-08-12T09:04:09+00:00","dateModified":"2021-08-12T09:05:30+00:00","author":{"@id":"https:\/\/www.welovecycling.com\/ee\/#\/schema\/person\/6969dabcb933c60a22a024886fc5dfb3"},"inLanguage":"et","potentialAction":[{"@type":"ReadAction","target":["https:\/\/www.welovecycling.com\/ee\/2021\/08\/12\/kuidas-tekitada-oma-lapses-huvi-jalgrattaga-kooli-soitmise-vastu\/"]}]},{"@type":"ImageObject","inLanguage":"et","@id":"https:\/\/www.welovecycling.com\/ee\/2021\/08\/12\/kuidas-tekitada-oma-lapses-huvi-jalgrattaga-kooli-soitmise-vastu\/#primaryimage","url":"https:\/\/d2p6e6u75xmxt8.cloudfront.net\/15\/2021\/08\/Family-cycling-profimedia-0624647728.jpg","contentUrl":"https:\/\/d2p6e6u75xmxt8.cloudfront.net\/15\/2021\/08\/Family-cycling-profimedia-0624647728.jpg","width":1000,"height":666},{"@type":"WebSite","@id":"https:\/\/www.welovecycling.com\/ee\/#website","url":"https:\/\/www.welovecycling.com\/ee\/","name":"\u0160koda We Love Cycling - Estonia","description":"","potentialAction":[{"@type":"SearchAction","target":{"@type":"EntryPoint","urlTemplate":"https:\/\/www.welovecycling.com\/ee\/?s={search_term_string}"},"query-input":{"@type":"PropertyValueSpecification","valueRequired":true,"valueName":"search_term_string"}}],"inLanguage":"et"},{"@type":"Person","@id":"https:\/\/www.welovecycling.com\/ee\/#\/schema\/person\/6969dabcb933c60a22a024886fc5dfb3","name":"karit","image":{"@type":"ImageObject","inLanguage":"et","@id":"https:\/\/www.welovecycling.com\/ee\/#\/schema\/person\/image\/","url":"https:\/\/secure.gravatar.com\/avatar\/5c6089f08f3aa4ecae4cfe6c342986b6f1785322192708cff03ffe36d607957c?s=96&d=mm&r=g","contentUrl":"https:\/\/secure.gravatar.com\/avatar\/5c6089f08f3aa4ecae4cfe6c342986b6f1785322192708cff03ffe36d607957c?s=96&d=mm&r=g","caption":"karit"},"url":"https:\/\/www.welovecycling.com\/ee\/author\/karit\/"}]}},"_links":{"self":[{"href":"https:\/\/www.welovecycling.com\/ee\/wp-json\/wp\/v2\/posts\/452","targetHints":{"allow":["GET"]}}],"collection":[{"href":"https:\/\/www.welovecycling.com\/ee\/wp-json\/wp\/v2\/posts"}],"about":[{"href":"https:\/\/www.welovecycling.com\/ee\/wp-json\/wp\/v2\/types\/post"}],"author":[{"embeddable":true,"href":"https:\/\/www.welovecycling.com\/ee\/wp-json\/wp\/v2\/users\/143"}],"replies":[{"embeddable":true,"href":"https:\/\/www.welovecycling.com\/ee\/wp-json\/wp\/v2\/comments?post=452"}],"version-history":[{"count":2,"href":"https:\/\/www.welovecycling.com\/ee\/wp-json\/wp\/v2\/posts\/452\/revisions"}],"predecessor-version":[{"id":458,"href":"https:\/\/www.welovecycling.com\/ee\/wp-json\/wp\/v2\/posts\/452\/revisions\/458"}],"wp:featuredmedia":[{"embeddable":true,"href":"https:\/\/www.welovecycling.com\/ee\/wp-json\/wp\/v2\/media\/453"}],"wp:attachment":[{"href":"https:\/\/www.welovecycling.com\/ee\/wp-json\/wp\/v2\/media?parent=452"}],"wp:term":[{"taxonomy":"category","embeddable":true,"href":"https:\/\/www.welovecycling.com\/ee\/wp-json\/wp\/v2\/categories?post=452"},{"taxonomy":"post_tag","embeddable":true,"href":"https:\/\/www.welovecycling.com\/ee\/wp-json\/wp\/v2\/tags?post=452"},{"taxonomy":"global-categories","embeddable":true,"href":"https:\/\/www.welovecycling.com\/ee\/wp-json\/wp\/v2\/global-categories?post=452"}],"curies":[{"name":"wp","href":"https:\/\/api.w.org\/{rel}","templated":true}]}}