{"id":448,"date":"2021-08-10T06:53:57","date_gmt":"2021-08-10T06:53:57","guid":{"rendered":"https:\/\/www.welovecycling.com\/ee\/?p=448"},"modified":"2021-08-10T06:55:20","modified_gmt":"2021-08-10T06:55:20","slug":"balti-keti-velotuur-saab-toimuma-luhendatud-versioonis","status":"publish","type":"post","link":"https:\/\/www.welovecycling.com\/ee\/2021\/08\/10\/balti-keti-velotuur-saab-toimuma-luhendatud-versioonis\/","title":{"rendered":"Balti Keti velotuur saab toimuma l\u00fchendatud versioonis"},"content":{"rendered":"<div class=\"site-article__body\">\n<p>Teist aastat j\u00e4rjest v\u00e4ltab Balti Keti velotuur kolm p\u00e4eva. T\u00e4navu on UCI 2.2 kategooria mitmep\u00e4evas\u00f5idu toimumisajaks 20.-22. august. Kaks etappi kulgevad Eesti ja \u00fcks etapp valdavas osas L\u00e4ti pinnal. Velotuur algab Tallinnast ning l\u00f5peb Valgas.<\/p>\n<p>Peakorraldaja Allar T\u00f5nissaare s\u00f5nul on seekordseks uuenduseks v\u00f5istluste eel\u00f5htul Tallinnas Botaanikaaias toimuv meeskondade esitlus. \u201eSee peaks kujunema meeleolukaks sissejuhatuseks. V\u00e4lismaalt saabuvad tiimid saavad \u00fclevaate Eestimaa kaunist ja mitmekesisest loodusest, rattahuvilised n\u00e4evad samas kirevat v\u00f5istlejate seltskonda. Loodame stardis n\u00e4ha kuni 30 meeskonda, neist suurem osa tuleb v\u00e4ljastpoolt Baltikumi,\u201c lubab T\u00f5nissaar.<\/p>\n<p>Hetkel on osalemist kinnitanud 29 tiimi, teiste hulgas Eesti grupis\u00f5idumeistri Mihkel R\u00e4ime koduklubi Mazowsze Serce Polski, Rait \u00c4rmi t\u00f6\u00f6andja Groupama-FDJ ja meie enda kodune kontinentaalmeeskond Ampler Development Team. Mitmeid tiime on oodata Saksamaalt, Prantsusmaalt ja Belgiast. \u201eTase t\u00f5otab tulla k\u00f5rge ja \u00e4\u00e4rmiselt \u00fchtlane, millega kaasneb haarav ning ettearvamatu v\u00f5istluse kulg. Seda rattahuvilised kindlasti ootavad,\u201c usub T\u00f5nissaar. Stardis saab olema ka Eesti rahvuskoondis.<\/p>\n<p>Balti Keti velotuuri laiendatud programmi mahuvad t\u00e4navu mitmed \u00fcritused, mis m\u00f5eldud noortele ja harrastajatele. Kutsume k\u00f5iki kaasa elama v\u00f5i m\u00f5nel muul moel osa saama:<\/p>\n<ul>\n<li>TTP Noortetuurist (18.-20. august, Tallinnas)<\/li>\n<li>Lauri Ausi m\u00e4lestusv\u00f5istlusest (20. august, Tallinnas)<\/li>\n<li>\u00dclenurme rattap\u00e4evast (21. august, Tartu l\u00e4histel \u00dclenurmes)<\/li>\n<\/ul>\n<p>21. augustil toimuval \u00dclenurme rattap\u00e4eval on \u00fcritusi kogu perele, alates \u201ekommipommi\u201c laste s\u00f5itudest, 12-16 aastastele toimuvad t\u00e4navas\u00f5idud ning harrastajatele rattaralli. Nostalgiahuvilistele leidus kavas koht ka Matka &amp; Retro s\u00f5idule. Balti Keti velotuuri 2. etapile antakse start kell 14:00<\/p>\n<p>Augusti eelviimane n\u00e4dalavahetus t\u00f5otab Eestis tulla t\u00f5eline rattapidu!<\/p>\n<p><em>Kunagise Balti velotuuri j\u00e4rjepidevuse kandja \u2013 Balti Keti velotuur, taaselustati 2011. aastal. Alates 2012. aastast on mitmep\u00e4evas\u00f5it kuulunud rahvusvahelise jalgratturite liidu (UCI) kalendrisse. 2014. aastal v\u00f5itis velotuuri k\u00e4esoleval Tour de France\u2019il kollases liidris\u00e4rgis s\u00f5itnud Mathieu van der Poel.<\/em><\/p>\n<p><em>Balti Keti velotuur aitab elus hoida m\u00e4rgilise poliitilise s\u00fcndmuse \u2013 1989. aasta Balti Keti \u2013 m\u00e4letamise vajalikkust. Velotuuril on aastate jooksul v\u00f5istelnud enam kui 700 v\u00e4lismaalast, igast maailma nurgast, kes on t\u00e4nu tuuril osalemise saanud esmase indikatsiooni Balti riikide l\u00e4hiajaloost.<\/em><\/p>\n<div class=\"site-article__body\">\n<div class=\"site-article__body\">\n<p>Balti Keti velotuuri korraldajate ambitsioon on aasta\u2013aastalt kategooriat t\u00f5sta ning arendada velotuur k\u00f5rgeima v\u00f5imaliku tasemeni ning j\u00f5uda Euroopa mainekamate suurtuuride hulka.<\/p>\n<p>Balti Keti velotuur 2020 toimub suuremalt jaolt Eesti pinnal. Viimasel etapil k\u00e4iakse L\u00e4tis kuid finisheeritakse Valga\/Valkas. Covid-19 kriisi t\u00f5ttu on 2020 aastal stardis 11 meeskonda kuna paljud riigid kukkusid eneseisolatsiooni n\u00f5uete nimekirja. Ka t\u00e4navu on tegemist Rahvusvahelise Jalgratturite Liidu (UCI) 2.2 kategooria v\u00f5istlusega.<\/p>\n<p><strong>Balti Keti velotuur 2020 etapid:<\/strong><\/p>\n<p>13.08.2020 \/ Tallinn \u2013 J\u00f5geva \/ 195km<\/p>\n<p>14.08.2020 \/ \u00dclenurme \u2013 Otep\u00e4\u00e4 \u2013 Valga \/ 174km<\/p>\n<p>15.08.2020 \/ Valga\/Valka \u2013 Smiltene \u2013 Valmiera \u2013 Valga\/Valka \/ 176km<\/p>\n<p>Kogudistants 543 km<\/p>\n<p><strong>VAATA L\u00c4HEMALT<\/strong>: <a href=\"https:\/\/balticchaintour.com\/et\/avaleht\/\">https:\/\/balticchaintour.com\/et\/avaleht\/<\/a><\/p>\n<\/div>\n<\/div>\n<\/div>\n","protected":false},"excerpt":{"rendered":"<p>Teist aastat j\u00e4rjest v\u00e4ltab Balti Keti velotuur kolm p\u00e4eva. T\u00e4navu on UCI 2.2 kategooria mitmep\u00e4evas\u00f5idu toimumisajaks 20.-22. august. Kaks etappi [&hellip;]<\/p>\n","protected":false},"author":143,"featured_media":449,"comment_status":"open","ping_status":"open","sticky":false,"template":"","format":"standard","meta":{"footnotes":""},"categories":[7,39,1],"tags":[],"global-categories":[22],"class_list":["post-448","post","type-post","status-publish","format-standard","has-post-thumbnail","hentry","category-maanteeratas","category-maanteesoit","category-uncategorized","global-categories-cycling"],"yoast_head":"<!-- This site is optimized with the Yoast SEO Premium plugin v25.3 (Yoast SEO v25.9) - https:\/\/yoast.com\/wordpress\/plugins\/seo\/ -->\n<title>Balti Keti velotuur saab toimuma l\u00fchendatud versioonis - \u0160koda We Love Cycling - Estonia<\/title>\n<meta name=\"robots\" content=\"index, follow, max-snippet:-1, max-image-preview:large, max-video-preview:-1\" \/>\n<link rel=\"canonical\" href=\"https:\/\/www.welovecycling.com\/ee\/2021\/08\/10\/balti-keti-velotuur-saab-toimuma-luhendatud-versioonis\/\" \/>\n<meta property=\"og:locale\" content=\"et_EE\" \/>\n<meta property=\"og:type\" content=\"article\" \/>\n<meta property=\"og:title\" content=\"Balti Keti velotuur saab toimuma l\u00fchendatud versioonis\" \/>\n<meta property=\"og:description\" content=\"Teist aastat j\u00e4rjest v\u00e4ltab Balti Keti velotuur kolm p\u00e4eva. T\u00e4navu on UCI 2.2 kategooria mitmep\u00e4evas\u00f5idu toimumisajaks 20.-22. august. Kaks etappi [&hellip;]\" \/>\n<meta property=\"og:url\" content=\"https:\/\/www.welovecycling.com\/ee\/2021\/08\/10\/balti-keti-velotuur-saab-toimuma-luhendatud-versioonis\/\" \/>\n<meta property=\"og:site_name\" content=\"\u0160koda We Love Cycling - Estonia\" \/>\n<meta property=\"article:published_time\" content=\"2021-08-10T06:53:57+00:00\" \/>\n<meta property=\"article:modified_time\" content=\"2021-08-10T06:55:20+00:00\" \/>\n<meta property=\"og:image\" content=\"https:\/\/d2p6e6u75xmxt8.cloudfront.net\/15\/2021\/08\/114.jpg\" \/>\n\t<meta property=\"og:image:width\" content=\"1179\" \/>\n\t<meta property=\"og:image:height\" content=\"803\" \/>\n\t<meta property=\"og:image:type\" content=\"image\/jpeg\" \/>\n<meta name=\"author\" content=\"karit\" \/>\n<meta name=\"twitter:card\" content=\"summary_large_image\" \/>\n<meta name=\"twitter:label1\" content=\"Written by\" \/>\n\t<meta name=\"twitter:data1\" content=\"Baltic Chain Tour\" \/>\n\t<meta name=\"twitter:label2\" content=\"Est. reading time\" \/>\n\t<meta name=\"twitter:data2\" content=\"2 minutes\" \/>\n<script type=\"application\/ld+json\" class=\"yoast-schema-graph\">{\"@context\":\"https:\/\/schema.org\",\"@graph\":[{\"@type\":\"WebPage\",\"@id\":\"https:\/\/www.welovecycling.com\/ee\/2021\/08\/10\/balti-keti-velotuur-saab-toimuma-luhendatud-versioonis\/\",\"url\":\"https:\/\/www.welovecycling.com\/ee\/2021\/08\/10\/balti-keti-velotuur-saab-toimuma-luhendatud-versioonis\/\",\"name\":\"Balti Keti velotuur saab toimuma l\u00fchendatud versioonis - \u0160koda We Love Cycling - Estonia\",\"isPartOf\":{\"@id\":\"https:\/\/www.welovecycling.com\/ee\/#website\"},\"primaryImageOfPage\":{\"@id\":\"https:\/\/www.welovecycling.com\/ee\/2021\/08\/10\/balti-keti-velotuur-saab-toimuma-luhendatud-versioonis\/#primaryimage\"},\"image\":{\"@id\":\"https:\/\/www.welovecycling.com\/ee\/2021\/08\/10\/balti-keti-velotuur-saab-toimuma-luhendatud-versioonis\/#primaryimage\"},\"thumbnailUrl\":\"https:\/\/d2p6e6u75xmxt8.cloudfront.net\/15\/2021\/08\/114.jpg\",\"datePublished\":\"2021-08-10T06:53:57+00:00\",\"dateModified\":\"2021-08-10T06:55:20+00:00\",\"author\":{\"@id\":\"https:\/\/www.welovecycling.com\/ee\/#\/schema\/person\/6969dabcb933c60a22a024886fc5dfb3\"},\"inLanguage\":\"et\",\"potentialAction\":[{\"@type\":\"ReadAction\",\"target\":[\"https:\/\/www.welovecycling.com\/ee\/2021\/08\/10\/balti-keti-velotuur-saab-toimuma-luhendatud-versioonis\/\"]}]},{\"@type\":\"ImageObject\",\"inLanguage\":\"et\",\"@id\":\"https:\/\/www.welovecycling.com\/ee\/2021\/08\/10\/balti-keti-velotuur-saab-toimuma-luhendatud-versioonis\/#primaryimage\",\"url\":\"https:\/\/d2p6e6u75xmxt8.cloudfront.net\/15\/2021\/08\/114.jpg\",\"contentUrl\":\"https:\/\/d2p6e6u75xmxt8.cloudfront.net\/15\/2021\/08\/114.jpg\",\"width\":1179,\"height\":803},{\"@type\":\"WebSite\",\"@id\":\"https:\/\/www.welovecycling.com\/ee\/#website\",\"url\":\"https:\/\/www.welovecycling.com\/ee\/\",\"name\":\"\u0160koda We Love Cycling - Estonia\",\"description\":\"\",\"potentialAction\":[{\"@type\":\"SearchAction\",\"target\":{\"@type\":\"EntryPoint\",\"urlTemplate\":\"https:\/\/www.welovecycling.com\/ee\/?s={search_term_string}\"},\"query-input\":{\"@type\":\"PropertyValueSpecification\",\"valueRequired\":true,\"valueName\":\"search_term_string\"}}],\"inLanguage\":\"et\"},{\"@type\":\"Person\",\"@id\":\"https:\/\/www.welovecycling.com\/ee\/#\/schema\/person\/6969dabcb933c60a22a024886fc5dfb3\",\"name\":\"karit\",\"image\":{\"@type\":\"ImageObject\",\"inLanguage\":\"et\",\"@id\":\"https:\/\/www.welovecycling.com\/ee\/#\/schema\/person\/image\/\",\"url\":\"https:\/\/secure.gravatar.com\/avatar\/5c6089f08f3aa4ecae4cfe6c342986b6f1785322192708cff03ffe36d607957c?s=96&d=mm&r=g\",\"contentUrl\":\"https:\/\/secure.gravatar.com\/avatar\/5c6089f08f3aa4ecae4cfe6c342986b6f1785322192708cff03ffe36d607957c?s=96&d=mm&r=g\",\"caption\":\"karit\"},\"url\":\"https:\/\/www.welovecycling.com\/ee\/author\/karit\/\"}]}<\/script>\n<!-- \/ Yoast SEO Premium plugin. -->","yoast_head_json":{"title":"Balti Keti velotuur saab toimuma l\u00fchendatud versioonis - \u0160koda We Love Cycling - Estonia","robots":{"index":"index","follow":"follow","max-snippet":"max-snippet:-1","max-image-preview":"max-image-preview:large","max-video-preview":"max-video-preview:-1"},"canonical":"https:\/\/www.welovecycling.com\/ee\/2021\/08\/10\/balti-keti-velotuur-saab-toimuma-luhendatud-versioonis\/","og_locale":"et_EE","og_type":"article","og_title":"Balti Keti velotuur saab toimuma l\u00fchendatud versioonis","og_description":"Teist aastat j\u00e4rjest v\u00e4ltab Balti Keti velotuur kolm p\u00e4eva. T\u00e4navu on UCI 2.2 kategooria mitmep\u00e4evas\u00f5idu toimumisajaks 20.-22. august. Kaks etappi [&hellip;]","og_url":"https:\/\/www.welovecycling.com\/ee\/2021\/08\/10\/balti-keti-velotuur-saab-toimuma-luhendatud-versioonis\/","og_site_name":"\u0160koda We Love Cycling - Estonia","article_published_time":"2021-08-10T06:53:57+00:00","article_modified_time":"2021-08-10T06:55:20+00:00","og_image":[{"width":1179,"height":803,"url":"https:\/\/d2p6e6u75xmxt8.cloudfront.net\/15\/2021\/08\/114.jpg","type":"image\/jpeg"}],"author":"karit","twitter_card":"summary_large_image","twitter_misc":{"Written by":"Baltic Chain Tour","Est. reading time":"2 minutes"},"schema":{"@context":"https:\/\/schema.org","@graph":[{"@type":"WebPage","@id":"https:\/\/www.welovecycling.com\/ee\/2021\/08\/10\/balti-keti-velotuur-saab-toimuma-luhendatud-versioonis\/","url":"https:\/\/www.welovecycling.com\/ee\/2021\/08\/10\/balti-keti-velotuur-saab-toimuma-luhendatud-versioonis\/","name":"Balti Keti velotuur saab toimuma l\u00fchendatud versioonis - \u0160koda We Love Cycling - Estonia","isPartOf":{"@id":"https:\/\/www.welovecycling.com\/ee\/#website"},"primaryImageOfPage":{"@id":"https:\/\/www.welovecycling.com\/ee\/2021\/08\/10\/balti-keti-velotuur-saab-toimuma-luhendatud-versioonis\/#primaryimage"},"image":{"@id":"https:\/\/www.welovecycling.com\/ee\/2021\/08\/10\/balti-keti-velotuur-saab-toimuma-luhendatud-versioonis\/#primaryimage"},"thumbnailUrl":"https:\/\/d2p6e6u75xmxt8.cloudfront.net\/15\/2021\/08\/114.jpg","datePublished":"2021-08-10T06:53:57+00:00","dateModified":"2021-08-10T06:55:20+00:00","author":{"@id":"https:\/\/www.welovecycling.com\/ee\/#\/schema\/person\/6969dabcb933c60a22a024886fc5dfb3"},"inLanguage":"et","potentialAction":[{"@type":"ReadAction","target":["https:\/\/www.welovecycling.com\/ee\/2021\/08\/10\/balti-keti-velotuur-saab-toimuma-luhendatud-versioonis\/"]}]},{"@type":"ImageObject","inLanguage":"et","@id":"https:\/\/www.welovecycling.com\/ee\/2021\/08\/10\/balti-keti-velotuur-saab-toimuma-luhendatud-versioonis\/#primaryimage","url":"https:\/\/d2p6e6u75xmxt8.cloudfront.net\/15\/2021\/08\/114.jpg","contentUrl":"https:\/\/d2p6e6u75xmxt8.cloudfront.net\/15\/2021\/08\/114.jpg","width":1179,"height":803},{"@type":"WebSite","@id":"https:\/\/www.welovecycling.com\/ee\/#website","url":"https:\/\/www.welovecycling.com\/ee\/","name":"\u0160koda We Love Cycling - Estonia","description":"","potentialAction":[{"@type":"SearchAction","target":{"@type":"EntryPoint","urlTemplate":"https:\/\/www.welovecycling.com\/ee\/?s={search_term_string}"},"query-input":{"@type":"PropertyValueSpecification","valueRequired":true,"valueName":"search_term_string"}}],"inLanguage":"et"},{"@type":"Person","@id":"https:\/\/www.welovecycling.com\/ee\/#\/schema\/person\/6969dabcb933c60a22a024886fc5dfb3","name":"karit","image":{"@type":"ImageObject","inLanguage":"et","@id":"https:\/\/www.welovecycling.com\/ee\/#\/schema\/person\/image\/","url":"https:\/\/secure.gravatar.com\/avatar\/5c6089f08f3aa4ecae4cfe6c342986b6f1785322192708cff03ffe36d607957c?s=96&d=mm&r=g","contentUrl":"https:\/\/secure.gravatar.com\/avatar\/5c6089f08f3aa4ecae4cfe6c342986b6f1785322192708cff03ffe36d607957c?s=96&d=mm&r=g","caption":"karit"},"url":"https:\/\/www.welovecycling.com\/ee\/author\/karit\/"}]}},"_links":{"self":[{"href":"https:\/\/www.welovecycling.com\/ee\/wp-json\/wp\/v2\/posts\/448","targetHints":{"allow":["GET"]}}],"collection":[{"href":"https:\/\/www.welovecycling.com\/ee\/wp-json\/wp\/v2\/posts"}],"about":[{"href":"https:\/\/www.welovecycling.com\/ee\/wp-json\/wp\/v2\/types\/post"}],"author":[{"embeddable":true,"href":"https:\/\/www.welovecycling.com\/ee\/wp-json\/wp\/v2\/users\/143"}],"replies":[{"embeddable":true,"href":"https:\/\/www.welovecycling.com\/ee\/wp-json\/wp\/v2\/comments?post=448"}],"version-history":[{"count":1,"href":"https:\/\/www.welovecycling.com\/ee\/wp-json\/wp\/v2\/posts\/448\/revisions"}],"predecessor-version":[{"id":450,"href":"https:\/\/www.welovecycling.com\/ee\/wp-json\/wp\/v2\/posts\/448\/revisions\/450"}],"wp:featuredmedia":[{"embeddable":true,"href":"https:\/\/www.welovecycling.com\/ee\/wp-json\/wp\/v2\/media\/449"}],"wp:attachment":[{"href":"https:\/\/www.welovecycling.com\/ee\/wp-json\/wp\/v2\/media?parent=448"}],"wp:term":[{"taxonomy":"category","embeddable":true,"href":"https:\/\/www.welovecycling.com\/ee\/wp-json\/wp\/v2\/categories?post=448"},{"taxonomy":"post_tag","embeddable":true,"href":"https:\/\/www.welovecycling.com\/ee\/wp-json\/wp\/v2\/tags?post=448"},{"taxonomy":"global-categories","embeddable":true,"href":"https:\/\/www.welovecycling.com\/ee\/wp-json\/wp\/v2\/global-categories?post=448"}],"curies":[{"name":"wp","href":"https:\/\/api.w.org\/{rel}","templated":true}]}}