{"id":444,"date":"2021-08-05T07:11:51","date_gmt":"2021-08-05T07:11:51","guid":{"rendered":"https:\/\/www.welovecycling.com\/ee\/?p=444"},"modified":"2021-08-05T07:16:26","modified_gmt":"2021-08-05T07:16:26","slug":"8-augustil-toimub-skoda-laagri-rakke-rattamaraton","status":"publish","type":"post","link":"https:\/\/www.welovecycling.com\/ee\/2021\/08\/05\/8-augustil-toimub-skoda-laagri-rakke-rattamaraton\/","title":{"rendered":"8. augustil toimub \u0160koda Laagri Rakke rattamaraton"},"content":{"rendered":"<p>Sel p\u00fchap\u00e4eval, 8. augustil toimub Bosch Eesti Maastikurattasarja viies etapp, \u0160koda Laagri 21. Rakke rattamaraton, kus kavas on p\u00f5his\u00f5it, poolmaraton ja lastes\u00f5idud.<\/p>\n<p>Rakkes saavad ratturid end proovile panna kolmel erineval distantsil: <strong>48 km p\u00f5his\u00f5idul<\/strong>, <strong>19 km poolmaratonil<\/strong> ning lastele on kavas erinevad distantsid vastavalt vanusele.<\/p>\n<p>Bosch Eesti Maastikurattasarja juhi ja Rakke etapi peakorraldaja Enno Eilo s\u00f5nul pakub \u0160koda Laagri 21. Rakke rattamaraton s\u00f5itjatele juba tuttavat eelmise aasta p\u00f5his\u00f5idu rada. \u201eSuuremad muudatused on raja alguses ja l\u00f5puosas ning v\u00e4ikseid muudatusi veel mitmel pool rajal. T\u00e4navu pole Rakke etapile iseloomulikku rasket ja juurikalist viimast kilomeetrit ning l\u00f5pp on kiire ja harrastusratturile meelep\u00e4rasem,\u201c iseloomustas Eilo rada. Ta lisas, et Emum\u00e4e joogipunktil t\u00e4itub 10 tegutsemisaastat, mille puhul on Emum\u00e4el kaetud s\u00fcnnip\u00e4evalaud ja kellel kuhugi kiiret pole, tasub sinna pikem peatus planeerida.<\/p>\n<p>Rakkes on kohal kogu tippude armee ning oodata on p\u00f5nevat maratoni. Liidris\u00e4rgis l\u00e4heb starti <strong>Gert J\u00f5e\u00e4\u00e4r<\/strong> (Veloplus), kes on sel hooajal kogunud 5984 punkti, 1 punkt v\u00e4hem on <strong>Martin Loo<\/strong>l (Redbike Team I) ning kolmandat kohta hoiab enda k\u00e4es hetkel <strong>Taavi Kannim\u00e4e<\/strong> (Team Antsla) 5914 punktiga.<\/p>\n<p>Naistest hoiab hetkel esikohta <strong>Janelle Uibokand<\/strong> (Sportland Bottecchia Team) 5684 punktiga, tema j\u00e4rel <strong>Merilin Metsalu<\/strong> (Hawaii Express) 5478 punktiga ja kolmandal positsioonil on <strong>Maris Kaarj\u00e4rv<\/strong> (Spordiklubi Rakke Naiskond) 5455 punktiga.<\/p>\n<p>V\u00f5istkondlikus punktiarvestuses kuulub esikolmikusse Redbike Team I, Team Antsla ja Veloplus. Naiskondlikus punktiarvestuses vastavalt Hawaii Express, Spordiklubi Rakke Naiskond ja Spordipartner Racing Girls.<\/p>\n<p>Poolmaratoni parim noormees on <strong>Riko Tammepuu<\/strong> (CFC) ja parim neiu <strong>Mairit Kaarj\u00e4rv<\/strong> (Spordiklubi Rakke Naiskond).<\/p>\n<p>Praeguse seisuga on p\u00f5his\u00f5idule kirja pannud ligi 600 osalejat ning poolmaratonile 150 ratturit.<\/p>\n<p>Bosch Eesti Maastikurattasarja meeskond palub j\u00e4lgida v\u00f5istluskeskuses distantsi hoidmist ja hoiduda suurtesse gruppidesse kogunemist. Siseruumides pesemise v\u00f5imaldamise otsusus tuleb n\u00e4dala l\u00f5pus ja vastav info on leitav <a href=\"https:\/\/www.rattamaratonid.ee\/et\/sarjast\">Bosch Eesti Maastikurattasarja<\/a> kodulehel.<\/p>\n","protected":false},"excerpt":{"rendered":"<p>Sel p\u00fchap\u00e4eval, 8. augustil toimub Bosch Eesti Maastikurattasarja viies etapp, \u0160koda Laagri 21. Rakke rattamaraton, kus kavas on p\u00f5his\u00f5it, poolmaraton [&hellip;]<\/p>\n","protected":false},"author":143,"featured_media":447,"comment_status":"open","ping_status":"open","sticky":false,"template":"","format":"standard","meta":{"footnotes":""},"categories":[7,39],"tags":[],"global-categories":[22],"class_list":["post-444","post","type-post","status-publish","format-standard","has-post-thumbnail","hentry","category-maanteeratas","category-maanteesoit","global-categories-cycling"],"yoast_head":"<!-- This site is optimized with the Yoast SEO Premium plugin v25.3 (Yoast SEO v25.9) - https:\/\/yoast.com\/wordpress\/plugins\/seo\/ -->\n<title>8. augustil toimub \u0160koda Laagri Rakke rattamaraton - \u0160koda We Love Cycling - Estonia<\/title>\n<meta name=\"robots\" content=\"index, follow, max-snippet:-1, max-image-preview:large, max-video-preview:-1\" \/>\n<link rel=\"canonical\" href=\"https:\/\/www.welovecycling.com\/ee\/2021\/08\/05\/8-augustil-toimub-skoda-laagri-rakke-rattamaraton\/\" \/>\n<meta property=\"og:locale\" content=\"et_EE\" \/>\n<meta property=\"og:type\" content=\"article\" \/>\n<meta property=\"og:title\" content=\"8. augustil toimub \u0160koda Laagri Rakke rattamaraton\" \/>\n<meta property=\"og:description\" content=\"Sel p\u00fchap\u00e4eval, 8. augustil toimub Bosch Eesti Maastikurattasarja viies etapp, \u0160koda Laagri 21. Rakke rattamaraton, kus kavas on p\u00f5his\u00f5it, poolmaraton [&hellip;]\" \/>\n<meta property=\"og:url\" content=\"https:\/\/www.welovecycling.com\/ee\/2021\/08\/05\/8-augustil-toimub-skoda-laagri-rakke-rattamaraton\/\" \/>\n<meta property=\"og:site_name\" content=\"\u0160koda We Love Cycling - Estonia\" \/>\n<meta property=\"article:published_time\" content=\"2021-08-05T07:11:51+00:00\" \/>\n<meta property=\"article:modified_time\" content=\"2021-08-05T07:16:26+00:00\" \/>\n<meta property=\"og:image\" content=\"https:\/\/d2p6e6u75xmxt8.cloudfront.net\/15\/2021\/08\/212_1093_43268893735_a95f8487cb_k.jpg\" \/>\n\t<meta property=\"og:image:width\" content=\"1620\" \/>\n\t<meta property=\"og:image:height\" content=\"1080\" \/>\n\t<meta property=\"og:image:type\" content=\"image\/jpeg\" \/>\n<meta name=\"author\" content=\"karit\" \/>\n<meta name=\"twitter:card\" content=\"summary_large_image\" \/>\n<meta name=\"twitter:label1\" content=\"Written by\" \/>\n\t<meta name=\"twitter:data1\" content=\"Eesti Jalgratturite Liit\" \/>\n\t<meta name=\"twitter:label2\" content=\"Est. reading time\" \/>\n\t<meta name=\"twitter:data2\" content=\"2 minutes\" \/>\n<script type=\"application\/ld+json\" class=\"yoast-schema-graph\">{\"@context\":\"https:\/\/schema.org\",\"@graph\":[{\"@type\":\"WebPage\",\"@id\":\"https:\/\/www.welovecycling.com\/ee\/2021\/08\/05\/8-augustil-toimub-skoda-laagri-rakke-rattamaraton\/\",\"url\":\"https:\/\/www.welovecycling.com\/ee\/2021\/08\/05\/8-augustil-toimub-skoda-laagri-rakke-rattamaraton\/\",\"name\":\"8. augustil toimub \u0160koda Laagri Rakke rattamaraton - \u0160koda We Love Cycling - Estonia\",\"isPartOf\":{\"@id\":\"https:\/\/www.welovecycling.com\/ee\/#website\"},\"primaryImageOfPage\":{\"@id\":\"https:\/\/www.welovecycling.com\/ee\/2021\/08\/05\/8-augustil-toimub-skoda-laagri-rakke-rattamaraton\/#primaryimage\"},\"image\":{\"@id\":\"https:\/\/www.welovecycling.com\/ee\/2021\/08\/05\/8-augustil-toimub-skoda-laagri-rakke-rattamaraton\/#primaryimage\"},\"thumbnailUrl\":\"https:\/\/d2p6e6u75xmxt8.cloudfront.net\/15\/2021\/08\/212_1093_43268893735_a95f8487cb_k.jpg\",\"datePublished\":\"2021-08-05T07:11:51+00:00\",\"dateModified\":\"2021-08-05T07:16:26+00:00\",\"author\":{\"@id\":\"https:\/\/www.welovecycling.com\/ee\/#\/schema\/person\/6969dabcb933c60a22a024886fc5dfb3\"},\"inLanguage\":\"et\",\"potentialAction\":[{\"@type\":\"ReadAction\",\"target\":[\"https:\/\/www.welovecycling.com\/ee\/2021\/08\/05\/8-augustil-toimub-skoda-laagri-rakke-rattamaraton\/\"]}]},{\"@type\":\"ImageObject\",\"inLanguage\":\"et\",\"@id\":\"https:\/\/www.welovecycling.com\/ee\/2021\/08\/05\/8-augustil-toimub-skoda-laagri-rakke-rattamaraton\/#primaryimage\",\"url\":\"https:\/\/d2p6e6u75xmxt8.cloudfront.net\/15\/2021\/08\/212_1093_43268893735_a95f8487cb_k.jpg\",\"contentUrl\":\"https:\/\/d2p6e6u75xmxt8.cloudfront.net\/15\/2021\/08\/212_1093_43268893735_a95f8487cb_k.jpg\",\"width\":1620,\"height\":1080},{\"@type\":\"WebSite\",\"@id\":\"https:\/\/www.welovecycling.com\/ee\/#website\",\"url\":\"https:\/\/www.welovecycling.com\/ee\/\",\"name\":\"\u0160koda We Love Cycling - Estonia\",\"description\":\"\",\"potentialAction\":[{\"@type\":\"SearchAction\",\"target\":{\"@type\":\"EntryPoint\",\"urlTemplate\":\"https:\/\/www.welovecycling.com\/ee\/?s={search_term_string}\"},\"query-input\":{\"@type\":\"PropertyValueSpecification\",\"valueRequired\":true,\"valueName\":\"search_term_string\"}}],\"inLanguage\":\"et\"},{\"@type\":\"Person\",\"@id\":\"https:\/\/www.welovecycling.com\/ee\/#\/schema\/person\/6969dabcb933c60a22a024886fc5dfb3\",\"name\":\"karit\",\"image\":{\"@type\":\"ImageObject\",\"inLanguage\":\"et\",\"@id\":\"https:\/\/www.welovecycling.com\/ee\/#\/schema\/person\/image\/\",\"url\":\"https:\/\/secure.gravatar.com\/avatar\/5c6089f08f3aa4ecae4cfe6c342986b6f1785322192708cff03ffe36d607957c?s=96&d=mm&r=g\",\"contentUrl\":\"https:\/\/secure.gravatar.com\/avatar\/5c6089f08f3aa4ecae4cfe6c342986b6f1785322192708cff03ffe36d607957c?s=96&d=mm&r=g\",\"caption\":\"karit\"},\"url\":\"https:\/\/www.welovecycling.com\/ee\/author\/karit\/\"}]}<\/script>\n<!-- \/ Yoast SEO Premium plugin. -->","yoast_head_json":{"title":"8. augustil toimub \u0160koda Laagri Rakke rattamaraton - \u0160koda We Love Cycling - Estonia","robots":{"index":"index","follow":"follow","max-snippet":"max-snippet:-1","max-image-preview":"max-image-preview:large","max-video-preview":"max-video-preview:-1"},"canonical":"https:\/\/www.welovecycling.com\/ee\/2021\/08\/05\/8-augustil-toimub-skoda-laagri-rakke-rattamaraton\/","og_locale":"et_EE","og_type":"article","og_title":"8. augustil toimub \u0160koda Laagri Rakke rattamaraton","og_description":"Sel p\u00fchap\u00e4eval, 8. augustil toimub Bosch Eesti Maastikurattasarja viies etapp, \u0160koda Laagri 21. Rakke rattamaraton, kus kavas on p\u00f5his\u00f5it, poolmaraton [&hellip;]","og_url":"https:\/\/www.welovecycling.com\/ee\/2021\/08\/05\/8-augustil-toimub-skoda-laagri-rakke-rattamaraton\/","og_site_name":"\u0160koda We Love Cycling - Estonia","article_published_time":"2021-08-05T07:11:51+00:00","article_modified_time":"2021-08-05T07:16:26+00:00","og_image":[{"width":1620,"height":1080,"url":"https:\/\/d2p6e6u75xmxt8.cloudfront.net\/15\/2021\/08\/212_1093_43268893735_a95f8487cb_k.jpg","type":"image\/jpeg"}],"author":"karit","twitter_card":"summary_large_image","twitter_misc":{"Written by":"Eesti Jalgratturite Liit","Est. reading time":"2 minutes"},"schema":{"@context":"https:\/\/schema.org","@graph":[{"@type":"WebPage","@id":"https:\/\/www.welovecycling.com\/ee\/2021\/08\/05\/8-augustil-toimub-skoda-laagri-rakke-rattamaraton\/","url":"https:\/\/www.welovecycling.com\/ee\/2021\/08\/05\/8-augustil-toimub-skoda-laagri-rakke-rattamaraton\/","name":"8. augustil toimub \u0160koda Laagri Rakke rattamaraton - \u0160koda We Love Cycling - Estonia","isPartOf":{"@id":"https:\/\/www.welovecycling.com\/ee\/#website"},"primaryImageOfPage":{"@id":"https:\/\/www.welovecycling.com\/ee\/2021\/08\/05\/8-augustil-toimub-skoda-laagri-rakke-rattamaraton\/#primaryimage"},"image":{"@id":"https:\/\/www.welovecycling.com\/ee\/2021\/08\/05\/8-augustil-toimub-skoda-laagri-rakke-rattamaraton\/#primaryimage"},"thumbnailUrl":"https:\/\/d2p6e6u75xmxt8.cloudfront.net\/15\/2021\/08\/212_1093_43268893735_a95f8487cb_k.jpg","datePublished":"2021-08-05T07:11:51+00:00","dateModified":"2021-08-05T07:16:26+00:00","author":{"@id":"https:\/\/www.welovecycling.com\/ee\/#\/schema\/person\/6969dabcb933c60a22a024886fc5dfb3"},"inLanguage":"et","potentialAction":[{"@type":"ReadAction","target":["https:\/\/www.welovecycling.com\/ee\/2021\/08\/05\/8-augustil-toimub-skoda-laagri-rakke-rattamaraton\/"]}]},{"@type":"ImageObject","inLanguage":"et","@id":"https:\/\/www.welovecycling.com\/ee\/2021\/08\/05\/8-augustil-toimub-skoda-laagri-rakke-rattamaraton\/#primaryimage","url":"https:\/\/d2p6e6u75xmxt8.cloudfront.net\/15\/2021\/08\/212_1093_43268893735_a95f8487cb_k.jpg","contentUrl":"https:\/\/d2p6e6u75xmxt8.cloudfront.net\/15\/2021\/08\/212_1093_43268893735_a95f8487cb_k.jpg","width":1620,"height":1080},{"@type":"WebSite","@id":"https:\/\/www.welovecycling.com\/ee\/#website","url":"https:\/\/www.welovecycling.com\/ee\/","name":"\u0160koda We Love Cycling - Estonia","description":"","potentialAction":[{"@type":"SearchAction","target":{"@type":"EntryPoint","urlTemplate":"https:\/\/www.welovecycling.com\/ee\/?s={search_term_string}"},"query-input":{"@type":"PropertyValueSpecification","valueRequired":true,"valueName":"search_term_string"}}],"inLanguage":"et"},{"@type":"Person","@id":"https:\/\/www.welovecycling.com\/ee\/#\/schema\/person\/6969dabcb933c60a22a024886fc5dfb3","name":"karit","image":{"@type":"ImageObject","inLanguage":"et","@id":"https:\/\/www.welovecycling.com\/ee\/#\/schema\/person\/image\/","url":"https:\/\/secure.gravatar.com\/avatar\/5c6089f08f3aa4ecae4cfe6c342986b6f1785322192708cff03ffe36d607957c?s=96&d=mm&r=g","contentUrl":"https:\/\/secure.gravatar.com\/avatar\/5c6089f08f3aa4ecae4cfe6c342986b6f1785322192708cff03ffe36d607957c?s=96&d=mm&r=g","caption":"karit"},"url":"https:\/\/www.welovecycling.com\/ee\/author\/karit\/"}]}},"_links":{"self":[{"href":"https:\/\/www.welovecycling.com\/ee\/wp-json\/wp\/v2\/posts\/444","targetHints":{"allow":["GET"]}}],"collection":[{"href":"https:\/\/www.welovecycling.com\/ee\/wp-json\/wp\/v2\/posts"}],"about":[{"href":"https:\/\/www.welovecycling.com\/ee\/wp-json\/wp\/v2\/types\/post"}],"author":[{"embeddable":true,"href":"https:\/\/www.welovecycling.com\/ee\/wp-json\/wp\/v2\/users\/143"}],"replies":[{"embeddable":true,"href":"https:\/\/www.welovecycling.com\/ee\/wp-json\/wp\/v2\/comments?post=444"}],"version-history":[{"count":1,"href":"https:\/\/www.welovecycling.com\/ee\/wp-json\/wp\/v2\/posts\/444\/revisions"}],"predecessor-version":[{"id":446,"href":"https:\/\/www.welovecycling.com\/ee\/wp-json\/wp\/v2\/posts\/444\/revisions\/446"}],"wp:featuredmedia":[{"embeddable":true,"href":"https:\/\/www.welovecycling.com\/ee\/wp-json\/wp\/v2\/media\/447"}],"wp:attachment":[{"href":"https:\/\/www.welovecycling.com\/ee\/wp-json\/wp\/v2\/media?parent=444"}],"wp:term":[{"taxonomy":"category","embeddable":true,"href":"https:\/\/www.welovecycling.com\/ee\/wp-json\/wp\/v2\/categories?post=444"},{"taxonomy":"post_tag","embeddable":true,"href":"https:\/\/www.welovecycling.com\/ee\/wp-json\/wp\/v2\/tags?post=444"},{"taxonomy":"global-categories","embeddable":true,"href":"https:\/\/www.welovecycling.com\/ee\/wp-json\/wp\/v2\/global-categories?post=444"}],"curies":[{"name":"wp","href":"https:\/\/api.w.org\/{rel}","templated":true}]}}