{"id":437,"date":"2021-07-26T10:11:41","date_gmt":"2021-07-26T10:11:41","guid":{"rendered":"https:\/\/www.welovecycling.com\/ee\/?p=437"},"modified":"2021-07-26T10:11:41","modified_gmt":"2021-07-26T10:11:41","slug":"jatkame-tootamist-kuniks-koik-on-tehtud","status":"publish","type":"post","link":"https:\/\/www.welovecycling.com\/ee\/2021\/07\/26\/jatkame-tootamist-kuniks-koik-on-tehtud\/","title":{"rendered":"J\u00e4tkame t\u00f6\u00f6tamist, kuniks k\u00f5ik on tehtud!"},"content":{"rendered":"<p>\u0160koda MAAILM<\/p>\n<p>Iga p\u00e4ev erinev asukoht, ajasurve ja kohati keerulised remondit\u00f6\u00f6d. See on \u0160koda mobiilse hooldusmeeskonna liikmete, kes hoolitsevad Tour de France&#8217;i korraldajate autode eest, igap\u00e4evane leib.<\/p>\n<p>Hooldusmeeskond hoolitseb umbes 250 auto eest. 90% nendest on \u0160kodaD, n\u00e4iteks \u0160koda ENYAQ iV, mida kasutab v\u00f5istluste juht, v\u00f5i \u0160koda OCTAVIA, OCTAVIA iV ja SUPERB iV. \u00dclej\u00e4\u00e4nud on kaubikud teistelt Volkswageni kontserni kaubam\u00e4rkidelt. Tehasehooldus ei j\u00e4ta teenindamata ka jalgrattameeskondade autosid, kuniks neil on tiibadega noole logo.<\/p>\n<p><a href=\"https:\/\/d2p6e6u75xmxt8.cloudfront.net\/15\/2021\/07\/DSC_0628.JPG-1920x1280-1.jpg\"><img loading=\"lazy\" decoding=\"async\" class=\"alignnone size-full wp-image-438\" src=\"https:\/\/d2p6e6u75xmxt8.cloudfront.net\/15\/2021\/07\/DSC_0628.JPG-1920x1280-1.jpg\" alt=\"\" width=\"1920\" height=\"1280\" srcset=\"https:\/\/d2p6e6u75xmxt8.cloudfront.net\/15\/2021\/07\/DSC_0628.JPG-1920x1280-1.jpg 1920w, https:\/\/d2p6e6u75xmxt8.cloudfront.net\/15\/2021\/07\/DSC_0628.JPG-1920x1280-1-300x200.jpg 300w, https:\/\/d2p6e6u75xmxt8.cloudfront.net\/15\/2021\/07\/DSC_0628.JPG-1920x1280-1-1024x683.jpg 1024w, https:\/\/d2p6e6u75xmxt8.cloudfront.net\/15\/2021\/07\/DSC_0628.JPG-1920x1280-1-768x512.jpg 768w, https:\/\/d2p6e6u75xmxt8.cloudfront.net\/15\/2021\/07\/DSC_0628.JPG-1920x1280-1-1536x1024.jpg 1536w, https:\/\/d2p6e6u75xmxt8.cloudfront.net\/15\/2021\/07\/DSC_0628.JPG-1920x1280-1-272x182.jpg 272w\" sizes=\"auto, (max-width: 1920px) 100vw, 1920px\" \/><\/a><em>Teenindusmeeskond: m\u00f5ned selle liikmetest on Tour de France&#8217;il t\u00f6\u00f6tanud 18 aastat.<\/em><\/p>\n<p>Mehaanikud t\u00f6\u00f6tasid hommikul kella seitsmest alates t\u00e4isv\u00f5imsusel. \u0160koda mobiilne hooldusmeeskond on juba kohal, kuid ootamatult jooksis selle juht Radovan Beran ringi, p\u00fc\u00fcdes leida arsti, kes suudaks ravida kolleegi, kellel on tekkinud ebameeldiv v\u00f6\u00f6tohatis. \u201eSee l\u00f5ppes h\u00e4sti, temaga on peatselt k\u00f5ik korras. Me vajame teda, sest ta on diagnostikatehnik, kes hoolitseb ka elektriautode eest. Tema eemale j\u00e4\u00e4mine oleks kogu hooldusteenistuse t\u00f5siselt ohtu seadnud\u201c, \u00fctles Radovan Beran kergendatult.<\/p>\n<p>See on \u00fcks paljudest probleemidest, mis tuleb lahendada \u0160koda teenindusmeeskonna juhil, kes vastutab Tour de France&#8217;i korraldajate autopargi eest \u2013 v\u00f5istluste juhi \u0160koda ENYAQ iV on nende seas uhkusega v\u00e4lja toodud. Sel aastal on ENYAQ iV v\u00f5istluste juhi Christian Prudhomme\u2019i kasutuses 21 etapist viieteisk\u00fcmnel.<\/p>\n<p><a href=\"https:\/\/d2p6e6u75xmxt8.cloudfront.net\/15\/2021\/07\/20210707TDF1046-A.S.O._Pauline_Ballet-1440x959-1.jpg\"><img loading=\"lazy\" decoding=\"async\" class=\"alignnone size-full wp-image-439\" src=\"https:\/\/d2p6e6u75xmxt8.cloudfront.net\/15\/2021\/07\/20210707TDF1046-A.S.O._Pauline_Ballet-1440x959-1.jpg\" alt=\"\" width=\"1440\" height=\"959\" srcset=\"https:\/\/d2p6e6u75xmxt8.cloudfront.net\/15\/2021\/07\/20210707TDF1046-A.S.O._Pauline_Ballet-1440x959-1.jpg 1440w, https:\/\/d2p6e6u75xmxt8.cloudfront.net\/15\/2021\/07\/20210707TDF1046-A.S.O._Pauline_Ballet-1440x959-1-300x200.jpg 300w, https:\/\/d2p6e6u75xmxt8.cloudfront.net\/15\/2021\/07\/20210707TDF1046-A.S.O._Pauline_Ballet-1440x959-1-1024x682.jpg 1024w, https:\/\/d2p6e6u75xmxt8.cloudfront.net\/15\/2021\/07\/20210707TDF1046-A.S.O._Pauline_Ballet-1440x959-1-768x511.jpg 768w, https:\/\/d2p6e6u75xmxt8.cloudfront.net\/15\/2021\/07\/20210707TDF1046-A.S.O._Pauline_Ballet-1440x959-1-272x182.jpg 272w\" sizes=\"auto, (max-width: 1440px) 100vw, 1440px\" \/><\/a><\/p>\n<p>Meeskond koosneb viiest mehaanikust, kahest keret\u00f6\u00f6de spetsialistist ja \u00fchest automaalrist, varuosade transportimiseks on kaasatud kaks v\u00e4list autojuhti. Prantsusmaal on ka t\u00f5lgi olemasolu h\u00e4davajalik. Tihedalt seotud meeskond on koos olnud juba mitu aastat, m\u00f5ned mehaanikud on v\u00f5istlusse kaasatud juba kaheksateistk\u00fcmnendat hooaega j\u00e4rjest. \u201eSellesse ametisse tuleb panna oma s\u00fcda. Ja meie meeskond teeb seda hea meelega. Olen rahul, kui n\u00e4en, et k\u00f5ik sujub h\u00e4sti, et k\u00f6ik naudivad oma t\u00f6\u00f6d ega taha v\u00f5imalikult kiiresti hotelli tagasi j\u00f5uda. Isiklikult olen seda t\u00f6\u00f6d teinud samuti kaheksateist aastat \u2013 ja te n\u00e4ete mind j\u00e4rgmisel aastal j\u00e4lle siin\u201c, \u00fctles Beran.<\/p>\n<p>P\u00f5him\u00f5tteliselt teevad nad k\u00f5iki samu remondit\u00f6id, mida tavaline autoteenindus pakub, st parandavad avariikahjustusi, vahetavad tuuleklaase, rattaid jms. T\u00f6\u00f6d eristuvad ka selle poolest, et keret\u00f6\u00f6de spetsialistid teevad keret\u00f6id nii palju kui v\u00f5imalik ilma v\u00e4rvkatet kahjustamata. Seet\u00f5ttu on meeskonnas ainult \u00fcks automaaler. \u201eP\u00fc\u00fcame teha v\u00f5imalikult v\u00e4he v\u00e4rvimist\u00f6id, sest see vajab palju ruumi, aega ja varustust\u201c, selgitab meeskonna juht.<\/p>\n<p>Nad jagavad autod nende t\u00e4htsuse j\u00e4rgi mitmesse kategooriasse. V\u00f5istluse juhi ENYAQ iV ja korraldajate poolt kasutatavad \u0160koda SUPERB iV autod on loomulikult prioriteedid. Neid ei saa asendada: neid on v\u00f5istlusel vaja ja need peavad olema ideaalses korras. \u201eKord parkisid korraldajate punaste autode juhid need \u00f5htul hotelli ette t\u00e4navale ja keegi loopis neid lillepottidega. Veetsime siis terve \u00f6\u00f6 neid parandades, et autod oleksid hommikul j\u00e4rgmiseks etapiks ideaalses korras\u201c, meenutab hooldusmeeskonna juht naeratades.<\/p>\n<p>V\u00f5istluste juhi ENYAQ iV ja\u00a0 \u0160koda SUPERB iV saavad alati eelisteenuse.<\/p>\n<p><a href=\"https:\/\/d2p6e6u75xmxt8.cloudfront.net\/15\/2021\/07\/DSC_0877.JPG-1920x1280-1.jpg\"><img loading=\"lazy\" decoding=\"async\" class=\"alignnone size-full wp-image-440\" src=\"https:\/\/d2p6e6u75xmxt8.cloudfront.net\/15\/2021\/07\/DSC_0877.JPG-1920x1280-1.jpg\" alt=\"\" width=\"1920\" height=\"1280\" srcset=\"https:\/\/d2p6e6u75xmxt8.cloudfront.net\/15\/2021\/07\/DSC_0877.JPG-1920x1280-1.jpg 1920w, https:\/\/d2p6e6u75xmxt8.cloudfront.net\/15\/2021\/07\/DSC_0877.JPG-1920x1280-1-300x200.jpg 300w, https:\/\/d2p6e6u75xmxt8.cloudfront.net\/15\/2021\/07\/DSC_0877.JPG-1920x1280-1-1024x683.jpg 1024w, https:\/\/d2p6e6u75xmxt8.cloudfront.net\/15\/2021\/07\/DSC_0877.JPG-1920x1280-1-768x512.jpg 768w, https:\/\/d2p6e6u75xmxt8.cloudfront.net\/15\/2021\/07\/DSC_0877.JPG-1920x1280-1-1536x1024.jpg 1536w, https:\/\/d2p6e6u75xmxt8.cloudfront.net\/15\/2021\/07\/DSC_0877.JPG-1920x1280-1-272x182.jpg 272w\" sizes=\"auto, (max-width: 1920px) 100vw, 1920px\" \/><\/a><\/p>\n<p>\u201eMe oleme nagu mingi tsirkus ratastel\u201c<\/p>\n<p><strong>Kuidas algab teie tavap\u00e4rane t\u00f6\u00f6p\u00e4ev tuuril?<\/strong><\/p>\n<p>Hommikul lahkume hotellist ja s\u00f5idame m\u00e4\u00e4ratud hooldusjaama, m\u00f5nikord viisk\u00fcmmend kilomeetrit, kuid t\u00f5en\u00e4olisemalt kaks- v\u00f5i kolmsada kilomeetrit. Paneme oma asjad \u00fcles eelnevalt m\u00e4\u00e4ratud tanklas. M\u00e4\u00e4ruste j\u00e4rgi peame seal olema hiljemalt kell 14, kuid raja \u00fcmbruskonna erinevate sulgemiste t\u00f5ttu proovime seal olla keskp\u00e4evaks.<\/p>\n<p><strong>Mis edasi saab?<\/strong><\/p>\n<p>Autod hakkavad saabuma. Kui need saabuvad tankimiseks, kontrollime me autosid, et veenduda, kas neil on k\u00f5ik korras ja kas need vajavad meiepoolseid hooldustoiminguid. Muul ajal saabuvad nad konkreetsete remondisoovidega. Sageli antakse meile hommikuse jaama s\u00f5itmise ajal teada, et hooldusjaamas ootab meid auto. Saame tanklast v\u00f5tmed ja alustame t\u00f6\u00f6d. Just eile remontisime hirvega kokku p\u00f5rganud autot. P\u00f5rkeraud ja poritiivad vahetati v\u00e4lja, v\u00e4rviti \u00fcle ning tuled vahetati v\u00e4lja. Lahkume tavaliselt jaamast umbes kell kaheksa \u00f5htul, kuid vajadusel j\u00e4tkame t\u00f6\u00f6d, kuni k\u00f5ik on tehtud. Autojuhid peavad oma autosid ootama, seega ei saa me lihtsalt asju kokku pakkida ja kaduda.<\/p>\n<p><strong>Hoolitsete ka \u0160koda ENYAQ iV autode eest \u2013 milline on teie kogemus nendega?<\/strong><\/p>\n<p>Pean \u00fctlema, et siiani pole mul tegelikult nendega kogemusi, sest probleeme pole olnud. ENYAQ iV autod ei s\u00f5ida mitte ainult peagrupi esiosas, vaid ka sponsorite karavanis, kuid siiani pole meil \u00fchegi ENYAQ iV autoga t\u00f5rget tekkinud. See on muidugi uus mudel, kuid oleme selleks valmis, isegi vaatamata selle \u00fcsna keerukale diagnostikale.<\/p>\n<p><strong>Kui paljud autod vajavad remondit\u00f6id v\u00f5istluse kolme n\u00e4dala jooksul?<\/strong><\/p>\n<p>Olen seda t\u00f6\u00f6d teinud kaheksateist aastat ja see on alati \u00fcsna samas suurusj\u00e4rgus. Tavaliselt teeme umbes 230 kuni 250 remondit\u00f6\u00f6d.<\/p>\n<p><strong>Mis on meeskonna heaks toimimiseks h\u00e4davajalik?<\/strong><\/p>\n<p>Muretud, rahulikud inimesed. Nad peavad t\u00f6\u00f6tama meeskonnana ja seet\u00f5ttu \u00fcritan koosseisu mitte liiga palju muuta. M\u00f5nikord liitub muidugi ka uustulnuk ja siis l\u00e4heb aega, enne kui ta sisse elab ja sobitub. Meie inimesed ei tohi kella vaadata, et kas nad on t\u00f6\u00f6tanud kaheksa tundi v\u00f5i k\u00fcmme tundi. Kui see on oluline, tuleb t\u00f6\u00f6tamine l\u00f5petada. Tahan meeskonda kiita, nad t\u00f6\u00f6tavad nagu v\u00e4ga h\u00e4sti \u00f5litatud masin. See on nagu mingi tsirkus ratastel. (naerab)<\/p>\n","protected":false},"excerpt":{"rendered":"<p>\u0160koda MAAILM Iga p\u00e4ev erinev asukoht, ajasurve ja kohati keerulised remondit\u00f6\u00f6d. See on \u0160koda mobiilse hooldusmeeskonna liikmete, kes hoolitsevad Tour [&hellip;]<\/p>\n","protected":false},"author":143,"featured_media":440,"comment_status":"open","ping_status":"open","sticky":false,"template":"","format":"standard","meta":{"footnotes":""},"categories":[7,39],"tags":[],"global-categories":[22],"class_list":["post-437","post","type-post","status-publish","format-standard","has-post-thumbnail","hentry","category-maanteeratas","category-maanteesoit","global-categories-cycling"],"yoast_head":"<!-- This site is optimized with the Yoast SEO Premium plugin v25.3 (Yoast SEO v25.9) - https:\/\/yoast.com\/wordpress\/plugins\/seo\/ -->\n<title>J\u00e4tkame t\u00f6\u00f6tamist, kuniks k\u00f5ik on tehtud! - \u0160koda We Love Cycling - Estonia<\/title>\n<meta name=\"robots\" content=\"index, follow, max-snippet:-1, max-image-preview:large, max-video-preview:-1\" \/>\n<link rel=\"canonical\" href=\"https:\/\/www.welovecycling.com\/ee\/2021\/07\/26\/jatkame-tootamist-kuniks-koik-on-tehtud\/\" \/>\n<meta property=\"og:locale\" content=\"et_EE\" \/>\n<meta property=\"og:type\" content=\"article\" \/>\n<meta property=\"og:title\" content=\"J\u00e4tkame t\u00f6\u00f6tamist, kuniks k\u00f5ik on tehtud!\" \/>\n<meta property=\"og:description\" content=\"\u0160koda MAAILM Iga p\u00e4ev erinev asukoht, ajasurve ja kohati keerulised remondit\u00f6\u00f6d. See on \u0160koda mobiilse hooldusmeeskonna liikmete, kes hoolitsevad Tour [&hellip;]\" \/>\n<meta property=\"og:url\" content=\"https:\/\/www.welovecycling.com\/ee\/2021\/07\/26\/jatkame-tootamist-kuniks-koik-on-tehtud\/\" \/>\n<meta property=\"og:site_name\" content=\"\u0160koda We Love Cycling - Estonia\" \/>\n<meta property=\"article:published_time\" content=\"2021-07-26T10:11:41+00:00\" \/>\n<meta property=\"og:image\" content=\"https:\/\/d2p6e6u75xmxt8.cloudfront.net\/15\/2021\/07\/DSC_0877.JPG-1920x1280-1.jpg\" \/>\n\t<meta property=\"og:image:width\" content=\"1920\" \/>\n\t<meta property=\"og:image:height\" content=\"1280\" \/>\n\t<meta property=\"og:image:type\" content=\"image\/jpeg\" \/>\n<meta name=\"author\" content=\"karit\" \/>\n<meta name=\"twitter:card\" content=\"summary_large_image\" \/>\n<meta name=\"twitter:label1\" content=\"Written by\" \/>\n\t<meta name=\"twitter:data1\" content=\"karit\" \/>\n\t<meta name=\"twitter:label2\" content=\"Est. reading time\" \/>\n\t<meta name=\"twitter:data2\" content=\"4 minutes\" \/>\n<script type=\"application\/ld+json\" class=\"yoast-schema-graph\">{\"@context\":\"https:\/\/schema.org\",\"@graph\":[{\"@type\":\"WebPage\",\"@id\":\"https:\/\/www.welovecycling.com\/ee\/2021\/07\/26\/jatkame-tootamist-kuniks-koik-on-tehtud\/\",\"url\":\"https:\/\/www.welovecycling.com\/ee\/2021\/07\/26\/jatkame-tootamist-kuniks-koik-on-tehtud\/\",\"name\":\"J\u00e4tkame t\u00f6\u00f6tamist, kuniks k\u00f5ik on tehtud! - \u0160koda We Love Cycling - Estonia\",\"isPartOf\":{\"@id\":\"https:\/\/www.welovecycling.com\/ee\/#website\"},\"primaryImageOfPage\":{\"@id\":\"https:\/\/www.welovecycling.com\/ee\/2021\/07\/26\/jatkame-tootamist-kuniks-koik-on-tehtud\/#primaryimage\"},\"image\":{\"@id\":\"https:\/\/www.welovecycling.com\/ee\/2021\/07\/26\/jatkame-tootamist-kuniks-koik-on-tehtud\/#primaryimage\"},\"thumbnailUrl\":\"https:\/\/d2p6e6u75xmxt8.cloudfront.net\/15\/2021\/07\/DSC_0877.JPG-1920x1280-1.jpg\",\"datePublished\":\"2021-07-26T10:11:41+00:00\",\"author\":{\"@id\":\"https:\/\/www.welovecycling.com\/ee\/#\/schema\/person\/6969dabcb933c60a22a024886fc5dfb3\"},\"inLanguage\":\"et\",\"potentialAction\":[{\"@type\":\"ReadAction\",\"target\":[\"https:\/\/www.welovecycling.com\/ee\/2021\/07\/26\/jatkame-tootamist-kuniks-koik-on-tehtud\/\"]}]},{\"@type\":\"ImageObject\",\"inLanguage\":\"et\",\"@id\":\"https:\/\/www.welovecycling.com\/ee\/2021\/07\/26\/jatkame-tootamist-kuniks-koik-on-tehtud\/#primaryimage\",\"url\":\"https:\/\/d2p6e6u75xmxt8.cloudfront.net\/15\/2021\/07\/DSC_0877.JPG-1920x1280-1.jpg\",\"contentUrl\":\"https:\/\/d2p6e6u75xmxt8.cloudfront.net\/15\/2021\/07\/DSC_0877.JPG-1920x1280-1.jpg\",\"width\":1920,\"height\":1280},{\"@type\":\"WebSite\",\"@id\":\"https:\/\/www.welovecycling.com\/ee\/#website\",\"url\":\"https:\/\/www.welovecycling.com\/ee\/\",\"name\":\"\u0160koda We Love Cycling - Estonia\",\"description\":\"\",\"potentialAction\":[{\"@type\":\"SearchAction\",\"target\":{\"@type\":\"EntryPoint\",\"urlTemplate\":\"https:\/\/www.welovecycling.com\/ee\/?s={search_term_string}\"},\"query-input\":{\"@type\":\"PropertyValueSpecification\",\"valueRequired\":true,\"valueName\":\"search_term_string\"}}],\"inLanguage\":\"et\"},{\"@type\":\"Person\",\"@id\":\"https:\/\/www.welovecycling.com\/ee\/#\/schema\/person\/6969dabcb933c60a22a024886fc5dfb3\",\"name\":\"karit\",\"image\":{\"@type\":\"ImageObject\",\"inLanguage\":\"et\",\"@id\":\"https:\/\/www.welovecycling.com\/ee\/#\/schema\/person\/image\/\",\"url\":\"https:\/\/secure.gravatar.com\/avatar\/5c6089f08f3aa4ecae4cfe6c342986b6f1785322192708cff03ffe36d607957c?s=96&d=mm&r=g\",\"contentUrl\":\"https:\/\/secure.gravatar.com\/avatar\/5c6089f08f3aa4ecae4cfe6c342986b6f1785322192708cff03ffe36d607957c?s=96&d=mm&r=g\",\"caption\":\"karit\"},\"url\":\"https:\/\/www.welovecycling.com\/ee\/author\/karit\/\"}]}<\/script>\n<!-- \/ Yoast SEO Premium plugin. -->","yoast_head_json":{"title":"J\u00e4tkame t\u00f6\u00f6tamist, kuniks k\u00f5ik on tehtud! - \u0160koda We Love Cycling - Estonia","robots":{"index":"index","follow":"follow","max-snippet":"max-snippet:-1","max-image-preview":"max-image-preview:large","max-video-preview":"max-video-preview:-1"},"canonical":"https:\/\/www.welovecycling.com\/ee\/2021\/07\/26\/jatkame-tootamist-kuniks-koik-on-tehtud\/","og_locale":"et_EE","og_type":"article","og_title":"J\u00e4tkame t\u00f6\u00f6tamist, kuniks k\u00f5ik on tehtud!","og_description":"\u0160koda MAAILM Iga p\u00e4ev erinev asukoht, ajasurve ja kohati keerulised remondit\u00f6\u00f6d. See on \u0160koda mobiilse hooldusmeeskonna liikmete, kes hoolitsevad Tour [&hellip;]","og_url":"https:\/\/www.welovecycling.com\/ee\/2021\/07\/26\/jatkame-tootamist-kuniks-koik-on-tehtud\/","og_site_name":"\u0160koda We Love Cycling - Estonia","article_published_time":"2021-07-26T10:11:41+00:00","og_image":[{"width":1920,"height":1280,"url":"https:\/\/d2p6e6u75xmxt8.cloudfront.net\/15\/2021\/07\/DSC_0877.JPG-1920x1280-1.jpg","type":"image\/jpeg"}],"author":"karit","twitter_card":"summary_large_image","twitter_misc":{"Written by":"karit","Est. reading time":"4 minutes"},"schema":{"@context":"https:\/\/schema.org","@graph":[{"@type":"WebPage","@id":"https:\/\/www.welovecycling.com\/ee\/2021\/07\/26\/jatkame-tootamist-kuniks-koik-on-tehtud\/","url":"https:\/\/www.welovecycling.com\/ee\/2021\/07\/26\/jatkame-tootamist-kuniks-koik-on-tehtud\/","name":"J\u00e4tkame t\u00f6\u00f6tamist, kuniks k\u00f5ik on tehtud! - \u0160koda We Love Cycling - Estonia","isPartOf":{"@id":"https:\/\/www.welovecycling.com\/ee\/#website"},"primaryImageOfPage":{"@id":"https:\/\/www.welovecycling.com\/ee\/2021\/07\/26\/jatkame-tootamist-kuniks-koik-on-tehtud\/#primaryimage"},"image":{"@id":"https:\/\/www.welovecycling.com\/ee\/2021\/07\/26\/jatkame-tootamist-kuniks-koik-on-tehtud\/#primaryimage"},"thumbnailUrl":"https:\/\/d2p6e6u75xmxt8.cloudfront.net\/15\/2021\/07\/DSC_0877.JPG-1920x1280-1.jpg","datePublished":"2021-07-26T10:11:41+00:00","author":{"@id":"https:\/\/www.welovecycling.com\/ee\/#\/schema\/person\/6969dabcb933c60a22a024886fc5dfb3"},"inLanguage":"et","potentialAction":[{"@type":"ReadAction","target":["https:\/\/www.welovecycling.com\/ee\/2021\/07\/26\/jatkame-tootamist-kuniks-koik-on-tehtud\/"]}]},{"@type":"ImageObject","inLanguage":"et","@id":"https:\/\/www.welovecycling.com\/ee\/2021\/07\/26\/jatkame-tootamist-kuniks-koik-on-tehtud\/#primaryimage","url":"https:\/\/d2p6e6u75xmxt8.cloudfront.net\/15\/2021\/07\/DSC_0877.JPG-1920x1280-1.jpg","contentUrl":"https:\/\/d2p6e6u75xmxt8.cloudfront.net\/15\/2021\/07\/DSC_0877.JPG-1920x1280-1.jpg","width":1920,"height":1280},{"@type":"WebSite","@id":"https:\/\/www.welovecycling.com\/ee\/#website","url":"https:\/\/www.welovecycling.com\/ee\/","name":"\u0160koda We Love Cycling - Estonia","description":"","potentialAction":[{"@type":"SearchAction","target":{"@type":"EntryPoint","urlTemplate":"https:\/\/www.welovecycling.com\/ee\/?s={search_term_string}"},"query-input":{"@type":"PropertyValueSpecification","valueRequired":true,"valueName":"search_term_string"}}],"inLanguage":"et"},{"@type":"Person","@id":"https:\/\/www.welovecycling.com\/ee\/#\/schema\/person\/6969dabcb933c60a22a024886fc5dfb3","name":"karit","image":{"@type":"ImageObject","inLanguage":"et","@id":"https:\/\/www.welovecycling.com\/ee\/#\/schema\/person\/image\/","url":"https:\/\/secure.gravatar.com\/avatar\/5c6089f08f3aa4ecae4cfe6c342986b6f1785322192708cff03ffe36d607957c?s=96&d=mm&r=g","contentUrl":"https:\/\/secure.gravatar.com\/avatar\/5c6089f08f3aa4ecae4cfe6c342986b6f1785322192708cff03ffe36d607957c?s=96&d=mm&r=g","caption":"karit"},"url":"https:\/\/www.welovecycling.com\/ee\/author\/karit\/"}]}},"_links":{"self":[{"href":"https:\/\/www.welovecycling.com\/ee\/wp-json\/wp\/v2\/posts\/437","targetHints":{"allow":["GET"]}}],"collection":[{"href":"https:\/\/www.welovecycling.com\/ee\/wp-json\/wp\/v2\/posts"}],"about":[{"href":"https:\/\/www.welovecycling.com\/ee\/wp-json\/wp\/v2\/types\/post"}],"author":[{"embeddable":true,"href":"https:\/\/www.welovecycling.com\/ee\/wp-json\/wp\/v2\/users\/143"}],"replies":[{"embeddable":true,"href":"https:\/\/www.welovecycling.com\/ee\/wp-json\/wp\/v2\/comments?post=437"}],"version-history":[{"count":1,"href":"https:\/\/www.welovecycling.com\/ee\/wp-json\/wp\/v2\/posts\/437\/revisions"}],"predecessor-version":[{"id":441,"href":"https:\/\/www.welovecycling.com\/ee\/wp-json\/wp\/v2\/posts\/437\/revisions\/441"}],"wp:featuredmedia":[{"embeddable":true,"href":"https:\/\/www.welovecycling.com\/ee\/wp-json\/wp\/v2\/media\/440"}],"wp:attachment":[{"href":"https:\/\/www.welovecycling.com\/ee\/wp-json\/wp\/v2\/media?parent=437"}],"wp:term":[{"taxonomy":"category","embeddable":true,"href":"https:\/\/www.welovecycling.com\/ee\/wp-json\/wp\/v2\/categories?post=437"},{"taxonomy":"post_tag","embeddable":true,"href":"https:\/\/www.welovecycling.com\/ee\/wp-json\/wp\/v2\/tags?post=437"},{"taxonomy":"global-categories","embeddable":true,"href":"https:\/\/www.welovecycling.com\/ee\/wp-json\/wp\/v2\/global-categories?post=437"}],"curies":[{"name":"wp","href":"https:\/\/api.w.org\/{rel}","templated":true}]}}