{"id":429,"date":"2021-07-15T07:24:42","date_gmt":"2021-07-15T07:24:42","guid":{"rendered":"https:\/\/www.welovecycling.com\/ee\/?p=429"},"modified":"2021-07-15T07:26:19","modified_gmt":"2021-07-15T07:26:19","slug":"meeskonnavaimu-suurendamine-skoda-superb-autodega","status":"publish","type":"post","link":"https:\/\/www.welovecycling.com\/ee\/2021\/07\/15\/meeskonnavaimu-suurendamine-skoda-superb-autodega\/","title":{"rendered":"Meeskonnavaimu suurendamine \u0160koda SUPERB autodega"},"content":{"rendered":"<p><strong>Kui vaatasite seda vaatem\u00e4ngu, mis toimus Tour de France&#8217;i stardis Brestis, Loode-Prantsusmaal, k\u00f6itis teie t\u00e4helepanu kindlasti ka v\u00e4rvikate meeskonnaautode hulk. Pole saladus, et need s\u00f5idukid on h\u00e4davajalikud iga meeskonna ja selle s\u00f5itjate probleemide lahendamiseks, mugavuse tagamiseks ning nad m\u00e4ngivad rolli isegi edu saavutamisel. Kuid millised on tegelikud n\u00f5udlikud \u00fclesanded, millega autod, millest paljud on \u0160koda SUPERB iV mudelid, ja nende meeskonnad peavad tegelema u 11 000 kilomeetri pikkuse Touri l\u00e4bimisel?<\/strong><\/p>\n<p>Alustame eespoolt. Peaaegu eranditult j\u00e4rgib peagruppi igal aastal kaks autot meeskonna kohta. Selgituseks \u2013 peagrupi j\u00e4rgimine polegi nii lihtne, kui see v\u00f5ib tunduda. Autojuhina ei pea sa mitte ainult silmi lahti hoidma teiste s\u00f5idukite, mootorrataste, pealtvaatajate ja muidugi ka jalgratturite l\u00f5putuna n\u00e4iva tihedalt pakitud grupi j\u00e4lgimiseks, vaid sinu positsioon selles hektilises koosluses allub rangele hierarhiale. Sinu meeskonna esis\u00f5itja paremusj\u00e4rjestus m\u00e4\u00e4rab meeskonna auto positsiooni peagrupi piires ja ainus isik, kellel on volitused anda v\u00f5istkonna autodele (ja mis tahes Touri autodele) \u00f5iguse selle raja \u00fcletamiseks, pole keegi muu kui tuuri juht\u00a0<a href=\"https:\/\/www.welovecycling.com\/wide\/2021\/02\/10\/christian-prudhomme-is-reasonably-optimistic-about-the-2021-racing-calendar\/\">Christian Prudhomme.<\/a><\/p>\n<p><a href=\"https:\/\/d2p6e6u75xmxt8.cloudfront.net\/15\/2021\/07\/Medium-Trainingskamp-Alicante.jpg\"><img loading=\"lazy\" decoding=\"async\" class=\"alignnone size-full wp-image-430\" src=\"https:\/\/d2p6e6u75xmxt8.cloudfront.net\/15\/2021\/07\/Medium-Trainingskamp-Alicante.jpg\" alt=\"\" width=\"1000\" height=\"667\" srcset=\"https:\/\/d2p6e6u75xmxt8.cloudfront.net\/15\/2021\/07\/Medium-Trainingskamp-Alicante.jpg 1000w, https:\/\/d2p6e6u75xmxt8.cloudfront.net\/15\/2021\/07\/Medium-Trainingskamp-Alicante-300x200.jpg 300w, https:\/\/d2p6e6u75xmxt8.cloudfront.net\/15\/2021\/07\/Medium-Trainingskamp-Alicante-768x512.jpg 768w, https:\/\/d2p6e6u75xmxt8.cloudfront.net\/15\/2021\/07\/Medium-Trainingskamp-Alicante-272x182.jpg 272w\" sizes=\"auto, (max-width: 1000px) 100vw, 1000px\" \/><\/a><em>Meeskonnaautod on v\u00f5istlejatele h\u00e4davajalikud. \u00a9 Jerome Wassenaar<\/em><\/p>\n<div id='gallery-1' class='gallery galleryid-429 gallery-columns-3 gallery-size-medium'><figure class='gallery-item'>\n\t\t\t<div class='gallery-icon landscape'>\n\t\t\t\t<a href='https:\/\/d2p6e6u75xmxt8.cloudfront.net\/15\/2021\/07\/Jumbo-Visma-car-1.jpg'><img loading=\"lazy\" decoding=\"async\" width=\"300\" height=\"200\" src=\"https:\/\/d2p6e6u75xmxt8.cloudfront.net\/15\/2021\/07\/Jumbo-Visma-car-1-300x200.jpg\" class=\"attachment-medium size-medium\" alt=\"\" srcset=\"https:\/\/d2p6e6u75xmxt8.cloudfront.net\/15\/2021\/07\/Jumbo-Visma-car-1-300x200.jpg 300w, https:\/\/d2p6e6u75xmxt8.cloudfront.net\/15\/2021\/07\/Jumbo-Visma-car-1-768x513.jpg 768w, https:\/\/d2p6e6u75xmxt8.cloudfront.net\/15\/2021\/07\/Jumbo-Visma-car-1-272x182.jpg 272w, https:\/\/d2p6e6u75xmxt8.cloudfront.net\/15\/2021\/07\/Jumbo-Visma-car-1.jpg 800w\" sizes=\"auto, (max-width: 300px) 100vw, 300px\" \/><\/a>\n\t\t\t<\/div><\/figure><figure class='gallery-item'>\n\t\t\t<div class='gallery-icon landscape'>\n\t\t\t\t<a href='https:\/\/d2p6e6u75xmxt8.cloudfront.net\/15\/2021\/07\/Medium-Gent-Wevelgem-1.jpg'><img loading=\"lazy\" decoding=\"async\" width=\"300\" height=\"200\" src=\"https:\/\/d2p6e6u75xmxt8.cloudfront.net\/15\/2021\/07\/Medium-Gent-Wevelgem-1-300x200.jpg\" class=\"attachment-medium size-medium\" alt=\"\" srcset=\"https:\/\/d2p6e6u75xmxt8.cloudfront.net\/15\/2021\/07\/Medium-Gent-Wevelgem-1-300x200.jpg 300w, https:\/\/d2p6e6u75xmxt8.cloudfront.net\/15\/2021\/07\/Medium-Gent-Wevelgem-1-768x511.jpg 768w, https:\/\/d2p6e6u75xmxt8.cloudfront.net\/15\/2021\/07\/Medium-Gent-Wevelgem-1-272x182.jpg 272w, https:\/\/d2p6e6u75xmxt8.cloudfront.net\/15\/2021\/07\/Medium-Gent-Wevelgem-1.jpg 800w\" sizes=\"auto, (max-width: 300px) 100vw, 300px\" \/><\/a>\n\t\t\t<\/div><\/figure><figure class='gallery-item'>\n\t\t\t<div class='gallery-icon landscape'>\n\t\t\t\t<a href='https:\/\/d2p6e6u75xmxt8.cloudfront.net\/15\/2021\/07\/Medium-Trainingskamp-Alicante-1-1.jpg'><img loading=\"lazy\" decoding=\"async\" width=\"300\" height=\"200\" src=\"https:\/\/d2p6e6u75xmxt8.cloudfront.net\/15\/2021\/07\/Medium-Trainingskamp-Alicante-1-1-300x200.jpg\" class=\"attachment-medium size-medium\" alt=\"\" srcset=\"https:\/\/d2p6e6u75xmxt8.cloudfront.net\/15\/2021\/07\/Medium-Trainingskamp-Alicante-1-1-300x200.jpg 300w, https:\/\/d2p6e6u75xmxt8.cloudfront.net\/15\/2021\/07\/Medium-Trainingskamp-Alicante-1-1-768x513.jpg 768w, https:\/\/d2p6e6u75xmxt8.cloudfront.net\/15\/2021\/07\/Medium-Trainingskamp-Alicante-1-1-272x182.jpg 272w, https:\/\/d2p6e6u75xmxt8.cloudfront.net\/15\/2021\/07\/Medium-Trainingskamp-Alicante-1-1.jpg 800w\" sizes=\"auto, (max-width: 300px) 100vw, 300px\" \/><\/a>\n\t\t\t<\/div><\/figure>\n\t\t<\/div>\n\n<p>P\u00f6\u00f6rdudes tagasi autojuhtide juurde, on valdav enamik neist endised rattas\u00f5idu professionaalid ja m\u00f5nikord isegi selle spordiala legendid nagu n\u00e4iteks\u00a0<a href=\"https:\/\/www.welovecycling.com\/wide\/2017\/06\/26\/sacrifices-stephen-roche-no-limits-no-excuses\/\">Stephen Roche.<\/a>\u00a0Mitte ainult sellep\u00e4rast, et nad armastavad endiselt rattas\u00f5itu, vaid ka seet\u00f5ttu, et nende hindamisoskus on hindamatu. Kuna nad on kogenud peagrupi atmosf\u00e4\u00e4ri ja r\u00fctmi vahetult, suudavad nad selle liikumisi ette n\u00e4ha ja sellest sujuvalt l\u00e4bi liikuda, et j\u00f5uda h\u00e4dasoleva s\u00f5itjani, sest selles v\u00f5idu-kaotuse m\u00e4ngus t\u00e4hendavad sekundid meeletult palju.<\/p>\n<p>Meeskonna autojuhiks saamine on raske \u00f5ppus \u2013 kuid seda \u00f5hutab armastus spordiala vastu ja see on t\u00e4is p\u00f5nevust. Veelgi enam, sellise suurusega v\u00f5istlustel nagu\u00a0<a href=\"https:\/\/www.letour.fr\/en\/\">Tour de France<\/a>\u00a0ei ole juht ainus autos viibiv inimene. Tavaliselt on selles kolm inimest: peatreener, teine \u200b\u200btreener ja mehaanik. Nad peavad k\u00f5ik t\u00f6\u00f6tama ideaalses koosk\u00f5las nii \u00fcksteisega kui ka oma s\u00f5idukiga, mis on selleks puhuks spetsiaalselt ette valmistatud.<\/p>\n<p><a href=\"https:\/\/d2p6e6u75xmxt8.cloudfront.net\/15\/2021\/07\/SKODA-SUPERB-iV.jpg\"><img loading=\"lazy\" decoding=\"async\" class=\"alignnone size-full wp-image-434\" src=\"https:\/\/d2p6e6u75xmxt8.cloudfront.net\/15\/2021\/07\/SKODA-SUPERB-iV.jpg\" alt=\"\" width=\"1250\" height=\"834\" srcset=\"https:\/\/d2p6e6u75xmxt8.cloudfront.net\/15\/2021\/07\/SKODA-SUPERB-iV.jpg 1250w, https:\/\/d2p6e6u75xmxt8.cloudfront.net\/15\/2021\/07\/SKODA-SUPERB-iV-300x200.jpg 300w, https:\/\/d2p6e6u75xmxt8.cloudfront.net\/15\/2021\/07\/SKODA-SUPERB-iV-1024x683.jpg 1024w, https:\/\/d2p6e6u75xmxt8.cloudfront.net\/15\/2021\/07\/SKODA-SUPERB-iV-768x512.jpg 768w, https:\/\/d2p6e6u75xmxt8.cloudfront.net\/15\/2021\/07\/SKODA-SUPERB-iV-272x182.jpg 272w\" sizes=\"auto, (max-width: 1250px) 100vw, 1250px\" \/><\/a><em>K\u00f5igil meeskonnaautodel on otse\u00fchendus v\u00f5istluse juhi autoga.<\/em><\/p>\n<p>Varustuse osas on tuuri meeskonnaauto \u00e4\u00e4reni t\u00e4is pakitud.\u00a0<a href=\"https:\/\/www.skoda-auto.com\/models\/range\/superb-iv\">\u0160koda SUPERB iV<\/a>\u00a0mudelit on valitud meeskonnaautoks v\u00e4ga palju ja kui vaadata selle kompaktset konstruktsiooni, mitmek\u00fclgsust ja l\u00e4bim\u00f5eldud varustust, pole ka selle p\u00f5hjust raske \u00e4ra arvata. Autos on aga \u00e4ra kasutatud iga ruutsentimeeter nii sees kui ka v\u00e4ljas. Kahe meeskonnaauto katuseraamidel on tavaliselt kaheksa varujalgratast (igal s\u00f5itjal on neid kaks v\u00f5i kolm) ja mitu lisaratast. Meeskonnaautode pakiruumi, p\u00f5randale ja istmetele on tavaliselt laiali jagatud mehaaniku t\u00f6\u00f6riistakast, umbes 50 t\u00e4is joogipudelit, 40 energiageeli ja -batooni, \u00fcks kott varuriiete ja -jalatsitega igale s\u00f5itjale ning palju muud olulist. Lisaks on autol \u00fcks sisseehitatud ja kolm t\u00e4iendavat raadiot, et meeskond saaks suhelda teiste autodega, v\u00f5istluste korraldajatega v\u00f5i otse eespool mainitud juhi <a href=\"https:\/\/www.welovecycling.com\/wide\/2021\/02\/10\/christian-prudhomme-is-reasonably-optimistic-about-the-2021-racing-calendar\/\">Hr Prudhomme<\/a><u>\u2019iga<\/u>.<\/p>\n<p>Igal aastal muutub <a href=\"https:\/\/www.letour.fr\/en\/\">Tour<\/a><u>\u2019i<\/u>\u00a0ettevalmistus meeskonnaautode tiimide jaoks rangemaks, kuid s\u00f5itjad saavad neid alati t\u00e4ielikult usaldada ja oma sooritusele keskenduda. Ning meie kogemuste p\u00f5hjal, milleks on aastatepikkune meeskondade intervjueerimine ja j\u00e4lgimine, ei muudaks nad seda maailma. Seega, kui n\u00e4ete neid telgitaguseid kangelasi teel oma lemmikratturite taga, andke neile au!<\/p>\n","protected":false},"excerpt":{"rendered":"<p>Kui vaatasite seda vaatem\u00e4ngu, mis toimus Tour de France&#8217;i stardis Brestis, Loode-Prantsusmaal, k\u00f6itis teie t\u00e4helepanu kindlasti ka v\u00e4rvikate meeskonnaautode hulk. [&hellip;]<\/p>\n","protected":false},"author":143,"featured_media":434,"comment_status":"open","ping_status":"open","sticky":false,"template":"","format":"standard","meta":{"footnotes":""},"categories":[7,39],"tags":[],"global-categories":[22],"class_list":["post-429","post","type-post","status-publish","format-standard","has-post-thumbnail","hentry","category-maanteeratas","category-maanteesoit","global-categories-cycling"],"yoast_head":"<!-- This site is optimized with the Yoast SEO Premium plugin v25.3 (Yoast SEO v25.9) - https:\/\/yoast.com\/wordpress\/plugins\/seo\/ -->\n<title>Meeskonnavaimu suurendamine \u0160koda SUPERB autodega - \u0160koda We Love Cycling - Estonia<\/title>\n<meta name=\"robots\" content=\"index, follow, max-snippet:-1, max-image-preview:large, max-video-preview:-1\" \/>\n<link rel=\"canonical\" href=\"https:\/\/www.welovecycling.com\/ee\/2021\/07\/15\/meeskonnavaimu-suurendamine-skoda-superb-autodega\/\" \/>\n<meta property=\"og:locale\" content=\"et_EE\" \/>\n<meta property=\"og:type\" content=\"article\" \/>\n<meta property=\"og:title\" content=\"Meeskonnavaimu suurendamine \u0160koda SUPERB autodega\" \/>\n<meta property=\"og:description\" content=\"Kui vaatasite seda vaatem\u00e4ngu, mis toimus Tour de France&#8217;i stardis Brestis, Loode-Prantsusmaal, k\u00f6itis teie t\u00e4helepanu kindlasti ka v\u00e4rvikate meeskonnaautode hulk. [&hellip;]\" \/>\n<meta property=\"og:url\" content=\"https:\/\/www.welovecycling.com\/ee\/2021\/07\/15\/meeskonnavaimu-suurendamine-skoda-superb-autodega\/\" \/>\n<meta property=\"og:site_name\" content=\"\u0160koda We Love Cycling - Estonia\" \/>\n<meta property=\"article:published_time\" content=\"2021-07-15T07:24:42+00:00\" \/>\n<meta property=\"article:modified_time\" content=\"2021-07-15T07:26:19+00:00\" \/>\n<meta property=\"og:image\" content=\"https:\/\/d2p6e6u75xmxt8.cloudfront.net\/15\/2021\/07\/SKODA-SUPERB-iV.jpg\" \/>\n\t<meta property=\"og:image:width\" content=\"1250\" \/>\n\t<meta property=\"og:image:height\" content=\"834\" \/>\n\t<meta property=\"og:image:type\" content=\"image\/jpeg\" \/>\n<meta name=\"author\" content=\"karit\" \/>\n<meta name=\"twitter:card\" content=\"summary_large_image\" \/>\n<meta name=\"twitter:label1\" content=\"Written by\" \/>\n\t<meta name=\"twitter:data1\" content=\"We Love Cycling\" \/>\n\t<meta name=\"twitter:label2\" content=\"Est. reading time\" \/>\n\t<meta name=\"twitter:data2\" content=\"3 minutes\" \/>\n<script type=\"application\/ld+json\" class=\"yoast-schema-graph\">{\"@context\":\"https:\/\/schema.org\",\"@graph\":[{\"@type\":\"WebPage\",\"@id\":\"https:\/\/www.welovecycling.com\/ee\/2021\/07\/15\/meeskonnavaimu-suurendamine-skoda-superb-autodega\/\",\"url\":\"https:\/\/www.welovecycling.com\/ee\/2021\/07\/15\/meeskonnavaimu-suurendamine-skoda-superb-autodega\/\",\"name\":\"Meeskonnavaimu suurendamine \u0160koda SUPERB autodega - \u0160koda We Love Cycling - Estonia\",\"isPartOf\":{\"@id\":\"https:\/\/www.welovecycling.com\/ee\/#website\"},\"primaryImageOfPage\":{\"@id\":\"https:\/\/www.welovecycling.com\/ee\/2021\/07\/15\/meeskonnavaimu-suurendamine-skoda-superb-autodega\/#primaryimage\"},\"image\":{\"@id\":\"https:\/\/www.welovecycling.com\/ee\/2021\/07\/15\/meeskonnavaimu-suurendamine-skoda-superb-autodega\/#primaryimage\"},\"thumbnailUrl\":\"https:\/\/d2p6e6u75xmxt8.cloudfront.net\/15\/2021\/07\/SKODA-SUPERB-iV.jpg\",\"datePublished\":\"2021-07-15T07:24:42+00:00\",\"dateModified\":\"2021-07-15T07:26:19+00:00\",\"author\":{\"@id\":\"https:\/\/www.welovecycling.com\/ee\/#\/schema\/person\/6969dabcb933c60a22a024886fc5dfb3\"},\"inLanguage\":\"et\",\"potentialAction\":[{\"@type\":\"ReadAction\",\"target\":[\"https:\/\/www.welovecycling.com\/ee\/2021\/07\/15\/meeskonnavaimu-suurendamine-skoda-superb-autodega\/\"]}]},{\"@type\":\"ImageObject\",\"inLanguage\":\"et\",\"@id\":\"https:\/\/www.welovecycling.com\/ee\/2021\/07\/15\/meeskonnavaimu-suurendamine-skoda-superb-autodega\/#primaryimage\",\"url\":\"https:\/\/d2p6e6u75xmxt8.cloudfront.net\/15\/2021\/07\/SKODA-SUPERB-iV.jpg\",\"contentUrl\":\"https:\/\/d2p6e6u75xmxt8.cloudfront.net\/15\/2021\/07\/SKODA-SUPERB-iV.jpg\",\"width\":1250,\"height\":834},{\"@type\":\"WebSite\",\"@id\":\"https:\/\/www.welovecycling.com\/ee\/#website\",\"url\":\"https:\/\/www.welovecycling.com\/ee\/\",\"name\":\"\u0160koda We Love Cycling - Estonia\",\"description\":\"\",\"potentialAction\":[{\"@type\":\"SearchAction\",\"target\":{\"@type\":\"EntryPoint\",\"urlTemplate\":\"https:\/\/www.welovecycling.com\/ee\/?s={search_term_string}\"},\"query-input\":{\"@type\":\"PropertyValueSpecification\",\"valueRequired\":true,\"valueName\":\"search_term_string\"}}],\"inLanguage\":\"et\"},{\"@type\":\"Person\",\"@id\":\"https:\/\/www.welovecycling.com\/ee\/#\/schema\/person\/6969dabcb933c60a22a024886fc5dfb3\",\"name\":\"karit\",\"image\":{\"@type\":\"ImageObject\",\"inLanguage\":\"et\",\"@id\":\"https:\/\/www.welovecycling.com\/ee\/#\/schema\/person\/image\/\",\"url\":\"https:\/\/secure.gravatar.com\/avatar\/5c6089f08f3aa4ecae4cfe6c342986b6f1785322192708cff03ffe36d607957c?s=96&d=mm&r=g\",\"contentUrl\":\"https:\/\/secure.gravatar.com\/avatar\/5c6089f08f3aa4ecae4cfe6c342986b6f1785322192708cff03ffe36d607957c?s=96&d=mm&r=g\",\"caption\":\"karit\"},\"url\":\"https:\/\/www.welovecycling.com\/ee\/author\/karit\/\"}]}<\/script>\n<!-- \/ Yoast SEO Premium plugin. -->","yoast_head_json":{"title":"Meeskonnavaimu suurendamine \u0160koda SUPERB autodega - \u0160koda We Love Cycling - Estonia","robots":{"index":"index","follow":"follow","max-snippet":"max-snippet:-1","max-image-preview":"max-image-preview:large","max-video-preview":"max-video-preview:-1"},"canonical":"https:\/\/www.welovecycling.com\/ee\/2021\/07\/15\/meeskonnavaimu-suurendamine-skoda-superb-autodega\/","og_locale":"et_EE","og_type":"article","og_title":"Meeskonnavaimu suurendamine \u0160koda SUPERB autodega","og_description":"Kui vaatasite seda vaatem\u00e4ngu, mis toimus Tour de France&#8217;i stardis Brestis, Loode-Prantsusmaal, k\u00f6itis teie t\u00e4helepanu kindlasti ka v\u00e4rvikate meeskonnaautode hulk. [&hellip;]","og_url":"https:\/\/www.welovecycling.com\/ee\/2021\/07\/15\/meeskonnavaimu-suurendamine-skoda-superb-autodega\/","og_site_name":"\u0160koda We Love Cycling - Estonia","article_published_time":"2021-07-15T07:24:42+00:00","article_modified_time":"2021-07-15T07:26:19+00:00","og_image":[{"width":1250,"height":834,"url":"https:\/\/d2p6e6u75xmxt8.cloudfront.net\/15\/2021\/07\/SKODA-SUPERB-iV.jpg","type":"image\/jpeg"}],"author":"karit","twitter_card":"summary_large_image","twitter_misc":{"Written by":"We Love Cycling","Est. reading time":"3 minutes"},"schema":{"@context":"https:\/\/schema.org","@graph":[{"@type":"WebPage","@id":"https:\/\/www.welovecycling.com\/ee\/2021\/07\/15\/meeskonnavaimu-suurendamine-skoda-superb-autodega\/","url":"https:\/\/www.welovecycling.com\/ee\/2021\/07\/15\/meeskonnavaimu-suurendamine-skoda-superb-autodega\/","name":"Meeskonnavaimu suurendamine \u0160koda SUPERB autodega - \u0160koda We Love Cycling - Estonia","isPartOf":{"@id":"https:\/\/www.welovecycling.com\/ee\/#website"},"primaryImageOfPage":{"@id":"https:\/\/www.welovecycling.com\/ee\/2021\/07\/15\/meeskonnavaimu-suurendamine-skoda-superb-autodega\/#primaryimage"},"image":{"@id":"https:\/\/www.welovecycling.com\/ee\/2021\/07\/15\/meeskonnavaimu-suurendamine-skoda-superb-autodega\/#primaryimage"},"thumbnailUrl":"https:\/\/d2p6e6u75xmxt8.cloudfront.net\/15\/2021\/07\/SKODA-SUPERB-iV.jpg","datePublished":"2021-07-15T07:24:42+00:00","dateModified":"2021-07-15T07:26:19+00:00","author":{"@id":"https:\/\/www.welovecycling.com\/ee\/#\/schema\/person\/6969dabcb933c60a22a024886fc5dfb3"},"inLanguage":"et","potentialAction":[{"@type":"ReadAction","target":["https:\/\/www.welovecycling.com\/ee\/2021\/07\/15\/meeskonnavaimu-suurendamine-skoda-superb-autodega\/"]}]},{"@type":"ImageObject","inLanguage":"et","@id":"https:\/\/www.welovecycling.com\/ee\/2021\/07\/15\/meeskonnavaimu-suurendamine-skoda-superb-autodega\/#primaryimage","url":"https:\/\/d2p6e6u75xmxt8.cloudfront.net\/15\/2021\/07\/SKODA-SUPERB-iV.jpg","contentUrl":"https:\/\/d2p6e6u75xmxt8.cloudfront.net\/15\/2021\/07\/SKODA-SUPERB-iV.jpg","width":1250,"height":834},{"@type":"WebSite","@id":"https:\/\/www.welovecycling.com\/ee\/#website","url":"https:\/\/www.welovecycling.com\/ee\/","name":"\u0160koda We Love Cycling - Estonia","description":"","potentialAction":[{"@type":"SearchAction","target":{"@type":"EntryPoint","urlTemplate":"https:\/\/www.welovecycling.com\/ee\/?s={search_term_string}"},"query-input":{"@type":"PropertyValueSpecification","valueRequired":true,"valueName":"search_term_string"}}],"inLanguage":"et"},{"@type":"Person","@id":"https:\/\/www.welovecycling.com\/ee\/#\/schema\/person\/6969dabcb933c60a22a024886fc5dfb3","name":"karit","image":{"@type":"ImageObject","inLanguage":"et","@id":"https:\/\/www.welovecycling.com\/ee\/#\/schema\/person\/image\/","url":"https:\/\/secure.gravatar.com\/avatar\/5c6089f08f3aa4ecae4cfe6c342986b6f1785322192708cff03ffe36d607957c?s=96&d=mm&r=g","contentUrl":"https:\/\/secure.gravatar.com\/avatar\/5c6089f08f3aa4ecae4cfe6c342986b6f1785322192708cff03ffe36d607957c?s=96&d=mm&r=g","caption":"karit"},"url":"https:\/\/www.welovecycling.com\/ee\/author\/karit\/"}]}},"_links":{"self":[{"href":"https:\/\/www.welovecycling.com\/ee\/wp-json\/wp\/v2\/posts\/429","targetHints":{"allow":["GET"]}}],"collection":[{"href":"https:\/\/www.welovecycling.com\/ee\/wp-json\/wp\/v2\/posts"}],"about":[{"href":"https:\/\/www.welovecycling.com\/ee\/wp-json\/wp\/v2\/types\/post"}],"author":[{"embeddable":true,"href":"https:\/\/www.welovecycling.com\/ee\/wp-json\/wp\/v2\/users\/143"}],"replies":[{"embeddable":true,"href":"https:\/\/www.welovecycling.com\/ee\/wp-json\/wp\/v2\/comments?post=429"}],"version-history":[{"count":1,"href":"https:\/\/www.welovecycling.com\/ee\/wp-json\/wp\/v2\/posts\/429\/revisions"}],"predecessor-version":[{"id":435,"href":"https:\/\/www.welovecycling.com\/ee\/wp-json\/wp\/v2\/posts\/429\/revisions\/435"}],"wp:featuredmedia":[{"embeddable":true,"href":"https:\/\/www.welovecycling.com\/ee\/wp-json\/wp\/v2\/media\/434"}],"wp:attachment":[{"href":"https:\/\/www.welovecycling.com\/ee\/wp-json\/wp\/v2\/media?parent=429"}],"wp:term":[{"taxonomy":"category","embeddable":true,"href":"https:\/\/www.welovecycling.com\/ee\/wp-json\/wp\/v2\/categories?post=429"},{"taxonomy":"post_tag","embeddable":true,"href":"https:\/\/www.welovecycling.com\/ee\/wp-json\/wp\/v2\/tags?post=429"},{"taxonomy":"global-categories","embeddable":true,"href":"https:\/\/www.welovecycling.com\/ee\/wp-json\/wp\/v2\/global-categories?post=429"}],"curies":[{"name":"wp","href":"https:\/\/api.w.org\/{rel}","templated":true}]}}