{"id":414,"date":"2021-07-08T13:44:36","date_gmt":"2021-07-08T13:44:36","guid":{"rendered":"https:\/\/www.welovecycling.com\/ee\/?p=414"},"modified":"2023-07-05T10:30:22","modified_gmt":"2023-07-05T10:30:22","slug":"skoda-superbi-teenindusautod-saavad-2021-aasta-tour-de-franceiks-uue-varvikuue","status":"publish","type":"post","link":"https:\/\/www.welovecycling.com\/ee\/2021\/07\/08\/skoda-superbi-teenindusautod-saavad-2021-aasta-tour-de-franceiks-uue-varvikuue\/","title":{"rendered":"\u0160koda SUPERBi teenindusautod saavad 2021. aasta Tour de France&#8217;iks uue v\u00e4rvikuue"},"content":{"rendered":"<p><strong>Piilume \u0160koda Shimano neutraalsete teenindusautode sisse<\/strong><\/p>\n<p><a href=\"https:\/\/d2p6e6u75xmxt8.cloudfront.net\/15\/2021\/07\/Shimano-4-1.jpg\"><img loading=\"lazy\" decoding=\"async\" class=\"alignnone size-full wp-image-415\" src=\"https:\/\/d2p6e6u75xmxt8.cloudfront.net\/15\/2021\/07\/Shimano-4-1.jpg\" alt=\"\" width=\"1134\" height=\"756\" srcset=\"https:\/\/d2p6e6u75xmxt8.cloudfront.net\/15\/2021\/07\/Shimano-4-1.jpg 1134w, https:\/\/d2p6e6u75xmxt8.cloudfront.net\/15\/2021\/07\/Shimano-4-1-300x200.jpg 300w, https:\/\/d2p6e6u75xmxt8.cloudfront.net\/15\/2021\/07\/Shimano-4-1-1024x683.jpg 1024w, https:\/\/d2p6e6u75xmxt8.cloudfront.net\/15\/2021\/07\/Shimano-4-1-768x512.jpg 768w, https:\/\/d2p6e6u75xmxt8.cloudfront.net\/15\/2021\/07\/Shimano-4-1-272x182.jpg 272w\" sizes=\"auto, (max-width: 1134px) 100vw, 1134px\" \/><\/a><\/p>\n<p><strong>\u0160koda SUPERBi teenindusautod saavad 2021. aasta Tour de France&#8217;iks uue v\u00e4rvikuue. Need v\u00e4rvitakse helesiniseks, sest kollase Mavicu asemel v\u00f5tab ohjad \u00fcle Shimano. See t\u00e4histab neutraalsete teenindusautode ajaloos uut ajaj\u00e4rku. Heidame pilgu kulisside taha, et teada saada, kuidas Shimano oma esimeseks tuuriks valmistub.<\/strong><\/p>\n<h2><strong>Shimano v\u00f5tab \u00fcle \u0160koda SUPERBi teenindusautod<\/strong><\/h2>\n<p>Shimano t\u00e4histab oma 100. juubelit stiilselt, saades 2021. aasta tuuri j\u00e4rgmiseks neutraalseks teenindusautode operaatoriks. See t\u00e4hendab, et Shimano vahetab v\u00e4lja Mavicu, kes on seda t\u00f6\u00f6d teinud viimased 43 aastat. Tegelikult pole suurv\u00f5istlused ka Shimano jaoks midagi uut. Neil on 20-aastane tugiteenuste pakkumise kogemus lugematutel v\u00f5istlustel. Shimano on pikaajaline Tour de France&#8217;i korraldaja Amaury Spordiorganisatsiooni (ASO) partner ja nad pakuvad neutraalset saateauto teenust ka La Vueltas, mida haldab samuti ASO.<\/p>\n<p><em>\u0160koda SUPERBi teenindusautod v\u00e4rvitakse selle aasta Tour de France\u2019i jaoks helesiniseks.<\/em><\/p>\n<h2><strong>Neutraalsed teenindusautod \u2013 varjatud kangelased <\/strong><\/h2>\n<p><a href=\"https:\/\/d2p6e6u75xmxt8.cloudfront.net\/15\/2021\/07\/Shimano-10.jpg\"><img loading=\"lazy\" decoding=\"async\" class=\"alignnone size-full wp-image-417\" src=\"https:\/\/d2p6e6u75xmxt8.cloudfront.net\/15\/2021\/07\/Shimano-10.jpg\" alt=\"\" width=\"850\" height=\"567\" srcset=\"https:\/\/d2p6e6u75xmxt8.cloudfront.net\/15\/2021\/07\/Shimano-10.jpg 850w, https:\/\/d2p6e6u75xmxt8.cloudfront.net\/15\/2021\/07\/Shimano-10-300x200.jpg 300w, https:\/\/d2p6e6u75xmxt8.cloudfront.net\/15\/2021\/07\/Shimano-10-768x512.jpg 768w, https:\/\/d2p6e6u75xmxt8.cloudfront.net\/15\/2021\/07\/Shimano-10-272x182.jpg 272w\" sizes=\"auto, (max-width: 850px) 100vw, 850px\" \/><\/a><\/p>\n<p>Mis need neutraalsed teenindusautod siis t\u00e4psemalt on? Paljud suurte rattav\u00f5istluste, n\u00e4iteks Tour de France\u2019i j\u00e4lgijad ei taipagi tihtipeale, et tuuri korraldajad vajavad nende autode abi. Nende autodega liigutakse peagrupi \u00fcmber ringi ilma igasuguse k\u00e4rata, lahendades nende abil k\u00f5iksugu mehaanilisi probleeme, mille t\u00f5ttu s\u00f5itjad muidu konkurentsist v\u00e4lja v\u00f5iksid langeda.<\/p>\n<p>Igasse Tour de France\u2019i meeskonda kuulub kaheksa ratturit, kuid iga meeskonna kohta on ette n\u00e4htud ainult kaks teenindusautot. Tihti juhtub, et ratturi meeskonna mehaanikud on liiga kaugel. Ratturid tuginevad seega tihti neutraalsete teenindusautode abile, eriti kohtades, kus on suur v\u00f5imalus mehaanilisteks riketeks v\u00f5i \u00f5nnetusteks, n\u00e4iteks munakividel ja m\u00e4gietappidel s\u00f5ites.<\/p>\n<p>Neutraalsed teenindusautod on ratturite jaoks t\u00e4htsad, kuid vaieldamatult on need olulised ka f\u00e4nnide jaoks, sest t\u00e4nu neile ei j\u00e4\u00e4 v\u00f5istlus seisma! Meil oli v\u00f5imalus vestelda Shimano teenindusmeeskonna koordinaatori Bruno Malletiga. Ta lubas meil veidi neutraalsete teenindusautode n\u00e4ituse kulisside taha piiluda.<\/p>\n<h2><strong>Mitu neutraalset teenindusautot teil kokku on?<\/strong><\/h2>\n<p>T\u00fc\u00fcpilise Tour de France\u2019i etapi korral on asi lihtne. Siis on kasutusel kolm \u0160koda SUPERBi, \u00fcks mootorratas ja \u00fcks tehniline s\u00f5iduk. Igal v\u00f5istlusel on aga omad n\u00f5udmised.<\/p>\n<p>\u201cM\u00f5nikord juhtub samal p\u00e4eval olema kaks v\u00f5istlust \u2013 U23 kategoorias \u00fcks s\u00f5it naistele ja teine meestele. Sel juhul saadame v\u00e4lja veel teisegi meeskonna, kuhu kuuluvad kaks autot ja \u00fcks mootorratas. Paris Roubaix\u2019 v\u00f5istlusel on hoopis teistsugune olukord, sinna tuleb v\u00e4lja saata suurem tugi. Meeste s\u00f5idule saadame neli autot, neli mootorratast ja \u00fche veoki, mis teisi s\u00f5idukeid vajalikuga varustab. Naiste v\u00f5istlusele saadame kolm autot, kaks mootorratast ja \u00fche veoki,\u201c \u00fctles Bruno Mallet.<\/p>\n<h2><strong>Milline on meeskond, kes teenindusautodega s\u00f5idab? <\/strong><\/h2>\n<p>\u201cIgas s\u00f5idukis on kaks inimest, mootorratta- v\u00f5i autojuht ja mehaanik,\u201d selgitas Bruno. Teenindusautode meeskonnad on v\u00e4ga kompaktsed, sest need on varustust pungil t\u00e4is! Teid v\u00f5ib \u00fcllatada, kui palju nendesse autodesse mahub.<\/p>\n<h2><strong>Kui palju lisarattaid te v\u00f5istlejate toetamiseks kaasa v\u00f5tate? <\/strong><\/h2>\n<p>\u201cIga auto katusel on rattaraam, kuhu on kinnitatud kuus erineva suurusega jalgratast ja kolm jooksu Shimano rattaid. Autos sees on meil aga ka konkureerivate br\u00e4ndide rattaid, et saaksime vajadusel k\u00f5iki v\u00f5istlejaid abistada,\u201c \u00fctles Bruno. \u00dcks teenindusmeeskonna suurimaid v\u00e4ljakutseid ongi varustuse mitmek\u00fclgsus, mida tuuril kasutatakse. Lisaks on ka k\u00f5ik s\u00f5itjad erinevat kasvu.<\/p>\n<h2><strong>Kuidas te teate, millist varustust autodesse panna?<\/strong><\/h2>\n<p>\u201cAasta alguses teeme meeskondade varustuse inventuuri ja kontrollime selle enne iga v\u00f5istlust \u00fcle, veendumaks, et meeskond ei ole oma jalgrattaid muutnud. N\u00e4eme nii palju vaeva, et olla erinevate intsidentide korral valmis efektiivselt tegutsema, sest seda tuleb teha v\u00f5imalikult kiiresti. Kui teame, mida vaja l\u00e4heb, saab mehaanik s\u00f5idukist v\u00e4ljuda \u00f5ige varuosaga,\u201c selgitas Bruno.<\/p>\n<p>See t\u00e4hendab, et teenindusautodesse peab mahtuma uskumatult palju varustust. Lisaks on seal k\u00fclmakastid veepudelite, energiabatoonide ja -geelidega, et vajadusel s\u00f5itjaid turgutada.<\/p>\n<p>\u201cIgal meeskonnal on oma erip\u00e4rad ja seoses ketaspidurite massilise kasutuselev\u00f5tuga peame kaasas kandma erinevaid piduris\u00fcsteeme, millel on erineva suurusega kettad. See on veel \u00fcks p\u00f5hjus, miks meil autodes nii palju asju on,\u201c selgitas Bruno.<\/p>\n<p>Allpool on nimekiri varustusest, mis \u00fchte teenindusautosse mahutatakse:<\/p>\n<ul>\n<li>3 Shimano pedaalidega jalgratast<\/li>\n<li>3 konkureerivate br\u00e4ndide pedaalidega jalgratast<\/li>\n<li>4 Shimano p\u00f6iapiduritega ratast<\/li>\n<li>8 Shimano ketaspiduritega ratast (140 ja 160 mm kettad)<\/li>\n<li>2 ketast m\u00f5lemas suuruses (140 ja 160 mm)<\/li>\n<li>4 konkureerivate br\u00e4ndide tagaratast<\/li>\n<li>1 paar pedaale iga br\u00e4ndi kohta, mis v\u00f5istlusel esindatud on<\/li>\n<li>2 ketti<\/li>\n<li>2 Shimano Di2 akut<\/li>\n<li>20 joogipudelit<\/li>\n<li>24 veepudelit 50 cl<\/li>\n<li>30 energiageeli<\/li>\n<li>30 energiabatooni<\/li>\n<li>K\u00f5ik vajalikud t\u00f6\u00f6riistad<\/li>\n<\/ul>\n<p>&nbsp;<\/p>\n<h2><strong>Kuidas see k\u00f5ik autosse \u00f5nnestub mahutada? <\/strong><\/h2>\n<p>\u201cIgal asjal on oma koht, kust see v\u00f5etakse ja kuhu tagasi pannakse. Selline s\u00fcsteem on vajalik, et vajadusel kiirelt reageerida. Me oleme Tetrise m\u00e4ngu eksperdid!\u201c naljatas Bruno.<\/p>\n<p><a href=\"https:\/\/d2p6e6u75xmxt8.cloudfront.net\/15\/2021\/07\/Shimano-neutral-car.jpg\"><img loading=\"lazy\" decoding=\"async\" class=\"alignnone size-full wp-image-418\" src=\"https:\/\/d2p6e6u75xmxt8.cloudfront.net\/15\/2021\/07\/Shimano-neutral-car.jpg\" alt=\"\" width=\"1063\" height=\"709\" srcset=\"https:\/\/d2p6e6u75xmxt8.cloudfront.net\/15\/2021\/07\/Shimano-neutral-car.jpg 1063w, https:\/\/d2p6e6u75xmxt8.cloudfront.net\/15\/2021\/07\/Shimano-neutral-car-300x200.jpg 300w, https:\/\/d2p6e6u75xmxt8.cloudfront.net\/15\/2021\/07\/Shimano-neutral-car-1024x683.jpg 1024w, https:\/\/d2p6e6u75xmxt8.cloudfront.net\/15\/2021\/07\/Shimano-neutral-car-768x512.jpg 768w, https:\/\/d2p6e6u75xmxt8.cloudfront.net\/15\/2021\/07\/Shimano-neutral-car-272x182.jpg 272w\" sizes=\"auto, (max-width: 1063px) 100vw, 1063px\" \/><\/a>Viimane lihv enne v\u00e4ljas\u00f5itu.<\/p>\n<h2><strong>Mis sulle \u0160koda SUPERBi juures meeldib?<\/strong><\/h2>\n<p>\u201cMeie s\u00f5idukid peavad olema piisavalt suured, et kogu varustus \u00e4ra mahutada ning ka piisavalt v\u00f5imsad, et vajadusel kiiresti \u00fchest punktist teise j\u00f5uda. \u00d5nneks on meil s\u00f5idukid, mis nendele kriteeriumidele t\u00e4ielikult vastavad. Lisaks on need h\u00fcbriidversioonid, mist\u00f5ttu on need ka keskkonnas\u00f5bralikud,\u201c \u00fctles Bruno.<\/p>\n<h2><strong>Kus me Shimano teenindusautosid t\u00e4psemalt n\u00e4ha v\u00f5ime? <\/strong><\/h2>\n<p>\u201cTavaliselt oleme asja korraldanud nii, et v\u00f5istluse ajal on kaks autot ja \u00fcks mootorratas peagrupi ees ja \u00fcks auto v\u00f5istlejate grupi taga. Igas s\u00f5idukis on kaks sides\u00fcsteemi. \u00dcks on m\u00f5eldud Radio Tour\u2019i sageduse jaoks ja teine on siseraadio, mille abil k\u00f5igi Shimano s\u00f5idukite asukohta optimaalselt koordineerida,\u201c selgitas Bruno.<\/p>\n<h2><strong>Kuidas k\u00e4itute, kui tekivad eraldi ratturite grupid?<\/strong><\/h2>\n<p>\u201cKui m\u00f5ni grupp peagrupist eraldub, siis j\u00e4rgneb neile tavaliselt esimesena Shimano mootorratas. See juhtub kohe, kui juhtgrupp edestab teisi rattureid umbes 20 sekundiga. Kui vahe muutub suuremaks kui 35 sekundit, siis liitub juhtgrupiga ka esimene Shimano auto. See t\u00e4hendab, et mootorratas saab tagasi peagrupi juurde naasta, et kiirelt reageerida, kui peagrupp peaks vastu r\u00fcndama,\u201c selgitas Bruno.<\/p>\n<p>\u201eKui vahe juhtgrupi ja peagrupi vahel on umbes 2,5 minutit, saadetakse mootorratta asemel peagrupi ette teine Shimano auto. Mootorratas \u00fchineb uuesti juhtgrupiga, et sekkuda, kui see grupp laiali valgub. Teine Shimano auto on n\u00fc\u00fcd v\u00f5imeline toetama k\u00f5iki edasisi eralduvaid ning juhtgrupile j\u00e4rgneda \u00fcritavaid gruppe,\u201d j\u00e4tkas Bruno.<\/p>\n<p>\u201cKolmas Shimano auto paigutatakse peagrupi taha, see on \u017e\u00fcrii presidendi k\u00e4sutuses ja sel tuleb sekkuda k\u00f5igi palvete peale, mis UCI poolt tulevad,\u201c lisas Bruno.<\/p>\n<p>Seega, hoidke sel aastal Tour de France\u2019il peagrupist eralduvatel gruppidel silma peal, et m\u00e4rgata helesiniseid \u0160koda SUPERBi teenindusautosid, mis on valmis sinu lemmik-rattureid abistama!<\/p>\n<p><a href=\"https:\/\/d2p6e6u75xmxt8.cloudfront.net\/15\/2021\/07\/Shimano-9-1.jpg\"><img loading=\"lazy\" decoding=\"async\" class=\"alignnone size-full wp-image-416\" src=\"https:\/\/d2p6e6u75xmxt8.cloudfront.net\/15\/2021\/07\/Shimano-9-1.jpg\" alt=\"\" width=\"1063\" height=\"709\" srcset=\"https:\/\/d2p6e6u75xmxt8.cloudfront.net\/15\/2021\/07\/Shimano-9-1.jpg 1063w, https:\/\/d2p6e6u75xmxt8.cloudfront.net\/15\/2021\/07\/Shimano-9-1-300x200.jpg 300w, https:\/\/d2p6e6u75xmxt8.cloudfront.net\/15\/2021\/07\/Shimano-9-1-1024x683.jpg 1024w, https:\/\/d2p6e6u75xmxt8.cloudfront.net\/15\/2021\/07\/Shimano-9-1-768x512.jpg 768w, https:\/\/d2p6e6u75xmxt8.cloudfront.net\/15\/2021\/07\/Shimano-9-1-272x182.jpg 272w\" sizes=\"auto, (max-width: 1063px) 100vw, 1063px\" \/><\/a><\/p>\n","protected":false},"excerpt":{"rendered":"<p>Piilume \u0160koda Shimano neutraalsete teenindusautode sisse \u0160koda SUPERBi teenindusautod saavad 2021. aasta Tour de France&#8217;iks uue v\u00e4rvikuue. Need v\u00e4rvitakse helesiniseks, [&hellip;]<\/p>\n","protected":false},"author":143,"featured_media":418,"comment_status":"open","ping_status":"open","sticky":false,"template":"","format":"standard","meta":{"footnotes":""},"categories":[39],"tags":[],"global-categories":[31],"class_list":["post-414","post","type-post","status-publish","format-standard","has-post-thumbnail","hentry","category-maanteesoit","global-categories-superb"],"yoast_head":"<!-- This site is optimized with the Yoast SEO Premium plugin v25.3 (Yoast SEO v25.9) - https:\/\/yoast.com\/wordpress\/plugins\/seo\/ -->\n<title>\u0160koda SUPERBi teenindusautod saavad 2021. aasta Tour de France&#039;iks uue v\u00e4rvikuue - \u0160koda We Love Cycling - Estonia<\/title>\n<meta name=\"robots\" content=\"index, follow, max-snippet:-1, max-image-preview:large, max-video-preview:-1\" \/>\n<link rel=\"canonical\" href=\"https:\/\/www.welovecycling.com\/ee\/2021\/07\/08\/skoda-superbi-teenindusautod-saavad-2021-aasta-tour-de-franceiks-uue-varvikuue\/\" \/>\n<meta property=\"og:locale\" content=\"et_EE\" \/>\n<meta property=\"og:type\" content=\"article\" \/>\n<meta property=\"og:title\" content=\"\u0160koda SUPERBi teenindusautod saavad 2021. aasta Tour de France&#039;iks uue v\u00e4rvikuue\" \/>\n<meta property=\"og:description\" content=\"Piilume \u0160koda Shimano neutraalsete teenindusautode sisse \u0160koda SUPERBi teenindusautod saavad 2021. aasta Tour de France&#8217;iks uue v\u00e4rvikuue. Need v\u00e4rvitakse helesiniseks, [&hellip;]\" \/>\n<meta property=\"og:url\" content=\"https:\/\/www.welovecycling.com\/ee\/2021\/07\/08\/skoda-superbi-teenindusautod-saavad-2021-aasta-tour-de-franceiks-uue-varvikuue\/\" \/>\n<meta property=\"og:site_name\" content=\"\u0160koda We Love Cycling - Estonia\" \/>\n<meta property=\"article:published_time\" content=\"2021-07-08T13:44:36+00:00\" \/>\n<meta property=\"article:modified_time\" content=\"2023-07-05T10:30:22+00:00\" \/>\n<meta property=\"og:image\" content=\"https:\/\/d2p6e6u75xmxt8.cloudfront.net\/15\/2021\/07\/Shimano-neutral-car.jpg\" \/>\n\t<meta property=\"og:image:width\" content=\"1063\" \/>\n\t<meta property=\"og:image:height\" content=\"709\" \/>\n\t<meta property=\"og:image:type\" content=\"image\/jpeg\" \/>\n<meta name=\"author\" content=\"karit\" \/>\n<meta name=\"twitter:card\" content=\"summary_large_image\" \/>\n<meta name=\"twitter:label1\" content=\"Written by\" \/>\n\t<meta name=\"twitter:data1\" content=\"We Love Cycling\" \/>\n\t<meta name=\"twitter:label2\" content=\"Est. reading time\" \/>\n\t<meta name=\"twitter:data2\" content=\"5 minutes\" \/>\n<script type=\"application\/ld+json\" class=\"yoast-schema-graph\">{\"@context\":\"https:\/\/schema.org\",\"@graph\":[{\"@type\":\"WebPage\",\"@id\":\"https:\/\/www.welovecycling.com\/ee\/2021\/07\/08\/skoda-superbi-teenindusautod-saavad-2021-aasta-tour-de-franceiks-uue-varvikuue\/\",\"url\":\"https:\/\/www.welovecycling.com\/ee\/2021\/07\/08\/skoda-superbi-teenindusautod-saavad-2021-aasta-tour-de-franceiks-uue-varvikuue\/\",\"name\":\"\u0160koda SUPERBi teenindusautod saavad 2021. aasta Tour de France'iks uue v\u00e4rvikuue - \u0160koda We Love Cycling - Estonia\",\"isPartOf\":{\"@id\":\"https:\/\/www.welovecycling.com\/ee\/#website\"},\"primaryImageOfPage\":{\"@id\":\"https:\/\/www.welovecycling.com\/ee\/2021\/07\/08\/skoda-superbi-teenindusautod-saavad-2021-aasta-tour-de-franceiks-uue-varvikuue\/#primaryimage\"},\"image\":{\"@id\":\"https:\/\/www.welovecycling.com\/ee\/2021\/07\/08\/skoda-superbi-teenindusautod-saavad-2021-aasta-tour-de-franceiks-uue-varvikuue\/#primaryimage\"},\"thumbnailUrl\":\"https:\/\/d2p6e6u75xmxt8.cloudfront.net\/15\/2021\/07\/Shimano-neutral-car.jpg\",\"datePublished\":\"2021-07-08T13:44:36+00:00\",\"dateModified\":\"2023-07-05T10:30:22+00:00\",\"author\":{\"@id\":\"https:\/\/www.welovecycling.com\/ee\/#\/schema\/person\/6969dabcb933c60a22a024886fc5dfb3\"},\"inLanguage\":\"et\",\"potentialAction\":[{\"@type\":\"ReadAction\",\"target\":[\"https:\/\/www.welovecycling.com\/ee\/2021\/07\/08\/skoda-superbi-teenindusautod-saavad-2021-aasta-tour-de-franceiks-uue-varvikuue\/\"]}]},{\"@type\":\"ImageObject\",\"inLanguage\":\"et\",\"@id\":\"https:\/\/www.welovecycling.com\/ee\/2021\/07\/08\/skoda-superbi-teenindusautod-saavad-2021-aasta-tour-de-franceiks-uue-varvikuue\/#primaryimage\",\"url\":\"https:\/\/d2p6e6u75xmxt8.cloudfront.net\/15\/2021\/07\/Shimano-neutral-car.jpg\",\"contentUrl\":\"https:\/\/d2p6e6u75xmxt8.cloudfront.net\/15\/2021\/07\/Shimano-neutral-car.jpg\",\"width\":1063,\"height\":709},{\"@type\":\"WebSite\",\"@id\":\"https:\/\/www.welovecycling.com\/ee\/#website\",\"url\":\"https:\/\/www.welovecycling.com\/ee\/\",\"name\":\"\u0160koda We Love Cycling - Estonia\",\"description\":\"\",\"potentialAction\":[{\"@type\":\"SearchAction\",\"target\":{\"@type\":\"EntryPoint\",\"urlTemplate\":\"https:\/\/www.welovecycling.com\/ee\/?s={search_term_string}\"},\"query-input\":{\"@type\":\"PropertyValueSpecification\",\"valueRequired\":true,\"valueName\":\"search_term_string\"}}],\"inLanguage\":\"et\"},{\"@type\":\"Person\",\"@id\":\"https:\/\/www.welovecycling.com\/ee\/#\/schema\/person\/6969dabcb933c60a22a024886fc5dfb3\",\"name\":\"karit\",\"image\":{\"@type\":\"ImageObject\",\"inLanguage\":\"et\",\"@id\":\"https:\/\/www.welovecycling.com\/ee\/#\/schema\/person\/image\/\",\"url\":\"https:\/\/secure.gravatar.com\/avatar\/5c6089f08f3aa4ecae4cfe6c342986b6f1785322192708cff03ffe36d607957c?s=96&d=mm&r=g\",\"contentUrl\":\"https:\/\/secure.gravatar.com\/avatar\/5c6089f08f3aa4ecae4cfe6c342986b6f1785322192708cff03ffe36d607957c?s=96&d=mm&r=g\",\"caption\":\"karit\"},\"url\":\"https:\/\/www.welovecycling.com\/ee\/author\/karit\/\"}]}<\/script>\n<!-- \/ Yoast SEO Premium plugin. -->","yoast_head_json":{"title":"\u0160koda SUPERBi teenindusautod saavad 2021. aasta Tour de France'iks uue v\u00e4rvikuue - \u0160koda We Love Cycling - Estonia","robots":{"index":"index","follow":"follow","max-snippet":"max-snippet:-1","max-image-preview":"max-image-preview:large","max-video-preview":"max-video-preview:-1"},"canonical":"https:\/\/www.welovecycling.com\/ee\/2021\/07\/08\/skoda-superbi-teenindusautod-saavad-2021-aasta-tour-de-franceiks-uue-varvikuue\/","og_locale":"et_EE","og_type":"article","og_title":"\u0160koda SUPERBi teenindusautod saavad 2021. aasta Tour de France'iks uue v\u00e4rvikuue","og_description":"Piilume \u0160koda Shimano neutraalsete teenindusautode sisse \u0160koda SUPERBi teenindusautod saavad 2021. aasta Tour de France&#8217;iks uue v\u00e4rvikuue. Need v\u00e4rvitakse helesiniseks, [&hellip;]","og_url":"https:\/\/www.welovecycling.com\/ee\/2021\/07\/08\/skoda-superbi-teenindusautod-saavad-2021-aasta-tour-de-franceiks-uue-varvikuue\/","og_site_name":"\u0160koda We Love Cycling - Estonia","article_published_time":"2021-07-08T13:44:36+00:00","article_modified_time":"2023-07-05T10:30:22+00:00","og_image":[{"width":1063,"height":709,"url":"https:\/\/d2p6e6u75xmxt8.cloudfront.net\/15\/2021\/07\/Shimano-neutral-car.jpg","type":"image\/jpeg"}],"author":"karit","twitter_card":"summary_large_image","twitter_misc":{"Written by":"We Love Cycling","Est. reading time":"5 minutes"},"schema":{"@context":"https:\/\/schema.org","@graph":[{"@type":"WebPage","@id":"https:\/\/www.welovecycling.com\/ee\/2021\/07\/08\/skoda-superbi-teenindusautod-saavad-2021-aasta-tour-de-franceiks-uue-varvikuue\/","url":"https:\/\/www.welovecycling.com\/ee\/2021\/07\/08\/skoda-superbi-teenindusautod-saavad-2021-aasta-tour-de-franceiks-uue-varvikuue\/","name":"\u0160koda SUPERBi teenindusautod saavad 2021. aasta Tour de France'iks uue v\u00e4rvikuue - \u0160koda We Love Cycling - Estonia","isPartOf":{"@id":"https:\/\/www.welovecycling.com\/ee\/#website"},"primaryImageOfPage":{"@id":"https:\/\/www.welovecycling.com\/ee\/2021\/07\/08\/skoda-superbi-teenindusautod-saavad-2021-aasta-tour-de-franceiks-uue-varvikuue\/#primaryimage"},"image":{"@id":"https:\/\/www.welovecycling.com\/ee\/2021\/07\/08\/skoda-superbi-teenindusautod-saavad-2021-aasta-tour-de-franceiks-uue-varvikuue\/#primaryimage"},"thumbnailUrl":"https:\/\/d2p6e6u75xmxt8.cloudfront.net\/15\/2021\/07\/Shimano-neutral-car.jpg","datePublished":"2021-07-08T13:44:36+00:00","dateModified":"2023-07-05T10:30:22+00:00","author":{"@id":"https:\/\/www.welovecycling.com\/ee\/#\/schema\/person\/6969dabcb933c60a22a024886fc5dfb3"},"inLanguage":"et","potentialAction":[{"@type":"ReadAction","target":["https:\/\/www.welovecycling.com\/ee\/2021\/07\/08\/skoda-superbi-teenindusautod-saavad-2021-aasta-tour-de-franceiks-uue-varvikuue\/"]}]},{"@type":"ImageObject","inLanguage":"et","@id":"https:\/\/www.welovecycling.com\/ee\/2021\/07\/08\/skoda-superbi-teenindusautod-saavad-2021-aasta-tour-de-franceiks-uue-varvikuue\/#primaryimage","url":"https:\/\/d2p6e6u75xmxt8.cloudfront.net\/15\/2021\/07\/Shimano-neutral-car.jpg","contentUrl":"https:\/\/d2p6e6u75xmxt8.cloudfront.net\/15\/2021\/07\/Shimano-neutral-car.jpg","width":1063,"height":709},{"@type":"WebSite","@id":"https:\/\/www.welovecycling.com\/ee\/#website","url":"https:\/\/www.welovecycling.com\/ee\/","name":"\u0160koda We Love Cycling - Estonia","description":"","potentialAction":[{"@type":"SearchAction","target":{"@type":"EntryPoint","urlTemplate":"https:\/\/www.welovecycling.com\/ee\/?s={search_term_string}"},"query-input":{"@type":"PropertyValueSpecification","valueRequired":true,"valueName":"search_term_string"}}],"inLanguage":"et"},{"@type":"Person","@id":"https:\/\/www.welovecycling.com\/ee\/#\/schema\/person\/6969dabcb933c60a22a024886fc5dfb3","name":"karit","image":{"@type":"ImageObject","inLanguage":"et","@id":"https:\/\/www.welovecycling.com\/ee\/#\/schema\/person\/image\/","url":"https:\/\/secure.gravatar.com\/avatar\/5c6089f08f3aa4ecae4cfe6c342986b6f1785322192708cff03ffe36d607957c?s=96&d=mm&r=g","contentUrl":"https:\/\/secure.gravatar.com\/avatar\/5c6089f08f3aa4ecae4cfe6c342986b6f1785322192708cff03ffe36d607957c?s=96&d=mm&r=g","caption":"karit"},"url":"https:\/\/www.welovecycling.com\/ee\/author\/karit\/"}]}},"_links":{"self":[{"href":"https:\/\/www.welovecycling.com\/ee\/wp-json\/wp\/v2\/posts\/414","targetHints":{"allow":["GET"]}}],"collection":[{"href":"https:\/\/www.welovecycling.com\/ee\/wp-json\/wp\/v2\/posts"}],"about":[{"href":"https:\/\/www.welovecycling.com\/ee\/wp-json\/wp\/v2\/types\/post"}],"author":[{"embeddable":true,"href":"https:\/\/www.welovecycling.com\/ee\/wp-json\/wp\/v2\/users\/143"}],"replies":[{"embeddable":true,"href":"https:\/\/www.welovecycling.com\/ee\/wp-json\/wp\/v2\/comments?post=414"}],"version-history":[{"count":2,"href":"https:\/\/www.welovecycling.com\/ee\/wp-json\/wp\/v2\/posts\/414\/revisions"}],"predecessor-version":[{"id":421,"href":"https:\/\/www.welovecycling.com\/ee\/wp-json\/wp\/v2\/posts\/414\/revisions\/421"}],"wp:featuredmedia":[{"embeddable":true,"href":"https:\/\/www.welovecycling.com\/ee\/wp-json\/wp\/v2\/media\/418"}],"wp:attachment":[{"href":"https:\/\/www.welovecycling.com\/ee\/wp-json\/wp\/v2\/media?parent=414"}],"wp:term":[{"taxonomy":"category","embeddable":true,"href":"https:\/\/www.welovecycling.com\/ee\/wp-json\/wp\/v2\/categories?post=414"},{"taxonomy":"post_tag","embeddable":true,"href":"https:\/\/www.welovecycling.com\/ee\/wp-json\/wp\/v2\/tags?post=414"},{"taxonomy":"global-categories","embeddable":true,"href":"https:\/\/www.welovecycling.com\/ee\/wp-json\/wp\/v2\/global-categories?post=414"}],"curies":[{"name":"wp","href":"https:\/\/api.w.org\/{rel}","templated":true}]}}