{"id":398,"date":"2021-05-28T06:44:37","date_gmt":"2021-05-28T06:44:37","guid":{"rendered":"https:\/\/www.welovecycling.com\/ee\/?p=398"},"modified":"2023-07-05T10:31:05","modified_gmt":"2023-07-05T10:31:05","slug":"skoda-auto-on-18-korda-tour-de-francei-ametlik-peasponsor","status":"publish","type":"post","link":"https:\/\/www.welovecycling.com\/ee\/2021\/05\/28\/skoda-auto-on-18-korda-tour-de-francei-ametlik-peasponsor\/","title":{"rendered":"\u0160koda AUTO on 18. korda Tour de France\u2019i ametlik peasponsor"},"content":{"rendered":"\r\n<figure class=\"wp-block-image\"><img decoding=\"async\" class=\"wp-image-24838\" src=\"https:\/\/www.skodalaagri.ee\/sko\/wp-content\/uploads\/2021\/07\/Enyaq-tdf-6-16-9-1-1440x810-1024x576.jpg\" alt=\"\" \/><\/figure>\r\n\r\n\r\n\r\n<p><strong>\u203a \u0160koda AUTO on toetanud Tour de France\u2019i alates 2004. aastast \u203a \u0160koda ENYAQ iV on juhtautona (\u201ePunane Auto\u201c) tuuri juhi Christian Prudhomme\u2019i kasutuses 21-st etapist 15-l \u203a \u0160koda AUTO sponsoreerib seitsmendat aastat j\u00e4rjest punktiseisu liidri Rohelist S\u00e4rki<\/strong><\/p>\r\n\r\n\r\n\r\n<p>Mlad\u00e1 Boleslav, 22. juuni 2021 \u2013 \u0160koda AUTO toetab sel aastal Tour de France\u2019i (26. juuni \u2013 18. juuli 2021) juba 18. korda. Autotootja tagab liikuvuse nii tuuri korraldajatele kui ka mitmele meeskonnale kokku 250 autoga. Autopargis on esindatud mudelid \u0160koda ENYAQ iV, \u0160koda OCTAVIA ja OCTAVIA iV ning ka \u0160koda SUPERB iV. T\u0161ehhi autotootja t\u00e4iselektriline linnamaastur t\u00e4idab taas juhtauto ja mobiilse juhtimiskeskuse (Punase Auto) rolli, olles sel aastal Tour de France\u2019i juhi Christian Prudhomme\u2019i kasutuses. Lisaks sponsoreerib \u0160koda AUTO punktiseisu liidri Rohelist S\u00e4rki ja hoiab Tour de France\u2019i ametliku rakenduse partnerina f\u00e4nne kursis v\u00f5idus\u00f5idu v\u00e4rskeimate arengutega.<\/p>\r\n\r\n\r\n\r\n<figure class=\"wp-block-image\"><img decoding=\"async\" class=\"wp-image-24832\" src=\"https:\/\/www.skodalaagri.ee\/sko\/wp-content\/uploads\/2021\/07\/200902-SKODA-ENYAQ-iV-as-the-Red-Car-1-1536x1025-1024x683.jpg\" alt=\"\" \/><\/figure>\r\n\r\n\r\n\r\n<p>Martin Jahn, \u0160koda AUTO juhatuse liige m\u00fc\u00fcgi ja turunduse alal, r\u00f5hutab: \u201cMeie ettev\u00f5tte pikk ajalugu on olnud lahutamatult seotud jalgrattas\u00f5iduga. Seet\u00f5ttu on \u0160koda AUTO p\u00fchendunud, et olla tugev pikaajaline partner rahvusvahelisele profi- ja amat\u00f6\u00f6rtasemel jalgrattaspordile. Tour de France\u2019i toetamine on olnud \u00fcks meie sporditoetuse nurgakividest alates 2004. aastast. See pakub meile v\u00f5imalust n\u00e4htavalt ja j\u00e4tkusuutlikult oma kaubam\u00e4rki ja tooteid sobivas keskkonnas positsioneerida ning jagada rahvusvahelise jalgrattaspordi kogukonnaga oma entusiasmi selle suurep\u00e4rase spordiala vastu. Mulle teeb erilist r\u00f5\u00f5mu, et Tour de France\u2019i juhtautona on kasutusel meie esimene t\u00e4iselektriline linnamaastur ENYAQ iV.\u201c<\/p>\r\n\r\n\r\n\r\n<p>J\u00e4rjekorras 108. Tour de France algas 26. juunil Grand D\u00e9part\u2019iga Brestis. Tour de France h\u00f5lmab 21 etappi, kogupikkusega \u00fcle 3 300 kilomeetri, mille hulgas on ka kuus m\u00e4gietappi. Fini\u0161ijoon \u00fcletatakse Pariisis, Champs-\u00c9lys\u00e9es\u2019l, 18. juulil.<\/p>\r\n\r\n\r\n\r\n<figure class=\"wp-block-image\"><img decoding=\"async\" class=\"wp-image-24834\" src=\"https:\/\/www.skodalaagri.ee\/sko\/wp-content\/uploads\/2021\/07\/SKODAEnyaqiV-as-the-lead-vehicle-in-tdf_-1024x576.jpg\" alt=\"\" \/><\/figure>\r\n\r\n\r\n\r\n<p>Sel aastal on \u0160koda AUTO 18. korda maailma suurima jalgrattaspordi\u00fcrituse peasponsor ja autopartner. Ettev\u00f5te paneb v\u00e4lja umbes 250 s\u00f5idukit. Autopark, mis h\u00f5lmab mudeleid \u0160koda ENYAQ iV, \u0160koda OCTAVIA ja OCTAVIA iV ning \u0160koda SUPERB iV, tagab liikuvuse nii korraldajatele kui ka tuuri juhtkonnale ning on raja \u00e4\u00e4res v\u00e4ljas ka hooldusautodena. \u0160koda AUTO pakub ka VIP transporti varasematele v\u00f5istluse v\u00f5itjatele, kel on taaskord v\u00f5imalus Tour de France\u2019i l\u00e4hedalt kogeda.<\/p>\r\n\r\n\r\n\r\n<p>Sel aastal veab juhtgruppi taas \u0160koda ENYAQ iV: Tour de France\u2019i juht Christian Prudhomme kasutab t\u00e4iselektrilist linnamaasturit mobiilse juhtimiskeskusena. Ta lehvitab iga etapi alguses katuseluugist kollast lippu ning juhib siis v\u00f5idus\u00f5itu tipptasemel sidetehnoloogia abil. N\u00e4iteks saab ta anda ohutusjuhiseid k\u00f5ikjal, kus vaja. M\u00f5nedel etappidel kasutab Christian Prudhomme \u201ePunase Autona\u201c ka pistikh\u00fcbriidajamiga mudelit \u0160koda SUPERB iV.<\/p>\r\n\r\n\r\n\r\n<p>V\u00f5istluse ajal on \u0160koda AUTO logo punktiarvestuse liidri seljas oleval Rohelisel S\u00e4rgil, mida autotootja on sponsoreerinud aastast 2015. Maailma suurima jalgrattav\u00f5idus\u00f5idu v\u00f5itja t\u00f5stab \u00fcheteistk\u00fcmnendat korda Avenue des Champs-\u00c9lys\u00e9es\u2019l pea kohale kristallkarika, mille loomise vastutus on taaskord \u0160koda Design\u2019i ja \u0160koda AUTO sisekujunduse juhi Peter Olah\u2019i \u00f5lgadel.<\/p>\r\n\r\n\r\n\r\n<p>\u0160koda teeb kampaaniakommunikatsiooni telereklaamides, oma \u00fchismeediakanalites ja ettev\u00f5tte spetsiaalsel veebilehel <a href=\"https:\/\/www.welovecycling.com\/\" target=\"_blank\" rel=\"noreferrer noopener\">https:\/\/www.welovecycling.com\/<\/a>. Sellelt lehelt leiavad rattaentusiastid huvitavat infot maailma kuulsaima rattav\u00f5idus\u00f5idu kohta ja eksklusiivsete auhindadega v\u00f5istlusm\u00e4ngu.<\/p>\r\n\r\n\r\n\r\n<figure class=\"wp-block-image\"><img decoding=\"async\" class=\"wp-image-24836\" src=\"https:\/\/www.skodalaagri.ee\/sko\/wp-content\/uploads\/2021\/07\/image001-1-1920x1280-1024x683.jpg\" alt=\"\" \/><\/figure>\r\n\r\n\r\n\r\n<p>Ametliku Tour de France\u2019i rakenduse partnerina aitab \u0160koda rattaf\u00e4nnidel hoida silm peal teekonnal toimuval. Lisaks hetke paremusj\u00e4rjestusele ja otse\u00fclekande uudisribale pakub rakendus ka reaalajas GPS-j\u00e4lgimist, v\u00f5istlejate profiile ja palju muud. Rakendus on tasuta alla laetav ning saadaval nii Androidile kui ka iOS-ile.<\/p>\r\n\r\n\r\n\r\n<p><strong>\u0160koda \u00e4ri algas jalgrattast <\/strong>\u0160koda kirg jalgrattas\u00f5idu vastu ulatub ettev\u00f5tte ajaloo algusaastatesse: aastal 1895 asutasid V\u00e1clav Laurin ja V\u00e1clav Klement jalgrataste B\u00f6\u00f6mimaal t\u00f6\u00f6koja Mlad\u00e1 Boleslavis, pannes aluse t\u00e4nasele \u0160koda AUTOLE.<\/p>\r\n\r\n\r\n\r\n<p>\u201eJalgrattas\u00f5idu mootorina\u201c edendab autotootja jalgrattas\u00f5itu mitmel tasandil. Lisaks Tour de France\u2019ile ja Tour of Spainile (\u2018Vuelta\u2019) toetab \u0160koda AUTO hulgaliselt ka teisi rahvusvahelisi rattav\u00f5idus\u00f5ite ning riiklikke ja rahvusvahelisi rohujuuretasandi spordis\u00fcndmusi. Jalgrattad ja rattavarustus on \u0160koda laiendatud tootevaliku lahutamatud osad.<\/p>\r\n","protected":false},"excerpt":{"rendered":"<p>\u203a \u0160koda AUTO on toetanud Tour de France\u2019i alates 2004. aastast \u203a \u0160koda ENYAQ iV on juhtautona (\u201ePunane Auto\u201c) tuuri [&hellip;]<\/p>\n","protected":false},"author":143,"featured_media":399,"comment_status":"open","ping_status":"open","sticky":false,"template":"","format":"standard","meta":{"footnotes":""},"categories":[7],"tags":[],"global-categories":[94,30,31],"class_list":["post-398","post","type-post","status-publish","format-standard","has-post-thumbnail","hentry","category-maanteeratas","global-categories-enyaq-iv","global-categories-octavia","global-categories-superb"],"yoast_head":"<!-- This site is optimized with the Yoast SEO Premium plugin v25.3 (Yoast SEO v25.9) - https:\/\/yoast.com\/wordpress\/plugins\/seo\/ -->\n<title>\u0160koda AUTO on 18. korda Tour de France\u2019i ametlik peasponsor - \u0160koda We Love Cycling - Estonia<\/title>\n<meta name=\"robots\" content=\"index, follow, max-snippet:-1, max-image-preview:large, max-video-preview:-1\" \/>\n<link rel=\"canonical\" href=\"https:\/\/www.welovecycling.com\/ee\/2021\/05\/28\/skoda-auto-on-18-korda-tour-de-francei-ametlik-peasponsor\/\" \/>\n<meta property=\"og:locale\" content=\"et_EE\" \/>\n<meta property=\"og:type\" content=\"article\" \/>\n<meta property=\"og:title\" content=\"\u0160koda AUTO on 18. korda Tour de France\u2019i ametlik peasponsor\" \/>\n<meta property=\"og:description\" content=\"\u203a \u0160koda AUTO on toetanud Tour de France\u2019i alates 2004. aastast \u203a \u0160koda ENYAQ iV on juhtautona (\u201ePunane Auto\u201c) tuuri [&hellip;]\" \/>\n<meta property=\"og:url\" content=\"https:\/\/www.welovecycling.com\/ee\/2021\/05\/28\/skoda-auto-on-18-korda-tour-de-francei-ametlik-peasponsor\/\" \/>\n<meta property=\"og:site_name\" content=\"\u0160koda We Love Cycling - Estonia\" \/>\n<meta property=\"article:published_time\" content=\"2021-05-28T06:44:37+00:00\" \/>\n<meta property=\"article:modified_time\" content=\"2023-07-05T10:31:05+00:00\" \/>\n<meta property=\"og:image\" content=\"https:\/\/d2p6e6u75xmxt8.cloudfront.net\/15\/2021\/07\/SKODAEnyaqiV-as-the-lead-vehicle-in-tdf_.jpg\" \/>\n\t<meta property=\"og:image:width\" content=\"1920\" \/>\n\t<meta property=\"og:image:height\" content=\"1080\" \/>\n\t<meta property=\"og:image:type\" content=\"image\/jpeg\" \/>\n<meta name=\"author\" content=\"karit\" \/>\n<meta name=\"twitter:card\" content=\"summary_large_image\" \/>\n<meta name=\"twitter:label1\" content=\"Written by\" \/>\n\t<meta name=\"twitter:data1\" content=\"We Love Cycling\" \/>\n\t<meta name=\"twitter:label2\" content=\"Est. reading time\" \/>\n\t<meta name=\"twitter:data2\" content=\"3 minutes\" \/>\n<script type=\"application\/ld+json\" class=\"yoast-schema-graph\">{\"@context\":\"https:\/\/schema.org\",\"@graph\":[{\"@type\":\"WebPage\",\"@id\":\"https:\/\/www.welovecycling.com\/ee\/2021\/05\/28\/skoda-auto-on-18-korda-tour-de-francei-ametlik-peasponsor\/\",\"url\":\"https:\/\/www.welovecycling.com\/ee\/2021\/05\/28\/skoda-auto-on-18-korda-tour-de-francei-ametlik-peasponsor\/\",\"name\":\"\u0160koda AUTO on 18. korda Tour de France\u2019i ametlik peasponsor - \u0160koda We Love Cycling - Estonia\",\"isPartOf\":{\"@id\":\"https:\/\/www.welovecycling.com\/ee\/#website\"},\"primaryImageOfPage\":{\"@id\":\"https:\/\/www.welovecycling.com\/ee\/2021\/05\/28\/skoda-auto-on-18-korda-tour-de-francei-ametlik-peasponsor\/#primaryimage\"},\"image\":{\"@id\":\"https:\/\/www.welovecycling.com\/ee\/2021\/05\/28\/skoda-auto-on-18-korda-tour-de-francei-ametlik-peasponsor\/#primaryimage\"},\"thumbnailUrl\":\"https:\/\/d2p6e6u75xmxt8.cloudfront.net\/15\/2021\/07\/SKODAEnyaqiV-as-the-lead-vehicle-in-tdf_.jpg\",\"datePublished\":\"2021-05-28T06:44:37+00:00\",\"dateModified\":\"2023-07-05T10:31:05+00:00\",\"author\":{\"@id\":\"https:\/\/www.welovecycling.com\/ee\/#\/schema\/person\/6969dabcb933c60a22a024886fc5dfb3\"},\"inLanguage\":\"et\",\"potentialAction\":[{\"@type\":\"ReadAction\",\"target\":[\"https:\/\/www.welovecycling.com\/ee\/2021\/05\/28\/skoda-auto-on-18-korda-tour-de-francei-ametlik-peasponsor\/\"]}]},{\"@type\":\"ImageObject\",\"inLanguage\":\"et\",\"@id\":\"https:\/\/www.welovecycling.com\/ee\/2021\/05\/28\/skoda-auto-on-18-korda-tour-de-francei-ametlik-peasponsor\/#primaryimage\",\"url\":\"https:\/\/d2p6e6u75xmxt8.cloudfront.net\/15\/2021\/07\/SKODAEnyaqiV-as-the-lead-vehicle-in-tdf_.jpg\",\"contentUrl\":\"https:\/\/d2p6e6u75xmxt8.cloudfront.net\/15\/2021\/07\/SKODAEnyaqiV-as-the-lead-vehicle-in-tdf_.jpg\",\"width\":1920,\"height\":1080},{\"@type\":\"WebSite\",\"@id\":\"https:\/\/www.welovecycling.com\/ee\/#website\",\"url\":\"https:\/\/www.welovecycling.com\/ee\/\",\"name\":\"\u0160koda We Love Cycling - Estonia\",\"description\":\"\",\"potentialAction\":[{\"@type\":\"SearchAction\",\"target\":{\"@type\":\"EntryPoint\",\"urlTemplate\":\"https:\/\/www.welovecycling.com\/ee\/?s={search_term_string}\"},\"query-input\":{\"@type\":\"PropertyValueSpecification\",\"valueRequired\":true,\"valueName\":\"search_term_string\"}}],\"inLanguage\":\"et\"},{\"@type\":\"Person\",\"@id\":\"https:\/\/www.welovecycling.com\/ee\/#\/schema\/person\/6969dabcb933c60a22a024886fc5dfb3\",\"name\":\"karit\",\"image\":{\"@type\":\"ImageObject\",\"inLanguage\":\"et\",\"@id\":\"https:\/\/www.welovecycling.com\/ee\/#\/schema\/person\/image\/\",\"url\":\"https:\/\/secure.gravatar.com\/avatar\/5c6089f08f3aa4ecae4cfe6c342986b6f1785322192708cff03ffe36d607957c?s=96&d=mm&r=g\",\"contentUrl\":\"https:\/\/secure.gravatar.com\/avatar\/5c6089f08f3aa4ecae4cfe6c342986b6f1785322192708cff03ffe36d607957c?s=96&d=mm&r=g\",\"caption\":\"karit\"},\"url\":\"https:\/\/www.welovecycling.com\/ee\/author\/karit\/\"}]}<\/script>\n<!-- \/ Yoast SEO Premium plugin. -->","yoast_head_json":{"title":"\u0160koda AUTO on 18. korda Tour de France\u2019i ametlik peasponsor - \u0160koda We Love Cycling - Estonia","robots":{"index":"index","follow":"follow","max-snippet":"max-snippet:-1","max-image-preview":"max-image-preview:large","max-video-preview":"max-video-preview:-1"},"canonical":"https:\/\/www.welovecycling.com\/ee\/2021\/05\/28\/skoda-auto-on-18-korda-tour-de-francei-ametlik-peasponsor\/","og_locale":"et_EE","og_type":"article","og_title":"\u0160koda AUTO on 18. korda Tour de France\u2019i ametlik peasponsor","og_description":"\u203a \u0160koda AUTO on toetanud Tour de France\u2019i alates 2004. aastast \u203a \u0160koda ENYAQ iV on juhtautona (\u201ePunane Auto\u201c) tuuri [&hellip;]","og_url":"https:\/\/www.welovecycling.com\/ee\/2021\/05\/28\/skoda-auto-on-18-korda-tour-de-francei-ametlik-peasponsor\/","og_site_name":"\u0160koda We Love Cycling - Estonia","article_published_time":"2021-05-28T06:44:37+00:00","article_modified_time":"2023-07-05T10:31:05+00:00","og_image":[{"width":1920,"height":1080,"url":"https:\/\/d2p6e6u75xmxt8.cloudfront.net\/15\/2021\/07\/SKODAEnyaqiV-as-the-lead-vehicle-in-tdf_.jpg","type":"image\/jpeg"}],"author":"karit","twitter_card":"summary_large_image","twitter_misc":{"Written by":"We Love Cycling","Est. reading time":"3 minutes"},"schema":{"@context":"https:\/\/schema.org","@graph":[{"@type":"WebPage","@id":"https:\/\/www.welovecycling.com\/ee\/2021\/05\/28\/skoda-auto-on-18-korda-tour-de-francei-ametlik-peasponsor\/","url":"https:\/\/www.welovecycling.com\/ee\/2021\/05\/28\/skoda-auto-on-18-korda-tour-de-francei-ametlik-peasponsor\/","name":"\u0160koda AUTO on 18. korda Tour de France\u2019i ametlik peasponsor - \u0160koda We Love Cycling - Estonia","isPartOf":{"@id":"https:\/\/www.welovecycling.com\/ee\/#website"},"primaryImageOfPage":{"@id":"https:\/\/www.welovecycling.com\/ee\/2021\/05\/28\/skoda-auto-on-18-korda-tour-de-francei-ametlik-peasponsor\/#primaryimage"},"image":{"@id":"https:\/\/www.welovecycling.com\/ee\/2021\/05\/28\/skoda-auto-on-18-korda-tour-de-francei-ametlik-peasponsor\/#primaryimage"},"thumbnailUrl":"https:\/\/d2p6e6u75xmxt8.cloudfront.net\/15\/2021\/07\/SKODAEnyaqiV-as-the-lead-vehicle-in-tdf_.jpg","datePublished":"2021-05-28T06:44:37+00:00","dateModified":"2023-07-05T10:31:05+00:00","author":{"@id":"https:\/\/www.welovecycling.com\/ee\/#\/schema\/person\/6969dabcb933c60a22a024886fc5dfb3"},"inLanguage":"et","potentialAction":[{"@type":"ReadAction","target":["https:\/\/www.welovecycling.com\/ee\/2021\/05\/28\/skoda-auto-on-18-korda-tour-de-francei-ametlik-peasponsor\/"]}]},{"@type":"ImageObject","inLanguage":"et","@id":"https:\/\/www.welovecycling.com\/ee\/2021\/05\/28\/skoda-auto-on-18-korda-tour-de-francei-ametlik-peasponsor\/#primaryimage","url":"https:\/\/d2p6e6u75xmxt8.cloudfront.net\/15\/2021\/07\/SKODAEnyaqiV-as-the-lead-vehicle-in-tdf_.jpg","contentUrl":"https:\/\/d2p6e6u75xmxt8.cloudfront.net\/15\/2021\/07\/SKODAEnyaqiV-as-the-lead-vehicle-in-tdf_.jpg","width":1920,"height":1080},{"@type":"WebSite","@id":"https:\/\/www.welovecycling.com\/ee\/#website","url":"https:\/\/www.welovecycling.com\/ee\/","name":"\u0160koda We Love Cycling - Estonia","description":"","potentialAction":[{"@type":"SearchAction","target":{"@type":"EntryPoint","urlTemplate":"https:\/\/www.welovecycling.com\/ee\/?s={search_term_string}"},"query-input":{"@type":"PropertyValueSpecification","valueRequired":true,"valueName":"search_term_string"}}],"inLanguage":"et"},{"@type":"Person","@id":"https:\/\/www.welovecycling.com\/ee\/#\/schema\/person\/6969dabcb933c60a22a024886fc5dfb3","name":"karit","image":{"@type":"ImageObject","inLanguage":"et","@id":"https:\/\/www.welovecycling.com\/ee\/#\/schema\/person\/image\/","url":"https:\/\/secure.gravatar.com\/avatar\/5c6089f08f3aa4ecae4cfe6c342986b6f1785322192708cff03ffe36d607957c?s=96&d=mm&r=g","contentUrl":"https:\/\/secure.gravatar.com\/avatar\/5c6089f08f3aa4ecae4cfe6c342986b6f1785322192708cff03ffe36d607957c?s=96&d=mm&r=g","caption":"karit"},"url":"https:\/\/www.welovecycling.com\/ee\/author\/karit\/"}]}},"_links":{"self":[{"href":"https:\/\/www.welovecycling.com\/ee\/wp-json\/wp\/v2\/posts\/398","targetHints":{"allow":["GET"]}}],"collection":[{"href":"https:\/\/www.welovecycling.com\/ee\/wp-json\/wp\/v2\/posts"}],"about":[{"href":"https:\/\/www.welovecycling.com\/ee\/wp-json\/wp\/v2\/types\/post"}],"author":[{"embeddable":true,"href":"https:\/\/www.welovecycling.com\/ee\/wp-json\/wp\/v2\/users\/143"}],"replies":[{"embeddable":true,"href":"https:\/\/www.welovecycling.com\/ee\/wp-json\/wp\/v2\/comments?post=398"}],"version-history":[{"count":2,"href":"https:\/\/www.welovecycling.com\/ee\/wp-json\/wp\/v2\/posts\/398\/revisions"}],"predecessor-version":[{"id":412,"href":"https:\/\/www.welovecycling.com\/ee\/wp-json\/wp\/v2\/posts\/398\/revisions\/412"}],"wp:featuredmedia":[{"embeddable":true,"href":"https:\/\/www.welovecycling.com\/ee\/wp-json\/wp\/v2\/media\/399"}],"wp:attachment":[{"href":"https:\/\/www.welovecycling.com\/ee\/wp-json\/wp\/v2\/media?parent=398"}],"wp:term":[{"taxonomy":"category","embeddable":true,"href":"https:\/\/www.welovecycling.com\/ee\/wp-json\/wp\/v2\/categories?post=398"},{"taxonomy":"post_tag","embeddable":true,"href":"https:\/\/www.welovecycling.com\/ee\/wp-json\/wp\/v2\/tags?post=398"},{"taxonomy":"global-categories","embeddable":true,"href":"https:\/\/www.welovecycling.com\/ee\/wp-json\/wp\/v2\/global-categories?post=398"}],"curies":[{"name":"wp","href":"https:\/\/api.w.org\/{rel}","templated":true}]}}