{"id":3673,"date":"2026-05-01T23:16:25","date_gmt":"2026-05-01T20:16:25","guid":{"rendered":"https:\/\/www.welovecycling.com\/ee\/?p=3673"},"modified":"2026-05-01T23:16:25","modified_gmt":"2026-05-01T20:16:25","slug":"puueldes-magede-poole-ja-taltsutades-rutiini-markko-karu-tee-letapeini","status":"publish","type":"post","link":"https:\/\/www.welovecycling.com\/ee\/2026\/05\/01\/puueldes-magede-poole-ja-taltsutades-rutiini-markko-karu-tee-letapeini\/","title":{"rendered":"P\u00fc\u00fceldes m\u00e4gede poole ja taltsutades rutiini: Markko Karu tee L\u2019\u00c9tape\u2019ini"},"content":{"rendered":"<h3 data-path-to-node=\"3\"><strong>\u201eThe Unseen Stage\u201c v\u00f5i Kangelase konkurss koorib jalgrattaspordilt maha v\u00e4lise kesta ja n\u00e4itab seda selle k\u00f5ige ehedamal ning samastumist pakkuval kujul \u2013 see ei ole pelgalt v\u00f5istlusp\u00e4eva vaatem\u00e4ng, vaid pikk ja sageli n\u00e4htamatu ettevalmistusperiood. Sari j\u00e4lgib nelja harrastusratturit, kes valmistuvad L\u2019\u00c9tape\u2019i erinevateks etappideks \u00fcle maailma, sobitades struktureeritud treeninguid igap\u00e4evaelu pisidetailide vahele. See on koht, kus ambitsioon kohtub reaalsusega: varajased \u00e4ratuskellad, t\u00e4ispikad t\u00f6\u00f6p\u00e4evad ja pidev l\u00e4bir\u00e4\u00e4kimine kire ja kohustuste vahel.<\/strong><\/h3>\n<p data-path-to-node=\"3\"><!--more--><\/p>\n<p data-path-to-node=\"4\">Eestlase <a href=\"https:\/\/www.instagram.com\/markkokaru\/\"><b data-path-to-node=\"4\" data-index-in-node=\"9\">Markko Karu<\/b><\/a> jaoks ei ole see v\u00e4ljakutse h\u00fcpe tundmatusse. See on naasmine millegi juurde, millest tal on juba maitse suus ja teatud eelis: Markkol on seljataga kolm L\u2019\u00c9tape du Tour\u2019i. See neljas katse tuleb aga teistsuguse m\u00f5tteviisiga. Juba enne projektiga \u201e<a href=\"https:\/\/www.welovecycling.com\/wide\/letape-26\/\">The Unseen Stage\u201c<\/a> liitumist oli Karu v\u00f5tnud eesm\u00e4rgiks valmistuda korralikult. \u201eOlin juba kirja pannud plaani end ette valmistada; s\u00f5ita see l\u00e4bi ilma j\u00e4releandmiste ja takistusteta \u2013 nii, et ma ei peaks kordagi jalga maha panema.\u201c<\/p>\n<p data-path-to-node=\"5\">\u201eMinu jaoks on L\u2019\u00c9tape k\u00f5ige meeldej\u00e4\u00e4vam spordis\u00fcndmus, kus olen osalenud,\u201c meenutab Markko. Olles seal varem s\u00f5itnud, teab ta t\u00e4pselt, mis rattureid tagasi t\u00f5mbab: \u201eSelle tohutu mastaapsus, nii osalejate kui ka poolehoidjate entusiasm \u2013 ja m\u00e4ed ise.\u201c Just need tipud on tema motivatsiooni keskmes. \u201eK\u00f5rgetes m\u00e4gedes s\u00f5itmine on minu lemmik turismi vorm, mulle lihtsalt meeldib jalgrattaga maailma kogeda,\u201c selgitab ta, loetledes s\u00f5ite Prantsusmaal, Itaalias, Hispaanias, Rumeenias, Ruandas, Peruus ja Hiinas.<\/p>\n<p data-path-to-node=\"6\">See vaikne sihikindlus on kogunud tuure aastak\u00fcmneid. Karu on alati olnud aktiivne, ehkki mitte kunagi obsessiivselt konkurentsile suunatud. Tema tutvus jalgrattaspordiga algas 2003. aastal esimese maastikuratta v\u00f5istlusega \u2013 kogemus, mis j\u00e4i meelde. \u201eArmusin sellesse formaati ja olen sellest ajast saati s\u00f5itnud.\u201c Rohkem kui 20 aastat on ta olnud p\u00fcsik\u00fclaline Tallinna \u00fcmbruse kolmap\u00e4evakutel, eelistades tehnilist maastikku ja vastupidavust n\u00f5udvaid v\u00e4ljakutseid. Tema kalendrisse on teed leidnud sellised \u00fcritused nagu V\u00e4tternrundan ja isegi Ironman Tallinna rattadistants, kuigi ta on \u00fche asja suhtes resoluutne: \u201eSport ei ole kunagi olnud minu peamine prioriteet \u2013 see on alati j\u00e4\u00e4nud hobiks.\u201c Ometi on L\u2019\u00c9tape teistsugune. Tuttav, kuid mitte kunagi kerge.<\/p>\n<blockquote class=\"instagram-media\" style=\"background: #FFF; border: 0; border-radius: 3px; box-shadow: 0 0 1px 0 rgba(0,0,0,0.5),0 1px 10px 0 rgba(0,0,0,0.15); margin: 1px; max-width: 540px; min-width: 326px; padding: 0; width: calc(100% - 2px);\" data-instgrm-captioned=\"\" data-instgrm-permalink=\"https:\/\/www.instagram.com\/reel\/DXq6sZjCFXy\/?utm_source=ig_embed&amp;utm_campaign=loading\" data-instgrm-version=\"14\">\n<div style=\"padding: 16px;\">\n<p>&nbsp;<\/p>\n<div style=\"display: flex; flex-direction: row; align-items: center;\">\n<div style=\"background-color: #f4f4f4; border-radius: 50%; flex-grow: 0; height: 40px; margin-right: 14px; width: 40px;\"><\/div>\n<div style=\"display: flex; flex-direction: column; flex-grow: 1; justify-content: center;\">\n<div style=\"background-color: #f4f4f4; border-radius: 4px; flex-grow: 0; height: 14px; margin-bottom: 6px; width: 100px;\"><\/div>\n<div style=\"background-color: #f4f4f4; border-radius: 4px; flex-grow: 0; height: 14px; width: 60px;\"><\/div>\n<\/div>\n<\/div>\n<div style=\"padding: 19% 0;\"><\/div>\n<div style=\"display: block; height: 50px; margin: 0 auto 12px; width: 50px;\"><\/div>\n<div style=\"padding-top: 8px;\">\n<div style=\"color: #3897f0; font-family: Arial,sans-serif; font-size: 14px; font-style: normal; font-weight: 550; line-height: 18px;\">View this post on Instagram<\/div>\n<\/div>\n<div style=\"padding: 12.5% 0;\"><\/div>\n<div style=\"display: flex; flex-direction: row; margin-bottom: 14px; align-items: center;\">\n<div>\n<div style=\"background-color: #f4f4f4; border-radius: 50%; height: 12.5px; width: 12.5px; transform: translateX(0px) translateY(7px);\"><\/div>\n<div style=\"background-color: #f4f4f4; height: 12.5px; transform: rotate(-45deg) translateX(3px) translateY(1px); width: 12.5px; flex-grow: 0; margin-right: 14px; margin-left: 2px;\"><\/div>\n<div style=\"background-color: #f4f4f4; border-radius: 50%; height: 12.5px; width: 12.5px; transform: translateX(9px) translateY(-18px);\"><\/div>\n<\/div>\n<div style=\"margin-left: 8px;\">\n<div style=\"background-color: #f4f4f4; border-radius: 50%; flex-grow: 0; height: 20px; width: 20px;\"><\/div>\n<div style=\"width: 0; height: 0; border-top: 2px solid transparent; border-left: 6px solid #f4f4f4; border-bottom: 2px solid transparent; transform: translateX(16px) translateY(-4px) rotate(30deg);\"><\/div>\n<\/div>\n<div style=\"margin-left: auto;\">\n<div style=\"width: 0px; border-top: 8px solid #F4F4F4; border-right: 8px solid transparent; transform: translateY(16px);\"><\/div>\n<div style=\"background-color: #f4f4f4; flex-grow: 0; height: 12px; width: 16px; transform: translateY(-4px);\"><\/div>\n<div style=\"width: 0; height: 0; border-top: 8px solid #F4F4F4; border-left: 8px solid transparent; transform: translateY(-4px) translateX(8px);\"><\/div>\n<\/div>\n<\/div>\n<div style=\"display: flex; flex-direction: column; flex-grow: 1; justify-content: center; margin-bottom: 24px;\">\n<div style=\"background-color: #f4f4f4; border-radius: 4px; flex-grow: 0; height: 14px; margin-bottom: 6px; width: 224px;\"><\/div>\n<div style=\"background-color: #f4f4f4; border-radius: 4px; flex-grow: 0; height: 14px; width: 144px;\"><\/div>\n<\/div>\n<p>&nbsp;<\/p>\n<p style=\"color: #c9c8cd; font-family: Arial,sans-serif; font-size: 14px; line-height: 17px; margin-bottom: 0; margin-top: 8px; overflow: hidden; padding: 8px 0 7px; text-align: center; text-overflow: ellipsis; white-space: nowrap;\"><a style=\"color: #c9c8cd; font-family: Arial,sans-serif; font-size: 14px; font-style: normal; font-weight: normal; line-height: 17px; text-decoration: none;\" href=\"https:\/\/www.instagram.com\/reel\/DXq6sZjCFXy\/?utm_source=ig_embed&amp;utm_campaign=loading\" target=\"_blank\" rel=\"noopener\">A post shared by \u0160koda We Love Cycling (@wlcmagazine)<\/a><\/p>\n<\/div>\n<\/blockquote>\n<p><script async src=\"\/\/www.instagram.com\/embed.js\"><\/script><\/p>\n<p data-path-to-node=\"7\">\u201eNagu \u00f6eldud, on see minu neljas kord, seega mul on hea ettekujutus, mida oodata \u2013 aga sel aastal saab see olema brutaalne,\u201c \u00fctleb ta. T\u00f5eline v\u00e4ljakutse peitub nagu alati v\u00e4ljaspool rattasadulat. Sarnaselt teistele osalejatele peab Karu leidma treeningaega kiire elu k\u00f5rvalt, pidades samal ajal silmas oma piire. \u201eKindlasti <b data-path-to-node=\"7\" data-index-in-node=\"325\">ajaplaneerimine<\/b>, aga ka treeningkoormuse haldamine, et v\u00e4ltida tagasil\u00f6\u00f6ke,\u201c m\u00e4rgib ta tajutavate takistuste kohta. Varasem p\u00f5lvevalu on kujundanud tema l\u00e4henemist. \u201eMa ei riski oma pikaajalise tervisega \u00fche v\u00f5istluse nimel. Areng peab olema stabiilne ja j\u00e4tkusuutlik.\u201c Selleks on tema strateegia lihtne, kuigi mitte alati kerge: \u00e4rgata vara, et treenida enne t\u00f6\u00f6d. Oma osa m\u00e4ngib ka vastutustunne teekonna jagamisel, kuna Markko tunneb, et avalik lubadus aitab hoida asja prioriteedina.<\/p>\n<p data-path-to-node=\"8\">Karu \u201eThe Unseen Stage\u201c teekonna tuumaks on uudishimu \u2013 mitte ainult v\u00f5istluse, vaid ka iseenda vastu. \u201eOlen v\u00e4ga p\u00f5nevil, et kogeda kasu, mida annab korraliku treeningplaani j\u00e4rgimine ja professionaalne tugi,\u201c \u00fctleb ta. Inimese jaoks, kes on alati k\u00e4sitlenud sporti pigem kire kui sihip\u00e4rase p\u00fc\u00fcdlusena, pakub selline struktuur midagi uut. \u201eMinu eesm\u00e4rk on saada iseenda parimaks versiooniks,\u201c selgitab ta, \u201eja n\u00e4ha, kuidas ma teistega v\u00f5rdluses paigutun ja reastun.\u201c Selle k\u00f5ige juures on talle abiks ja treeningn\u00f5uannetega toeks kogenud elukutseliste jalgratturite treener <a href=\"https:\/\/karmenreinpold.com\/karmen\/\"><b data-path-to-node=\"8\" data-index-in-node=\"576\">Karmen Reinpold<\/b><\/a>, kes on muuhulgas kahel korral hoolitsenud Eesti ol\u00fcmpiakoondise eest.<\/p>\n<p data-path-to-node=\"9\">Samaaegselt \u201eThe Unseen Stage\u201c sarja hargnemisega areneb ka Karu sihikindluse ja eneseleidmise teekond. Kas ta saavutab oma eesm\u00e4rgid? Meie spetsiaalsel veebilehel saad teha oma ennustuse \u201ejah\u201c v\u00f5i \u201eei\u201c selle kohta, kas Markko j\u00f5uab j\u00e4rjekordse L\u2019\u00c9tape\u2019i l\u00f5pujooneni. Ennustajate vahel loositakse v\u00e4lja tipptasemel <b data-path-to-node=\"9\" data-index-in-node=\"315\">Superior<\/b> jalgratas v\u00f5i \u00fcheaastane <b data-path-to-node=\"9\" data-index-in-node=\"349\">TrainingPeaks<\/b> tellimus!<\/p>\n","protected":false},"excerpt":{"rendered":"<p>\u201eThe Unseen Stage\u201c v\u00f5i Kangelase konkurss koorib jalgrattaspordilt maha v\u00e4lise kesta ja n\u00e4itab seda selle k\u00f5ige ehedamal ning samastumist pakkuval [&hellip;]<\/p>\n","protected":false},"author":174,"featured_media":3674,"comment_status":"open","ping_status":"open","sticky":false,"template":"","format":"standard","meta":{"footnotes":""},"categories":[43],"tags":[536,179,708,696],"global-categories":[22],"class_list":["post-3673","post","type-post","status-publish","format-standard","has-post-thumbnail","hentry","category-tervis-trenn","tag-2026-letape","tag-letape","tag-markko-karu","tag-the-unseen-stage","global-categories-cycling"],"yoast_head":"<!-- This site is optimized with the Yoast SEO Premium plugin v25.3 (Yoast SEO v25.9) - https:\/\/yoast.com\/wordpress\/plugins\/seo\/ -->\n<title>P\u00fc\u00fceldes m\u00e4gede poole ja taltsutades rutiini: Markko Karu tee L\u2019\u00c9tape\u2019ini - \u0160koda We Love Cycling - Estonia<\/title>\n<meta name=\"robots\" content=\"index, follow, max-snippet:-1, max-image-preview:large, max-video-preview:-1\" \/>\n<link rel=\"canonical\" href=\"https:\/\/www.welovecycling.com\/ee\/2026\/05\/01\/puueldes-magede-poole-ja-taltsutades-rutiini-markko-karu-tee-letapeini\/\" \/>\n<meta property=\"og:locale\" content=\"et_EE\" \/>\n<meta property=\"og:type\" content=\"article\" \/>\n<meta property=\"og:title\" content=\"P\u00fc\u00fceldes m\u00e4gede poole ja taltsutades rutiini: Markko Karu tee L\u2019\u00c9tape\u2019ini\" \/>\n<meta property=\"og:description\" content=\"\u201eThe Unseen Stage\u201c v\u00f5i Kangelase konkurss koorib jalgrattaspordilt maha v\u00e4lise kesta ja n\u00e4itab seda selle k\u00f5ige ehedamal ning samastumist pakkuval [&hellip;]\" \/>\n<meta property=\"og:url\" content=\"https:\/\/www.welovecycling.com\/ee\/2026\/05\/01\/puueldes-magede-poole-ja-taltsutades-rutiini-markko-karu-tee-letapeini\/\" \/>\n<meta property=\"og:site_name\" content=\"\u0160koda We Love Cycling - Estonia\" \/>\n<meta property=\"article:published_time\" content=\"2026-05-01T20:16:25+00:00\" \/>\n<meta property=\"og:image\" content=\"https:\/\/d2p6e6u75xmxt8.cloudfront.net\/15\/2026\/05\/karu1.webp\" \/>\n\t<meta property=\"og:image:width\" content=\"984\" \/>\n\t<meta property=\"og:image:height\" content=\"655\" \/>\n\t<meta property=\"og:image:type\" content=\"image\/webp\" \/>\n<meta name=\"author\" content=\"andre\" \/>\n<meta name=\"twitter:card\" content=\"summary_large_image\" \/>\n<meta name=\"twitter:label1\" content=\"Written by\" \/>\n\t<meta name=\"twitter:data1\" content=\"Frantiska Blazkova\" \/>\n\t<meta name=\"twitter:label2\" content=\"Est. reading time\" \/>\n\t<meta name=\"twitter:data2\" content=\"4\" \/>\n<script type=\"application\/ld+json\" class=\"yoast-schema-graph\">{\"@context\":\"https:\/\/schema.org\",\"@graph\":[{\"@type\":\"WebPage\",\"@id\":\"https:\/\/www.welovecycling.com\/ee\/2026\/05\/01\/puueldes-magede-poole-ja-taltsutades-rutiini-markko-karu-tee-letapeini\/\",\"url\":\"https:\/\/www.welovecycling.com\/ee\/2026\/05\/01\/puueldes-magede-poole-ja-taltsutades-rutiini-markko-karu-tee-letapeini\/\",\"name\":\"P\u00fc\u00fceldes m\u00e4gede poole ja taltsutades rutiini: Markko Karu tee L\u2019\u00c9tape\u2019ini - \u0160koda We Love Cycling - Estonia\",\"isPartOf\":{\"@id\":\"https:\/\/www.welovecycling.com\/ee\/#website\"},\"primaryImageOfPage\":{\"@id\":\"https:\/\/www.welovecycling.com\/ee\/2026\/05\/01\/puueldes-magede-poole-ja-taltsutades-rutiini-markko-karu-tee-letapeini\/#primaryimage\"},\"image\":{\"@id\":\"https:\/\/www.welovecycling.com\/ee\/2026\/05\/01\/puueldes-magede-poole-ja-taltsutades-rutiini-markko-karu-tee-letapeini\/#primaryimage\"},\"thumbnailUrl\":\"https:\/\/d2p6e6u75xmxt8.cloudfront.net\/15\/2026\/05\/karu1.webp\",\"datePublished\":\"2026-05-01T20:16:25+00:00\",\"author\":{\"@id\":\"https:\/\/www.welovecycling.com\/ee\/#\/schema\/person\/8b7101c4bd1b1ae9d3732ebb1e6caf57\"},\"inLanguage\":\"et\",\"potentialAction\":[{\"@type\":\"ReadAction\",\"target\":[\"https:\/\/www.welovecycling.com\/ee\/2026\/05\/01\/puueldes-magede-poole-ja-taltsutades-rutiini-markko-karu-tee-letapeini\/\"]}]},{\"@type\":\"ImageObject\",\"inLanguage\":\"et\",\"@id\":\"https:\/\/www.welovecycling.com\/ee\/2026\/05\/01\/puueldes-magede-poole-ja-taltsutades-rutiini-markko-karu-tee-letapeini\/#primaryimage\",\"url\":\"https:\/\/d2p6e6u75xmxt8.cloudfront.net\/15\/2026\/05\/karu1.webp\",\"contentUrl\":\"https:\/\/d2p6e6u75xmxt8.cloudfront.net\/15\/2026\/05\/karu1.webp\",\"width\":984,\"height\":655},{\"@type\":\"WebSite\",\"@id\":\"https:\/\/www.welovecycling.com\/ee\/#website\",\"url\":\"https:\/\/www.welovecycling.com\/ee\/\",\"name\":\"\u0160koda We Love Cycling - Estonia\",\"description\":\"\",\"potentialAction\":[{\"@type\":\"SearchAction\",\"target\":{\"@type\":\"EntryPoint\",\"urlTemplate\":\"https:\/\/www.welovecycling.com\/ee\/?s={search_term_string}\"},\"query-input\":{\"@type\":\"PropertyValueSpecification\",\"valueRequired\":true,\"valueName\":\"search_term_string\"}}],\"inLanguage\":\"et\"},{\"@type\":\"Person\",\"@id\":\"https:\/\/www.welovecycling.com\/ee\/#\/schema\/person\/8b7101c4bd1b1ae9d3732ebb1e6caf57\",\"name\":\"andre\",\"image\":{\"@type\":\"ImageObject\",\"inLanguage\":\"et\",\"@id\":\"https:\/\/www.welovecycling.com\/ee\/#\/schema\/person\/image\/\",\"url\":\"https:\/\/secure.gravatar.com\/avatar\/0656b3224fe17b018f43b8a562625dd43d30827f027b2f62bc5a05711fec9a61?s=96&d=mm&r=g\",\"contentUrl\":\"https:\/\/secure.gravatar.com\/avatar\/0656b3224fe17b018f43b8a562625dd43d30827f027b2f62bc5a05711fec9a61?s=96&d=mm&r=g\",\"caption\":\"andre\"},\"url\":\"https:\/\/www.welovecycling.com\/ee\/author\/andre\/\"}]}<\/script>\n<!-- \/ Yoast SEO Premium plugin. -->","yoast_head_json":{"title":"P\u00fc\u00fceldes m\u00e4gede poole ja taltsutades rutiini: Markko Karu tee L\u2019\u00c9tape\u2019ini - \u0160koda We Love Cycling - Estonia","robots":{"index":"index","follow":"follow","max-snippet":"max-snippet:-1","max-image-preview":"max-image-preview:large","max-video-preview":"max-video-preview:-1"},"canonical":"https:\/\/www.welovecycling.com\/ee\/2026\/05\/01\/puueldes-magede-poole-ja-taltsutades-rutiini-markko-karu-tee-letapeini\/","og_locale":"et_EE","og_type":"article","og_title":"P\u00fc\u00fceldes m\u00e4gede poole ja taltsutades rutiini: Markko Karu tee L\u2019\u00c9tape\u2019ini","og_description":"\u201eThe Unseen Stage\u201c v\u00f5i Kangelase konkurss koorib jalgrattaspordilt maha v\u00e4lise kesta ja n\u00e4itab seda selle k\u00f5ige ehedamal ning samastumist pakkuval [&hellip;]","og_url":"https:\/\/www.welovecycling.com\/ee\/2026\/05\/01\/puueldes-magede-poole-ja-taltsutades-rutiini-markko-karu-tee-letapeini\/","og_site_name":"\u0160koda We Love Cycling - Estonia","article_published_time":"2026-05-01T20:16:25+00:00","og_image":[{"width":984,"height":655,"url":"https:\/\/d2p6e6u75xmxt8.cloudfront.net\/15\/2026\/05\/karu1.webp","type":"image\/webp"}],"author":"andre","twitter_card":"summary_large_image","twitter_misc":{"Written by":"Frantiska Blazkova","Est. reading time":"4"},"schema":{"@context":"https:\/\/schema.org","@graph":[{"@type":"WebPage","@id":"https:\/\/www.welovecycling.com\/ee\/2026\/05\/01\/puueldes-magede-poole-ja-taltsutades-rutiini-markko-karu-tee-letapeini\/","url":"https:\/\/www.welovecycling.com\/ee\/2026\/05\/01\/puueldes-magede-poole-ja-taltsutades-rutiini-markko-karu-tee-letapeini\/","name":"P\u00fc\u00fceldes m\u00e4gede poole ja taltsutades rutiini: Markko Karu tee L\u2019\u00c9tape\u2019ini - \u0160koda We Love Cycling - Estonia","isPartOf":{"@id":"https:\/\/www.welovecycling.com\/ee\/#website"},"primaryImageOfPage":{"@id":"https:\/\/www.welovecycling.com\/ee\/2026\/05\/01\/puueldes-magede-poole-ja-taltsutades-rutiini-markko-karu-tee-letapeini\/#primaryimage"},"image":{"@id":"https:\/\/www.welovecycling.com\/ee\/2026\/05\/01\/puueldes-magede-poole-ja-taltsutades-rutiini-markko-karu-tee-letapeini\/#primaryimage"},"thumbnailUrl":"https:\/\/d2p6e6u75xmxt8.cloudfront.net\/15\/2026\/05\/karu1.webp","datePublished":"2026-05-01T20:16:25+00:00","author":{"@id":"https:\/\/www.welovecycling.com\/ee\/#\/schema\/person\/8b7101c4bd1b1ae9d3732ebb1e6caf57"},"inLanguage":"et","potentialAction":[{"@type":"ReadAction","target":["https:\/\/www.welovecycling.com\/ee\/2026\/05\/01\/puueldes-magede-poole-ja-taltsutades-rutiini-markko-karu-tee-letapeini\/"]}]},{"@type":"ImageObject","inLanguage":"et","@id":"https:\/\/www.welovecycling.com\/ee\/2026\/05\/01\/puueldes-magede-poole-ja-taltsutades-rutiini-markko-karu-tee-letapeini\/#primaryimage","url":"https:\/\/d2p6e6u75xmxt8.cloudfront.net\/15\/2026\/05\/karu1.webp","contentUrl":"https:\/\/d2p6e6u75xmxt8.cloudfront.net\/15\/2026\/05\/karu1.webp","width":984,"height":655},{"@type":"WebSite","@id":"https:\/\/www.welovecycling.com\/ee\/#website","url":"https:\/\/www.welovecycling.com\/ee\/","name":"\u0160koda We Love Cycling - Estonia","description":"","potentialAction":[{"@type":"SearchAction","target":{"@type":"EntryPoint","urlTemplate":"https:\/\/www.welovecycling.com\/ee\/?s={search_term_string}"},"query-input":{"@type":"PropertyValueSpecification","valueRequired":true,"valueName":"search_term_string"}}],"inLanguage":"et"},{"@type":"Person","@id":"https:\/\/www.welovecycling.com\/ee\/#\/schema\/person\/8b7101c4bd1b1ae9d3732ebb1e6caf57","name":"andre","image":{"@type":"ImageObject","inLanguage":"et","@id":"https:\/\/www.welovecycling.com\/ee\/#\/schema\/person\/image\/","url":"https:\/\/secure.gravatar.com\/avatar\/0656b3224fe17b018f43b8a562625dd43d30827f027b2f62bc5a05711fec9a61?s=96&d=mm&r=g","contentUrl":"https:\/\/secure.gravatar.com\/avatar\/0656b3224fe17b018f43b8a562625dd43d30827f027b2f62bc5a05711fec9a61?s=96&d=mm&r=g","caption":"andre"},"url":"https:\/\/www.welovecycling.com\/ee\/author\/andre\/"}]}},"_links":{"self":[{"href":"https:\/\/www.welovecycling.com\/ee\/wp-json\/wp\/v2\/posts\/3673","targetHints":{"allow":["GET"]}}],"collection":[{"href":"https:\/\/www.welovecycling.com\/ee\/wp-json\/wp\/v2\/posts"}],"about":[{"href":"https:\/\/www.welovecycling.com\/ee\/wp-json\/wp\/v2\/types\/post"}],"author":[{"embeddable":true,"href":"https:\/\/www.welovecycling.com\/ee\/wp-json\/wp\/v2\/users\/174"}],"replies":[{"embeddable":true,"href":"https:\/\/www.welovecycling.com\/ee\/wp-json\/wp\/v2\/comments?post=3673"}],"version-history":[{"count":1,"href":"https:\/\/www.welovecycling.com\/ee\/wp-json\/wp\/v2\/posts\/3673\/revisions"}],"predecessor-version":[{"id":3675,"href":"https:\/\/www.welovecycling.com\/ee\/wp-json\/wp\/v2\/posts\/3673\/revisions\/3675"}],"wp:featuredmedia":[{"embeddable":true,"href":"https:\/\/www.welovecycling.com\/ee\/wp-json\/wp\/v2\/media\/3674"}],"wp:attachment":[{"href":"https:\/\/www.welovecycling.com\/ee\/wp-json\/wp\/v2\/media?parent=3673"}],"wp:term":[{"taxonomy":"category","embeddable":true,"href":"https:\/\/www.welovecycling.com\/ee\/wp-json\/wp\/v2\/categories?post=3673"},{"taxonomy":"post_tag","embeddable":true,"href":"https:\/\/www.welovecycling.com\/ee\/wp-json\/wp\/v2\/tags?post=3673"},{"taxonomy":"global-categories","embeddable":true,"href":"https:\/\/www.welovecycling.com\/ee\/wp-json\/wp\/v2\/global-categories?post=3673"}],"curies":[{"name":"wp","href":"https:\/\/api.w.org\/{rel}","templated":true}]}}