{"id":3569,"date":"2026-03-09T14:49:31","date_gmt":"2026-03-09T11:49:31","guid":{"rendered":"https:\/\/www.welovecycling.com\/ee\/?p=3569"},"modified":"2026-03-09T14:49:31","modified_gmt":"2026-03-09T11:49:31","slug":"strade-bianche-2026-pogacari-rekordiline-soolosoit-ja-chabbey-dramaatiline-voit","status":"publish","type":"post","link":"https:\/\/www.welovecycling.com\/ee\/2026\/03\/09\/strade-bianche-2026-pogacari-rekordiline-soolosoit-ja-chabbey-dramaatiline-voit\/","title":{"rendered":"Strade Bianche 2026: Poga\u010dari rekordiline soolos\u00f5it ja Chabbey dramaatiline v\u00f5it"},"content":{"rendered":"<h3 data-path-to-node=\"3\"><strong>Tadej Poga\u010dar tegi Strade Bianchel seda, mida ta alati teeb \u2013 ta r\u00fcndas \u00fcksinda ja j\u00e4ttis konkurendid tee\u00e4\u00e4rset valget tolmu neelama, saades esimeseks ratturiks, kes on v\u00f5itnud selle s\u00f5idu neli korda ja kolm korda j\u00e4rjest.<\/strong><\/h3>\n<p data-path-to-node=\"3\"><!--more--><\/p>\n<p data-path-to-node=\"4\">Sarnaselt 2024. aastale tegi UAE Team Emirates\u2013XRG liider otsustava r\u00fcnnaku Monte Sante Marie kruusa- ja tolmusektoril, mis on v\u00f5istluse pikim ja raskeim kruusal\u00f5ik. See on 11,5 km pikk, millest 4,5 km kulgeb t\u00f5usujoones, sisaldades kuni 18% kaldega nurki ja eriti keerulist 1 km pikkust 10% t\u00f5usunurgaga l\u00f5iku.\u00a0 Selle asemel, et r\u00fcnnata 81 km enne l\u00f5ppu, nagu ta tegi kaks aastat tagasi, alustas ta oma liikumist 79,2 km fini\u0161ist k\u00f5ige j\u00e4rsemal t\u00f5usul. Talle j\u00e4rgnes 19-aastane Paul Seixas (Decathlon CMA CGM), kes s\u00f5itis Poga\u010darist vaid ratta pikkuse v\u00f5i kahe kaugusel. Kuid siis kiirendas maailma parim rattur uuesti 78,5. kilomeetril \u2013 ja v\u00f5idus\u00f5it oli sisuliselt l\u00e4bi.<\/p>\n<p data-path-to-node=\"5\">\u201eVaatasin \u00fchel hetkel p\u00e4rast esimest j\u00e4rsku l\u00f5iku tagasi ja [Seixas] ei olnudki nii kaugel. Ta oli tegelikult v\u00e4ga l\u00e4hedal,\u201c \u00fctles Poga\u010dar p\u00e4rast s\u00f5itu. \u201eNii et ma \u00fctlesin endale &#8216;olgu&#8217; ja m\u00f5istsin, et pean t\u00f5esti k\u00f5ik v\u00e4lja panema ja p\u00fc\u00fcdma vahe sisse rebida. \u00d5nneks see \u00f5nnestus. Vastasel juhul usun, et ta oleks tuules p\u00fcsinud. Olen rahul sellega, kuidas asjad l\u00e4ksid.\u201c<\/p>\n<p data-path-to-node=\"6\">Seixas asus l\u00f5puks sloveeni j\u00e4litama, temaga oli kaasas Poggi meeskonnakaaslane Isaac del Toro, kes keeldus loomulikult teda abistamast. Nii ootas noor prantslane l\u00f5puks \u00e4ra kaks j\u00e4litajate gruppi \u2013 kuhu kuulusid Tom Pidcock (Pinarello-Q36.5), Wout van Aert (Visma\u2013Lease a Bike), Romain Gr\u00e9goire (Groupama\u2013FDJ United) ja Ben Healy (EF Education\u2013EasyPost) \u2013, et suurendada j\u00e4litust\u00f6\u00f6s osalevate jalgade arvu. Kuid Pidcockil oli korduvaid probleeme ketiga, van Aert ei olnud oma parimas vormis ja mis tundus mulle austusavaldusena noormehe vastu &#8211; teised ratturid ei tahtnud v\u00f5i julgenud teda aidata, kartes kaotada kohta poodiumil.<\/p>\n<p data-path-to-node=\"7\">Kui s\u00f5ita oli j\u00e4\u00e4nud 50 km, juhtis Poga\u010dar j\u00e4litajate ees 1:23-ga; 40 km enne fini\u0161it oli edu 1:48 ja paisus korraks 1:57-ni, enne kui hakkas uuesti v\u00e4henema. Frustreerituna edasimineku puudumisest, s\u00f5itis Seixas j\u00e4litajate grupist minema Colle Pinzuto t\u00f5usul (400 m @ 10,5%) ja tekitas kiiresti vahe k\u00f5igi teistega peale del Toro, kes p\u00fcsis taas tihedalt tema tuules. See t\u00e4hendab, et Seixas pidid viimased 19 km \u00fcksi s\u00f5itma, ohverdades selle pingutusega ehk teise koha.<\/p>\n<p data-path-to-node=\"8\">Kuid Prantsuse imelapsel \u00f5nnestus del Toro endast maha raputada Siena r\u00e4ngal l\u00f5put\u00f5usul, Sante Catarinal (460 m @ 10%, l\u00f5iguti 16%) ja l\u00f5petas siiski teisena, 1:00 Poga\u010darist maas. Tal \u00f5nnestus sloveeni edumaad veidi v\u00e4hendada, edestades samal ajal j\u00e4litajate grupi parimat, Gr\u00e9goire\u2019i, fini\u0161ijoonele j\u00f5udes 1:04-ga. Kahtlustan, et del Torol oli l\u00f5pus rohkem jaksu kui Seixasel, kuid ta justkui &#8220;vabandas&#8221; tema ees kogu tehtud t\u00f6\u00f6 eest, lastes tal teise koha v\u00f5tta. Need kaks ratturit on peaaegu kindlasti Poga\u010dari-j\u00e4rgse ajastu peategelased, mis t\u00e4hendab vahelduseks paljusid aastaid intensiivseid duelle ja p\u00f5nevust.<\/p>\n<h2 data-path-to-node=\"9\"><strong>Seixas avaldab muljet<\/strong><\/h2>\n<p data-path-to-node=\"10\">Poga\u010dar oli v\u00f5idu j\u00e4rel galantne. \u201ePaul avaldas mulle muljet. Ta tegi superhea s\u00f5idu,\u201c \u00fctles ta. \u201eTa n\u00e4itas, et oskab rattaga s\u00f5ita, talub survet, suudab tulemuse vormistada ja tal on uskumatud jalad. Tal on sees suur masin.\u201c<\/p>\n<p data-path-to-node=\"11\">Kuigi v\u00f5istlus kuulus Poga\u010darile, v\u00f5iks ka Seixast pidada v\u00f5itjaks ja ehk isegi s\u00f5idu kangelaseks tema vanuse t\u00f5ttu ning kuna tema sooritus oli muljetavaldav ja ootamatu, samas kui Poga\u010dar tegi lihtsalt seda, mida ta alati teeb.<\/p>\n<p data-path-to-node=\"12\">\u201eSee on suurep\u00e4rane tulemus,\u201c s\u00f5nas Seixas p\u00e4rast v\u00f5istlust. \u201eMa ei \u00f6elnud seda [v\u00f5istluseelses] intervjuus, aga meie eesm\u00e4rk oli t\u00e4na poodiumile j\u00f5uda. See on kindlasti v\u00e4ga ambitsioonikas eesm\u00e4rk. Ma pole seda v\u00f5istlust varem s\u00f5itnud, eu teadnud t\u00e4pselt kruusa sektoreid , seega teadsin, et pean veidi lootma oma krossis\u00f5idu oskustele. Neist ei piisanud,\u00a0 kuna l\u00f5petasin [selle spordialaga] kaks aastat tagasi. Nii et mul \u00f5nnestus veidi s\u00f5ita ja siis edasi lihtsalt v\u00f5itlesin terve p\u00e4eva selle tulemuse nimel.\u201c<\/p>\n<p data-path-to-node=\"13\">Ta j\u00e4tkas: \u201e\u00dcritasin [Poga\u010darile] j\u00e4rgneda. Ta r\u00fcndas vahetult enne laskumist&#8230; Ma arvan, et tema pigem doseeris oma pingutust, samas kui mina panin t\u00e4isgaasiga. Ta vaatas paar korda tagasi ja n\u00e4hes, et ma l\u00e4henen, kiirendas uuesti&#8230; Ma ei olnud kaugel talle j\u00e4rgnemisest ja see n\u00e4itab, et ma arenen, ning minu areng on k\u00f5ige olulisem asi.\u201c<\/p>\n<h2 data-path-to-node=\"14\"><strong>Halb p\u00e4ev Pidcockile ja Vismale<\/strong><\/h2>\n<p data-path-to-node=\"15\">See oli hea v\u00f5istlus UAE Team Emirates\u2013XRG meeskonnale, kellel oli esikuuikus kolm ratturit, kusjuures Jan Christen l\u00f5petas kuuendana, ning head uudised Prantsusmaale- Seixas oli teine ja 23-aastane Gr\u00e9goire neljas. See ei olnud suurep\u00e4rane s\u00f5it Pidcockile, kelle kevadine algus hooajale pole olnud ideaalne. \u201eMa arvan, et siin v\u00f5ib k\u00f5igi juures tunda teatud s\u00fcngust, ka Vismaga seal meie taga,\u201c \u00fctles ta. \u201eSellise UAE vastu ei ole palju teha.\u201c Pidcicki tabas just k\u00f5ige halvematel hetkedel kaks korda keti probleem &#8211; just siis, kui UAE t\u00f5stis tempot Monte Santa Mariel ja Poga\u010dari r\u00fcnnaku ajal, mist\u00f5ttu j\u00e4i ta kaugele maha ja oli j\u00e4litamisest juba v\u00e4sinud.<\/p>\n<p data-path-to-node=\"16\">\u201eMa arvan, et mu kett tuli Sante Mariel kaks korda maha ja see tappis seal t\u00f5esti mu hoo,\u201c s\u00f5nas ta. Ta l\u00f5petas seitsmendana, j\u00e4\u00e4des maha 2:14. Tal oli \u00f5igus osutada ka Visma\u2013Lease a Bike\u2019i kesisele sooritusele, kus Matteo Jorgenson l\u00f5petas kaheksandana, 2:20 v\u00f5itjast maas, ja van Aert tuli k\u00fcmnendana, kaotusega 3:46. See t\u00e4hendab, et noor Seixas v\u00f5itis kahte kogenumat Visma ratturit vastavalt 1:20 ja 2:46.<\/p>\n<p data-path-to-node=\"17\">\u201eS\u00f5itsin sellise s\u00f5idu, mis mu jalgades oli,\u201c \u00fctles van Aert. \u201eSee oli uskumatult raske. Mul on endiselt midagi puudu, aga mitte v\u00e4ga palju, et olla selles grupis Tadej Poga\u010dari taga. Olen sellega rahul. Muidugi tahtsin enamat, aga selektsioon, mis tehti Monte Sante Mariel oli v\u00e4ga aus. Ma pean veel \u00fche sammu astuma, et edaspidi olla selles grupis.\u201c<\/p>\n<p data-path-to-node=\"18\">Ta ei v\u00f5rdle oma sooritust Poga\u010dari omaga, vaid teiste tagaajajatega. See \u00fctleb palju tema praeguse enesekindluse kohta. On liiga vara \u00f6elda, kuid k\u00f5igi hooaja alguse vigastuste, haiguste ja ootamatute klubist lahkumiste valguses tundub Visma juba meeskonnana, mis vajab turgutust. Meeskonnal on sel aastal vaid kolm v\u00f5itu (v\u00f5rreldes UAE 14-ga), neist kaks on toonud 20-aastane Matthew Brennan.<\/p>\n<h2 data-path-to-node=\"19\"><strong>Chabbey v\u00f5it keset naiste s\u00f5idu kaost<\/strong><\/h2>\n<p><a href=\"https:\/\/d2p6e6u75xmxt8.cloudfront.net\/15\/2026\/03\/strade2.webp\"><img loading=\"lazy\" decoding=\"async\" class=\"aligncenter size-full wp-image-3571\" src=\"https:\/\/d2p6e6u75xmxt8.cloudfront.net\/15\/2026\/03\/strade2.webp\" alt=\"\" width=\"989\" height=\"655\" srcset=\"https:\/\/d2p6e6u75xmxt8.cloudfront.net\/15\/2026\/03\/strade2.webp 989w, https:\/\/d2p6e6u75xmxt8.cloudfront.net\/15\/2026\/03\/strade2-300x199.webp 300w, https:\/\/d2p6e6u75xmxt8.cloudfront.net\/15\/2026\/03\/strade2-768x509.webp 768w, https:\/\/d2p6e6u75xmxt8.cloudfront.net\/15\/2026\/03\/strade2-400x265.webp 400w\" sizes=\"auto, (max-width: 989px) 100vw, 989px\" \/><\/a><\/p>\n<p data-path-to-node=\"20\">Elise Chabbey saavutas oma karj\u00e4\u00e4ri suurima v\u00f5idu 2026. aasta Strade Bianche Donne\u2019il, v\u00f5ites Toscana kruusaklassiku p\u00e4rast seda, kui mitmed soosikud langesid konkurentsist m\u00e4\u00e4rava teelt eksimise t\u00f5ttu.<\/p>\n<p data-path-to-node=\"21\">FDJ-SUEZi \u0160veitsi rattur s\u00e4ilitas n\u00e4rvi pingelises finaalis Sienas, pannes asjad paika j\u00e4rsul Via Santa Caterina t\u00f5usul enne ikoonilist fini\u0161it Piazza del Campol. Chabbey alistas teiseks tulnud meie enda We Love Cycling eksperdi Kasia Niewiadoma-Phinney, samas kui tema meeskonnakaaslane Franziska Koch t\u00e4iendas poodiumi, kindlustades Prantsuse tiimile kaks kohta esikolmikus.<\/p>\n<p data-path-to-node=\"22\">Kuid s\u00f5idu otsustav hetk saabus palju varem. Umbes 33 km enne l\u00f5ppu j\u00e4rgnes suur j\u00e4litajate grupp, kuhu kuulusid paljud favoriidid, sealhulgas Demi Vollering, Pauline Ferrand-Pr\u00e9vot ja Lotte Kopecky, saate-mootorrattale vale le trassile. Selleks ajaks, kui nad \u00f5igele rajale naasid, oli vahe paisunud umbes kolme minutini ja nende v\u00f5imalused olid sisuliselt kadunud.<\/p>\n<p data-path-to-node=\"23\">Eesotsas kulges v\u00f5idus\u00f5it viimastel kruusasektoritel agressiivselt. Korduvad r\u00fcnnakud v\u00e4hendasid juhtgruppi kuuluvate naiste arvu enne r\u00e4nka t\u00f5usu Sienasse, kus s\u00f5it veel viimast korda tuurid \u00fcles v\u00f5ttis. Chabbey sisenes viimastele meetritele veidi tagapool, kuid kandis viimasest kurvist l\u00e4bi tulles suuremat kiirust ja alustas oma sprinti umbes 250 meetrit enne l\u00f5ppu. P\u00e4rast fini\u0161ijoone \u00fcletamist oli \u0160veitsi ratturil raskusi hetke olulisuse m\u00f5istmisega.<\/p>\n<p data-path-to-node=\"24\">\u201eSee on nii palju emotsioone, et ma ei suuda seda praegu teadvustada,\u201c \u00fctles Chabbey. \u201eOlin nii mitu korda t\u00e4iesti piiri peal. Oma peas tahtsin juba alla anda.\u201c Selle asemel j\u00e4tkas ta s\u00f5itmist oma meeskonnakaaslaste, eriti tiimi liidri Demi Volleringi nimel, keda oli tabanud eba\u00f5nn. \u201eM\u00f5tlesin, et ei, ma pean seda tegema Demi&#8230; ja kogu selle t\u00f6\u00f6 nimel, mida mu tiimikaaslased tegid.\u201c<\/p>\n<p data-path-to-node=\"25\">See v\u00f5it t\u00e4histab Chabbey esimest esikohta WorldTouri \u00fchep\u00e4evas\u00f5idu klassikul ja lisab j\u00e4rjekordse t\u00e4hise karj\u00e4\u00e4rile, mis on viimastel hooaegadel pidevalt t\u00f5usuteel olnud.<\/p>\n<hr data-path-to-node=\"26\" \/>\n<p data-path-to-node=\"27\"><b data-path-to-node=\"27\" data-index-in-node=\"0\">2026 Strade Bianche tulemused, 203 km, Siena &#8211; Siena<\/b><\/p>\n<ol>\n<li data-path-to-node=\"28,0,0\">Tadej Poga\u010dar, UAE Team Emirates\u2013XRG \u2014 4:45:15<\/li>\n<li data-path-to-node=\"28,1,0\">Paul Seixas, Decathlon CMA CGM \u2014 +1:00<\/li>\n<li data-path-to-node=\"28,2,0\">Isaac del Toro, UAE Team Emirates\u2013XRG \u2014 +1:09<\/li>\n<li data-path-to-node=\"28,3,0\">Romain Gr\u00e9goire, Groupama\u2013FDJ United \u2014 +2:04<\/li>\n<li data-path-to-node=\"28,4,0\">Gianni Vermeersch, Red Bull\u2013BORA\u2013hansgrohe \u2014 \u201e<\/li>\n<li data-path-to-node=\"28,5,0\">Jan Christen, UAE Team Emirates\u2013XRG \u2014 +2:07<\/li>\n<li data-path-to-node=\"28,6,0\">Tom Pidcock, Pinarello-Q36.5 \u2014 +2:14<\/li>\n<li data-path-to-node=\"28,7,0\">Matteo Jorgenson, Visma\u2013Lease a Bike \u2014 +2:20<\/li>\n<li data-path-to-node=\"28,8,0\">Andreas Kron, Uno-X Mobility \u2014 +3:46<\/li>\n<li data-path-to-node=\"28,9,0\">Wout van Aert, Visma\u2013Lease a Bike \u2014 \u201e<\/li>\n<\/ol>\n<p data-path-to-node=\"29\"><b data-path-to-node=\"29\" data-index-in-node=\"0\">Strade Bianche Donne 2026 tulemused<\/b><\/p>\n<ol>\n<li data-path-to-node=\"30,0,0\">Elise Chabbey (SUI), FDJ-SUEZ \u2014 3:35:42<\/li>\n<li data-path-to-node=\"30,1,0\">Kasia Niewiadoma-Phinney (POL), Canyon\/\/SRAM zondacrypto<\/li>\n<li data-path-to-node=\"30,2,0\">Franziska Koch (GER), FDJ-SUEZ<\/li>\n<li data-path-to-node=\"30,3,0\">Elisa Longo Borghini (ITA), UAE Team ADQ<\/li>\n<li data-path-to-node=\"30,4,0\">Magdeleine Vallieres (CAN), EF Education-Oatly<\/li>\n<\/ol>\n","protected":false},"excerpt":{"rendered":"<p>Tadej Poga\u010dar tegi Strade Bianchel seda, mida ta alati teeb \u2013 ta r\u00fcndas \u00fcksinda ja j\u00e4ttis konkurendid tee\u00e4\u00e4rset valget tolmu [&hellip;]<\/p>\n","protected":false},"author":174,"featured_media":3570,"comment_status":"open","ping_status":"open","sticky":false,"template":"","format":"standard","meta":{"footnotes":""},"categories":[39],"tags":[667,487,663,664,665,668,666,273,342],"global-categories":[22],"class_list":["post-3569","post","type-post","status-publish","format-standard","has-post-thumbnail","hentry","category-maanteesoit","tag-2026-strade-bianche","tag-elisa-longo-borghini","tag-elise-chabbey","tag-franziska-koch","tag-kasia-niewiadoma-phinney","tag-paul-seixas","tag-strade-bianche-donne-2026","tag-tadej-pogacar","tag-tom-pidcock","global-categories-cycling"],"yoast_head":"<!-- This site is optimized with the Yoast SEO Premium plugin v25.3 (Yoast SEO v25.9) - https:\/\/yoast.com\/wordpress\/plugins\/seo\/ -->\n<title>Strade Bianche 2026: Poga\u010dari rekordiline soolos\u00f5it ja Chabbey dramaatiline v\u00f5it - \u0160koda We Love Cycling - Estonia<\/title>\n<meta name=\"description\" content=\"Tadej Poga\u010dar tegi Strade Bianchel seda, mida ta alati teeb \u2013 ta r\u00fcndas \u00fcksinda ja j\u00e4ttis konkurendid tee\u00e4\u00e4rset valget tolmu neelama, saades esimeseks ratturiks, kes on v\u00f5itnud selle s\u00f5idu neli korda ja kolm korda j\u00e4rjest.\" \/>\n<meta name=\"robots\" content=\"index, follow, max-snippet:-1, max-image-preview:large, max-video-preview:-1\" \/>\n<link rel=\"canonical\" href=\"https:\/\/www.welovecycling.com\/ee\/2026\/03\/09\/strade-bianche-2026-pogacari-rekordiline-soolosoit-ja-chabbey-dramaatiline-voit\/\" \/>\n<meta property=\"og:locale\" content=\"et_EE\" \/>\n<meta property=\"og:type\" content=\"article\" \/>\n<meta property=\"og:title\" content=\"Strade Bianche 2026: Poga\u010dari rekordiline soolos\u00f5it ja Chabbey dramaatiline v\u00f5it\" \/>\n<meta property=\"og:description\" content=\"Tadej Poga\u010dar tegi Strade Bianchel seda, mida ta alati teeb \u2013 ta r\u00fcndas \u00fcksinda ja j\u00e4ttis konkurendid tee\u00e4\u00e4rset valget tolmu neelama, saades esimeseks ratturiks, kes on v\u00f5itnud selle s\u00f5idu neli korda ja kolm korda j\u00e4rjest.\" \/>\n<meta property=\"og:url\" content=\"https:\/\/www.welovecycling.com\/ee\/2026\/03\/09\/strade-bianche-2026-pogacari-rekordiline-soolosoit-ja-chabbey-dramaatiline-voit\/\" \/>\n<meta property=\"og:site_name\" content=\"\u0160koda We Love Cycling - Estonia\" \/>\n<meta property=\"article:published_time\" content=\"2026-03-09T11:49:31+00:00\" \/>\n<meta property=\"og:image\" content=\"https:\/\/d2p6e6u75xmxt8.cloudfront.net\/15\/2026\/03\/strade1.webp\" \/>\n\t<meta property=\"og:image:width\" content=\"988\" \/>\n\t<meta property=\"og:image:height\" content=\"651\" \/>\n\t<meta property=\"og:image:type\" content=\"image\/webp\" \/>\n<meta name=\"author\" content=\"andre\" \/>\n<meta name=\"twitter:card\" content=\"summary_large_image\" \/>\n<meta name=\"twitter:label1\" content=\"Written by\" \/>\n\t<meta name=\"twitter:data1\" content=\"Siegfried Mortkowitz \/ Monica Buck\" \/>\n\t<meta name=\"twitter:label2\" content=\"Est. reading time\" \/>\n\t<meta name=\"twitter:data2\" content=\"5\" \/>\n<script type=\"application\/ld+json\" class=\"yoast-schema-graph\">{\"@context\":\"https:\/\/schema.org\",\"@graph\":[{\"@type\":\"WebPage\",\"@id\":\"https:\/\/www.welovecycling.com\/ee\/2026\/03\/09\/strade-bianche-2026-pogacari-rekordiline-soolosoit-ja-chabbey-dramaatiline-voit\/\",\"url\":\"https:\/\/www.welovecycling.com\/ee\/2026\/03\/09\/strade-bianche-2026-pogacari-rekordiline-soolosoit-ja-chabbey-dramaatiline-voit\/\",\"name\":\"Strade Bianche 2026: Poga\u010dari rekordiline soolos\u00f5it ja Chabbey dramaatiline v\u00f5it - \u0160koda We Love Cycling - Estonia\",\"isPartOf\":{\"@id\":\"https:\/\/www.welovecycling.com\/ee\/#website\"},\"primaryImageOfPage\":{\"@id\":\"https:\/\/www.welovecycling.com\/ee\/2026\/03\/09\/strade-bianche-2026-pogacari-rekordiline-soolosoit-ja-chabbey-dramaatiline-voit\/#primaryimage\"},\"image\":{\"@id\":\"https:\/\/www.welovecycling.com\/ee\/2026\/03\/09\/strade-bianche-2026-pogacari-rekordiline-soolosoit-ja-chabbey-dramaatiline-voit\/#primaryimage\"},\"thumbnailUrl\":\"https:\/\/d2p6e6u75xmxt8.cloudfront.net\/15\/2026\/03\/strade1.webp\",\"datePublished\":\"2026-03-09T11:49:31+00:00\",\"author\":{\"@id\":\"https:\/\/www.welovecycling.com\/ee\/#\/schema\/person\/8b7101c4bd1b1ae9d3732ebb1e6caf57\"},\"description\":\"Tadej Poga\u010dar tegi Strade Bianchel seda, mida ta alati teeb \u2013 ta r\u00fcndas \u00fcksinda ja j\u00e4ttis konkurendid tee\u00e4\u00e4rset valget tolmu neelama, saades esimeseks ratturiks, kes on v\u00f5itnud selle s\u00f5idu neli korda ja kolm korda j\u00e4rjest.\",\"inLanguage\":\"et\",\"potentialAction\":[{\"@type\":\"ReadAction\",\"target\":[\"https:\/\/www.welovecycling.com\/ee\/2026\/03\/09\/strade-bianche-2026-pogacari-rekordiline-soolosoit-ja-chabbey-dramaatiline-voit\/\"]}]},{\"@type\":\"ImageObject\",\"inLanguage\":\"et\",\"@id\":\"https:\/\/www.welovecycling.com\/ee\/2026\/03\/09\/strade-bianche-2026-pogacari-rekordiline-soolosoit-ja-chabbey-dramaatiline-voit\/#primaryimage\",\"url\":\"https:\/\/d2p6e6u75xmxt8.cloudfront.net\/15\/2026\/03\/strade1.webp\",\"contentUrl\":\"https:\/\/d2p6e6u75xmxt8.cloudfront.net\/15\/2026\/03\/strade1.webp\",\"width\":988,\"height\":651},{\"@type\":\"WebSite\",\"@id\":\"https:\/\/www.welovecycling.com\/ee\/#website\",\"url\":\"https:\/\/www.welovecycling.com\/ee\/\",\"name\":\"\u0160koda We Love Cycling - Estonia\",\"description\":\"\",\"potentialAction\":[{\"@type\":\"SearchAction\",\"target\":{\"@type\":\"EntryPoint\",\"urlTemplate\":\"https:\/\/www.welovecycling.com\/ee\/?s={search_term_string}\"},\"query-input\":{\"@type\":\"PropertyValueSpecification\",\"valueRequired\":true,\"valueName\":\"search_term_string\"}}],\"inLanguage\":\"et\"},{\"@type\":\"Person\",\"@id\":\"https:\/\/www.welovecycling.com\/ee\/#\/schema\/person\/8b7101c4bd1b1ae9d3732ebb1e6caf57\",\"name\":\"andre\",\"image\":{\"@type\":\"ImageObject\",\"inLanguage\":\"et\",\"@id\":\"https:\/\/www.welovecycling.com\/ee\/#\/schema\/person\/image\/\",\"url\":\"https:\/\/secure.gravatar.com\/avatar\/0656b3224fe17b018f43b8a562625dd43d30827f027b2f62bc5a05711fec9a61?s=96&d=mm&r=g\",\"contentUrl\":\"https:\/\/secure.gravatar.com\/avatar\/0656b3224fe17b018f43b8a562625dd43d30827f027b2f62bc5a05711fec9a61?s=96&d=mm&r=g\",\"caption\":\"andre\"},\"url\":\"https:\/\/www.welovecycling.com\/ee\/author\/andre\/\"}]}<\/script>\n<!-- \/ Yoast SEO Premium plugin. -->","yoast_head_json":{"title":"Strade Bianche 2026: Poga\u010dari rekordiline soolos\u00f5it ja Chabbey dramaatiline v\u00f5it - \u0160koda We Love Cycling - Estonia","description":"Tadej Poga\u010dar tegi Strade Bianchel seda, mida ta alati teeb \u2013 ta r\u00fcndas \u00fcksinda ja j\u00e4ttis konkurendid tee\u00e4\u00e4rset valget tolmu neelama, saades esimeseks ratturiks, kes on v\u00f5itnud selle s\u00f5idu neli korda ja kolm korda j\u00e4rjest.","robots":{"index":"index","follow":"follow","max-snippet":"max-snippet:-1","max-image-preview":"max-image-preview:large","max-video-preview":"max-video-preview:-1"},"canonical":"https:\/\/www.welovecycling.com\/ee\/2026\/03\/09\/strade-bianche-2026-pogacari-rekordiline-soolosoit-ja-chabbey-dramaatiline-voit\/","og_locale":"et_EE","og_type":"article","og_title":"Strade Bianche 2026: Poga\u010dari rekordiline soolos\u00f5it ja Chabbey dramaatiline v\u00f5it","og_description":"Tadej Poga\u010dar tegi Strade Bianchel seda, mida ta alati teeb \u2013 ta r\u00fcndas \u00fcksinda ja j\u00e4ttis konkurendid tee\u00e4\u00e4rset valget tolmu neelama, saades esimeseks ratturiks, kes on v\u00f5itnud selle s\u00f5idu neli korda ja kolm korda j\u00e4rjest.","og_url":"https:\/\/www.welovecycling.com\/ee\/2026\/03\/09\/strade-bianche-2026-pogacari-rekordiline-soolosoit-ja-chabbey-dramaatiline-voit\/","og_site_name":"\u0160koda We Love Cycling - Estonia","article_published_time":"2026-03-09T11:49:31+00:00","og_image":[{"width":988,"height":651,"url":"https:\/\/d2p6e6u75xmxt8.cloudfront.net\/15\/2026\/03\/strade1.webp","type":"image\/webp"}],"author":"andre","twitter_card":"summary_large_image","twitter_misc":{"Written by":"Siegfried Mortkowitz \/ Monica Buck","Est. reading time":"5"},"schema":{"@context":"https:\/\/schema.org","@graph":[{"@type":"WebPage","@id":"https:\/\/www.welovecycling.com\/ee\/2026\/03\/09\/strade-bianche-2026-pogacari-rekordiline-soolosoit-ja-chabbey-dramaatiline-voit\/","url":"https:\/\/www.welovecycling.com\/ee\/2026\/03\/09\/strade-bianche-2026-pogacari-rekordiline-soolosoit-ja-chabbey-dramaatiline-voit\/","name":"Strade Bianche 2026: Poga\u010dari rekordiline soolos\u00f5it ja Chabbey dramaatiline v\u00f5it - \u0160koda We Love Cycling - Estonia","isPartOf":{"@id":"https:\/\/www.welovecycling.com\/ee\/#website"},"primaryImageOfPage":{"@id":"https:\/\/www.welovecycling.com\/ee\/2026\/03\/09\/strade-bianche-2026-pogacari-rekordiline-soolosoit-ja-chabbey-dramaatiline-voit\/#primaryimage"},"image":{"@id":"https:\/\/www.welovecycling.com\/ee\/2026\/03\/09\/strade-bianche-2026-pogacari-rekordiline-soolosoit-ja-chabbey-dramaatiline-voit\/#primaryimage"},"thumbnailUrl":"https:\/\/d2p6e6u75xmxt8.cloudfront.net\/15\/2026\/03\/strade1.webp","datePublished":"2026-03-09T11:49:31+00:00","author":{"@id":"https:\/\/www.welovecycling.com\/ee\/#\/schema\/person\/8b7101c4bd1b1ae9d3732ebb1e6caf57"},"description":"Tadej Poga\u010dar tegi Strade Bianchel seda, mida ta alati teeb \u2013 ta r\u00fcndas \u00fcksinda ja j\u00e4ttis konkurendid tee\u00e4\u00e4rset valget tolmu neelama, saades esimeseks ratturiks, kes on v\u00f5itnud selle s\u00f5idu neli korda ja kolm korda j\u00e4rjest.","inLanguage":"et","potentialAction":[{"@type":"ReadAction","target":["https:\/\/www.welovecycling.com\/ee\/2026\/03\/09\/strade-bianche-2026-pogacari-rekordiline-soolosoit-ja-chabbey-dramaatiline-voit\/"]}]},{"@type":"ImageObject","inLanguage":"et","@id":"https:\/\/www.welovecycling.com\/ee\/2026\/03\/09\/strade-bianche-2026-pogacari-rekordiline-soolosoit-ja-chabbey-dramaatiline-voit\/#primaryimage","url":"https:\/\/d2p6e6u75xmxt8.cloudfront.net\/15\/2026\/03\/strade1.webp","contentUrl":"https:\/\/d2p6e6u75xmxt8.cloudfront.net\/15\/2026\/03\/strade1.webp","width":988,"height":651},{"@type":"WebSite","@id":"https:\/\/www.welovecycling.com\/ee\/#website","url":"https:\/\/www.welovecycling.com\/ee\/","name":"\u0160koda We Love Cycling - Estonia","description":"","potentialAction":[{"@type":"SearchAction","target":{"@type":"EntryPoint","urlTemplate":"https:\/\/www.welovecycling.com\/ee\/?s={search_term_string}"},"query-input":{"@type":"PropertyValueSpecification","valueRequired":true,"valueName":"search_term_string"}}],"inLanguage":"et"},{"@type":"Person","@id":"https:\/\/www.welovecycling.com\/ee\/#\/schema\/person\/8b7101c4bd1b1ae9d3732ebb1e6caf57","name":"andre","image":{"@type":"ImageObject","inLanguage":"et","@id":"https:\/\/www.welovecycling.com\/ee\/#\/schema\/person\/image\/","url":"https:\/\/secure.gravatar.com\/avatar\/0656b3224fe17b018f43b8a562625dd43d30827f027b2f62bc5a05711fec9a61?s=96&d=mm&r=g","contentUrl":"https:\/\/secure.gravatar.com\/avatar\/0656b3224fe17b018f43b8a562625dd43d30827f027b2f62bc5a05711fec9a61?s=96&d=mm&r=g","caption":"andre"},"url":"https:\/\/www.welovecycling.com\/ee\/author\/andre\/"}]}},"_links":{"self":[{"href":"https:\/\/www.welovecycling.com\/ee\/wp-json\/wp\/v2\/posts\/3569","targetHints":{"allow":["GET"]}}],"collection":[{"href":"https:\/\/www.welovecycling.com\/ee\/wp-json\/wp\/v2\/posts"}],"about":[{"href":"https:\/\/www.welovecycling.com\/ee\/wp-json\/wp\/v2\/types\/post"}],"author":[{"embeddable":true,"href":"https:\/\/www.welovecycling.com\/ee\/wp-json\/wp\/v2\/users\/174"}],"replies":[{"embeddable":true,"href":"https:\/\/www.welovecycling.com\/ee\/wp-json\/wp\/v2\/comments?post=3569"}],"version-history":[{"count":1,"href":"https:\/\/www.welovecycling.com\/ee\/wp-json\/wp\/v2\/posts\/3569\/revisions"}],"predecessor-version":[{"id":3572,"href":"https:\/\/www.welovecycling.com\/ee\/wp-json\/wp\/v2\/posts\/3569\/revisions\/3572"}],"wp:featuredmedia":[{"embeddable":true,"href":"https:\/\/www.welovecycling.com\/ee\/wp-json\/wp\/v2\/media\/3570"}],"wp:attachment":[{"href":"https:\/\/www.welovecycling.com\/ee\/wp-json\/wp\/v2\/media?parent=3569"}],"wp:term":[{"taxonomy":"category","embeddable":true,"href":"https:\/\/www.welovecycling.com\/ee\/wp-json\/wp\/v2\/categories?post=3569"},{"taxonomy":"post_tag","embeddable":true,"href":"https:\/\/www.welovecycling.com\/ee\/wp-json\/wp\/v2\/tags?post=3569"},{"taxonomy":"global-categories","embeddable":true,"href":"https:\/\/www.welovecycling.com\/ee\/wp-json\/wp\/v2\/global-categories?post=3569"}],"curies":[{"name":"wp","href":"https:\/\/api.w.org\/{rel}","templated":true}]}}