{"id":3389,"date":"2026-01-26T15:32:00","date_gmt":"2026-01-26T12:32:00","guid":{"rendered":"https:\/\/www.welovecycling.com\/ee\/?p=3389"},"modified":"2026-01-26T15:32:00","modified_gmt":"2026-01-26T12:32:00","slug":"evenepoeli-lahkumise-jarel-naaseb-soudal-quick-step-oma-algse-dna-juurde","status":"publish","type":"post","link":"https:\/\/www.welovecycling.com\/ee\/2026\/01\/26\/evenepoeli-lahkumise-jarel-naaseb-soudal-quick-step-oma-algse-dna-juurde\/","title":{"rendered":"Evenepoeli lahkumise j\u00e4rel naaseb Soudal Quick-Step oma algse DNA juurde"},"content":{"rendered":"<h3 data-path-to-node=\"4\"><strong>Iga meeskond soovib oma ridadesse superstaari, sest superstaarid v\u00f5idavad ja meelitavad ligi sponsoreid, kes toovad raha, ning f\u00e4nne, kes ostavad ohtralt meeskonna s\u00fcmboolikaga tooteid. Kuid superstaari omamine koosseisus ei ole riskideta, sest kui teil pole piisavalt teisi s\u00f5itjaid, kes on samuti v\u00f5imelised v\u00f5itma, moonutab superstaar meeskonna olemust nagu v\u00f5rku visatud suur kivi.<\/strong><\/h3>\n<p data-path-to-node=\"4\"><!--more--><\/p>\n<p data-path-to-node=\"5\">T\u00e4pselt nii juhtus Astana Qazaqstaniga (t\u00e4nane XDS Astana), kui suur sprinter Mark Cavendish liitus meeskonnaga 2023. aastal, et p\u00fc\u00fcda Tour de France&#8217;i etapi-v\u00f5itude rekordit. L\u00f5puks see tal \u00f5nnestus \u2013 ta saavutas oma 35. v\u00f5idu 2024. aasta Touril, t\u00f5rjudes Eddy Merckxi rekordiraamatutest teisele kohale. Kuid meeskond oli keskendunud Cavendishi aitamisele nii tugevalt, et j\u00e4ttis unarusse teised s\u00f5itjad ja p\u00f5lgas \u00e4ra muud v\u00f5idus\u00f5idud, teenides 2024. aastal vaid 12 v\u00f5itu. Selle tulemusena pidi Astana suunduma \u00fcleminekuturul suurte kulutuste tegemisele, et s\u00e4ilitada oma WorldTouri staatus.<\/p>\n<p data-path-to-node=\"6\">Sama v\u00f5ib \u00f6elda Soudal Quick-Stepi ja Remco Evenepoeli soovi kohta v\u00f5ita Tour de France. Evenepoel liitus Deceuninck\u2013Quick Stepiga 2019. aastal, mil see oli \u00fcks edukamaid meeskondi maanteel, kogudes 68 v\u00f5itu, v\u00f5ites \u00fchep\u00e4evas\u00f5ite ja suurtuuride etappe selliste meeste abil nagu Julian Alaphilippe ja Elia Viviani. Evenepoel oli siis 19-aastane ja t\u00f5mbas juba t\u00e4helepanu, kuid ta polnud veel v\u00e4ljendanud oma Tour de France\u2019i unistust.<\/p>\n<p data-path-to-node=\"7\">Ta osales oma esimesel suurtuuril 2021. aastal Giro d&#8217;Italial &#8211; katkestades aga selle kukkumise tulemusena. Kaks aastat hiljem s\u00f5itis ta oma esimest Tour de France\u2019i, l\u00f5petades kolmandana. Mingil hetkel oma karj\u00e4\u00e4ri jooksul Soudal Quick-Stepi erinevates iteratsioonides kaebas ta bossile, otsekohesele Patrick Lefeverele, et vajab rohkem ja paremaid abimehi oma p\u00fc\u00fcdlustes alistada Touril Tadej Poga\u010dar ja Jonas Vingegaard. Lefevere t\u00e4itis soovi, palgates 2024. aastal Mikel Landa ja 2025. aastal Valentin Paret-Peintre\u2019i ning suunates ressursid oma superstaari \u00f5nnestumise toetamiseks. See ei toiminud ning muutis selle protsessi k\u00e4igus varem v\u00e4ga edukat meeskonna DNA-d.<\/p>\n<p data-path-to-node=\"8\">Kuid meeskond on 2026. aastaks tagasi. Evenepoel on n\u00fc\u00fcd <a href=\"https:\/\/www.welovecycling.com\/wide\/2025\/08\/13\/evenepoels-move-to-red-bull-bora-hansgrohe-dominates-early-transfer-market\/\">Red Bull\u2013BORA\u2013Hansgrohe<\/a> ridades, Lefevere on pensionile l\u00e4inud ning Soudal Quick-Step on palganud Jasper Stuyveni, Laurenz Rexi, Dylan van Baarle ja Alberto Dainese, et toetada Tim Merlier\u2019d sprindi- ja \u00fchep\u00e4evas\u00f5itude v\u00f5imekuse taaselustamisel. Lisaks on neil 21-aastase Paul Magnier\u2019 n\u00e4ol kasvamas uus \u00fchep\u00e4evas\u00f5itude staar. Stuyven \u2013 kes v\u00f5itis 2021. aastal Milano-San Remo ja aasta varem Omloop Het Nieuwsbladi \u2013 hakkab toetama Merlier\u2019d Touri sprintides ja klassikutel, juhendama Magnier\u2019d ning p\u00fc\u00fcdma v\u00f5ite ka ise, kui selleks avaneb v\u00f5imalus.<\/p>\n<figure id=\"attachment_3390\" aria-describedby=\"caption-attachment-3390\" style=\"width: 987px\" class=\"wp-caption aligncenter\"><a href=\"https:\/\/d2p6e6u75xmxt8.cloudfront.net\/15\/2026\/01\/soudal2.webp\"><img loading=\"lazy\" decoding=\"async\" class=\"wp-image-3390 size-full\" src=\"https:\/\/d2p6e6u75xmxt8.cloudfront.net\/15\/2026\/01\/soudal2.webp\" alt=\"\" width=\"987\" height=\"656\" srcset=\"https:\/\/d2p6e6u75xmxt8.cloudfront.net\/15\/2026\/01\/soudal2.webp 987w, https:\/\/d2p6e6u75xmxt8.cloudfront.net\/15\/2026\/01\/soudal2-300x199.webp 300w, https:\/\/d2p6e6u75xmxt8.cloudfront.net\/15\/2026\/01\/soudal2-768x510.webp 768w, https:\/\/d2p6e6u75xmxt8.cloudfront.net\/15\/2026\/01\/soudal2-400x266.webp 400w, https:\/\/d2p6e6u75xmxt8.cloudfront.net\/15\/2026\/01\/soudal2-272x182.webp 272w\" sizes=\"auto, (max-width: 987px) 100vw, 987px\" \/><\/a><figcaption id=\"caption-attachment-3390\" class=\"wp-caption-text\">Mingil hetkel oma karj\u00e4\u00e4ri jooksul Soudal Quick-Stepi erinevate nimekujudega koosseisudes kaebas Evenepoel bossile, otsekohesele Patrick Lefeverele, et vajab rohkem ja paremaid abis\u00f5itjaid oma p\u00fc\u00fcdlustes alistada Tour de France\u2019il Tadej Poga\u010dar ja Jonas Vingegaard. \u00a9 Profimedia<\/figcaption><\/figure>\n<p>&nbsp;<\/p>\n<p data-path-to-node=\"9\">\u201eRemco lahkumisega arvan ma, et meeskond tahtis minna tagasi selle juurde, mida nad tegelikult armastavad, mis on nende DNA-s, ning naasta sinna, kus nad olid paar aastat tagasi,\u201c r\u00e4\u00e4kis Stuyven <a href=\"https:\/\/www.cyclingnews.com\/pro-cycling\/training-camps\/the-team-wanted-to-go-back-to-what-they-really-love-whats-in-their-dna-monument-winner-jasper-stuyven-leads-soudal-quickstep-classics-comeback\/\">ajakirjanikele<\/a> sel kuu alguses toimunud treeninglaagri meedia\u00fcritusel. \u201eQuick-Step oli standard. K\u00f5ik vaatasid neile alt \u00fcles. On hullumeelne n\u00e4ha, kuidas see muutus ja kuidas Lidl-Trek (tema endine meeskond) sai tuntuks kui parim meeskond positsiooniv\u00f5itluses klassikutel.\u201c<\/p>\n<p data-path-to-node=\"10\">Stuyven toob endaga kaasa agressiivse suhtumise, mis on \u00fchep\u00e4evas\u00f5itude v\u00f5itudele orienteeritud meeskonna jaoks h\u00e4davajalik. \u201eLoodetavasti ei karda me v\u00f5idus\u00f5idus rinda pista Mathieu van der Poeli ja Tadej Poga\u010dariga,\u201c \u00fctles ta. \u201eKui sa j\u00e4\u00e4d alati taha ja proovid loota teistele meeskondadele, t\u00e4hendab see, et oled alati sammu v\u00f5rra maas. Parem on olla ees.\u201c<\/p>\n<p data-path-to-node=\"11\">Selle kuu alguses toimunud meeskonna esitlusel <a href=\"https:\/\/www.cyclingnews.com\/pro-cycling\/training-camps\/we-want-a-victory-in-a-major-classic-soudal-quickstep-returns-to-their-roots-turning-the-page-on-remco-evenepoel-era-in-2026\/\">m\u00e4rkis tiimijuht Jurgen For\u00e9<\/a>, et Soudal Quick-Step ei p\u00fc\u00fca enam suurtuuride \u00fcldv\u00f5ite, vaid keskendub selle asemel etapiv\u00f5itudele k\u00f5igil kolmel suurv\u00f5istlusel. \u201eLoodan n\u00e4ha julget v\u00f5idus\u00f5itu,\u201c s\u00f5nas ta. \u201eLoodame v\u00f5ita igal maastikul: sprintides, m\u00e4gedes, eraldistardis ja jooksikutena. Soovime v\u00f5itu m\u00f5nel suurel klassikul ning loomulikult on Flandria ja Ardennide klassikutel meie s\u00fcdames eriline koht. Suurtuuride etapid on samuti olulised, et end sponsoritele n\u00e4idata.\u201c<\/p>\n<p data-path-to-node=\"12\">Merlier on meeskonna strateegias v\u00f5tmes\u00f5itja, kuid ta on 33-aastane ja tema kiirus v\u00f5ib hakata raugema. Seet\u00f5ttu on Magnier \u2013 kes pikendas oma lepingut 2029. aastani \u2013 meeskonna praeguse ja tulevase edu jaoks elut\u00e4htis. Prantslane v\u00f5itis eelmisel aastal muljetavaldavad 19 s\u00f5itu, kuid n\u00e4gi klassikutel vaeva. See muudab Stuyveni ja Merlier\u2019 rolli topeltoluliseks, kuna nad peavad juhendama meeskonna tuleviku \u00fcht olulisimat l\u00fcli.<\/p>\n<p data-path-to-node=\"13\">\u201eMa arvan, et tal j\u00e4\u00e4b lihtsalt veidi puudu k\u00fcpsusest, mis pole suur probleem,\u201c \u00fctles Stuyven Magnier\u2019 kohta. \u201eJonathan Milan (Stuyveni endine tiimikaaslane) oli kaks aastat tagasi samuti veel \u00fcsna noor. Ma usun, et Paul teab, kuidas sellega toime tulla. Ta on ka v\u00e4ga avatud ja innukas \u00f5ppima. M\u00e4rkasin, et ta tegi s\u00f5itudes vigu, seega nii edukas olemine oli sellegipoolest muljetavaldav. Arvan, et tal on veel palju potentsiaali.\u201c<\/p>\n<p data-path-to-node=\"14\">V\u00f5ib \u00f6elda, et Quick-Stepi koost\u00f6\u00f6 Evenepoeliga oli teatud m\u00f5ttes eba\u00f5nnestumine, kuna tal ei \u00f5nnestunud saavutada oma p\u00f5hieesm\u00e4rki ning oma suurimad v\u00f5idud noppis ta mitte tiimis\u00e4rki, vaid kodumaa Belgia koondise s\u00e4rki kandes. Ja meeskonna jaoks h\u00e4\u00e4bus nende \u00fchep\u00e4evas\u00f5itude domineerimine \u2013 kuigi nad v\u00f5itsid eelmisel aastal t\u00e4nu Merlier\u2019le ja Magnier\u2019le 54 s\u00f5itu, t\u00f5i Evenepoel meeskonnale vaid 5 v\u00f5itu. Kuid tundub, et Soudal Quick-Step on n\u00fc\u00fcd tagasi tegemas seda, mida nad k\u00f5ige paremini oskavad, ja ka spordile tervikuna tuleb see kasuks.<\/p>\n","protected":false},"excerpt":{"rendered":"<p>Iga meeskond soovib oma ridadesse superstaari, sest superstaarid v\u00f5idavad ja meelitavad ligi sponsoreid, kes toovad raha, ning f\u00e4nne, kes ostavad [&hellip;]<\/p>\n","protected":false},"author":174,"featured_media":3391,"comment_status":"open","ping_status":"open","sticky":false,"template":"","format":"standard","meta":{"footnotes":""},"categories":[39],"tags":[614,615,272,616],"global-categories":[22],"class_list":["post-3389","post","type-post","status-publish","format-standard","has-post-thumbnail","hentry","category-maanteesoit","tag-jasper-stuyven","tag-jonathan-milan","tag-remco-evenepoel","tag-soudal-quick-step","global-categories-cycling"],"yoast_head":"<!-- This site is optimized with the Yoast SEO Premium plugin v25.3 (Yoast SEO v25.9) - https:\/\/yoast.com\/wordpress\/plugins\/seo\/ -->\n<title>Evenepoeli lahkumise j\u00e4rel naaseb Soudal Quick-Step oma algse DNA juurde - \u0160koda We Love Cycling - Estonia<\/title>\n<meta name=\"description\" content=\"Iga meeskond soovib oma ridadesse superstaari, sest superstaarid v\u00f5idavad ja meelitavad ligi sponsoreid, kes toovad raha, ning f\u00e4nne, kes ostavad ohtralt meeskonna s\u00fcmboolikaga tooteid. Kuid superstaari omamine koosseisus ei ole riskideta, sest kui teil pole piisavalt teisi s\u00f5itjaid, kes on samuti v\u00f5imelised v\u00f5itma, moonutab superstaar meeskonna olemust nagu v\u00f5rku visatud suur kivi.\" \/>\n<meta name=\"robots\" content=\"index, follow, max-snippet:-1, max-image-preview:large, max-video-preview:-1\" \/>\n<link rel=\"canonical\" href=\"https:\/\/www.welovecycling.com\/ee\/2026\/01\/26\/evenepoeli-lahkumise-jarel-naaseb-soudal-quick-step-oma-algse-dna-juurde\/\" \/>\n<meta property=\"og:locale\" content=\"et_EE\" \/>\n<meta property=\"og:type\" content=\"article\" \/>\n<meta property=\"og:title\" content=\"Evenepoeli lahkumise j\u00e4rel naaseb Soudal Quick-Step oma algse DNA juurde\" \/>\n<meta property=\"og:description\" content=\"Iga meeskond soovib oma ridadesse superstaari, sest superstaarid v\u00f5idavad ja meelitavad ligi sponsoreid, kes toovad raha, ning f\u00e4nne, kes ostavad ohtralt meeskonna s\u00fcmboolikaga tooteid. Kuid superstaari omamine koosseisus ei ole riskideta, sest kui teil pole piisavalt teisi s\u00f5itjaid, kes on samuti v\u00f5imelised v\u00f5itma, moonutab superstaar meeskonna olemust nagu v\u00f5rku visatud suur kivi.\" \/>\n<meta property=\"og:url\" content=\"https:\/\/www.welovecycling.com\/ee\/2026\/01\/26\/evenepoeli-lahkumise-jarel-naaseb-soudal-quick-step-oma-algse-dna-juurde\/\" \/>\n<meta property=\"og:site_name\" content=\"\u0160koda We Love Cycling - Estonia\" \/>\n<meta property=\"article:published_time\" content=\"2026-01-26T12:32:00+00:00\" \/>\n<meta property=\"og:image\" content=\"https:\/\/d2p6e6u75xmxt8.cloudfront.net\/15\/2026\/01\/suudal1.webp\" \/>\n\t<meta property=\"og:image:width\" content=\"988\" \/>\n\t<meta property=\"og:image:height\" content=\"659\" \/>\n\t<meta property=\"og:image:type\" content=\"image\/webp\" \/>\n<meta name=\"author\" content=\"andre\" \/>\n<meta name=\"twitter:card\" content=\"summary_large_image\" \/>\n<meta name=\"twitter:label1\" content=\"Written by\" \/>\n\t<meta name=\"twitter:data1\" content=\"Siegfried Mortkowitz\" \/>\n\t<meta name=\"twitter:label2\" content=\"Est. reading time\" \/>\n\t<meta name=\"twitter:data2\" content=\"4\" \/>\n<script type=\"application\/ld+json\" class=\"yoast-schema-graph\">{\"@context\":\"https:\/\/schema.org\",\"@graph\":[{\"@type\":\"WebPage\",\"@id\":\"https:\/\/www.welovecycling.com\/ee\/2026\/01\/26\/evenepoeli-lahkumise-jarel-naaseb-soudal-quick-step-oma-algse-dna-juurde\/\",\"url\":\"https:\/\/www.welovecycling.com\/ee\/2026\/01\/26\/evenepoeli-lahkumise-jarel-naaseb-soudal-quick-step-oma-algse-dna-juurde\/\",\"name\":\"Evenepoeli lahkumise j\u00e4rel naaseb Soudal Quick-Step oma algse DNA juurde - \u0160koda We Love Cycling - Estonia\",\"isPartOf\":{\"@id\":\"https:\/\/www.welovecycling.com\/ee\/#website\"},\"primaryImageOfPage\":{\"@id\":\"https:\/\/www.welovecycling.com\/ee\/2026\/01\/26\/evenepoeli-lahkumise-jarel-naaseb-soudal-quick-step-oma-algse-dna-juurde\/#primaryimage\"},\"image\":{\"@id\":\"https:\/\/www.welovecycling.com\/ee\/2026\/01\/26\/evenepoeli-lahkumise-jarel-naaseb-soudal-quick-step-oma-algse-dna-juurde\/#primaryimage\"},\"thumbnailUrl\":\"https:\/\/d2p6e6u75xmxt8.cloudfront.net\/15\/2026\/01\/suudal1.webp\",\"datePublished\":\"2026-01-26T12:32:00+00:00\",\"author\":{\"@id\":\"https:\/\/www.welovecycling.com\/ee\/#\/schema\/person\/8b7101c4bd1b1ae9d3732ebb1e6caf57\"},\"description\":\"Iga meeskond soovib oma ridadesse superstaari, sest superstaarid v\u00f5idavad ja meelitavad ligi sponsoreid, kes toovad raha, ning f\u00e4nne, kes ostavad ohtralt meeskonna s\u00fcmboolikaga tooteid. Kuid superstaari omamine koosseisus ei ole riskideta, sest kui teil pole piisavalt teisi s\u00f5itjaid, kes on samuti v\u00f5imelised v\u00f5itma, moonutab superstaar meeskonna olemust nagu v\u00f5rku visatud suur kivi.\",\"inLanguage\":\"et\",\"potentialAction\":[{\"@type\":\"ReadAction\",\"target\":[\"https:\/\/www.welovecycling.com\/ee\/2026\/01\/26\/evenepoeli-lahkumise-jarel-naaseb-soudal-quick-step-oma-algse-dna-juurde\/\"]}]},{\"@type\":\"ImageObject\",\"inLanguage\":\"et\",\"@id\":\"https:\/\/www.welovecycling.com\/ee\/2026\/01\/26\/evenepoeli-lahkumise-jarel-naaseb-soudal-quick-step-oma-algse-dna-juurde\/#primaryimage\",\"url\":\"https:\/\/d2p6e6u75xmxt8.cloudfront.net\/15\/2026\/01\/suudal1.webp\",\"contentUrl\":\"https:\/\/d2p6e6u75xmxt8.cloudfront.net\/15\/2026\/01\/suudal1.webp\",\"width\":988,\"height\":659},{\"@type\":\"WebSite\",\"@id\":\"https:\/\/www.welovecycling.com\/ee\/#website\",\"url\":\"https:\/\/www.welovecycling.com\/ee\/\",\"name\":\"\u0160koda We Love Cycling - Estonia\",\"description\":\"\",\"potentialAction\":[{\"@type\":\"SearchAction\",\"target\":{\"@type\":\"EntryPoint\",\"urlTemplate\":\"https:\/\/www.welovecycling.com\/ee\/?s={search_term_string}\"},\"query-input\":{\"@type\":\"PropertyValueSpecification\",\"valueRequired\":true,\"valueName\":\"search_term_string\"}}],\"inLanguage\":\"et\"},{\"@type\":\"Person\",\"@id\":\"https:\/\/www.welovecycling.com\/ee\/#\/schema\/person\/8b7101c4bd1b1ae9d3732ebb1e6caf57\",\"name\":\"andre\",\"image\":{\"@type\":\"ImageObject\",\"inLanguage\":\"et\",\"@id\":\"https:\/\/www.welovecycling.com\/ee\/#\/schema\/person\/image\/\",\"url\":\"https:\/\/secure.gravatar.com\/avatar\/0656b3224fe17b018f43b8a562625dd43d30827f027b2f62bc5a05711fec9a61?s=96&d=mm&r=g\",\"contentUrl\":\"https:\/\/secure.gravatar.com\/avatar\/0656b3224fe17b018f43b8a562625dd43d30827f027b2f62bc5a05711fec9a61?s=96&d=mm&r=g\",\"caption\":\"andre\"},\"url\":\"https:\/\/www.welovecycling.com\/ee\/author\/andre\/\"}]}<\/script>\n<!-- \/ Yoast SEO Premium plugin. -->","yoast_head_json":{"title":"Evenepoeli lahkumise j\u00e4rel naaseb Soudal Quick-Step oma algse DNA juurde - \u0160koda We Love Cycling - Estonia","description":"Iga meeskond soovib oma ridadesse superstaari, sest superstaarid v\u00f5idavad ja meelitavad ligi sponsoreid, kes toovad raha, ning f\u00e4nne, kes ostavad ohtralt meeskonna s\u00fcmboolikaga tooteid. Kuid superstaari omamine koosseisus ei ole riskideta, sest kui teil pole piisavalt teisi s\u00f5itjaid, kes on samuti v\u00f5imelised v\u00f5itma, moonutab superstaar meeskonna olemust nagu v\u00f5rku visatud suur kivi.","robots":{"index":"index","follow":"follow","max-snippet":"max-snippet:-1","max-image-preview":"max-image-preview:large","max-video-preview":"max-video-preview:-1"},"canonical":"https:\/\/www.welovecycling.com\/ee\/2026\/01\/26\/evenepoeli-lahkumise-jarel-naaseb-soudal-quick-step-oma-algse-dna-juurde\/","og_locale":"et_EE","og_type":"article","og_title":"Evenepoeli lahkumise j\u00e4rel naaseb Soudal Quick-Step oma algse DNA juurde","og_description":"Iga meeskond soovib oma ridadesse superstaari, sest superstaarid v\u00f5idavad ja meelitavad ligi sponsoreid, kes toovad raha, ning f\u00e4nne, kes ostavad ohtralt meeskonna s\u00fcmboolikaga tooteid. Kuid superstaari omamine koosseisus ei ole riskideta, sest kui teil pole piisavalt teisi s\u00f5itjaid, kes on samuti v\u00f5imelised v\u00f5itma, moonutab superstaar meeskonna olemust nagu v\u00f5rku visatud suur kivi.","og_url":"https:\/\/www.welovecycling.com\/ee\/2026\/01\/26\/evenepoeli-lahkumise-jarel-naaseb-soudal-quick-step-oma-algse-dna-juurde\/","og_site_name":"\u0160koda We Love Cycling - Estonia","article_published_time":"2026-01-26T12:32:00+00:00","og_image":[{"width":988,"height":659,"url":"https:\/\/d2p6e6u75xmxt8.cloudfront.net\/15\/2026\/01\/suudal1.webp","type":"image\/webp"}],"author":"andre","twitter_card":"summary_large_image","twitter_misc":{"Written by":"Siegfried Mortkowitz","Est. reading time":"4"},"schema":{"@context":"https:\/\/schema.org","@graph":[{"@type":"WebPage","@id":"https:\/\/www.welovecycling.com\/ee\/2026\/01\/26\/evenepoeli-lahkumise-jarel-naaseb-soudal-quick-step-oma-algse-dna-juurde\/","url":"https:\/\/www.welovecycling.com\/ee\/2026\/01\/26\/evenepoeli-lahkumise-jarel-naaseb-soudal-quick-step-oma-algse-dna-juurde\/","name":"Evenepoeli lahkumise j\u00e4rel naaseb Soudal Quick-Step oma algse DNA juurde - \u0160koda We Love Cycling - Estonia","isPartOf":{"@id":"https:\/\/www.welovecycling.com\/ee\/#website"},"primaryImageOfPage":{"@id":"https:\/\/www.welovecycling.com\/ee\/2026\/01\/26\/evenepoeli-lahkumise-jarel-naaseb-soudal-quick-step-oma-algse-dna-juurde\/#primaryimage"},"image":{"@id":"https:\/\/www.welovecycling.com\/ee\/2026\/01\/26\/evenepoeli-lahkumise-jarel-naaseb-soudal-quick-step-oma-algse-dna-juurde\/#primaryimage"},"thumbnailUrl":"https:\/\/d2p6e6u75xmxt8.cloudfront.net\/15\/2026\/01\/suudal1.webp","datePublished":"2026-01-26T12:32:00+00:00","author":{"@id":"https:\/\/www.welovecycling.com\/ee\/#\/schema\/person\/8b7101c4bd1b1ae9d3732ebb1e6caf57"},"description":"Iga meeskond soovib oma ridadesse superstaari, sest superstaarid v\u00f5idavad ja meelitavad ligi sponsoreid, kes toovad raha, ning f\u00e4nne, kes ostavad ohtralt meeskonna s\u00fcmboolikaga tooteid. Kuid superstaari omamine koosseisus ei ole riskideta, sest kui teil pole piisavalt teisi s\u00f5itjaid, kes on samuti v\u00f5imelised v\u00f5itma, moonutab superstaar meeskonna olemust nagu v\u00f5rku visatud suur kivi.","inLanguage":"et","potentialAction":[{"@type":"ReadAction","target":["https:\/\/www.welovecycling.com\/ee\/2026\/01\/26\/evenepoeli-lahkumise-jarel-naaseb-soudal-quick-step-oma-algse-dna-juurde\/"]}]},{"@type":"ImageObject","inLanguage":"et","@id":"https:\/\/www.welovecycling.com\/ee\/2026\/01\/26\/evenepoeli-lahkumise-jarel-naaseb-soudal-quick-step-oma-algse-dna-juurde\/#primaryimage","url":"https:\/\/d2p6e6u75xmxt8.cloudfront.net\/15\/2026\/01\/suudal1.webp","contentUrl":"https:\/\/d2p6e6u75xmxt8.cloudfront.net\/15\/2026\/01\/suudal1.webp","width":988,"height":659},{"@type":"WebSite","@id":"https:\/\/www.welovecycling.com\/ee\/#website","url":"https:\/\/www.welovecycling.com\/ee\/","name":"\u0160koda We Love Cycling - Estonia","description":"","potentialAction":[{"@type":"SearchAction","target":{"@type":"EntryPoint","urlTemplate":"https:\/\/www.welovecycling.com\/ee\/?s={search_term_string}"},"query-input":{"@type":"PropertyValueSpecification","valueRequired":true,"valueName":"search_term_string"}}],"inLanguage":"et"},{"@type":"Person","@id":"https:\/\/www.welovecycling.com\/ee\/#\/schema\/person\/8b7101c4bd1b1ae9d3732ebb1e6caf57","name":"andre","image":{"@type":"ImageObject","inLanguage":"et","@id":"https:\/\/www.welovecycling.com\/ee\/#\/schema\/person\/image\/","url":"https:\/\/secure.gravatar.com\/avatar\/0656b3224fe17b018f43b8a562625dd43d30827f027b2f62bc5a05711fec9a61?s=96&d=mm&r=g","contentUrl":"https:\/\/secure.gravatar.com\/avatar\/0656b3224fe17b018f43b8a562625dd43d30827f027b2f62bc5a05711fec9a61?s=96&d=mm&r=g","caption":"andre"},"url":"https:\/\/www.welovecycling.com\/ee\/author\/andre\/"}]}},"_links":{"self":[{"href":"https:\/\/www.welovecycling.com\/ee\/wp-json\/wp\/v2\/posts\/3389","targetHints":{"allow":["GET"]}}],"collection":[{"href":"https:\/\/www.welovecycling.com\/ee\/wp-json\/wp\/v2\/posts"}],"about":[{"href":"https:\/\/www.welovecycling.com\/ee\/wp-json\/wp\/v2\/types\/post"}],"author":[{"embeddable":true,"href":"https:\/\/www.welovecycling.com\/ee\/wp-json\/wp\/v2\/users\/174"}],"replies":[{"embeddable":true,"href":"https:\/\/www.welovecycling.com\/ee\/wp-json\/wp\/v2\/comments?post=3389"}],"version-history":[{"count":2,"href":"https:\/\/www.welovecycling.com\/ee\/wp-json\/wp\/v2\/posts\/3389\/revisions"}],"predecessor-version":[{"id":3393,"href":"https:\/\/www.welovecycling.com\/ee\/wp-json\/wp\/v2\/posts\/3389\/revisions\/3393"}],"wp:featuredmedia":[{"embeddable":true,"href":"https:\/\/www.welovecycling.com\/ee\/wp-json\/wp\/v2\/media\/3391"}],"wp:attachment":[{"href":"https:\/\/www.welovecycling.com\/ee\/wp-json\/wp\/v2\/media?parent=3389"}],"wp:term":[{"taxonomy":"category","embeddable":true,"href":"https:\/\/www.welovecycling.com\/ee\/wp-json\/wp\/v2\/categories?post=3389"},{"taxonomy":"post_tag","embeddable":true,"href":"https:\/\/www.welovecycling.com\/ee\/wp-json\/wp\/v2\/tags?post=3389"},{"taxonomy":"global-categories","embeddable":true,"href":"https:\/\/www.welovecycling.com\/ee\/wp-json\/wp\/v2\/global-categories?post=3389"}],"curies":[{"name":"wp","href":"https:\/\/api.w.org\/{rel}","templated":true}]}}