{"id":3379,"date":"2026-01-21T15:20:25","date_gmt":"2026-01-21T12:20:25","guid":{"rendered":"https:\/\/www.welovecycling.com\/ee\/?p=3379"},"modified":"2026-01-21T15:20:25","modified_gmt":"2026-01-21T12:20:25","slug":"talvine-rattasoit-teadus-selle-taga-miks-me-talvel-aeglased-oleme","status":"publish","type":"post","link":"https:\/\/www.welovecycling.com\/ee\/2026\/01\/21\/talvine-rattasoit-teadus-selle-taga-miks-me-talvel-aeglased-oleme\/","title":{"rendered":"Talvine rattas\u00f5it: teadus selle taga, miks me talvel aeglased oleme"},"content":{"rendered":"<h4 data-path-to-node=\"2\"><strong>Kui tunned end talvel rattasadulas aeglasena, siis teadke, et sa ei ole \u00fcksi ning sa ei ole j\u00e4rsku vormist v\u00e4ljas l\u00e4inud. K\u00fclm muudab seda, kuidas sinu keha, ratas ja isegi tee k\u00e4ituvad. Vaatame l\u00e4hemalt, miks talvine s\u00f5it tundub nii teistsugune ja miks aeglasemalt liikumine v\u00f5ibki olla \u00f5ige valik.<\/strong><\/h4>\n<p data-path-to-node=\"2\"><!--more--><\/p>\n<h2 data-path-to-node=\"3\"><strong>M\u00f5istmine, et talvine s\u00f5it on teistsugune<\/strong><\/h2>\n<p data-path-to-node=\"4\">Kui ma esimest korda talvel rattaga s\u00f5itma hakkasin, olin oma keskmises kiiruses pettunud. Isegi p\u00e4evadel, mil tundsin end h\u00e4sti, j\u00e4id mu ajad suvistele pingutustele alla. Kuna mul tollal v\u00f5imsusandurit polnud, ei saanud ma lohutust faktist, et panustasin sama palju energiat, ning see tekitas n\u00f6rdimust.<\/p>\n<p data-path-to-node=\"5\">Aja jooksul v\u00e4hendas see s\u00f5idur\u00f5\u00f5mu. Strava segmentide tagaajamine ei tundnud m\u00f5istlikuna, sest talvised ajad ei suutnud suvistega konkureerida, ning pikemate marsruutide planeerimist piiras see, kui palju k\u00fclma ja v\u00e4simust ma olin valmis taluma. Nii s\u00f5itsin ma talvel v\u00e4hem, isegi kui tingimused olid head.<\/p>\n<h2 data-path-to-node=\"6\"><strong>Uue l\u00e4henemisviisi leidmine<\/strong><\/h2>\n<p data-path-to-node=\"7\">See muutus, kui ostsin t\u00e4iskasvanuna oma esimese maastikuratta. See nihutas mu fookust. Nautisin lumistel radadel s\u00f5itmist ja uute oskuste \u00f5ppimist, selle asemel et j\u00e4lgida kiirust. See m\u00f5tteviis kandus \u00fcle ka maanteerattale. Hakkasin otsima kruusateid isegi siis, kui teadsin, et l\u00e4heduses on siledam asfalt. Seadsin endale suvalisi talviseid v\u00e4ljakutseid, n\u00e4iteks kui kaugele suudan s\u00f5ita miinuskraadidega, enne kui mu varbad tundetuks muutuvad. Talvisest rattas\u00f5idust sai kas iseloomu kasvatav harjutus v\u00f5i lihtsalt l\u00f5bu \u2013 keskmise kiiruse tagaajamine l\u00f5ppes.<\/p>\n<p data-path-to-node=\"8\">See muutus m\u00f5tteviisis aitas mul taas talvist s\u00f5itu nautida, kuid tekitas ka huvi, miks talv rattal nii teistsugune tundub. Nagu selgub, on mitmeid f\u00fcsioloogilisi ja keskkondlikke p\u00f5hjuseid, miks talv meid aeglustab, isegi kui meie f\u00fc\u00fcsiline vorm p\u00fcsib samana.<\/p>\n<h2 data-path-to-node=\"10\"><strong>Miks on talvine s\u00f5it teaduse p\u00f5hjal aeglasem<\/strong><\/h2>\n<p data-path-to-node=\"11\">On viis teaduslikult p\u00f5hjendatud tegurit, mis selgitavad, miks k\u00f5ik talvel aeglasemalt s\u00f5idavad. Nende m\u00f5istmine aitas mul aeglasema tempoga leppida.<\/p>\n<ol>\n<li data-path-to-node=\"12,0,0\"><b data-path-to-node=\"12,0,0\" data-index-in-node=\"0\">K\u00fclmad lihased toodavad v\u00e4hem v\u00f5imsust<\/b> \u2013 lihaste madalam temperatuur v\u00e4hendab metaboolset efektiivsust ja j\u00f5u tootmist. Uuringud n\u00e4itavad, et vastupidavusv\u00f5ime langeb, kui lihaste temperatuur k\u00fclmas keskkonnas langeb, kuna lihasainevahetus on h\u00e4iritud.<\/li>\n<li data-path-to-node=\"12,1,0\"><b data-path-to-node=\"12,1,0\" data-index-in-node=\"0\">V\u00e4henenud neuromuskulaarne efektiivsus<\/b> \u2013 k\u00fclm aeglustab n\u00e4rviimpulsside levikut ja m\u00f5jutab koordinatsiooni. \u00dclevaated kinnitavad, et kokkupuude k\u00fclmaga p\u00e4rsib j\u00f5udu ja v\u00e4ljundv\u00f5imsust, aeglustades neuromuskulaarset funktsiooni.<\/li>\n<li data-path-to-node=\"12,2,0\"><b data-path-to-node=\"12,2,0\" data-index-in-node=\"0\">Energia kulub termoregulatsioonile<\/b> \u2013 k\u00fclmades tingimustes kulutab keha t\u00e4iendavat energiat keha sisetemperatuuri s\u00e4ilitamiseks. Uuringud n\u00e4itavad, et metaboolne kulu suureneb k\u00fclmas \u00f5hus, kuna keha peab soojendama sissehingatavat \u00f5hku ja kudesid.<\/li>\n<li data-path-to-node=\"12,3,0\"><b data-path-to-node=\"12,3,0\" data-index-in-node=\"0\">Riietus suurendab aerod\u00fcnaamilist takistust<\/b> \u2013 kiirusel s\u00f5ites moodustab suurema osa takistusj\u00f5ududest aerod\u00fcnaamiline takistus ning uuringud n\u00e4itavad, et s\u00f5itja riietus ja kehakuju panustavad sellesse k\u00f5ige rohkem. Tuuletunneli katsed viitavad, et sile ja liibuv riietus v\u00e4hendab takistust v\u00f5rreldes paksemate v\u00f5i lotendavate r\u00f5ivastega.<\/li>\n<li data-path-to-node=\"12,4,0\"><b data-path-to-node=\"12,4,0\" data-index-in-node=\"0\">Teepinnad ja juhitavus muudavad k\u00e4itumist<\/b> \u2013 m\u00e4rjad v\u00f5i j\u00e4ised pinnad toovad kaasa varasema pidurdamise, laiemad kurvi l\u00e4bimised ja sujuvamad kiirendused. V\u00e4likatsed k\u00fclmades v\u00e4litingimustes on n\u00e4idanud v\u00e4henenud v\u00f5imsust ja kadentsi, mis on seotud \u00f5hutemperatuuri ja teepinna muutustega.<\/li>\n<\/ol>\n<h2 data-path-to-node=\"13\"><strong>Aeglase hooaja omaksv\u00f5tt<\/strong><\/h2>\n<p data-path-to-node=\"14\">Kui m\u00f5istate talvise aegluse taga peituvaid f\u00fcsioloogilisi ja mehaanilisi tegureid, on lihtsam suvistest ootustest lahti lasta. Talv ei pea t\u00e4hendama kiirust. See v\u00f5ib t\u00e4hendada oskuste arendamist, avastamist, j\u00e4rjepidevust ja vastupidavust.<\/p>\n","protected":false},"excerpt":{"rendered":"<p>Kui tunned end talvel rattasadulas aeglasena, siis teadke, et sa ei ole \u00fcksi ning sa ei ole j\u00e4rsku vormist v\u00e4ljas [&hellip;]<\/p>\n","protected":false},"author":174,"featured_media":3380,"comment_status":"open","ping_status":"open","sticky":false,"template":"","format":"standard","meta":{"footnotes":""},"categories":[43],"tags":[],"global-categories":[22],"class_list":["post-3379","post","type-post","status-publish","format-standard","has-post-thumbnail","hentry","category-tervis-trenn","global-categories-cycling"],"yoast_head":"<!-- This site is optimized with the Yoast SEO Premium plugin v25.3 (Yoast SEO v25.9) - https:\/\/yoast.com\/wordpress\/plugins\/seo\/ -->\n<title>Talvine rattas\u00f5it: teadus selle taga, miks me talvel aeglased oleme - \u0160koda We Love Cycling - Estonia<\/title>\n<meta name=\"description\" content=\"Kui tunned end talvel rattasadulas aeglasena, siis teadke, et sa ei ole \u00fcksi ning sa ei ole j\u00e4rsku vormist v\u00e4ljas l\u00e4inud. K\u00fclm muudab seda, kuidas sinu keha, ratas ja isegi tee k\u00e4ituvad. Vaatame l\u00e4hemalt, miks talvine s\u00f5it tundub nii teistsugune ja miks aeglasemalt liikumine v\u00f5ibki olla \u00f5ige valik.\" \/>\n<meta name=\"robots\" content=\"index, follow, max-snippet:-1, max-image-preview:large, max-video-preview:-1\" \/>\n<link rel=\"canonical\" href=\"https:\/\/www.welovecycling.com\/ee\/2026\/01\/21\/talvine-rattasoit-teadus-selle-taga-miks-me-talvel-aeglased-oleme\/\" \/>\n<meta property=\"og:locale\" content=\"et_EE\" \/>\n<meta property=\"og:type\" content=\"article\" \/>\n<meta property=\"og:title\" content=\"Talvine rattas\u00f5it: teadus selle taga, miks me talvel aeglased oleme\" \/>\n<meta property=\"og:description\" content=\"Kui tunned end talvel rattasadulas aeglasena, siis teadke, et sa ei ole \u00fcksi ning sa ei ole j\u00e4rsku vormist v\u00e4ljas l\u00e4inud. K\u00fclm muudab seda, kuidas sinu keha, ratas ja isegi tee k\u00e4ituvad. Vaatame l\u00e4hemalt, miks talvine s\u00f5it tundub nii teistsugune ja miks aeglasemalt liikumine v\u00f5ibki olla \u00f5ige valik.\" \/>\n<meta property=\"og:url\" content=\"https:\/\/www.welovecycling.com\/ee\/2026\/01\/21\/talvine-rattasoit-teadus-selle-taga-miks-me-talvel-aeglased-oleme\/\" \/>\n<meta property=\"og:site_name\" content=\"\u0160koda We Love Cycling - Estonia\" \/>\n<meta property=\"article:published_time\" content=\"2026-01-21T12:20:25+00:00\" \/>\n<meta property=\"og:image\" content=\"https:\/\/d2p6e6u75xmxt8.cloudfront.net\/15\/2026\/01\/20180204_090352.webp\" \/>\n\t<meta property=\"og:image:width\" content=\"2560\" \/>\n\t<meta property=\"og:image:height\" content=\"1440\" \/>\n\t<meta property=\"og:image:type\" content=\"image\/webp\" \/>\n<meta name=\"author\" content=\"andre\" \/>\n<meta name=\"twitter:card\" content=\"summary_large_image\" \/>\n<meta name=\"twitter:label1\" content=\"Written by\" \/>\n\t<meta name=\"twitter:data1\" content=\"Jiri Kaloc\" \/>\n\t<meta name=\"twitter:label2\" content=\"Est. reading time\" \/>\n\t<meta name=\"twitter:data2\" content=\"3\" \/>\n<script type=\"application\/ld+json\" class=\"yoast-schema-graph\">{\"@context\":\"https:\/\/schema.org\",\"@graph\":[{\"@type\":\"WebPage\",\"@id\":\"https:\/\/www.welovecycling.com\/ee\/2026\/01\/21\/talvine-rattasoit-teadus-selle-taga-miks-me-talvel-aeglased-oleme\/\",\"url\":\"https:\/\/www.welovecycling.com\/ee\/2026\/01\/21\/talvine-rattasoit-teadus-selle-taga-miks-me-talvel-aeglased-oleme\/\",\"name\":\"Talvine rattas\u00f5it: teadus selle taga, miks me talvel aeglased oleme - \u0160koda We Love Cycling - Estonia\",\"isPartOf\":{\"@id\":\"https:\/\/www.welovecycling.com\/ee\/#website\"},\"primaryImageOfPage\":{\"@id\":\"https:\/\/www.welovecycling.com\/ee\/2026\/01\/21\/talvine-rattasoit-teadus-selle-taga-miks-me-talvel-aeglased-oleme\/#primaryimage\"},\"image\":{\"@id\":\"https:\/\/www.welovecycling.com\/ee\/2026\/01\/21\/talvine-rattasoit-teadus-selle-taga-miks-me-talvel-aeglased-oleme\/#primaryimage\"},\"thumbnailUrl\":\"https:\/\/d2p6e6u75xmxt8.cloudfront.net\/15\/2026\/01\/20180204_090352.webp\",\"datePublished\":\"2026-01-21T12:20:25+00:00\",\"author\":{\"@id\":\"https:\/\/www.welovecycling.com\/ee\/#\/schema\/person\/8b7101c4bd1b1ae9d3732ebb1e6caf57\"},\"description\":\"Kui tunned end talvel rattasadulas aeglasena, siis teadke, et sa ei ole \u00fcksi ning sa ei ole j\u00e4rsku vormist v\u00e4ljas l\u00e4inud. K\u00fclm muudab seda, kuidas sinu keha, ratas ja isegi tee k\u00e4ituvad. Vaatame l\u00e4hemalt, miks talvine s\u00f5it tundub nii teistsugune ja miks aeglasemalt liikumine v\u00f5ibki olla \u00f5ige valik.\",\"inLanguage\":\"et\",\"potentialAction\":[{\"@type\":\"ReadAction\",\"target\":[\"https:\/\/www.welovecycling.com\/ee\/2026\/01\/21\/talvine-rattasoit-teadus-selle-taga-miks-me-talvel-aeglased-oleme\/\"]}]},{\"@type\":\"ImageObject\",\"inLanguage\":\"et\",\"@id\":\"https:\/\/www.welovecycling.com\/ee\/2026\/01\/21\/talvine-rattasoit-teadus-selle-taga-miks-me-talvel-aeglased-oleme\/#primaryimage\",\"url\":\"https:\/\/d2p6e6u75xmxt8.cloudfront.net\/15\/2026\/01\/20180204_090352.webp\",\"contentUrl\":\"https:\/\/d2p6e6u75xmxt8.cloudfront.net\/15\/2026\/01\/20180204_090352.webp\",\"width\":2560,\"height\":1440},{\"@type\":\"WebSite\",\"@id\":\"https:\/\/www.welovecycling.com\/ee\/#website\",\"url\":\"https:\/\/www.welovecycling.com\/ee\/\",\"name\":\"\u0160koda We Love Cycling - Estonia\",\"description\":\"\",\"potentialAction\":[{\"@type\":\"SearchAction\",\"target\":{\"@type\":\"EntryPoint\",\"urlTemplate\":\"https:\/\/www.welovecycling.com\/ee\/?s={search_term_string}\"},\"query-input\":{\"@type\":\"PropertyValueSpecification\",\"valueRequired\":true,\"valueName\":\"search_term_string\"}}],\"inLanguage\":\"et\"},{\"@type\":\"Person\",\"@id\":\"https:\/\/www.welovecycling.com\/ee\/#\/schema\/person\/8b7101c4bd1b1ae9d3732ebb1e6caf57\",\"name\":\"andre\",\"image\":{\"@type\":\"ImageObject\",\"inLanguage\":\"et\",\"@id\":\"https:\/\/www.welovecycling.com\/ee\/#\/schema\/person\/image\/\",\"url\":\"https:\/\/secure.gravatar.com\/avatar\/0656b3224fe17b018f43b8a562625dd43d30827f027b2f62bc5a05711fec9a61?s=96&d=mm&r=g\",\"contentUrl\":\"https:\/\/secure.gravatar.com\/avatar\/0656b3224fe17b018f43b8a562625dd43d30827f027b2f62bc5a05711fec9a61?s=96&d=mm&r=g\",\"caption\":\"andre\"},\"url\":\"https:\/\/www.welovecycling.com\/ee\/author\/andre\/\"}]}<\/script>\n<!-- \/ Yoast SEO Premium plugin. -->","yoast_head_json":{"title":"Talvine rattas\u00f5it: teadus selle taga, miks me talvel aeglased oleme - \u0160koda We Love Cycling - Estonia","description":"Kui tunned end talvel rattasadulas aeglasena, siis teadke, et sa ei ole \u00fcksi ning sa ei ole j\u00e4rsku vormist v\u00e4ljas l\u00e4inud. K\u00fclm muudab seda, kuidas sinu keha, ratas ja isegi tee k\u00e4ituvad. Vaatame l\u00e4hemalt, miks talvine s\u00f5it tundub nii teistsugune ja miks aeglasemalt liikumine v\u00f5ibki olla \u00f5ige valik.","robots":{"index":"index","follow":"follow","max-snippet":"max-snippet:-1","max-image-preview":"max-image-preview:large","max-video-preview":"max-video-preview:-1"},"canonical":"https:\/\/www.welovecycling.com\/ee\/2026\/01\/21\/talvine-rattasoit-teadus-selle-taga-miks-me-talvel-aeglased-oleme\/","og_locale":"et_EE","og_type":"article","og_title":"Talvine rattas\u00f5it: teadus selle taga, miks me talvel aeglased oleme","og_description":"Kui tunned end talvel rattasadulas aeglasena, siis teadke, et sa ei ole \u00fcksi ning sa ei ole j\u00e4rsku vormist v\u00e4ljas l\u00e4inud. K\u00fclm muudab seda, kuidas sinu keha, ratas ja isegi tee k\u00e4ituvad. Vaatame l\u00e4hemalt, miks talvine s\u00f5it tundub nii teistsugune ja miks aeglasemalt liikumine v\u00f5ibki olla \u00f5ige valik.","og_url":"https:\/\/www.welovecycling.com\/ee\/2026\/01\/21\/talvine-rattasoit-teadus-selle-taga-miks-me-talvel-aeglased-oleme\/","og_site_name":"\u0160koda We Love Cycling - Estonia","article_published_time":"2026-01-21T12:20:25+00:00","og_image":[{"width":2560,"height":1440,"url":"https:\/\/d2p6e6u75xmxt8.cloudfront.net\/15\/2026\/01\/20180204_090352.webp","type":"image\/webp"}],"author":"andre","twitter_card":"summary_large_image","twitter_misc":{"Written by":"Jiri Kaloc","Est. reading time":"3"},"schema":{"@context":"https:\/\/schema.org","@graph":[{"@type":"WebPage","@id":"https:\/\/www.welovecycling.com\/ee\/2026\/01\/21\/talvine-rattasoit-teadus-selle-taga-miks-me-talvel-aeglased-oleme\/","url":"https:\/\/www.welovecycling.com\/ee\/2026\/01\/21\/talvine-rattasoit-teadus-selle-taga-miks-me-talvel-aeglased-oleme\/","name":"Talvine rattas\u00f5it: teadus selle taga, miks me talvel aeglased oleme - \u0160koda We Love Cycling - Estonia","isPartOf":{"@id":"https:\/\/www.welovecycling.com\/ee\/#website"},"primaryImageOfPage":{"@id":"https:\/\/www.welovecycling.com\/ee\/2026\/01\/21\/talvine-rattasoit-teadus-selle-taga-miks-me-talvel-aeglased-oleme\/#primaryimage"},"image":{"@id":"https:\/\/www.welovecycling.com\/ee\/2026\/01\/21\/talvine-rattasoit-teadus-selle-taga-miks-me-talvel-aeglased-oleme\/#primaryimage"},"thumbnailUrl":"https:\/\/d2p6e6u75xmxt8.cloudfront.net\/15\/2026\/01\/20180204_090352.webp","datePublished":"2026-01-21T12:20:25+00:00","author":{"@id":"https:\/\/www.welovecycling.com\/ee\/#\/schema\/person\/8b7101c4bd1b1ae9d3732ebb1e6caf57"},"description":"Kui tunned end talvel rattasadulas aeglasena, siis teadke, et sa ei ole \u00fcksi ning sa ei ole j\u00e4rsku vormist v\u00e4ljas l\u00e4inud. K\u00fclm muudab seda, kuidas sinu keha, ratas ja isegi tee k\u00e4ituvad. Vaatame l\u00e4hemalt, miks talvine s\u00f5it tundub nii teistsugune ja miks aeglasemalt liikumine v\u00f5ibki olla \u00f5ige valik.","inLanguage":"et","potentialAction":[{"@type":"ReadAction","target":["https:\/\/www.welovecycling.com\/ee\/2026\/01\/21\/talvine-rattasoit-teadus-selle-taga-miks-me-talvel-aeglased-oleme\/"]}]},{"@type":"ImageObject","inLanguage":"et","@id":"https:\/\/www.welovecycling.com\/ee\/2026\/01\/21\/talvine-rattasoit-teadus-selle-taga-miks-me-talvel-aeglased-oleme\/#primaryimage","url":"https:\/\/d2p6e6u75xmxt8.cloudfront.net\/15\/2026\/01\/20180204_090352.webp","contentUrl":"https:\/\/d2p6e6u75xmxt8.cloudfront.net\/15\/2026\/01\/20180204_090352.webp","width":2560,"height":1440},{"@type":"WebSite","@id":"https:\/\/www.welovecycling.com\/ee\/#website","url":"https:\/\/www.welovecycling.com\/ee\/","name":"\u0160koda We Love Cycling - Estonia","description":"","potentialAction":[{"@type":"SearchAction","target":{"@type":"EntryPoint","urlTemplate":"https:\/\/www.welovecycling.com\/ee\/?s={search_term_string}"},"query-input":{"@type":"PropertyValueSpecification","valueRequired":true,"valueName":"search_term_string"}}],"inLanguage":"et"},{"@type":"Person","@id":"https:\/\/www.welovecycling.com\/ee\/#\/schema\/person\/8b7101c4bd1b1ae9d3732ebb1e6caf57","name":"andre","image":{"@type":"ImageObject","inLanguage":"et","@id":"https:\/\/www.welovecycling.com\/ee\/#\/schema\/person\/image\/","url":"https:\/\/secure.gravatar.com\/avatar\/0656b3224fe17b018f43b8a562625dd43d30827f027b2f62bc5a05711fec9a61?s=96&d=mm&r=g","contentUrl":"https:\/\/secure.gravatar.com\/avatar\/0656b3224fe17b018f43b8a562625dd43d30827f027b2f62bc5a05711fec9a61?s=96&d=mm&r=g","caption":"andre"},"url":"https:\/\/www.welovecycling.com\/ee\/author\/andre\/"}]}},"_links":{"self":[{"href":"https:\/\/www.welovecycling.com\/ee\/wp-json\/wp\/v2\/posts\/3379","targetHints":{"allow":["GET"]}}],"collection":[{"href":"https:\/\/www.welovecycling.com\/ee\/wp-json\/wp\/v2\/posts"}],"about":[{"href":"https:\/\/www.welovecycling.com\/ee\/wp-json\/wp\/v2\/types\/post"}],"author":[{"embeddable":true,"href":"https:\/\/www.welovecycling.com\/ee\/wp-json\/wp\/v2\/users\/174"}],"replies":[{"embeddable":true,"href":"https:\/\/www.welovecycling.com\/ee\/wp-json\/wp\/v2\/comments?post=3379"}],"version-history":[{"count":2,"href":"https:\/\/www.welovecycling.com\/ee\/wp-json\/wp\/v2\/posts\/3379\/revisions"}],"predecessor-version":[{"id":3382,"href":"https:\/\/www.welovecycling.com\/ee\/wp-json\/wp\/v2\/posts\/3379\/revisions\/3382"}],"wp:featuredmedia":[{"embeddable":true,"href":"https:\/\/www.welovecycling.com\/ee\/wp-json\/wp\/v2\/media\/3380"}],"wp:attachment":[{"href":"https:\/\/www.welovecycling.com\/ee\/wp-json\/wp\/v2\/media?parent=3379"}],"wp:term":[{"taxonomy":"category","embeddable":true,"href":"https:\/\/www.welovecycling.com\/ee\/wp-json\/wp\/v2\/categories?post=3379"},{"taxonomy":"post_tag","embeddable":true,"href":"https:\/\/www.welovecycling.com\/ee\/wp-json\/wp\/v2\/tags?post=3379"},{"taxonomy":"global-categories","embeddable":true,"href":"https:\/\/www.welovecycling.com\/ee\/wp-json\/wp\/v2\/global-categories?post=3379"}],"curies":[{"name":"wp","href":"https:\/\/api.w.org\/{rel}","templated":true}]}}