{"id":3365,"date":"2026-01-14T13:02:47","date_gmt":"2026-01-14T10:02:47","guid":{"rendered":"https:\/\/www.welovecycling.com\/ee\/?p=3365"},"modified":"2026-01-14T13:02:47","modified_gmt":"2026-01-14T10:02:47","slug":"talvine-soit-miks-sa-vajad-kulmadel-soitudel-rohkem-susivesikuid","status":"publish","type":"post","link":"https:\/\/www.welovecycling.com\/ee\/2026\/01\/14\/talvine-soit-miks-sa-vajad-kulmadel-soitudel-rohkem-susivesikuid\/","title":{"rendered":"Talvine s\u00f5it: Miks sa vajad k\u00fclmadel s\u00f5itudel rohkem s\u00fcsivesikuid"},"content":{"rendered":"<h4 data-path-to-node=\"2\"><strong>Talvine rattas\u00f5it tekitab minus arusaama, et ma ei pea palju s\u00f6\u00f6ma ega jooma. S\u00f5idud on l\u00fchemad, tempo on madalam ning ma tunnen k\u00fclmaga harva n\u00e4lga v\u00f5i janu. Kuid see instinkt on p\u00f5hjustanud rohkem probleeme, kui ma ootasin, eriti just p\u00e4rast koju j\u00f5udmist. Vaatame, mida \u00fctleb teadus talvise energiatarbimise kohta.<\/strong><\/h4>\n<p data-path-to-node=\"2\"><!--more--><\/p>\n<h2 data-path-to-node=\"3\"><strong>Toitumine enesetunde p\u00f5hjal<\/strong><\/h2>\n<p data-path-to-node=\"4\">Aastaid suhtusin talviseid s\u00f5ite toetavasse toitumisse kui millesegi, mille p\u00e4rast peab muretsema vaid siis, kui s\u00f5idud muutuvad pikaks v\u00f5i kiireks. Minu k\u00fclma ilma treeningud on tavaliselt l\u00fchemad, kestes sageli umbes 90 minutit ja harva \u00fcle 2,5 tunni, kui temperatuur on alla nulli. See pani mind eeldama, et ma ei vaja rattal olles palju k\u00fctust. Ma ei s\u00f5itnud nii kiiresti, ma ei higistanud nagu suvel ning k\u00fclma ilmaga rattal s\u00f6\u00f6mine on lihtsalt ebamugav.<\/p>\n<p data-path-to-node=\"5\">Kindad segavad, nende k\u00e4est v\u00f5tmine muudab s\u00f5rmed tundetuks ja kauemaks kui paariks minutiks peatumine tundub kui kindel viis k\u00fclmetuda. Enamasti ei tundnud ma s\u00f5idu ajal ka erilist n\u00e4lga \u2013 kummaline isupuudus, mis tundus t\u00e4iesti normaalne.<\/p>\n<h2 data-path-to-node=\"6\"><strong>S\u00f5iduj\u00e4rgne probleem<\/strong><\/h2>\n<p data-path-to-node=\"7\">Probleem ilmnes alles hiljem p\u00e4eva jooksul. Ma olin n\u00e4ljane ega suutnud s\u00fc\u00fca piisavalt, et seda t\u00fchjust t\u00e4ita. Ma n\u00e4ksisin terve p\u00e4rastl\u00f5una ja \u00f5htu, kusjuures suupisted kandusid edasi \u00f5htus\u00f6\u00f6ki ja sealt edasi. Hiline s\u00f6\u00f6mine h\u00e4iris sageli mu und ning j\u00e4rgmisel hommikul tundsin end uimasena, mitte valmis uueks s\u00f5iduks.<\/p>\n<p data-path-to-node=\"8\">H\u00fcdreerimisega polnud lood paremad. Kuna ma n\u00e4htavalt ei higistanud, j\u00f5in ma vaevalt midagi. J\u00e4\u00e4k\u00fclm vesi pudelis tundus alati ebahuvitav, seega r\u00fc\u00fcpasin v\u00e4ga v\u00e4he. Kuid kui vaatasin p\u00e4rast s\u00f5itu oma riideid, olid need niisked. On raske riietuda piisavalt h\u00e4sti, et v\u00e4ltida suurema koormusega l\u00f5ikduel higistamist, samal ajal lihtsama veeremisega kohtades mitte k\u00fclmetamist.<\/p>\n<p data-path-to-node=\"9\">Koju j\u00f5udmine nii energia- kui ka vedelikupuuduses muutus ennustatavaks mustriks. See ei ole hea taastumise retsept. Niisiis otsustasin oma l\u00e4henemist muuta ja k\u00e4sitleda k\u00fclmadel s\u00f5itudel s\u00f6\u00f6mist ja joomist kui midagi, mida ma teen teadlikult, olenemata tajutavast janust v\u00f5i n\u00e4ljast.<\/p>\n<figure id=\"attachment_3367\" aria-describedby=\"caption-attachment-3367\" style=\"width: 989px\" class=\"wp-caption aligncenter\"><a href=\"https:\/\/d2p6e6u75xmxt8.cloudfront.net\/15\/2026\/01\/talv-2.webp\"><img loading=\"lazy\" decoding=\"async\" class=\"wp-image-3367 size-full\" src=\"https:\/\/d2p6e6u75xmxt8.cloudfront.net\/15\/2026\/01\/talv-2.webp\" alt=\"\" width=\"989\" height=\"658\" srcset=\"https:\/\/d2p6e6u75xmxt8.cloudfront.net\/15\/2026\/01\/talv-2.webp 989w, https:\/\/d2p6e6u75xmxt8.cloudfront.net\/15\/2026\/01\/talv-2-300x200.webp 300w, https:\/\/d2p6e6u75xmxt8.cloudfront.net\/15\/2026\/01\/talv-2-768x511.webp 768w, https:\/\/d2p6e6u75xmxt8.cloudfront.net\/15\/2026\/01\/talv-2-400x266.webp 400w, https:\/\/d2p6e6u75xmxt8.cloudfront.net\/15\/2026\/01\/talv-2-272x182.webp 272w\" sizes=\"auto, (max-width: 989px) 100vw, 989px\" \/><\/a><figcaption id=\"caption-attachment-3367\" class=\"wp-caption-text\">J\u00e4\u00e4k\u00fclm vesi pudelis ei tundu talvisel s\u00f5idul eriti ahvatlev. \u00a9 Profimedia<\/figcaption><\/figure>\n<h2 data-path-to-node=\"10\"><strong>Miks s\u00fcsivesikud on k\u00fclmas olulisemad<\/strong><\/h2>\n<p data-path-to-node=\"11\">K\u00fclm ilm muudab seda, kuidas meie keha energiat kasutab. Talvisel s\u00f5idul ei anna teie keha energiat ainult lihastele pedaalide p\u00f6\u00f6ramiseks, vaid t\u00f6\u00f6tab ka keha sisetemperatuuri hoidmise nimel. See t\u00e4iendav sooja tootmine suurendab \u00fcldist energiakulu ning suurem osa sellest energiast tuleb s\u00fcsivesikutest.<\/p>\n<p data-path-to-node=\"12\">S\u00fcsivesikud on keha kiireim k\u00fctuseallikas ja neid kasutatakse eelistatult siis, kui teete tugevalt t\u00f6\u00f6d v\u00f5i kui temperatuur on madal. V\u00e4ga k\u00fclmades tingimustes o<a href=\"https:\/\/pmc.ncbi.nlm.nih.gov\/articles\/PMC11486477\/\">n t\u00f5endeid, et s\u00fcsivesikute kasutus suureneb v\u00f5rreldes soojema keskkonnaga<\/a>, osaliselt seet\u00f5ttu, et see toetab nii treeningut kui ka soojust tootvaid ainevahetusprotsesse, mida keha vajab soojas p\u00fcsimiseks.<\/p>\n<p data-path-to-node=\"13\">Samal ajal v\u00f5ib k\u00fclmaga kokkupuude h\u00e4gustada isosignaale. See muudab pikaajalise s\u00f6\u00f6mata olemise lihtsaks, isegi kui teie energiavarud on t\u00fchjenemas. Just see vastuolu \u2013 suurem s\u00fcsivesikute kasutus koos madalama tajutava n\u00e4ljatundega \u2013 ongi p\u00f5hjus, miks ma liiga v\u00e4he s\u00f5in.<\/p>\n<h2 data-path-to-node=\"14\"><strong>Vedeliku tarbimine on oluline ka ilma januta<\/strong><\/h2>\n<p data-path-to-node=\"15\">On levinud arvamus, et talvel ei higistata palju. Kuigi see tundub pealispinnal t\u00f5si, r\u00e4\u00e4gib f\u00fcsioloogia teist juttu. K\u00fclm ja kuiv \u00f5hk suurendab hingamisteede kaudu tekkivat vedelikukadu ning vereringe reaktsioonid k\u00fclmale panevad teid tootma rohkem uriini. See on tuntud kui k\u00fclmadiurees.<\/p>\n<p data-path-to-node=\"16\">Lisage sellele fakt, et riiete all olev higi aurustub kiiresti ja janutunne on p\u00e4rsitud, ning teil on olukord, kus kaotate vedelikku ilma erilist janu tundmata. Isegi kerge deh\u00fcdratsioon t\u00f5stab s\u00fcdame l\u00f6\u00f6gisagedust, suurendab tajutavat pingutust ja aeglustab taastumist.<\/p>\n<h2 data-path-to-node=\"17\"><strong>Kuidas k\u00fclmas nutikamalt tankida ja juua<\/strong><\/h2>\n<p data-path-to-node=\"18\">M\u00f5tteviisi muutmine oli esimene samm, kuid m\u00f5ned praktilised harjumused toovad talvel suurima muutuse. Siin on see, mis aitas minul olukorda parandada.<\/p>\n<ul data-path-to-node=\"19\">\n<li>\n<p data-path-to-node=\"19,0,0\"><b data-path-to-node=\"19,0,0\" data-index-in-node=\"0\">Tangi enne minekut<\/b> \u2013 Alusta s\u00f5itu nii, et s\u00fcsivesikud on juba &#8220;paagis&#8221;. Keskendu korralikule hommikus\u00f6\u00f6gile ja lisa sellele isegi s\u00f5idueelne suupiste, et anda kehale varu, millest ammutada.<\/p>\n<\/li>\n<li>\n<p data-path-to-node=\"19,1,0\"><b data-path-to-node=\"19,1,0\" data-index-in-node=\"0\">S\u00f6\u00f6 ja joo graafiku alusel<\/b> \u2013 Kujunda harjumus v\u00f5tta v\u00e4ikeseid sagedasi suupisteid iga 20 minuti j\u00e4rel. Garmini \/ <a href=\"https:\/\/www.hobisport.ee\/wahoo-fitness\/elemnt-rattakompuutrid\">Wahoo<\/a> seadistamine meeldetuletusi tegema aitas mind palju. Lihtsam on v\u00f5tta regulaarselt amps v\u00f5i paar, kui proovida kord tunnis sundida end s\u00f6\u00f6ma tervet batooni\u00a0 v\u00f5i v\u00f5ileiba. Sama kehtib joomise kohta.<\/p>\n<\/li>\n<li>\n<p data-path-to-node=\"19,2,0\"><b data-path-to-node=\"19,2,0\" data-index-in-node=\"0\">Vali toidud, mida on lihtne k\u00e4sitseda<\/b> \u2013 V\u00f5ta kaasa suupisteid, millega saad hakkama ka kinnastega, n\u00e4iteks v\u00f5ileivad, riisikoogid v\u00f5i energiabatoonid. Ma avan sageli pakendid kodus juba poolenisti, et ma ei peaks rattal nendega maadlema.<\/p>\n<\/li>\n<li>\n<p data-path-to-node=\"19,3,0\"><b data-path-to-node=\"19,3,0\" data-index-in-node=\"0\">Soojad joogid teevad imesid<\/b> \u2013 V\u00e4ga k\u00fclmades tingimustes v\u00f5ib kergelt magus soe jook termospudelis v\u00f5i joogikotis teha imesid. See aitab h\u00fcdreerida, annab kaloreid, soojust ja tekitab hea tunde.<\/p>\n<\/li>\n<li>\n<p data-path-to-node=\"19,4,0\"><b data-path-to-node=\"19,4,0\" data-index-in-node=\"0\">Pane taastumisele alus<\/b> \u2013 On t\u00f5en\u00e4oline, et j\u00f5uate tagasi t\u00f5sise defitsiidiga, isegi parimate tankimispingutuste juures. Toeta oma taastumist taastusjoogi v\u00f5i toidukorraga, mis kombineerib 3 osa s\u00fcsivesikuid ja 1 osa valku.<\/p>\n<\/li>\n<\/ul>\n<p data-path-to-node=\"20\">Talvine toitumine on ebaloomulik; tundub, et sa ei pea tegelikult palju s\u00f6\u00f6ma ega jooma, kuigi t\u00f5si on vastupidine. Proovi oma talvistel rattas\u00f5itudel v\u00f5i isegi suusaringidel strateegiat muuta ja tunned end koju j\u00f5udes palju paremini.<\/p>\n","protected":false},"excerpt":{"rendered":"<p>Talvine rattas\u00f5it tekitab minus arusaama, et ma ei pea palju s\u00f6\u00f6ma ega jooma. S\u00f5idud on l\u00fchemad, tempo on madalam ning [&hellip;]<\/p>\n","protected":false},"author":174,"featured_media":3366,"comment_status":"open","ping_status":"open","sticky":false,"template":"","format":"standard","meta":{"footnotes":""},"categories":[43],"tags":[192,607,165,176],"global-categories":[22],"class_list":["post-3365","post","type-post","status-publish","format-standard","has-post-thumbnail","hentry","category-tervis-trenn","tag-susivesikud","tag-susivesikud-talvel","tag-talvine-rattasoit","tag-talvine-treening","global-categories-cycling"],"yoast_head":"<!-- This site is optimized with the Yoast SEO Premium plugin v25.3 (Yoast SEO v25.9) - https:\/\/yoast.com\/wordpress\/plugins\/seo\/ -->\n<title>Talvine s\u00f5it: Miks sa vajad k\u00fclmadel s\u00f5itudel rohkem s\u00fcsivesikuid - \u0160koda We Love Cycling - Estonia<\/title>\n<meta name=\"description\" content=\"Talvine rattas\u00f5it tekitab minus arusaama, et ma ei pea palju s\u00f6\u00f6ma ega jooma. S\u00f5idud on l\u00fchemad, tempo on madalam ning ma tunnen k\u00fclmaga harva n\u00e4lga v\u00f5i janu. Kuid see instinkt on p\u00f5hjustanud rohkem probleeme, kui ma ootasin, eriti just p\u00e4rast koju j\u00f5udmist. Vaatame, mida \u00fctleb teadus talvise energiatarbimise kohta.\" \/>\n<meta name=\"robots\" content=\"index, follow, max-snippet:-1, max-image-preview:large, max-video-preview:-1\" \/>\n<link rel=\"canonical\" href=\"https:\/\/www.welovecycling.com\/ee\/2026\/01\/14\/talvine-soit-miks-sa-vajad-kulmadel-soitudel-rohkem-susivesikuid\/\" \/>\n<meta property=\"og:locale\" content=\"et_EE\" \/>\n<meta property=\"og:type\" content=\"article\" \/>\n<meta property=\"og:title\" content=\"Talvine s\u00f5it: Miks sa vajad k\u00fclmadel s\u00f5itudel rohkem s\u00fcsivesikuid\" \/>\n<meta property=\"og:description\" content=\"Talvine rattas\u00f5it tekitab minus arusaama, et ma ei pea palju s\u00f6\u00f6ma ega jooma. S\u00f5idud on l\u00fchemad, tempo on madalam ning ma tunnen k\u00fclmaga harva n\u00e4lga v\u00f5i janu. Kuid see instinkt on p\u00f5hjustanud rohkem probleeme, kui ma ootasin, eriti just p\u00e4rast koju j\u00f5udmist. Vaatame, mida \u00fctleb teadus talvise energiatarbimise kohta.\" \/>\n<meta property=\"og:url\" content=\"https:\/\/www.welovecycling.com\/ee\/2026\/01\/14\/talvine-soit-miks-sa-vajad-kulmadel-soitudel-rohkem-susivesikuid\/\" \/>\n<meta property=\"og:site_name\" content=\"\u0160koda We Love Cycling - Estonia\" \/>\n<meta property=\"article:published_time\" content=\"2026-01-14T10:02:47+00:00\" \/>\n<meta property=\"og:image\" content=\"https:\/\/d2p6e6u75xmxt8.cloudfront.net\/15\/2026\/01\/talv-1.webp\" \/>\n\t<meta property=\"og:image:width\" content=\"989\" \/>\n\t<meta property=\"og:image:height\" content=\"660\" \/>\n\t<meta property=\"og:image:type\" content=\"image\/webp\" \/>\n<meta name=\"author\" content=\"andre\" \/>\n<meta name=\"twitter:card\" content=\"summary_large_image\" \/>\n<meta name=\"twitter:label1\" content=\"Written by\" \/>\n\t<meta name=\"twitter:data1\" content=\"Jiri Kaloc\" \/>\n\t<meta name=\"twitter:label2\" content=\"Est. reading time\" \/>\n\t<meta name=\"twitter:data2\" content=\"4\" \/>\n<script type=\"application\/ld+json\" class=\"yoast-schema-graph\">{\"@context\":\"https:\/\/schema.org\",\"@graph\":[{\"@type\":\"WebPage\",\"@id\":\"https:\/\/www.welovecycling.com\/ee\/2026\/01\/14\/talvine-soit-miks-sa-vajad-kulmadel-soitudel-rohkem-susivesikuid\/\",\"url\":\"https:\/\/www.welovecycling.com\/ee\/2026\/01\/14\/talvine-soit-miks-sa-vajad-kulmadel-soitudel-rohkem-susivesikuid\/\",\"name\":\"Talvine s\u00f5it: Miks sa vajad k\u00fclmadel s\u00f5itudel rohkem s\u00fcsivesikuid - \u0160koda We Love Cycling - Estonia\",\"isPartOf\":{\"@id\":\"https:\/\/www.welovecycling.com\/ee\/#website\"},\"primaryImageOfPage\":{\"@id\":\"https:\/\/www.welovecycling.com\/ee\/2026\/01\/14\/talvine-soit-miks-sa-vajad-kulmadel-soitudel-rohkem-susivesikuid\/#primaryimage\"},\"image\":{\"@id\":\"https:\/\/www.welovecycling.com\/ee\/2026\/01\/14\/talvine-soit-miks-sa-vajad-kulmadel-soitudel-rohkem-susivesikuid\/#primaryimage\"},\"thumbnailUrl\":\"https:\/\/d2p6e6u75xmxt8.cloudfront.net\/15\/2026\/01\/talv-1.webp\",\"datePublished\":\"2026-01-14T10:02:47+00:00\",\"author\":{\"@id\":\"https:\/\/www.welovecycling.com\/ee\/#\/schema\/person\/8b7101c4bd1b1ae9d3732ebb1e6caf57\"},\"description\":\"Talvine rattas\u00f5it tekitab minus arusaama, et ma ei pea palju s\u00f6\u00f6ma ega jooma. S\u00f5idud on l\u00fchemad, tempo on madalam ning ma tunnen k\u00fclmaga harva n\u00e4lga v\u00f5i janu. Kuid see instinkt on p\u00f5hjustanud rohkem probleeme, kui ma ootasin, eriti just p\u00e4rast koju j\u00f5udmist. Vaatame, mida \u00fctleb teadus talvise energiatarbimise kohta.\",\"inLanguage\":\"et\",\"potentialAction\":[{\"@type\":\"ReadAction\",\"target\":[\"https:\/\/www.welovecycling.com\/ee\/2026\/01\/14\/talvine-soit-miks-sa-vajad-kulmadel-soitudel-rohkem-susivesikuid\/\"]}]},{\"@type\":\"ImageObject\",\"inLanguage\":\"et\",\"@id\":\"https:\/\/www.welovecycling.com\/ee\/2026\/01\/14\/talvine-soit-miks-sa-vajad-kulmadel-soitudel-rohkem-susivesikuid\/#primaryimage\",\"url\":\"https:\/\/d2p6e6u75xmxt8.cloudfront.net\/15\/2026\/01\/talv-1.webp\",\"contentUrl\":\"https:\/\/d2p6e6u75xmxt8.cloudfront.net\/15\/2026\/01\/talv-1.webp\",\"width\":989,\"height\":660},{\"@type\":\"WebSite\",\"@id\":\"https:\/\/www.welovecycling.com\/ee\/#website\",\"url\":\"https:\/\/www.welovecycling.com\/ee\/\",\"name\":\"\u0160koda We Love Cycling - Estonia\",\"description\":\"\",\"potentialAction\":[{\"@type\":\"SearchAction\",\"target\":{\"@type\":\"EntryPoint\",\"urlTemplate\":\"https:\/\/www.welovecycling.com\/ee\/?s={search_term_string}\"},\"query-input\":{\"@type\":\"PropertyValueSpecification\",\"valueRequired\":true,\"valueName\":\"search_term_string\"}}],\"inLanguage\":\"et\"},{\"@type\":\"Person\",\"@id\":\"https:\/\/www.welovecycling.com\/ee\/#\/schema\/person\/8b7101c4bd1b1ae9d3732ebb1e6caf57\",\"name\":\"andre\",\"image\":{\"@type\":\"ImageObject\",\"inLanguage\":\"et\",\"@id\":\"https:\/\/www.welovecycling.com\/ee\/#\/schema\/person\/image\/\",\"url\":\"https:\/\/secure.gravatar.com\/avatar\/0656b3224fe17b018f43b8a562625dd43d30827f027b2f62bc5a05711fec9a61?s=96&d=mm&r=g\",\"contentUrl\":\"https:\/\/secure.gravatar.com\/avatar\/0656b3224fe17b018f43b8a562625dd43d30827f027b2f62bc5a05711fec9a61?s=96&d=mm&r=g\",\"caption\":\"andre\"},\"url\":\"https:\/\/www.welovecycling.com\/ee\/author\/andre\/\"}]}<\/script>\n<!-- \/ Yoast SEO Premium plugin. -->","yoast_head_json":{"title":"Talvine s\u00f5it: Miks sa vajad k\u00fclmadel s\u00f5itudel rohkem s\u00fcsivesikuid - \u0160koda We Love Cycling - Estonia","description":"Talvine rattas\u00f5it tekitab minus arusaama, et ma ei pea palju s\u00f6\u00f6ma ega jooma. S\u00f5idud on l\u00fchemad, tempo on madalam ning ma tunnen k\u00fclmaga harva n\u00e4lga v\u00f5i janu. Kuid see instinkt on p\u00f5hjustanud rohkem probleeme, kui ma ootasin, eriti just p\u00e4rast koju j\u00f5udmist. Vaatame, mida \u00fctleb teadus talvise energiatarbimise kohta.","robots":{"index":"index","follow":"follow","max-snippet":"max-snippet:-1","max-image-preview":"max-image-preview:large","max-video-preview":"max-video-preview:-1"},"canonical":"https:\/\/www.welovecycling.com\/ee\/2026\/01\/14\/talvine-soit-miks-sa-vajad-kulmadel-soitudel-rohkem-susivesikuid\/","og_locale":"et_EE","og_type":"article","og_title":"Talvine s\u00f5it: Miks sa vajad k\u00fclmadel s\u00f5itudel rohkem s\u00fcsivesikuid","og_description":"Talvine rattas\u00f5it tekitab minus arusaama, et ma ei pea palju s\u00f6\u00f6ma ega jooma. S\u00f5idud on l\u00fchemad, tempo on madalam ning ma tunnen k\u00fclmaga harva n\u00e4lga v\u00f5i janu. Kuid see instinkt on p\u00f5hjustanud rohkem probleeme, kui ma ootasin, eriti just p\u00e4rast koju j\u00f5udmist. Vaatame, mida \u00fctleb teadus talvise energiatarbimise kohta.","og_url":"https:\/\/www.welovecycling.com\/ee\/2026\/01\/14\/talvine-soit-miks-sa-vajad-kulmadel-soitudel-rohkem-susivesikuid\/","og_site_name":"\u0160koda We Love Cycling - Estonia","article_published_time":"2026-01-14T10:02:47+00:00","og_image":[{"width":989,"height":660,"url":"https:\/\/d2p6e6u75xmxt8.cloudfront.net\/15\/2026\/01\/talv-1.webp","type":"image\/webp"}],"author":"andre","twitter_card":"summary_large_image","twitter_misc":{"Written by":"Jiri Kaloc","Est. reading time":"4"},"schema":{"@context":"https:\/\/schema.org","@graph":[{"@type":"WebPage","@id":"https:\/\/www.welovecycling.com\/ee\/2026\/01\/14\/talvine-soit-miks-sa-vajad-kulmadel-soitudel-rohkem-susivesikuid\/","url":"https:\/\/www.welovecycling.com\/ee\/2026\/01\/14\/talvine-soit-miks-sa-vajad-kulmadel-soitudel-rohkem-susivesikuid\/","name":"Talvine s\u00f5it: Miks sa vajad k\u00fclmadel s\u00f5itudel rohkem s\u00fcsivesikuid - \u0160koda We Love Cycling - Estonia","isPartOf":{"@id":"https:\/\/www.welovecycling.com\/ee\/#website"},"primaryImageOfPage":{"@id":"https:\/\/www.welovecycling.com\/ee\/2026\/01\/14\/talvine-soit-miks-sa-vajad-kulmadel-soitudel-rohkem-susivesikuid\/#primaryimage"},"image":{"@id":"https:\/\/www.welovecycling.com\/ee\/2026\/01\/14\/talvine-soit-miks-sa-vajad-kulmadel-soitudel-rohkem-susivesikuid\/#primaryimage"},"thumbnailUrl":"https:\/\/d2p6e6u75xmxt8.cloudfront.net\/15\/2026\/01\/talv-1.webp","datePublished":"2026-01-14T10:02:47+00:00","author":{"@id":"https:\/\/www.welovecycling.com\/ee\/#\/schema\/person\/8b7101c4bd1b1ae9d3732ebb1e6caf57"},"description":"Talvine rattas\u00f5it tekitab minus arusaama, et ma ei pea palju s\u00f6\u00f6ma ega jooma. S\u00f5idud on l\u00fchemad, tempo on madalam ning ma tunnen k\u00fclmaga harva n\u00e4lga v\u00f5i janu. Kuid see instinkt on p\u00f5hjustanud rohkem probleeme, kui ma ootasin, eriti just p\u00e4rast koju j\u00f5udmist. Vaatame, mida \u00fctleb teadus talvise energiatarbimise kohta.","inLanguage":"et","potentialAction":[{"@type":"ReadAction","target":["https:\/\/www.welovecycling.com\/ee\/2026\/01\/14\/talvine-soit-miks-sa-vajad-kulmadel-soitudel-rohkem-susivesikuid\/"]}]},{"@type":"ImageObject","inLanguage":"et","@id":"https:\/\/www.welovecycling.com\/ee\/2026\/01\/14\/talvine-soit-miks-sa-vajad-kulmadel-soitudel-rohkem-susivesikuid\/#primaryimage","url":"https:\/\/d2p6e6u75xmxt8.cloudfront.net\/15\/2026\/01\/talv-1.webp","contentUrl":"https:\/\/d2p6e6u75xmxt8.cloudfront.net\/15\/2026\/01\/talv-1.webp","width":989,"height":660},{"@type":"WebSite","@id":"https:\/\/www.welovecycling.com\/ee\/#website","url":"https:\/\/www.welovecycling.com\/ee\/","name":"\u0160koda We Love Cycling - Estonia","description":"","potentialAction":[{"@type":"SearchAction","target":{"@type":"EntryPoint","urlTemplate":"https:\/\/www.welovecycling.com\/ee\/?s={search_term_string}"},"query-input":{"@type":"PropertyValueSpecification","valueRequired":true,"valueName":"search_term_string"}}],"inLanguage":"et"},{"@type":"Person","@id":"https:\/\/www.welovecycling.com\/ee\/#\/schema\/person\/8b7101c4bd1b1ae9d3732ebb1e6caf57","name":"andre","image":{"@type":"ImageObject","inLanguage":"et","@id":"https:\/\/www.welovecycling.com\/ee\/#\/schema\/person\/image\/","url":"https:\/\/secure.gravatar.com\/avatar\/0656b3224fe17b018f43b8a562625dd43d30827f027b2f62bc5a05711fec9a61?s=96&d=mm&r=g","contentUrl":"https:\/\/secure.gravatar.com\/avatar\/0656b3224fe17b018f43b8a562625dd43d30827f027b2f62bc5a05711fec9a61?s=96&d=mm&r=g","caption":"andre"},"url":"https:\/\/www.welovecycling.com\/ee\/author\/andre\/"}]}},"_links":{"self":[{"href":"https:\/\/www.welovecycling.com\/ee\/wp-json\/wp\/v2\/posts\/3365","targetHints":{"allow":["GET"]}}],"collection":[{"href":"https:\/\/www.welovecycling.com\/ee\/wp-json\/wp\/v2\/posts"}],"about":[{"href":"https:\/\/www.welovecycling.com\/ee\/wp-json\/wp\/v2\/types\/post"}],"author":[{"embeddable":true,"href":"https:\/\/www.welovecycling.com\/ee\/wp-json\/wp\/v2\/users\/174"}],"replies":[{"embeddable":true,"href":"https:\/\/www.welovecycling.com\/ee\/wp-json\/wp\/v2\/comments?post=3365"}],"version-history":[{"count":1,"href":"https:\/\/www.welovecycling.com\/ee\/wp-json\/wp\/v2\/posts\/3365\/revisions"}],"predecessor-version":[{"id":3368,"href":"https:\/\/www.welovecycling.com\/ee\/wp-json\/wp\/v2\/posts\/3365\/revisions\/3368"}],"wp:featuredmedia":[{"embeddable":true,"href":"https:\/\/www.welovecycling.com\/ee\/wp-json\/wp\/v2\/media\/3366"}],"wp:attachment":[{"href":"https:\/\/www.welovecycling.com\/ee\/wp-json\/wp\/v2\/media?parent=3365"}],"wp:term":[{"taxonomy":"category","embeddable":true,"href":"https:\/\/www.welovecycling.com\/ee\/wp-json\/wp\/v2\/categories?post=3365"},{"taxonomy":"post_tag","embeddable":true,"href":"https:\/\/www.welovecycling.com\/ee\/wp-json\/wp\/v2\/tags?post=3365"},{"taxonomy":"global-categories","embeddable":true,"href":"https:\/\/www.welovecycling.com\/ee\/wp-json\/wp\/v2\/global-categories?post=3365"}],"curies":[{"name":"wp","href":"https:\/\/api.w.org\/{rel}","templated":true}]}}