{"id":3356,"date":"2026-01-07T17:17:18","date_gmt":"2026-01-07T14:17:18","guid":{"rendered":"https:\/\/www.welovecycling.com\/ee\/?p=3356"},"modified":"2026-01-07T17:17:18","modified_gmt":"2026-01-07T14:17:18","slug":"talvine-rattasoit-jaanuari-reset-soit","status":"publish","type":"post","link":"https:\/\/www.welovecycling.com\/ee\/2026\/01\/07\/talvine-rattasoit-jaanuari-reset-soit\/","title":{"rendered":"Talvine rattas\u00f5it: jaanuari &#8220;reset&#8221;-s\u00f5it"},"content":{"rendered":"<p data-path-to-node=\"3\"><strong>J\u00f5ulude ja uue aasta vaheline aeg ongi m\u00f5eldud rahulikuks kulgemiseks. Me istume kauem, s\u00f6\u00f6me rohkem, s\u00f5idame \u00fchest soojast elutoast teise ja laseme p\u00e4evadel m\u00e4rkamatult \u00fchte sulada. Ratturite jaoks kestab see paus sageli jaanuari alguseni. Ratas p\u00fcsib siseruumis. Ilm tundub ebaatraktiivne. Mugavus v\u00f5idab ja t\u00e4pselt nii peaksidki p\u00fchad m\u00f6\u00f6duma (kui sa just Rapha 500 ei teinud). Just seet\u00f5ttu tundub aasta esimene korralik talvine s\u00f5it sageli nii teistsugune.<\/strong><\/p>\n<p data-path-to-node=\"3\"><!--more--><\/p>\n<h2 data-path-to-node=\"4\"><strong>Minu aasta esimene s\u00f5it \u00f5ues<\/strong><\/h2>\n<p data-path-to-node=\"5\">Minu enda jaanuari &#8220;reset&#8221;-s\u00f5it toimus \u00fchel k\u00fclmal hommikul, vaid m\u00f5ned p\u00e4evad p\u00e4rast uue aasta algust. Vaiksematel teedel oli \u00f5rn lumekate, t\u00e4pselt nii palju, et k\u00f5ik tundus p\u00e4riselt talvine. T\u00f5mbasin selga uue pikkade k\u00e4istega termos\u00e4rgi, mille olin j\u00f5ulude ajal pakist lahti harutanud, ja asusin teele \u00fche lihtsa eesm\u00e4rgiga \u2013 tunda r\u00f5\u00f5mu ja j\u00f5uda koju tagasi enne, kui j\u00f5uan p\u00e4riselt \u00e4ra k\u00fclmuda.<\/p>\n<p data-path-to-node=\"6\">Suundusin otse kohalikku metsa ja veetsin suurema osa ajast singlitel ja metsaradadel. M\u00e4ngisin m\u00f5ne v\u00e4ikese h\u00fcppega, p\u00fc\u00fcdes rakendada nippe, mida olin p\u00fchade ajal h\u00fcppeteemalistest \u00f5petusvideotest vaadanud. Harjutasin tagarattal s\u00f5itu \u2013 nagu tavaliselt, edutult. Minu keskmine kiirus v\u00f5i l\u00e4bitud vahemaa ei huvitanud mind \u00fcldse. V\u00e4hem kui tunni p\u00e4rast p\u00f6\u00f6rasin otsa \u00fcmber ja s\u00f5itsin koju.<\/p>\n<p data-path-to-node=\"7\">Mind ei \u00fcllatanud mitte s\u00f5it ise, vaid see, mis tunne valdas mind p\u00e4rast seda. Paberil oli see l\u00fchike ja t\u00e4iesti tavaline tiir. Kuid ma sain sealt \u00fcllatavalt suure vaimse laengu, mis oli v\u00f5rreldav m\u00f5ne pika suvise s\u00f5iduga.<\/p>\n<p data-path-to-node=\"8\">Osa sellest tulenes atmosf\u00e4\u00e4rist. Metsarajad olid vaiksed. Tavap\u00e4rased rahvamassid olid kadunud. Iga rattur, kellest m\u00f6\u00f6dusin, noogutas v\u00f5i tervitas \u2013 see on midagi, mida kohtab suvel harva, kui teed on rahvarohked ja k\u00f5igil on kuhugi kiire. Talvel tundub, et need inimesed, kes on v\u00e4lja tulnud, on teinud seda teadlikult. See \u00fchine m\u00f5istmine muudab olemise palju soojemaks.<\/p>\n<h2 data-path-to-node=\"9\"><strong>Jaanuari &#8220;reset&#8221;-s\u00f5idus on peidus rohkem, kui esmapilgul paistab<\/strong><\/h2>\n<p data-path-to-node=\"10\">Uuringud n\u00e4itavad j\u00e4rjepidevalt, et k\u00fclma k\u00e4es viibimine ja v\u00e4liskeskkond v\u00f5ivad teravdada t\u00e4helepanu ja parandada meeleolu. K\u00fclm \u00f5hk stimuleerib n\u00e4rvis\u00fcsteemi, suurendades erksust ja v\u00e4hendades vaimset v\u00e4simust. M\u00f5ned uuringud viitavad sellele, et jahedam temperatuur v\u00f5ib parandada kognitiivset v\u00f5imekust, soodustades keskendunud erksuse seisundit, mida m\u00f5nikord kirjeldatakse kui karastavat m\u00f5ju. Te ei ole l\u00f5dvestunud samamoodi nagu diivanil pikutades, kuid te olete t\u00e4ielikult kohal.<\/p>\n<p data-path-to-node=\"11\">M\u00e4ngus on ka tugev kontrastiefekt. P\u00e4rast p\u00e4evi v\u00f5i n\u00e4dalaid soojuses viibimist, rammusat toitu ja istuvat eluviisi m\u00e4rkab keha muutust intensiivsemalt. L\u00fchike talvine s\u00f5it tundub raskem kui sama pingutus maheda ilmaga. Lihaste soojenemine v\u00f5tab kauem aega. Hingamine tundub teravam. See k\u00f5rgendatud sensoorne sisend v\u00f5ib p\u00e4rast s\u00f5idu l\u00f5ppu ps\u00fchholoogilist tasu veelgi v\u00f5imendada.<\/p>\n<p data-path-to-node=\"12\">Meeleolu-uuringud lisavad siia veel \u00fche kihi. Talvist \u00f5ues liikumist on seostatud madala meeleolu ja letargia s\u00fcmptomite v\u00e4henemisega, mis sageli just pimedatel kuudel haripunkti j\u00f5uavad. Valgus, liikumine ja isegi kerge k\u00fclmastress aitavad sellele kaasa.<\/p>\n<p data-path-to-node=\"13\">See v\u00f5ib seletada, miks minu esimene jaanuari-s\u00f5it tundus ebaproportsionaalselt \u00fclendav.<\/p>\n<h2 data-path-to-node=\"14\"><strong>Kuidas muuta oma jaanuari &#8220;reset&#8221;-s\u00f5it toimivaks<\/strong><\/h2>\n<p data-path-to-node=\"15\"><b data-path-to-node=\"15\" data-index-in-node=\"0\">Keskendu l\u00f5bule, mitte treeningule<\/b> See ei ole s\u00f5it, kus taga ajada numbreid v\u00f5i seada endale sooritusega seotud ootusi. S\u00f5ida kuskil, mis tundub eriline, isegi kui see on kodu l\u00e4hedal. V\u00f5ta kaasa s\u00f5ber, kui see muudab s\u00f5idu nauditavamaks, v\u00f5i planeeri l\u00f5ppu selge auhind, n\u00e4iteks soe kohv, supp v\u00f5i saiake. Teise v\u00f5imalusena muuda see tehnikas\u00f5iduks. Harjuta kurvide l\u00e4bimist vaiksetel teedel, proovi m\u00f5nda v\u00e4ikest h\u00fcpet v\u00f5i harjuta seda tagarattal s\u00f5itu, mis sul kunagi p\u00e4ris v\u00e4lja ei tule \u2013 mis iganes sel p\u00e4eval r\u00f5\u00f5mu valmistab.<\/p>\n<p data-path-to-node=\"16\"><b data-path-to-node=\"16\" data-index-in-node=\"0\">Prioritiseeri mugavust<\/b> K\u00fclm teeb vaimse t\u00f6\u00f6 sinu eest \u00e4ra. Sa ei pea kasu saamiseks kannatama. Riietu soojalt, kasuta kihilist riietust ning kaitse k\u00e4si ja jalgu. Kui s\u00f5rmed v\u00f5i varbad k\u00fclmuvad, kaovad positiivsed m\u00f5jud kiiresti.<\/p>\n<p data-path-to-node=\"17\"><b data-path-to-node=\"17\" data-index-in-node=\"0\">Hoia s\u00f5it teadlikult l\u00fchike<\/b> Planeeri s\u00f5it, mis on tavap\u00e4rasest tunduvalt l\u00fchem. Isegi k\u00f5igest 45 minutit on sageli enam kui k\u00fcll. S\u00f5idu l\u00f5petamine hetkel, mil tunned end veel h\u00e4sti, on osa &#8220;reset&#8221;-protsessist. See j\u00e4tab sind energiat t\u00e4is, mitte kurnatuks, ning t\u00f5en\u00e4olisemalt tahad peagi uuesti s\u00f5itma minna.<\/p>\n","protected":false},"excerpt":{"rendered":"<p>J\u00f5ulude ja uue aasta vaheline aeg ongi m\u00f5eldud rahulikuks kulgemiseks. Me istume kauem, s\u00f6\u00f6me rohkem, s\u00f5idame \u00fchest soojast elutoast teise [&hellip;]<\/p>\n","protected":false},"author":174,"featured_media":3357,"comment_status":"open","ping_status":"open","sticky":false,"template":"","format":"standard","meta":{"footnotes":""},"categories":[43],"tags":[604,165,176],"global-categories":[22],"class_list":["post-3356","post","type-post","status-publish","format-standard","has-post-thumbnail","hentry","category-tervis-trenn","tag-jaanuari-treening","tag-talvine-rattasoit","tag-talvine-treening","global-categories-cycling"],"yoast_head":"<!-- This site is optimized with the Yoast SEO Premium plugin v25.3 (Yoast SEO v25.9) - https:\/\/yoast.com\/wordpress\/plugins\/seo\/ -->\n<title>Talvine rattas\u00f5it: jaanuari &quot;reset&quot;-s\u00f5it - \u0160koda We Love Cycling - Estonia<\/title>\n<meta name=\"description\" content=\"J\u00f5ulude ja uue aasta vaheline aeg ongi m\u00f5eldud rahulikuks kulgemiseks. Me istume kauem, s\u00f6\u00f6me rohkem, s\u00f5idame \u00fchest soojast elutoast teise ja laseme p\u00e4evadel m\u00e4rkamatult \u00fchte sulada. Ratturite jaoks kestab see paus sageli jaanuari alguseni. Ratas p\u00fcsib siseruumis. Ilm tundub ebaatraktiivne. Mugavus v\u00f5idab ja t\u00e4pselt nii peaksidki p\u00fchad m\u00f6\u00f6duma (kui sa just Rapha 500 ei teinud). Just seet\u00f5ttu tundub aasta esimene korralik talvine s\u00f5it sageli nii teistsugune.\" \/>\n<meta name=\"robots\" content=\"index, follow, max-snippet:-1, max-image-preview:large, max-video-preview:-1\" \/>\n<link rel=\"canonical\" href=\"https:\/\/www.welovecycling.com\/ee\/2026\/01\/07\/talvine-rattasoit-jaanuari-reset-soit\/\" \/>\n<meta property=\"og:locale\" content=\"et_EE\" \/>\n<meta property=\"og:type\" content=\"article\" \/>\n<meta property=\"og:title\" content=\"Talvine rattas\u00f5it: jaanuari &quot;reset&quot;-s\u00f5it\" \/>\n<meta property=\"og:description\" content=\"J\u00f5ulude ja uue aasta vaheline aeg ongi m\u00f5eldud rahulikuks kulgemiseks. Me istume kauem, s\u00f6\u00f6me rohkem, s\u00f5idame \u00fchest soojast elutoast teise ja laseme p\u00e4evadel m\u00e4rkamatult \u00fchte sulada. Ratturite jaoks kestab see paus sageli jaanuari alguseni. Ratas p\u00fcsib siseruumis. Ilm tundub ebaatraktiivne. Mugavus v\u00f5idab ja t\u00e4pselt nii peaksidki p\u00fchad m\u00f6\u00f6duma (kui sa just Rapha 500 ei teinud). Just seet\u00f5ttu tundub aasta esimene korralik talvine s\u00f5it sageli nii teistsugune.\" \/>\n<meta property=\"og:url\" content=\"https:\/\/www.welovecycling.com\/ee\/2026\/01\/07\/talvine-rattasoit-jaanuari-reset-soit\/\" \/>\n<meta property=\"og:site_name\" content=\"\u0160koda We Love Cycling - Estonia\" \/>\n<meta property=\"article:published_time\" content=\"2026-01-07T14:17:18+00:00\" \/>\n<meta property=\"og:image\" content=\"https:\/\/d2p6e6u75xmxt8.cloudfront.net\/15\/2026\/01\/talv.webp\" \/>\n\t<meta property=\"og:image:width\" content=\"986\" \/>\n\t<meta property=\"og:image:height\" content=\"658\" \/>\n\t<meta property=\"og:image:type\" content=\"image\/webp\" \/>\n<meta name=\"author\" content=\"andre\" \/>\n<meta name=\"twitter:card\" content=\"summary_large_image\" \/>\n<meta name=\"twitter:label1\" content=\"Written by\" \/>\n\t<meta name=\"twitter:data1\" content=\"Jiri Kaloc\" \/>\n\t<meta name=\"twitter:label2\" content=\"Est. reading time\" \/>\n\t<meta name=\"twitter:data2\" content=\"3\" \/>\n<script type=\"application\/ld+json\" class=\"yoast-schema-graph\">{\"@context\":\"https:\/\/schema.org\",\"@graph\":[{\"@type\":\"WebPage\",\"@id\":\"https:\/\/www.welovecycling.com\/ee\/2026\/01\/07\/talvine-rattasoit-jaanuari-reset-soit\/\",\"url\":\"https:\/\/www.welovecycling.com\/ee\/2026\/01\/07\/talvine-rattasoit-jaanuari-reset-soit\/\",\"name\":\"Talvine rattas\u00f5it: jaanuari \\\"reset\\\"-s\u00f5it - \u0160koda We Love Cycling - Estonia\",\"isPartOf\":{\"@id\":\"https:\/\/www.welovecycling.com\/ee\/#website\"},\"primaryImageOfPage\":{\"@id\":\"https:\/\/www.welovecycling.com\/ee\/2026\/01\/07\/talvine-rattasoit-jaanuari-reset-soit\/#primaryimage\"},\"image\":{\"@id\":\"https:\/\/www.welovecycling.com\/ee\/2026\/01\/07\/talvine-rattasoit-jaanuari-reset-soit\/#primaryimage\"},\"thumbnailUrl\":\"https:\/\/d2p6e6u75xmxt8.cloudfront.net\/15\/2026\/01\/talv.webp\",\"datePublished\":\"2026-01-07T14:17:18+00:00\",\"author\":{\"@id\":\"https:\/\/www.welovecycling.com\/ee\/#\/schema\/person\/8b7101c4bd1b1ae9d3732ebb1e6caf57\"},\"description\":\"J\u00f5ulude ja uue aasta vaheline aeg ongi m\u00f5eldud rahulikuks kulgemiseks. Me istume kauem, s\u00f6\u00f6me rohkem, s\u00f5idame \u00fchest soojast elutoast teise ja laseme p\u00e4evadel m\u00e4rkamatult \u00fchte sulada. Ratturite jaoks kestab see paus sageli jaanuari alguseni. Ratas p\u00fcsib siseruumis. Ilm tundub ebaatraktiivne. Mugavus v\u00f5idab ja t\u00e4pselt nii peaksidki p\u00fchad m\u00f6\u00f6duma (kui sa just Rapha 500 ei teinud). Just seet\u00f5ttu tundub aasta esimene korralik talvine s\u00f5it sageli nii teistsugune.\",\"inLanguage\":\"et\",\"potentialAction\":[{\"@type\":\"ReadAction\",\"target\":[\"https:\/\/www.welovecycling.com\/ee\/2026\/01\/07\/talvine-rattasoit-jaanuari-reset-soit\/\"]}]},{\"@type\":\"ImageObject\",\"inLanguage\":\"et\",\"@id\":\"https:\/\/www.welovecycling.com\/ee\/2026\/01\/07\/talvine-rattasoit-jaanuari-reset-soit\/#primaryimage\",\"url\":\"https:\/\/d2p6e6u75xmxt8.cloudfront.net\/15\/2026\/01\/talv.webp\",\"contentUrl\":\"https:\/\/d2p6e6u75xmxt8.cloudfront.net\/15\/2026\/01\/talv.webp\",\"width\":986,\"height\":658},{\"@type\":\"WebSite\",\"@id\":\"https:\/\/www.welovecycling.com\/ee\/#website\",\"url\":\"https:\/\/www.welovecycling.com\/ee\/\",\"name\":\"\u0160koda We Love Cycling - Estonia\",\"description\":\"\",\"potentialAction\":[{\"@type\":\"SearchAction\",\"target\":{\"@type\":\"EntryPoint\",\"urlTemplate\":\"https:\/\/www.welovecycling.com\/ee\/?s={search_term_string}\"},\"query-input\":{\"@type\":\"PropertyValueSpecification\",\"valueRequired\":true,\"valueName\":\"search_term_string\"}}],\"inLanguage\":\"et\"},{\"@type\":\"Person\",\"@id\":\"https:\/\/www.welovecycling.com\/ee\/#\/schema\/person\/8b7101c4bd1b1ae9d3732ebb1e6caf57\",\"name\":\"andre\",\"image\":{\"@type\":\"ImageObject\",\"inLanguage\":\"et\",\"@id\":\"https:\/\/www.welovecycling.com\/ee\/#\/schema\/person\/image\/\",\"url\":\"https:\/\/secure.gravatar.com\/avatar\/0656b3224fe17b018f43b8a562625dd43d30827f027b2f62bc5a05711fec9a61?s=96&d=mm&r=g\",\"contentUrl\":\"https:\/\/secure.gravatar.com\/avatar\/0656b3224fe17b018f43b8a562625dd43d30827f027b2f62bc5a05711fec9a61?s=96&d=mm&r=g\",\"caption\":\"andre\"},\"url\":\"https:\/\/www.welovecycling.com\/ee\/author\/andre\/\"}]}<\/script>\n<!-- \/ Yoast SEO Premium plugin. -->","yoast_head_json":{"title":"Talvine rattas\u00f5it: jaanuari \"reset\"-s\u00f5it - \u0160koda We Love Cycling - Estonia","description":"J\u00f5ulude ja uue aasta vaheline aeg ongi m\u00f5eldud rahulikuks kulgemiseks. Me istume kauem, s\u00f6\u00f6me rohkem, s\u00f5idame \u00fchest soojast elutoast teise ja laseme p\u00e4evadel m\u00e4rkamatult \u00fchte sulada. Ratturite jaoks kestab see paus sageli jaanuari alguseni. Ratas p\u00fcsib siseruumis. Ilm tundub ebaatraktiivne. Mugavus v\u00f5idab ja t\u00e4pselt nii peaksidki p\u00fchad m\u00f6\u00f6duma (kui sa just Rapha 500 ei teinud). Just seet\u00f5ttu tundub aasta esimene korralik talvine s\u00f5it sageli nii teistsugune.","robots":{"index":"index","follow":"follow","max-snippet":"max-snippet:-1","max-image-preview":"max-image-preview:large","max-video-preview":"max-video-preview:-1"},"canonical":"https:\/\/www.welovecycling.com\/ee\/2026\/01\/07\/talvine-rattasoit-jaanuari-reset-soit\/","og_locale":"et_EE","og_type":"article","og_title":"Talvine rattas\u00f5it: jaanuari \"reset\"-s\u00f5it","og_description":"J\u00f5ulude ja uue aasta vaheline aeg ongi m\u00f5eldud rahulikuks kulgemiseks. Me istume kauem, s\u00f6\u00f6me rohkem, s\u00f5idame \u00fchest soojast elutoast teise ja laseme p\u00e4evadel m\u00e4rkamatult \u00fchte sulada. Ratturite jaoks kestab see paus sageli jaanuari alguseni. Ratas p\u00fcsib siseruumis. Ilm tundub ebaatraktiivne. Mugavus v\u00f5idab ja t\u00e4pselt nii peaksidki p\u00fchad m\u00f6\u00f6duma (kui sa just Rapha 500 ei teinud). Just seet\u00f5ttu tundub aasta esimene korralik talvine s\u00f5it sageli nii teistsugune.","og_url":"https:\/\/www.welovecycling.com\/ee\/2026\/01\/07\/talvine-rattasoit-jaanuari-reset-soit\/","og_site_name":"\u0160koda We Love Cycling - Estonia","article_published_time":"2026-01-07T14:17:18+00:00","og_image":[{"width":986,"height":658,"url":"https:\/\/d2p6e6u75xmxt8.cloudfront.net\/15\/2026\/01\/talv.webp","type":"image\/webp"}],"author":"andre","twitter_card":"summary_large_image","twitter_misc":{"Written by":"Jiri Kaloc","Est. reading time":"3"},"schema":{"@context":"https:\/\/schema.org","@graph":[{"@type":"WebPage","@id":"https:\/\/www.welovecycling.com\/ee\/2026\/01\/07\/talvine-rattasoit-jaanuari-reset-soit\/","url":"https:\/\/www.welovecycling.com\/ee\/2026\/01\/07\/talvine-rattasoit-jaanuari-reset-soit\/","name":"Talvine rattas\u00f5it: jaanuari \"reset\"-s\u00f5it - \u0160koda We Love Cycling - Estonia","isPartOf":{"@id":"https:\/\/www.welovecycling.com\/ee\/#website"},"primaryImageOfPage":{"@id":"https:\/\/www.welovecycling.com\/ee\/2026\/01\/07\/talvine-rattasoit-jaanuari-reset-soit\/#primaryimage"},"image":{"@id":"https:\/\/www.welovecycling.com\/ee\/2026\/01\/07\/talvine-rattasoit-jaanuari-reset-soit\/#primaryimage"},"thumbnailUrl":"https:\/\/d2p6e6u75xmxt8.cloudfront.net\/15\/2026\/01\/talv.webp","datePublished":"2026-01-07T14:17:18+00:00","author":{"@id":"https:\/\/www.welovecycling.com\/ee\/#\/schema\/person\/8b7101c4bd1b1ae9d3732ebb1e6caf57"},"description":"J\u00f5ulude ja uue aasta vaheline aeg ongi m\u00f5eldud rahulikuks kulgemiseks. Me istume kauem, s\u00f6\u00f6me rohkem, s\u00f5idame \u00fchest soojast elutoast teise ja laseme p\u00e4evadel m\u00e4rkamatult \u00fchte sulada. Ratturite jaoks kestab see paus sageli jaanuari alguseni. Ratas p\u00fcsib siseruumis. Ilm tundub ebaatraktiivne. Mugavus v\u00f5idab ja t\u00e4pselt nii peaksidki p\u00fchad m\u00f6\u00f6duma (kui sa just Rapha 500 ei teinud). Just seet\u00f5ttu tundub aasta esimene korralik talvine s\u00f5it sageli nii teistsugune.","inLanguage":"et","potentialAction":[{"@type":"ReadAction","target":["https:\/\/www.welovecycling.com\/ee\/2026\/01\/07\/talvine-rattasoit-jaanuari-reset-soit\/"]}]},{"@type":"ImageObject","inLanguage":"et","@id":"https:\/\/www.welovecycling.com\/ee\/2026\/01\/07\/talvine-rattasoit-jaanuari-reset-soit\/#primaryimage","url":"https:\/\/d2p6e6u75xmxt8.cloudfront.net\/15\/2026\/01\/talv.webp","contentUrl":"https:\/\/d2p6e6u75xmxt8.cloudfront.net\/15\/2026\/01\/talv.webp","width":986,"height":658},{"@type":"WebSite","@id":"https:\/\/www.welovecycling.com\/ee\/#website","url":"https:\/\/www.welovecycling.com\/ee\/","name":"\u0160koda We Love Cycling - Estonia","description":"","potentialAction":[{"@type":"SearchAction","target":{"@type":"EntryPoint","urlTemplate":"https:\/\/www.welovecycling.com\/ee\/?s={search_term_string}"},"query-input":{"@type":"PropertyValueSpecification","valueRequired":true,"valueName":"search_term_string"}}],"inLanguage":"et"},{"@type":"Person","@id":"https:\/\/www.welovecycling.com\/ee\/#\/schema\/person\/8b7101c4bd1b1ae9d3732ebb1e6caf57","name":"andre","image":{"@type":"ImageObject","inLanguage":"et","@id":"https:\/\/www.welovecycling.com\/ee\/#\/schema\/person\/image\/","url":"https:\/\/secure.gravatar.com\/avatar\/0656b3224fe17b018f43b8a562625dd43d30827f027b2f62bc5a05711fec9a61?s=96&d=mm&r=g","contentUrl":"https:\/\/secure.gravatar.com\/avatar\/0656b3224fe17b018f43b8a562625dd43d30827f027b2f62bc5a05711fec9a61?s=96&d=mm&r=g","caption":"andre"},"url":"https:\/\/www.welovecycling.com\/ee\/author\/andre\/"}]}},"_links":{"self":[{"href":"https:\/\/www.welovecycling.com\/ee\/wp-json\/wp\/v2\/posts\/3356","targetHints":{"allow":["GET"]}}],"collection":[{"href":"https:\/\/www.welovecycling.com\/ee\/wp-json\/wp\/v2\/posts"}],"about":[{"href":"https:\/\/www.welovecycling.com\/ee\/wp-json\/wp\/v2\/types\/post"}],"author":[{"embeddable":true,"href":"https:\/\/www.welovecycling.com\/ee\/wp-json\/wp\/v2\/users\/174"}],"replies":[{"embeddable":true,"href":"https:\/\/www.welovecycling.com\/ee\/wp-json\/wp\/v2\/comments?post=3356"}],"version-history":[{"count":2,"href":"https:\/\/www.welovecycling.com\/ee\/wp-json\/wp\/v2\/posts\/3356\/revisions"}],"predecessor-version":[{"id":3359,"href":"https:\/\/www.welovecycling.com\/ee\/wp-json\/wp\/v2\/posts\/3356\/revisions\/3359"}],"wp:featuredmedia":[{"embeddable":true,"href":"https:\/\/www.welovecycling.com\/ee\/wp-json\/wp\/v2\/media\/3357"}],"wp:attachment":[{"href":"https:\/\/www.welovecycling.com\/ee\/wp-json\/wp\/v2\/media?parent=3356"}],"wp:term":[{"taxonomy":"category","embeddable":true,"href":"https:\/\/www.welovecycling.com\/ee\/wp-json\/wp\/v2\/categories?post=3356"},{"taxonomy":"post_tag","embeddable":true,"href":"https:\/\/www.welovecycling.com\/ee\/wp-json\/wp\/v2\/tags?post=3356"},{"taxonomy":"global-categories","embeddable":true,"href":"https:\/\/www.welovecycling.com\/ee\/wp-json\/wp\/v2\/global-categories?post=3356"}],"curies":[{"name":"wp","href":"https:\/\/api.w.org\/{rel}","templated":true}]}}