{"id":3344,"date":"2026-01-02T12:27:56","date_gmt":"2026-01-02T09:27:56","guid":{"rendered":"https:\/\/www.welovecycling.com\/ee\/?p=3344"},"modified":"2026-01-02T12:30:20","modified_gmt":"2026-01-02T09:30:20","slug":"kuidas-seada-talviseid-eesmarke-nii-et-sa-end-veebruariks-vihkama-ei-hakkaks","status":"publish","type":"post","link":"https:\/\/www.welovecycling.com\/ee\/2026\/01\/02\/kuidas-seada-talviseid-eesmarke-nii-et-sa-end-veebruariks-vihkama-ei-hakkaks\/","title":{"rendered":"Kuidas seada talviseid eesm\u00e4rke nii, et sa end veebruariks vihkama ei hakkaks"},"content":{"rendered":"<h4 data-path-to-node=\"3\"><strong>Oled just p\u00fchadeajast v\u00e4ljunud, k\u00f5ht ahjukartuleid t\u00e4is ja pea unistusi pungil. N\u00fc\u00fcd on see k\u00e4es. Sa hakkad regulaarselt s\u00f5itma. V\u00f5ib-olla isegi treenima. V\u00f5ib-olla isegi p\u00e4rast s\u00f5itu venitama, selle asemel et kukkuda vaibale nagu keedetud spagett.<\/strong><\/h4>\n<p><!--more--><\/p>\n<p data-path-to-node=\"4\">Aga kuidas seada eesm\u00e4rke, mis ei haihtu veebruari keskpaigaks meeleheitesse? R\u00e4\u00e4gime strateegiast.<\/p>\n<h2 data-path-to-node=\"5\"><b data-path-to-node=\"5\" data-index-in-node=\"0\">Alusta v\u00e4ikselt ja veidralt<\/b><\/h2>\n<p data-path-to-node=\"6\">Unusta \u201es\u00f5ida aastas 10 000 km\u201c v\u00f5i \u201et\u00f5sta oma <a href=\"https:\/\/www.trainerroad.com\/blog\/what-ftp-really-means-to-cyclists\/\">FTP<\/a>-d 20 vatti\u201c. Alusta millegi tehtava ja veidi p\u00f6\u00f6rasega.<\/p>\n<p>S\u00f5ida igal kolmap\u00e4eval samade sokkidega.<\/p>\n<p>K\u00fclasta igas kuus \u00fchte kohvikut, kus sa pole varem k\u00e4inud.<\/p>\n<p>Koosta lumememmekujuline s\u00f5idumarsruut.<\/p>\n<p data-path-to-node=\"7\">See latt on praegu madalal ja seal ongi talvel selle \u00f5ige koht.<\/p>\n<h2 data-path-to-node=\"8\"><b data-path-to-node=\"8\" data-index-in-node=\"0\">Sea \u00fcks eesm\u00e4rk, mis pole \u00fcldse hea vormiga seotud<\/b><\/h2>\n<p>\u201eOle see s\u00f5ber, kes toob trenni kaasa sn\u00e4kke.\u201c<\/p>\n<p>\u201eSaada pikemalt trenningringilt kellelegi postkaart.\u201c<\/p>\n<p>\u201e\u00dctle siiralt just ees t\u00f6\u00f6d teinud s\u00f5itjatele: hea t\u00f5mme!\u201c<\/p>\n<p data-path-to-node=\"10\">K\u00f5ik eesm\u00e4rgid ei vaja v\u00f5imsusandurit. M\u00f5nikord piisab lihtsalt heast tundest.<\/p>\n<h2 data-path-to-node=\"11\"><b data-path-to-node=\"11\" data-index-in-node=\"0\">Ole sotsiaalne (aga valivalt)<\/b><\/h2>\n<p data-path-to-node=\"12\">Sa ei pea liituma 17 Zwifti v\u00f5idus\u00f5idu ja viie WhatsAppi grupiga. Leia lihtsalt \u00fcks s\u00f5ber, kes jagab sinuga sarnast\u00a0 unistust talvistest baasvormi kilomeetritest.<\/p>\n<p data-path-to-node=\"13\">Saatke \u00fcksteisele s\u00f5idust selfisid. T\u00e4histage, kui j\u00f5uate m\u00f5lemad eri suundadest samasse pagari\u00e4risse. S\u00f5pradevaheline konkurents toimib k\u00f5ige paremini paarikaupa.<\/p>\n<h2 data-path-to-node=\"14\"><b data-path-to-node=\"14\" data-index-in-node=\"0\">Planeeri oma piinlikud hetked ette<\/b><\/h2>\n<p data-path-to-node=\"15\">Pane kohe kalendrisse kirja j\u00e4rgmised meeldetuletused:<\/p>\n<p>15. jaanuar: Hinda oma eluvalikud \u00fcmber.<\/p>\n<p>3. veebruar: Nuta, sest su trenn oli liiga raske.<\/p>\n<p>1. m\u00e4rts: Teeskle, et plaanisidki tippvormi suveks ja oled hetkel planeeritult n\u00f5rk.<\/p>\n<p data-path-to-node=\"17\">See muudab eba\u00f5nnestumise protsessi loomulikuks osaks. Palju \u00f5nne, oled n\u00fc\u00fcd nagu elukutseline jalgrattur.<\/p>\n<h2 data-path-to-node=\"18\"><b data-path-to-node=\"18\" data-index-in-node=\"0\">Premeeri pingutust, mitte tulemust<\/b><\/h2>\n<p data-path-to-node=\"19\">Tead, mis on \u00e4ge? Miinuskraadidega rattaga s\u00f5ita, kuigi v\u00f5iksid toas telekat vaadata. Tead, mis pole \u00e4ge? Enda piitsutamine sellep\u00e4rast, et sa ei teinud intervalle.<\/p>\n<p data-path-to-node=\"20\">Nii et premeeri s\u00f5itu ennast. K\u00e4isid v\u00e4ljas? See on v\u00f5it. S\u00f5itsid pukki ilma trenni pooleli j\u00e4tmata? J\u00e4lle v\u00f5it. Tegin m\u00f5lemat \u00fche n\u00e4dala jooksul? Oled kunn!<\/p>\n<p data-path-to-node=\"21\">Tee oma eesm\u00e4rgid avalikuks&#8230; enam-v\u00e4hem<\/p>\n<p data-path-to-node=\"22\">\u00dctle \u00fchele inimesele. Ainult \u00fchele. Nii oled sa k\u00fcll vastutav, aga mitte piisavalt, et masendusse langeda, kui \u00fcks p\u00e4ev treeningplaanist t\u00e4itmata j\u00e4\u00e4b.<\/p>\n<p data-path-to-node=\"23\">Ideaalis vali keegi, kes \u00fctleb \u201eLOL, sama siin\u201c, kui sa peaksid s\u00f5brap\u00e4evaks k\u00f5ik sinnapaika j\u00e4tma.<\/p>\n<h2 data-path-to-node=\"24\"><b data-path-to-node=\"24\" data-index-in-node=\"0\">Talv ei ole aeg, mil peaksid saama uueks inimeseks<\/b><\/h2>\n<p data-path-to-node=\"25\">See on aeg, kus veidi lihvida seda inimest, kellel on juba kapis seitse kihti sooja pesu ja kes nutab, kui puhub\u00a0 vastutuul.<\/p>\n<p data-path-to-node=\"26\">Sea eesm\u00e4rgid, mis tekitavad hea tunde. V\u00f5i siis v\u00e4hemalt eesm\u00e4rgid, millega kaasnevad sn\u00e4kid. Sa ei pea olema t\u00e4iuslik. Sa pead lihtsalt aeg-ajalt s\u00f5itma(ja tegema m\u00f5istlikke sn\u00e4kipause).<\/p>\n<p data-path-to-node=\"27\">Sa saad hakkama. Umbes nii. Igatahes piisavalt h\u00e4sti.<\/p>\n","protected":false},"excerpt":{"rendered":"<p>Oled just p\u00fchadeajast v\u00e4ljunud, k\u00f5ht ahjukartuleid t\u00e4is ja pea unistusi pungil. N\u00fc\u00fcd on see k\u00e4es. Sa hakkad regulaarselt s\u00f5itma. V\u00f5ib-olla [&hellip;]<\/p>\n","protected":false},"author":174,"featured_media":3345,"comment_status":"open","ping_status":"open","sticky":false,"template":"","format":"standard","meta":{"footnotes":""},"categories":[43],"tags":[600,601],"global-categories":[22],"class_list":["post-3344","post","type-post","status-publish","format-standard","has-post-thumbnail","hentry","category-tervis-trenn","tag-treeningu-eesmargid","tag-uue-aasta-lubadused","global-categories-cycling"],"yoast_head":"<!-- This site is optimized with the Yoast SEO Premium plugin v25.3 (Yoast SEO v25.9) - https:\/\/yoast.com\/wordpress\/plugins\/seo\/ -->\n<title>Kuidas seada talviseid eesm\u00e4rke nii, et sa end veebruariks vihkama ei hakkaks - \u0160koda We Love Cycling - Estonia<\/title>\n<meta name=\"description\" content=\"Oled just p\u00fchadeajast v\u00e4ljunud, k\u00f5ht ahjukartuleid t\u00e4is ja pea unistusi pungil. N\u00fc\u00fcd on see k\u00e4es. Sa hakkad regulaarselt s\u00f5itma. V\u00f5ib-olla isegi treenima. V\u00f5ib-olla isegi p\u00e4rast s\u00f5itu venitama, selle asemel et kukkuda vaibale nagu mingi ratturi tondiversioon.\" \/>\n<meta name=\"robots\" content=\"index, follow, max-snippet:-1, max-image-preview:large, max-video-preview:-1\" \/>\n<link rel=\"canonical\" href=\"https:\/\/www.welovecycling.com\/ee\/2026\/01\/02\/kuidas-seada-talviseid-eesmarke-nii-et-sa-end-veebruariks-vihkama-ei-hakkaks\/\" \/>\n<meta property=\"og:locale\" content=\"et_EE\" \/>\n<meta property=\"og:type\" content=\"article\" \/>\n<meta property=\"og:title\" content=\"Kuidas seada talviseid eesm\u00e4rke nii, et sa end veebruariks vihkama ei hakkaks\" \/>\n<meta property=\"og:description\" content=\"Oled just p\u00fchadeajast v\u00e4ljunud, k\u00f5ht ahjukartuleid t\u00e4is ja pea unistusi pungil. N\u00fc\u00fcd on see k\u00e4es. Sa hakkad regulaarselt s\u00f5itma. V\u00f5ib-olla isegi treenima. V\u00f5ib-olla isegi p\u00e4rast s\u00f5itu venitama, selle asemel et kukkuda vaibale nagu mingi ratturi tondiversioon.\" \/>\n<meta property=\"og:url\" content=\"https:\/\/www.welovecycling.com\/ee\/2026\/01\/02\/kuidas-seada-talviseid-eesmarke-nii-et-sa-end-veebruariks-vihkama-ei-hakkaks\/\" \/>\n<meta property=\"og:site_name\" content=\"\u0160koda We Love Cycling - Estonia\" \/>\n<meta property=\"article:published_time\" content=\"2026-01-02T09:27:56+00:00\" \/>\n<meta property=\"article:modified_time\" content=\"2026-01-02T09:30:20+00:00\" \/>\n<meta property=\"og:image\" content=\"https:\/\/d2p6e6u75xmxt8.cloudfront.net\/15\/2026\/01\/talv1.webp\" \/>\n\t<meta property=\"og:image:width\" content=\"986\" \/>\n\t<meta property=\"og:image:height\" content=\"655\" \/>\n\t<meta property=\"og:image:type\" content=\"image\/webp\" \/>\n<meta name=\"author\" content=\"andre\" \/>\n<meta name=\"twitter:card\" content=\"summary_large_image\" \/>\n<meta name=\"twitter:label1\" content=\"Written by\" \/>\n\t<meta name=\"twitter:data1\" content=\"Monica Buck\" \/>\n\t<meta name=\"twitter:label2\" content=\"Est. reading time\" \/>\n\t<meta name=\"twitter:data2\" content=\"3\" \/>\n<script type=\"application\/ld+json\" class=\"yoast-schema-graph\">{\"@context\":\"https:\/\/schema.org\",\"@graph\":[{\"@type\":\"WebPage\",\"@id\":\"https:\/\/www.welovecycling.com\/ee\/2026\/01\/02\/kuidas-seada-talviseid-eesmarke-nii-et-sa-end-veebruariks-vihkama-ei-hakkaks\/\",\"url\":\"https:\/\/www.welovecycling.com\/ee\/2026\/01\/02\/kuidas-seada-talviseid-eesmarke-nii-et-sa-end-veebruariks-vihkama-ei-hakkaks\/\",\"name\":\"Kuidas seada talviseid eesm\u00e4rke nii, et sa end veebruariks vihkama ei hakkaks - \u0160koda We Love Cycling - Estonia\",\"isPartOf\":{\"@id\":\"https:\/\/www.welovecycling.com\/ee\/#website\"},\"primaryImageOfPage\":{\"@id\":\"https:\/\/www.welovecycling.com\/ee\/2026\/01\/02\/kuidas-seada-talviseid-eesmarke-nii-et-sa-end-veebruariks-vihkama-ei-hakkaks\/#primaryimage\"},\"image\":{\"@id\":\"https:\/\/www.welovecycling.com\/ee\/2026\/01\/02\/kuidas-seada-talviseid-eesmarke-nii-et-sa-end-veebruariks-vihkama-ei-hakkaks\/#primaryimage\"},\"thumbnailUrl\":\"https:\/\/d2p6e6u75xmxt8.cloudfront.net\/15\/2026\/01\/talv1.webp\",\"datePublished\":\"2026-01-02T09:27:56+00:00\",\"dateModified\":\"2026-01-02T09:30:20+00:00\",\"author\":{\"@id\":\"https:\/\/www.welovecycling.com\/ee\/#\/schema\/person\/8b7101c4bd1b1ae9d3732ebb1e6caf57\"},\"description\":\"Oled just p\u00fchadeajast v\u00e4ljunud, k\u00f5ht ahjukartuleid t\u00e4is ja pea unistusi pungil. N\u00fc\u00fcd on see k\u00e4es. Sa hakkad regulaarselt s\u00f5itma. V\u00f5ib-olla isegi treenima. V\u00f5ib-olla isegi p\u00e4rast s\u00f5itu venitama, selle asemel et kukkuda vaibale nagu mingi ratturi tondiversioon.\",\"inLanguage\":\"et\",\"potentialAction\":[{\"@type\":\"ReadAction\",\"target\":[\"https:\/\/www.welovecycling.com\/ee\/2026\/01\/02\/kuidas-seada-talviseid-eesmarke-nii-et-sa-end-veebruariks-vihkama-ei-hakkaks\/\"]}]},{\"@type\":\"ImageObject\",\"inLanguage\":\"et\",\"@id\":\"https:\/\/www.welovecycling.com\/ee\/2026\/01\/02\/kuidas-seada-talviseid-eesmarke-nii-et-sa-end-veebruariks-vihkama-ei-hakkaks\/#primaryimage\",\"url\":\"https:\/\/d2p6e6u75xmxt8.cloudfront.net\/15\/2026\/01\/talv1.webp\",\"contentUrl\":\"https:\/\/d2p6e6u75xmxt8.cloudfront.net\/15\/2026\/01\/talv1.webp\",\"width\":986,\"height\":655},{\"@type\":\"WebSite\",\"@id\":\"https:\/\/www.welovecycling.com\/ee\/#website\",\"url\":\"https:\/\/www.welovecycling.com\/ee\/\",\"name\":\"\u0160koda We Love Cycling - Estonia\",\"description\":\"\",\"potentialAction\":[{\"@type\":\"SearchAction\",\"target\":{\"@type\":\"EntryPoint\",\"urlTemplate\":\"https:\/\/www.welovecycling.com\/ee\/?s={search_term_string}\"},\"query-input\":{\"@type\":\"PropertyValueSpecification\",\"valueRequired\":true,\"valueName\":\"search_term_string\"}}],\"inLanguage\":\"et\"},{\"@type\":\"Person\",\"@id\":\"https:\/\/www.welovecycling.com\/ee\/#\/schema\/person\/8b7101c4bd1b1ae9d3732ebb1e6caf57\",\"name\":\"andre\",\"image\":{\"@type\":\"ImageObject\",\"inLanguage\":\"et\",\"@id\":\"https:\/\/www.welovecycling.com\/ee\/#\/schema\/person\/image\/\",\"url\":\"https:\/\/secure.gravatar.com\/avatar\/0656b3224fe17b018f43b8a562625dd43d30827f027b2f62bc5a05711fec9a61?s=96&d=mm&r=g\",\"contentUrl\":\"https:\/\/secure.gravatar.com\/avatar\/0656b3224fe17b018f43b8a562625dd43d30827f027b2f62bc5a05711fec9a61?s=96&d=mm&r=g\",\"caption\":\"andre\"},\"url\":\"https:\/\/www.welovecycling.com\/ee\/author\/andre\/\"}]}<\/script>\n<!-- \/ Yoast SEO Premium plugin. -->","yoast_head_json":{"title":"Kuidas seada talviseid eesm\u00e4rke nii, et sa end veebruariks vihkama ei hakkaks - \u0160koda We Love Cycling - Estonia","description":"Oled just p\u00fchadeajast v\u00e4ljunud, k\u00f5ht ahjukartuleid t\u00e4is ja pea unistusi pungil. N\u00fc\u00fcd on see k\u00e4es. Sa hakkad regulaarselt s\u00f5itma. V\u00f5ib-olla isegi treenima. V\u00f5ib-olla isegi p\u00e4rast s\u00f5itu venitama, selle asemel et kukkuda vaibale nagu mingi ratturi tondiversioon.","robots":{"index":"index","follow":"follow","max-snippet":"max-snippet:-1","max-image-preview":"max-image-preview:large","max-video-preview":"max-video-preview:-1"},"canonical":"https:\/\/www.welovecycling.com\/ee\/2026\/01\/02\/kuidas-seada-talviseid-eesmarke-nii-et-sa-end-veebruariks-vihkama-ei-hakkaks\/","og_locale":"et_EE","og_type":"article","og_title":"Kuidas seada talviseid eesm\u00e4rke nii, et sa end veebruariks vihkama ei hakkaks","og_description":"Oled just p\u00fchadeajast v\u00e4ljunud, k\u00f5ht ahjukartuleid t\u00e4is ja pea unistusi pungil. N\u00fc\u00fcd on see k\u00e4es. Sa hakkad regulaarselt s\u00f5itma. V\u00f5ib-olla isegi treenima. V\u00f5ib-olla isegi p\u00e4rast s\u00f5itu venitama, selle asemel et kukkuda vaibale nagu mingi ratturi tondiversioon.","og_url":"https:\/\/www.welovecycling.com\/ee\/2026\/01\/02\/kuidas-seada-talviseid-eesmarke-nii-et-sa-end-veebruariks-vihkama-ei-hakkaks\/","og_site_name":"\u0160koda We Love Cycling - Estonia","article_published_time":"2026-01-02T09:27:56+00:00","article_modified_time":"2026-01-02T09:30:20+00:00","og_image":[{"width":986,"height":655,"url":"https:\/\/d2p6e6u75xmxt8.cloudfront.net\/15\/2026\/01\/talv1.webp","type":"image\/webp"}],"author":"andre","twitter_card":"summary_large_image","twitter_misc":{"Written by":"Monica Buck","Est. reading time":"3"},"schema":{"@context":"https:\/\/schema.org","@graph":[{"@type":"WebPage","@id":"https:\/\/www.welovecycling.com\/ee\/2026\/01\/02\/kuidas-seada-talviseid-eesmarke-nii-et-sa-end-veebruariks-vihkama-ei-hakkaks\/","url":"https:\/\/www.welovecycling.com\/ee\/2026\/01\/02\/kuidas-seada-talviseid-eesmarke-nii-et-sa-end-veebruariks-vihkama-ei-hakkaks\/","name":"Kuidas seada talviseid eesm\u00e4rke nii, et sa end veebruariks vihkama ei hakkaks - \u0160koda We Love Cycling - Estonia","isPartOf":{"@id":"https:\/\/www.welovecycling.com\/ee\/#website"},"primaryImageOfPage":{"@id":"https:\/\/www.welovecycling.com\/ee\/2026\/01\/02\/kuidas-seada-talviseid-eesmarke-nii-et-sa-end-veebruariks-vihkama-ei-hakkaks\/#primaryimage"},"image":{"@id":"https:\/\/www.welovecycling.com\/ee\/2026\/01\/02\/kuidas-seada-talviseid-eesmarke-nii-et-sa-end-veebruariks-vihkama-ei-hakkaks\/#primaryimage"},"thumbnailUrl":"https:\/\/d2p6e6u75xmxt8.cloudfront.net\/15\/2026\/01\/talv1.webp","datePublished":"2026-01-02T09:27:56+00:00","dateModified":"2026-01-02T09:30:20+00:00","author":{"@id":"https:\/\/www.welovecycling.com\/ee\/#\/schema\/person\/8b7101c4bd1b1ae9d3732ebb1e6caf57"},"description":"Oled just p\u00fchadeajast v\u00e4ljunud, k\u00f5ht ahjukartuleid t\u00e4is ja pea unistusi pungil. N\u00fc\u00fcd on see k\u00e4es. Sa hakkad regulaarselt s\u00f5itma. V\u00f5ib-olla isegi treenima. V\u00f5ib-olla isegi p\u00e4rast s\u00f5itu venitama, selle asemel et kukkuda vaibale nagu mingi ratturi tondiversioon.","inLanguage":"et","potentialAction":[{"@type":"ReadAction","target":["https:\/\/www.welovecycling.com\/ee\/2026\/01\/02\/kuidas-seada-talviseid-eesmarke-nii-et-sa-end-veebruariks-vihkama-ei-hakkaks\/"]}]},{"@type":"ImageObject","inLanguage":"et","@id":"https:\/\/www.welovecycling.com\/ee\/2026\/01\/02\/kuidas-seada-talviseid-eesmarke-nii-et-sa-end-veebruariks-vihkama-ei-hakkaks\/#primaryimage","url":"https:\/\/d2p6e6u75xmxt8.cloudfront.net\/15\/2026\/01\/talv1.webp","contentUrl":"https:\/\/d2p6e6u75xmxt8.cloudfront.net\/15\/2026\/01\/talv1.webp","width":986,"height":655},{"@type":"WebSite","@id":"https:\/\/www.welovecycling.com\/ee\/#website","url":"https:\/\/www.welovecycling.com\/ee\/","name":"\u0160koda We Love Cycling - Estonia","description":"","potentialAction":[{"@type":"SearchAction","target":{"@type":"EntryPoint","urlTemplate":"https:\/\/www.welovecycling.com\/ee\/?s={search_term_string}"},"query-input":{"@type":"PropertyValueSpecification","valueRequired":true,"valueName":"search_term_string"}}],"inLanguage":"et"},{"@type":"Person","@id":"https:\/\/www.welovecycling.com\/ee\/#\/schema\/person\/8b7101c4bd1b1ae9d3732ebb1e6caf57","name":"andre","image":{"@type":"ImageObject","inLanguage":"et","@id":"https:\/\/www.welovecycling.com\/ee\/#\/schema\/person\/image\/","url":"https:\/\/secure.gravatar.com\/avatar\/0656b3224fe17b018f43b8a562625dd43d30827f027b2f62bc5a05711fec9a61?s=96&d=mm&r=g","contentUrl":"https:\/\/secure.gravatar.com\/avatar\/0656b3224fe17b018f43b8a562625dd43d30827f027b2f62bc5a05711fec9a61?s=96&d=mm&r=g","caption":"andre"},"url":"https:\/\/www.welovecycling.com\/ee\/author\/andre\/"}]}},"_links":{"self":[{"href":"https:\/\/www.welovecycling.com\/ee\/wp-json\/wp\/v2\/posts\/3344","targetHints":{"allow":["GET"]}}],"collection":[{"href":"https:\/\/www.welovecycling.com\/ee\/wp-json\/wp\/v2\/posts"}],"about":[{"href":"https:\/\/www.welovecycling.com\/ee\/wp-json\/wp\/v2\/types\/post"}],"author":[{"embeddable":true,"href":"https:\/\/www.welovecycling.com\/ee\/wp-json\/wp\/v2\/users\/174"}],"replies":[{"embeddable":true,"href":"https:\/\/www.welovecycling.com\/ee\/wp-json\/wp\/v2\/comments?post=3344"}],"version-history":[{"count":3,"href":"https:\/\/www.welovecycling.com\/ee\/wp-json\/wp\/v2\/posts\/3344\/revisions"}],"predecessor-version":[{"id":3348,"href":"https:\/\/www.welovecycling.com\/ee\/wp-json\/wp\/v2\/posts\/3344\/revisions\/3348"}],"wp:featuredmedia":[{"embeddable":true,"href":"https:\/\/www.welovecycling.com\/ee\/wp-json\/wp\/v2\/media\/3345"}],"wp:attachment":[{"href":"https:\/\/www.welovecycling.com\/ee\/wp-json\/wp\/v2\/media?parent=3344"}],"wp:term":[{"taxonomy":"category","embeddable":true,"href":"https:\/\/www.welovecycling.com\/ee\/wp-json\/wp\/v2\/categories?post=3344"},{"taxonomy":"post_tag","embeddable":true,"href":"https:\/\/www.welovecycling.com\/ee\/wp-json\/wp\/v2\/tags?post=3344"},{"taxonomy":"global-categories","embeddable":true,"href":"https:\/\/www.welovecycling.com\/ee\/wp-json\/wp\/v2\/global-categories?post=3344"}],"curies":[{"name":"wp","href":"https:\/\/api.w.org\/{rel}","templated":true}]}}