{"id":3328,"date":"2025-12-15T14:48:02","date_gmt":"2025-12-15T11:48:02","guid":{"rendered":"https:\/\/www.welovecycling.com\/ee\/?p=3328"},"modified":"2025-12-15T14:48:02","modified_gmt":"2025-12-15T11:48:02","slug":"van-der-poel-voidutses-oma-cyclocrossi-tagasitulekul-namuris-brand-jatkab-voidulainel","status":"publish","type":"post","link":"https:\/\/www.welovecycling.com\/ee\/2025\/12\/15\/van-der-poel-voidutses-oma-cyclocrossi-tagasitulekul-namuris-brand-jatkab-voidulainel\/","title":{"rendered":"Van der Poel v\u00f5idutses oma cyclocrossi tagasitulekul Namuris, Brand j\u00e4tkab v\u00f5idulainel"},"content":{"rendered":"<p class=\"animating\" data-path-to-node=\"4\"><strong><span class=\"\">Maailmameister Mathieu van der Poel (Alpecin-Deceuninck) ja Lucinda Brand (Baloise Glowi Lions) pikendasid p\u00fchap\u00e4eval raskel ja ikoonilisel Namuri MK-etapil oma cyclocrossi v\u00f5iduseeriaid,<\/span><span class=\"\"> kuid tegid seda v\u00e4ga erineval moel.<\/span><\/strong><\/p>\n<p data-path-to-node=\"4\"><!--more--><\/p>\n<p data-path-to-node=\"5\"><span class=\"\">Van der Poel,<\/span><span class=\"\"> kes tegi oma 2025-26 hooaja esimese stardi,<\/span><span class=\"\"> ootas otsustava r\u00fcnnakuga temale ebat\u00fc\u00fcpiliselt viimase ringini kasutades \u00e4ra Thibau Nysi (Baloise Glowi Lions) eba\u00f5nne kukkumise n\u00e4ol<\/span><span class=\"\"> ja noppis oma 12.<\/span><span class=\"\"> j\u00e4rjestikune cyclocrossi v\u00f5idu.<\/span><span class=\"\"> See oli talle\u00a0 viimasest <\/span><span class=\"\">26-st krossiv\u00f5istlusest 25. v\u00f5it.<\/span><span class=\"\"> Brand tegi j\u00e4rjekordse pika soolos\u00f5idu r\u00fcnnates esimesel ringil ja suutis vaatamata hilisele rehvi purunemisele v\u00f5ita oma kuuenda s\u00f5idu j\u00e4rjest.<\/span><span class=\"\"> See oli talle sel hooajal 10.<\/span><span class=\"\"> v\u00f5it 12-st v\u00f5istlusest ja 53.<\/span><span class=\"\"> poodiumikoht j\u00e4rjest.<\/span><\/p>\n<h2 data-path-to-node=\"6\"><b class=\"\">Van der Poel v\u00f5itleb, Nys kukub<\/b><\/h2>\n<p data-path-to-node=\"7\"><span class=\"\">Kuid van der Poelil ei olnud kerge.<\/span><span class=\"\"> Ta s\u00f5itis viimase ringini koos Nysi,<\/span><span class=\"\"> Michael Vanthourenhouti (<a href=\"https:\/\/cyclocross24.com\/teams\/pauwels-sauzen-altez-industriebouw\/\">Pauwels Sauzen\u2013Altez Industriebouw<\/a>) ja Nysi tiimikaaslase Lars van der Haariga v\u00e4ga n\u00f5udlikul rajal,<\/span><span class=\"\"> mida iseloomustasid munakivid,<\/span><span class=\"\"> j\u00e4rsud t\u00f5usud ja laskumised ning s\u00fcgavad roopad.<\/span><span class=\"\"> Lisaks lendas ta neljandal ringil laskumisel ka korra \u00fcle lenksu,<\/span><span class=\"\"> kuid p\u00fc\u00fcdis juhtgrupi probleemideta kinni.<\/span><\/p>\n<p data-path-to-node=\"8\"><span class=\"\">Nysil nii palju \u00f5nne ei olnud.<\/span><span class=\"\"> Ta kukkus viimasel ringil kurvis just siis,<\/span><span class=\"\"> kui tundus,<\/span><span class=\"\"> et k\u00f5ikv\u00f5imas van der Poel v\u00f5ib vahelduseks saada tugeva konkurentsi ja s\u00f5it v\u00f5ib l\u00f5ppeda sprindifini\u0161iga.<\/span><span class=\"\"> Kuid maailmameister r\u00fcndas p\u00e4rast Nysi kukkumist ega vaadanud enam tagasi.<\/span><span class=\"\"> Nys suutis v\u00f5tta teise koha,<\/span><span class=\"\"> kaotades 9 sekundit,<\/span><span class=\"\"> edestades Vanthourenhouti 2 sekundiga ja van der Haari 3 sekundiga.<\/span><\/p>\n<p data-path-to-node=\"9\"><span class=\"\">See pakkus talle aga v\u00e4he lohutust ning fini\u0161ijoont \u00fcletades tagus ta pettunult lenksu,<\/span><span class=\"\"> teades h\u00e4sti,<\/span><span class=\"\"> et oli kaotanud kuldse v\u00f5imaluse potensiaalselt v\u00f5ita van der Poeli ennast.<\/span><span class=\"\"> See oli hollandlase rekordilise kaheksanda cyclocrossi maailmameistritiitli p\u00fc\u00fcdmise algus ja hooaja edenedes l\u00e4heb ta ainult paremaks.<\/span><span class=\"\"> Nagu van der Poel \u00fctles:<\/span><span class=\"\"> &#8220;Eelmisel aastal olin t\u00e4nu spetsiifilisele treeningule veidi kaugemal.<\/span><span class=\"\"> Sel aastal planeerisime seda veidi hilisemaks.<\/span><span class=\"\">&#8221; Siiski suurendas Nys oma edu MK-sarja \u00fcldarvestuses 110 punktile,<\/span><span class=\"\"> edestades Vanthourenhouti ja Joris Nieuwenhuisi (Ridley Racing),<\/span><span class=\"\"> kellel on 93 punkti.<\/span><\/p>\n<p data-path-to-node=\"10\"><span class=\"\">Kuigi van der Poel v\u00f5ttis Namuris oma viienda v\u00f5idu,<\/span><span class=\"\"> polnud ta t\u00e4iesti rahul.<\/span><span class=\"\"> &#8220;P\u00fc\u00fcdsin oodata ja vaadata,<\/span><span class=\"\"> kuidas asjad arenevad,<\/span><span class=\"\"> kuid tegin teiste tuules liiga palju vigu,<\/span><span class=\"\">&#8221; \u00fctles ta hiljem.<\/span><span class=\"\"> &#8220;M\u00f5nikord on lihtsam s\u00f5ita ees.<\/span><span class=\"\">&#8220;<\/span><\/p>\n<p data-path-to-node=\"11\"><span class=\"\">Kukkumise kohta k\u00fcsides \u00fctles ta,<\/span><span class=\"\"> et see tulenes &#8220;v\u00e4ikesest juhtimisveast,<\/span><span class=\"\"> mida ma ei suutnud enam parandada&#8221; ja m\u00e4rkis:<\/span><span class=\"\"> &#8220;See polnud kindlasti k\u00f5ige lihtsam rada,<\/span><span class=\"\"> millega oma talve alustada.<\/span><span class=\"\"> Pidin veidi r\u00fctmi leidma.<\/span><span class=\"\"> Otsustasin varakult teha oma k\u00e4igu s\u00f5idu l\u00f5pus ja tundsin end l\u00f5pus \u00fcsna h\u00e4sti.<\/span><span class=\"\">&#8220;<\/span><\/p>\n<h2 data-path-to-node=\"12\"><b class=\"\">Brand on konkurentidest \u00fcle<\/b><\/h2>\n<p data-path-to-node=\"13\"><span class=\"\">Naiste eliitklassi s\u00f5idus tegi Lucinda Brand (Baloise Glowi Lions) lihtsalt seda,<\/span><span class=\"\"> mida ta on terve hooaja teinud:<\/span><span class=\"\"> ta oli rivaalidest j\u00f5uga \u00fcle.<\/span><span class=\"\"> Ta s\u00f5itis eest \u00e4ra esimese ringi keskel ja ringi l\u00f5puks juhtis ta 4 sekundiga Amandine Fouquenet&#8217; (Ark\u00e9a\u2013B&amp;B Hotels Women) ees,<\/span><span class=\"\"> kes oli stardis k\u00f5ige kiirem,<\/span><span class=\"\"> ja 10 sekundiga Aniek van Alpheni (Seven Racing) ees.<\/span><span class=\"\"> Kolmanda ringi l\u00f5puks oli edu van Alpheni ees kasvanud 28 sekundini ja Puck Pieterse (Fenix-Deceuninck) ees 33 sekundini<\/span><span class=\"\">,<\/span><span class=\"\"> Fouquenet j\u00e4i liidrist maha\u00a0 juba 40 sekundit.<\/span><\/p>\n<blockquote class=\"instagram-media\" style=\"background: #FFF; border: 0; border-radius: 3px; box-shadow: 0 0 1px 0 rgba(0,0,0,0.5),0 1px 10px 0 rgba(0,0,0,0.15); margin: 1px; max-width: 540px; min-width: 326px; padding: 0; width: calc(100% - 2px);\" data-instgrm-captioned=\"\" data-instgrm-permalink=\"https:\/\/www.instagram.com\/p\/DSQVp0BDHKH\/?utm_source=ig_embed&amp;utm_campaign=loading\" data-instgrm-version=\"14\">\n<div style=\"padding: 16px;\">\n<p>&nbsp;<\/p>\n<div style=\"display: flex; flex-direction: row; align-items: center;\">\n<div style=\"background-color: #f4f4f4; border-radius: 50%; flex-grow: 0; height: 40px; margin-right: 14px; width: 40px;\"><\/div>\n<div style=\"display: flex; flex-direction: column; flex-grow: 1; justify-content: center;\">\n<div style=\"background-color: #f4f4f4; border-radius: 4px; flex-grow: 0; height: 14px; margin-bottom: 6px; width: 100px;\"><\/div>\n<div style=\"background-color: #f4f4f4; border-radius: 4px; flex-grow: 0; height: 14px; width: 60px;\"><\/div>\n<\/div>\n<\/div>\n<div style=\"padding: 19% 0;\"><\/div>\n<div style=\"display: block; height: 50px; margin: 0 auto 12px; width: 50px;\"><\/div>\n<div style=\"padding-top: 8px;\">\n<div style=\"color: #3897f0; font-family: Arial,sans-serif; font-size: 14px; font-style: normal; font-weight: 550; line-height: 18px;\">View this post on Instagram<\/div>\n<\/div>\n<div style=\"padding: 12.5% 0;\"><\/div>\n<div style=\"display: flex; flex-direction: row; margin-bottom: 14px; align-items: center;\">\n<div>\n<div style=\"background-color: #f4f4f4; border-radius: 50%; height: 12.5px; width: 12.5px; transform: translateX(0px) translateY(7px);\"><\/div>\n<div style=\"background-color: #f4f4f4; height: 12.5px; transform: rotate(-45deg) translateX(3px) translateY(1px); width: 12.5px; flex-grow: 0; margin-right: 14px; margin-left: 2px;\"><\/div>\n<div style=\"background-color: #f4f4f4; border-radius: 50%; height: 12.5px; width: 12.5px; transform: translateX(9px) translateY(-18px);\"><\/div>\n<\/div>\n<div style=\"margin-left: 8px;\">\n<div style=\"background-color: #f4f4f4; border-radius: 50%; flex-grow: 0; height: 20px; width: 20px;\"><\/div>\n<div style=\"width: 0; height: 0; border-top: 2px solid transparent; border-left: 6px solid #f4f4f4; border-bottom: 2px solid transparent; transform: translateX(16px) translateY(-4px) rotate(30deg);\"><\/div>\n<\/div>\n<div style=\"margin-left: auto;\">\n<div style=\"width: 0px; border-top: 8px solid #F4F4F4; border-right: 8px solid transparent; transform: translateY(16px);\"><\/div>\n<div style=\"background-color: #f4f4f4; flex-grow: 0; height: 12px; width: 16px; transform: translateY(-4px);\"><\/div>\n<div style=\"width: 0; height: 0; border-top: 8px solid #F4F4F4; border-left: 8px solid transparent; transform: translateY(-4px) translateX(8px);\"><\/div>\n<\/div>\n<\/div>\n<div style=\"display: flex; flex-direction: column; flex-grow: 1; justify-content: center; margin-bottom: 24px;\">\n<div style=\"background-color: #f4f4f4; border-radius: 4px; flex-grow: 0; height: 14px; margin-bottom: 6px; width: 224px;\"><\/div>\n<div style=\"background-color: #f4f4f4; border-radius: 4px; flex-grow: 0; height: 14px; width: 144px;\"><\/div>\n<\/div>\n<p>&nbsp;<\/p>\n<p style=\"color: #c9c8cd; font-family: Arial,sans-serif; font-size: 14px; line-height: 17px; margin-bottom: 0; margin-top: 8px; overflow: hidden; padding: 8px 0 7px; text-align: center; text-overflow: ellipsis; white-space: nowrap;\"><a style=\"color: #c9c8cd; font-family: Arial,sans-serif; font-size: 14px; font-style: normal; font-weight: normal; line-height: 17px; text-decoration: none;\" href=\"https:\/\/www.instagram.com\/p\/DSQVp0BDHKH\/?utm_source=ig_embed&amp;utm_campaign=loading\" target=\"_blank\" rel=\"noopener\">A post shared by Lucinda Brand (@lucinda_brand)<\/a><\/p>\n<\/div>\n<\/blockquote>\n<p><script async src=\"\/\/www.instagram.com\/embed.js\"><\/script><\/p>\n<p data-path-to-node=\"14\"><span class=\"\">Sel hetkel tundus,<\/span><span class=\"\"> et s\u00f5it on tehtud.<\/span><span class=\"\"> Kuid Brandil purunes neljandal ringil esirehv,<\/span><span class=\"\"> mis oleks v\u00f5inud olla katastroofiline,<\/span><span class=\"\"> kui see poleks juhtunud boksi(ala) l\u00e4hedal.<\/span><span class=\"\"> Ta kaotas tehnilise probleemi tulemusena vaid 10 sekundit.<\/span><span class=\"\"> Ta \u00fcletas fini\u0161ijoone 43 sekundit enne van Alphenit,<\/span><span class=\"\"> Fouquenet kaotas 1:<\/span><span class=\"\">00.<\/span><span class=\"\"> Pieterse alustas tugevalt,<\/span><span class=\"\"> kuid v\u00e4sis ja kaotas l\u00f5puks poodiumiheitluse Fouquenet&#8217;le,<\/span><span class=\"\"> l\u00f5petades neljandana (+1:<\/span><span class=\"\">21).<\/span><span class=\"\"> Veel \u00fcks v\u00f5istluskaruselliga liituja,<\/span><span class=\"\"> Jolanda Neff (Cannondale Factory Racing),<\/span><span class=\"\"> l\u00f5petas viiendana (+1:<\/span><span class=\"\">42).<\/span><span class=\"\"> 2020.<\/span><span class=\"\"> aasta ol\u00fcmpiav\u00f5itja maastikurattas\u00f5idus, polnud Euroopa cyclocrossi v\u00f5istlustel osalenud alates 2019.<\/span><span class=\"\"> aasta veebruarist.<\/span><\/p>\n<p data-path-to-node=\"15\"><span class=\"\">P\u00e4rast s\u00f5itu purunenud rehvi kohta k\u00fcsides \u00fctles Brand:<\/span><span class=\"\"> &#8220;See oli \u00fclimalt rumal.<\/span><span class=\"\"> Aga siin v\u00f5ib seda juhtuda.<\/span><span class=\"\"> M\u00f5tlesin lihtsalt:<\/span><span class=\"\"> pean edasi s\u00f5itma; kui jooks puruneb,<\/span><span class=\"\"> siis puruneb,<\/span><span class=\"\"> ja ma v\u00f5tan uue.<\/span><span class=\"\"> Pidin m\u00f5ned kurvid jooksma,<\/span><span class=\"\"> a<\/span><span class=\"\">ga mul oli selleks ajaks piisav edu sees.<\/span><span class=\"\">&#8220;<\/span><\/p>\n<p data-path-to-node=\"16\"><span class=\"\">Oma varase r\u00fcnnaku kohta esimese ringi keskel \u00fctles ta:<\/span><span class=\"\"> &#8220;Tundsin end t\u00f5eliselt tugevalt.<\/span><span class=\"\"> Mul pole siin kunagi nii head starti olnud,<\/span><span class=\"\">&#8221; s\u00f5nas ta.<\/span><span class=\"\"> Kuid Fouquenet asus kiiresti juhtima ja tundus,<\/span><span class=\"\"> nagu kavatseks ta eest \u00e4ra s\u00f5ita.<\/span><span class=\"\"> &#8220;Tal on j\u00e4\u00e4nud vaid m\u00f5ned n\u00e4dalad,<\/span><span class=\"\"> kuni ta tiimita j\u00e4\u00e4b,<\/span><span class=\"\"> seega on tal \u00f5igus olla veidi meeleheitel.<\/span><span class=\"\">&#8220;<\/span><\/p>\n<p data-path-to-node=\"17\"><span class=\"\">Nagu tema treener L\u00e9onard Cosnier \u00fctles Le Telegramme&#8217;ile (tistaat <a href=\"https:\/\/www.msn.com\/en-us\/sports\/other\/i-hope-the-phone-will-ring-namur-world-cup-podium-boosts-2026-contract-search-for-amandine-fouquenet\/ar-AA1SkoNG?ocid=msedgdhp&amp;pc=U531&amp;cvid=99c957bf13954670efa546ca954926dd&amp;ei=15\">Cyclingnewsist<\/a>):<\/span><span class=\"\"> &#8220;On \u00fcsna uskumatu,<\/span><span class=\"\"> et sellisel tasemel t\u00fcdruk pole sel aastaajal ikka veel tiimi leidnud.<\/span><span class=\"\">&#8220;<\/span><\/p>\n<p data-path-to-node=\"18\"><b class=\"\">Meeste eliitklassi esiviisik \u2013 Namuri CX MK-etapp 2025<\/b><\/p>\n<ol>\n<li><span class=\"\">Mathieu van der Poel,<\/span><span class=\"\"> Alpecin Deceuninck 58:<\/span><span class=\"\">29<\/span><\/li>\n<li><span class=\"\">Thibau Nys,<\/span><span class=\"\"> Baloise Glowi Lions +0:<\/span><span class=\"\">09<\/span><\/li>\n<li><span class=\"\">Michael Vanthourenhout,<\/span><span class=\"\"> Pauwels Sauzen\u2013Altez Industriebouw +0:<\/span><span class=\"\">11<\/span><\/li>\n<li><span class=\"\">Lars van der Haar,<\/span><span class=\"\"> Baloise Glowi Lions +0:<\/span><span class=\"\">12<\/span><\/li>\n<li><span class=\"\">Emiel Verstrynge,<\/span><span class=\"\"> Crelan\u2013Corendon +0:<\/span><span class=\"\">42<\/span><\/li>\n<\/ol>\n<p data-path-to-node=\"20\"><b class=\"\">Naiste eliitklassi esiviisik \u2013 Namuri CX MK-etapp 2025<\/b><\/p>\n<ol>\n<li data-path-to-node=\"21,0,0\"><span class=\"\">Lucinda Brand,<\/span><span class=\"\"> Baloise Glowi Lions 52:<\/span><span class=\"\">23<\/span><\/li>\n<li data-path-to-node=\"21,1,0\"><span class=\"\">Aniek van Alphen,<\/span><span class=\"\"> Seven Racing +0:<\/span><span class=\"\">43<\/span><\/li>\n<li data-path-to-node=\"21,2,0\"><span class=\"\">Amandine Fouquenet,<\/span><span class=\"\"> Ark\u00e9a\u2013B&amp;B Hotels Women +1:<\/span><span class=\"\">00<\/span><\/li>\n<li data-path-to-node=\"21,3,0\"><span class=\"\">Puck Pieterse,<\/span><span class=\"\"> Fenix-Deceuninck +1:<\/span><span class=\"\">21<\/span><\/li>\n<li data-path-to-node=\"21,4,0\"><span class=\"\">Jolanda Neff,<\/span><span class=\"\"> Cannondale Factory Racing +1:<\/span><span class=\"\">42<\/span><\/li>\n<\/ol>\n","protected":false},"excerpt":{"rendered":"<p>Maailmameister Mathieu van der Poel (Alpecin-Deceuninck) ja Lucinda Brand (Baloise Glowi Lions) pikendasid p\u00fchap\u00e4eval raskel ja ikoonilisel Namuri MK-etapil oma [&hellip;]<\/p>\n","protected":false},"author":174,"featured_media":3329,"comment_status":"open","ping_status":"open","sticky":false,"template":"","format":"standard","meta":{"footnotes":""},"categories":[12],"tags":[593,594,595,207,543],"global-categories":[22],"class_list":["post-3328","post","type-post","status-publish","format-standard","has-post-thumbnail","hentry","category-cx-gravel-mtb","tag-cyclocross-namur","tag-jolanda-neff","tag-lucinda-brand","tag-mathieu-van-der-poel","tag-thibau-nys","global-categories-cycling"],"yoast_head":"<!-- This site is optimized with the Yoast SEO Premium plugin v25.3 (Yoast SEO v25.9) - https:\/\/yoast.com\/wordpress\/plugins\/seo\/ -->\n<title>Van der Poel v\u00f5idutses oma cyclocrossi tagasitulekul Namuris, Brand j\u00e4tkab v\u00f5idulainel - \u0160koda We Love Cycling - Estonia<\/title>\n<meta name=\"description\" content=\"Maailmameister Mathieu van der Poel (Alpecin-Deceuninck) ja Lucinda Brand (Baloise Glowi Lions) pikendasid p\u00fchap\u00e4eval raskel ja ikoonilisel Namuri MK-etapil oma cyclocrossi v\u00f5iduseeriaid, kuid tegid seda v\u00e4ga erineval moel.\" \/>\n<meta name=\"robots\" content=\"index, follow, max-snippet:-1, max-image-preview:large, max-video-preview:-1\" \/>\n<link rel=\"canonical\" href=\"https:\/\/www.welovecycling.com\/ee\/2025\/12\/15\/van-der-poel-voidutses-oma-cyclocrossi-tagasitulekul-namuris-brand-jatkab-voidulainel\/\" \/>\n<meta property=\"og:locale\" content=\"et_EE\" \/>\n<meta property=\"og:type\" content=\"article\" \/>\n<meta property=\"og:title\" content=\"Van der Poel v\u00f5idutses oma cyclocrossi tagasitulekul Namuris, Brand j\u00e4tkab v\u00f5idulainel\" \/>\n<meta property=\"og:description\" content=\"Maailmameister Mathieu van der Poel (Alpecin-Deceuninck) ja Lucinda Brand (Baloise Glowi Lions) pikendasid p\u00fchap\u00e4eval raskel ja ikoonilisel Namuri MK-etapil oma cyclocrossi v\u00f5iduseeriaid, kuid tegid seda v\u00e4ga erineval moel.\" \/>\n<meta property=\"og:url\" content=\"https:\/\/www.welovecycling.com\/ee\/2025\/12\/15\/van-der-poel-voidutses-oma-cyclocrossi-tagasitulekul-namuris-brand-jatkab-voidulainel\/\" \/>\n<meta property=\"og:site_name\" content=\"\u0160koda We Love Cycling - Estonia\" \/>\n<meta property=\"article:published_time\" content=\"2025-12-15T11:48:02+00:00\" \/>\n<meta property=\"og:image\" content=\"https:\/\/d2p6e6u75xmxt8.cloudfront.net\/15\/2025\/12\/MVP.webp\" \/>\n\t<meta property=\"og:image:width\" content=\"988\" \/>\n\t<meta property=\"og:image:height\" content=\"657\" \/>\n\t<meta property=\"og:image:type\" content=\"image\/webp\" \/>\n<meta name=\"author\" content=\"andre\" \/>\n<meta name=\"twitter:card\" content=\"summary_large_image\" \/>\n<meta name=\"twitter:label1\" content=\"Written by\" \/>\n\t<meta name=\"twitter:data1\" content=\"Siegfried Mortkowitz\" \/>\n\t<meta name=\"twitter:label2\" content=\"Est. reading time\" \/>\n\t<meta name=\"twitter:data2\" content=\"4\" \/>\n<script type=\"application\/ld+json\" class=\"yoast-schema-graph\">{\"@context\":\"https:\/\/schema.org\",\"@graph\":[{\"@type\":\"WebPage\",\"@id\":\"https:\/\/www.welovecycling.com\/ee\/2025\/12\/15\/van-der-poel-voidutses-oma-cyclocrossi-tagasitulekul-namuris-brand-jatkab-voidulainel\/\",\"url\":\"https:\/\/www.welovecycling.com\/ee\/2025\/12\/15\/van-der-poel-voidutses-oma-cyclocrossi-tagasitulekul-namuris-brand-jatkab-voidulainel\/\",\"name\":\"Van der Poel v\u00f5idutses oma cyclocrossi tagasitulekul Namuris, Brand j\u00e4tkab v\u00f5idulainel - \u0160koda We Love Cycling - Estonia\",\"isPartOf\":{\"@id\":\"https:\/\/www.welovecycling.com\/ee\/#website\"},\"primaryImageOfPage\":{\"@id\":\"https:\/\/www.welovecycling.com\/ee\/2025\/12\/15\/van-der-poel-voidutses-oma-cyclocrossi-tagasitulekul-namuris-brand-jatkab-voidulainel\/#primaryimage\"},\"image\":{\"@id\":\"https:\/\/www.welovecycling.com\/ee\/2025\/12\/15\/van-der-poel-voidutses-oma-cyclocrossi-tagasitulekul-namuris-brand-jatkab-voidulainel\/#primaryimage\"},\"thumbnailUrl\":\"https:\/\/d2p6e6u75xmxt8.cloudfront.net\/15\/2025\/12\/MVP.webp\",\"datePublished\":\"2025-12-15T11:48:02+00:00\",\"author\":{\"@id\":\"https:\/\/www.welovecycling.com\/ee\/#\/schema\/person\/8b7101c4bd1b1ae9d3732ebb1e6caf57\"},\"description\":\"Maailmameister Mathieu van der Poel (Alpecin-Deceuninck) ja Lucinda Brand (Baloise Glowi Lions) pikendasid p\u00fchap\u00e4eval raskel ja ikoonilisel Namuri MK-etapil oma cyclocrossi v\u00f5iduseeriaid, kuid tegid seda v\u00e4ga erineval moel.\",\"inLanguage\":\"et\",\"potentialAction\":[{\"@type\":\"ReadAction\",\"target\":[\"https:\/\/www.welovecycling.com\/ee\/2025\/12\/15\/van-der-poel-voidutses-oma-cyclocrossi-tagasitulekul-namuris-brand-jatkab-voidulainel\/\"]}]},{\"@type\":\"ImageObject\",\"inLanguage\":\"et\",\"@id\":\"https:\/\/www.welovecycling.com\/ee\/2025\/12\/15\/van-der-poel-voidutses-oma-cyclocrossi-tagasitulekul-namuris-brand-jatkab-voidulainel\/#primaryimage\",\"url\":\"https:\/\/d2p6e6u75xmxt8.cloudfront.net\/15\/2025\/12\/MVP.webp\",\"contentUrl\":\"https:\/\/d2p6e6u75xmxt8.cloudfront.net\/15\/2025\/12\/MVP.webp\",\"width\":988,\"height\":657},{\"@type\":\"WebSite\",\"@id\":\"https:\/\/www.welovecycling.com\/ee\/#website\",\"url\":\"https:\/\/www.welovecycling.com\/ee\/\",\"name\":\"\u0160koda We Love Cycling - Estonia\",\"description\":\"\",\"potentialAction\":[{\"@type\":\"SearchAction\",\"target\":{\"@type\":\"EntryPoint\",\"urlTemplate\":\"https:\/\/www.welovecycling.com\/ee\/?s={search_term_string}\"},\"query-input\":{\"@type\":\"PropertyValueSpecification\",\"valueRequired\":true,\"valueName\":\"search_term_string\"}}],\"inLanguage\":\"et\"},{\"@type\":\"Person\",\"@id\":\"https:\/\/www.welovecycling.com\/ee\/#\/schema\/person\/8b7101c4bd1b1ae9d3732ebb1e6caf57\",\"name\":\"andre\",\"image\":{\"@type\":\"ImageObject\",\"inLanguage\":\"et\",\"@id\":\"https:\/\/www.welovecycling.com\/ee\/#\/schema\/person\/image\/\",\"url\":\"https:\/\/secure.gravatar.com\/avatar\/0656b3224fe17b018f43b8a562625dd43d30827f027b2f62bc5a05711fec9a61?s=96&d=mm&r=g\",\"contentUrl\":\"https:\/\/secure.gravatar.com\/avatar\/0656b3224fe17b018f43b8a562625dd43d30827f027b2f62bc5a05711fec9a61?s=96&d=mm&r=g\",\"caption\":\"andre\"},\"url\":\"https:\/\/www.welovecycling.com\/ee\/author\/andre\/\"}]}<\/script>\n<!-- \/ Yoast SEO Premium plugin. -->","yoast_head_json":{"title":"Van der Poel v\u00f5idutses oma cyclocrossi tagasitulekul Namuris, Brand j\u00e4tkab v\u00f5idulainel - \u0160koda We Love Cycling - Estonia","description":"Maailmameister Mathieu van der Poel (Alpecin-Deceuninck) ja Lucinda Brand (Baloise Glowi Lions) pikendasid p\u00fchap\u00e4eval raskel ja ikoonilisel Namuri MK-etapil oma cyclocrossi v\u00f5iduseeriaid, kuid tegid seda v\u00e4ga erineval moel.","robots":{"index":"index","follow":"follow","max-snippet":"max-snippet:-1","max-image-preview":"max-image-preview:large","max-video-preview":"max-video-preview:-1"},"canonical":"https:\/\/www.welovecycling.com\/ee\/2025\/12\/15\/van-der-poel-voidutses-oma-cyclocrossi-tagasitulekul-namuris-brand-jatkab-voidulainel\/","og_locale":"et_EE","og_type":"article","og_title":"Van der Poel v\u00f5idutses oma cyclocrossi tagasitulekul Namuris, Brand j\u00e4tkab v\u00f5idulainel","og_description":"Maailmameister Mathieu van der Poel (Alpecin-Deceuninck) ja Lucinda Brand (Baloise Glowi Lions) pikendasid p\u00fchap\u00e4eval raskel ja ikoonilisel Namuri MK-etapil oma cyclocrossi v\u00f5iduseeriaid, kuid tegid seda v\u00e4ga erineval moel.","og_url":"https:\/\/www.welovecycling.com\/ee\/2025\/12\/15\/van-der-poel-voidutses-oma-cyclocrossi-tagasitulekul-namuris-brand-jatkab-voidulainel\/","og_site_name":"\u0160koda We Love Cycling - Estonia","article_published_time":"2025-12-15T11:48:02+00:00","og_image":[{"width":988,"height":657,"url":"https:\/\/d2p6e6u75xmxt8.cloudfront.net\/15\/2025\/12\/MVP.webp","type":"image\/webp"}],"author":"andre","twitter_card":"summary_large_image","twitter_misc":{"Written by":"Siegfried Mortkowitz","Est. reading time":"4"},"schema":{"@context":"https:\/\/schema.org","@graph":[{"@type":"WebPage","@id":"https:\/\/www.welovecycling.com\/ee\/2025\/12\/15\/van-der-poel-voidutses-oma-cyclocrossi-tagasitulekul-namuris-brand-jatkab-voidulainel\/","url":"https:\/\/www.welovecycling.com\/ee\/2025\/12\/15\/van-der-poel-voidutses-oma-cyclocrossi-tagasitulekul-namuris-brand-jatkab-voidulainel\/","name":"Van der Poel v\u00f5idutses oma cyclocrossi tagasitulekul Namuris, Brand j\u00e4tkab v\u00f5idulainel - \u0160koda We Love Cycling - Estonia","isPartOf":{"@id":"https:\/\/www.welovecycling.com\/ee\/#website"},"primaryImageOfPage":{"@id":"https:\/\/www.welovecycling.com\/ee\/2025\/12\/15\/van-der-poel-voidutses-oma-cyclocrossi-tagasitulekul-namuris-brand-jatkab-voidulainel\/#primaryimage"},"image":{"@id":"https:\/\/www.welovecycling.com\/ee\/2025\/12\/15\/van-der-poel-voidutses-oma-cyclocrossi-tagasitulekul-namuris-brand-jatkab-voidulainel\/#primaryimage"},"thumbnailUrl":"https:\/\/d2p6e6u75xmxt8.cloudfront.net\/15\/2025\/12\/MVP.webp","datePublished":"2025-12-15T11:48:02+00:00","author":{"@id":"https:\/\/www.welovecycling.com\/ee\/#\/schema\/person\/8b7101c4bd1b1ae9d3732ebb1e6caf57"},"description":"Maailmameister Mathieu van der Poel (Alpecin-Deceuninck) ja Lucinda Brand (Baloise Glowi Lions) pikendasid p\u00fchap\u00e4eval raskel ja ikoonilisel Namuri MK-etapil oma cyclocrossi v\u00f5iduseeriaid, kuid tegid seda v\u00e4ga erineval moel.","inLanguage":"et","potentialAction":[{"@type":"ReadAction","target":["https:\/\/www.welovecycling.com\/ee\/2025\/12\/15\/van-der-poel-voidutses-oma-cyclocrossi-tagasitulekul-namuris-brand-jatkab-voidulainel\/"]}]},{"@type":"ImageObject","inLanguage":"et","@id":"https:\/\/www.welovecycling.com\/ee\/2025\/12\/15\/van-der-poel-voidutses-oma-cyclocrossi-tagasitulekul-namuris-brand-jatkab-voidulainel\/#primaryimage","url":"https:\/\/d2p6e6u75xmxt8.cloudfront.net\/15\/2025\/12\/MVP.webp","contentUrl":"https:\/\/d2p6e6u75xmxt8.cloudfront.net\/15\/2025\/12\/MVP.webp","width":988,"height":657},{"@type":"WebSite","@id":"https:\/\/www.welovecycling.com\/ee\/#website","url":"https:\/\/www.welovecycling.com\/ee\/","name":"\u0160koda We Love Cycling - Estonia","description":"","potentialAction":[{"@type":"SearchAction","target":{"@type":"EntryPoint","urlTemplate":"https:\/\/www.welovecycling.com\/ee\/?s={search_term_string}"},"query-input":{"@type":"PropertyValueSpecification","valueRequired":true,"valueName":"search_term_string"}}],"inLanguage":"et"},{"@type":"Person","@id":"https:\/\/www.welovecycling.com\/ee\/#\/schema\/person\/8b7101c4bd1b1ae9d3732ebb1e6caf57","name":"andre","image":{"@type":"ImageObject","inLanguage":"et","@id":"https:\/\/www.welovecycling.com\/ee\/#\/schema\/person\/image\/","url":"https:\/\/secure.gravatar.com\/avatar\/0656b3224fe17b018f43b8a562625dd43d30827f027b2f62bc5a05711fec9a61?s=96&d=mm&r=g","contentUrl":"https:\/\/secure.gravatar.com\/avatar\/0656b3224fe17b018f43b8a562625dd43d30827f027b2f62bc5a05711fec9a61?s=96&d=mm&r=g","caption":"andre"},"url":"https:\/\/www.welovecycling.com\/ee\/author\/andre\/"}]}},"_links":{"self":[{"href":"https:\/\/www.welovecycling.com\/ee\/wp-json\/wp\/v2\/posts\/3328","targetHints":{"allow":["GET"]}}],"collection":[{"href":"https:\/\/www.welovecycling.com\/ee\/wp-json\/wp\/v2\/posts"}],"about":[{"href":"https:\/\/www.welovecycling.com\/ee\/wp-json\/wp\/v2\/types\/post"}],"author":[{"embeddable":true,"href":"https:\/\/www.welovecycling.com\/ee\/wp-json\/wp\/v2\/users\/174"}],"replies":[{"embeddable":true,"href":"https:\/\/www.welovecycling.com\/ee\/wp-json\/wp\/v2\/comments?post=3328"}],"version-history":[{"count":2,"href":"https:\/\/www.welovecycling.com\/ee\/wp-json\/wp\/v2\/posts\/3328\/revisions"}],"predecessor-version":[{"id":3331,"href":"https:\/\/www.welovecycling.com\/ee\/wp-json\/wp\/v2\/posts\/3328\/revisions\/3331"}],"wp:featuredmedia":[{"embeddable":true,"href":"https:\/\/www.welovecycling.com\/ee\/wp-json\/wp\/v2\/media\/3329"}],"wp:attachment":[{"href":"https:\/\/www.welovecycling.com\/ee\/wp-json\/wp\/v2\/media?parent=3328"}],"wp:term":[{"taxonomy":"category","embeddable":true,"href":"https:\/\/www.welovecycling.com\/ee\/wp-json\/wp\/v2\/categories?post=3328"},{"taxonomy":"post_tag","embeddable":true,"href":"https:\/\/www.welovecycling.com\/ee\/wp-json\/wp\/v2\/tags?post=3328"},{"taxonomy":"global-categories","embeddable":true,"href":"https:\/\/www.welovecycling.com\/ee\/wp-json\/wp\/v2\/global-categories?post=3328"}],"curies":[{"name":"wp","href":"https:\/\/api.w.org\/{rel}","templated":true}]}}