{"id":3324,"date":"2025-12-15T13:30:41","date_gmt":"2025-12-15T10:30:41","guid":{"rendered":"https:\/\/www.welovecycling.com\/ee\/?p=3324"},"modified":"2025-12-15T13:30:41","modified_gmt":"2025-12-15T10:30:41","slug":"mis-tegelikult-juhtub-kui-sa-talvel-rattaga-uldse-ei-soida","status":"publish","type":"post","link":"https:\/\/www.welovecycling.com\/ee\/2025\/12\/15\/mis-tegelikult-juhtub-kui-sa-talvel-rattaga-uldse-ei-soida\/","title":{"rendered":"Mis tegelikult juhtub, kui sa talvel rattaga \u00fcldse ei s\u00f5ida?"},"content":{"rendered":"<h3 data-path-to-node=\"3\"><strong>Igal aastal, kui temperatuurid langevad ja teed kattuvad j\u00e4\u00e4ga, seisavad ratturid k\u00f5ikjal silmitsi sama sisemise dialoogiga: kas peaksin talvest hambad ristis l\u00e4bi murdma v\u00f5i v\u00f5tma korraliku puhkuse? Sotsiaalmeedia vood, mis on t\u00e4is j\u00e4iseid s\u00f5ite ja kuvat\u00f5mmiseid sisetrena\u017e\u00f6\u00f6ride ekraanidelt, v\u00f5ivad tekitada tunde, et k\u00f5ik teised rassivad edasi, samal ajal kui sina muutud aeglaselt istuvaks toakassiks.<\/strong><\/h3>\n<p data-path-to-node=\"3\"><!--more--><\/p>\n<p data-path-to-node=\"4\">Siin on rahustav t\u00f5de: pausi tegemine (olgu see siis kaks n\u00e4dalat v\u00f5i kaks kuud) ei ole katastroof, nagu internet seda serveerida p\u00fc\u00fcab. Sinu keha, tuju, ainevahetus ja f\u00fc\u00fcsiline vorm muutuvad puhkeajal, kuid mitte nii dramaatilisel ja hukatuslikul moel, nagu paljud ratturid kardavad. Tegelikult v\u00f5ib talv sind vaikselt ette valmistada tugevamaks ja v\u00e4rskemaks kevadeks.<\/p>\n<p data-path-to-node=\"5\">Vaatame l\u00e4hemalt, mis tegelikult juhtub, kui l\u00f5petad talveks rattas\u00f5idu ja mis kindlasti ei juhtu.<\/p>\n<h2 data-path-to-node=\"6\"><b>Sinu keha m\u00e4letab rohkem, kui sa arvad<\/b><\/h2>\n<p data-path-to-node=\"7\">Enamiku ratturite suurim hirm on see, et isegi paar n\u00e4dalat v\u00e4hem s\u00f5itmist nullib k\u00f5ik selle, mida nad aasta jooksul on ehitanud. See ei ole nii. Jah, teatud vormi aspektid hakkavad aja jooksul pehmemaks muutuma. Sinu pulss v\u00f5ib p\u00e4rast pikka puhkust esimesel t\u00f5usul veidi k\u00f5rgemale h\u00fcpata. Jalad ei pruugi tunduda nii s\u00e4rtsakad. Kuid see langus ei ole j\u00e4rsk kuristik. V\u00f5id m\u00f5elda sellest pigem kui v\u00e4ga laugest n\u00f5lvast, millest on lihtne \u00fcles ronida.<\/p>\n<p data-path-to-node=\"8\">Taristu, mille oled kuudepikkuse s\u00f5iduga loonud \u2013 lihasm\u00e4lu, neuromuskulaarne koordinatsioon ja baasvastupidavus \u2013 p\u00fcsib alles palju kauem, kui su ego arvata lubab. Mis kipub esimesena kaduma, on see tippvormi teravus, mis tuleb ainult j\u00e4rjepidevast ja struktureeritud treeningust. Aga sinu rattas\u00f5idu baasvorm? Sinu v\u00f5ime r\u00fctmi leida? See on endiselt olemas ja ootab tegutsemist.<\/p>\n<p data-path-to-node=\"9\">Ja parim osa on see, et kui hakkad uuesti j\u00e4rjepidevamalt s\u00f5itma, reageerib keha kiiresti. Kohanemised, mida oled terve aasta ehitanud, ei kao kuhugi; need lihtsalt uinuvad ja \u00e4rkavad kiiresti, kui \u00f5ige aeg k\u00e4es.<\/p>\n<h2 data-path-to-node=\"10\"><b>Sinu ainevahetus ei vea sind alt<\/b><\/h2>\n<p data-path-to-node=\"11\">\u00dcks levinud talviseid muresid on see, et v\u00e4hem s\u00f5itmist t\u00e4hendab ainevahetuse &#8220;aeglustumist&#8221;. Tegelikkuses muutub sinu rutiin, mitte sinu ainevahetuse mootor. V\u00e4hem p\u00e4evavalgust, k\u00fclmemad temperatuurid, p\u00fchadeaegsed toidud ja rohkem toas veedetud aega segunevad omavahel ja panevad su energiataseme teistmoodi tunduma. V\u00f5id tunda end n\u00e4ljasemana, loiumana v\u00f5i lihtsalt r\u00fctmist v\u00e4ljas olevana, kuid see ei t\u00e4henda, et keha hakkab ootamatult k\u00f5ike s\u00f6\u00f6dut talletama v\u00f5i et oled m\u00e4\u00e4ratud kaalus juurde v\u00f5tma viisil, mis p\u00fcsima j\u00e4\u00e4b.<\/p>\n<p data-path-to-node=\"12\">Inimkeha on m\u00e4rkimisv\u00e4\u00e4rselt kohanemisv\u00f5imeline. Pigem annab veidi rahulikum rattahooaeg su s\u00fcsteemile v\u00f5imaluse p\u00e4rast kuudepikkust suurt energiakulu end uuesti kalibreerida. V\u00f5id siit-sealt veidi pehmemaks muutuda, aga v\u00f5id ka mitte. Kumbki tulemus ei \u00fctle midagi sinu distsipliini ega sinu kui ratturi identiteedi kohta. Sa ei ole katki. Sa oled lihtsalt talere\u017eiimil.<\/p>\n<h2 data-path-to-node=\"13\"><b>Ka meeleolu k\u00f5ikumine on lubatud<\/b><\/h2>\n<p data-path-to-node=\"14\">Rattas\u00f5it on paljudele meist tujuparandaja. Kui j\u00e4tad selle serotoniini t\u00f5stva \u00f5ues viibimise j\u00e4rsku \u00e4ra, on seda tunda. Lisa sinna talvine pimedus, p\u00fchadestress ja sotsiaalne v\u00e4simus ning pole ime, et paljud ratturid tunnevad end jaanuariks \u00fcsna kehvasti. Nipp seisneb selles, et tuleb tunnistada: asi pole ainult s\u00f5itmises, vaid aastaajas. V\u00e4hem valgust m\u00f5jutab hormoone nagu melatoniin ja kortisool. K\u00fclm ilm hoiab toas. P\u00fchad muudavad sotsiaalsed kohustused sageli koormavaks.<\/p>\n<p data-path-to-node=\"15\">Kui su tuju langeb veidi koos s\u00f5idukoormuse langusega, ei ole see m\u00e4rk sellest, et sa &#8220;p\u00f5rud&#8221; talvises rattas\u00f5idus. See on m\u00e4rk sellest, et oled inimene. Aitab mitte enese sundimine trena\u017e\u00f6\u00f6rile, vaid liikumise p\u00f5imimine ellu leebetel ja realistlikel viisidel. L\u00fchike jalutusk\u00e4ik. Veidi j\u00f5utrenni. S\u00f5it siin ja seal, kui ilm lubab. Pingevaba kerimine trena\u017e\u00f6\u00f6ril midagi l\u00f5busat vaadates. V\u00f5ta rahulikult ja anna endast parim, et aktsepteerida oma praegust olukorda.<\/p>\n<h2 data-path-to-node=\"16\"><b>Motivatsioon k\u00f5igub ja see ei defineeri sind<\/b><\/h2>\n<p data-path-to-node=\"17\">Talvine madalseis tabab mingil hetkel peaaegu k\u00f5iki. M\u00f5ned ratturid naudivad sisetreeningute plaane ja <a href=\"https:\/\/www.zwift.com\/eu\/racing\">Zwifti<\/a> v\u00f5istlusi. Teised ei talu m\u00f5tetki toas v\u00e4ntamisest. Paljud maanduvad kuhugi vahepeale, tehes seda, mida saavad ja millal saavad, ning s\u00f5ites v\u00e4hem kui tavaliselt.<\/p>\n<p data-path-to-node=\"18\">Miski sellest ei t\u00e4henda, et sa poleks &#8220;p\u00e4ris&#8221; rattur. Motivatsioon on hooajaline, sest inimesed on hooajalised. Kui p\u00e4ike naaseb, tuleb sageli tagasi ka sinu s\u00f5idukihk.<\/p>\n<p data-path-to-node=\"19\">Selle asemel, et k\u00fcsida: &#8220;Miks ma ei suuda olla sama motiveeritud kui juulis?&#8221;, on parem k\u00fcsimus: &#8220;Milline liikumine tundub t\u00e4na tehtav?&#8221; M\u00f5nikord on see pikk vastupidavustreening. M\u00f5nikord on see k\u00fcmme minutit v\u00e4ntamist. M\u00f5nikord pole see \u00fcldse mitte midagi. See k\u00f5ik on osa talvisest r\u00fctmist.<\/p>\n<h2 data-path-to-node=\"20\"><b>Vorm taastub oodatust kiiremini<\/b><\/h2>\n<p data-path-to-node=\"21\">See on osa, mida ratturid j\u00e4rjepidevalt alahindavad. Kui oled terve aasta s\u00f5itnud, isegi harrastajana, on su kehal s\u00fcgav kohanemisv\u00f5ime varu, millest ammutada. Kui saabub kevad ja paratamatult tekib see esimene sooja ilma kihk uuesti korralikult v\u00e4lja minna, naaseb vorm \u00fcllatavalt kiiresti.<\/p>\n<p data-path-to-node=\"22\">Alguses v\u00f5ib see olla alandlikkust \u00f5petav: t\u00f5usud tunduvad pikemad, hingad veidi h\u00e4\u00e4lekamalt. Kuid paari n\u00e4dala jooksul harjub keha taas rattas\u00f5idu n\u00f5udmistega. Ja paari kuu jooksul leiavad enamik rattureid end mitte ainult sealt, kus nad pooleli j\u00e4id, vaid on sageli v\u00e4rskemad ja innukamad kui varem.<\/p>\n<p data-path-to-node=\"23\">Talv ei kustuta sinu vormi. See lihtsalt s\u00e4tib prioriteedid m\u00f5neks ajaks \u00fcmber.<\/p>\n<h2 data-path-to-node=\"24\"><b>Kui soovid talv l\u00e4bi s\u00f5ita, siis lase k\u00e4ia<\/b><\/h2>\n<p data-path-to-node=\"25\">See ei ole manifest kuudepikkuse pausi v\u00f5tmiseks. Paljud ratturid armastavad talvist s\u00f5itu, karget \u00f5hku, vaikseid teid ning visaduse ja seikluse tunnet. Kui sul on varustus, motivatsioon ja tingimused, on talvine s\u00f5itmine s\u00fcgavalt rahuldust pakkuv.<\/p>\n<p data-path-to-node=\"26\">Kuid reaalsus on see, et enamik inimesi s\u00f5idab talvel v\u00e4hem, mitte \u00fcldse mitte. Ja see mahu langus on sinu kehale ja vaimule t\u00e4iesti hallatav. Paar s\u00f5itu n\u00e4dalas, rahulik t\u00f6\u00f6les\u00f5it v\u00f5i isegi lihtsalt &#8220;varba kastmine&#8221; trena\u017e\u00f6\u00f6ri, kui tuju tuleb, on piisav, et mootorit soojana hoida.<\/p>\n<h2 data-path-to-node=\"27\"><b>Tegelik \u00f5ppetund: Talv ei ohusta sinu ratturi-elu<\/b><\/h2>\n<p data-path-to-node=\"28\">Rattas\u00f5it ei seisne tippvormi hoidmises aastaringselt ega kangelaslike talves\u00f5itude postitamises Instagrami. See on pikaajaline suhe, millel on oma aastaajad, faasid ja meeleolud.<\/p>\n<p data-path-to-node=\"29\">Kui talv paneb sind v\u00e4hem s\u00f5itma, siis sa ei eba\u00f5nnestu, vaid kohaned. Sinu keha ei lagune koost. Sinu vorm ei haihtu. Sinu ainevahetus ei t\u00f5sta m\u00e4ssu. Sa ei pea kevadel nullist alustama.<\/p>\n<p data-path-to-node=\"30\">Sa oled endiselt rattur. Talv palub sul lihtsalt olla rattur veidi teistmoodi.<\/p>\n","protected":false},"excerpt":{"rendered":"<p>Igal aastal, kui temperatuurid langevad ja teed kattuvad j\u00e4\u00e4ga, seisavad ratturid k\u00f5ikjal silmitsi sama sisemise dialoogiga: kas peaksin talvest hambad [&hellip;]<\/p>\n","protected":false},"author":174,"featured_media":3325,"comment_status":"open","ping_status":"open","sticky":false,"template":"","format":"standard","meta":{"footnotes":""},"categories":[43],"tags":[165,176,592],"global-categories":[22],"class_list":["post-3324","post","type-post","status-publish","format-standard","has-post-thumbnail","hentry","category-tervis-trenn","tag-talvine-rattasoit","tag-talvine-treening","tag-treeningpaus","global-categories-cycling"],"yoast_head":"<!-- This site is optimized with the Yoast SEO Premium plugin v25.3 (Yoast SEO v25.9) - https:\/\/yoast.com\/wordpress\/plugins\/seo\/ -->\n<title>Mis tegelikult juhtub, kui sa talvel rattaga \u00fcldse ei s\u00f5ida? - \u0160koda We Love Cycling - Estonia<\/title>\n<meta name=\"description\" content=\"Igal aastal, kui temperatuurid langevad ja teed kattuvad j\u00e4\u00e4ga, seisavad ratturid k\u00f5ikjal silmitsi sama sisemise aruteluga: kas peaksin talvest hambad ristis l\u00e4bi murdma v\u00f5i v\u00f5tma korraliku puhkuse? Sotsiaalmeedia vood, mis on t\u00e4is j\u00e4iseid s\u00f5ite ja kuvat\u00f5mmiseid sisetrena\u017e\u00f6\u00f6ride ekraanidelt, v\u00f5ivad tekitada tunde, et k\u00f5ik teised rassivad edasi, samal ajal kui sina muutud aeglaselt istuvaks toakassiks.\" \/>\n<meta name=\"robots\" content=\"index, follow, max-snippet:-1, max-image-preview:large, max-video-preview:-1\" \/>\n<link rel=\"canonical\" href=\"https:\/\/www.welovecycling.com\/ee\/2025\/12\/15\/mis-tegelikult-juhtub-kui-sa-talvel-rattaga-uldse-ei-soida\/\" \/>\n<meta property=\"og:locale\" content=\"et_EE\" \/>\n<meta property=\"og:type\" content=\"article\" \/>\n<meta property=\"og:title\" content=\"Mis tegelikult juhtub, kui sa talvel rattaga \u00fcldse ei s\u00f5ida?\" \/>\n<meta property=\"og:description\" content=\"Igal aastal, kui temperatuurid langevad ja teed kattuvad j\u00e4\u00e4ga, seisavad ratturid k\u00f5ikjal silmitsi sama sisemise aruteluga: kas peaksin talvest hambad ristis l\u00e4bi murdma v\u00f5i v\u00f5tma korraliku puhkuse? Sotsiaalmeedia vood, mis on t\u00e4is j\u00e4iseid s\u00f5ite ja kuvat\u00f5mmiseid sisetrena\u017e\u00f6\u00f6ride ekraanidelt, v\u00f5ivad tekitada tunde, et k\u00f5ik teised rassivad edasi, samal ajal kui sina muutud aeglaselt istuvaks toakassiks.\" \/>\n<meta property=\"og:url\" content=\"https:\/\/www.welovecycling.com\/ee\/2025\/12\/15\/mis-tegelikult-juhtub-kui-sa-talvel-rattaga-uldse-ei-soida\/\" \/>\n<meta property=\"og:site_name\" content=\"\u0160koda We Love Cycling - Estonia\" \/>\n<meta property=\"article:published_time\" content=\"2025-12-15T10:30:41+00:00\" \/>\n<meta property=\"og:image\" content=\"https:\/\/d2p6e6u75xmxt8.cloudfront.net\/15\/2025\/12\/talv.webp\" \/>\n\t<meta property=\"og:image:width\" content=\"890\" \/>\n\t<meta property=\"og:image:height\" content=\"593\" \/>\n\t<meta property=\"og:image:type\" content=\"image\/webp\" \/>\n<meta name=\"author\" content=\"andre\" \/>\n<meta name=\"twitter:card\" content=\"summary_large_image\" \/>\n<meta name=\"twitter:label1\" content=\"Written by\" \/>\n\t<meta name=\"twitter:data1\" content=\"Megan Flottorp\" \/>\n\t<meta name=\"twitter:label2\" content=\"Est. reading time\" \/>\n\t<meta name=\"twitter:data2\" content=\"4\" \/>\n<script type=\"application\/ld+json\" class=\"yoast-schema-graph\">{\"@context\":\"https:\/\/schema.org\",\"@graph\":[{\"@type\":\"WebPage\",\"@id\":\"https:\/\/www.welovecycling.com\/ee\/2025\/12\/15\/mis-tegelikult-juhtub-kui-sa-talvel-rattaga-uldse-ei-soida\/\",\"url\":\"https:\/\/www.welovecycling.com\/ee\/2025\/12\/15\/mis-tegelikult-juhtub-kui-sa-talvel-rattaga-uldse-ei-soida\/\",\"name\":\"Mis tegelikult juhtub, kui sa talvel rattaga \u00fcldse ei s\u00f5ida? - \u0160koda We Love Cycling - Estonia\",\"isPartOf\":{\"@id\":\"https:\/\/www.welovecycling.com\/ee\/#website\"},\"primaryImageOfPage\":{\"@id\":\"https:\/\/www.welovecycling.com\/ee\/2025\/12\/15\/mis-tegelikult-juhtub-kui-sa-talvel-rattaga-uldse-ei-soida\/#primaryimage\"},\"image\":{\"@id\":\"https:\/\/www.welovecycling.com\/ee\/2025\/12\/15\/mis-tegelikult-juhtub-kui-sa-talvel-rattaga-uldse-ei-soida\/#primaryimage\"},\"thumbnailUrl\":\"https:\/\/d2p6e6u75xmxt8.cloudfront.net\/15\/2025\/12\/talv.webp\",\"datePublished\":\"2025-12-15T10:30:41+00:00\",\"author\":{\"@id\":\"https:\/\/www.welovecycling.com\/ee\/#\/schema\/person\/8b7101c4bd1b1ae9d3732ebb1e6caf57\"},\"description\":\"Igal aastal, kui temperatuurid langevad ja teed kattuvad j\u00e4\u00e4ga, seisavad ratturid k\u00f5ikjal silmitsi sama sisemise aruteluga: kas peaksin talvest hambad ristis l\u00e4bi murdma v\u00f5i v\u00f5tma korraliku puhkuse? Sotsiaalmeedia vood, mis on t\u00e4is j\u00e4iseid s\u00f5ite ja kuvat\u00f5mmiseid sisetrena\u017e\u00f6\u00f6ride ekraanidelt, v\u00f5ivad tekitada tunde, et k\u00f5ik teised rassivad edasi, samal ajal kui sina muutud aeglaselt istuvaks toakassiks.\",\"inLanguage\":\"et\",\"potentialAction\":[{\"@type\":\"ReadAction\",\"target\":[\"https:\/\/www.welovecycling.com\/ee\/2025\/12\/15\/mis-tegelikult-juhtub-kui-sa-talvel-rattaga-uldse-ei-soida\/\"]}]},{\"@type\":\"ImageObject\",\"inLanguage\":\"et\",\"@id\":\"https:\/\/www.welovecycling.com\/ee\/2025\/12\/15\/mis-tegelikult-juhtub-kui-sa-talvel-rattaga-uldse-ei-soida\/#primaryimage\",\"url\":\"https:\/\/d2p6e6u75xmxt8.cloudfront.net\/15\/2025\/12\/talv.webp\",\"contentUrl\":\"https:\/\/d2p6e6u75xmxt8.cloudfront.net\/15\/2025\/12\/talv.webp\",\"width\":890,\"height\":593},{\"@type\":\"WebSite\",\"@id\":\"https:\/\/www.welovecycling.com\/ee\/#website\",\"url\":\"https:\/\/www.welovecycling.com\/ee\/\",\"name\":\"\u0160koda We Love Cycling - Estonia\",\"description\":\"\",\"potentialAction\":[{\"@type\":\"SearchAction\",\"target\":{\"@type\":\"EntryPoint\",\"urlTemplate\":\"https:\/\/www.welovecycling.com\/ee\/?s={search_term_string}\"},\"query-input\":{\"@type\":\"PropertyValueSpecification\",\"valueRequired\":true,\"valueName\":\"search_term_string\"}}],\"inLanguage\":\"et\"},{\"@type\":\"Person\",\"@id\":\"https:\/\/www.welovecycling.com\/ee\/#\/schema\/person\/8b7101c4bd1b1ae9d3732ebb1e6caf57\",\"name\":\"andre\",\"image\":{\"@type\":\"ImageObject\",\"inLanguage\":\"et\",\"@id\":\"https:\/\/www.welovecycling.com\/ee\/#\/schema\/person\/image\/\",\"url\":\"https:\/\/secure.gravatar.com\/avatar\/0656b3224fe17b018f43b8a562625dd43d30827f027b2f62bc5a05711fec9a61?s=96&d=mm&r=g\",\"contentUrl\":\"https:\/\/secure.gravatar.com\/avatar\/0656b3224fe17b018f43b8a562625dd43d30827f027b2f62bc5a05711fec9a61?s=96&d=mm&r=g\",\"caption\":\"andre\"},\"url\":\"https:\/\/www.welovecycling.com\/ee\/author\/andre\/\"}]}<\/script>\n<!-- \/ Yoast SEO Premium plugin. -->","yoast_head_json":{"title":"Mis tegelikult juhtub, kui sa talvel rattaga \u00fcldse ei s\u00f5ida? - \u0160koda We Love Cycling - Estonia","description":"Igal aastal, kui temperatuurid langevad ja teed kattuvad j\u00e4\u00e4ga, seisavad ratturid k\u00f5ikjal silmitsi sama sisemise aruteluga: kas peaksin talvest hambad ristis l\u00e4bi murdma v\u00f5i v\u00f5tma korraliku puhkuse? Sotsiaalmeedia vood, mis on t\u00e4is j\u00e4iseid s\u00f5ite ja kuvat\u00f5mmiseid sisetrena\u017e\u00f6\u00f6ride ekraanidelt, v\u00f5ivad tekitada tunde, et k\u00f5ik teised rassivad edasi, samal ajal kui sina muutud aeglaselt istuvaks toakassiks.","robots":{"index":"index","follow":"follow","max-snippet":"max-snippet:-1","max-image-preview":"max-image-preview:large","max-video-preview":"max-video-preview:-1"},"canonical":"https:\/\/www.welovecycling.com\/ee\/2025\/12\/15\/mis-tegelikult-juhtub-kui-sa-talvel-rattaga-uldse-ei-soida\/","og_locale":"et_EE","og_type":"article","og_title":"Mis tegelikult juhtub, kui sa talvel rattaga \u00fcldse ei s\u00f5ida?","og_description":"Igal aastal, kui temperatuurid langevad ja teed kattuvad j\u00e4\u00e4ga, seisavad ratturid k\u00f5ikjal silmitsi sama sisemise aruteluga: kas peaksin talvest hambad ristis l\u00e4bi murdma v\u00f5i v\u00f5tma korraliku puhkuse? Sotsiaalmeedia vood, mis on t\u00e4is j\u00e4iseid s\u00f5ite ja kuvat\u00f5mmiseid sisetrena\u017e\u00f6\u00f6ride ekraanidelt, v\u00f5ivad tekitada tunde, et k\u00f5ik teised rassivad edasi, samal ajal kui sina muutud aeglaselt istuvaks toakassiks.","og_url":"https:\/\/www.welovecycling.com\/ee\/2025\/12\/15\/mis-tegelikult-juhtub-kui-sa-talvel-rattaga-uldse-ei-soida\/","og_site_name":"\u0160koda We Love Cycling - Estonia","article_published_time":"2025-12-15T10:30:41+00:00","og_image":[{"width":890,"height":593,"url":"https:\/\/d2p6e6u75xmxt8.cloudfront.net\/15\/2025\/12\/talv.webp","type":"image\/webp"}],"author":"andre","twitter_card":"summary_large_image","twitter_misc":{"Written by":"Megan Flottorp","Est. reading time":"4"},"schema":{"@context":"https:\/\/schema.org","@graph":[{"@type":"WebPage","@id":"https:\/\/www.welovecycling.com\/ee\/2025\/12\/15\/mis-tegelikult-juhtub-kui-sa-talvel-rattaga-uldse-ei-soida\/","url":"https:\/\/www.welovecycling.com\/ee\/2025\/12\/15\/mis-tegelikult-juhtub-kui-sa-talvel-rattaga-uldse-ei-soida\/","name":"Mis tegelikult juhtub, kui sa talvel rattaga \u00fcldse ei s\u00f5ida? - \u0160koda We Love Cycling - Estonia","isPartOf":{"@id":"https:\/\/www.welovecycling.com\/ee\/#website"},"primaryImageOfPage":{"@id":"https:\/\/www.welovecycling.com\/ee\/2025\/12\/15\/mis-tegelikult-juhtub-kui-sa-talvel-rattaga-uldse-ei-soida\/#primaryimage"},"image":{"@id":"https:\/\/www.welovecycling.com\/ee\/2025\/12\/15\/mis-tegelikult-juhtub-kui-sa-talvel-rattaga-uldse-ei-soida\/#primaryimage"},"thumbnailUrl":"https:\/\/d2p6e6u75xmxt8.cloudfront.net\/15\/2025\/12\/talv.webp","datePublished":"2025-12-15T10:30:41+00:00","author":{"@id":"https:\/\/www.welovecycling.com\/ee\/#\/schema\/person\/8b7101c4bd1b1ae9d3732ebb1e6caf57"},"description":"Igal aastal, kui temperatuurid langevad ja teed kattuvad j\u00e4\u00e4ga, seisavad ratturid k\u00f5ikjal silmitsi sama sisemise aruteluga: kas peaksin talvest hambad ristis l\u00e4bi murdma v\u00f5i v\u00f5tma korraliku puhkuse? Sotsiaalmeedia vood, mis on t\u00e4is j\u00e4iseid s\u00f5ite ja kuvat\u00f5mmiseid sisetrena\u017e\u00f6\u00f6ride ekraanidelt, v\u00f5ivad tekitada tunde, et k\u00f5ik teised rassivad edasi, samal ajal kui sina muutud aeglaselt istuvaks toakassiks.","inLanguage":"et","potentialAction":[{"@type":"ReadAction","target":["https:\/\/www.welovecycling.com\/ee\/2025\/12\/15\/mis-tegelikult-juhtub-kui-sa-talvel-rattaga-uldse-ei-soida\/"]}]},{"@type":"ImageObject","inLanguage":"et","@id":"https:\/\/www.welovecycling.com\/ee\/2025\/12\/15\/mis-tegelikult-juhtub-kui-sa-talvel-rattaga-uldse-ei-soida\/#primaryimage","url":"https:\/\/d2p6e6u75xmxt8.cloudfront.net\/15\/2025\/12\/talv.webp","contentUrl":"https:\/\/d2p6e6u75xmxt8.cloudfront.net\/15\/2025\/12\/talv.webp","width":890,"height":593},{"@type":"WebSite","@id":"https:\/\/www.welovecycling.com\/ee\/#website","url":"https:\/\/www.welovecycling.com\/ee\/","name":"\u0160koda We Love Cycling - Estonia","description":"","potentialAction":[{"@type":"SearchAction","target":{"@type":"EntryPoint","urlTemplate":"https:\/\/www.welovecycling.com\/ee\/?s={search_term_string}"},"query-input":{"@type":"PropertyValueSpecification","valueRequired":true,"valueName":"search_term_string"}}],"inLanguage":"et"},{"@type":"Person","@id":"https:\/\/www.welovecycling.com\/ee\/#\/schema\/person\/8b7101c4bd1b1ae9d3732ebb1e6caf57","name":"andre","image":{"@type":"ImageObject","inLanguage":"et","@id":"https:\/\/www.welovecycling.com\/ee\/#\/schema\/person\/image\/","url":"https:\/\/secure.gravatar.com\/avatar\/0656b3224fe17b018f43b8a562625dd43d30827f027b2f62bc5a05711fec9a61?s=96&d=mm&r=g","contentUrl":"https:\/\/secure.gravatar.com\/avatar\/0656b3224fe17b018f43b8a562625dd43d30827f027b2f62bc5a05711fec9a61?s=96&d=mm&r=g","caption":"andre"},"url":"https:\/\/www.welovecycling.com\/ee\/author\/andre\/"}]}},"_links":{"self":[{"href":"https:\/\/www.welovecycling.com\/ee\/wp-json\/wp\/v2\/posts\/3324","targetHints":{"allow":["GET"]}}],"collection":[{"href":"https:\/\/www.welovecycling.com\/ee\/wp-json\/wp\/v2\/posts"}],"about":[{"href":"https:\/\/www.welovecycling.com\/ee\/wp-json\/wp\/v2\/types\/post"}],"author":[{"embeddable":true,"href":"https:\/\/www.welovecycling.com\/ee\/wp-json\/wp\/v2\/users\/174"}],"replies":[{"embeddable":true,"href":"https:\/\/www.welovecycling.com\/ee\/wp-json\/wp\/v2\/comments?post=3324"}],"version-history":[{"count":2,"href":"https:\/\/www.welovecycling.com\/ee\/wp-json\/wp\/v2\/posts\/3324\/revisions"}],"predecessor-version":[{"id":3327,"href":"https:\/\/www.welovecycling.com\/ee\/wp-json\/wp\/v2\/posts\/3324\/revisions\/3327"}],"wp:featuredmedia":[{"embeddable":true,"href":"https:\/\/www.welovecycling.com\/ee\/wp-json\/wp\/v2\/media\/3325"}],"wp:attachment":[{"href":"https:\/\/www.welovecycling.com\/ee\/wp-json\/wp\/v2\/media?parent=3324"}],"wp:term":[{"taxonomy":"category","embeddable":true,"href":"https:\/\/www.welovecycling.com\/ee\/wp-json\/wp\/v2\/categories?post=3324"},{"taxonomy":"post_tag","embeddable":true,"href":"https:\/\/www.welovecycling.com\/ee\/wp-json\/wp\/v2\/tags?post=3324"},{"taxonomy":"global-categories","embeddable":true,"href":"https:\/\/www.welovecycling.com\/ee\/wp-json\/wp\/v2\/global-categories?post=3324"}],"curies":[{"name":"wp","href":"https:\/\/api.w.org\/{rel}","templated":true}]}}