{"id":332,"date":"2019-11-21T15:27:47","date_gmt":"2019-11-21T15:27:47","guid":{"rendered":"https:\/\/www.welovecycling.com\/ee\/?p=332"},"modified":"2019-11-21T15:27:47","modified_gmt":"2019-11-21T15:27:47","slug":"minimudelid-jaapani-rattakunstnik-toestab-et-suurus-pole-oluline","status":"publish","type":"post","link":"https:\/\/www.welovecycling.com\/ee\/2019\/11\/21\/minimudelid-jaapani-rattakunstnik-toestab-et-suurus-pole-oluline\/","title":{"rendered":"Minimudelid: Jaapani rattakunstnik t\u00f5estab, et suurus pole oluline"},"content":{"rendered":"<p><strong>TARO__0628 Twitteri\u00a0<\/strong><a href=\"https:\/\/twitter.com\/TARO__0628\"><strong>konto<\/strong><\/a><strong>\u00a0on nagu iga teine.<\/strong> <strong>Kerid ja vaatad tavalisi asju: toidupildid, kassid, mees s\u00f5idab oma lemmikjalgrattaga, tillukesed 3D-prinditud jalgrattamudelid koos k\u00f5ikide lisadega\u2026 oot, mis see n\u00fc\u00fcd oli?<\/strong><!--more--><\/p>\n<p>P\u00e4isefoto \u00fctles ilmselt juba \u00e4ra, millega tegemist. Esimesena hakkab silma stiilne Cannondale&#8217;i jalgratas, teisena hiigelk\u00e4si ja t\u00e4helepanelikum vaataja m\u00e4rkab tagaplaanil ka 3D printerit, nii et v\u00f5ib juba arvata, millest jutt.<\/p>\n<blockquote class=\"twitter-tweet\" data-lang=\"en\">\n<p dir=\"ltr\" lang=\"ja\"><a href=\"https:\/\/t.co\/s7XXmettcT\">https:\/\/t.co\/s7XXmettcT<\/a>\u30af\u30ea\u30a8\u30a4\u30bf\u30fc\u30ba\u30de\u30fc\u30b1\u30c3\u30c8\u306b\u3066\u8ca9\u58f2\u3092\u518d\u958b\u3057\u307e\u3057\u305f\u3002<a href=\"https:\/\/t.co\/QNjA1uGjdD\">https:\/\/t.co\/QNjA1uGjdD<\/a><br \/>\n3D\u30d7\u30ea\u30f3\u30bf\u30fc\u51fa\u529b\u3067\u3059\u306e\u3067\u3001\u304a\u9ad8\u3044\u3067\u3059?\u3002 <a href=\"https:\/\/t.co\/zEmgjM66sM\">pic.twitter.com\/zEmgjM66sM<\/a><\/p>\n<p>\u2014 TARO (@Bicycle__TARO) <a href=\"https:\/\/twitter.com\/Bicycle__TARO\/status\/756565405133475840?ref_src=twsrc%5Etfw\">July 22, 2016<\/a><\/p><\/blockquote>\n<p><script async src=\"https:\/\/platform.twitter.com\/widgets.js\" charset=\"utf-8\"><\/script><\/p>\n<p>Jaapanis peetakse nimelt minimudelite festivali nimega Wonder Festival, kus peamiseks n\u00e4ituse- ja m\u00fc\u00fcgiartikliks on \u201egaraa\u017eikunst\u201c ehk asjaarmastajate valmistatud (\u201egaraa\u017eis tehtud\u201c) skulptuurid \u2013 enamjaolt anime-tegelastest, kuid kaugeltki mitte ainult. Mudelite \u00fchisjooneks on \u00fclim detailit\u00e4psus ja keerukus, nagu n\u00e4ha allolevalt pildilt. Pildil on Bicycle TARO stend t\u00e4navusel festivalil ning meile avaldas see igatahes s\u00fcgavat muljet. Ja me pole ainsad, sest v\u00e4idetavalt m\u00fc\u00fcs ta maha k\u00f5ik, mis m\u00fc\u00fca oli.<\/p>\n<blockquote class=\"twitter-tweet\" data-lang=\"en\">\n<p dir=\"ltr\" lang=\"ja\">\u8a2d\u55b6\u5b8c\u4e86\u3067\u3059\uff01 <a href=\"https:\/\/t.co\/D1XMN2Gb9d\">pic.twitter.com\/D1XMN2Gb9d<\/a><\/p>\n<p>\u2014 TARO (@Bicycle__TARO) <a href=\"https:\/\/twitter.com\/Bicycle__TARO\/status\/756999598594330626?ref_src=twsrc%5Etfw\">July 23, 2016<\/a><\/p><\/blockquote>\n<p><script async src=\"https:\/\/platform.twitter.com\/widgets.js\" charset=\"utf-8\"><\/script><\/p>\n<p>Esiteks disainib ta 3D mudeli, prindib selle 3D-s v\u00e4lja, lihvib siledaks ning valmistab loodud mudeli j\u00e4rgi vormid, millega valab tehisvaigust koopiad. J\u00e4rgneb juba kruntimine, alusv\u00e4rvimine ja spreiv\u00e4rvimine, mille k\u00e4igus meistrimees kopeerib originaalilt hoolikalt k\u00f5ik kirjad ja logod.<\/p>\n<blockquote class=\"twitter-tweet\" data-lang=\"en\">\n<p dir=\"ltr\" lang=\"ja\">\u305d\u3057\u3066\u7d44\u307f\u7acb\u3066\u3092\u5f85\u3064\u30d1\u30fc\u30c4\u7fa4\u3002 <a href=\"https:\/\/t.co\/oSiIqDCmsb\">pic.twitter.com\/oSiIqDCmsb<\/a><\/p>\n<p>\u2014 TARO (@Bicycle__TARO) <a href=\"https:\/\/twitter.com\/Bicycle__TARO\/status\/752176304007421952?ref_src=twsrc%5Etfw\">July 10, 2016<\/a><\/p><\/blockquote>\n<p><script async src=\"https:\/\/platform.twitter.com\/widgets.js\" charset=\"utf-8\"><\/script><\/p>\n<p>Mainisime eespool ka lisavarustust, m\u00e4letate? Palun v\u00e4ga, siin kuivavad hambaorkidel tillukesed k\u00e4sitsi v\u00e4rvitud veepudelid. Lisaks valmistab ta ka kiivreid anime-tegelastest naisratturitele, kes vahel kuuluvad komplekti koos jalgrattaga. H\u00e4rra velokunstniku p\u00fchendumus on j\u00e4\u00e4gitu.<\/p>\n<blockquote class=\"twitter-tweet\" data-lang=\"en\">\n<p dir=\"ltr\" lang=\"ja\">12\u500b\u306e\u30dc\u30c8\u30eb\u3068\u30dc\u30c8\u30eb\u30b1\u30fc\u30b8\u306e\u30de\u30b9\u30ad\u30f3\u30b0\u5857\u88c5\u304c\u9b31\u3060 <a href=\"https:\/\/t.co\/ci2iYHwWGq\">pic.twitter.com\/ci2iYHwWGq<\/a><\/p>\n<p>\u2014 TARO (@Bicycle__TARO) <a href=\"https:\/\/twitter.com\/Bicycle__TARO\/status\/752175070403932161?ref_src=twsrc%5Etfw\">July 10, 2016<\/a><\/p><\/blockquote>\n<p><script async src=\"https:\/\/platform.twitter.com\/widgets.js\" charset=\"utf-8\"><\/script><\/p>\n<p>Kui tundus huvitav, siis tasub TARO kontot kindlasti j\u00e4lgida. Ehkki tekstid on jaapanikeelsed, v\u00f5ib automaatt\u00f5lget kasutades aimu saada, mis parajasti pildil, ning TARO ise vastab s\u00f5numitele \u00fcsna kiiresti, nii et v\u00f5ite k\u00fcsida ka temalt endalt.<\/p>\n<blockquote class=\"twitter-tweet\" data-lang=\"en\">\n<p dir=\"ltr\" lang=\"ja\">\u9031\u672b\u3088\u308d\u3057\u304f\u304a\u9858\u3044\u3057\u307e\u3059\u3002 <a href=\"https:\/\/t.co\/STvaW0WkJA\">pic.twitter.com\/STvaW0WkJA<\/a><\/p>\n<p>\u2014 TARO (@Bicycle__TARO) <a href=\"https:\/\/twitter.com\/Bicycle__TARO\/status\/754912912146182144?ref_src=twsrc%5Etfw\">July 18, 2016<\/a><\/p><\/blockquote>\n<p><script async src=\"https:\/\/platform.twitter.com\/widgets.js\" charset=\"utf-8\"><\/script><\/p>\n","protected":false},"excerpt":{"rendered":"<p>TARO__0628 Twitteri\u00a0konto\u00a0on nagu iga teine. Kerid ja vaatad tavalisi asju: toidupildid, kassid, mees s\u00f5idab oma lemmikjalgrattaga, tillukesed 3D-prinditud jalgrattamudelid koos [&hellip;]<\/p>\n","protected":false},"author":103,"featured_media":333,"comment_status":"open","ping_status":"open","sticky":false,"template":"","format":"standard","meta":{"footnotes":""},"categories":[39],"tags":[89,91,90],"global-categories":[22],"class_list":["post-332","post","type-post","status-publish","format-standard","has-post-thumbnail","hentry","category-maanteesoit","tag-fun","tag-minimudelid","tag-vidinad","global-categories-cycling"],"yoast_head":"<!-- This site is optimized with the Yoast SEO Premium plugin v25.3 (Yoast SEO v25.9) - https:\/\/yoast.com\/wordpress\/plugins\/seo\/ -->\n<title>Minimudelid: Jaapani rattakunstnik t\u00f5estab, et suurus pole oluline - \u0160koda We Love Cycling - Estonia<\/title>\n<meta name=\"robots\" content=\"index, follow, max-snippet:-1, max-image-preview:large, max-video-preview:-1\" \/>\n<link rel=\"canonical\" href=\"https:\/\/www.welovecycling.com\/ee\/2019\/11\/21\/minimudelid-jaapani-rattakunstnik-toestab-et-suurus-pole-oluline\/\" \/>\n<meta property=\"og:locale\" content=\"et_EE\" \/>\n<meta property=\"og:type\" content=\"article\" \/>\n<meta property=\"og:title\" content=\"Minimudelid: Jaapani rattakunstnik t\u00f5estab, et suurus pole oluline\" \/>\n<meta property=\"og:description\" content=\"TARO__0628 Twitteri\u00a0konto\u00a0on nagu iga teine. Kerid ja vaatad tavalisi asju: toidupildid, kassid, mees s\u00f5idab oma lemmikjalgrattaga, tillukesed 3D-prinditud jalgrattamudelid koos [&hellip;]\" \/>\n<meta property=\"og:url\" content=\"https:\/\/www.welovecycling.com\/ee\/2019\/11\/21\/minimudelid-jaapani-rattakunstnik-toestab-et-suurus-pole-oluline\/\" \/>\n<meta property=\"og:site_name\" content=\"\u0160koda We Love Cycling - Estonia\" \/>\n<meta property=\"article:published_time\" content=\"2019-11-21T15:27:47+00:00\" \/>\n<meta property=\"og:image\" content=\"https:\/\/d2p6e6u75xmxt8.cloudfront.net\/15\/2019\/11\/opener1-4.jpg\" \/>\n\t<meta property=\"og:image:width\" content=\"1375\" \/>\n\t<meta property=\"og:image:height\" content=\"601\" \/>\n\t<meta property=\"og:image:type\" content=\"image\/jpeg\" \/>\n<meta name=\"author\" content=\"jaanika\" \/>\n<meta name=\"twitter:card\" content=\"summary_large_image\" \/>\n<meta name=\"twitter:label1\" content=\"Written by\" \/>\n\t<meta name=\"twitter:data1\" content=\"Franti\u0161ka Bla\u017ekov\u00e1\" \/>\n\t<meta name=\"twitter:label2\" content=\"Est. reading time\" \/>\n\t<meta name=\"twitter:data2\" content=\"2 minutes\" \/>\n<script type=\"application\/ld+json\" class=\"yoast-schema-graph\">{\"@context\":\"https:\/\/schema.org\",\"@graph\":[{\"@type\":\"WebPage\",\"@id\":\"https:\/\/www.welovecycling.com\/ee\/2019\/11\/21\/minimudelid-jaapani-rattakunstnik-toestab-et-suurus-pole-oluline\/\",\"url\":\"https:\/\/www.welovecycling.com\/ee\/2019\/11\/21\/minimudelid-jaapani-rattakunstnik-toestab-et-suurus-pole-oluline\/\",\"name\":\"Minimudelid: Jaapani rattakunstnik t\u00f5estab, et suurus pole oluline - \u0160koda We Love Cycling - Estonia\",\"isPartOf\":{\"@id\":\"https:\/\/www.welovecycling.com\/ee\/#website\"},\"primaryImageOfPage\":{\"@id\":\"https:\/\/www.welovecycling.com\/ee\/2019\/11\/21\/minimudelid-jaapani-rattakunstnik-toestab-et-suurus-pole-oluline\/#primaryimage\"},\"image\":{\"@id\":\"https:\/\/www.welovecycling.com\/ee\/2019\/11\/21\/minimudelid-jaapani-rattakunstnik-toestab-et-suurus-pole-oluline\/#primaryimage\"},\"thumbnailUrl\":\"https:\/\/d2p6e6u75xmxt8.cloudfront.net\/15\/2019\/11\/opener1-4.jpg\",\"datePublished\":\"2019-11-21T15:27:47+00:00\",\"author\":{\"@id\":\"https:\/\/www.welovecycling.com\/ee\/#\/schema\/person\/5a221fc116f29317cd8fc6e8ebbb4bac\"},\"inLanguage\":\"et\",\"potentialAction\":[{\"@type\":\"ReadAction\",\"target\":[\"https:\/\/www.welovecycling.com\/ee\/2019\/11\/21\/minimudelid-jaapani-rattakunstnik-toestab-et-suurus-pole-oluline\/\"]}]},{\"@type\":\"ImageObject\",\"inLanguage\":\"et\",\"@id\":\"https:\/\/www.welovecycling.com\/ee\/2019\/11\/21\/minimudelid-jaapani-rattakunstnik-toestab-et-suurus-pole-oluline\/#primaryimage\",\"url\":\"https:\/\/d2p6e6u75xmxt8.cloudfront.net\/15\/2019\/11\/opener1-4.jpg\",\"contentUrl\":\"https:\/\/d2p6e6u75xmxt8.cloudfront.net\/15\/2019\/11\/opener1-4.jpg\",\"width\":1375,\"height\":601},{\"@type\":\"WebSite\",\"@id\":\"https:\/\/www.welovecycling.com\/ee\/#website\",\"url\":\"https:\/\/www.welovecycling.com\/ee\/\",\"name\":\"\u0160koda We Love Cycling - Estonia\",\"description\":\"\",\"potentialAction\":[{\"@type\":\"SearchAction\",\"target\":{\"@type\":\"EntryPoint\",\"urlTemplate\":\"https:\/\/www.welovecycling.com\/ee\/?s={search_term_string}\"},\"query-input\":{\"@type\":\"PropertyValueSpecification\",\"valueRequired\":true,\"valueName\":\"search_term_string\"}}],\"inLanguage\":\"et\"},{\"@type\":\"Person\",\"@id\":\"https:\/\/www.welovecycling.com\/ee\/#\/schema\/person\/5a221fc116f29317cd8fc6e8ebbb4bac\",\"name\":\"jaanika\",\"image\":{\"@type\":\"ImageObject\",\"inLanguage\":\"et\",\"@id\":\"https:\/\/www.welovecycling.com\/ee\/#\/schema\/person\/image\/\",\"url\":\"https:\/\/secure.gravatar.com\/avatar\/423f124d44d6d14dae1b4c509d90d1a324e3ee2f230a72b31ae57302ab921ac7?s=96&d=mm&r=g\",\"contentUrl\":\"https:\/\/secure.gravatar.com\/avatar\/423f124d44d6d14dae1b4c509d90d1a324e3ee2f230a72b31ae57302ab921ac7?s=96&d=mm&r=g\",\"caption\":\"jaanika\"},\"url\":\"https:\/\/www.welovecycling.com\/ee\/author\/jaanika\/\"}]}<\/script>\n<!-- \/ Yoast SEO Premium plugin. -->","yoast_head_json":{"title":"Minimudelid: Jaapani rattakunstnik t\u00f5estab, et suurus pole oluline - \u0160koda We Love Cycling - Estonia","robots":{"index":"index","follow":"follow","max-snippet":"max-snippet:-1","max-image-preview":"max-image-preview:large","max-video-preview":"max-video-preview:-1"},"canonical":"https:\/\/www.welovecycling.com\/ee\/2019\/11\/21\/minimudelid-jaapani-rattakunstnik-toestab-et-suurus-pole-oluline\/","og_locale":"et_EE","og_type":"article","og_title":"Minimudelid: Jaapani rattakunstnik t\u00f5estab, et suurus pole oluline","og_description":"TARO__0628 Twitteri\u00a0konto\u00a0on nagu iga teine. Kerid ja vaatad tavalisi asju: toidupildid, kassid, mees s\u00f5idab oma lemmikjalgrattaga, tillukesed 3D-prinditud jalgrattamudelid koos [&hellip;]","og_url":"https:\/\/www.welovecycling.com\/ee\/2019\/11\/21\/minimudelid-jaapani-rattakunstnik-toestab-et-suurus-pole-oluline\/","og_site_name":"\u0160koda We Love Cycling - Estonia","article_published_time":"2019-11-21T15:27:47+00:00","og_image":[{"width":1375,"height":601,"url":"https:\/\/d2p6e6u75xmxt8.cloudfront.net\/15\/2019\/11\/opener1-4.jpg","type":"image\/jpeg"}],"author":"jaanika","twitter_card":"summary_large_image","twitter_misc":{"Written by":"Franti\u0161ka Bla\u017ekov\u00e1","Est. reading time":"2 minutes"},"schema":{"@context":"https:\/\/schema.org","@graph":[{"@type":"WebPage","@id":"https:\/\/www.welovecycling.com\/ee\/2019\/11\/21\/minimudelid-jaapani-rattakunstnik-toestab-et-suurus-pole-oluline\/","url":"https:\/\/www.welovecycling.com\/ee\/2019\/11\/21\/minimudelid-jaapani-rattakunstnik-toestab-et-suurus-pole-oluline\/","name":"Minimudelid: Jaapani rattakunstnik t\u00f5estab, et suurus pole oluline - \u0160koda We Love Cycling - Estonia","isPartOf":{"@id":"https:\/\/www.welovecycling.com\/ee\/#website"},"primaryImageOfPage":{"@id":"https:\/\/www.welovecycling.com\/ee\/2019\/11\/21\/minimudelid-jaapani-rattakunstnik-toestab-et-suurus-pole-oluline\/#primaryimage"},"image":{"@id":"https:\/\/www.welovecycling.com\/ee\/2019\/11\/21\/minimudelid-jaapani-rattakunstnik-toestab-et-suurus-pole-oluline\/#primaryimage"},"thumbnailUrl":"https:\/\/d2p6e6u75xmxt8.cloudfront.net\/15\/2019\/11\/opener1-4.jpg","datePublished":"2019-11-21T15:27:47+00:00","author":{"@id":"https:\/\/www.welovecycling.com\/ee\/#\/schema\/person\/5a221fc116f29317cd8fc6e8ebbb4bac"},"inLanguage":"et","potentialAction":[{"@type":"ReadAction","target":["https:\/\/www.welovecycling.com\/ee\/2019\/11\/21\/minimudelid-jaapani-rattakunstnik-toestab-et-suurus-pole-oluline\/"]}]},{"@type":"ImageObject","inLanguage":"et","@id":"https:\/\/www.welovecycling.com\/ee\/2019\/11\/21\/minimudelid-jaapani-rattakunstnik-toestab-et-suurus-pole-oluline\/#primaryimage","url":"https:\/\/d2p6e6u75xmxt8.cloudfront.net\/15\/2019\/11\/opener1-4.jpg","contentUrl":"https:\/\/d2p6e6u75xmxt8.cloudfront.net\/15\/2019\/11\/opener1-4.jpg","width":1375,"height":601},{"@type":"WebSite","@id":"https:\/\/www.welovecycling.com\/ee\/#website","url":"https:\/\/www.welovecycling.com\/ee\/","name":"\u0160koda We Love Cycling - Estonia","description":"","potentialAction":[{"@type":"SearchAction","target":{"@type":"EntryPoint","urlTemplate":"https:\/\/www.welovecycling.com\/ee\/?s={search_term_string}"},"query-input":{"@type":"PropertyValueSpecification","valueRequired":true,"valueName":"search_term_string"}}],"inLanguage":"et"},{"@type":"Person","@id":"https:\/\/www.welovecycling.com\/ee\/#\/schema\/person\/5a221fc116f29317cd8fc6e8ebbb4bac","name":"jaanika","image":{"@type":"ImageObject","inLanguage":"et","@id":"https:\/\/www.welovecycling.com\/ee\/#\/schema\/person\/image\/","url":"https:\/\/secure.gravatar.com\/avatar\/423f124d44d6d14dae1b4c509d90d1a324e3ee2f230a72b31ae57302ab921ac7?s=96&d=mm&r=g","contentUrl":"https:\/\/secure.gravatar.com\/avatar\/423f124d44d6d14dae1b4c509d90d1a324e3ee2f230a72b31ae57302ab921ac7?s=96&d=mm&r=g","caption":"jaanika"},"url":"https:\/\/www.welovecycling.com\/ee\/author\/jaanika\/"}]}},"_links":{"self":[{"href":"https:\/\/www.welovecycling.com\/ee\/wp-json\/wp\/v2\/posts\/332","targetHints":{"allow":["GET"]}}],"collection":[{"href":"https:\/\/www.welovecycling.com\/ee\/wp-json\/wp\/v2\/posts"}],"about":[{"href":"https:\/\/www.welovecycling.com\/ee\/wp-json\/wp\/v2\/types\/post"}],"author":[{"embeddable":true,"href":"https:\/\/www.welovecycling.com\/ee\/wp-json\/wp\/v2\/users\/103"}],"replies":[{"embeddable":true,"href":"https:\/\/www.welovecycling.com\/ee\/wp-json\/wp\/v2\/comments?post=332"}],"version-history":[{"count":1,"href":"https:\/\/www.welovecycling.com\/ee\/wp-json\/wp\/v2\/posts\/332\/revisions"}],"predecessor-version":[{"id":334,"href":"https:\/\/www.welovecycling.com\/ee\/wp-json\/wp\/v2\/posts\/332\/revisions\/334"}],"wp:featuredmedia":[{"embeddable":true,"href":"https:\/\/www.welovecycling.com\/ee\/wp-json\/wp\/v2\/media\/333"}],"wp:attachment":[{"href":"https:\/\/www.welovecycling.com\/ee\/wp-json\/wp\/v2\/media?parent=332"}],"wp:term":[{"taxonomy":"category","embeddable":true,"href":"https:\/\/www.welovecycling.com\/ee\/wp-json\/wp\/v2\/categories?post=332"},{"taxonomy":"post_tag","embeddable":true,"href":"https:\/\/www.welovecycling.com\/ee\/wp-json\/wp\/v2\/tags?post=332"},{"taxonomy":"global-categories","embeddable":true,"href":"https:\/\/www.welovecycling.com\/ee\/wp-json\/wp\/v2\/global-categories?post=332"}],"curies":[{"name":"wp","href":"https:\/\/api.w.org\/{rel}","templated":true}]}}