{"id":3316,"date":"2025-12-11T20:26:12","date_gmt":"2025-12-11T17:26:12","guid":{"rendered":"https:\/\/www.welovecycling.com\/ee\/?p=3316"},"modified":"2025-12-11T20:26:12","modified_gmt":"2025-12-11T17:26:12","slug":"nuud-on-see-ametlik-saa-tuttavaks-uue-lotto-intermarche-meeskonnaga","status":"publish","type":"post","link":"https:\/\/www.welovecycling.com\/ee\/2025\/12\/11\/nuud-on-see-ametlik-saa-tuttavaks-uue-lotto-intermarche-meeskonnaga\/","title":{"rendered":"N\u00fc\u00fcd on see ametlik: saa tuttavaks uue Lotto-Intermarch\u00e9 meeskonnaga"},"content":{"rendered":"<h3 class=\"paragraph normal ng-star-inserted\" data-start-index=\"188\"><strong><span class=\"ng-star-inserted\" data-start-index=\"188\">L\u00f5putuna tundunud kahe ajaloolise Belgia meeskonna \u00fchinemisprotsess on viimaks ametlikuks kuulutatud<\/span><button class=\"xap-inline-dialog citation-marker ng-star-inserted\" aria-haspopup=\"dialog\" aria-describedby=\"cdk-describedby-message-ng-1-20\" data-disabled=\"false\"><\/button><span class=\"ng-star-inserted\" data-start-index=\"288\">. P\u00e4ev p\u00e4rast seda, kui Rahvusvaheline Jalgrattaliit (UCI) lisas Lotto-Intermarch\u00e9 nende World Touri meeskondade nimekirja, kellele anti litsents j\u00e4rgmiseks kolmeks aastaks, teatas \u00e4sja liitunud klubi pressiteatega oma 30-liikmelise meeskonna koosseisu<\/span><button class=\"xap-inline-dialog citation-marker ng-star-inserted\" aria-haspopup=\"dialog\" aria-describedby=\"cdk-describedby-message-ng-1-20\" data-disabled=\"false\"><\/button><button class=\"citation-marker\"><\/button><span class=\"ng-star-inserted\" data-start-index=\"540\">. Lisaks meestkonnale esitleti ka Pro Teami litsentsiga naiste tiimi<\/span><button class=\"xap-inline-dialog citation-marker ng-star-inserted\" aria-haspopup=\"dialog\" aria-describedby=\"cdk-describedby-message-ng-1-20\" data-disabled=\"false\"><\/button><span class=\"ng-star-inserted\" data-start-index=\"608\">.<\/span><\/strong><!--more--><\/h3>\n<div class=\"paragraph normal ng-star-inserted\" data-start-index=\"609\"><span class=\"ng-star-inserted\" data-start-index=\"609\">Intermarch\u00e9-Wanty peadirektor <\/span><b class=\"ng-star-inserted\" data-start-index=\"639\">Jean-Francous Bourlartist<\/b><span class=\"ng-star-inserted\" data-start-index=\"664\"> saab Lotto-Intermarch\u00e9 tegevjuht<\/span><button class=\"xap-inline-dialog citation-marker ng-star-inserted\" aria-haspopup=\"dialog\" aria-describedby=\"cdk-describedby-message-ng-1-20\" data-disabled=\"false\"><\/button><span class=\"ng-star-inserted\" data-start-index=\"697\">. Spordijuhiks m\u00e4\u00e4rati Lotto meeskonna Kurt Van de Wouwer ja j\u00f5udluse juhiks sai Intermarch\u00e9-Wanty Aike Visbeek<\/span><button class=\"xap-inline-dialog citation-marker ng-star-inserted\" aria-haspopup=\"dialog\" aria-describedby=\"cdk-describedby-message-ng-1-20\" data-disabled=\"false\"><\/button><span class=\"ng-star-inserted\" data-start-index=\"808\">.<\/span><\/div>\n<div class=\"paragraph normal ng-star-inserted\" data-start-index=\"809\"><span class=\"ng-star-inserted\" data-start-index=\"809\">Bourlart r\u00f5hutas pressiteates, et t\u00e4nu kahe ajaloolise Belgia tiimi liitumisele saab alata rahvusvahelisel areenil uus peat\u00fckk<\/span><button class=\"xap-inline-dialog citation-marker ng-star-inserted\" aria-haspopup=\"dialog\" aria-describedby=\"cdk-describedby-message-ng-1-20\" data-disabled=\"false\"><\/button><span class=\"ng-star-inserted\" data-start-index=\"935\">. Ta lisas, et nad on viimastel kuudel palju t\u00f6\u00f6d teinud, et ehitada\u00a0 Lotto Cycling Teami ja Intermarch\u00e9-Wanty p\u00f5hiv\u00e4\u00e4rtustest \u00fcles midagi suurt<\/span><button class=\"xap-inline-dialog citation-marker ng-star-inserted\" aria-haspopup=\"dialog\" aria-describedby=\"cdk-describedby-message-ng-1-20\" data-disabled=\"false\"><\/button><span class=\"ng-star-inserted\" data-start-index=\"1078\">. &#8220;Meil on hea meel, et UCI usub meisse ja andis meeste tiimile kolmeaastase litsentsi. Samuti teeb meid \u00f5nnelikuks naiste Pro Teami staatus,&#8221; \u00fctles Bourlart<\/span><button class=\"xap-inline-dialog citation-marker ng-star-inserted\" aria-haspopup=\"dialog\" aria-describedby=\"cdk-describedby-message-ng-1-20\" data-disabled=\"false\"><\/button><button class=\"xap-inline-dialog citation-marker ng-star-inserted\" aria-haspopup=\"dialog\" aria-describedby=\"cdk-describedby-message-ng-1-20\" data-disabled=\"false\"><\/button><span class=\"ng-star-inserted\" data-start-index=\"1235\">. Klubi esimene laager on hetkel k\u00e4imas Hispaanias<\/span><button class=\"xap-inline-dialog citation-marker ng-star-inserted\" aria-haspopup=\"dialog\" aria-describedby=\"cdk-describedby-message-ng-1-20\" data-disabled=\"false\"><\/button><span class=\"ng-star-inserted\" data-start-index=\"1285\">.<\/span><\/div>\n<div class=\"paragraph normal ng-star-inserted\" data-start-index=\"1286\">\n<p><span class=\"ng-star-inserted\" data-start-index=\"1286\">Sponsorluse ja jalgrataste osas j\u00e4\u00e4b palju samaks: Baskimaa rattatootja <\/span><b class=\"ng-star-inserted\" data-start-index=\"1358\">Orbea<\/b><span class=\"ng-star-inserted\" data-start-index=\"1363\"> j\u00e4tkab rataste tarnimist<\/span><button class=\"xap-inline-dialog citation-marker ng-star-inserted\" aria-haspopup=\"dialog\" aria-describedby=\"cdk-describedby-message-ng-1-20\" data-disabled=\"false\"><\/button><span class=\"ng-star-inserted\" data-start-index=\"1388\">. Pikaajalised partnerid, nagu Vermarc Sport, Eko\u00ef ja Caps, j\u00e4\u00e4vad samuti uue projektiga seotuks<\/span><button class=\"xap-inline-dialog citation-marker ng-star-inserted\" aria-haspopup=\"dialog\" aria-describedby=\"cdk-describedby-message-ng-1-20\" data-disabled=\"false\"><\/button><span class=\"ng-star-inserted\" data-start-index=\"1484\">. Ka <\/span><b class=\"ng-star-inserted\" data-start-index=\"1489\">Groupe Wanty<\/b><span class=\"ng-star-inserted\" data-start-index=\"1501\">, endine Intermarch\u00e9-Wanty peasponsor, j\u00e4\u00e4b uue meeskonnaga seotuks v\u00e4hemalt kuueks aastaks ning on arendusmeeskonna Lotto\u2013Groupe Wanty teine nimesponsor<\/span><button class=\"xap-inline-dialog citation-marker ng-star-inserted\" aria-haspopup=\"dialog\" aria-describedby=\"cdk-describedby-message-ng-1-20\" data-disabled=\"false\"><\/button><span class=\"ng-star-inserted\" data-start-index=\"1654\">. Meeste tiimi 30 s\u00f5itjast 20 on p\u00e4rit Lotto 2025. aasta koosseisust ja kaheksa Intermarch\u00e9-Wanty organisatsioonist<\/span><button class=\"xap-inline-dialog citation-marker ng-star-inserted\" aria-haspopup=\"dialog\" aria-describedby=\"cdk-describedby-message-ng-1-20\" data-disabled=\"false\"><\/button><span class=\"ng-star-inserted\" data-start-index=\"1769\">.<\/span><\/p>\n<p>&nbsp;<\/p>\n<\/div>\n<div data-start-index=\"1286\"><\/div>\n<h2 class=\"paragraph heading3 ng-star-inserted\" data-start-index=\"1770\"><strong><span class=\"ng-star-inserted\" data-start-index=\"1770\">Noorte talentide arendamine on peamine tugisammas<\/span><\/strong><\/h2>\n<div class=\"paragraph normal ng-star-inserted\" data-start-index=\"1819\"><span class=\"ng-star-inserted\" data-start-index=\"1819\">Lotto-Intermarch\u00e9 meeskond on erakordselt noor: <\/span><b class=\"ng-star-inserted\" data-start-index=\"1867\">20 s\u00f5itjat 30-st on 25-aastased v\u00f5i nooremad<\/b><span class=\"ng-star-inserted\" data-start-index=\"1911\">, ning vaid kolm ratturit on vanemad kui 30<\/span><button class=\"xap-inline-dialog citation-marker ng-star-inserted\" aria-haspopup=\"dialog\" aria-describedby=\"cdk-describedby-message-ng-1-20\" data-disabled=\"false\"><\/button><span class=\"ng-star-inserted\" data-start-index=\"1954\">. Spordijuht Kurt Van de Wouwer kinnitas, et noorte talentide arendamisse investeerimine j\u00e4\u00e4b uuendatud struktuuri \u00fcheks peamiseks tugisambaks<\/span><button class=\"xap-inline-dialog citation-marker ng-star-inserted\" aria-haspopup=\"dialog\" aria-describedby=\"cdk-describedby-message-ng-1-20\" data-disabled=\"false\"><\/button><button class=\"xap-inline-dialog citation-marker ng-star-inserted\" aria-haspopup=\"dialog\" aria-describedby=\"cdk-describedby-message-ng-1-20\" data-disabled=\"false\"><\/button><span class=\"ng-star-inserted\" data-start-index=\"2096\">.<\/span><\/div>\n<div class=\"paragraph normal ng-star-inserted\" data-start-index=\"2097\"><span class=\"ng-star-inserted\" data-start-index=\"2097\">Meeskonnaga liituvad \u00e4sja U23 Euroopa meistriks kroonitud <\/span><b class=\"ng-star-inserted\" data-start-index=\"2155\">Jarno Widar<\/b><span class=\"ng-star-inserted\" data-start-index=\"2166\"> ning <\/span><b class=\"ng-star-inserted\" data-start-index=\"2172\">Huub Artz<\/b><span class=\"ng-star-inserted\" data-start-index=\"2181\"> ja 19-aastane <\/span><b class=\"ng-star-inserted\" data-start-index=\"2196\">Felix \u00d8rn-Kristoff<\/b><span class=\"ng-star-inserted\" data-start-index=\"2214\">, kes on samuti endised Euroopa meistrid noortekategooriates<\/span><button class=\"xap-inline-dialog citation-marker ng-star-inserted\" aria-haspopup=\"dialog\" aria-describedby=\"cdk-describedby-message-ng-1-20\" data-disabled=\"false\"><\/button><span class=\"ng-star-inserted\" data-start-index=\"2274\">. Van de Wouwer lisas, et arendusmeeskonnad on viimastel hooaegadel profiridadesse toonud \u00fcle 26 s\u00f5itja, mis demonstreerib nende programmide kvaliteeti<\/span><button class=\"xap-inline-dialog citation-marker ng-star-inserted\" aria-haspopup=\"dialog\" aria-describedby=\"cdk-describedby-message-ng-1-20\" data-disabled=\"false\"><\/button><span class=\"ng-star-inserted\" data-start-index=\"2425\">.<\/span><\/div>\n<div class=\"paragraph normal ng-star-inserted\" data-start-index=\"2426\">\n<p><span class=\"ng-star-inserted\" data-start-index=\"2426\">Meeskonnaga j\u00e4tkavad 23-aastane <\/span><b class=\"ng-star-inserted\" data-start-index=\"2458\">Arnaud de Lie<\/b><span class=\"ng-star-inserted\" data-start-index=\"2471\">, kes v\u00f5itis sel aastal Renewi Touri, Grand Prix de Wallonie ja Bretagne Classici<\/span><button class=\"xap-inline-dialog citation-marker ng-star-inserted\" aria-haspopup=\"dialog\" aria-describedby=\"cdk-describedby-message-ng-1-20\" data-disabled=\"false\"><\/button><span class=\"ng-star-inserted\" data-start-index=\"2552\">. Samuti j\u00e4tkab Lotto paljulubav 24-aastane m\u00e4gironija <\/span><b class=\"ng-star-inserted\" data-start-index=\"2607\">Lennert Van Eetvelt<\/b><span class=\"ng-star-inserted\" data-start-index=\"2626\">, kes saab p\u00e4rast Tour de France\u2019i kukkumisvigastustest taastumist v\u00f5imaluse end t\u00f5estada<\/span><button class=\"xap-inline-dialog citation-marker ng-star-inserted\" aria-haspopup=\"dialog\" aria-describedby=\"cdk-describedby-message-ng-1-20\" data-disabled=\"false\"><\/button><span class=\"ng-star-inserted\" data-start-index=\"2715\">.<\/span><\/p>\n<p>&nbsp;<\/p>\n<\/div>\n<div data-start-index=\"2426\"><\/div>\n<h2 class=\"paragraph heading3 ng-star-inserted\" data-start-index=\"2716\"><strong><span class=\"ng-star-inserted\" data-start-index=\"2716\">Eesti meister liitub Pro Teami naiskonnaga<\/span><\/strong><\/h2>\n<div class=\"paragraph normal ng-star-inserted\" data-start-index=\"2758\"><span class=\"ng-star-inserted\" data-start-index=\"2758\">Suureks uudiseks on UCI Women\u2019s Pro Teami staatuse saamine naiste Lotto-Intermarch\u00e9 tiimile<\/span><button class=\"xap-inline-dialog citation-marker ng-star-inserted\" aria-haspopup=\"dialog\" aria-describedby=\"cdk-describedby-message-ng-1-20\" data-disabled=\"false\"><\/button><span class=\"ng-star-inserted\" data-start-index=\"2831\">. ProTeam on rattaspordi teine tipptase, mis asub WorldTourist aste madalamal, kuid koondab tugeva konkurentsiv\u00f5ime ja suuremad ressursid kui Continental-taseme tiimid<\/span><button class=\"xap-inline-dialog citation-marker ng-star-inserted\" aria-haspopup=\"dialog\" aria-describedby=\"cdk-describedby-message-ng-1-20\" data-disabled=\"false\"><\/button><span class=\"ng-star-inserted\" data-start-index=\"2985\">.<\/span><\/div>\n<div class=\"paragraph normal ng-star-inserted\" data-start-index=\"2986\"><span class=\"ng-star-inserted\" data-start-index=\"2986\">Lotto-Intermarch\u00e9 14-liikmelise naiskonna koosseisu kuulub ka grupis\u00f5idu valitsev <\/span><b class=\"ng-star-inserted\" data-start-index=\"3068\">Eesti meister, 21-aastane Elisabeth Ebras<\/b><button class=\"xap-inline-dialog citation-marker ng-star-inserted\" aria-haspopup=\"dialog\" aria-describedby=\"cdk-describedby-message-ng-1-20\" data-disabled=\"false\"><\/button><button class=\"xap-inline-dialog citation-marker ng-star-inserted\" aria-haspopup=\"dialog\" aria-describedby=\"cdk-describedby-message-ng-1-20\" data-disabled=\"false\"><\/button><span class=\"ng-star-inserted\" data-start-index=\"3109\">. Ebras s\u00f5itis eelmisel aastal Continental-tasemel BePink \u2013 Immatra \u2013 Bongioanni naiskonnas<\/span><button class=\"xap-inline-dialog citation-marker ng-star-inserted\" aria-haspopup=\"dialog\" aria-describedby=\"cdk-describedby-message-ng-1-20\" data-disabled=\"false\"><\/button><span class=\"ng-star-inserted\" data-start-index=\"3200\">.<\/span><\/div>\n<div data-start-index=\"2986\">\n<figure id=\"attachment_3319\" aria-describedby=\"caption-attachment-3319\" style=\"width: 1276px\" class=\"wp-caption aligncenter\"><a href=\"https:\/\/d2p6e6u75xmxt8.cloudfront.net\/15\/2025\/12\/ebras.webp\"><img loading=\"lazy\" decoding=\"async\" class=\"wp-image-3319 size-full\" src=\"https:\/\/d2p6e6u75xmxt8.cloudfront.net\/15\/2025\/12\/ebras.webp\" alt=\"\" width=\"1276\" height=\"841\" srcset=\"https:\/\/d2p6e6u75xmxt8.cloudfront.net\/15\/2025\/12\/ebras.webp 1276w, https:\/\/d2p6e6u75xmxt8.cloudfront.net\/15\/2025\/12\/ebras-300x198.webp 300w, https:\/\/d2p6e6u75xmxt8.cloudfront.net\/15\/2025\/12\/ebras-1024x675.webp 1024w, https:\/\/d2p6e6u75xmxt8.cloudfront.net\/15\/2025\/12\/ebras-768x506.webp 768w, https:\/\/d2p6e6u75xmxt8.cloudfront.net\/15\/2025\/12\/ebras-400x264.webp 400w\" sizes=\"auto, (max-width: 1276px) 100vw, 1276px\" \/><\/a><figcaption id=\"caption-attachment-3319\" class=\"wp-caption-text\">Elisabeth Ebras (foto Eesti Jalgratturite liidu kodulehelt)<\/figcaption><\/figure>\n<\/div>\n<div class=\"paragraph normal ng-star-inserted\" data-start-index=\"3201\"><span class=\"ng-star-inserted\" data-start-index=\"3201\">Ebrase senised 2024. aasta m\u00e4rkimisv\u00e4\u00e4rsed tulemused:<\/span><\/div>\n<ul>\n<li><span class=\"ng-star-inserted\">\u00a0\u00a0\u00a0\u00a015. <\/span><span class=\"ng-star-inserted\" data-start-index=\"3254\">kohad kuni 23-aastaste naiste tempo- ja grupis\u00f5idus maailmameistriv\u00f5istlustel (MM-il)<\/span><button class=\"xap-inline-dialog citation-marker ng-star-inserted\" aria-haspopup=\"dialog\" aria-describedby=\"cdk-describedby-message-ng-1-20\" data-disabled=\"false\"><\/button><span class=\"ng-star-inserted\" data-start-index=\"3339\">.<\/span><\/li>\n<li><span class=\"ng-star-inserted\">\u00a0\u00a0\u00a0\u00a017. <\/span><span class=\"ng-star-inserted\" data-start-index=\"3340\">koht World Touri \u00fchep\u00e4evas\u00f5idul Tour of Guangxi<\/span><button class=\"xap-inline-dialog citation-marker ng-star-inserted\" aria-haspopup=\"dialog\" aria-describedby=\"cdk-describedby-message-ng-1-20\" data-disabled=\"false\"><\/button><span class=\"ng-star-inserted\" data-start-index=\"3387\">.<\/span><\/li>\n<li><span class=\"ng-star-inserted\">\u00a0\u00a0\u00a0\u00a021. <\/span><span class=\"ng-star-inserted\" data-start-index=\"3388\">koht Giro d\u2019Italia viiendalt etapilt<\/span><button class=\"xap-inline-dialog citation-marker ng-star-inserted\" aria-haspopup=\"dialog\" aria-describedby=\"cdk-describedby-message-ng-1-20\" data-disabled=\"false\"><\/button><span class=\"ng-star-inserted\" data-start-index=\"3424\">.<\/span><\/li>\n<li><span class=\"ng-star-inserted\">\u00a0\u00a0\u00a0\u00a09. <\/span><span class=\"ng-star-inserted\" data-start-index=\"3425\">koht UCI 1.Pro v\u00f5istluselt Antwerp Port Epic Ladies<\/span><button class=\"xap-inline-dialog citation-marker ng-star-inserted\" aria-haspopup=\"dialog\" aria-describedby=\"cdk-describedby-message-ng-1-20\" data-disabled=\"false\"><\/button><span class=\"ng-star-inserted\" data-start-index=\"3476\">.<\/span><\/li>\n<\/ul>\n<div class=\"paragraph normal ng-star-inserted\" data-start-index=\"3477\">\n<p><span class=\"ng-star-inserted\" data-start-index=\"3477\">Naiste tiimi t\u00e4iskoosseisu kuuluvad Ebrase k\u00f5rval veel Dina Boels, Julie Brouwers, Katrijn De Clercq, Romina Hinojosa Cruz, Marieke Meert, Annelies Nijssen, Linda Riedmann, Ilken Seynave, Sandrine Tas, Lea Lin Teutenberg, Anna Van Wersch, Sterre Vervloet ja Lani Wittenvrongel<\/span><button class=\"xap-inline-dialog citation-marker ng-star-inserted\" aria-haspopup=\"dialog\" aria-describedby=\"cdk-describedby-message-ng-1-20\" data-disabled=\"false\"><\/button><span class=\"ng-star-inserted\" data-start-index=\"3753\">.<\/span><\/p>\n<p>&nbsp;<\/p>\n<\/div>\n<div data-start-index=\"3477\"><\/div>\n<h2 class=\"paragraph heading3 ng-star-inserted\" data-start-index=\"3754\"><strong><span class=\"ng-star-inserted\" data-start-index=\"3754\">Oluline lahkumine<\/span><\/strong><\/h2>\n<figure id=\"attachment_3317\" aria-describedby=\"caption-attachment-3317\" style=\"width: 708px\" class=\"wp-caption aligncenter\"><a href=\"https:\/\/d2p6e6u75xmxt8.cloudfront.net\/15\/2025\/12\/girmai.webp\"><img loading=\"lazy\" decoding=\"async\" class=\"wp-image-3317 size-full\" src=\"https:\/\/d2p6e6u75xmxt8.cloudfront.net\/15\/2025\/12\/girmai.webp\" alt=\"\" width=\"708\" height=\"470\" srcset=\"https:\/\/d2p6e6u75xmxt8.cloudfront.net\/15\/2025\/12\/girmai.webp 708w, https:\/\/d2p6e6u75xmxt8.cloudfront.net\/15\/2025\/12\/girmai-300x199.webp 300w, https:\/\/d2p6e6u75xmxt8.cloudfront.net\/15\/2025\/12\/girmai-400x266.webp 400w, https:\/\/d2p6e6u75xmxt8.cloudfront.net\/15\/2025\/12\/girmai-272x182.webp 272w\" sizes=\"auto, (max-width: 708px) 100vw, 708px\" \/><\/a><figcaption id=\"caption-attachment-3317\" class=\"wp-caption-text\">NSN Cycling, meeskond, mida tunti varem nime all Israel\u2013Premier Tech, kinnitas, et on s\u00f5lminud lepingu 2024. aasta Tour de France&#8217;i rohelise s\u00e4rgi v\u00f5itja Biniam Girmayga kuni 2028. aastani. \u00a9 Profimedia<\/figcaption><\/figure>\n<div data-start-index=\"3754\"><\/div>\n<div class=\"paragraph normal ng-star-inserted\" data-start-index=\"3771\"><span class=\"ng-star-inserted\" data-start-index=\"3771\">Siiski ei liitunud uue koosseisuga \u00fcks Intermarch\u00e9-Wanty v\u00e4ga oluline liige: 2024. aasta Tour de France\u2019i rohelise s\u00e4rgi v\u00f5itja <\/span><b class=\"ng-star-inserted\" data-start-index=\"3899\">Biniam Girmay<\/b><button class=\"xap-inline-dialog citation-marker ng-star-inserted\" aria-haspopup=\"dialog\" aria-describedby=\"cdk-describedby-message-ng-1-20\" data-disabled=\"false\"><\/button><span class=\"ng-star-inserted\" data-start-index=\"3912\">. Eritrealane, kellest sai esimene Aafrika s\u00f5itja, kes selle saavutuse eestvedajaks oli, s\u00f5lmis kolmeaastase lepingu <a href=\"https:\/\/www.welovecycling.com\/wide\/2025\/12\/03\/girmay-signs-with-nsn-cycling-the-team-that-replaced-israel-premier-tech\/\">NSN Cyclinguga<\/a> (endise nimega Israel\u2013Premier Tech), mis kestab kuni 2028. aastani<\/span><button class=\"xap-inline-dialog citation-marker ng-star-inserted\" aria-haspopup=\"dialog\" aria-describedby=\"cdk-describedby-message-ng-1-20\" data-disabled=\"false\"><\/button><button class=\"xap-inline-dialog citation-marker ng-star-inserted\" aria-haspopup=\"dialog\" aria-describedby=\"cdk-describedby-message-ng-1-20\" data-disabled=\"false\"><\/button><span class=\"ng-star-inserted\" data-start-index=\"4110\">.<\/span><\/div>\n","protected":false},"excerpt":{"rendered":"<p>L\u00f5putuna tundunud kahe ajaloolise Belgia meeskonna \u00fchinemisprotsess on viimaks ametlikuks kuulutatud. P\u00e4ev p\u00e4rast seda, kui Rahvusvaheline Jalgrattaliit (UCI) lisas Lotto-Intermarch\u00e9 [&hellip;]<\/p>\n","protected":false},"author":174,"featured_media":3318,"comment_status":"open","ping_status":"open","sticky":false,"template":"","format":"standard","meta":{"footnotes":""},"categories":[39],"tags":[266,591,515,589,590,518],"global-categories":[22],"class_list":["post-3316","post","type-post","status-publish","format-standard","has-post-thumbnail","hentry","category-maanteesoit","tag-biniam-girmay","tag-elisabeth-ebras","tag-intermarche-wanty","tag-lotto-intermarche-team","tag-pro-cycling-team","tag-worldtour","global-categories-cycling"],"yoast_head":"<!-- This site is optimized with the Yoast SEO Premium plugin v25.3 (Yoast SEO v25.9) - https:\/\/yoast.com\/wordpress\/plugins\/seo\/ -->\n<title>N\u00fc\u00fcd on see ametlik: saa tuttavaks uue Lotto-Intermarch\u00e9 meeskonnaga - \u0160koda We Love Cycling - Estonia<\/title>\n<meta name=\"description\" content=\"L\u00f5putuna tundunud kahe ajaloolise Belgia meeskonna \u00fchinemisprotsess on viimaks ametlikuks kuulutatud. P\u00e4ev p\u00e4rast seda, kui Rahvusvaheline Jalgrattaliit (UCI) lisas Lotto-Intermarch\u00e9 nende World Touri meeskondade nimekirja, kellele anti litsents j\u00e4rgmiseks kolmeks aastaks, teatas \u00e4sja liitunud klubi pressiteatega oma 30-liikmelise meeskonna koosseisu. Lisaks meestkonnale esitleti ka Pro Teami litsentsiga naiste tiimi.\" \/>\n<meta name=\"robots\" content=\"index, follow, max-snippet:-1, max-image-preview:large, max-video-preview:-1\" \/>\n<link rel=\"canonical\" href=\"https:\/\/www.welovecycling.com\/ee\/2025\/12\/11\/nuud-on-see-ametlik-saa-tuttavaks-uue-lotto-intermarche-meeskonnaga\/\" \/>\n<meta property=\"og:locale\" content=\"et_EE\" \/>\n<meta property=\"og:type\" content=\"article\" \/>\n<meta property=\"og:title\" content=\"N\u00fc\u00fcd on see ametlik: saa tuttavaks uue Lotto-Intermarch\u00e9 meeskonnaga\" \/>\n<meta property=\"og:description\" content=\"L\u00f5putuna tundunud kahe ajaloolise Belgia meeskonna \u00fchinemisprotsess on viimaks ametlikuks kuulutatud. P\u00e4ev p\u00e4rast seda, kui Rahvusvaheline Jalgrattaliit (UCI) lisas Lotto-Intermarch\u00e9 nende World Touri meeskondade nimekirja, kellele anti litsents j\u00e4rgmiseks kolmeks aastaks, teatas \u00e4sja liitunud klubi pressiteatega oma 30-liikmelise meeskonna koosseisu. Lisaks meestkonnale esitleti ka Pro Teami litsentsiga naiste tiimi.\" \/>\n<meta property=\"og:url\" content=\"https:\/\/www.welovecycling.com\/ee\/2025\/12\/11\/nuud-on-see-ametlik-saa-tuttavaks-uue-lotto-intermarche-meeskonnaga\/\" \/>\n<meta property=\"og:site_name\" content=\"\u0160koda We Love Cycling - Estonia\" \/>\n<meta property=\"article:published_time\" content=\"2025-12-11T17:26:12+00:00\" \/>\n<meta property=\"og:image\" content=\"https:\/\/d2p6e6u75xmxt8.cloudfront.net\/15\/2025\/12\/lotto.webp\" \/>\n\t<meta property=\"og:image:width\" content=\"886\" \/>\n\t<meta property=\"og:image:height\" content=\"589\" \/>\n\t<meta property=\"og:image:type\" content=\"image\/webp\" \/>\n<meta name=\"author\" content=\"andre\" \/>\n<meta name=\"twitter:card\" content=\"summary_large_image\" \/>\n<meta name=\"twitter:label1\" content=\"Written by\" \/>\n\t<meta name=\"twitter:data1\" content=\"Siegfried Mortkowitz \/ Andre Kull \/ EJL\" \/>\n\t<meta name=\"twitter:label2\" content=\"Est. reading time\" \/>\n\t<meta name=\"twitter:data2\" content=\"3\" \/>\n<script type=\"application\/ld+json\" class=\"yoast-schema-graph\">{\"@context\":\"https:\/\/schema.org\",\"@graph\":[{\"@type\":\"WebPage\",\"@id\":\"https:\/\/www.welovecycling.com\/ee\/2025\/12\/11\/nuud-on-see-ametlik-saa-tuttavaks-uue-lotto-intermarche-meeskonnaga\/\",\"url\":\"https:\/\/www.welovecycling.com\/ee\/2025\/12\/11\/nuud-on-see-ametlik-saa-tuttavaks-uue-lotto-intermarche-meeskonnaga\/\",\"name\":\"N\u00fc\u00fcd on see ametlik: saa tuttavaks uue Lotto-Intermarch\u00e9 meeskonnaga - \u0160koda We Love Cycling - Estonia\",\"isPartOf\":{\"@id\":\"https:\/\/www.welovecycling.com\/ee\/#website\"},\"primaryImageOfPage\":{\"@id\":\"https:\/\/www.welovecycling.com\/ee\/2025\/12\/11\/nuud-on-see-ametlik-saa-tuttavaks-uue-lotto-intermarche-meeskonnaga\/#primaryimage\"},\"image\":{\"@id\":\"https:\/\/www.welovecycling.com\/ee\/2025\/12\/11\/nuud-on-see-ametlik-saa-tuttavaks-uue-lotto-intermarche-meeskonnaga\/#primaryimage\"},\"thumbnailUrl\":\"https:\/\/d2p6e6u75xmxt8.cloudfront.net\/15\/2025\/12\/lotto.webp\",\"datePublished\":\"2025-12-11T17:26:12+00:00\",\"author\":{\"@id\":\"https:\/\/www.welovecycling.com\/ee\/#\/schema\/person\/8b7101c4bd1b1ae9d3732ebb1e6caf57\"},\"description\":\"L\u00f5putuna tundunud kahe ajaloolise Belgia meeskonna \u00fchinemisprotsess on viimaks ametlikuks kuulutatud. P\u00e4ev p\u00e4rast seda, kui Rahvusvaheline Jalgrattaliit (UCI) lisas Lotto-Intermarch\u00e9 nende World Touri meeskondade nimekirja, kellele anti litsents j\u00e4rgmiseks kolmeks aastaks, teatas \u00e4sja liitunud klubi pressiteatega oma 30-liikmelise meeskonna koosseisu. Lisaks meestkonnale esitleti ka Pro Teami litsentsiga naiste tiimi.\",\"inLanguage\":\"et\",\"potentialAction\":[{\"@type\":\"ReadAction\",\"target\":[\"https:\/\/www.welovecycling.com\/ee\/2025\/12\/11\/nuud-on-see-ametlik-saa-tuttavaks-uue-lotto-intermarche-meeskonnaga\/\"]}]},{\"@type\":\"ImageObject\",\"inLanguage\":\"et\",\"@id\":\"https:\/\/www.welovecycling.com\/ee\/2025\/12\/11\/nuud-on-see-ametlik-saa-tuttavaks-uue-lotto-intermarche-meeskonnaga\/#primaryimage\",\"url\":\"https:\/\/d2p6e6u75xmxt8.cloudfront.net\/15\/2025\/12\/lotto.webp\",\"contentUrl\":\"https:\/\/d2p6e6u75xmxt8.cloudfront.net\/15\/2025\/12\/lotto.webp\",\"width\":886,\"height\":589},{\"@type\":\"WebSite\",\"@id\":\"https:\/\/www.welovecycling.com\/ee\/#website\",\"url\":\"https:\/\/www.welovecycling.com\/ee\/\",\"name\":\"\u0160koda We Love Cycling - Estonia\",\"description\":\"\",\"potentialAction\":[{\"@type\":\"SearchAction\",\"target\":{\"@type\":\"EntryPoint\",\"urlTemplate\":\"https:\/\/www.welovecycling.com\/ee\/?s={search_term_string}\"},\"query-input\":{\"@type\":\"PropertyValueSpecification\",\"valueRequired\":true,\"valueName\":\"search_term_string\"}}],\"inLanguage\":\"et\"},{\"@type\":\"Person\",\"@id\":\"https:\/\/www.welovecycling.com\/ee\/#\/schema\/person\/8b7101c4bd1b1ae9d3732ebb1e6caf57\",\"name\":\"andre\",\"image\":{\"@type\":\"ImageObject\",\"inLanguage\":\"et\",\"@id\":\"https:\/\/www.welovecycling.com\/ee\/#\/schema\/person\/image\/\",\"url\":\"https:\/\/secure.gravatar.com\/avatar\/0656b3224fe17b018f43b8a562625dd43d30827f027b2f62bc5a05711fec9a61?s=96&d=mm&r=g\",\"contentUrl\":\"https:\/\/secure.gravatar.com\/avatar\/0656b3224fe17b018f43b8a562625dd43d30827f027b2f62bc5a05711fec9a61?s=96&d=mm&r=g\",\"caption\":\"andre\"},\"url\":\"https:\/\/www.welovecycling.com\/ee\/author\/andre\/\"}]}<\/script>\n<!-- \/ Yoast SEO Premium plugin. -->","yoast_head_json":{"title":"N\u00fc\u00fcd on see ametlik: saa tuttavaks uue Lotto-Intermarch\u00e9 meeskonnaga - \u0160koda We Love Cycling - Estonia","description":"L\u00f5putuna tundunud kahe ajaloolise Belgia meeskonna \u00fchinemisprotsess on viimaks ametlikuks kuulutatud. P\u00e4ev p\u00e4rast seda, kui Rahvusvaheline Jalgrattaliit (UCI) lisas Lotto-Intermarch\u00e9 nende World Touri meeskondade nimekirja, kellele anti litsents j\u00e4rgmiseks kolmeks aastaks, teatas \u00e4sja liitunud klubi pressiteatega oma 30-liikmelise meeskonna koosseisu. Lisaks meestkonnale esitleti ka Pro Teami litsentsiga naiste tiimi.","robots":{"index":"index","follow":"follow","max-snippet":"max-snippet:-1","max-image-preview":"max-image-preview:large","max-video-preview":"max-video-preview:-1"},"canonical":"https:\/\/www.welovecycling.com\/ee\/2025\/12\/11\/nuud-on-see-ametlik-saa-tuttavaks-uue-lotto-intermarche-meeskonnaga\/","og_locale":"et_EE","og_type":"article","og_title":"N\u00fc\u00fcd on see ametlik: saa tuttavaks uue Lotto-Intermarch\u00e9 meeskonnaga","og_description":"L\u00f5putuna tundunud kahe ajaloolise Belgia meeskonna \u00fchinemisprotsess on viimaks ametlikuks kuulutatud. P\u00e4ev p\u00e4rast seda, kui Rahvusvaheline Jalgrattaliit (UCI) lisas Lotto-Intermarch\u00e9 nende World Touri meeskondade nimekirja, kellele anti litsents j\u00e4rgmiseks kolmeks aastaks, teatas \u00e4sja liitunud klubi pressiteatega oma 30-liikmelise meeskonna koosseisu. Lisaks meestkonnale esitleti ka Pro Teami litsentsiga naiste tiimi.","og_url":"https:\/\/www.welovecycling.com\/ee\/2025\/12\/11\/nuud-on-see-ametlik-saa-tuttavaks-uue-lotto-intermarche-meeskonnaga\/","og_site_name":"\u0160koda We Love Cycling - Estonia","article_published_time":"2025-12-11T17:26:12+00:00","og_image":[{"width":886,"height":589,"url":"https:\/\/d2p6e6u75xmxt8.cloudfront.net\/15\/2025\/12\/lotto.webp","type":"image\/webp"}],"author":"andre","twitter_card":"summary_large_image","twitter_misc":{"Written by":"Siegfried Mortkowitz \/ Andre Kull \/ EJL","Est. reading time":"3"},"schema":{"@context":"https:\/\/schema.org","@graph":[{"@type":"WebPage","@id":"https:\/\/www.welovecycling.com\/ee\/2025\/12\/11\/nuud-on-see-ametlik-saa-tuttavaks-uue-lotto-intermarche-meeskonnaga\/","url":"https:\/\/www.welovecycling.com\/ee\/2025\/12\/11\/nuud-on-see-ametlik-saa-tuttavaks-uue-lotto-intermarche-meeskonnaga\/","name":"N\u00fc\u00fcd on see ametlik: saa tuttavaks uue Lotto-Intermarch\u00e9 meeskonnaga - \u0160koda We Love Cycling - Estonia","isPartOf":{"@id":"https:\/\/www.welovecycling.com\/ee\/#website"},"primaryImageOfPage":{"@id":"https:\/\/www.welovecycling.com\/ee\/2025\/12\/11\/nuud-on-see-ametlik-saa-tuttavaks-uue-lotto-intermarche-meeskonnaga\/#primaryimage"},"image":{"@id":"https:\/\/www.welovecycling.com\/ee\/2025\/12\/11\/nuud-on-see-ametlik-saa-tuttavaks-uue-lotto-intermarche-meeskonnaga\/#primaryimage"},"thumbnailUrl":"https:\/\/d2p6e6u75xmxt8.cloudfront.net\/15\/2025\/12\/lotto.webp","datePublished":"2025-12-11T17:26:12+00:00","author":{"@id":"https:\/\/www.welovecycling.com\/ee\/#\/schema\/person\/8b7101c4bd1b1ae9d3732ebb1e6caf57"},"description":"L\u00f5putuna tundunud kahe ajaloolise Belgia meeskonna \u00fchinemisprotsess on viimaks ametlikuks kuulutatud. P\u00e4ev p\u00e4rast seda, kui Rahvusvaheline Jalgrattaliit (UCI) lisas Lotto-Intermarch\u00e9 nende World Touri meeskondade nimekirja, kellele anti litsents j\u00e4rgmiseks kolmeks aastaks, teatas \u00e4sja liitunud klubi pressiteatega oma 30-liikmelise meeskonna koosseisu. Lisaks meestkonnale esitleti ka Pro Teami litsentsiga naiste tiimi.","inLanguage":"et","potentialAction":[{"@type":"ReadAction","target":["https:\/\/www.welovecycling.com\/ee\/2025\/12\/11\/nuud-on-see-ametlik-saa-tuttavaks-uue-lotto-intermarche-meeskonnaga\/"]}]},{"@type":"ImageObject","inLanguage":"et","@id":"https:\/\/www.welovecycling.com\/ee\/2025\/12\/11\/nuud-on-see-ametlik-saa-tuttavaks-uue-lotto-intermarche-meeskonnaga\/#primaryimage","url":"https:\/\/d2p6e6u75xmxt8.cloudfront.net\/15\/2025\/12\/lotto.webp","contentUrl":"https:\/\/d2p6e6u75xmxt8.cloudfront.net\/15\/2025\/12\/lotto.webp","width":886,"height":589},{"@type":"WebSite","@id":"https:\/\/www.welovecycling.com\/ee\/#website","url":"https:\/\/www.welovecycling.com\/ee\/","name":"\u0160koda We Love Cycling - Estonia","description":"","potentialAction":[{"@type":"SearchAction","target":{"@type":"EntryPoint","urlTemplate":"https:\/\/www.welovecycling.com\/ee\/?s={search_term_string}"},"query-input":{"@type":"PropertyValueSpecification","valueRequired":true,"valueName":"search_term_string"}}],"inLanguage":"et"},{"@type":"Person","@id":"https:\/\/www.welovecycling.com\/ee\/#\/schema\/person\/8b7101c4bd1b1ae9d3732ebb1e6caf57","name":"andre","image":{"@type":"ImageObject","inLanguage":"et","@id":"https:\/\/www.welovecycling.com\/ee\/#\/schema\/person\/image\/","url":"https:\/\/secure.gravatar.com\/avatar\/0656b3224fe17b018f43b8a562625dd43d30827f027b2f62bc5a05711fec9a61?s=96&d=mm&r=g","contentUrl":"https:\/\/secure.gravatar.com\/avatar\/0656b3224fe17b018f43b8a562625dd43d30827f027b2f62bc5a05711fec9a61?s=96&d=mm&r=g","caption":"andre"},"url":"https:\/\/www.welovecycling.com\/ee\/author\/andre\/"}]}},"_links":{"self":[{"href":"https:\/\/www.welovecycling.com\/ee\/wp-json\/wp\/v2\/posts\/3316","targetHints":{"allow":["GET"]}}],"collection":[{"href":"https:\/\/www.welovecycling.com\/ee\/wp-json\/wp\/v2\/posts"}],"about":[{"href":"https:\/\/www.welovecycling.com\/ee\/wp-json\/wp\/v2\/types\/post"}],"author":[{"embeddable":true,"href":"https:\/\/www.welovecycling.com\/ee\/wp-json\/wp\/v2\/users\/174"}],"replies":[{"embeddable":true,"href":"https:\/\/www.welovecycling.com\/ee\/wp-json\/wp\/v2\/comments?post=3316"}],"version-history":[{"count":3,"href":"https:\/\/www.welovecycling.com\/ee\/wp-json\/wp\/v2\/posts\/3316\/revisions"}],"predecessor-version":[{"id":3322,"href":"https:\/\/www.welovecycling.com\/ee\/wp-json\/wp\/v2\/posts\/3316\/revisions\/3322"}],"wp:featuredmedia":[{"embeddable":true,"href":"https:\/\/www.welovecycling.com\/ee\/wp-json\/wp\/v2\/media\/3318"}],"wp:attachment":[{"href":"https:\/\/www.welovecycling.com\/ee\/wp-json\/wp\/v2\/media?parent=3316"}],"wp:term":[{"taxonomy":"category","embeddable":true,"href":"https:\/\/www.welovecycling.com\/ee\/wp-json\/wp\/v2\/categories?post=3316"},{"taxonomy":"post_tag","embeddable":true,"href":"https:\/\/www.welovecycling.com\/ee\/wp-json\/wp\/v2\/tags?post=3316"},{"taxonomy":"global-categories","embeddable":true,"href":"https:\/\/www.welovecycling.com\/ee\/wp-json\/wp\/v2\/global-categories?post=3316"}],"curies":[{"name":"wp","href":"https:\/\/api.w.org\/{rel}","templated":true}]}}